{"id":185,"date":"2022-12-11T12:48:59","date_gmt":"2022-12-11T11:48:59","guid":{"rendered":"https:\/\/blogg.svenskakyrkan.se\/insikten\/?p=185"},"modified":"2022-12-11T13:08:08","modified_gmt":"2022-12-11T12:08:08","slug":"generositet-och-omtanke","status":"publish","type":"post","link":"https:\/\/blogg.svenskakyrkan.se\/insikten\/2022\/12\/11\/generositet-och-omtanke\/","title":{"rendered":"Generositet och omtanke"},"content":{"rendered":"\n\n\n<figure class=\"wp-block-image size-large is-style-default\"><img loading=\"lazy\" decoding=\"async\" width=\"1024\" height=\"878\" src=\"https:\/\/blogg.svenskakyrkan.se\/insikten\/files\/2022\/12\/Skarmavbild-2022-12-11-kl.-12.47.29-1024x878.png\" alt=\"\" class=\"wp-image-187\" srcset=\"https:\/\/blogg.svenskakyrkan.se\/insikten\/files\/2022\/12\/Skarmavbild-2022-12-11-kl.-12.47.29-1024x878.png 1024w, https:\/\/blogg.svenskakyrkan.se\/insikten\/files\/2022\/12\/Skarmavbild-2022-12-11-kl.-12.47.29-300x257.png 300w, https:\/\/blogg.svenskakyrkan.se\/insikten\/files\/2022\/12\/Skarmavbild-2022-12-11-kl.-12.47.29-768x658.png 768w, https:\/\/blogg.svenskakyrkan.se\/insikten\/files\/2022\/12\/Skarmavbild-2022-12-11-kl.-12.47.29-1536x1316.png 1536w, https:\/\/blogg.svenskakyrkan.se\/insikten\/files\/2022\/12\/Skarmavbild-2022-12-11-kl.-12.47.29-1200x1028.png 1200w, https:\/\/blogg.svenskakyrkan.se\/insikten\/files\/2022\/12\/Skarmavbild-2022-12-11-kl.-12.47.29.png 1944w\" sizes=\"auto, (max-width: 1024px) 100vw, 1024px\" \/><figcaption>Kerstin Sk\u00f6ld ansvarar f\u00f6r kollekthanteringen i Floby pastorat. H\u00e4r visar hon insamlingen till ACT Svenska kyrkan.<\/figcaption><\/figure>\n\n\n\n<p>Vid&nbsp;varje s\u00f6ndagsgudstj\u00e4nst tas det upp kollekt. Det inneb\u00e4r att kyrkan samlar in pengar till egna st\u00f6dprojekt eller f\u00f6r att ge dem vidare till n\u00e5gon organisation som arbetar med v\u00e4lg\u00f6renhet. Kollekt handlar om medm\u00e4nsklighet. Vi delar med oss av det vi har och samlar in pengar till ett utvalt \u00e4ndam\u00e5l.&nbsp;<\/p>\n\n\n\n<p>\u2013 Jag tror att vi m\u00e4nniskor vill vara gener\u00f6sa n\u00e4r vi kan, s\u00e4ger Kerstin. N\u00e4r man sitter i kyrkb\u00e4nken och h\u00f6r pr\u00e4sten l\u00e4sa upp dagens kollekt\u00e4ndam\u00e5l, d\u00e5 kanske man inte t\u00e4nker p\u00e5 arbetet bakom kulisserna innan pengarna kommer fram, forts\u00e4tter hon. H\u00e4r svarar hon p\u00e5 n\u00e5gra vanliga fr\u00e5gor om kollekter.&nbsp;<\/p>\n\n\n\n<h2 class=\"wp-block-heading\">Vem best\u00e4mmer \u00e4ndam\u00e5len f\u00f6r kollekterna?<\/h2>\n\n\n\n<p>\u2013 Det finns ett kollekt\u00e4ndam\u00e5l angivet f\u00f6r varje s\u00f6ndag under \u00e5ret. Vissa kollekter best\u00e4ms gemensamt f\u00f6r hela Svenska kyrkan (s\u00e5 kallad rikskollekt), det betyder att alla kollekter inom Svenska kyrkan den s\u00f6ndagen g\u00e5r till samma \u00e4ndam\u00e5l. Andra s\u00f6ndagar best\u00e4ms kollekten av det egna stiftet (stiftskollekt). I v\u00e5rt fall \u00e4r det Skara stift och d\u00e5 g\u00e5r kollekten till ett regionalt \u00e4ndam\u00e5l, till&nbsp;&nbsp;exempel Fl\u00e4msl\u00e4tts stiftsg\u00e5rd eller Skara stiftshistoriska s\u00e4llskap.&nbsp;&nbsp;F\u00f6r h\u00e4lften av alla s\u00f6ndagarna \u00e4r det f\u00f6rsamlingarna sj\u00e4lva som best\u00e4mmer vart kollekten ska g\u00e5 (f\u00f6rsamlingskollekt).<\/p>\n\n\n\n<p>\u2013 I Floby pastorat har vi tre f\u00f6rsamlingar; Floby, Kinneved och \u00c5sarp. Det \u00e4r f\u00f6rsamlingsr\u00e5den i respektive f\u00f6rsamling som best\u00e4mmer vilka kollekt\u00e4ndam\u00e5len ska vara. Man beslutar f\u00f6r ett \u00e5r i taget och f\u00f6rsamlingarna v\u00e4ljer fritt vart de vill att f\u00f6rsamlingskollekten ska g\u00e5. Floby och \u00c5sarps f\u00f6rsamlingar har under n\u00e5gra \u00e5r valt att skicka pengar till de s\u00e5 kallade Mentormammorna genom ACT Svenska kyrkan, p\u00e5 samma s\u00e4tt har Kinneveds f\u00f6rsamling st\u00f6ttat ett projekt i Tanzania. F\u00f6rsamlingarna brukar \u00e4ven v\u00e4lja att st\u00f6tta den lokala diakonin och Hela m\u00e4nniskan RIA i Falk\u00f6ping, samt den lokala verksamheten inom Svenska kyrkans unga.&nbsp;<\/p>\n\n\n\n<p>\u2013 Under jultiden fr\u00e5n F\u00f6rsta advent till Trettondedag jul p\u00e5g\u00e5r ACT Svenska kyrkans julkampanj \u201dBryt en tradition\u201d. Under den perioden l\u00e4mnas flertalet av kollekterna till julkampanjen.&nbsp;<\/p>\n\n\n\n<h2 class=\"wp-block-heading\">Kan man ge kollekt utan kontanter?&nbsp;<\/h2>\n\n\n\n<p>\u2013 Ja, i Floby pastorat kan man ge kollekt via Swish. D\u00e5 swishar man ett valfritt belopp till f\u00f6rsamlingens swish-nummer och skriver i meddelandet att det avser kollekt. Man kan g\u00e4rna skriva vilken kyrka eller f\u00f6rsamling som kollekten avser, det underl\u00e4ttar administrationen eftersom det blir enklare att sortera swish-inbetalningarna.&nbsp;&nbsp;\u2013Om vi inte p\u00e5 n\u00e5got s\u00e4tt kan r\u00e4kna ut vart en swish-inbetalning ska g\u00e5, s\u00e5 skickar vi den till ACT Svenska kyrkans generella insamlingskonto.&nbsp;<\/p>\n\n\n\n<h2 class=\"wp-block-heading\">Hur vet man att pengarna g\u00e5r till r\u00e4tt saker?&nbsp;<\/h2>\n\n\n\n<p>\u2013 Alla pengar, b\u00e5de kontanter och swish-inbetalningar, kontrolleras v\u00e4ldigt noga. N\u00e4r kollekten samlas in vid en gudstj\u00e4nst \u00e4r det tre personer inblandade i att r\u00e4kna och dubbelkolla och de f\u00f6r protokoll. Beloppen som skickas via Swish kontrolleras mot kontoutdrag. Alla siffror registreras sen i ett nationellt register.&nbsp;&nbsp;L\u00f6pande internkontroller g\u00f6rs av v\u00e5r ekonom p\u00e5 servicebyr\u00e5n och d\u00e4refter av revisorerna som beg\u00e4r ut listor \u00f6ver kollekterna. Det kollas p\u00e5 m\u00e5nga h\u00e5ll, s\u00e5 ingen kan fuska med pengarna, utan siffrorna kontrolleras noga s\u00e5 att ingenting gl\u00f6ms bort eller missas.&nbsp;<\/p>\n\n\n\n<p>\u2013 Ibland vill givaren att pengarna ska g\u00e5 till n\u00e5gon specifik insats eller plats, som till exempel Ukraina. Men om kollekten g\u00e5r till exempelvis ACT Svenska kyrkans katastrofinsamling s\u00e5 kan varken givaren eller vi p\u00e5 pastoratsexpeditionen v\u00e4lja s\u00e5 specifikt. Vi f\u00e5r lita p\u00e5 att ACT f\u00f6rdelar pengarna dit de beh\u00f6vs mest.&nbsp;<\/p>\n\n\n\n<h2 class=\"wp-block-heading\">Tar kyrkan n\u00e5gon andel av de insamlade pengarna?&nbsp;<\/h2>\n\n\n\n<p>\u2013 Nej, varje \u00f6re som ges i kollekt g\u00e5r vidare till \u00e4ndam\u00e5let. Kyrkan tar inte ut n\u00e5gon avgift f\u00f6r administration eller liknande. S\u00e5 n\u00e4r du l\u00e4gger pengar i kollekten kan du lita p\u00e5 att allt kommer till \u00e4ndam\u00e5let.&nbsp;<\/p>\n\n\n\n<h2 class=\"wp-block-heading\">Hur mycket pengar samlas in?&nbsp;<\/h2>\n\n\n\n<p>\u2013 Det \u00e4r olika hur mycket pengar som ges i kollekt. Det varierar mellan olika tider p\u00e5 \u00e5ret och mellan olika \u00e4ndam\u00e5l. Nyligen var det allhelgonahelgen, och d\u00e5 kom det in \u00f6ver hundra swish-ins\u00e4ttningar bara under den helgen. Det \u00e4r mer \u00e4n vanligt. Jag tror att m\u00e5nga swishade n\u00e4r de bes\u00f6kte sin kyrka f\u00f6r att t\u00e4nda ljus. Det var v\u00e4ldigt vackert gjort!<\/p>\n\n\n\n<p>\u2013 Under ett helt \u00e5r blir det mycket pengar och det k\u00e4nns roligt. Pandemi\u00e5ren var sv\u00e5ra p\u00e5 m\u00e5nga s\u00e4tt, och det m\u00e4rktes ocks\u00e5 p\u00e5 kollekterna. N\u00e4r vi inte hade s\u00e5 m\u00e5nga gudstj\u00e4nster s\u00e5 sj\u00f6nk beloppen kraftigt.&nbsp;&nbsp;<\/p>\n\n\n\n<p>\u2013 N\u00e4r jag tittar i registret ser jag att vi hittills under 2022 har samlat in totalt 140.000 kr i kollekt. Det \u00e4r n\u00e4stan exakt samma siffra som under 2019. D\u00e4remot syns nedg\u00e5ngen tydligt under 2020 och 2021, d\u00e5 var motsvarande siffra ungef\u00e4r 90.000. Allts\u00e5 kan vi se att kollekterna nu har \u00e5terh\u00e4mtat sig till samma niv\u00e5 som f\u00f6re pandemin.<\/p>\n\n\n\n<p>\u2013 Dessutom g\u00e5r det s\u00e5klart att ge pengar direkt till olika organisationer, och d\u00e5 syns in beloppen i v\u00e5r statistik. Det kan till exempel vara om man swishar direkt till ACT Svenska kyrkan under julkampanjen.<\/p>\n\n\n\n<p><\/p>\n\n\n\n<p>&#8230;&#8230;&#8230;&#8230;&#8230;&#8230;&#8230;<\/p>\n\n\n\n<p>Texten publicerades f\u00f6rsta g\u00e5ngen i Insikten nummer 5 2022.<\/p>\n","protected":false},"excerpt":{"rendered":"<p>Vid&nbsp;varje s\u00f6ndagsgudstj\u00e4nst tas det upp kollekt. Det inneb\u00e4r att kyrkan samlar in pengar till egna st\u00f6dprojekt eller f\u00f6r att ge dem vidare till n\u00e5gon organisation som arbetar med v\u00e4lg\u00f6renhet. Kollekt handlar om medm\u00e4nsklighet. Vi delar med oss av det vi har och samlar in pengar till ett utvalt \u00e4ndam\u00e5l.&nbsp; \u2013 Jag tror att vi m\u00e4nniskor [&hellip;]<\/p>\n","protected":false},"author":250,"featured_media":187,"comment_status":"open","ping_status":"open","sticky":false,"template":"","format":"standard","meta":{"_acf_changed":false,"footnotes":""},"categories":[3,7],"tags":[],"class_list":["post-185","post","type-post","status-publish","format-standard","has-post-thumbnail","hentry","category-diakoni","category-engagemang"],"acf":[],"yoast_head":"<!-- This site is optimized with the Yoast SEO plugin v27.1.1 - https:\/\/yoast.com\/product\/yoast-seo-wordpress\/ -->\n<title>Generositet och omtanke - Insikten - Floby pastorat<\/title>\n<meta name=\"robots\" content=\"index, follow, max-snippet:-1, max-image-preview:large, max-video-preview:-1\" \/>\n<link rel=\"canonical\" href=\"https:\/\/blogg.svenskakyrkan.se\/insikten\/2022\/12\/11\/generositet-och-omtanke\/\" \/>\n<meta property=\"og:locale\" content=\"sv_SE\" \/>\n<meta property=\"og:type\" content=\"article\" \/>\n<meta property=\"og:title\" content=\"Generositet och omtanke - Insikten - Floby pastorat\" \/>\n<meta property=\"og:description\" content=\"Vid&nbsp;varje s\u00f6ndagsgudstj\u00e4nst tas det upp kollekt. Det inneb\u00e4r att kyrkan samlar in pengar till egna st\u00f6dprojekt eller f\u00f6r att ge dem vidare till n\u00e5gon organisation som arbetar med v\u00e4lg\u00f6renhet. Kollekt handlar om medm\u00e4nsklighet. Vi delar med oss av det vi har och samlar in pengar till ett utvalt \u00e4ndam\u00e5l.&nbsp; \u2013 Jag tror att vi m\u00e4nniskor [&hellip;]\" \/>\n<meta property=\"og:url\" content=\"https:\/\/blogg.svenskakyrkan.se\/insikten\/2022\/12\/11\/generositet-och-omtanke\/\" \/>\n<meta property=\"og:site_name\" content=\"Insikten - Floby pastorat\" \/>\n<meta property=\"article:published_time\" content=\"2022-12-11T11:48:59+00:00\" \/>\n<meta property=\"article:modified_time\" content=\"2022-12-11T12:08:08+00:00\" \/>\n<meta property=\"og:image\" content=\"https:\/\/blogg.svenskakyrkan.se\/insikten\/files\/2022\/12\/Skarmavbild-2022-12-11-kl.-12.47.29-1024x878.png\" \/>\n\t<meta property=\"og:image:width\" content=\"1024\" \/>\n\t<meta property=\"og:image:height\" content=\"878\" \/>\n\t<meta property=\"og:image:type\" content=\"image\/png\" \/>\n<meta name=\"author\" content=\"Floby pastorat\" \/>\n<meta name=\"twitter:card\" content=\"summary_large_image\" \/>\n<meta name=\"twitter:label1\" content=\"Skriven av\" \/>\n\t<meta name=\"twitter:data1\" content=\"Floby pastorat\" \/>\n\t<meta name=\"twitter:label2\" content=\"Ber\u00e4knad l\u00e4stid\" \/>\n\t<meta name=\"twitter:data2\" content=\"5 minuter\" \/>\n<script type=\"application\/ld+json\" class=\"yoast-schema-graph\">{\"@context\":\"https:\/\/schema.org\",\"@graph\":[{\"@type\":\"Article\",\"@id\":\"https:\/\/blogg.svenskakyrkan.se\/insikten\/2022\/12\/11\/generositet-och-omtanke\/#article\",\"isPartOf\":{\"@id\":\"https:\/\/blogg.svenskakyrkan.se\/insikten\/2022\/12\/11\/generositet-och-omtanke\/\"},\"author\":{\"name\":\"Floby pastorat\",\"@id\":\"https:\/\/blogg.svenskakyrkan.se\/insikten\/#\/schema\/person\/5081f68a0318ddb64c879f7bc416ce8c\"},\"headline\":\"Generositet och omtanke\",\"datePublished\":\"2022-12-11T11:48:59+00:00\",\"dateModified\":\"2022-12-11T12:08:08+00:00\",\"mainEntityOfPage\":{\"@id\":\"https:\/\/blogg.svenskakyrkan.se\/insikten\/2022\/12\/11\/generositet-och-omtanke\/\"},\"wordCount\":964,\"commentCount\":0,\"image\":{\"@id\":\"https:\/\/blogg.svenskakyrkan.se\/insikten\/2022\/12\/11\/generositet-och-omtanke\/#primaryimage\"},\"thumbnailUrl\":\"https:\/\/blogg.svenskakyrkan.se\/insikten\/files\/2022\/12\/Skarmavbild-2022-12-11-kl.-12.47.29.png\",\"articleSection\":[\"Diakoni\",\"Engagemang\"],\"inLanguage\":\"sv-SE\",\"potentialAction\":[{\"@type\":\"CommentAction\",\"name\":\"Comment\",\"target\":[\"https:\/\/blogg.svenskakyrkan.se\/insikten\/2022\/12\/11\/generositet-och-omtanke\/#respond\"]}]},{\"@type\":\"WebPage\",\"@id\":\"https:\/\/blogg.svenskakyrkan.se\/insikten\/2022\/12\/11\/generositet-och-omtanke\/\",\"url\":\"https:\/\/blogg.svenskakyrkan.se\/insikten\/2022\/12\/11\/generositet-och-omtanke\/\",\"name\":\"Generositet och omtanke - Insikten - Floby pastorat\",\"isPartOf\":{\"@id\":\"https:\/\/blogg.svenskakyrkan.se\/insikten\/#website\"},\"primaryImageOfPage\":{\"@id\":\"https:\/\/blogg.svenskakyrkan.se\/insikten\/2022\/12\/11\/generositet-och-omtanke\/#primaryimage\"},\"image\":{\"@id\":\"https:\/\/blogg.svenskakyrkan.se\/insikten\/2022\/12\/11\/generositet-och-omtanke\/#primaryimage\"},\"thumbnailUrl\":\"https:\/\/blogg.svenskakyrkan.se\/insikten\/files\/2022\/12\/Skarmavbild-2022-12-11-kl.-12.47.29.png\",\"datePublished\":\"2022-12-11T11:48:59+00:00\",\"dateModified\":\"2022-12-11T12:08:08+00:00\",\"author\":{\"@id\":\"https:\/\/blogg.svenskakyrkan.se\/insikten\/#\/schema\/person\/5081f68a0318ddb64c879f7bc416ce8c\"},\"breadcrumb\":{\"@id\":\"https:\/\/blogg.svenskakyrkan.se\/insikten\/2022\/12\/11\/generositet-och-omtanke\/#breadcrumb\"},\"inLanguage\":\"sv-SE\",\"potentialAction\":[{\"@type\":\"ReadAction\",\"target\":[\"https:\/\/blogg.svenskakyrkan.se\/insikten\/2022\/12\/11\/generositet-och-omtanke\/\"]}]},{\"@type\":\"ImageObject\",\"inLanguage\":\"sv-SE\",\"@id\":\"https:\/\/blogg.svenskakyrkan.se\/insikten\/2022\/12\/11\/generositet-och-omtanke\/#primaryimage\",\"url\":\"https:\/\/blogg.svenskakyrkan.se\/insikten\/files\/2022\/12\/Skarmavbild-2022-12-11-kl.-12.47.29.png\",\"contentUrl\":\"https:\/\/blogg.svenskakyrkan.se\/insikten\/files\/2022\/12\/Skarmavbild-2022-12-11-kl.-12.47.29.png\",\"width\":1944,\"height\":1666},{\"@type\":\"BreadcrumbList\",\"@id\":\"https:\/\/blogg.svenskakyrkan.se\/insikten\/2022\/12\/11\/generositet-och-omtanke\/#breadcrumb\",\"itemListElement\":[{\"@type\":\"ListItem\",\"position\":1,\"name\":\"Hem\",\"item\":\"https:\/\/blogg.svenskakyrkan.se\/insikten\/\"},{\"@type\":\"ListItem\",\"position\":2,\"name\":\"Generositet och omtanke\"}]},{\"@type\":\"WebSite\",\"@id\":\"https:\/\/blogg.svenskakyrkan.se\/insikten\/#website\",\"url\":\"https:\/\/blogg.svenskakyrkan.se\/insikten\/\",\"name\":\"Insikten - Floby pastorat\",\"description\":\"Insikter, utsikter och emellan\u00e5t \u00e4ven \u00e5sikter fr\u00e5n Floby pastorat i Skara stift.\",\"potentialAction\":[{\"@type\":\"SearchAction\",\"target\":{\"@type\":\"EntryPoint\",\"urlTemplate\":\"https:\/\/blogg.svenskakyrkan.se\/insikten\/?s={search_term_string}\"},\"query-input\":{\"@type\":\"PropertyValueSpecification\",\"valueRequired\":true,\"valueName\":\"search_term_string\"}}],\"inLanguage\":\"sv-SE\"},{\"@type\":\"Person\",\"@id\":\"https:\/\/blogg.svenskakyrkan.se\/insikten\/#\/schema\/person\/5081f68a0318ddb64c879f7bc416ce8c\",\"name\":\"Floby pastorat\",\"image\":{\"@type\":\"ImageObject\",\"inLanguage\":\"sv-SE\",\"@id\":\"https:\/\/blogg.svenskakyrkan.se\/insikten\/#\/schema\/person\/image\/\",\"url\":\"https:\/\/secure.gravatar.com\/avatar\/c63a9fd4196da95cea4408b67893dbdb9ec52ef568ee59a4578ad766986bebcd?s=96&d=mm&r=g\",\"contentUrl\":\"https:\/\/secure.gravatar.com\/avatar\/c63a9fd4196da95cea4408b67893dbdb9ec52ef568ee59a4578ad766986bebcd?s=96&d=mm&r=g\",\"caption\":\"Floby pastorat\"},\"url\":\"https:\/\/blogg.svenskakyrkan.se\/insikten\/author\/helenataubner\/\"}]}<\/script>\n<!-- \/ Yoast SEO plugin. -->","yoast_head_json":{"title":"Generositet och omtanke - Insikten - Floby pastorat","robots":{"index":"index","follow":"follow","max-snippet":"max-snippet:-1","max-image-preview":"max-image-preview:large","max-video-preview":"max-video-preview:-1"},"canonical":"https:\/\/blogg.svenskakyrkan.se\/insikten\/2022\/12\/11\/generositet-och-omtanke\/","og_locale":"sv_SE","og_type":"article","og_title":"Generositet och omtanke - Insikten - Floby pastorat","og_description":"Vid&nbsp;varje s\u00f6ndagsgudstj\u00e4nst tas det upp kollekt. Det inneb\u00e4r att kyrkan samlar in pengar till egna st\u00f6dprojekt eller f\u00f6r att ge dem vidare till n\u00e5gon organisation som arbetar med v\u00e4lg\u00f6renhet. Kollekt handlar om medm\u00e4nsklighet. Vi delar med oss av det vi har och samlar in pengar till ett utvalt \u00e4ndam\u00e5l.&nbsp; \u2013 Jag tror att vi m\u00e4nniskor [&hellip;]","og_url":"https:\/\/blogg.svenskakyrkan.se\/insikten\/2022\/12\/11\/generositet-och-omtanke\/","og_site_name":"Insikten - Floby pastorat","article_published_time":"2022-12-11T11:48:59+00:00","article_modified_time":"2022-12-11T12:08:08+00:00","og_image":[{"width":1024,"height":878,"url":"https:\/\/blogg.svenskakyrkan.se\/insikten\/files\/2022\/12\/Skarmavbild-2022-12-11-kl.-12.47.29-1024x878.png","type":"image\/png"}],"author":"Floby pastorat","twitter_card":"summary_large_image","twitter_misc":{"Skriven av":"Floby pastorat","Ber\u00e4knad l\u00e4stid":"5 minuter"},"schema":{"@context":"https:\/\/schema.org","@graph":[{"@type":"Article","@id":"https:\/\/blogg.svenskakyrkan.se\/insikten\/2022\/12\/11\/generositet-och-omtanke\/#article","isPartOf":{"@id":"https:\/\/blogg.svenskakyrkan.se\/insikten\/2022\/12\/11\/generositet-och-omtanke\/"},"author":{"name":"Floby pastorat","@id":"https:\/\/blogg.svenskakyrkan.se\/insikten\/#\/schema\/person\/5081f68a0318ddb64c879f7bc416ce8c"},"headline":"Generositet och omtanke","datePublished":"2022-12-11T11:48:59+00:00","dateModified":"2022-12-11T12:08:08+00:00","mainEntityOfPage":{"@id":"https:\/\/blogg.svenskakyrkan.se\/insikten\/2022\/12\/11\/generositet-och-omtanke\/"},"wordCount":964,"commentCount":0,"image":{"@id":"https:\/\/blogg.svenskakyrkan.se\/insikten\/2022\/12\/11\/generositet-och-omtanke\/#primaryimage"},"thumbnailUrl":"https:\/\/blogg.svenskakyrkan.se\/insikten\/files\/2022\/12\/Skarmavbild-2022-12-11-kl.-12.47.29.png","articleSection":["Diakoni","Engagemang"],"inLanguage":"sv-SE","potentialAction":[{"@type":"CommentAction","name":"Comment","target":["https:\/\/blogg.svenskakyrkan.se\/insikten\/2022\/12\/11\/generositet-och-omtanke\/#respond"]}]},{"@type":"WebPage","@id":"https:\/\/blogg.svenskakyrkan.se\/insikten\/2022\/12\/11\/generositet-och-omtanke\/","url":"https:\/\/blogg.svenskakyrkan.se\/insikten\/2022\/12\/11\/generositet-och-omtanke\/","name":"Generositet och omtanke - Insikten - Floby pastorat","isPartOf":{"@id":"https:\/\/blogg.svenskakyrkan.se\/insikten\/#website"},"primaryImageOfPage":{"@id":"https:\/\/blogg.svenskakyrkan.se\/insikten\/2022\/12\/11\/generositet-och-omtanke\/#primaryimage"},"image":{"@id":"https:\/\/blogg.svenskakyrkan.se\/insikten\/2022\/12\/11\/generositet-och-omtanke\/#primaryimage"},"thumbnailUrl":"https:\/\/blogg.svenskakyrkan.se\/insikten\/files\/2022\/12\/Skarmavbild-2022-12-11-kl.-12.47.29.png","datePublished":"2022-12-11T11:48:59+00:00","dateModified":"2022-12-11T12:08:08+00:00","author":{"@id":"https:\/\/blogg.svenskakyrkan.se\/insikten\/#\/schema\/person\/5081f68a0318ddb64c879f7bc416ce8c"},"breadcrumb":{"@id":"https:\/\/blogg.svenskakyrkan.se\/insikten\/2022\/12\/11\/generositet-och-omtanke\/#breadcrumb"},"inLanguage":"sv-SE","potentialAction":[{"@type":"ReadAction","target":["https:\/\/blogg.svenskakyrkan.se\/insikten\/2022\/12\/11\/generositet-och-omtanke\/"]}]},{"@type":"ImageObject","inLanguage":"sv-SE","@id":"https:\/\/blogg.svenskakyrkan.se\/insikten\/2022\/12\/11\/generositet-och-omtanke\/#primaryimage","url":"https:\/\/blogg.svenskakyrkan.se\/insikten\/files\/2022\/12\/Skarmavbild-2022-12-11-kl.-12.47.29.png","contentUrl":"https:\/\/blogg.svenskakyrkan.se\/insikten\/files\/2022\/12\/Skarmavbild-2022-12-11-kl.-12.47.29.png","width":1944,"height":1666},{"@type":"BreadcrumbList","@id":"https:\/\/blogg.svenskakyrkan.se\/insikten\/2022\/12\/11\/generositet-och-omtanke\/#breadcrumb","itemListElement":[{"@type":"ListItem","position":1,"name":"Hem","item":"https:\/\/blogg.svenskakyrkan.se\/insikten\/"},{"@type":"ListItem","position":2,"name":"Generositet och omtanke"}]},{"@type":"WebSite","@id":"https:\/\/blogg.svenskakyrkan.se\/insikten\/#website","url":"https:\/\/blogg.svenskakyrkan.se\/insikten\/","name":"Insikten - Floby pastorat","description":"Insikter, utsikter och emellan\u00e5t \u00e4ven \u00e5sikter fr\u00e5n Floby pastorat i Skara stift.","potentialAction":[{"@type":"SearchAction","target":{"@type":"EntryPoint","urlTemplate":"https:\/\/blogg.svenskakyrkan.se\/insikten\/?s={search_term_string}"},"query-input":{"@type":"PropertyValueSpecification","valueRequired":true,"valueName":"search_term_string"}}],"inLanguage":"sv-SE"},{"@type":"Person","@id":"https:\/\/blogg.svenskakyrkan.se\/insikten\/#\/schema\/person\/5081f68a0318ddb64c879f7bc416ce8c","name":"Floby pastorat","image":{"@type":"ImageObject","inLanguage":"sv-SE","@id":"https:\/\/blogg.svenskakyrkan.se\/insikten\/#\/schema\/person\/image\/","url":"https:\/\/secure.gravatar.com\/avatar\/c63a9fd4196da95cea4408b67893dbdb9ec52ef568ee59a4578ad766986bebcd?s=96&d=mm&r=g","contentUrl":"https:\/\/secure.gravatar.com\/avatar\/c63a9fd4196da95cea4408b67893dbdb9ec52ef568ee59a4578ad766986bebcd?s=96&d=mm&r=g","caption":"Floby pastorat"},"url":"https:\/\/blogg.svenskakyrkan.se\/insikten\/author\/helenataubner\/"}]}},"author_meta":{"ID":"250","user_nicename":"helenataubner","user_registered":"2013-01-15 08:36:14","display_name":"Floby pastorat","avatar":"https:\/\/secure.gravatar.com\/avatar\/c63a9fd4196da95cea4408b67893dbdb9ec52ef568ee59a4578ad766986bebcd?s=96&d=mm&r=g"},"featured_image":["https:\/\/blogg.svenskakyrkan.se\/insikten\/files\/2022\/12\/Skarmavbild-2022-12-11-kl.-12.47.29-1024x878.png",1024,878,true],"bloginfo":{"name":"Insikten - Floby pastorat","url":"https:\/\/blogg.svenskakyrkan.se\/insikten"},"_links":{"self":[{"href":"https:\/\/blogg.svenskakyrkan.se\/insikten\/wp-json\/wp\/v2\/posts\/185","targetHints":{"allow":["GET"]}}],"collection":[{"href":"https:\/\/blogg.svenskakyrkan.se\/insikten\/wp-json\/wp\/v2\/posts"}],"about":[{"href":"https:\/\/blogg.svenskakyrkan.se\/insikten\/wp-json\/wp\/v2\/types\/post"}],"author":[{"embeddable":true,"href":"https:\/\/blogg.svenskakyrkan.se\/insikten\/wp-json\/wp\/v2\/users\/250"}],"replies":[{"embeddable":true,"href":"https:\/\/blogg.svenskakyrkan.se\/insikten\/wp-json\/wp\/v2\/comments?post=185"}],"version-history":[{"count":3,"href":"https:\/\/blogg.svenskakyrkan.se\/insikten\/wp-json\/wp\/v2\/posts\/185\/revisions"}],"predecessor-version":[{"id":195,"href":"https:\/\/blogg.svenskakyrkan.se\/insikten\/wp-json\/wp\/v2\/posts\/185\/revisions\/195"}],"wp:featuredmedia":[{"embeddable":true,"href":"https:\/\/blogg.svenskakyrkan.se\/insikten\/wp-json\/wp\/v2\/media\/187"}],"wp:attachment":[{"href":"https:\/\/blogg.svenskakyrkan.se\/insikten\/wp-json\/wp\/v2\/media?parent=185"}],"wp:term":[{"taxonomy":"category","embeddable":true,"href":"https:\/\/blogg.svenskakyrkan.se\/insikten\/wp-json\/wp\/v2\/categories?post=185"},{"taxonomy":"post_tag","embeddable":true,"href":"https:\/\/blogg.svenskakyrkan.se\/insikten\/wp-json\/wp\/v2\/tags?post=185"}],"curies":[{"name":"wp","href":"https:\/\/api.w.org\/{rel}","templated":true}]}}