{"id":193,"date":"2022-12-11T13:05:37","date_gmt":"2022-12-11T12:05:37","guid":{"rendered":"https:\/\/blogg.svenskakyrkan.se\/insikten\/?p=193"},"modified":"2022-12-11T13:05:38","modified_gmt":"2022-12-11T12:05:38","slug":"barn-och-stjarnor","status":"publish","type":"post","link":"https:\/\/blogg.svenskakyrkan.se\/insikten\/2022\/12\/11\/barn-och-stjarnor\/","title":{"rendered":"Barn och stj\u00e4rnor"},"content":{"rendered":"\n\n\n<p>Jag har alltid \u00e4lskat psalm 744 i psalmboken, sedan f\u00f6rsta g\u00e5ngen jag fick h\u00f6ra och sjunga den i en gudstj\u00e4nst.<\/p>\n\n\n\n<p><em>Barn och stj\u00e4rnor f\u00f6ds i m\u00f6rkret utan skydd av v\u00e5ld och<br>vapen. Mitt i m\u00f6rkret bjuder livet oss att v\u00e4xa som en l\u00e5ga.<\/em><\/p>\n\n\n\n<p>Med n\u00e5gra f\u00e5 rader lyckas Ylva Eggehorns psalmtext f\u00e5nga n\u00e5got av den undflyende st\u00e4mning som vi f\u00f6rknippar med julen, eller rent av n\u00e5got av h\u00f6gtidens innersta v\u00e4sen. Det handlar om m\u00f6rker och ljus, om ondskan i v\u00e4rlden och det skyddsl\u00f6sa barnet, om den \u00f6de rymden och livets mirakel. Det handlar om n\u00e5got som h\u00e4nde f\u00f6r l\u00e4nge sedan, men som ocks\u00e5 h\u00e4nder h\u00e4r och nu i mitt och i ditt liv.<\/p>\n\n\n\n<p><em>Ljuset b\u00e4r oss. Gud \u00e4r n\u00e4ra i ett litet barn som ser oss.<\/em><\/p>\n\n\n\n<p>I psalmens refr\u00e4ng riktas julens trotsiga budskap rakt in i den verklighet som \u00e4r v\u00e5r. Vi \u00e4r inte ensamma i m\u00f6rkret. \u00c4ven om det inte alltid k\u00e4nns s\u00e5 \u00e4r vi burna av n\u00e5gon som ser oss och \u00e4lskar oss, s\u00e5 som ett litet barn blir buret och \u00e4lskat. Det \u00e4r bara detta m\u00e4rkliga, att i julens ber\u00e4ttelse \u00e4r det barnet som ser och \u00e4lskar.&nbsp;<\/p>\n\n\n\n<p><em>B\u00e4r vi barnet i v\u00e5rt hj\u00e4rta blir vi bot f\u00f6r v\u00e4rldens pl\u00e5ga.<br>Gud \u00e4r hos oss, ljus i natten, f\u00f6r att hj\u00e4lpa oss att v\u00e5ga.<\/em><\/p>\n\n\n\n<p>I andra versen skiftar psalmen fokus, fr\u00e5n den k\u00e4rlek vi f\u00e5r ta emot till den k\u00e4rlek vi f\u00e5r ge vidare till andra. Det \u00e4r den andra och minst lika viktig sidan av julen, omtanken och givmildheten. Det \u00e4r inte en allm\u00e4n moralisk uppmaning till oss som firar jul, det \u00e4r en naturlig konsekvens f\u00f6r den som tar till sig h\u00f6gtidens innersta anda och budskap.<\/p>\n\n\n\n<p>I det h\u00e4r numret av Insikten kan du l\u00e4sa mer om julens budskap och om den omsorg om varandra, som \u00e4r h\u00f6gtidens budskap i praktiken. Hur du \u00e4n har det \u00f6nskar jag dig en god och v\u00e4lsignad jul! Gl\u00f6m aldrig psalmens ord:<\/p>\n\n\n\n<p><em>\u00a0Ljuset b\u00e4r oss. Gud \u00e4r n\u00e4ra i ett litet barn som ser oss.<\/em><\/p>\n\n\n\n<p><\/p>\n\n\n\n<p>&#8230;&#8230;&#8230;&#8230; <\/p>\n\n\n\n<p>Texten \u00e4r skriven av kyrkoherde Stefan Klint och den publicerades f\u00f6rsta g\u00e5ngen i Insikten nummer 5 2022. <\/p>\n","protected":false},"excerpt":{"rendered":"<p>Jag har alltid \u00e4lskat psalm 744 i psalmboken, sedan f\u00f6rsta g\u00e5ngen jag fick h\u00f6ra och sjunga den i en gudstj\u00e4nst. Barn och stj\u00e4rnor f\u00f6ds i m\u00f6rkret utan skydd av v\u00e5ld ochvapen. Mitt i m\u00f6rkret bjuder livet oss att v\u00e4xa som en l\u00e5ga. Med n\u00e5gra f\u00e5 rader lyckas Ylva Eggehorns psalmtext f\u00e5nga n\u00e5got av den undflyende [&hellip;]<\/p>\n","protected":false},"author":250,"featured_media":35,"comment_status":"open","ping_status":"open","sticky":false,"template":"","format":"standard","meta":{"_acf_changed":false,"footnotes":""},"categories":[5,14],"tags":[],"class_list":["post-193","post","type-post","status-publish","format-standard","has-post-thumbnail","hentry","category-jul","category-kyrkoherden-har-ordet"],"acf":[],"yoast_head":"<!-- This site is optimized with the Yoast SEO plugin v27.1.1 - https:\/\/yoast.com\/product\/yoast-seo-wordpress\/ -->\n<title>Barn och stj\u00e4rnor - Insikten - Floby pastorat<\/title>\n<meta name=\"robots\" content=\"index, follow, max-snippet:-1, max-image-preview:large, max-video-preview:-1\" \/>\n<link rel=\"canonical\" href=\"https:\/\/blogg.svenskakyrkan.se\/insikten\/2022\/12\/11\/barn-och-stjarnor\/\" \/>\n<meta property=\"og:locale\" content=\"sv_SE\" \/>\n<meta property=\"og:type\" content=\"article\" \/>\n<meta property=\"og:title\" content=\"Barn och stj\u00e4rnor - Insikten - Floby pastorat\" \/>\n<meta property=\"og:description\" content=\"Jag har alltid \u00e4lskat psalm 744 i psalmboken, sedan f\u00f6rsta g\u00e5ngen jag fick h\u00f6ra och sjunga den i en gudstj\u00e4nst. Barn och stj\u00e4rnor f\u00f6ds i m\u00f6rkret utan skydd av v\u00e5ld ochvapen. Mitt i m\u00f6rkret bjuder livet oss att v\u00e4xa som en l\u00e5ga. Med n\u00e5gra f\u00e5 rader lyckas Ylva Eggehorns psalmtext f\u00e5nga n\u00e5got av den undflyende [&hellip;]\" \/>\n<meta property=\"og:url\" content=\"https:\/\/blogg.svenskakyrkan.se\/insikten\/2022\/12\/11\/barn-och-stjarnor\/\" \/>\n<meta property=\"og:site_name\" content=\"Insikten - Floby pastorat\" \/>\n<meta property=\"article:published_time\" content=\"2022-12-11T12:05:37+00:00\" \/>\n<meta property=\"article:modified_time\" content=\"2022-12-11T12:05:38+00:00\" \/>\n<meta property=\"og:image\" content=\"https:\/\/blogg.svenskakyrkan.se\/insikten\/files\/2021\/02\/Stefan-scaled.jpg\" \/>\n\t<meta property=\"og:image:width\" content=\"2560\" \/>\n\t<meta property=\"og:image:height\" content=\"1920\" \/>\n\t<meta property=\"og:image:type\" content=\"image\/jpeg\" \/>\n<meta name=\"author\" content=\"Floby pastorat\" \/>\n<meta name=\"twitter:card\" content=\"summary_large_image\" \/>\n<meta name=\"twitter:label1\" content=\"Skriven av\" \/>\n\t<meta name=\"twitter:data1\" content=\"Floby pastorat\" \/>\n\t<meta name=\"twitter:label2\" content=\"Ber\u00e4knad l\u00e4stid\" \/>\n\t<meta name=\"twitter:data2\" content=\"2 minuter\" \/>\n<script type=\"application\/ld+json\" class=\"yoast-schema-graph\">{\"@context\":\"https:\/\/schema.org\",\"@graph\":[{\"@type\":\"Article\",\"@id\":\"https:\/\/blogg.svenskakyrkan.se\/insikten\/2022\/12\/11\/barn-och-stjarnor\/#article\",\"isPartOf\":{\"@id\":\"https:\/\/blogg.svenskakyrkan.se\/insikten\/2022\/12\/11\/barn-och-stjarnor\/\"},\"author\":{\"name\":\"Floby pastorat\",\"@id\":\"https:\/\/blogg.svenskakyrkan.se\/insikten\/#\/schema\/person\/5081f68a0318ddb64c879f7bc416ce8c\"},\"headline\":\"Barn och stj\u00e4rnor\",\"datePublished\":\"2022-12-11T12:05:37+00:00\",\"dateModified\":\"2022-12-11T12:05:38+00:00\",\"mainEntityOfPage\":{\"@id\":\"https:\/\/blogg.svenskakyrkan.se\/insikten\/2022\/12\/11\/barn-och-stjarnor\/\"},\"wordCount\":415,\"commentCount\":0,\"image\":{\"@id\":\"https:\/\/blogg.svenskakyrkan.se\/insikten\/2022\/12\/11\/barn-och-stjarnor\/#primaryimage\"},\"thumbnailUrl\":\"https:\/\/blogg.svenskakyrkan.se\/insikten\/files\/2021\/02\/Stefan-scaled.jpg\",\"articleSection\":[\"Jul\",\"Kyrkoherden har ordet\"],\"inLanguage\":\"sv-SE\",\"potentialAction\":[{\"@type\":\"CommentAction\",\"name\":\"Comment\",\"target\":[\"https:\/\/blogg.svenskakyrkan.se\/insikten\/2022\/12\/11\/barn-och-stjarnor\/#respond\"]}]},{\"@type\":\"WebPage\",\"@id\":\"https:\/\/blogg.svenskakyrkan.se\/insikten\/2022\/12\/11\/barn-och-stjarnor\/\",\"url\":\"https:\/\/blogg.svenskakyrkan.se\/insikten\/2022\/12\/11\/barn-och-stjarnor\/\",\"name\":\"Barn och stj\u00e4rnor - Insikten - Floby pastorat\",\"isPartOf\":{\"@id\":\"https:\/\/blogg.svenskakyrkan.se\/insikten\/#website\"},\"primaryImageOfPage\":{\"@id\":\"https:\/\/blogg.svenskakyrkan.se\/insikten\/2022\/12\/11\/barn-och-stjarnor\/#primaryimage\"},\"image\":{\"@id\":\"https:\/\/blogg.svenskakyrkan.se\/insikten\/2022\/12\/11\/barn-och-stjarnor\/#primaryimage\"},\"thumbnailUrl\":\"https:\/\/blogg.svenskakyrkan.se\/insikten\/files\/2021\/02\/Stefan-scaled.jpg\",\"datePublished\":\"2022-12-11T12:05:37+00:00\",\"dateModified\":\"2022-12-11T12:05:38+00:00\",\"author\":{\"@id\":\"https:\/\/blogg.svenskakyrkan.se\/insikten\/#\/schema\/person\/5081f68a0318ddb64c879f7bc416ce8c\"},\"breadcrumb\":{\"@id\":\"https:\/\/blogg.svenskakyrkan.se\/insikten\/2022\/12\/11\/barn-och-stjarnor\/#breadcrumb\"},\"inLanguage\":\"sv-SE\",\"potentialAction\":[{\"@type\":\"ReadAction\",\"target\":[\"https:\/\/blogg.svenskakyrkan.se\/insikten\/2022\/12\/11\/barn-och-stjarnor\/\"]}]},{\"@type\":\"ImageObject\",\"inLanguage\":\"sv-SE\",\"@id\":\"https:\/\/blogg.svenskakyrkan.se\/insikten\/2022\/12\/11\/barn-och-stjarnor\/#primaryimage\",\"url\":\"https:\/\/blogg.svenskakyrkan.se\/insikten\/files\/2021\/02\/Stefan-scaled.jpg\",\"contentUrl\":\"https:\/\/blogg.svenskakyrkan.se\/insikten\/files\/2021\/02\/Stefan-scaled.jpg\",\"width\":2560,\"height\":1920},{\"@type\":\"BreadcrumbList\",\"@id\":\"https:\/\/blogg.svenskakyrkan.se\/insikten\/2022\/12\/11\/barn-och-stjarnor\/#breadcrumb\",\"itemListElement\":[{\"@type\":\"ListItem\",\"position\":1,\"name\":\"Hem\",\"item\":\"https:\/\/blogg.svenskakyrkan.se\/insikten\/\"},{\"@type\":\"ListItem\",\"position\":2,\"name\":\"Barn och stj\u00e4rnor\"}]},{\"@type\":\"WebSite\",\"@id\":\"https:\/\/blogg.svenskakyrkan.se\/insikten\/#website\",\"url\":\"https:\/\/blogg.svenskakyrkan.se\/insikten\/\",\"name\":\"Insikten - Floby pastorat\",\"description\":\"Insikter, utsikter och emellan\u00e5t \u00e4ven \u00e5sikter fr\u00e5n Floby pastorat i Skara stift.\",\"potentialAction\":[{\"@type\":\"SearchAction\",\"target\":{\"@type\":\"EntryPoint\",\"urlTemplate\":\"https:\/\/blogg.svenskakyrkan.se\/insikten\/?s={search_term_string}\"},\"query-input\":{\"@type\":\"PropertyValueSpecification\",\"valueRequired\":true,\"valueName\":\"search_term_string\"}}],\"inLanguage\":\"sv-SE\"},{\"@type\":\"Person\",\"@id\":\"https:\/\/blogg.svenskakyrkan.se\/insikten\/#\/schema\/person\/5081f68a0318ddb64c879f7bc416ce8c\",\"name\":\"Floby pastorat\",\"image\":{\"@type\":\"ImageObject\",\"inLanguage\":\"sv-SE\",\"@id\":\"https:\/\/blogg.svenskakyrkan.se\/insikten\/#\/schema\/person\/image\/\",\"url\":\"https:\/\/secure.gravatar.com\/avatar\/c63a9fd4196da95cea4408b67893dbdb9ec52ef568ee59a4578ad766986bebcd?s=96&d=mm&r=g\",\"contentUrl\":\"https:\/\/secure.gravatar.com\/avatar\/c63a9fd4196da95cea4408b67893dbdb9ec52ef568ee59a4578ad766986bebcd?s=96&d=mm&r=g\",\"caption\":\"Floby pastorat\"},\"url\":\"https:\/\/blogg.svenskakyrkan.se\/insikten\/author\/helenataubner\/\"}]}<\/script>\n<!-- \/ Yoast SEO plugin. -->","yoast_head_json":{"title":"Barn och stj\u00e4rnor - Insikten - Floby pastorat","robots":{"index":"index","follow":"follow","max-snippet":"max-snippet:-1","max-image-preview":"max-image-preview:large","max-video-preview":"max-video-preview:-1"},"canonical":"https:\/\/blogg.svenskakyrkan.se\/insikten\/2022\/12\/11\/barn-och-stjarnor\/","og_locale":"sv_SE","og_type":"article","og_title":"Barn och stj\u00e4rnor - Insikten - Floby pastorat","og_description":"Jag har alltid \u00e4lskat psalm 744 i psalmboken, sedan f\u00f6rsta g\u00e5ngen jag fick h\u00f6ra och sjunga den i en gudstj\u00e4nst. Barn och stj\u00e4rnor f\u00f6ds i m\u00f6rkret utan skydd av v\u00e5ld ochvapen. Mitt i m\u00f6rkret bjuder livet oss att v\u00e4xa som en l\u00e5ga. Med n\u00e5gra f\u00e5 rader lyckas Ylva Eggehorns psalmtext f\u00e5nga n\u00e5got av den undflyende [&hellip;]","og_url":"https:\/\/blogg.svenskakyrkan.se\/insikten\/2022\/12\/11\/barn-och-stjarnor\/","og_site_name":"Insikten - Floby pastorat","article_published_time":"2022-12-11T12:05:37+00:00","article_modified_time":"2022-12-11T12:05:38+00:00","og_image":[{"width":2560,"height":1920,"url":"https:\/\/blogg.svenskakyrkan.se\/insikten\/files\/2021\/02\/Stefan-scaled.jpg","type":"image\/jpeg"}],"author":"Floby pastorat","twitter_card":"summary_large_image","twitter_misc":{"Skriven av":"Floby pastorat","Ber\u00e4knad l\u00e4stid":"2 minuter"},"schema":{"@context":"https:\/\/schema.org","@graph":[{"@type":"Article","@id":"https:\/\/blogg.svenskakyrkan.se\/insikten\/2022\/12\/11\/barn-och-stjarnor\/#article","isPartOf":{"@id":"https:\/\/blogg.svenskakyrkan.se\/insikten\/2022\/12\/11\/barn-och-stjarnor\/"},"author":{"name":"Floby pastorat","@id":"https:\/\/blogg.svenskakyrkan.se\/insikten\/#\/schema\/person\/5081f68a0318ddb64c879f7bc416ce8c"},"headline":"Barn och stj\u00e4rnor","datePublished":"2022-12-11T12:05:37+00:00","dateModified":"2022-12-11T12:05:38+00:00","mainEntityOfPage":{"@id":"https:\/\/blogg.svenskakyrkan.se\/insikten\/2022\/12\/11\/barn-och-stjarnor\/"},"wordCount":415,"commentCount":0,"image":{"@id":"https:\/\/blogg.svenskakyrkan.se\/insikten\/2022\/12\/11\/barn-och-stjarnor\/#primaryimage"},"thumbnailUrl":"https:\/\/blogg.svenskakyrkan.se\/insikten\/files\/2021\/02\/Stefan-scaled.jpg","articleSection":["Jul","Kyrkoherden har ordet"],"inLanguage":"sv-SE","potentialAction":[{"@type":"CommentAction","name":"Comment","target":["https:\/\/blogg.svenskakyrkan.se\/insikten\/2022\/12\/11\/barn-och-stjarnor\/#respond"]}]},{"@type":"WebPage","@id":"https:\/\/blogg.svenskakyrkan.se\/insikten\/2022\/12\/11\/barn-och-stjarnor\/","url":"https:\/\/blogg.svenskakyrkan.se\/insikten\/2022\/12\/11\/barn-och-stjarnor\/","name":"Barn och stj\u00e4rnor - Insikten - Floby pastorat","isPartOf":{"@id":"https:\/\/blogg.svenskakyrkan.se\/insikten\/#website"},"primaryImageOfPage":{"@id":"https:\/\/blogg.svenskakyrkan.se\/insikten\/2022\/12\/11\/barn-och-stjarnor\/#primaryimage"},"image":{"@id":"https:\/\/blogg.svenskakyrkan.se\/insikten\/2022\/12\/11\/barn-och-stjarnor\/#primaryimage"},"thumbnailUrl":"https:\/\/blogg.svenskakyrkan.se\/insikten\/files\/2021\/02\/Stefan-scaled.jpg","datePublished":"2022-12-11T12:05:37+00:00","dateModified":"2022-12-11T12:05:38+00:00","author":{"@id":"https:\/\/blogg.svenskakyrkan.se\/insikten\/#\/schema\/person\/5081f68a0318ddb64c879f7bc416ce8c"},"breadcrumb":{"@id":"https:\/\/blogg.svenskakyrkan.se\/insikten\/2022\/12\/11\/barn-och-stjarnor\/#breadcrumb"},"inLanguage":"sv-SE","potentialAction":[{"@type":"ReadAction","target":["https:\/\/blogg.svenskakyrkan.se\/insikten\/2022\/12\/11\/barn-och-stjarnor\/"]}]},{"@type":"ImageObject","inLanguage":"sv-SE","@id":"https:\/\/blogg.svenskakyrkan.se\/insikten\/2022\/12\/11\/barn-och-stjarnor\/#primaryimage","url":"https:\/\/blogg.svenskakyrkan.se\/insikten\/files\/2021\/02\/Stefan-scaled.jpg","contentUrl":"https:\/\/blogg.svenskakyrkan.se\/insikten\/files\/2021\/02\/Stefan-scaled.jpg","width":2560,"height":1920},{"@type":"BreadcrumbList","@id":"https:\/\/blogg.svenskakyrkan.se\/insikten\/2022\/12\/11\/barn-och-stjarnor\/#breadcrumb","itemListElement":[{"@type":"ListItem","position":1,"name":"Hem","item":"https:\/\/blogg.svenskakyrkan.se\/insikten\/"},{"@type":"ListItem","position":2,"name":"Barn och stj\u00e4rnor"}]},{"@type":"WebSite","@id":"https:\/\/blogg.svenskakyrkan.se\/insikten\/#website","url":"https:\/\/blogg.svenskakyrkan.se\/insikten\/","name":"Insikten - Floby pastorat","description":"Insikter, utsikter och emellan\u00e5t \u00e4ven \u00e5sikter fr\u00e5n Floby pastorat i Skara stift.","potentialAction":[{"@type":"SearchAction","target":{"@type":"EntryPoint","urlTemplate":"https:\/\/blogg.svenskakyrkan.se\/insikten\/?s={search_term_string}"},"query-input":{"@type":"PropertyValueSpecification","valueRequired":true,"valueName":"search_term_string"}}],"inLanguage":"sv-SE"},{"@type":"Person","@id":"https:\/\/blogg.svenskakyrkan.se\/insikten\/#\/schema\/person\/5081f68a0318ddb64c879f7bc416ce8c","name":"Floby pastorat","image":{"@type":"ImageObject","inLanguage":"sv-SE","@id":"https:\/\/blogg.svenskakyrkan.se\/insikten\/#\/schema\/person\/image\/","url":"https:\/\/secure.gravatar.com\/avatar\/c63a9fd4196da95cea4408b67893dbdb9ec52ef568ee59a4578ad766986bebcd?s=96&d=mm&r=g","contentUrl":"https:\/\/secure.gravatar.com\/avatar\/c63a9fd4196da95cea4408b67893dbdb9ec52ef568ee59a4578ad766986bebcd?s=96&d=mm&r=g","caption":"Floby pastorat"},"url":"https:\/\/blogg.svenskakyrkan.se\/insikten\/author\/helenataubner\/"}]}},"author_meta":{"ID":"250","user_nicename":"helenataubner","user_registered":"2013-01-15 08:36:14","display_name":"Floby pastorat","avatar":"https:\/\/secure.gravatar.com\/avatar\/c63a9fd4196da95cea4408b67893dbdb9ec52ef568ee59a4578ad766986bebcd?s=96&d=mm&r=g"},"featured_image":["https:\/\/blogg.svenskakyrkan.se\/insikten\/files\/2021\/02\/Stefan-1024x768.jpg",1024,768,true],"bloginfo":{"name":"Insikten - Floby pastorat","url":"https:\/\/blogg.svenskakyrkan.se\/insikten"},"_links":{"self":[{"href":"https:\/\/blogg.svenskakyrkan.se\/insikten\/wp-json\/wp\/v2\/posts\/193","targetHints":{"allow":["GET"]}}],"collection":[{"href":"https:\/\/blogg.svenskakyrkan.se\/insikten\/wp-json\/wp\/v2\/posts"}],"about":[{"href":"https:\/\/blogg.svenskakyrkan.se\/insikten\/wp-json\/wp\/v2\/types\/post"}],"author":[{"embeddable":true,"href":"https:\/\/blogg.svenskakyrkan.se\/insikten\/wp-json\/wp\/v2\/users\/250"}],"replies":[{"embeddable":true,"href":"https:\/\/blogg.svenskakyrkan.se\/insikten\/wp-json\/wp\/v2\/comments?post=193"}],"version-history":[{"count":1,"href":"https:\/\/blogg.svenskakyrkan.se\/insikten\/wp-json\/wp\/v2\/posts\/193\/revisions"}],"predecessor-version":[{"id":194,"href":"https:\/\/blogg.svenskakyrkan.se\/insikten\/wp-json\/wp\/v2\/posts\/193\/revisions\/194"}],"wp:featuredmedia":[{"embeddable":true,"href":"https:\/\/blogg.svenskakyrkan.se\/insikten\/wp-json\/wp\/v2\/media\/35"}],"wp:attachment":[{"href":"https:\/\/blogg.svenskakyrkan.se\/insikten\/wp-json\/wp\/v2\/media?parent=193"}],"wp:term":[{"taxonomy":"category","embeddable":true,"href":"https:\/\/blogg.svenskakyrkan.se\/insikten\/wp-json\/wp\/v2\/categories?post=193"},{"taxonomy":"post_tag","embeddable":true,"href":"https:\/\/blogg.svenskakyrkan.se\/insikten\/wp-json\/wp\/v2\/tags?post=193"}],"curies":[{"name":"wp","href":"https:\/\/api.w.org\/{rel}","templated":true}]}}