{"id":219,"date":"2022-12-11T13:27:06","date_gmt":"2022-12-11T12:27:06","guid":{"rendered":"https:\/\/blogg.svenskakyrkan.se\/insikten\/?p=219"},"modified":"2022-12-11T13:27:07","modified_gmt":"2022-12-11T12:27:07","slug":"fragor-om-doden-gravar-och-stenar","status":"publish","type":"post","link":"https:\/\/blogg.svenskakyrkan.se\/insikten\/2022\/12\/11\/fragor-om-doden-gravar-och-stenar\/","title":{"rendered":"Fr\u00e5gor om d\u00f6den, gravar och stenar"},"content":{"rendered":"\n\n\n<figure class=\"wp-block-image size-large is-style-default\"><img loading=\"lazy\" decoding=\"async\" width=\"1024\" height=\"675\" src=\"https:\/\/blogg.svenskakyrkan.se\/insikten\/files\/2022\/12\/Skarmavbild-2022-12-11-kl.-13.26.09-1024x675.png\" alt=\"\" class=\"wp-image-220\" srcset=\"https:\/\/blogg.svenskakyrkan.se\/insikten\/files\/2022\/12\/Skarmavbild-2022-12-11-kl.-13.26.09-1024x675.png 1024w, https:\/\/blogg.svenskakyrkan.se\/insikten\/files\/2022\/12\/Skarmavbild-2022-12-11-kl.-13.26.09-300x198.png 300w, https:\/\/blogg.svenskakyrkan.se\/insikten\/files\/2022\/12\/Skarmavbild-2022-12-11-kl.-13.26.09-768x506.png 768w, https:\/\/blogg.svenskakyrkan.se\/insikten\/files\/2022\/12\/Skarmavbild-2022-12-11-kl.-13.26.09-1200x791.png 1200w, https:\/\/blogg.svenskakyrkan.se\/insikten\/files\/2022\/12\/Skarmavbild-2022-12-11-kl.-13.26.09.png 1338w\" sizes=\"auto, (max-width: 1024px) 100vw, 1024px\" \/><figcaption>Mikaela Klasson svarar p\u00e5 fr\u00e5gor om kyrkog\u00e5rdarna.<\/figcaption><\/figure>\n\n\n\n<p>Alldeles intill Floby kyrka ligger kyrkog\u00e5rdsexpeditionen och d\u00e4r arbetar Mikaela Klasson. Hon svarar p\u00e5 fr\u00e5gor n\u00e4r n\u00e5gon h\u00f6r av sig p\u00e5 telefon eller via e-post.<\/p>\n\n\n\n<p>\u2013 Jag f\u00e5r m\u00e5nga olika fr\u00e5gor, men ofta r\u00f6r det sig om ungef\u00e4r samma saker. Vanligast \u00e4r att den som kontaktar expeditionen har fr\u00e5gor om gravsk\u00f6tsel och vad vi kan erbjuda, s\u00e4ger Mikaela. Men det kan ocks\u00e5 handla om att vara gravr\u00e4ttsinnehavare eller om s\u00e4kerhet n\u00e4r det g\u00e4ller gravstenar. Ibland kan svaren verka lite m\u00e4rkliga och byr\u00e5kratiskt kantiga, men det \u00e4r f\u00f6r att det beh\u00f6ver finnas en tydlighet om vad som g\u00e4ller.<\/p>\n\n\n\n<p>\u2013 Det h\u00e4nder ocks\u00e5 att jag f\u00e5r fr\u00e5gor om hur man hittar en viss grav som man letar efter. Fr\u00e5gan kan komma fr\u00e5n avl\u00e4gsna sl\u00e4ktingar som aldrig har bes\u00f6kt en grav tidigare men nu vill g\u00f6ra det, eller personer med intresse f\u00f6r sl\u00e4ktforskning eller hembygdshistoria.<\/p>\n\n\n\n<p>Mikaela m\u00e4rker att det finns en os\u00e4kerhet kring fr\u00e5gor som r\u00f6r d\u00f6den, kyrkog\u00e5rdar och gravar. M\u00e4nniskor som kontaktar henne med sina fr\u00e5gor blir d\u00e4rf\u00f6r ofta v\u00e4ldigt l\u00e4ttade n\u00e4r de f\u00e5r hj\u00e4lp.<\/p>\n\n\n\n<p>\u2013 Vi f\u00e5r alla m\u00f6ta d\u00f6den, f\u00f6rr eller senare, men det kanske inte \u00e4r s\u00e5 vanligt att vi pratar om det. Och om vi \u00e4nd\u00e5 g\u00f6r det, s\u00e5 \u00e4r det nog inte de praktiska fr\u00e5gorna om gravplatsen vi fokuserar p\u00e5. Man kanske pratar om vilka psalmer man vill ha p\u00e5 sin begravning, men inte om vem som ska vara gravr\u00e4ttsinnehavare.&nbsp;<\/p>\n\n\n\n<p>\u2013 Det v\u00e4rmer i hj\u00e4rtat n\u00e4r m\u00e4nniskor blir glada \u00f6ver hj\u00e4lpen de f\u00e5r. Ofta s\u00e4ger de att de har l\u00e4rt sig n\u00e5got, att de inte visste s\u00e5 mycket innan. De vet att Svenska kyrkan finns och att vi ansvarar f\u00f6r kyrkog\u00e5rdarna, men de kanske inte har haft anledning att l\u00e4ra sig om hur det fungerar i praktiken. Det \u00e4r fint att kunna hj\u00e4lpa dem att reda ut situationer som de undrar om. Jag f\u00e5r ocks\u00e5 h\u00f6ra mycket ber\u00f6m om vaktm\u00e4starna som jobbar p\u00e5 kyrkog\u00e5rdarna h\u00e4r i Floby pastorat, s\u00e4ger Mikaela stolt. Det \u00e4r roligt och jag f\u00f6rmedlar det vidare s\u00e5 ofta jag kan.&nbsp;<\/p>\n\n\n\n<p>H\u00e4r f\u00f6ljer en sammanst\u00e4llning av Mikaelas svar p\u00e5 n\u00e5gra av de vanligaste fr\u00e5gorna hon f\u00e5r.<\/p>\n\n\n\n<h2 class=\"wp-block-heading\">Vad inneb\u00e4r det att kyrkan \u00e4r huvudman f\u00f6r begravningsverksamheten?&nbsp;<\/h2>\n\n\n\n<p>Svenska kyrkan har i uppdrag fr\u00e5n staten att ansvara f\u00f6r begravningsverksamheten, men inte bara f\u00f6r kyrkans medlemmar utan f\u00f6r alla m\u00e4nniskor. D\u00e4rf\u00f6r betalar alla en begravningsavgift, som tas ut i samband med deklarationen och t\u00e4cker kostnaderna. Det som ing\u00e5r \u00e4r&nbsp; r\u00e4tten att bli gravsatt p\u00e5 en kyrkog\u00e5rd och arbetet med gravs\u00e4ttningen. D\u00e4remot ing\u00e5r ingen ceremoni, som till exempel en begravningsgudstj\u00e4nst, vilket det g\u00f6r om du \u00e4r medlem i Svenska kyrkan. Om du inte \u00e4r medlem s\u00e5 f\u00e5r den eventuella ceremonin bekostas p\u00e5 n\u00e5got annat s\u00e4tt.<\/p>\n\n\n\n<p>Att begravningsuppdraget g\u00e4ller alla m\u00e4nniskor, och inte bara medlemmarna i Svenska kyrkan, inneb\u00e4r ocks\u00e5 att vi \u00e4r skyldiga att tillhandah\u00e5lla en lokal som \u00e4r religi\u00f6st neutral, f\u00f6r begravningsceremonier som inte f\u00f6ljer Svenska kyrkans ordning. Det kan vara borgerliga begravningar eller ceremonier inom n\u00e5gon annan religion. I Floby \u00e4r det kyrksalen i Kyrkans hus som anv\u00e4nds vid s\u00e5dana tillf\u00e4llen.<\/p>\n\n\n\n<h2 class=\"wp-block-heading\">Vad \u00e4r en gravr\u00e4ttsinnehavare?&nbsp;<\/h2>\n\n\n\n<p>N\u00e4r du \u00e4r gravr\u00e4ttsinnehavare ansvarar du f\u00f6r en speciell gravplats. Du \u00e4r antagligen en sl\u00e4kting till personen eller personerna som har sin viloplats i graven. Flera personer kan dela p\u00e5 ansvaret genom att st\u00e5 som gravr\u00e4ttsinnehavare tillsammans. Vem eller vilka som \u00e4r gravr\u00e4ttsinnehavare registreras i ett datasystem.<\/p>\n\n\n\n<p>Du som \u00e4r gravr\u00e4ttsinnehavare har b\u00e5de r\u00e4ttigheter och skyldigheter. Du har r\u00e4tt att avg\u00f6ra vilka personer som kan gravs\u00e4ttas i graven. Du har ocks\u00e5 r\u00e4tt att best\u00e4mma hur platsen ska se ut, till exempel n\u00e4r det g\u00e4ller gravsten, utsmyckning och plantering. Samtidigt \u00e4r du skyldig att se till att gravplatsen h\u00e5lls i ett v\u00e4rdigt och v\u00e5rdat skick, och att stenen \u00e4r s\u00e4ker s\u00e5 att inga olyckor kan intr\u00e4ffa.&nbsp;<\/p>\n\n\n\n<p>Varje f\u00f6rsamling eller pastorat best\u00e4mmer sj\u00e4lv om det kostar n\u00e5got att vara gravr\u00e4ttsinnehavare. I Floby pastorat kostar det ingenting.&nbsp;<\/p>\n\n\n\n<h2 class=\"wp-block-heading\">Vad inneb\u00e4r ett gravsk\u00f6tselavtal?&nbsp;<\/h2>\n\n\n\n<p>Du som \u00e4r gravr\u00e4ttsinnehavare kan f\u00e5 hj\u00e4lp med att sk\u00f6ta graven som du ansvarar f\u00f6r, mot att du betalar en avgift. Det kan vara enklare saker, som att vi tar bort blommor som vissnat, eller st\u00f6rre uppdrag som att vi sk\u00f6ter graven helt och h\u00e5llet och ser till att det exempelvis finns en krans inf\u00f6r allhelgonahelgen.&nbsp;<\/p>\n\n\n\n<p>Hur mycket hj\u00e4lp du beh\u00f6ver kan bero p\u00e5 hur l\u00e5ngt ifr\u00e5n graven du bor och hur mycket tid du kan \u00e4gna \u00e5t gravsk\u00f6tseln sj\u00e4lv. Det g\u00e5r ocks\u00e5 att best\u00e4lla hj\u00e4lp med n\u00e5gonting som bara uppst\u00e5r vid n\u00e5got enstaka tillf\u00e4lle. Vi ser till att hitta en l\u00f6sning som passar dina behov. Kostnaden varierar beroende p\u00e5 hur mycket du vill ha hj\u00e4lp med. En uppdaterad lista \u00f6ver priserna finns p\u00e5 pastoratets hemsida (svenskakyrkan.se\/floby).&nbsp;<\/p>\n\n\n\n<h2 class=\"wp-block-heading\">Vem ansvarar f\u00f6r att gravstenen ska vara s\u00e4ker?\u00a0<\/h2>\n\n\n\n<p>I gravr\u00e4ttsinnehavarens ansvar ing\u00e5r att gravstenen ska vara s\u00e4ker. Orsaken \u00e4r att det tyv\u00e4rr vid n\u00e5gra tillf\u00e4llen, p\u00e5 andra platser i landet, har intr\u00e4ffat olyckor d\u00e4r personer har blivit skadade av gravstenar som inte har varit s\u00e4kra. Det handlar om att stenen inte f\u00e5r luta, f\u00f6r mycket, att den inte f\u00e5r sitta l\u00f6st och att den beh\u00f6ver ha r\u00e4tt f\u00e4stanordning ner i marken.&nbsp;<\/p>\n\n\n\n<p>Ett stort arbete p\u00e5g\u00e5r vid Floby pastorats kyrkog\u00e5rdar f\u00f6r att unders\u00f6ka alla stenar. Om vi uppt\u00e4cker att stenen som du ansvarar f\u00f6r inte \u00e4r s\u00e4ker, s\u00e5 kontaktar vi dig. Det g\u00e5r ocks\u00e5 sj\u00e4lvklart bra att kontakta oss f\u00f6r att f\u00e5 veta mer om det h\u00e4r. Vi kan ber\u00e4tta om vad som beh\u00f6ver \u00e5tg\u00e4rdas men ocks\u00e5 hur s\u00e4kringen g\u00e5r till och vilka alternativ som finns.<\/p>\n\n\n\n<h2 class=\"wp-block-heading\">G\u00e5r det att ta reda p\u00e5 var en viss person \u00e4r gravsatt?\u00a0<\/h2>\n\n\n\n<p>Det finns flera olika s\u00e4tt att ta reda p\u00e5 var en person \u00e4r gravsatt. Floby pastorat \u00e4r anslutet till tj\u00e4nsten svenskagravar.se, s\u00e5 p\u00e5 den l\u00e4nken kan man s\u00f6ka sj\u00e4lv. Det finns flera andra s\u00e5dana tj\u00e4nster ocks\u00e5, s\u00e5 om man letar i n\u00e5got annat pastorat kan det vara v\u00e4rt att prova att s\u00f6ka p\u00e5 gravar.se eller etjanst.stockholm.se\/hittagraven.&nbsp;<\/p>\n\n\n\n<p>Men det \u00e4r inte allt som finns i de digitala registren. \u00c4ldre information kan ha g\u00e5tt f\u00f6rlorad n\u00e4r handskrivna dokument digitaliserades. S\u00e5 om man letar efter en grav och inte hittar den via s\u00f6kmotorerna, s\u00e5 betyder det inte att graven inte finns d\u00e4r man trodde. D\u00e5 kan man beh\u00f6va leta vidare i andra k\u00e4llor. Sj\u00e4lvklart g\u00e5r det ocks\u00e5 bra att kontakta kyrkog\u00e5rdsexpeditionen, s\u00e5 ska vi f\u00f6rs\u00f6ka hj\u00e4lpa till.<\/p>\n\n\n\n<p><\/p>\n\n\n\n<p>&#8230;&#8230;&#8230;&#8230;&#8230;&#8230;&#8230;&#8230;.<\/p>\n\n\n\n<p>Texten publicerades f\u00f6rsta g\u00e5ngen i Insikten nummer 4 2022.<\/p>\n","protected":false},"excerpt":{"rendered":"<p>Alldeles intill Floby kyrka ligger kyrkog\u00e5rdsexpeditionen och d\u00e4r arbetar Mikaela Klasson. Hon svarar p\u00e5 fr\u00e5gor n\u00e4r n\u00e5gon h\u00f6r av sig p\u00e5 telefon eller via e-post. \u2013 Jag f\u00e5r m\u00e5nga olika fr\u00e5gor, men ofta r\u00f6r det sig om ungef\u00e4r samma saker. Vanligast \u00e4r att den som kontaktar expeditionen har fr\u00e5gor om gravsk\u00f6tsel och vad vi kan [&hellip;]<\/p>\n","protected":false},"author":250,"featured_media":220,"comment_status":"open","ping_status":"open","sticky":false,"template":"","format":"standard","meta":{"_acf_changed":false,"footnotes":""},"categories":[13,12],"tags":[],"class_list":["post-219","post","type-post","status-publish","format-standard","has-post-thumbnail","hentry","category-allhelgona","category-kyrkogardar"],"acf":[],"yoast_head":"<!-- This site is optimized with the Yoast SEO plugin v27.1.1 - https:\/\/yoast.com\/product\/yoast-seo-wordpress\/ -->\n<title>Fr\u00e5gor om d\u00f6den, gravar och stenar - Insikten - Floby pastorat<\/title>\n<meta name=\"robots\" content=\"index, follow, max-snippet:-1, max-image-preview:large, max-video-preview:-1\" \/>\n<link rel=\"canonical\" href=\"https:\/\/blogg.svenskakyrkan.se\/insikten\/2022\/12\/11\/fragor-om-doden-gravar-och-stenar\/\" \/>\n<meta property=\"og:locale\" content=\"sv_SE\" \/>\n<meta property=\"og:type\" content=\"article\" \/>\n<meta property=\"og:title\" content=\"Fr\u00e5gor om d\u00f6den, gravar och stenar - Insikten - Floby pastorat\" \/>\n<meta property=\"og:description\" content=\"Alldeles intill Floby kyrka ligger kyrkog\u00e5rdsexpeditionen och d\u00e4r arbetar Mikaela Klasson. Hon svarar p\u00e5 fr\u00e5gor n\u00e4r n\u00e5gon h\u00f6r av sig p\u00e5 telefon eller via e-post. \u2013 Jag f\u00e5r m\u00e5nga olika fr\u00e5gor, men ofta r\u00f6r det sig om ungef\u00e4r samma saker. Vanligast \u00e4r att den som kontaktar expeditionen har fr\u00e5gor om gravsk\u00f6tsel och vad vi kan [&hellip;]\" \/>\n<meta property=\"og:url\" content=\"https:\/\/blogg.svenskakyrkan.se\/insikten\/2022\/12\/11\/fragor-om-doden-gravar-och-stenar\/\" \/>\n<meta property=\"og:site_name\" content=\"Insikten - Floby pastorat\" \/>\n<meta property=\"article:published_time\" content=\"2022-12-11T12:27:06+00:00\" \/>\n<meta property=\"article:modified_time\" content=\"2022-12-11T12:27:07+00:00\" \/>\n<meta property=\"og:image\" content=\"https:\/\/blogg.svenskakyrkan.se\/insikten\/files\/2022\/12\/Skarmavbild-2022-12-11-kl.-13.26.09-1024x675.png\" \/>\n\t<meta property=\"og:image:width\" content=\"1024\" \/>\n\t<meta property=\"og:image:height\" content=\"675\" \/>\n\t<meta property=\"og:image:type\" content=\"image\/png\" \/>\n<meta name=\"author\" content=\"Floby pastorat\" \/>\n<meta name=\"twitter:card\" content=\"summary_large_image\" \/>\n<meta name=\"twitter:label1\" content=\"Skriven av\" \/>\n\t<meta name=\"twitter:data1\" content=\"Floby pastorat\" \/>\n\t<meta name=\"twitter:label2\" content=\"Ber\u00e4knad l\u00e4stid\" \/>\n\t<meta name=\"twitter:data2\" content=\"7 minuter\" \/>\n<script type=\"application\/ld+json\" class=\"yoast-schema-graph\">{\"@context\":\"https:\/\/schema.org\",\"@graph\":[{\"@type\":\"Article\",\"@id\":\"https:\/\/blogg.svenskakyrkan.se\/insikten\/2022\/12\/11\/fragor-om-doden-gravar-och-stenar\/#article\",\"isPartOf\":{\"@id\":\"https:\/\/blogg.svenskakyrkan.se\/insikten\/2022\/12\/11\/fragor-om-doden-gravar-och-stenar\/\"},\"author\":{\"name\":\"Floby pastorat\",\"@id\":\"https:\/\/blogg.svenskakyrkan.se\/insikten\/#\/schema\/person\/5081f68a0318ddb64c879f7bc416ce8c\"},\"headline\":\"Fr\u00e5gor om d\u00f6den, gravar och stenar\",\"datePublished\":\"2022-12-11T12:27:06+00:00\",\"dateModified\":\"2022-12-11T12:27:07+00:00\",\"mainEntityOfPage\":{\"@id\":\"https:\/\/blogg.svenskakyrkan.se\/insikten\/2022\/12\/11\/fragor-om-doden-gravar-och-stenar\/\"},\"wordCount\":1310,\"commentCount\":0,\"image\":{\"@id\":\"https:\/\/blogg.svenskakyrkan.se\/insikten\/2022\/12\/11\/fragor-om-doden-gravar-och-stenar\/#primaryimage\"},\"thumbnailUrl\":\"https:\/\/blogg.svenskakyrkan.se\/insikten\/files\/2022\/12\/Skarmavbild-2022-12-11-kl.-13.26.09.png\",\"articleSection\":[\"Allhelgona\",\"Kyrkog\u00e5rdar\"],\"inLanguage\":\"sv-SE\",\"potentialAction\":[{\"@type\":\"CommentAction\",\"name\":\"Comment\",\"target\":[\"https:\/\/blogg.svenskakyrkan.se\/insikten\/2022\/12\/11\/fragor-om-doden-gravar-och-stenar\/#respond\"]}]},{\"@type\":\"WebPage\",\"@id\":\"https:\/\/blogg.svenskakyrkan.se\/insikten\/2022\/12\/11\/fragor-om-doden-gravar-och-stenar\/\",\"url\":\"https:\/\/blogg.svenskakyrkan.se\/insikten\/2022\/12\/11\/fragor-om-doden-gravar-och-stenar\/\",\"name\":\"Fr\u00e5gor om d\u00f6den, gravar och stenar - Insikten - Floby pastorat\",\"isPartOf\":{\"@id\":\"https:\/\/blogg.svenskakyrkan.se\/insikten\/#website\"},\"primaryImageOfPage\":{\"@id\":\"https:\/\/blogg.svenskakyrkan.se\/insikten\/2022\/12\/11\/fragor-om-doden-gravar-och-stenar\/#primaryimage\"},\"image\":{\"@id\":\"https:\/\/blogg.svenskakyrkan.se\/insikten\/2022\/12\/11\/fragor-om-doden-gravar-och-stenar\/#primaryimage\"},\"thumbnailUrl\":\"https:\/\/blogg.svenskakyrkan.se\/insikten\/files\/2022\/12\/Skarmavbild-2022-12-11-kl.-13.26.09.png\",\"datePublished\":\"2022-12-11T12:27:06+00:00\",\"dateModified\":\"2022-12-11T12:27:07+00:00\",\"author\":{\"@id\":\"https:\/\/blogg.svenskakyrkan.se\/insikten\/#\/schema\/person\/5081f68a0318ddb64c879f7bc416ce8c\"},\"breadcrumb\":{\"@id\":\"https:\/\/blogg.svenskakyrkan.se\/insikten\/2022\/12\/11\/fragor-om-doden-gravar-och-stenar\/#breadcrumb\"},\"inLanguage\":\"sv-SE\",\"potentialAction\":[{\"@type\":\"ReadAction\",\"target\":[\"https:\/\/blogg.svenskakyrkan.se\/insikten\/2022\/12\/11\/fragor-om-doden-gravar-och-stenar\/\"]}]},{\"@type\":\"ImageObject\",\"inLanguage\":\"sv-SE\",\"@id\":\"https:\/\/blogg.svenskakyrkan.se\/insikten\/2022\/12\/11\/fragor-om-doden-gravar-och-stenar\/#primaryimage\",\"url\":\"https:\/\/blogg.svenskakyrkan.se\/insikten\/files\/2022\/12\/Skarmavbild-2022-12-11-kl.-13.26.09.png\",\"contentUrl\":\"https:\/\/blogg.svenskakyrkan.se\/insikten\/files\/2022\/12\/Skarmavbild-2022-12-11-kl.-13.26.09.png\",\"width\":1338,\"height\":882},{\"@type\":\"BreadcrumbList\",\"@id\":\"https:\/\/blogg.svenskakyrkan.se\/insikten\/2022\/12\/11\/fragor-om-doden-gravar-och-stenar\/#breadcrumb\",\"itemListElement\":[{\"@type\":\"ListItem\",\"position\":1,\"name\":\"Hem\",\"item\":\"https:\/\/blogg.svenskakyrkan.se\/insikten\/\"},{\"@type\":\"ListItem\",\"position\":2,\"name\":\"Fr\u00e5gor om d\u00f6den, gravar och stenar\"}]},{\"@type\":\"WebSite\",\"@id\":\"https:\/\/blogg.svenskakyrkan.se\/insikten\/#website\",\"url\":\"https:\/\/blogg.svenskakyrkan.se\/insikten\/\",\"name\":\"Insikten - Floby pastorat\",\"description\":\"Insikter, utsikter och emellan\u00e5t \u00e4ven \u00e5sikter fr\u00e5n Floby pastorat i Skara stift.\",\"potentialAction\":[{\"@type\":\"SearchAction\",\"target\":{\"@type\":\"EntryPoint\",\"urlTemplate\":\"https:\/\/blogg.svenskakyrkan.se\/insikten\/?s={search_term_string}\"},\"query-input\":{\"@type\":\"PropertyValueSpecification\",\"valueRequired\":true,\"valueName\":\"search_term_string\"}}],\"inLanguage\":\"sv-SE\"},{\"@type\":\"Person\",\"@id\":\"https:\/\/blogg.svenskakyrkan.se\/insikten\/#\/schema\/person\/5081f68a0318ddb64c879f7bc416ce8c\",\"name\":\"Floby pastorat\",\"image\":{\"@type\":\"ImageObject\",\"inLanguage\":\"sv-SE\",\"@id\":\"https:\/\/blogg.svenskakyrkan.se\/insikten\/#\/schema\/person\/image\/\",\"url\":\"https:\/\/secure.gravatar.com\/avatar\/c63a9fd4196da95cea4408b67893dbdb9ec52ef568ee59a4578ad766986bebcd?s=96&d=mm&r=g\",\"contentUrl\":\"https:\/\/secure.gravatar.com\/avatar\/c63a9fd4196da95cea4408b67893dbdb9ec52ef568ee59a4578ad766986bebcd?s=96&d=mm&r=g\",\"caption\":\"Floby pastorat\"},\"url\":\"https:\/\/blogg.svenskakyrkan.se\/insikten\/author\/helenataubner\/\"}]}<\/script>\n<!-- \/ Yoast SEO plugin. -->","yoast_head_json":{"title":"Fr\u00e5gor om d\u00f6den, gravar och stenar - Insikten - Floby pastorat","robots":{"index":"index","follow":"follow","max-snippet":"max-snippet:-1","max-image-preview":"max-image-preview:large","max-video-preview":"max-video-preview:-1"},"canonical":"https:\/\/blogg.svenskakyrkan.se\/insikten\/2022\/12\/11\/fragor-om-doden-gravar-och-stenar\/","og_locale":"sv_SE","og_type":"article","og_title":"Fr\u00e5gor om d\u00f6den, gravar och stenar - Insikten - Floby pastorat","og_description":"Alldeles intill Floby kyrka ligger kyrkog\u00e5rdsexpeditionen och d\u00e4r arbetar Mikaela Klasson. Hon svarar p\u00e5 fr\u00e5gor n\u00e4r n\u00e5gon h\u00f6r av sig p\u00e5 telefon eller via e-post. \u2013 Jag f\u00e5r m\u00e5nga olika fr\u00e5gor, men ofta r\u00f6r det sig om ungef\u00e4r samma saker. Vanligast \u00e4r att den som kontaktar expeditionen har fr\u00e5gor om gravsk\u00f6tsel och vad vi kan [&hellip;]","og_url":"https:\/\/blogg.svenskakyrkan.se\/insikten\/2022\/12\/11\/fragor-om-doden-gravar-och-stenar\/","og_site_name":"Insikten - Floby pastorat","article_published_time":"2022-12-11T12:27:06+00:00","article_modified_time":"2022-12-11T12:27:07+00:00","og_image":[{"width":1024,"height":675,"url":"https:\/\/blogg.svenskakyrkan.se\/insikten\/files\/2022\/12\/Skarmavbild-2022-12-11-kl.-13.26.09-1024x675.png","type":"image\/png"}],"author":"Floby pastorat","twitter_card":"summary_large_image","twitter_misc":{"Skriven av":"Floby pastorat","Ber\u00e4knad l\u00e4stid":"7 minuter"},"schema":{"@context":"https:\/\/schema.org","@graph":[{"@type":"Article","@id":"https:\/\/blogg.svenskakyrkan.se\/insikten\/2022\/12\/11\/fragor-om-doden-gravar-och-stenar\/#article","isPartOf":{"@id":"https:\/\/blogg.svenskakyrkan.se\/insikten\/2022\/12\/11\/fragor-om-doden-gravar-och-stenar\/"},"author":{"name":"Floby pastorat","@id":"https:\/\/blogg.svenskakyrkan.se\/insikten\/#\/schema\/person\/5081f68a0318ddb64c879f7bc416ce8c"},"headline":"Fr\u00e5gor om d\u00f6den, gravar och stenar","datePublished":"2022-12-11T12:27:06+00:00","dateModified":"2022-12-11T12:27:07+00:00","mainEntityOfPage":{"@id":"https:\/\/blogg.svenskakyrkan.se\/insikten\/2022\/12\/11\/fragor-om-doden-gravar-och-stenar\/"},"wordCount":1310,"commentCount":0,"image":{"@id":"https:\/\/blogg.svenskakyrkan.se\/insikten\/2022\/12\/11\/fragor-om-doden-gravar-och-stenar\/#primaryimage"},"thumbnailUrl":"https:\/\/blogg.svenskakyrkan.se\/insikten\/files\/2022\/12\/Skarmavbild-2022-12-11-kl.-13.26.09.png","articleSection":["Allhelgona","Kyrkog\u00e5rdar"],"inLanguage":"sv-SE","potentialAction":[{"@type":"CommentAction","name":"Comment","target":["https:\/\/blogg.svenskakyrkan.se\/insikten\/2022\/12\/11\/fragor-om-doden-gravar-och-stenar\/#respond"]}]},{"@type":"WebPage","@id":"https:\/\/blogg.svenskakyrkan.se\/insikten\/2022\/12\/11\/fragor-om-doden-gravar-och-stenar\/","url":"https:\/\/blogg.svenskakyrkan.se\/insikten\/2022\/12\/11\/fragor-om-doden-gravar-och-stenar\/","name":"Fr\u00e5gor om d\u00f6den, gravar och stenar - Insikten - Floby pastorat","isPartOf":{"@id":"https:\/\/blogg.svenskakyrkan.se\/insikten\/#website"},"primaryImageOfPage":{"@id":"https:\/\/blogg.svenskakyrkan.se\/insikten\/2022\/12\/11\/fragor-om-doden-gravar-och-stenar\/#primaryimage"},"image":{"@id":"https:\/\/blogg.svenskakyrkan.se\/insikten\/2022\/12\/11\/fragor-om-doden-gravar-och-stenar\/#primaryimage"},"thumbnailUrl":"https:\/\/blogg.svenskakyrkan.se\/insikten\/files\/2022\/12\/Skarmavbild-2022-12-11-kl.-13.26.09.png","datePublished":"2022-12-11T12:27:06+00:00","dateModified":"2022-12-11T12:27:07+00:00","author":{"@id":"https:\/\/blogg.svenskakyrkan.se\/insikten\/#\/schema\/person\/5081f68a0318ddb64c879f7bc416ce8c"},"breadcrumb":{"@id":"https:\/\/blogg.svenskakyrkan.se\/insikten\/2022\/12\/11\/fragor-om-doden-gravar-och-stenar\/#breadcrumb"},"inLanguage":"sv-SE","potentialAction":[{"@type":"ReadAction","target":["https:\/\/blogg.svenskakyrkan.se\/insikten\/2022\/12\/11\/fragor-om-doden-gravar-och-stenar\/"]}]},{"@type":"ImageObject","inLanguage":"sv-SE","@id":"https:\/\/blogg.svenskakyrkan.se\/insikten\/2022\/12\/11\/fragor-om-doden-gravar-och-stenar\/#primaryimage","url":"https:\/\/blogg.svenskakyrkan.se\/insikten\/files\/2022\/12\/Skarmavbild-2022-12-11-kl.-13.26.09.png","contentUrl":"https:\/\/blogg.svenskakyrkan.se\/insikten\/files\/2022\/12\/Skarmavbild-2022-12-11-kl.-13.26.09.png","width":1338,"height":882},{"@type":"BreadcrumbList","@id":"https:\/\/blogg.svenskakyrkan.se\/insikten\/2022\/12\/11\/fragor-om-doden-gravar-och-stenar\/#breadcrumb","itemListElement":[{"@type":"ListItem","position":1,"name":"Hem","item":"https:\/\/blogg.svenskakyrkan.se\/insikten\/"},{"@type":"ListItem","position":2,"name":"Fr\u00e5gor om d\u00f6den, gravar och stenar"}]},{"@type":"WebSite","@id":"https:\/\/blogg.svenskakyrkan.se\/insikten\/#website","url":"https:\/\/blogg.svenskakyrkan.se\/insikten\/","name":"Insikten - Floby pastorat","description":"Insikter, utsikter och emellan\u00e5t \u00e4ven \u00e5sikter fr\u00e5n Floby pastorat i Skara stift.","potentialAction":[{"@type":"SearchAction","target":{"@type":"EntryPoint","urlTemplate":"https:\/\/blogg.svenskakyrkan.se\/insikten\/?s={search_term_string}"},"query-input":{"@type":"PropertyValueSpecification","valueRequired":true,"valueName":"search_term_string"}}],"inLanguage":"sv-SE"},{"@type":"Person","@id":"https:\/\/blogg.svenskakyrkan.se\/insikten\/#\/schema\/person\/5081f68a0318ddb64c879f7bc416ce8c","name":"Floby pastorat","image":{"@type":"ImageObject","inLanguage":"sv-SE","@id":"https:\/\/blogg.svenskakyrkan.se\/insikten\/#\/schema\/person\/image\/","url":"https:\/\/secure.gravatar.com\/avatar\/c63a9fd4196da95cea4408b67893dbdb9ec52ef568ee59a4578ad766986bebcd?s=96&d=mm&r=g","contentUrl":"https:\/\/secure.gravatar.com\/avatar\/c63a9fd4196da95cea4408b67893dbdb9ec52ef568ee59a4578ad766986bebcd?s=96&d=mm&r=g","caption":"Floby pastorat"},"url":"https:\/\/blogg.svenskakyrkan.se\/insikten\/author\/helenataubner\/"}]}},"author_meta":{"ID":"250","user_nicename":"helenataubner","user_registered":"2013-01-15 08:36:14","display_name":"Floby pastorat","avatar":"https:\/\/secure.gravatar.com\/avatar\/c63a9fd4196da95cea4408b67893dbdb9ec52ef568ee59a4578ad766986bebcd?s=96&d=mm&r=g"},"featured_image":["https:\/\/blogg.svenskakyrkan.se\/insikten\/files\/2022\/12\/Skarmavbild-2022-12-11-kl.-13.26.09-1024x675.png",1024,675,true],"bloginfo":{"name":"Insikten - Floby pastorat","url":"https:\/\/blogg.svenskakyrkan.se\/insikten"},"_links":{"self":[{"href":"https:\/\/blogg.svenskakyrkan.se\/insikten\/wp-json\/wp\/v2\/posts\/219","targetHints":{"allow":["GET"]}}],"collection":[{"href":"https:\/\/blogg.svenskakyrkan.se\/insikten\/wp-json\/wp\/v2\/posts"}],"about":[{"href":"https:\/\/blogg.svenskakyrkan.se\/insikten\/wp-json\/wp\/v2\/types\/post"}],"author":[{"embeddable":true,"href":"https:\/\/blogg.svenskakyrkan.se\/insikten\/wp-json\/wp\/v2\/users\/250"}],"replies":[{"embeddable":true,"href":"https:\/\/blogg.svenskakyrkan.se\/insikten\/wp-json\/wp\/v2\/comments?post=219"}],"version-history":[{"count":1,"href":"https:\/\/blogg.svenskakyrkan.se\/insikten\/wp-json\/wp\/v2\/posts\/219\/revisions"}],"predecessor-version":[{"id":221,"href":"https:\/\/blogg.svenskakyrkan.se\/insikten\/wp-json\/wp\/v2\/posts\/219\/revisions\/221"}],"wp:featuredmedia":[{"embeddable":true,"href":"https:\/\/blogg.svenskakyrkan.se\/insikten\/wp-json\/wp\/v2\/media\/220"}],"wp:attachment":[{"href":"https:\/\/blogg.svenskakyrkan.se\/insikten\/wp-json\/wp\/v2\/media?parent=219"}],"wp:term":[{"taxonomy":"category","embeddable":true,"href":"https:\/\/blogg.svenskakyrkan.se\/insikten\/wp-json\/wp\/v2\/categories?post=219"},{"taxonomy":"post_tag","embeddable":true,"href":"https:\/\/blogg.svenskakyrkan.se\/insikten\/wp-json\/wp\/v2\/tags?post=219"}],"curies":[{"name":"wp","href":"https:\/\/api.w.org\/{rel}","templated":true}]}}