{"id":222,"date":"2022-12-11T13:31:44","date_gmt":"2022-12-11T12:31:44","guid":{"rendered":"https:\/\/blogg.svenskakyrkan.se\/insikten\/?p=222"},"modified":"2022-12-11T13:31:45","modified_gmt":"2022-12-11T12:31:45","slug":"barnet-och-dopet-ar-i-centrum","status":"publish","type":"post","link":"https:\/\/blogg.svenskakyrkan.se\/insikten\/2022\/12\/11\/barnet-och-dopet-ar-i-centrum\/","title":{"rendered":"Barnet och dopet \u00e4r i centrum"},"content":{"rendered":"\n\n\n<figure class=\"wp-block-image size-large is-style-default\"><img loading=\"lazy\" decoding=\"async\" width=\"1024\" height=\"596\" src=\"https:\/\/blogg.svenskakyrkan.se\/insikten\/files\/2022\/12\/Skarmavbild-2022-12-11-kl.-13.30.25-1024x596.png\" alt=\"\" class=\"wp-image-223\" srcset=\"https:\/\/blogg.svenskakyrkan.se\/insikten\/files\/2022\/12\/Skarmavbild-2022-12-11-kl.-13.30.25-1024x596.png 1024w, https:\/\/blogg.svenskakyrkan.se\/insikten\/files\/2022\/12\/Skarmavbild-2022-12-11-kl.-13.30.25-300x175.png 300w, https:\/\/blogg.svenskakyrkan.se\/insikten\/files\/2022\/12\/Skarmavbild-2022-12-11-kl.-13.30.25-768x447.png 768w, https:\/\/blogg.svenskakyrkan.se\/insikten\/files\/2022\/12\/Skarmavbild-2022-12-11-kl.-13.30.25.png 1072w\" sizes=\"auto, (max-width: 1024px) 100vw, 1024px\" \/><figcaption>Lucia \u2013 ett barn, eller ung kvinna, ett helgon som vi uppm\u00e4rksammar varje \u00e5r.\u00a0Foto: Svenska kyrkan\/IKON.<\/figcaption><\/figure>\n\n\n\n<p>Barnet. T\u00e4nk vad man v\u00e4ntar, med gl\u00e4dje men ocks\u00e5 med stor oro. Ska allt g\u00e5 bra? S\u00e5 kommer d\u00e5 dagen n\u00e4r den lilla m\u00e4nniskan kommer ut. K\u00e4nslan av att h\u00e5lla n\u00e5got unikt och fantastiskt \u00f6verskuggar \u00e5ngest, oro och v\u00e4rk, f\u00f6r en stund i alla fall. Ett nytt liv har blivit till. En liten m\u00e4nniska som man \u00f6nskar allt v\u00e4l. <\/p>\n\n\n\n<p>S\u00e5 var det s\u00e4kert f\u00f6r Maria och Josef ocks\u00e5, d\u00e5 f\u00f6r \u00f6ver tv\u00e5tusen \u00e5r sedan. Stor oro och \u00e5ngest! Beh\u00f6va g\u00f6ra denna l\u00e5nga vandring alldeles i slutet av Marias graviditet, g\u00e5 fr\u00e5n Nasaret till Betlehem f\u00f6r att skattskrivas, som det st\u00e5r i Bibeln. Det blev en f\u00f6delse som kanske var vanlig p\u00e5 den tiden, man fick klara sig b\u00e4st man kunde. I ett stall, ett rum med djur och troligtvis andra m\u00e4nniskor som inte heller fick plats i stadens rum. N\u00e4r barnet \u00e4r n\u00e5gra veckor gammalt skulle man g\u00e5 till templet f\u00f6r att f\u00e5 det v\u00e4lsignat. En mycket vacker g\u00e5va till barnet. Guds v\u00e4lsignelse och l\u00f6fte om att alltid vara med!<\/p>\n\n\n\n<h2 class=\"wp-block-heading\">Gud ser alla barn<\/h2>\n\n\n\n<p>Idag l\u00e5ter vi d\u00f6pa v\u00e5ra barn. Vi b\u00e4r fram dem inf\u00f6r Gud och hela f\u00f6rsamlingen f\u00f6r att i Faderns, Sonens och den Heliga Andens namn innesluta dem i Guds stora familj. Vi n\u00e4mner de namn vi gett barnet f\u00f6r att tydligg\u00f6ra att just detta barn \u00e4r unikt och i denna stund fylls med Helig Ande. Ett k\u00e4rlekstecken fr\u00e5n Gud.\u00a0<\/p>\n\n\n\n<p>Gud ser alla barn men dopet \u00e4r ett l\u00f6fte fr\u00e5n Gud att vara med och ha omsorg alla dagar, alltid. Svenska kyrkan d\u00f6per inte bara sm\u00e5 barn, \u00e4ven om det \u00e4r det vanligaste, utan ocks\u00e5 ungdomar och vuxna. Det \u00e4r aldrig f\u00f6r sent att l\u00e5ta d\u00f6pa sig. I Floby pastorat har det sedan 2016 funnits ett dopprojekt som nu \u00e4r avslutat men inarbetat i de vanliga rutinerna. Vi delar ut \u201dgrattis till barnet-p\u00e5sar\u201d, inbjuder till dop och f\u00f6ljer sedan upp det med olika tr\u00e4ffar under kommande \u00e5r.&nbsp;<\/p>\n\n\n\n<p>\u00c5ret efter dopet inbjuds man till dopdroppegudstj\u00e4nst med dopkalas. Den glasdroppe som h\u00e4ngdes i kyrkan p\u00e5 dopdagen plockas ner och det \u00e4r m\u00f6jligt att komma och h\u00e4mta den.\u00a0<\/p>\n\n\n\n<p><\/p>\n\n\n\n<p><\/p>\n\n\n\n<p>&#8230;&#8230;&#8230;&#8230;&#8230;&#8230;&#8230;<\/p>\n\n\n\n<p>Texten publicerades f\u00f6rsta g\u00e5ngen i Insikten nummer 5 2022. <\/p>\n","protected":false},"excerpt":{"rendered":"<p>Barnet. T\u00e4nk vad man v\u00e4ntar, med gl\u00e4dje men ocks\u00e5 med stor oro. Ska allt g\u00e5 bra? S\u00e5 kommer d\u00e5 dagen n\u00e4r den lilla m\u00e4nniskan kommer ut. K\u00e4nslan av att h\u00e5lla n\u00e5got unikt och fantastiskt \u00f6verskuggar \u00e5ngest, oro och v\u00e4rk, f\u00f6r en stund i alla fall. Ett nytt liv har blivit till. En liten m\u00e4nniska som [&hellip;]<\/p>\n","protected":false},"author":250,"featured_media":223,"comment_status":"open","ping_status":"open","sticky":false,"template":"","format":"standard","meta":{"_acf_changed":false,"footnotes":""},"categories":[5,10],"tags":[],"class_list":["post-222","post","type-post","status-publish","format-standard","has-post-thumbnail","hentry","category-jul","category-svenska-kyrkans-unga"],"acf":[],"yoast_head":"<!-- This site is optimized with the Yoast SEO plugin v27.1.1 - https:\/\/yoast.com\/product\/yoast-seo-wordpress\/ -->\n<title>Barnet och dopet \u00e4r i centrum - Insikten - Floby pastorat<\/title>\n<meta name=\"robots\" content=\"index, follow, max-snippet:-1, max-image-preview:large, max-video-preview:-1\" \/>\n<link rel=\"canonical\" href=\"https:\/\/blogg.svenskakyrkan.se\/insikten\/2022\/12\/11\/barnet-och-dopet-ar-i-centrum\/\" \/>\n<meta property=\"og:locale\" content=\"sv_SE\" \/>\n<meta property=\"og:type\" content=\"article\" \/>\n<meta property=\"og:title\" content=\"Barnet och dopet \u00e4r i centrum - Insikten - Floby pastorat\" \/>\n<meta property=\"og:description\" content=\"Barnet. T\u00e4nk vad man v\u00e4ntar, med gl\u00e4dje men ocks\u00e5 med stor oro. Ska allt g\u00e5 bra? S\u00e5 kommer d\u00e5 dagen n\u00e4r den lilla m\u00e4nniskan kommer ut. K\u00e4nslan av att h\u00e5lla n\u00e5got unikt och fantastiskt \u00f6verskuggar \u00e5ngest, oro och v\u00e4rk, f\u00f6r en stund i alla fall. Ett nytt liv har blivit till. En liten m\u00e4nniska som [&hellip;]\" \/>\n<meta property=\"og:url\" content=\"https:\/\/blogg.svenskakyrkan.se\/insikten\/2022\/12\/11\/barnet-och-dopet-ar-i-centrum\/\" \/>\n<meta property=\"og:site_name\" content=\"Insikten - Floby pastorat\" \/>\n<meta property=\"article:published_time\" content=\"2022-12-11T12:31:44+00:00\" \/>\n<meta property=\"article:modified_time\" content=\"2022-12-11T12:31:45+00:00\" \/>\n<meta property=\"og:image\" content=\"https:\/\/blogg.svenskakyrkan.se\/insikten\/files\/2022\/12\/Skarmavbild-2022-12-11-kl.-13.30.25.png\" \/>\n\t<meta property=\"og:image:width\" content=\"1072\" \/>\n\t<meta property=\"og:image:height\" content=\"624\" \/>\n\t<meta property=\"og:image:type\" content=\"image\/png\" \/>\n<meta name=\"author\" content=\"Floby pastorat\" \/>\n<meta name=\"twitter:card\" content=\"summary_large_image\" \/>\n<meta name=\"twitter:label1\" content=\"Skriven av\" \/>\n\t<meta name=\"twitter:data1\" content=\"Floby pastorat\" \/>\n\t<meta name=\"twitter:label2\" content=\"Ber\u00e4knad l\u00e4stid\" \/>\n\t<meta name=\"twitter:data2\" content=\"2 minuter\" \/>\n<script type=\"application\/ld+json\" class=\"yoast-schema-graph\">{\"@context\":\"https:\/\/schema.org\",\"@graph\":[{\"@type\":\"Article\",\"@id\":\"https:\/\/blogg.svenskakyrkan.se\/insikten\/2022\/12\/11\/barnet-och-dopet-ar-i-centrum\/#article\",\"isPartOf\":{\"@id\":\"https:\/\/blogg.svenskakyrkan.se\/insikten\/2022\/12\/11\/barnet-och-dopet-ar-i-centrum\/\"},\"author\":{\"name\":\"Floby pastorat\",\"@id\":\"https:\/\/blogg.svenskakyrkan.se\/insikten\/#\/schema\/person\/5081f68a0318ddb64c879f7bc416ce8c\"},\"headline\":\"Barnet och dopet \u00e4r i centrum\",\"datePublished\":\"2022-12-11T12:31:44+00:00\",\"dateModified\":\"2022-12-11T12:31:45+00:00\",\"mainEntityOfPage\":{\"@id\":\"https:\/\/blogg.svenskakyrkan.se\/insikten\/2022\/12\/11\/barnet-och-dopet-ar-i-centrum\/\"},\"wordCount\":438,\"commentCount\":0,\"image\":{\"@id\":\"https:\/\/blogg.svenskakyrkan.se\/insikten\/2022\/12\/11\/barnet-och-dopet-ar-i-centrum\/#primaryimage\"},\"thumbnailUrl\":\"https:\/\/blogg.svenskakyrkan.se\/insikten\/files\/2022\/12\/Skarmavbild-2022-12-11-kl.-13.30.25.png\",\"articleSection\":[\"Jul\",\"Svenska kyrkans unga\"],\"inLanguage\":\"sv-SE\",\"potentialAction\":[{\"@type\":\"CommentAction\",\"name\":\"Comment\",\"target\":[\"https:\/\/blogg.svenskakyrkan.se\/insikten\/2022\/12\/11\/barnet-och-dopet-ar-i-centrum\/#respond\"]}]},{\"@type\":\"WebPage\",\"@id\":\"https:\/\/blogg.svenskakyrkan.se\/insikten\/2022\/12\/11\/barnet-och-dopet-ar-i-centrum\/\",\"url\":\"https:\/\/blogg.svenskakyrkan.se\/insikten\/2022\/12\/11\/barnet-och-dopet-ar-i-centrum\/\",\"name\":\"Barnet och dopet \u00e4r i centrum - Insikten - Floby pastorat\",\"isPartOf\":{\"@id\":\"https:\/\/blogg.svenskakyrkan.se\/insikten\/#website\"},\"primaryImageOfPage\":{\"@id\":\"https:\/\/blogg.svenskakyrkan.se\/insikten\/2022\/12\/11\/barnet-och-dopet-ar-i-centrum\/#primaryimage\"},\"image\":{\"@id\":\"https:\/\/blogg.svenskakyrkan.se\/insikten\/2022\/12\/11\/barnet-och-dopet-ar-i-centrum\/#primaryimage\"},\"thumbnailUrl\":\"https:\/\/blogg.svenskakyrkan.se\/insikten\/files\/2022\/12\/Skarmavbild-2022-12-11-kl.-13.30.25.png\",\"datePublished\":\"2022-12-11T12:31:44+00:00\",\"dateModified\":\"2022-12-11T12:31:45+00:00\",\"author\":{\"@id\":\"https:\/\/blogg.svenskakyrkan.se\/insikten\/#\/schema\/person\/5081f68a0318ddb64c879f7bc416ce8c\"},\"breadcrumb\":{\"@id\":\"https:\/\/blogg.svenskakyrkan.se\/insikten\/2022\/12\/11\/barnet-och-dopet-ar-i-centrum\/#breadcrumb\"},\"inLanguage\":\"sv-SE\",\"potentialAction\":[{\"@type\":\"ReadAction\",\"target\":[\"https:\/\/blogg.svenskakyrkan.se\/insikten\/2022\/12\/11\/barnet-och-dopet-ar-i-centrum\/\"]}]},{\"@type\":\"ImageObject\",\"inLanguage\":\"sv-SE\",\"@id\":\"https:\/\/blogg.svenskakyrkan.se\/insikten\/2022\/12\/11\/barnet-och-dopet-ar-i-centrum\/#primaryimage\",\"url\":\"https:\/\/blogg.svenskakyrkan.se\/insikten\/files\/2022\/12\/Skarmavbild-2022-12-11-kl.-13.30.25.png\",\"contentUrl\":\"https:\/\/blogg.svenskakyrkan.se\/insikten\/files\/2022\/12\/Skarmavbild-2022-12-11-kl.-13.30.25.png\",\"width\":1072,\"height\":624},{\"@type\":\"BreadcrumbList\",\"@id\":\"https:\/\/blogg.svenskakyrkan.se\/insikten\/2022\/12\/11\/barnet-och-dopet-ar-i-centrum\/#breadcrumb\",\"itemListElement\":[{\"@type\":\"ListItem\",\"position\":1,\"name\":\"Hem\",\"item\":\"https:\/\/blogg.svenskakyrkan.se\/insikten\/\"},{\"@type\":\"ListItem\",\"position\":2,\"name\":\"Barnet och dopet \u00e4r i centrum\"}]},{\"@type\":\"WebSite\",\"@id\":\"https:\/\/blogg.svenskakyrkan.se\/insikten\/#website\",\"url\":\"https:\/\/blogg.svenskakyrkan.se\/insikten\/\",\"name\":\"Insikten - Floby pastorat\",\"description\":\"Insikter, utsikter och emellan\u00e5t \u00e4ven \u00e5sikter fr\u00e5n Floby pastorat i Skara stift.\",\"potentialAction\":[{\"@type\":\"SearchAction\",\"target\":{\"@type\":\"EntryPoint\",\"urlTemplate\":\"https:\/\/blogg.svenskakyrkan.se\/insikten\/?s={search_term_string}\"},\"query-input\":{\"@type\":\"PropertyValueSpecification\",\"valueRequired\":true,\"valueName\":\"search_term_string\"}}],\"inLanguage\":\"sv-SE\"},{\"@type\":\"Person\",\"@id\":\"https:\/\/blogg.svenskakyrkan.se\/insikten\/#\/schema\/person\/5081f68a0318ddb64c879f7bc416ce8c\",\"name\":\"Floby pastorat\",\"image\":{\"@type\":\"ImageObject\",\"inLanguage\":\"sv-SE\",\"@id\":\"https:\/\/blogg.svenskakyrkan.se\/insikten\/#\/schema\/person\/image\/\",\"url\":\"https:\/\/secure.gravatar.com\/avatar\/c63a9fd4196da95cea4408b67893dbdb9ec52ef568ee59a4578ad766986bebcd?s=96&d=mm&r=g\",\"contentUrl\":\"https:\/\/secure.gravatar.com\/avatar\/c63a9fd4196da95cea4408b67893dbdb9ec52ef568ee59a4578ad766986bebcd?s=96&d=mm&r=g\",\"caption\":\"Floby pastorat\"},\"url\":\"https:\/\/blogg.svenskakyrkan.se\/insikten\/author\/helenataubner\/\"}]}<\/script>\n<!-- \/ Yoast SEO plugin. -->","yoast_head_json":{"title":"Barnet och dopet \u00e4r i centrum - Insikten - Floby pastorat","robots":{"index":"index","follow":"follow","max-snippet":"max-snippet:-1","max-image-preview":"max-image-preview:large","max-video-preview":"max-video-preview:-1"},"canonical":"https:\/\/blogg.svenskakyrkan.se\/insikten\/2022\/12\/11\/barnet-och-dopet-ar-i-centrum\/","og_locale":"sv_SE","og_type":"article","og_title":"Barnet och dopet \u00e4r i centrum - Insikten - Floby pastorat","og_description":"Barnet. T\u00e4nk vad man v\u00e4ntar, med gl\u00e4dje men ocks\u00e5 med stor oro. Ska allt g\u00e5 bra? S\u00e5 kommer d\u00e5 dagen n\u00e4r den lilla m\u00e4nniskan kommer ut. K\u00e4nslan av att h\u00e5lla n\u00e5got unikt och fantastiskt \u00f6verskuggar \u00e5ngest, oro och v\u00e4rk, f\u00f6r en stund i alla fall. Ett nytt liv har blivit till. En liten m\u00e4nniska som [&hellip;]","og_url":"https:\/\/blogg.svenskakyrkan.se\/insikten\/2022\/12\/11\/barnet-och-dopet-ar-i-centrum\/","og_site_name":"Insikten - Floby pastorat","article_published_time":"2022-12-11T12:31:44+00:00","article_modified_time":"2022-12-11T12:31:45+00:00","og_image":[{"width":1072,"height":624,"url":"https:\/\/blogg.svenskakyrkan.se\/insikten\/files\/2022\/12\/Skarmavbild-2022-12-11-kl.-13.30.25.png","type":"image\/png"}],"author":"Floby pastorat","twitter_card":"summary_large_image","twitter_misc":{"Skriven av":"Floby pastorat","Ber\u00e4knad l\u00e4stid":"2 minuter"},"schema":{"@context":"https:\/\/schema.org","@graph":[{"@type":"Article","@id":"https:\/\/blogg.svenskakyrkan.se\/insikten\/2022\/12\/11\/barnet-och-dopet-ar-i-centrum\/#article","isPartOf":{"@id":"https:\/\/blogg.svenskakyrkan.se\/insikten\/2022\/12\/11\/barnet-och-dopet-ar-i-centrum\/"},"author":{"name":"Floby pastorat","@id":"https:\/\/blogg.svenskakyrkan.se\/insikten\/#\/schema\/person\/5081f68a0318ddb64c879f7bc416ce8c"},"headline":"Barnet och dopet \u00e4r i centrum","datePublished":"2022-12-11T12:31:44+00:00","dateModified":"2022-12-11T12:31:45+00:00","mainEntityOfPage":{"@id":"https:\/\/blogg.svenskakyrkan.se\/insikten\/2022\/12\/11\/barnet-och-dopet-ar-i-centrum\/"},"wordCount":438,"commentCount":0,"image":{"@id":"https:\/\/blogg.svenskakyrkan.se\/insikten\/2022\/12\/11\/barnet-och-dopet-ar-i-centrum\/#primaryimage"},"thumbnailUrl":"https:\/\/blogg.svenskakyrkan.se\/insikten\/files\/2022\/12\/Skarmavbild-2022-12-11-kl.-13.30.25.png","articleSection":["Jul","Svenska kyrkans unga"],"inLanguage":"sv-SE","potentialAction":[{"@type":"CommentAction","name":"Comment","target":["https:\/\/blogg.svenskakyrkan.se\/insikten\/2022\/12\/11\/barnet-och-dopet-ar-i-centrum\/#respond"]}]},{"@type":"WebPage","@id":"https:\/\/blogg.svenskakyrkan.se\/insikten\/2022\/12\/11\/barnet-och-dopet-ar-i-centrum\/","url":"https:\/\/blogg.svenskakyrkan.se\/insikten\/2022\/12\/11\/barnet-och-dopet-ar-i-centrum\/","name":"Barnet och dopet \u00e4r i centrum - Insikten - Floby pastorat","isPartOf":{"@id":"https:\/\/blogg.svenskakyrkan.se\/insikten\/#website"},"primaryImageOfPage":{"@id":"https:\/\/blogg.svenskakyrkan.se\/insikten\/2022\/12\/11\/barnet-och-dopet-ar-i-centrum\/#primaryimage"},"image":{"@id":"https:\/\/blogg.svenskakyrkan.se\/insikten\/2022\/12\/11\/barnet-och-dopet-ar-i-centrum\/#primaryimage"},"thumbnailUrl":"https:\/\/blogg.svenskakyrkan.se\/insikten\/files\/2022\/12\/Skarmavbild-2022-12-11-kl.-13.30.25.png","datePublished":"2022-12-11T12:31:44+00:00","dateModified":"2022-12-11T12:31:45+00:00","author":{"@id":"https:\/\/blogg.svenskakyrkan.se\/insikten\/#\/schema\/person\/5081f68a0318ddb64c879f7bc416ce8c"},"breadcrumb":{"@id":"https:\/\/blogg.svenskakyrkan.se\/insikten\/2022\/12\/11\/barnet-och-dopet-ar-i-centrum\/#breadcrumb"},"inLanguage":"sv-SE","potentialAction":[{"@type":"ReadAction","target":["https:\/\/blogg.svenskakyrkan.se\/insikten\/2022\/12\/11\/barnet-och-dopet-ar-i-centrum\/"]}]},{"@type":"ImageObject","inLanguage":"sv-SE","@id":"https:\/\/blogg.svenskakyrkan.se\/insikten\/2022\/12\/11\/barnet-och-dopet-ar-i-centrum\/#primaryimage","url":"https:\/\/blogg.svenskakyrkan.se\/insikten\/files\/2022\/12\/Skarmavbild-2022-12-11-kl.-13.30.25.png","contentUrl":"https:\/\/blogg.svenskakyrkan.se\/insikten\/files\/2022\/12\/Skarmavbild-2022-12-11-kl.-13.30.25.png","width":1072,"height":624},{"@type":"BreadcrumbList","@id":"https:\/\/blogg.svenskakyrkan.se\/insikten\/2022\/12\/11\/barnet-och-dopet-ar-i-centrum\/#breadcrumb","itemListElement":[{"@type":"ListItem","position":1,"name":"Hem","item":"https:\/\/blogg.svenskakyrkan.se\/insikten\/"},{"@type":"ListItem","position":2,"name":"Barnet och dopet \u00e4r i centrum"}]},{"@type":"WebSite","@id":"https:\/\/blogg.svenskakyrkan.se\/insikten\/#website","url":"https:\/\/blogg.svenskakyrkan.se\/insikten\/","name":"Insikten - Floby pastorat","description":"Insikter, utsikter och emellan\u00e5t \u00e4ven \u00e5sikter fr\u00e5n Floby pastorat i Skara stift.","potentialAction":[{"@type":"SearchAction","target":{"@type":"EntryPoint","urlTemplate":"https:\/\/blogg.svenskakyrkan.se\/insikten\/?s={search_term_string}"},"query-input":{"@type":"PropertyValueSpecification","valueRequired":true,"valueName":"search_term_string"}}],"inLanguage":"sv-SE"},{"@type":"Person","@id":"https:\/\/blogg.svenskakyrkan.se\/insikten\/#\/schema\/person\/5081f68a0318ddb64c879f7bc416ce8c","name":"Floby pastorat","image":{"@type":"ImageObject","inLanguage":"sv-SE","@id":"https:\/\/blogg.svenskakyrkan.se\/insikten\/#\/schema\/person\/image\/","url":"https:\/\/secure.gravatar.com\/avatar\/c63a9fd4196da95cea4408b67893dbdb9ec52ef568ee59a4578ad766986bebcd?s=96&d=mm&r=g","contentUrl":"https:\/\/secure.gravatar.com\/avatar\/c63a9fd4196da95cea4408b67893dbdb9ec52ef568ee59a4578ad766986bebcd?s=96&d=mm&r=g","caption":"Floby pastorat"},"url":"https:\/\/blogg.svenskakyrkan.se\/insikten\/author\/helenataubner\/"}]}},"author_meta":{"ID":"250","user_nicename":"helenataubner","user_registered":"2013-01-15 08:36:14","display_name":"Floby pastorat","avatar":"https:\/\/secure.gravatar.com\/avatar\/c63a9fd4196da95cea4408b67893dbdb9ec52ef568ee59a4578ad766986bebcd?s=96&d=mm&r=g"},"featured_image":["https:\/\/blogg.svenskakyrkan.se\/insikten\/files\/2022\/12\/Skarmavbild-2022-12-11-kl.-13.30.25-1024x596.png",1024,596,true],"bloginfo":{"name":"Insikten - Floby pastorat","url":"https:\/\/blogg.svenskakyrkan.se\/insikten"},"_links":{"self":[{"href":"https:\/\/blogg.svenskakyrkan.se\/insikten\/wp-json\/wp\/v2\/posts\/222","targetHints":{"allow":["GET"]}}],"collection":[{"href":"https:\/\/blogg.svenskakyrkan.se\/insikten\/wp-json\/wp\/v2\/posts"}],"about":[{"href":"https:\/\/blogg.svenskakyrkan.se\/insikten\/wp-json\/wp\/v2\/types\/post"}],"author":[{"embeddable":true,"href":"https:\/\/blogg.svenskakyrkan.se\/insikten\/wp-json\/wp\/v2\/users\/250"}],"replies":[{"embeddable":true,"href":"https:\/\/blogg.svenskakyrkan.se\/insikten\/wp-json\/wp\/v2\/comments?post=222"}],"version-history":[{"count":1,"href":"https:\/\/blogg.svenskakyrkan.se\/insikten\/wp-json\/wp\/v2\/posts\/222\/revisions"}],"predecessor-version":[{"id":224,"href":"https:\/\/blogg.svenskakyrkan.se\/insikten\/wp-json\/wp\/v2\/posts\/222\/revisions\/224"}],"wp:featuredmedia":[{"embeddable":true,"href":"https:\/\/blogg.svenskakyrkan.se\/insikten\/wp-json\/wp\/v2\/media\/223"}],"wp:attachment":[{"href":"https:\/\/blogg.svenskakyrkan.se\/insikten\/wp-json\/wp\/v2\/media?parent=222"}],"wp:term":[{"taxonomy":"category","embeddable":true,"href":"https:\/\/blogg.svenskakyrkan.se\/insikten\/wp-json\/wp\/v2\/categories?post=222"},{"taxonomy":"post_tag","embeddable":true,"href":"https:\/\/blogg.svenskakyrkan.se\/insikten\/wp-json\/wp\/v2\/tags?post=222"}],"curies":[{"name":"wp","href":"https:\/\/api.w.org\/{rel}","templated":true}]}}