{"id":233,"date":"2023-09-04T19:25:26","date_gmt":"2023-09-04T17:25:26","guid":{"rendered":"https:\/\/blogg.svenskakyrkan.se\/insikten\/?p=233"},"modified":"2023-09-04T19:25:28","modified_gmt":"2023-09-04T17:25:28","slug":"ett-liv-i-toner","status":"publish","type":"post","link":"https:\/\/blogg.svenskakyrkan.se\/insikten\/2023\/09\/04\/ett-liv-i-toner\/","title":{"rendered":"Ett liv i toner"},"content":{"rendered":"\n\n\n<figure class=\"wp-block-image size-large is-style-default\"><img loading=\"lazy\" decoding=\"async\" width=\"1024\" height=\"615\" src=\"https:\/\/blogg.svenskakyrkan.se\/insikten\/files\/2023\/09\/Skarmavbild-2023-09-04-kl.-19.17.54-1024x615.png\" alt=\"\" class=\"wp-image-234\" srcset=\"https:\/\/blogg.svenskakyrkan.se\/insikten\/files\/2023\/09\/Skarmavbild-2023-09-04-kl.-19.17.54-1024x615.png 1024w, https:\/\/blogg.svenskakyrkan.se\/insikten\/files\/2023\/09\/Skarmavbild-2023-09-04-kl.-19.17.54-300x180.png 300w, https:\/\/blogg.svenskakyrkan.se\/insikten\/files\/2023\/09\/Skarmavbild-2023-09-04-kl.-19.17.54-768x461.png 768w, https:\/\/blogg.svenskakyrkan.se\/insikten\/files\/2023\/09\/Skarmavbild-2023-09-04-kl.-19.17.54-1536x922.png 1536w, https:\/\/blogg.svenskakyrkan.se\/insikten\/files\/2023\/09\/Skarmavbild-2023-09-04-kl.-19.17.54-2048x1229.png 2048w, https:\/\/blogg.svenskakyrkan.se\/insikten\/files\/2023\/09\/Skarmavbild-2023-09-04-kl.-19.17.54-1200x720.png 1200w\" sizes=\"auto, (max-width: 1024px) 100vw, 1024px\" \/><\/figure>\n\n\n\n<p>Kyrkans musik har m\u00e5nga funktioner \u2013 f\u00f6rkunnelse, lovs\u00e5ng och b\u00f6n. Men kyrkan \u00e4r ocks\u00e5 en m\u00f6tesplats och en viktig b\u00e4rare av samh\u00e4llets musikkultur och musikut\u00f6vande. Samverkan med professionella musiker \u00e4r en v\u00e4rdefull tillg\u00e5ng och Svenska kyrkan \u00e4r idag den st\u00f6rsta arbetsgivaren f\u00f6r frilansmusiker i Sverige.<\/p>\n\n\n\n<p>Musik ber\u00f6r och kan bringa fram minnen och k\u00e4nslor p\u00e5 ett s\u00e4tt som inte ord kan g\u00f6ra. Musikandakter, sommarmusik och julmusik forts\u00e4tter att vara de mest v\u00e4lbes\u00f6kta gudstj\u00e4nsterna i pastoratet.&nbsp;<\/p>\n\n\n\n<p>\u2013 Att f\u00f6rmedla n\u00e5got n\u00e4r man spelar \u00e4r m\u00e5let med att spela, f\u00f6rklarar Helena Kahrs som har haft m\u00e5nga uppdrag som fl\u00f6jtist i pastoratet.&nbsp;<\/p>\n\n\n\n<p>I en sl\u00e4kt med flera musikaliska talanger var musiken ett naturligt inslag under uppv\u00e4xten.&nbsp;<\/p>\n\n\n\n<p>\u2013 Vi var fyra j\u00e4mn\u00e5riga kusiner som spelade fl\u00f6jt och tv\u00e5 av oss \u00e4r fl\u00f6jtl\u00e4rare idag. Lika naturligt som att ses var det att spela tillsammans, ber\u00e4ttar Helena.<\/p>\n\n\n\n<p>Helena visste tidigt att hon ville bli musikl\u00e4rare och undervisar sedan 20 \u00e5r elever p\u00e5 Skara musikskola. Att jobba som yrkesmusiker var aldrig n\u00e5got som lockade henne men efter ett \u00e5r som utbytesstudent i USA fick musiken en djupare betydelse.&nbsp;<\/p>\n\n\n\n<p>\u2013 H\u00e4r hade musik- och kultur\u00e4mnen en helt annan status, man t\u00e4vlade i det. Jag hade bl\u00e5sorkester p\u00e5 schemat varje dag och jag tog extra lektioner i fl\u00f6jt. Jag kom hem med en k\u00e4nsla av att \u201ddetta vill jag nog h\u00e5lla p\u00e5 med mer\u201d, ber\u00e4ttar Helena.<\/p>\n\n\n\n<h2 class=\"wp-block-heading\">V\u00e4xande i kyrkan<\/h2>\n\n\n\n<p>Att kyrkan betytt mycket f\u00f6r Helenas musikaliska v\u00e4xande r\u00e5der det ingen tvekan om.&nbsp;<\/p>\n\n\n\n<p>\u2013 Den har betytt oerh\u00f6rt mycket. Det \u00e4r s\u00e5 m\u00e5nga som trott p\u00e5 mig och gett mig uppdrag fr\u00e5n tidig \u00e5lder. Det har blivit m\u00e5nga musikaliska framtr\u00e4danden genom \u00e5ren p\u00e5 b\u00e5de gudstj\u00e4nster och f\u00f6rr\u00e4ttningar. Engagemanget hos personer inom kyrkan, och mina musikl\u00e4rare genom \u00e5ren, har burit mig fram\u00e5t. Jag har ocks\u00e5 haft tur och inte \u00e5ngrat n\u00e5got, det ena har gett det andra och lett mig in p\u00e5 nya v\u00e4gar, s\u00e4ger Helena.<\/p>\n\n\n\n<p>Helena ber\u00e4ttar att hon generellt sett musikaliskt \u00e4r st\u00e4ndigt hungrig. Hon har alltid k\u00e4nt att hon vill forts\u00e4tta utvecklas, g\u00f6ra mer och l\u00e4ra mer. Via stipendier fr\u00e5n Bor\u00e5s symfoniorkester, som hon spelat med i 20 \u00e5r, har hon f\u00e5tt m\u00f6jligheten att studera b\u00e5de i Paris och USA och sedan 2019 spelar hon med The Bauer Quartet.&nbsp;<\/p>\n\n\n\n<p>\u2013 Vi jobbar mycket med att arrangera och forma k\u00e4nslan kring musiken. Utmaningen ligger inte alltid i det tekniska utan snarare om att hitta det gemensamma samspelet och uttrycket. Jag \u00e4r ingen perfektionist men jag vill g\u00f6ra ett bra jobb, det tycker jag \u00e4r lite olika saker. N\u00e4r jag var yngre kunde jag tycka att det var on\u00f6digt n\u00e4r jag missade en ton. Nu \u00e4r jag mer noga med att hitta och f\u00f6rmedla musiken, vad folk f\u00e5r med sig, f\u00f6rklarar Helena.&nbsp;<\/p>\n\n\n\n<p>\u2013 En dr\u00f6m, om jag f\u00e5r chansen, \u00e4r att spela Carl Nielsens fl\u00f6jtkonsert med orkester. Det \u00e4r n\u00e5got av det vackraste som skrivits f\u00f6r fl\u00f6jt, helt magiskt!&nbsp;<\/p>\n\n\n\n<h2 class=\"wp-block-heading\">Sommarmusik sedan 1993<\/h2>\n\n\n\n<p>Genom musiken har Helena f\u00e5tt m\u00f6jlighet att bes\u00f6ka m\u00e5nga fina platser. Inte minst har hon medverkat m\u00e5nga g\u00e5nger vid s\u00e5 kallad sommarmusik, det vill s\u00e4ga kyrkokonserter med andakt som ofta \u00e4ger rum under en vacker sommarkv\u00e4ll. Av pastoratets kyrkor \u00e4r det Floby kyrka som betytt mest ur ett musikaliskt perspektiv.&nbsp;<\/p>\n\n\n\n<p>\u2013 Den f\u00f6rsta sommarmusiken gjorde jag h\u00e4r 1993 tillsammans med Jenny Tidqvist Karlsson, ursprungligen fr\u00e5n Marka och ocks\u00e5 en av medlemmarna i The Bauer Quartet. Det har blivit m\u00e5nga fler sedan dess, b\u00e5de i n\u00e4romr\u00e5det och runt om i hela Skaraborg. Det som \u00e4r fantastiskt med Svenska kyrkan \u00e4r att n\u00e4stan alla konserttillf\u00e4llen \u00e4r kostnadsfria och man f\u00f6rmedlar musik p\u00e5 h\u00f6g niv\u00e5. Man engagerar bra folk och man v\u00e4ljer program och repertoarer som f\u00f6r kulturarv och musikgenrer vidare, f\u00f6rklarar Helena.&nbsp;<\/p>\n\n\n\n<p>I \u00e5r blir det dock endast tv\u00e5 sommarmusik f\u00f6r Helena.&nbsp;<\/p>\n\n\n\n<p>\u2013 \u00c4ven om sommarmusiken ger n\u00e4ring till min spelsj\u00e4l s\u00e5 m\u00e5ste jag f\u00e5 lite ledigt ocks\u00e5. V\u00e5r dotter tar studenten och ska flyttas hem fr\u00e5n Lund d\u00e4r hon g\u00e5r p\u00e5 gymnasiet och vi kl\u00e4mmer kanske in en resa till sl\u00e4kten i USA i juli. F\u00f6rutom sommarkonserterna har vi fler spelningar inbokade fram\u00f6ver med The Bauer Quartet och i h\u00f6st kommer vi att st\u00e4lla ut John Bauers m\u00e5lningar och visa bronsskulpturer av hans m\u00e5lningar som gjorts av en dansk skulpt\u00f6r. Det ser jag fram emot, avslutar Helena.<\/p>\n\n\n\n<p><\/p>\n\n\n\n<p>&#8230;&#8230;&#8230;&#8230;<\/p>\n\n\n\n<p>Texten publicerades f\u00f6rsta g\u00e5ngen i Insikten nummer 2 2023.<\/p>\n","protected":false},"excerpt":{"rendered":"<p>Kyrkans musik har m\u00e5nga funktioner \u2013 f\u00f6rkunnelse, lovs\u00e5ng och b\u00f6n. Men kyrkan \u00e4r ocks\u00e5 en m\u00f6tesplats och en viktig b\u00e4rare av samh\u00e4llets musikkultur och musikut\u00f6vande. Samverkan med professionella musiker \u00e4r en v\u00e4rdefull tillg\u00e5ng och Svenska kyrkan \u00e4r idag den st\u00f6rsta arbetsgivaren f\u00f6r frilansmusiker i Sverige. Musik ber\u00f6r och kan bringa fram minnen och k\u00e4nslor p\u00e5 [&hellip;]<\/p>\n","protected":false},"author":250,"featured_media":234,"comment_status":"open","ping_status":"open","sticky":false,"template":"","format":"standard","meta":{"_acf_changed":false,"footnotes":""},"categories":[7,11],"tags":[],"class_list":["post-233","post","type-post","status-publish","format-standard","has-post-thumbnail","hentry","category-engagemang","category-musik"],"acf":[],"yoast_head":"<!-- This site is optimized with the Yoast SEO plugin v27.1.1 - https:\/\/yoast.com\/product\/yoast-seo-wordpress\/ -->\n<title>Ett liv i toner - Insikten - Floby pastorat<\/title>\n<meta name=\"robots\" content=\"index, follow, max-snippet:-1, max-image-preview:large, max-video-preview:-1\" \/>\n<link rel=\"canonical\" href=\"https:\/\/blogg.svenskakyrkan.se\/insikten\/2023\/09\/04\/ett-liv-i-toner\/\" \/>\n<meta property=\"og:locale\" content=\"sv_SE\" \/>\n<meta property=\"og:type\" content=\"article\" \/>\n<meta property=\"og:title\" content=\"Ett liv i toner - Insikten - Floby pastorat\" \/>\n<meta property=\"og:description\" content=\"Kyrkans musik har m\u00e5nga funktioner \u2013 f\u00f6rkunnelse, lovs\u00e5ng och b\u00f6n. Men kyrkan \u00e4r ocks\u00e5 en m\u00f6tesplats och en viktig b\u00e4rare av samh\u00e4llets musikkultur och musikut\u00f6vande. Samverkan med professionella musiker \u00e4r en v\u00e4rdefull tillg\u00e5ng och Svenska kyrkan \u00e4r idag den st\u00f6rsta arbetsgivaren f\u00f6r frilansmusiker i Sverige. Musik ber\u00f6r och kan bringa fram minnen och k\u00e4nslor p\u00e5 [&hellip;]\" \/>\n<meta property=\"og:url\" content=\"https:\/\/blogg.svenskakyrkan.se\/insikten\/2023\/09\/04\/ett-liv-i-toner\/\" \/>\n<meta property=\"og:site_name\" content=\"Insikten - Floby pastorat\" \/>\n<meta property=\"article:published_time\" content=\"2023-09-04T17:25:26+00:00\" \/>\n<meta property=\"article:modified_time\" content=\"2023-09-04T17:25:28+00:00\" \/>\n<meta property=\"og:image\" content=\"https:\/\/blogg.svenskakyrkan.se\/insikten\/files\/2023\/09\/Skarmavbild-2023-09-04-kl.-19.17.54-1024x615.png\" \/>\n\t<meta property=\"og:image:width\" content=\"1024\" \/>\n\t<meta property=\"og:image:height\" content=\"615\" \/>\n\t<meta property=\"og:image:type\" content=\"image\/png\" \/>\n<meta name=\"author\" content=\"Floby pastorat\" \/>\n<meta name=\"twitter:card\" content=\"summary_large_image\" \/>\n<meta name=\"twitter:label1\" content=\"Skriven av\" \/>\n\t<meta name=\"twitter:data1\" content=\"Floby pastorat\" \/>\n\t<meta name=\"twitter:label2\" content=\"Ber\u00e4knad l\u00e4stid\" \/>\n\t<meta name=\"twitter:data2\" content=\"4 minuter\" \/>\n<script type=\"application\/ld+json\" class=\"yoast-schema-graph\">{\"@context\":\"https:\/\/schema.org\",\"@graph\":[{\"@type\":\"Article\",\"@id\":\"https:\/\/blogg.svenskakyrkan.se\/insikten\/2023\/09\/04\/ett-liv-i-toner\/#article\",\"isPartOf\":{\"@id\":\"https:\/\/blogg.svenskakyrkan.se\/insikten\/2023\/09\/04\/ett-liv-i-toner\/\"},\"author\":{\"name\":\"Floby pastorat\",\"@id\":\"https:\/\/blogg.svenskakyrkan.se\/insikten\/#\/schema\/person\/5081f68a0318ddb64c879f7bc416ce8c\"},\"headline\":\"Ett liv i toner\",\"datePublished\":\"2023-09-04T17:25:26+00:00\",\"dateModified\":\"2023-09-04T17:25:28+00:00\",\"mainEntityOfPage\":{\"@id\":\"https:\/\/blogg.svenskakyrkan.se\/insikten\/2023\/09\/04\/ett-liv-i-toner\/\"},\"wordCount\":845,\"commentCount\":0,\"image\":{\"@id\":\"https:\/\/blogg.svenskakyrkan.se\/insikten\/2023\/09\/04\/ett-liv-i-toner\/#primaryimage\"},\"thumbnailUrl\":\"https:\/\/blogg.svenskakyrkan.se\/insikten\/files\/2023\/09\/Skarmavbild-2023-09-04-kl.-19.17.54.png\",\"articleSection\":[\"Engagemang\",\"Musik\"],\"inLanguage\":\"sv-SE\",\"potentialAction\":[{\"@type\":\"CommentAction\",\"name\":\"Comment\",\"target\":[\"https:\/\/blogg.svenskakyrkan.se\/insikten\/2023\/09\/04\/ett-liv-i-toner\/#respond\"]}]},{\"@type\":\"WebPage\",\"@id\":\"https:\/\/blogg.svenskakyrkan.se\/insikten\/2023\/09\/04\/ett-liv-i-toner\/\",\"url\":\"https:\/\/blogg.svenskakyrkan.se\/insikten\/2023\/09\/04\/ett-liv-i-toner\/\",\"name\":\"Ett liv i toner - Insikten - Floby pastorat\",\"isPartOf\":{\"@id\":\"https:\/\/blogg.svenskakyrkan.se\/insikten\/#website\"},\"primaryImageOfPage\":{\"@id\":\"https:\/\/blogg.svenskakyrkan.se\/insikten\/2023\/09\/04\/ett-liv-i-toner\/#primaryimage\"},\"image\":{\"@id\":\"https:\/\/blogg.svenskakyrkan.se\/insikten\/2023\/09\/04\/ett-liv-i-toner\/#primaryimage\"},\"thumbnailUrl\":\"https:\/\/blogg.svenskakyrkan.se\/insikten\/files\/2023\/09\/Skarmavbild-2023-09-04-kl.-19.17.54.png\",\"datePublished\":\"2023-09-04T17:25:26+00:00\",\"dateModified\":\"2023-09-04T17:25:28+00:00\",\"author\":{\"@id\":\"https:\/\/blogg.svenskakyrkan.se\/insikten\/#\/schema\/person\/5081f68a0318ddb64c879f7bc416ce8c\"},\"breadcrumb\":{\"@id\":\"https:\/\/blogg.svenskakyrkan.se\/insikten\/2023\/09\/04\/ett-liv-i-toner\/#breadcrumb\"},\"inLanguage\":\"sv-SE\",\"potentialAction\":[{\"@type\":\"ReadAction\",\"target\":[\"https:\/\/blogg.svenskakyrkan.se\/insikten\/2023\/09\/04\/ett-liv-i-toner\/\"]}]},{\"@type\":\"ImageObject\",\"inLanguage\":\"sv-SE\",\"@id\":\"https:\/\/blogg.svenskakyrkan.se\/insikten\/2023\/09\/04\/ett-liv-i-toner\/#primaryimage\",\"url\":\"https:\/\/blogg.svenskakyrkan.se\/insikten\/files\/2023\/09\/Skarmavbild-2023-09-04-kl.-19.17.54.png\",\"contentUrl\":\"https:\/\/blogg.svenskakyrkan.se\/insikten\/files\/2023\/09\/Skarmavbild-2023-09-04-kl.-19.17.54.png\",\"width\":2186,\"height\":1312},{\"@type\":\"BreadcrumbList\",\"@id\":\"https:\/\/blogg.svenskakyrkan.se\/insikten\/2023\/09\/04\/ett-liv-i-toner\/#breadcrumb\",\"itemListElement\":[{\"@type\":\"ListItem\",\"position\":1,\"name\":\"Hem\",\"item\":\"https:\/\/blogg.svenskakyrkan.se\/insikten\/\"},{\"@type\":\"ListItem\",\"position\":2,\"name\":\"Ett liv i toner\"}]},{\"@type\":\"WebSite\",\"@id\":\"https:\/\/blogg.svenskakyrkan.se\/insikten\/#website\",\"url\":\"https:\/\/blogg.svenskakyrkan.se\/insikten\/\",\"name\":\"Insikten - Floby pastorat\",\"description\":\"Insikter, utsikter och emellan\u00e5t \u00e4ven \u00e5sikter fr\u00e5n Floby pastorat i Skara stift.\",\"potentialAction\":[{\"@type\":\"SearchAction\",\"target\":{\"@type\":\"EntryPoint\",\"urlTemplate\":\"https:\/\/blogg.svenskakyrkan.se\/insikten\/?s={search_term_string}\"},\"query-input\":{\"@type\":\"PropertyValueSpecification\",\"valueRequired\":true,\"valueName\":\"search_term_string\"}}],\"inLanguage\":\"sv-SE\"},{\"@type\":\"Person\",\"@id\":\"https:\/\/blogg.svenskakyrkan.se\/insikten\/#\/schema\/person\/5081f68a0318ddb64c879f7bc416ce8c\",\"name\":\"Floby pastorat\",\"image\":{\"@type\":\"ImageObject\",\"inLanguage\":\"sv-SE\",\"@id\":\"https:\/\/blogg.svenskakyrkan.se\/insikten\/#\/schema\/person\/image\/\",\"url\":\"https:\/\/secure.gravatar.com\/avatar\/c63a9fd4196da95cea4408b67893dbdb9ec52ef568ee59a4578ad766986bebcd?s=96&d=mm&r=g\",\"contentUrl\":\"https:\/\/secure.gravatar.com\/avatar\/c63a9fd4196da95cea4408b67893dbdb9ec52ef568ee59a4578ad766986bebcd?s=96&d=mm&r=g\",\"caption\":\"Floby pastorat\"},\"url\":\"https:\/\/blogg.svenskakyrkan.se\/insikten\/author\/helenataubner\/\"}]}<\/script>\n<!-- \/ Yoast SEO plugin. -->","yoast_head_json":{"title":"Ett liv i toner - Insikten - Floby pastorat","robots":{"index":"index","follow":"follow","max-snippet":"max-snippet:-1","max-image-preview":"max-image-preview:large","max-video-preview":"max-video-preview:-1"},"canonical":"https:\/\/blogg.svenskakyrkan.se\/insikten\/2023\/09\/04\/ett-liv-i-toner\/","og_locale":"sv_SE","og_type":"article","og_title":"Ett liv i toner - Insikten - Floby pastorat","og_description":"Kyrkans musik har m\u00e5nga funktioner \u2013 f\u00f6rkunnelse, lovs\u00e5ng och b\u00f6n. Men kyrkan \u00e4r ocks\u00e5 en m\u00f6tesplats och en viktig b\u00e4rare av samh\u00e4llets musikkultur och musikut\u00f6vande. Samverkan med professionella musiker \u00e4r en v\u00e4rdefull tillg\u00e5ng och Svenska kyrkan \u00e4r idag den st\u00f6rsta arbetsgivaren f\u00f6r frilansmusiker i Sverige. Musik ber\u00f6r och kan bringa fram minnen och k\u00e4nslor p\u00e5 [&hellip;]","og_url":"https:\/\/blogg.svenskakyrkan.se\/insikten\/2023\/09\/04\/ett-liv-i-toner\/","og_site_name":"Insikten - Floby pastorat","article_published_time":"2023-09-04T17:25:26+00:00","article_modified_time":"2023-09-04T17:25:28+00:00","og_image":[{"width":1024,"height":615,"url":"https:\/\/blogg.svenskakyrkan.se\/insikten\/files\/2023\/09\/Skarmavbild-2023-09-04-kl.-19.17.54-1024x615.png","type":"image\/png"}],"author":"Floby pastorat","twitter_card":"summary_large_image","twitter_misc":{"Skriven av":"Floby pastorat","Ber\u00e4knad l\u00e4stid":"4 minuter"},"schema":{"@context":"https:\/\/schema.org","@graph":[{"@type":"Article","@id":"https:\/\/blogg.svenskakyrkan.se\/insikten\/2023\/09\/04\/ett-liv-i-toner\/#article","isPartOf":{"@id":"https:\/\/blogg.svenskakyrkan.se\/insikten\/2023\/09\/04\/ett-liv-i-toner\/"},"author":{"name":"Floby pastorat","@id":"https:\/\/blogg.svenskakyrkan.se\/insikten\/#\/schema\/person\/5081f68a0318ddb64c879f7bc416ce8c"},"headline":"Ett liv i toner","datePublished":"2023-09-04T17:25:26+00:00","dateModified":"2023-09-04T17:25:28+00:00","mainEntityOfPage":{"@id":"https:\/\/blogg.svenskakyrkan.se\/insikten\/2023\/09\/04\/ett-liv-i-toner\/"},"wordCount":845,"commentCount":0,"image":{"@id":"https:\/\/blogg.svenskakyrkan.se\/insikten\/2023\/09\/04\/ett-liv-i-toner\/#primaryimage"},"thumbnailUrl":"https:\/\/blogg.svenskakyrkan.se\/insikten\/files\/2023\/09\/Skarmavbild-2023-09-04-kl.-19.17.54.png","articleSection":["Engagemang","Musik"],"inLanguage":"sv-SE","potentialAction":[{"@type":"CommentAction","name":"Comment","target":["https:\/\/blogg.svenskakyrkan.se\/insikten\/2023\/09\/04\/ett-liv-i-toner\/#respond"]}]},{"@type":"WebPage","@id":"https:\/\/blogg.svenskakyrkan.se\/insikten\/2023\/09\/04\/ett-liv-i-toner\/","url":"https:\/\/blogg.svenskakyrkan.se\/insikten\/2023\/09\/04\/ett-liv-i-toner\/","name":"Ett liv i toner - Insikten - Floby pastorat","isPartOf":{"@id":"https:\/\/blogg.svenskakyrkan.se\/insikten\/#website"},"primaryImageOfPage":{"@id":"https:\/\/blogg.svenskakyrkan.se\/insikten\/2023\/09\/04\/ett-liv-i-toner\/#primaryimage"},"image":{"@id":"https:\/\/blogg.svenskakyrkan.se\/insikten\/2023\/09\/04\/ett-liv-i-toner\/#primaryimage"},"thumbnailUrl":"https:\/\/blogg.svenskakyrkan.se\/insikten\/files\/2023\/09\/Skarmavbild-2023-09-04-kl.-19.17.54.png","datePublished":"2023-09-04T17:25:26+00:00","dateModified":"2023-09-04T17:25:28+00:00","author":{"@id":"https:\/\/blogg.svenskakyrkan.se\/insikten\/#\/schema\/person\/5081f68a0318ddb64c879f7bc416ce8c"},"breadcrumb":{"@id":"https:\/\/blogg.svenskakyrkan.se\/insikten\/2023\/09\/04\/ett-liv-i-toner\/#breadcrumb"},"inLanguage":"sv-SE","potentialAction":[{"@type":"ReadAction","target":["https:\/\/blogg.svenskakyrkan.se\/insikten\/2023\/09\/04\/ett-liv-i-toner\/"]}]},{"@type":"ImageObject","inLanguage":"sv-SE","@id":"https:\/\/blogg.svenskakyrkan.se\/insikten\/2023\/09\/04\/ett-liv-i-toner\/#primaryimage","url":"https:\/\/blogg.svenskakyrkan.se\/insikten\/files\/2023\/09\/Skarmavbild-2023-09-04-kl.-19.17.54.png","contentUrl":"https:\/\/blogg.svenskakyrkan.se\/insikten\/files\/2023\/09\/Skarmavbild-2023-09-04-kl.-19.17.54.png","width":2186,"height":1312},{"@type":"BreadcrumbList","@id":"https:\/\/blogg.svenskakyrkan.se\/insikten\/2023\/09\/04\/ett-liv-i-toner\/#breadcrumb","itemListElement":[{"@type":"ListItem","position":1,"name":"Hem","item":"https:\/\/blogg.svenskakyrkan.se\/insikten\/"},{"@type":"ListItem","position":2,"name":"Ett liv i toner"}]},{"@type":"WebSite","@id":"https:\/\/blogg.svenskakyrkan.se\/insikten\/#website","url":"https:\/\/blogg.svenskakyrkan.se\/insikten\/","name":"Insikten - Floby pastorat","description":"Insikter, utsikter och emellan\u00e5t \u00e4ven \u00e5sikter fr\u00e5n Floby pastorat i Skara stift.","potentialAction":[{"@type":"SearchAction","target":{"@type":"EntryPoint","urlTemplate":"https:\/\/blogg.svenskakyrkan.se\/insikten\/?s={search_term_string}"},"query-input":{"@type":"PropertyValueSpecification","valueRequired":true,"valueName":"search_term_string"}}],"inLanguage":"sv-SE"},{"@type":"Person","@id":"https:\/\/blogg.svenskakyrkan.se\/insikten\/#\/schema\/person\/5081f68a0318ddb64c879f7bc416ce8c","name":"Floby pastorat","image":{"@type":"ImageObject","inLanguage":"sv-SE","@id":"https:\/\/blogg.svenskakyrkan.se\/insikten\/#\/schema\/person\/image\/","url":"https:\/\/secure.gravatar.com\/avatar\/c63a9fd4196da95cea4408b67893dbdb9ec52ef568ee59a4578ad766986bebcd?s=96&d=mm&r=g","contentUrl":"https:\/\/secure.gravatar.com\/avatar\/c63a9fd4196da95cea4408b67893dbdb9ec52ef568ee59a4578ad766986bebcd?s=96&d=mm&r=g","caption":"Floby pastorat"},"url":"https:\/\/blogg.svenskakyrkan.se\/insikten\/author\/helenataubner\/"}]}},"author_meta":{"ID":"250","user_nicename":"helenataubner","user_registered":"2013-01-15 08:36:14","display_name":"Floby pastorat","avatar":"https:\/\/secure.gravatar.com\/avatar\/c63a9fd4196da95cea4408b67893dbdb9ec52ef568ee59a4578ad766986bebcd?s=96&d=mm&r=g"},"featured_image":["https:\/\/blogg.svenskakyrkan.se\/insikten\/files\/2023\/09\/Skarmavbild-2023-09-04-kl.-19.17.54-1024x615.png",1024,615,true],"bloginfo":{"name":"Insikten - Floby pastorat","url":"https:\/\/blogg.svenskakyrkan.se\/insikten"},"_links":{"self":[{"href":"https:\/\/blogg.svenskakyrkan.se\/insikten\/wp-json\/wp\/v2\/posts\/233","targetHints":{"allow":["GET"]}}],"collection":[{"href":"https:\/\/blogg.svenskakyrkan.se\/insikten\/wp-json\/wp\/v2\/posts"}],"about":[{"href":"https:\/\/blogg.svenskakyrkan.se\/insikten\/wp-json\/wp\/v2\/types\/post"}],"author":[{"embeddable":true,"href":"https:\/\/blogg.svenskakyrkan.se\/insikten\/wp-json\/wp\/v2\/users\/250"}],"replies":[{"embeddable":true,"href":"https:\/\/blogg.svenskakyrkan.se\/insikten\/wp-json\/wp\/v2\/comments?post=233"}],"version-history":[{"count":1,"href":"https:\/\/blogg.svenskakyrkan.se\/insikten\/wp-json\/wp\/v2\/posts\/233\/revisions"}],"predecessor-version":[{"id":235,"href":"https:\/\/blogg.svenskakyrkan.se\/insikten\/wp-json\/wp\/v2\/posts\/233\/revisions\/235"}],"wp:featuredmedia":[{"embeddable":true,"href":"https:\/\/blogg.svenskakyrkan.se\/insikten\/wp-json\/wp\/v2\/media\/234"}],"wp:attachment":[{"href":"https:\/\/blogg.svenskakyrkan.se\/insikten\/wp-json\/wp\/v2\/media?parent=233"}],"wp:term":[{"taxonomy":"category","embeddable":true,"href":"https:\/\/blogg.svenskakyrkan.se\/insikten\/wp-json\/wp\/v2\/categories?post=233"},{"taxonomy":"post_tag","embeddable":true,"href":"https:\/\/blogg.svenskakyrkan.se\/insikten\/wp-json\/wp\/v2\/tags?post=233"}],"curies":[{"name":"wp","href":"https:\/\/api.w.org\/{rel}","templated":true}]}}