{"id":24,"date":"2020-12-13T13:19:14","date_gmt":"2020-12-13T12:19:14","guid":{"rendered":"http:\/\/blogg.svenskakyrkan.se\/insikten\/?p=24"},"modified":"2022-12-11T13:43:14","modified_gmt":"2022-12-11T12:43:14","slug":"musikernas-favoritjulpsalmer","status":"publish","type":"post","link":"https:\/\/blogg.svenskakyrkan.se\/insikten\/2020\/12\/13\/musikernas-favoritjulpsalmer\/","title":{"rendered":"Musikernas favoritjulpsalmer"},"content":{"rendered":"\n\n\n<figure class=\"wp-block-image size-large is-style-default\"><img loading=\"lazy\" decoding=\"async\" width=\"1024\" height=\"651\" src=\"https:\/\/blogg.svenskakyrkan.se\/insikten\/files\/2022\/12\/Skarmavbild-2022-12-11-kl.-13.34.05-1024x651.png\" alt=\"\" class=\"wp-image-225\" srcset=\"https:\/\/blogg.svenskakyrkan.se\/insikten\/files\/2022\/12\/Skarmavbild-2022-12-11-kl.-13.34.05-1024x651.png 1024w, https:\/\/blogg.svenskakyrkan.se\/insikten\/files\/2022\/12\/Skarmavbild-2022-12-11-kl.-13.34.05-300x191.png 300w, https:\/\/blogg.svenskakyrkan.se\/insikten\/files\/2022\/12\/Skarmavbild-2022-12-11-kl.-13.34.05-768x488.png 768w, https:\/\/blogg.svenskakyrkan.se\/insikten\/files\/2022\/12\/Skarmavbild-2022-12-11-kl.-13.34.05-1536x976.png 1536w, https:\/\/blogg.svenskakyrkan.se\/insikten\/files\/2022\/12\/Skarmavbild-2022-12-11-kl.-13.34.05-2048x1302.png 2048w, https:\/\/blogg.svenskakyrkan.se\/insikten\/files\/2022\/12\/Skarmavbild-2022-12-11-kl.-13.34.05-1200x763.png 1200w\" sizes=\"auto, (max-width: 1024px) 100vw, 1024px\" \/><\/figure>\n\n\n\n<p>Musikerna i Floby pastorat vet att julmusiken \u00e4r en viktig del av julfirandet f\u00f6r m\u00e5nga m\u00e4nniskor. Men vilka \u00e4r deras egna favoriter? H\u00e4r ber\u00e4ttar de om vilka av alla julens psalmer som de tycker b\u00e4st om. <\/p>\n\n\n\n<h2 class=\"wp-block-heading\">Fin avslutning p\u00e5 julnattens gudstj\u00e4nster<\/h2>\n\n\n\n<p>Thomas, vilken \u00e4r din favoritjulpsalm?<\/p>\n\n\n\n<p>\u2013 Min favoritpsalm \u00e4r psalm 122, \u201dDagen \u00e4r kommen\u201d. Den \u00e4r en fin avslutning p\u00e5 midnattsgudstj\u00e4nsten eller julottan tycker jag. Vi har ocks\u00e5 den psalmen som avslutning p\u00e5 Julmusiken i \u00c5sarp. Jag tycker att psalm 122 \u00e4r en festlig, h\u00e4rlig psalm.<\/p>\n\n\n\n<p>(Syns inte filmen h\u00e4r? Se den direkt p\u00e5 <a href=\"https:\/\/youtu.be\/0Q1WBVV9F_Y\">https:\/\/youtu.be\/0Q1WBVV9F_Y<\/a>) <\/p>\n\n\n\n<figure class=\"wp-block-embed is-type-video is-provider-youtube wp-block-embed-youtube wp-embed-aspect-16-9 wp-has-aspect-ratio\"><div class=\"wp-block-embed__wrapper\">\n<iframe loading=\"lazy\" title=\"SvPs 122 Dagen \u00e4r kommen\" width=\"500\" height=\"281\" src=\"https:\/\/www.youtube.com\/embed\/0Q1WBVV9F_Y?feature=oembed\" frameborder=\"0\" allow=\"accelerometer; autoplay; clipboard-write; encrypted-media; gyroscope; picture-in-picture; web-share\" referrerpolicy=\"strict-origin-when-cross-origin\" allowfullscreen><\/iframe>\n<\/div><\/figure>\n\n\n\n<h2 class=\"wp-block-heading\">Lovs\u00e5ng till en skrynklig bebis<\/h2>\n\n\n\n<p>Jenny, vilken \u00e4r din favoritjulpsalm?<\/p>\n\n\n\n<p>\u2013 Precis som Thomas s\u00e4ger s\u00e5 \u00e4r \u201dDagen \u00e4r kommen\u201d (psalm 122) en h\u00e4rlig psalm. Det \u00e4r h\u00e4rligt att vi sjunger en s\u00e5 m\u00e4ktig lovs\u00e5ng till en liten skrynklig bebis! <\/p>\n\n\n\n<p>\u2013 Jag skulle ocks\u00e5 s\u00e4ga att en av favoriterna \u00e4r \u201dStilla natt\u201d (psalm 114). I den psalmen finns b\u00e5de det sk\u00f6ra, stillheten och det fokus som kan infinna sig efter f\u00f6delsen av ett barn, d\u00e4r v\u00e4rlden runtom f\u00f6rsvinner f\u00f6r det liv som ligger i ens famn. Det stora ofattbara skakar om hela v\u00e4rlden, att detta barn kommer f\u00f6r att fr\u00e4lsa v\u00e4rlden.<\/p>\n\n\n\n<p>(Syns inte filmen h\u00e4r? Se den direkt p\u00e5 <a href=\"https:\/\/youtu.be\/zqZqEj4r_DY\">https:\/\/youtu.be\/zqZqEj4r_DY<\/a>)<\/p>\n\n\n\n<figure class=\"wp-block-embed is-type-video is-provider-youtube wp-block-embed-youtube wp-embed-aspect-16-9 wp-has-aspect-ratio\"><div class=\"wp-block-embed__wrapper\">\n<iframe loading=\"lazy\" title=\"Stilla natt\" width=\"500\" height=\"281\" src=\"https:\/\/www.youtube.com\/embed\/zqZqEj4r_DY?feature=oembed\" frameborder=\"0\" allow=\"accelerometer; autoplay; clipboard-write; encrypted-media; gyroscope; picture-in-picture; web-share\" referrerpolicy=\"strict-origin-when-cross-origin\" allowfullscreen><\/iframe>\n<\/div><\/figure>\n\n\n\n<h2 class=\"wp-block-heading\">L\u00f6fte inf\u00f6r framtiden<\/h2>\n\n\n\n<p>Christina, vilken \u00e4r din favoritjulpsalm?<\/p>\n\n\n\n<p>\u2013 En av mina favoriter bland julpsalmerna \u00e4r \u201dOch det h\u00e4nde vid den tiden\u201d (psalm 129). Den rymmer hela julevangeliet och visar kontrasterna mellan fattigdomen i den lilla familjen och det stora som sker \u2013 att Guds son f\u00f6ds. Psalmen skildrar hur Gud solidariserar sig med de mest utsatta, dem som det inte finns plats f\u00f6r i samh\u00e4llet. Samtidigt \u00f6kar gl\u00e4djen och jublet f\u00f6r varje vers. Sista versen ger oss ett l\u00f6fte f\u00f6r nutiden och framtiden: \u201d\u00c4nnu l\u00f6ftets stj\u00e4rna brinner \u2026\u201d<\/p>\n\n\n\n<p>(Syns inte filmen h\u00e4r? Se den direkt p\u00e5 <a href=\"https:\/\/youtu.be\/MiIgl8kqY24\">https:\/\/youtu.be\/MiIgl8kqY24<\/a>) <\/p>\n\n\n\n<figure class=\"wp-block-embed is-type-video is-provider-youtube wp-block-embed-youtube wp-embed-aspect-16-9 wp-has-aspect-ratio\"><div class=\"wp-block-embed__wrapper\">\n<iframe loading=\"lazy\" title=\"Och det h\u00e4nde vid den tiden\" width=\"500\" height=\"281\" src=\"https:\/\/www.youtube.com\/embed\/MiIgl8kqY24?feature=oembed\" frameborder=\"0\" allow=\"accelerometer; autoplay; clipboard-write; encrypted-media; gyroscope; picture-in-picture; web-share\" referrerpolicy=\"strict-origin-when-cross-origin\" allowfullscreen><\/iframe>\n<\/div><\/figure>\n\n\n\n<p><\/p>\n\n\n\n<p>(Texten publicerades i Insikten nummer 4 2020).<\/p>\n","protected":false},"excerpt":{"rendered":"<p>Musikerna i Floby pastorat vet att julmusiken \u00e4r en viktig del av julfirandet f\u00f6r m\u00e5nga m\u00e4nniskor. Men vilka \u00e4r deras egna favoriter? H\u00e4r ber\u00e4ttar de om vilka av alla julens psalmer som de tycker b\u00e4st om. Fin avslutning p\u00e5 julnattens gudstj\u00e4nster Thomas, vilken \u00e4r din favoritjulpsalm? \u2013 Min favoritpsalm \u00e4r psalm 122, \u201dDagen \u00e4r kommen\u201d. [&hellip;]<\/p>\n","protected":false},"author":250,"featured_media":225,"comment_status":"open","ping_status":"open","sticky":false,"template":"","format":"standard","meta":{"_acf_changed":false,"footnotes":""},"categories":[5,11],"tags":[],"class_list":["post-24","post","type-post","status-publish","format-standard","has-post-thumbnail","hentry","category-jul","category-musik"],"acf":[],"yoast_head":"<!-- This site is optimized with the Yoast SEO plugin v27.1.1 - https:\/\/yoast.com\/product\/yoast-seo-wordpress\/ -->\n<title>Musikernas favoritjulpsalmer - Insikten - Floby pastorat<\/title>\n<meta name=\"robots\" content=\"index, follow, max-snippet:-1, max-image-preview:large, max-video-preview:-1\" \/>\n<link rel=\"canonical\" href=\"https:\/\/blogg.svenskakyrkan.se\/insikten\/2020\/12\/13\/musikernas-favoritjulpsalmer\/\" \/>\n<meta property=\"og:locale\" content=\"sv_SE\" \/>\n<meta property=\"og:type\" content=\"article\" \/>\n<meta property=\"og:title\" content=\"Musikernas favoritjulpsalmer - Insikten - Floby pastorat\" \/>\n<meta property=\"og:description\" content=\"Musikerna i Floby pastorat vet att julmusiken \u00e4r en viktig del av julfirandet f\u00f6r m\u00e5nga m\u00e4nniskor. Men vilka \u00e4r deras egna favoriter? H\u00e4r ber\u00e4ttar de om vilka av alla julens psalmer som de tycker b\u00e4st om. Fin avslutning p\u00e5 julnattens gudstj\u00e4nster Thomas, vilken \u00e4r din favoritjulpsalm? \u2013 Min favoritpsalm \u00e4r psalm 122, \u201dDagen \u00e4r kommen\u201d. [&hellip;]\" \/>\n<meta property=\"og:url\" content=\"https:\/\/blogg.svenskakyrkan.se\/insikten\/2020\/12\/13\/musikernas-favoritjulpsalmer\/\" \/>\n<meta property=\"og:site_name\" content=\"Insikten - Floby pastorat\" \/>\n<meta property=\"article:published_time\" content=\"2020-12-13T12:19:14+00:00\" \/>\n<meta property=\"article:modified_time\" content=\"2022-12-11T12:43:14+00:00\" \/>\n<meta property=\"og:image\" content=\"https:\/\/blogg.svenskakyrkan.se\/insikten\/files\/2022\/12\/Skarmavbild-2022-12-11-kl.-13.34.05-1024x651.png\" \/>\n\t<meta property=\"og:image:width\" content=\"1024\" \/>\n\t<meta property=\"og:image:height\" content=\"651\" \/>\n\t<meta property=\"og:image:type\" content=\"image\/png\" \/>\n<meta name=\"author\" content=\"Floby pastorat\" \/>\n<meta name=\"twitter:card\" content=\"summary_large_image\" \/>\n<meta name=\"twitter:label1\" content=\"Skriven av\" \/>\n\t<meta name=\"twitter:data1\" content=\"Floby pastorat\" \/>\n\t<meta name=\"twitter:label2\" content=\"Ber\u00e4knad l\u00e4stid\" \/>\n\t<meta name=\"twitter:data2\" content=\"2 minuter\" \/>\n<script type=\"application\/ld+json\" class=\"yoast-schema-graph\">{\"@context\":\"https:\/\/schema.org\",\"@graph\":[{\"@type\":\"Article\",\"@id\":\"https:\/\/blogg.svenskakyrkan.se\/insikten\/2020\/12\/13\/musikernas-favoritjulpsalmer\/#article\",\"isPartOf\":{\"@id\":\"https:\/\/blogg.svenskakyrkan.se\/insikten\/2020\/12\/13\/musikernas-favoritjulpsalmer\/\"},\"author\":{\"name\":\"Floby pastorat\",\"@id\":\"https:\/\/blogg.svenskakyrkan.se\/insikten\/#\/schema\/person\/5081f68a0318ddb64c879f7bc416ce8c\"},\"headline\":\"Musikernas favoritjulpsalmer\",\"datePublished\":\"2020-12-13T12:19:14+00:00\",\"dateModified\":\"2022-12-11T12:43:14+00:00\",\"mainEntityOfPage\":{\"@id\":\"https:\/\/blogg.svenskakyrkan.se\/insikten\/2020\/12\/13\/musikernas-favoritjulpsalmer\/\"},\"wordCount\":375,\"commentCount\":0,\"image\":{\"@id\":\"https:\/\/blogg.svenskakyrkan.se\/insikten\/2020\/12\/13\/musikernas-favoritjulpsalmer\/#primaryimage\"},\"thumbnailUrl\":\"https:\/\/blogg.svenskakyrkan.se\/insikten\/files\/2022\/12\/Skarmavbild-2022-12-11-kl.-13.34.05.png\",\"articleSection\":[\"Jul\",\"Musik\"],\"inLanguage\":\"sv-SE\",\"potentialAction\":[{\"@type\":\"CommentAction\",\"name\":\"Comment\",\"target\":[\"https:\/\/blogg.svenskakyrkan.se\/insikten\/2020\/12\/13\/musikernas-favoritjulpsalmer\/#respond\"]}]},{\"@type\":\"WebPage\",\"@id\":\"https:\/\/blogg.svenskakyrkan.se\/insikten\/2020\/12\/13\/musikernas-favoritjulpsalmer\/\",\"url\":\"https:\/\/blogg.svenskakyrkan.se\/insikten\/2020\/12\/13\/musikernas-favoritjulpsalmer\/\",\"name\":\"Musikernas favoritjulpsalmer - Insikten - Floby pastorat\",\"isPartOf\":{\"@id\":\"https:\/\/blogg.svenskakyrkan.se\/insikten\/#website\"},\"primaryImageOfPage\":{\"@id\":\"https:\/\/blogg.svenskakyrkan.se\/insikten\/2020\/12\/13\/musikernas-favoritjulpsalmer\/#primaryimage\"},\"image\":{\"@id\":\"https:\/\/blogg.svenskakyrkan.se\/insikten\/2020\/12\/13\/musikernas-favoritjulpsalmer\/#primaryimage\"},\"thumbnailUrl\":\"https:\/\/blogg.svenskakyrkan.se\/insikten\/files\/2022\/12\/Skarmavbild-2022-12-11-kl.-13.34.05.png\",\"datePublished\":\"2020-12-13T12:19:14+00:00\",\"dateModified\":\"2022-12-11T12:43:14+00:00\",\"author\":{\"@id\":\"https:\/\/blogg.svenskakyrkan.se\/insikten\/#\/schema\/person\/5081f68a0318ddb64c879f7bc416ce8c\"},\"breadcrumb\":{\"@id\":\"https:\/\/blogg.svenskakyrkan.se\/insikten\/2020\/12\/13\/musikernas-favoritjulpsalmer\/#breadcrumb\"},\"inLanguage\":\"sv-SE\",\"potentialAction\":[{\"@type\":\"ReadAction\",\"target\":[\"https:\/\/blogg.svenskakyrkan.se\/insikten\/2020\/12\/13\/musikernas-favoritjulpsalmer\/\"]}]},{\"@type\":\"ImageObject\",\"inLanguage\":\"sv-SE\",\"@id\":\"https:\/\/blogg.svenskakyrkan.se\/insikten\/2020\/12\/13\/musikernas-favoritjulpsalmer\/#primaryimage\",\"url\":\"https:\/\/blogg.svenskakyrkan.se\/insikten\/files\/2022\/12\/Skarmavbild-2022-12-11-kl.-13.34.05.png\",\"contentUrl\":\"https:\/\/blogg.svenskakyrkan.se\/insikten\/files\/2022\/12\/Skarmavbild-2022-12-11-kl.-13.34.05.png\",\"width\":2860,\"height\":1818},{\"@type\":\"BreadcrumbList\",\"@id\":\"https:\/\/blogg.svenskakyrkan.se\/insikten\/2020\/12\/13\/musikernas-favoritjulpsalmer\/#breadcrumb\",\"itemListElement\":[{\"@type\":\"ListItem\",\"position\":1,\"name\":\"Hem\",\"item\":\"https:\/\/blogg.svenskakyrkan.se\/insikten\/\"},{\"@type\":\"ListItem\",\"position\":2,\"name\":\"Musikernas favoritjulpsalmer\"}]},{\"@type\":\"WebSite\",\"@id\":\"https:\/\/blogg.svenskakyrkan.se\/insikten\/#website\",\"url\":\"https:\/\/blogg.svenskakyrkan.se\/insikten\/\",\"name\":\"Insikten - Floby pastorat\",\"description\":\"Insikter, utsikter och emellan\u00e5t \u00e4ven \u00e5sikter fr\u00e5n Floby pastorat i Skara stift.\",\"potentialAction\":[{\"@type\":\"SearchAction\",\"target\":{\"@type\":\"EntryPoint\",\"urlTemplate\":\"https:\/\/blogg.svenskakyrkan.se\/insikten\/?s={search_term_string}\"},\"query-input\":{\"@type\":\"PropertyValueSpecification\",\"valueRequired\":true,\"valueName\":\"search_term_string\"}}],\"inLanguage\":\"sv-SE\"},{\"@type\":\"Person\",\"@id\":\"https:\/\/blogg.svenskakyrkan.se\/insikten\/#\/schema\/person\/5081f68a0318ddb64c879f7bc416ce8c\",\"name\":\"Floby pastorat\",\"image\":{\"@type\":\"ImageObject\",\"inLanguage\":\"sv-SE\",\"@id\":\"https:\/\/blogg.svenskakyrkan.se\/insikten\/#\/schema\/person\/image\/\",\"url\":\"https:\/\/secure.gravatar.com\/avatar\/c63a9fd4196da95cea4408b67893dbdb9ec52ef568ee59a4578ad766986bebcd?s=96&d=mm&r=g\",\"contentUrl\":\"https:\/\/secure.gravatar.com\/avatar\/c63a9fd4196da95cea4408b67893dbdb9ec52ef568ee59a4578ad766986bebcd?s=96&d=mm&r=g\",\"caption\":\"Floby pastorat\"},\"url\":\"https:\/\/blogg.svenskakyrkan.se\/insikten\/author\/helenataubner\/\"}]}<\/script>\n<!-- \/ Yoast SEO plugin. -->","yoast_head_json":{"title":"Musikernas favoritjulpsalmer - Insikten - Floby pastorat","robots":{"index":"index","follow":"follow","max-snippet":"max-snippet:-1","max-image-preview":"max-image-preview:large","max-video-preview":"max-video-preview:-1"},"canonical":"https:\/\/blogg.svenskakyrkan.se\/insikten\/2020\/12\/13\/musikernas-favoritjulpsalmer\/","og_locale":"sv_SE","og_type":"article","og_title":"Musikernas favoritjulpsalmer - Insikten - Floby pastorat","og_description":"Musikerna i Floby pastorat vet att julmusiken \u00e4r en viktig del av julfirandet f\u00f6r m\u00e5nga m\u00e4nniskor. Men vilka \u00e4r deras egna favoriter? H\u00e4r ber\u00e4ttar de om vilka av alla julens psalmer som de tycker b\u00e4st om. Fin avslutning p\u00e5 julnattens gudstj\u00e4nster Thomas, vilken \u00e4r din favoritjulpsalm? \u2013 Min favoritpsalm \u00e4r psalm 122, \u201dDagen \u00e4r kommen\u201d. [&hellip;]","og_url":"https:\/\/blogg.svenskakyrkan.se\/insikten\/2020\/12\/13\/musikernas-favoritjulpsalmer\/","og_site_name":"Insikten - Floby pastorat","article_published_time":"2020-12-13T12:19:14+00:00","article_modified_time":"2022-12-11T12:43:14+00:00","og_image":[{"width":1024,"height":651,"url":"https:\/\/blogg.svenskakyrkan.se\/insikten\/files\/2022\/12\/Skarmavbild-2022-12-11-kl.-13.34.05-1024x651.png","type":"image\/png"}],"author":"Floby pastorat","twitter_card":"summary_large_image","twitter_misc":{"Skriven av":"Floby pastorat","Ber\u00e4knad l\u00e4stid":"2 minuter"},"schema":{"@context":"https:\/\/schema.org","@graph":[{"@type":"Article","@id":"https:\/\/blogg.svenskakyrkan.se\/insikten\/2020\/12\/13\/musikernas-favoritjulpsalmer\/#article","isPartOf":{"@id":"https:\/\/blogg.svenskakyrkan.se\/insikten\/2020\/12\/13\/musikernas-favoritjulpsalmer\/"},"author":{"name":"Floby pastorat","@id":"https:\/\/blogg.svenskakyrkan.se\/insikten\/#\/schema\/person\/5081f68a0318ddb64c879f7bc416ce8c"},"headline":"Musikernas favoritjulpsalmer","datePublished":"2020-12-13T12:19:14+00:00","dateModified":"2022-12-11T12:43:14+00:00","mainEntityOfPage":{"@id":"https:\/\/blogg.svenskakyrkan.se\/insikten\/2020\/12\/13\/musikernas-favoritjulpsalmer\/"},"wordCount":375,"commentCount":0,"image":{"@id":"https:\/\/blogg.svenskakyrkan.se\/insikten\/2020\/12\/13\/musikernas-favoritjulpsalmer\/#primaryimage"},"thumbnailUrl":"https:\/\/blogg.svenskakyrkan.se\/insikten\/files\/2022\/12\/Skarmavbild-2022-12-11-kl.-13.34.05.png","articleSection":["Jul","Musik"],"inLanguage":"sv-SE","potentialAction":[{"@type":"CommentAction","name":"Comment","target":["https:\/\/blogg.svenskakyrkan.se\/insikten\/2020\/12\/13\/musikernas-favoritjulpsalmer\/#respond"]}]},{"@type":"WebPage","@id":"https:\/\/blogg.svenskakyrkan.se\/insikten\/2020\/12\/13\/musikernas-favoritjulpsalmer\/","url":"https:\/\/blogg.svenskakyrkan.se\/insikten\/2020\/12\/13\/musikernas-favoritjulpsalmer\/","name":"Musikernas favoritjulpsalmer - Insikten - Floby pastorat","isPartOf":{"@id":"https:\/\/blogg.svenskakyrkan.se\/insikten\/#website"},"primaryImageOfPage":{"@id":"https:\/\/blogg.svenskakyrkan.se\/insikten\/2020\/12\/13\/musikernas-favoritjulpsalmer\/#primaryimage"},"image":{"@id":"https:\/\/blogg.svenskakyrkan.se\/insikten\/2020\/12\/13\/musikernas-favoritjulpsalmer\/#primaryimage"},"thumbnailUrl":"https:\/\/blogg.svenskakyrkan.se\/insikten\/files\/2022\/12\/Skarmavbild-2022-12-11-kl.-13.34.05.png","datePublished":"2020-12-13T12:19:14+00:00","dateModified":"2022-12-11T12:43:14+00:00","author":{"@id":"https:\/\/blogg.svenskakyrkan.se\/insikten\/#\/schema\/person\/5081f68a0318ddb64c879f7bc416ce8c"},"breadcrumb":{"@id":"https:\/\/blogg.svenskakyrkan.se\/insikten\/2020\/12\/13\/musikernas-favoritjulpsalmer\/#breadcrumb"},"inLanguage":"sv-SE","potentialAction":[{"@type":"ReadAction","target":["https:\/\/blogg.svenskakyrkan.se\/insikten\/2020\/12\/13\/musikernas-favoritjulpsalmer\/"]}]},{"@type":"ImageObject","inLanguage":"sv-SE","@id":"https:\/\/blogg.svenskakyrkan.se\/insikten\/2020\/12\/13\/musikernas-favoritjulpsalmer\/#primaryimage","url":"https:\/\/blogg.svenskakyrkan.se\/insikten\/files\/2022\/12\/Skarmavbild-2022-12-11-kl.-13.34.05.png","contentUrl":"https:\/\/blogg.svenskakyrkan.se\/insikten\/files\/2022\/12\/Skarmavbild-2022-12-11-kl.-13.34.05.png","width":2860,"height":1818},{"@type":"BreadcrumbList","@id":"https:\/\/blogg.svenskakyrkan.se\/insikten\/2020\/12\/13\/musikernas-favoritjulpsalmer\/#breadcrumb","itemListElement":[{"@type":"ListItem","position":1,"name":"Hem","item":"https:\/\/blogg.svenskakyrkan.se\/insikten\/"},{"@type":"ListItem","position":2,"name":"Musikernas favoritjulpsalmer"}]},{"@type":"WebSite","@id":"https:\/\/blogg.svenskakyrkan.se\/insikten\/#website","url":"https:\/\/blogg.svenskakyrkan.se\/insikten\/","name":"Insikten - Floby pastorat","description":"Insikter, utsikter och emellan\u00e5t \u00e4ven \u00e5sikter fr\u00e5n Floby pastorat i Skara stift.","potentialAction":[{"@type":"SearchAction","target":{"@type":"EntryPoint","urlTemplate":"https:\/\/blogg.svenskakyrkan.se\/insikten\/?s={search_term_string}"},"query-input":{"@type":"PropertyValueSpecification","valueRequired":true,"valueName":"search_term_string"}}],"inLanguage":"sv-SE"},{"@type":"Person","@id":"https:\/\/blogg.svenskakyrkan.se\/insikten\/#\/schema\/person\/5081f68a0318ddb64c879f7bc416ce8c","name":"Floby pastorat","image":{"@type":"ImageObject","inLanguage":"sv-SE","@id":"https:\/\/blogg.svenskakyrkan.se\/insikten\/#\/schema\/person\/image\/","url":"https:\/\/secure.gravatar.com\/avatar\/c63a9fd4196da95cea4408b67893dbdb9ec52ef568ee59a4578ad766986bebcd?s=96&d=mm&r=g","contentUrl":"https:\/\/secure.gravatar.com\/avatar\/c63a9fd4196da95cea4408b67893dbdb9ec52ef568ee59a4578ad766986bebcd?s=96&d=mm&r=g","caption":"Floby pastorat"},"url":"https:\/\/blogg.svenskakyrkan.se\/insikten\/author\/helenataubner\/"}]}},"author_meta":{"ID":"250","user_nicename":"helenataubner","user_registered":"2013-01-15 08:36:14","display_name":"Floby pastorat","avatar":"https:\/\/secure.gravatar.com\/avatar\/c63a9fd4196da95cea4408b67893dbdb9ec52ef568ee59a4578ad766986bebcd?s=96&d=mm&r=g"},"featured_image":["https:\/\/blogg.svenskakyrkan.se\/insikten\/files\/2022\/12\/Skarmavbild-2022-12-11-kl.-13.34.05-1024x651.png",1024,651,true],"bloginfo":{"name":"Insikten - Floby pastorat","url":"https:\/\/blogg.svenskakyrkan.se\/insikten"},"_links":{"self":[{"href":"https:\/\/blogg.svenskakyrkan.se\/insikten\/wp-json\/wp\/v2\/posts\/24","targetHints":{"allow":["GET"]}}],"collection":[{"href":"https:\/\/blogg.svenskakyrkan.se\/insikten\/wp-json\/wp\/v2\/posts"}],"about":[{"href":"https:\/\/blogg.svenskakyrkan.se\/insikten\/wp-json\/wp\/v2\/types\/post"}],"author":[{"embeddable":true,"href":"https:\/\/blogg.svenskakyrkan.se\/insikten\/wp-json\/wp\/v2\/users\/250"}],"replies":[{"embeddable":true,"href":"https:\/\/blogg.svenskakyrkan.se\/insikten\/wp-json\/wp\/v2\/comments?post=24"}],"version-history":[{"count":6,"href":"https:\/\/blogg.svenskakyrkan.se\/insikten\/wp-json\/wp\/v2\/posts\/24\/revisions"}],"predecessor-version":[{"id":227,"href":"https:\/\/blogg.svenskakyrkan.se\/insikten\/wp-json\/wp\/v2\/posts\/24\/revisions\/227"}],"wp:featuredmedia":[{"embeddable":true,"href":"https:\/\/blogg.svenskakyrkan.se\/insikten\/wp-json\/wp\/v2\/media\/225"}],"wp:attachment":[{"href":"https:\/\/blogg.svenskakyrkan.se\/insikten\/wp-json\/wp\/v2\/media?parent=24"}],"wp:term":[{"taxonomy":"category","embeddable":true,"href":"https:\/\/blogg.svenskakyrkan.se\/insikten\/wp-json\/wp\/v2\/categories?post=24"},{"taxonomy":"post_tag","embeddable":true,"href":"https:\/\/blogg.svenskakyrkan.se\/insikten\/wp-json\/wp\/v2\/tags?post=24"}],"curies":[{"name":"wp","href":"https:\/\/api.w.org\/{rel}","templated":true}]}}