{"id":246,"date":"2024-06-02T10:02:59","date_gmt":"2024-06-02T08:02:59","guid":{"rendered":"https:\/\/blogg.svenskakyrkan.se\/insikten\/?p=246"},"modified":"2024-06-02T10:21:56","modified_gmt":"2024-06-02T08:21:56","slug":"manga-bilderav-maria","status":"publish","type":"post","link":"https:\/\/blogg.svenskakyrkan.se\/insikten\/2024\/06\/02\/manga-bilderav-maria\/","title":{"rendered":"M\u00e5nga bilder av Maria"},"content":{"rendered":"\n\n\n<p>Det b\u00f6rjade med en mamma och ett barn. Allt sedan kristendomens f\u00f6rsta tid har bilden av Maria med Jesusbarnet varit det vanligast f\u00f6rekommande motivet i den kristna konsten, vid sidan av bilden av Jesus p\u00e5 korset eller Jesus som uppst\u00e5nden. Den \u00e4ldsta k\u00e4nda bilden \u00e4r fr\u00e5n mitten av 100-talet och finns i Priscilla-katakomben under Rom, d\u00e4r Maria ses amma den nyf\u00f6dde Jesus.<\/p>\n\n\n\n<p>Maria med Jesusbarnet \u00e4r en bild f\u00f6r det mysterium som kallas inkarnationen (det latinska ordet \u201dcarne\u201d betyder k\u00f6tt). Guds son f\u00f6ddes av Maria som en m\u00e4nniska av k\u00f6tt och blod f\u00f6r att komma oss n\u00e4ra, dela v\u00e5r vardag och f\u00f6rsona hela v\u00e4rlden med sig. Hon \u00e4r en bild f\u00f6r Guds k\u00e4rlek, \u00f6mhet och n\u00e4rhet till oss m\u00e4nniskor \u2013 och en f\u00f6rebild genom sitt mod att s\u00e4ga ja till Guds vilja.<\/p>\n\n\n\n<h2 class=\"wp-block-heading\">Tre speciella madonnor<\/h2>\n\n\n\n<p>I Kinneveds f\u00f6rsamling finns tre mycket speciella Maria-bilder eller madonnor. I V\u00e5rkumla kyrka har hon suttit p\u00e5 sin tron sedan 1200-talet, med barnet p\u00e5 kn\u00e4t som en uppst\u00e5nden fr\u00e4lsare som v\u00e4lsignar v\u00e4rlden. I Kinneveds kyrka har hon st\u00e5tt sedan 1400-talet med sina fina f\u00e4rger, grova h\u00e4nder och ett barn som nu kl\u00e4nger i hennes famn som andra barn.<\/p>\n\n\n\n<p>I Brismene kyrka har hon funnits sedan 1200-talet. Men vad har hon egentligen varit med om? Det s\u00e4gs att hon under en period, den tid d\u00e5 allt katolskt skulle rensas bort, hamnade i skolans vedbod. N\u00e5gra pojkar var of\u00f6rsiktiga med yxan och resultatet blev en huvudl\u00f6s och kluven madonna. V\u00e5rt fokus riktas p\u00e5 nytt mot barnet och p\u00e5 de ord som Maria fick h\u00f6ra av Simeon i templet: \u201dDetta barn skall bli till fall eller uppr\u00e4ttelse f\u00f6r m\u00e5nga i Israel och till ett tecken som v\u00e4cker strid \u2013 ja, ocks\u00e5 genom din egen sj\u00e4l skall det g\u00e5 ett sv\u00e4rd\u2026\u201d (Lukasevangeliet 2:34-35).<\/p>\n\n\n\n<figure class=\"wp-block-image alignleft size-medium is-style-default\"><img loading=\"lazy\" decoding=\"async\" width=\"180\" height=\"300\" src=\"https:\/\/blogg.svenskakyrkan.se\/insikten\/files\/2024\/06\/Madonna-Brismene-180x300.jpg\" alt=\"\" class=\"wp-image-247\" srcset=\"https:\/\/blogg.svenskakyrkan.se\/insikten\/files\/2024\/06\/Madonna-Brismene-180x300.jpg 180w, https:\/\/blogg.svenskakyrkan.se\/insikten\/files\/2024\/06\/Madonna-Brismene-614x1024.jpg 614w, https:\/\/blogg.svenskakyrkan.se\/insikten\/files\/2024\/06\/Madonna-Brismene-768x1280.jpg 768w, https:\/\/blogg.svenskakyrkan.se\/insikten\/files\/2024\/06\/Madonna-Brismene-922x1536.jpg 922w, https:\/\/blogg.svenskakyrkan.se\/insikten\/files\/2024\/06\/Madonna-Brismene-1229x2048.jpg 1229w, https:\/\/blogg.svenskakyrkan.se\/insikten\/files\/2024\/06\/Madonna-Brismene-1200x2000.jpg 1200w, https:\/\/blogg.svenskakyrkan.se\/insikten\/files\/2024\/06\/Madonna-Brismene-scaled.jpg 1536w\" sizes=\"auto, (max-width: 180px) 100vw, 180px\" \/><figcaption class=\"wp-element-caption\"><em>Madonnan i Brismene kyrka saknar ansikte. Vad h\u00e4nde i vedboden egentligen?<\/em><\/figcaption><\/figure>\n\n\n\n<figure class=\"wp-block-image size-medium is-style-default\"><img loading=\"lazy\" decoding=\"async\" width=\"214\" height=\"300\" src=\"https:\/\/blogg.svenskakyrkan.se\/insikten\/files\/2024\/06\/Madonna-Kinneved-214x300.jpg\" alt=\"\" class=\"wp-image-248\" srcset=\"https:\/\/blogg.svenskakyrkan.se\/insikten\/files\/2024\/06\/Madonna-Kinneved-214x300.jpg 214w, https:\/\/blogg.svenskakyrkan.se\/insikten\/files\/2024\/06\/Madonna-Kinneved-731x1024.jpg 731w, https:\/\/blogg.svenskakyrkan.se\/insikten\/files\/2024\/06\/Madonna-Kinneved-768x1075.jpg 768w, https:\/\/blogg.svenskakyrkan.se\/insikten\/files\/2024\/06\/Madonna-Kinneved-1097x1536.jpg 1097w, https:\/\/blogg.svenskakyrkan.se\/insikten\/files\/2024\/06\/Madonna-Kinneved-1463x2048.jpg 1463w, https:\/\/blogg.svenskakyrkan.se\/insikten\/files\/2024\/06\/Madonna-Kinneved-1200x1680.jpg 1200w, https:\/\/blogg.svenskakyrkan.se\/insikten\/files\/2024\/06\/Madonna-Kinneved-scaled.jpg 1828w\" sizes=\"auto, (max-width: 214px) 100vw, 214px\" \/><figcaption class=\"wp-element-caption\"><em>Bilden av Maria och Jesus i Kinneveds kyrka har v\u00e4lbevarade f\u00e4rger och ett vackert snideri.<\/em><br><\/figcaption><\/figure>\n\n\n\n<figure class=\"wp-block-image size-medium is-style-default\"><img loading=\"lazy\" decoding=\"async\" width=\"225\" height=\"300\" src=\"https:\/\/blogg.svenskakyrkan.se\/insikten\/files\/2024\/06\/Madonna-Varkumla-225x300.jpg\" alt=\"\" class=\"wp-image-249\" srcset=\"https:\/\/blogg.svenskakyrkan.se\/insikten\/files\/2024\/06\/Madonna-Varkumla-225x300.jpg 225w, https:\/\/blogg.svenskakyrkan.se\/insikten\/files\/2024\/06\/Madonna-Varkumla-767x1024.jpg 767w, https:\/\/blogg.svenskakyrkan.se\/insikten\/files\/2024\/06\/Madonna-Varkumla-768x1026.jpg 768w, https:\/\/blogg.svenskakyrkan.se\/insikten\/files\/2024\/06\/Madonna-Varkumla-1150x1536.jpg 1150w, https:\/\/blogg.svenskakyrkan.se\/insikten\/files\/2024\/06\/Madonna-Varkumla-1533x2048.jpg 1533w, https:\/\/blogg.svenskakyrkan.se\/insikten\/files\/2024\/06\/Madonna-Varkumla-1200x1603.jpg 1200w, https:\/\/blogg.svenskakyrkan.se\/insikten\/files\/2024\/06\/Madonna-Varkumla.jpg 1799w\" sizes=\"auto, (max-width: 225px) 100vw, 225px\" \/><figcaption class=\"wp-element-caption\"><em>I V\u00e5rkumla kyrka finns en madonna fr\u00e5n 1200-talet. Jesusbarnet v\u00e4lsignar oss genom historien.<\/em><\/figcaption><\/figure>\n","protected":false},"excerpt":{"rendered":"<p>Det b\u00f6rjade med en mamma och ett barn. Allt sedan kristendomens f\u00f6rsta tid har bilden av Maria med Jesusbarnet varit det vanligast f\u00f6rekommande motivet i den kristna konsten, vid sidan av bilden av Jesus p\u00e5 korset eller Jesus som uppst\u00e5nden. Den \u00e4ldsta k\u00e4nda bilden \u00e4r fr\u00e5n mitten av 100-talet och finns i Priscilla-katakomben under Rom, [&hellip;]<\/p>\n","protected":false},"author":250,"featured_media":248,"comment_status":"open","ping_status":"open","sticky":false,"template":"","format":"standard","meta":{"_acf_changed":false,"footnotes":""},"categories":[20],"tags":[],"class_list":["post-246","post","type-post","status-publish","format-standard","has-post-thumbnail","hentry","category-kulturarvet"],"acf":[],"yoast_head":"<!-- This site is optimized with the Yoast SEO plugin v27.1.1 - https:\/\/yoast.com\/product\/yoast-seo-wordpress\/ -->\n<title>M\u00e5nga bilder av Maria - Insikten - Floby pastorat<\/title>\n<meta name=\"robots\" content=\"index, follow, max-snippet:-1, max-image-preview:large, max-video-preview:-1\" \/>\n<link rel=\"canonical\" href=\"https:\/\/blogg.svenskakyrkan.se\/insikten\/2024\/06\/02\/manga-bilderav-maria\/\" \/>\n<meta property=\"og:locale\" content=\"sv_SE\" \/>\n<meta property=\"og:type\" content=\"article\" \/>\n<meta property=\"og:title\" content=\"M\u00e5nga bilder av Maria - Insikten - Floby pastorat\" \/>\n<meta property=\"og:description\" content=\"Det b\u00f6rjade med en mamma och ett barn. Allt sedan kristendomens f\u00f6rsta tid har bilden av Maria med Jesusbarnet varit det vanligast f\u00f6rekommande motivet i den kristna konsten, vid sidan av bilden av Jesus p\u00e5 korset eller Jesus som uppst\u00e5nden. Den \u00e4ldsta k\u00e4nda bilden \u00e4r fr\u00e5n mitten av 100-talet och finns i Priscilla-katakomben under Rom, [&hellip;]\" \/>\n<meta property=\"og:url\" content=\"https:\/\/blogg.svenskakyrkan.se\/insikten\/2024\/06\/02\/manga-bilderav-maria\/\" \/>\n<meta property=\"og:site_name\" content=\"Insikten - Floby pastorat\" \/>\n<meta property=\"article:published_time\" content=\"2024-06-02T08:02:59+00:00\" \/>\n<meta property=\"article:modified_time\" content=\"2024-06-02T08:21:56+00:00\" \/>\n<meta property=\"og:image\" content=\"https:\/\/blogg.svenskakyrkan.se\/insikten\/files\/2024\/06\/Madonna-Kinneved-scaled.jpg\" \/>\n\t<meta property=\"og:image:width\" content=\"1828\" \/>\n\t<meta property=\"og:image:height\" content=\"2560\" \/>\n\t<meta property=\"og:image:type\" content=\"image\/jpeg\" \/>\n<meta name=\"author\" content=\"Floby pastorat\" \/>\n<meta name=\"twitter:card\" content=\"summary_large_image\" \/>\n<meta name=\"twitter:label1\" content=\"Skriven av\" \/>\n\t<meta name=\"twitter:data1\" content=\"Floby pastorat\" \/>\n\t<meta name=\"twitter:label2\" content=\"Ber\u00e4knad l\u00e4stid\" \/>\n\t<meta name=\"twitter:data2\" content=\"2 minuter\" \/>\n<script type=\"application\/ld+json\" class=\"yoast-schema-graph\">{\"@context\":\"https:\/\/schema.org\",\"@graph\":[{\"@type\":\"Article\",\"@id\":\"https:\/\/blogg.svenskakyrkan.se\/insikten\/2024\/06\/02\/manga-bilderav-maria\/#article\",\"isPartOf\":{\"@id\":\"https:\/\/blogg.svenskakyrkan.se\/insikten\/2024\/06\/02\/manga-bilderav-maria\/\"},\"author\":{\"name\":\"Floby pastorat\",\"@id\":\"https:\/\/blogg.svenskakyrkan.se\/insikten\/#\/schema\/person\/5081f68a0318ddb64c879f7bc416ce8c\"},\"headline\":\"M\u00e5nga bilder av Maria\",\"datePublished\":\"2024-06-02T08:02:59+00:00\",\"dateModified\":\"2024-06-02T08:21:56+00:00\",\"mainEntityOfPage\":{\"@id\":\"https:\/\/blogg.svenskakyrkan.se\/insikten\/2024\/06\/02\/manga-bilderav-maria\/\"},\"wordCount\":389,\"commentCount\":0,\"image\":{\"@id\":\"https:\/\/blogg.svenskakyrkan.se\/insikten\/2024\/06\/02\/manga-bilderav-maria\/#primaryimage\"},\"thumbnailUrl\":\"https:\/\/blogg.svenskakyrkan.se\/insikten\/files\/2024\/06\/Madonna-Kinneved-scaled.jpg\",\"articleSection\":[\"Kulturarvet\"],\"inLanguage\":\"sv-SE\",\"potentialAction\":[{\"@type\":\"CommentAction\",\"name\":\"Comment\",\"target\":[\"https:\/\/blogg.svenskakyrkan.se\/insikten\/2024\/06\/02\/manga-bilderav-maria\/#respond\"]}]},{\"@type\":\"WebPage\",\"@id\":\"https:\/\/blogg.svenskakyrkan.se\/insikten\/2024\/06\/02\/manga-bilderav-maria\/\",\"url\":\"https:\/\/blogg.svenskakyrkan.se\/insikten\/2024\/06\/02\/manga-bilderav-maria\/\",\"name\":\"M\u00e5nga bilder av Maria - Insikten - Floby pastorat\",\"isPartOf\":{\"@id\":\"https:\/\/blogg.svenskakyrkan.se\/insikten\/#website\"},\"primaryImageOfPage\":{\"@id\":\"https:\/\/blogg.svenskakyrkan.se\/insikten\/2024\/06\/02\/manga-bilderav-maria\/#primaryimage\"},\"image\":{\"@id\":\"https:\/\/blogg.svenskakyrkan.se\/insikten\/2024\/06\/02\/manga-bilderav-maria\/#primaryimage\"},\"thumbnailUrl\":\"https:\/\/blogg.svenskakyrkan.se\/insikten\/files\/2024\/06\/Madonna-Kinneved-scaled.jpg\",\"datePublished\":\"2024-06-02T08:02:59+00:00\",\"dateModified\":\"2024-06-02T08:21:56+00:00\",\"author\":{\"@id\":\"https:\/\/blogg.svenskakyrkan.se\/insikten\/#\/schema\/person\/5081f68a0318ddb64c879f7bc416ce8c\"},\"breadcrumb\":{\"@id\":\"https:\/\/blogg.svenskakyrkan.se\/insikten\/2024\/06\/02\/manga-bilderav-maria\/#breadcrumb\"},\"inLanguage\":\"sv-SE\",\"potentialAction\":[{\"@type\":\"ReadAction\",\"target\":[\"https:\/\/blogg.svenskakyrkan.se\/insikten\/2024\/06\/02\/manga-bilderav-maria\/\"]}]},{\"@type\":\"ImageObject\",\"inLanguage\":\"sv-SE\",\"@id\":\"https:\/\/blogg.svenskakyrkan.se\/insikten\/2024\/06\/02\/manga-bilderav-maria\/#primaryimage\",\"url\":\"https:\/\/blogg.svenskakyrkan.se\/insikten\/files\/2024\/06\/Madonna-Kinneved-scaled.jpg\",\"contentUrl\":\"https:\/\/blogg.svenskakyrkan.se\/insikten\/files\/2024\/06\/Madonna-Kinneved-scaled.jpg\",\"width\":1828,\"height\":2560},{\"@type\":\"BreadcrumbList\",\"@id\":\"https:\/\/blogg.svenskakyrkan.se\/insikten\/2024\/06\/02\/manga-bilderav-maria\/#breadcrumb\",\"itemListElement\":[{\"@type\":\"ListItem\",\"position\":1,\"name\":\"Hem\",\"item\":\"https:\/\/blogg.svenskakyrkan.se\/insikten\/\"},{\"@type\":\"ListItem\",\"position\":2,\"name\":\"M\u00e5nga bilder av Maria\"}]},{\"@type\":\"WebSite\",\"@id\":\"https:\/\/blogg.svenskakyrkan.se\/insikten\/#website\",\"url\":\"https:\/\/blogg.svenskakyrkan.se\/insikten\/\",\"name\":\"Insikten - Floby pastorat\",\"description\":\"Insikter, utsikter och emellan\u00e5t \u00e4ven \u00e5sikter fr\u00e5n Floby pastorat i Skara stift.\",\"potentialAction\":[{\"@type\":\"SearchAction\",\"target\":{\"@type\":\"EntryPoint\",\"urlTemplate\":\"https:\/\/blogg.svenskakyrkan.se\/insikten\/?s={search_term_string}\"},\"query-input\":{\"@type\":\"PropertyValueSpecification\",\"valueRequired\":true,\"valueName\":\"search_term_string\"}}],\"inLanguage\":\"sv-SE\"},{\"@type\":\"Person\",\"@id\":\"https:\/\/blogg.svenskakyrkan.se\/insikten\/#\/schema\/person\/5081f68a0318ddb64c879f7bc416ce8c\",\"name\":\"Floby pastorat\",\"image\":{\"@type\":\"ImageObject\",\"inLanguage\":\"sv-SE\",\"@id\":\"https:\/\/blogg.svenskakyrkan.se\/insikten\/#\/schema\/person\/image\/\",\"url\":\"https:\/\/secure.gravatar.com\/avatar\/c63a9fd4196da95cea4408b67893dbdb9ec52ef568ee59a4578ad766986bebcd?s=96&d=mm&r=g\",\"contentUrl\":\"https:\/\/secure.gravatar.com\/avatar\/c63a9fd4196da95cea4408b67893dbdb9ec52ef568ee59a4578ad766986bebcd?s=96&d=mm&r=g\",\"caption\":\"Floby pastorat\"},\"url\":\"https:\/\/blogg.svenskakyrkan.se\/insikten\/author\/helenataubner\/\"}]}<\/script>\n<!-- \/ Yoast SEO plugin. -->","yoast_head_json":{"title":"M\u00e5nga bilder av Maria - Insikten - Floby pastorat","robots":{"index":"index","follow":"follow","max-snippet":"max-snippet:-1","max-image-preview":"max-image-preview:large","max-video-preview":"max-video-preview:-1"},"canonical":"https:\/\/blogg.svenskakyrkan.se\/insikten\/2024\/06\/02\/manga-bilderav-maria\/","og_locale":"sv_SE","og_type":"article","og_title":"M\u00e5nga bilder av Maria - Insikten - Floby pastorat","og_description":"Det b\u00f6rjade med en mamma och ett barn. Allt sedan kristendomens f\u00f6rsta tid har bilden av Maria med Jesusbarnet varit det vanligast f\u00f6rekommande motivet i den kristna konsten, vid sidan av bilden av Jesus p\u00e5 korset eller Jesus som uppst\u00e5nden. Den \u00e4ldsta k\u00e4nda bilden \u00e4r fr\u00e5n mitten av 100-talet och finns i Priscilla-katakomben under Rom, [&hellip;]","og_url":"https:\/\/blogg.svenskakyrkan.se\/insikten\/2024\/06\/02\/manga-bilderav-maria\/","og_site_name":"Insikten - Floby pastorat","article_published_time":"2024-06-02T08:02:59+00:00","article_modified_time":"2024-06-02T08:21:56+00:00","og_image":[{"width":1828,"height":2560,"url":"https:\/\/blogg.svenskakyrkan.se\/insikten\/files\/2024\/06\/Madonna-Kinneved-scaled.jpg","type":"image\/jpeg"}],"author":"Floby pastorat","twitter_card":"summary_large_image","twitter_misc":{"Skriven av":"Floby pastorat","Ber\u00e4knad l\u00e4stid":"2 minuter"},"schema":{"@context":"https:\/\/schema.org","@graph":[{"@type":"Article","@id":"https:\/\/blogg.svenskakyrkan.se\/insikten\/2024\/06\/02\/manga-bilderav-maria\/#article","isPartOf":{"@id":"https:\/\/blogg.svenskakyrkan.se\/insikten\/2024\/06\/02\/manga-bilderav-maria\/"},"author":{"name":"Floby pastorat","@id":"https:\/\/blogg.svenskakyrkan.se\/insikten\/#\/schema\/person\/5081f68a0318ddb64c879f7bc416ce8c"},"headline":"M\u00e5nga bilder av Maria","datePublished":"2024-06-02T08:02:59+00:00","dateModified":"2024-06-02T08:21:56+00:00","mainEntityOfPage":{"@id":"https:\/\/blogg.svenskakyrkan.se\/insikten\/2024\/06\/02\/manga-bilderav-maria\/"},"wordCount":389,"commentCount":0,"image":{"@id":"https:\/\/blogg.svenskakyrkan.se\/insikten\/2024\/06\/02\/manga-bilderav-maria\/#primaryimage"},"thumbnailUrl":"https:\/\/blogg.svenskakyrkan.se\/insikten\/files\/2024\/06\/Madonna-Kinneved-scaled.jpg","articleSection":["Kulturarvet"],"inLanguage":"sv-SE","potentialAction":[{"@type":"CommentAction","name":"Comment","target":["https:\/\/blogg.svenskakyrkan.se\/insikten\/2024\/06\/02\/manga-bilderav-maria\/#respond"]}]},{"@type":"WebPage","@id":"https:\/\/blogg.svenskakyrkan.se\/insikten\/2024\/06\/02\/manga-bilderav-maria\/","url":"https:\/\/blogg.svenskakyrkan.se\/insikten\/2024\/06\/02\/manga-bilderav-maria\/","name":"M\u00e5nga bilder av Maria - Insikten - Floby pastorat","isPartOf":{"@id":"https:\/\/blogg.svenskakyrkan.se\/insikten\/#website"},"primaryImageOfPage":{"@id":"https:\/\/blogg.svenskakyrkan.se\/insikten\/2024\/06\/02\/manga-bilderav-maria\/#primaryimage"},"image":{"@id":"https:\/\/blogg.svenskakyrkan.se\/insikten\/2024\/06\/02\/manga-bilderav-maria\/#primaryimage"},"thumbnailUrl":"https:\/\/blogg.svenskakyrkan.se\/insikten\/files\/2024\/06\/Madonna-Kinneved-scaled.jpg","datePublished":"2024-06-02T08:02:59+00:00","dateModified":"2024-06-02T08:21:56+00:00","author":{"@id":"https:\/\/blogg.svenskakyrkan.se\/insikten\/#\/schema\/person\/5081f68a0318ddb64c879f7bc416ce8c"},"breadcrumb":{"@id":"https:\/\/blogg.svenskakyrkan.se\/insikten\/2024\/06\/02\/manga-bilderav-maria\/#breadcrumb"},"inLanguage":"sv-SE","potentialAction":[{"@type":"ReadAction","target":["https:\/\/blogg.svenskakyrkan.se\/insikten\/2024\/06\/02\/manga-bilderav-maria\/"]}]},{"@type":"ImageObject","inLanguage":"sv-SE","@id":"https:\/\/blogg.svenskakyrkan.se\/insikten\/2024\/06\/02\/manga-bilderav-maria\/#primaryimage","url":"https:\/\/blogg.svenskakyrkan.se\/insikten\/files\/2024\/06\/Madonna-Kinneved-scaled.jpg","contentUrl":"https:\/\/blogg.svenskakyrkan.se\/insikten\/files\/2024\/06\/Madonna-Kinneved-scaled.jpg","width":1828,"height":2560},{"@type":"BreadcrumbList","@id":"https:\/\/blogg.svenskakyrkan.se\/insikten\/2024\/06\/02\/manga-bilderav-maria\/#breadcrumb","itemListElement":[{"@type":"ListItem","position":1,"name":"Hem","item":"https:\/\/blogg.svenskakyrkan.se\/insikten\/"},{"@type":"ListItem","position":2,"name":"M\u00e5nga bilder av Maria"}]},{"@type":"WebSite","@id":"https:\/\/blogg.svenskakyrkan.se\/insikten\/#website","url":"https:\/\/blogg.svenskakyrkan.se\/insikten\/","name":"Insikten - Floby pastorat","description":"Insikter, utsikter och emellan\u00e5t \u00e4ven \u00e5sikter fr\u00e5n Floby pastorat i Skara stift.","potentialAction":[{"@type":"SearchAction","target":{"@type":"EntryPoint","urlTemplate":"https:\/\/blogg.svenskakyrkan.se\/insikten\/?s={search_term_string}"},"query-input":{"@type":"PropertyValueSpecification","valueRequired":true,"valueName":"search_term_string"}}],"inLanguage":"sv-SE"},{"@type":"Person","@id":"https:\/\/blogg.svenskakyrkan.se\/insikten\/#\/schema\/person\/5081f68a0318ddb64c879f7bc416ce8c","name":"Floby pastorat","image":{"@type":"ImageObject","inLanguage":"sv-SE","@id":"https:\/\/blogg.svenskakyrkan.se\/insikten\/#\/schema\/person\/image\/","url":"https:\/\/secure.gravatar.com\/avatar\/c63a9fd4196da95cea4408b67893dbdb9ec52ef568ee59a4578ad766986bebcd?s=96&d=mm&r=g","contentUrl":"https:\/\/secure.gravatar.com\/avatar\/c63a9fd4196da95cea4408b67893dbdb9ec52ef568ee59a4578ad766986bebcd?s=96&d=mm&r=g","caption":"Floby pastorat"},"url":"https:\/\/blogg.svenskakyrkan.se\/insikten\/author\/helenataubner\/"}]}},"author_meta":{"ID":"250","user_nicename":"helenataubner","user_registered":"2013-01-15 08:36:14","display_name":"Floby pastorat","avatar":"https:\/\/secure.gravatar.com\/avatar\/c63a9fd4196da95cea4408b67893dbdb9ec52ef568ee59a4578ad766986bebcd?s=96&d=mm&r=g"},"featured_image":["https:\/\/blogg.svenskakyrkan.se\/insikten\/files\/2024\/06\/Madonna-Kinneved-731x1024.jpg",731,1024,true],"bloginfo":{"name":"Insikten - Floby pastorat","url":"https:\/\/blogg.svenskakyrkan.se\/insikten"},"_links":{"self":[{"href":"https:\/\/blogg.svenskakyrkan.se\/insikten\/wp-json\/wp\/v2\/posts\/246","targetHints":{"allow":["GET"]}}],"collection":[{"href":"https:\/\/blogg.svenskakyrkan.se\/insikten\/wp-json\/wp\/v2\/posts"}],"about":[{"href":"https:\/\/blogg.svenskakyrkan.se\/insikten\/wp-json\/wp\/v2\/types\/post"}],"author":[{"embeddable":true,"href":"https:\/\/blogg.svenskakyrkan.se\/insikten\/wp-json\/wp\/v2\/users\/250"}],"replies":[{"embeddable":true,"href":"https:\/\/blogg.svenskakyrkan.se\/insikten\/wp-json\/wp\/v2\/comments?post=246"}],"version-history":[{"count":3,"href":"https:\/\/blogg.svenskakyrkan.se\/insikten\/wp-json\/wp\/v2\/posts\/246\/revisions"}],"predecessor-version":[{"id":259,"href":"https:\/\/blogg.svenskakyrkan.se\/insikten\/wp-json\/wp\/v2\/posts\/246\/revisions\/259"}],"wp:featuredmedia":[{"embeddable":true,"href":"https:\/\/blogg.svenskakyrkan.se\/insikten\/wp-json\/wp\/v2\/media\/248"}],"wp:attachment":[{"href":"https:\/\/blogg.svenskakyrkan.se\/insikten\/wp-json\/wp\/v2\/media?parent=246"}],"wp:term":[{"taxonomy":"category","embeddable":true,"href":"https:\/\/blogg.svenskakyrkan.se\/insikten\/wp-json\/wp\/v2\/categories?post=246"},{"taxonomy":"post_tag","embeddable":true,"href":"https:\/\/blogg.svenskakyrkan.se\/insikten\/wp-json\/wp\/v2\/tags?post=246"}],"curies":[{"name":"wp","href":"https:\/\/api.w.org\/{rel}","templated":true}]}}