{"id":252,"date":"2024-06-02T10:11:32","date_gmt":"2024-06-02T08:11:32","guid":{"rendered":"https:\/\/blogg.svenskakyrkan.se\/insikten\/?p=252"},"modified":"2024-06-02T10:21:41","modified_gmt":"2024-06-02T08:21:41","slug":"ett-naturligt-samband","status":"publish","type":"post","link":"https:\/\/blogg.svenskakyrkan.se\/insikten\/2024\/06\/02\/ett-naturligt-samband\/","title":{"rendered":"Ett naturligt samband"},"content":{"rendered":"\n\n\n<figure class=\"wp-block-image size-large is-style-default\"><img loading=\"lazy\" decoding=\"async\" width=\"1024\" height=\"683\" src=\"https:\/\/blogg.svenskakyrkan.se\/insikten\/files\/2024\/06\/1128778-kopia-1024x683.jpg\" alt=\"\" class=\"wp-image-253\" srcset=\"https:\/\/blogg.svenskakyrkan.se\/insikten\/files\/2024\/06\/1128778-kopia-1024x683.jpg 1024w, https:\/\/blogg.svenskakyrkan.se\/insikten\/files\/2024\/06\/1128778-kopia-300x200.jpg 300w, https:\/\/blogg.svenskakyrkan.se\/insikten\/files\/2024\/06\/1128778-kopia-768x512.jpg 768w, https:\/\/blogg.svenskakyrkan.se\/insikten\/files\/2024\/06\/1128778-kopia-1536x1024.jpg 1536w, https:\/\/blogg.svenskakyrkan.se\/insikten\/files\/2024\/06\/1128778-kopia-2048x1365.jpg 2048w, https:\/\/blogg.svenskakyrkan.se\/insikten\/files\/2024\/06\/1128778-kopia-1200x800.jpg 1200w\" sizes=\"auto, (max-width: 1024px) 100vw, 1024px\" \/><figcaption class=\"wp-element-caption\">Foto: Svenska kyrkan\/IKON<\/figcaption><\/figure>\n\n\n\n<p>Sara Str\u00f6mberg bor i Falk\u00f6pings pastorat, jobbar som f\u00f6rsamlingspedagog i Tidaholm och \u00e4r sedan en tid tillbaka ideellt engagerad i pilgrimsgruppen i Floby pastorat. Som scout under uppv\u00e4xten har sambandet mellan naturen och Gud fallit sig naturligt.<\/p>\n\n\n\n<p>\u2013 N\u00e4r jag var i kyrkan d\u00e5 var det scouter, och vi var i naturen och pratade om Gud. Sedan dess har det f\u00f6ljt med mig, f\u00f6rklarar Sara. Gud och naturen h\u00e4nger ihop.<\/p>\n\n\n\n<p>Under Coronapandemin anordnade pilgrimsgruppen vandringar i J\u00e4la. Sara best\u00e4mde sig f\u00f6r att prova p\u00e5 och blev oerh\u00f6rt imponerad av hur genomt\u00e4nkt och professionellt uppl\u00e4gget var.<\/p>\n\n\n\n<p>\u2013 De f\u00f6rstod vad pilgrim kan ge en m\u00e4nniska, att f\u00e5 med insidan, utsidan och livet runt omkring, ber\u00e4ttar Sara entusiastiskt.<\/p>\n\n\n\n<p>Att Sara med tiden blev en del av pilgrimsgruppen var inget aktivt val utan snarare resultatet av en bra tajming.<\/p>\n\n\n\n<p>\u2013 Jag hade haft tankarna p\u00e5 att vilja engagera mig i n\u00e5got ideellt och det k\u00e4nde pilgrimsgruppen till. N\u00e4r de beh\u00f6vde f\u00f6rst\u00e4rkning fick jag fr\u00e5gan om att vara med och tackade ja. Jag hittade inte pilgrimsgruppen, de hittade mig kan man s\u00e4ga.<\/p>\n\n\n\n<h2 class=\"wp-block-heading\">Ett h\u00e4rligt g\u00e4ng<\/h2>\n\n\n\n<p>Pilgrimsgruppen \u00e4r ett litet g\u00e4ng som tr\u00e4ffas tv\u00e5 till tre g\u00e5nger per termin och l\u00e4gger upp strategin f\u00f6r vandringarna. H\u00e4r planeras tillf\u00e4llen, marknadsf\u00f6ring och samarbeten med andra. Vissa vandringar \u00e4r en tradition som till exempel vid Kyndelsm\u00e4ss, Kristi himmelsf\u00e4rd och Allhelgona och andra \u00e4r i anslutning till kyrkans gudstj\u00e4nster.<\/p>\n\n\n\n<p>\u2013 Vi ser m\u00f6jligheter, \u00e4r kreativa och har roligt ihop. Vi \u00e4r m\u00e5na om att det ska bli s\u00e5 bra som m\u00f6jligt och man g\u00f6r s\u00e5 man kan orkar och vill. De av oss som bor i J\u00e4la har ocks\u00e5 m\u00e5nga pilgrimstankar kring J\u00e4la kyrka. Det \u00e4r sp\u00e4nnande att t\u00e4nka att det \u00e4r en plats som finns omn\u00e4mnd i b\u00e5de lokalf\u00f6rs\u00f6rjningsplan och f\u00f6rsamlingsinstruktion, att det \u00e4r en viktig del av Floby pastorats s\u00e4tt att vara kyrka och f\u00f6rsamling, forts\u00e4tter Sara.<\/p>\n\n\n\n<h2 class=\"wp-block-heading\">Lyssna in\u00e5t<\/h2>\n\n\n\n<p>Men vad skiljer sig d\u00e5 en pilgrimsvandring fr\u00e5n en vanlig promenad? Enkelt f\u00f6rklarat kan man s\u00e4ga att det \u00e4r sj\u00e4lva formen, att det finns en tanke och en plan. Man g\u00e5r fr\u00e5n en punkt till en annan och delar tystnad, m\u00e5ltid, reflektion och tankar med andra. Under en promenad samtalar man ofta om det som k\u00e4nns angel\u00e4get just nu, en pilgrimsvandring \u00e4r n\u00e5got mer.<\/p>\n\n\n\n<p>\u2013 F\u00f6r mig handlar det om min relation till Gud. Att till\u00e5ta mig att lyssna in\u00e5t. Vad s\u00e4ger jag till mig sj\u00e4lv eller vad s\u00e4ger Gud till mig? Att k\u00e4nna efter. P\u00e5 n\u00e5got s\u00e4tt s\u00e5 g\u00f6r naturen att det inte blir riktigt s\u00e5 skr\u00e4mmande. Jag omg\u00e4rdas av skogen, fascineras av det vackra och har fullt upp med att kolla vad jag s\u00e4tter f\u00f6tterna. Och vid tillf\u00e4llen d\u00e5 jag sett de stora vidderna k\u00e4nns mina bekymmer ganska sm\u00e5. Sj\u00e4lva vandringen g\u00f6r att allt kapslas in p\u00e5 n\u00e5got vis.<\/p>\n\n\n\n<h2 class=\"wp-block-heading\">Det h\u00e4nder n\u00e5got<\/h2>\n\n\n\n<p>En pilgrimsvandring kanske inte upplevs s\u00e5 kyrklig men \u00e4r \u00e4nd\u00e5 i ett sammanhang som st\u00e5r f\u00f6r den kristna tron. Att vandra passar f\u00f6r den som \u00e4lskar att g\u00e5 ut och g\u00e5, dela en stund med andra eller \u00e4r intresserad av landskapet och platsen vi bor p\u00e5. Historien p\u00e5verkar oss alla, vilka vi \u00e4r och har blivit.<\/p>\n\n\n\n<p>\u2013 Vi passerade ett torp d\u00e4r m\u00e4nniskor och barn varit sjuka och d\u00f6tt. Det \u00e4r klart att man funderar lite extra \u00f6ver livet d\u00e5. Det hade egentligen inte n\u00e5got med den kristna tron eller bibelber\u00e4ttelser att g\u00f6ra men hade \u00e4nd\u00e5 med oss m\u00e4nniskor att g\u00f6ra. Det f\u00f6der tankar p\u00e5 vad som h\u00e4nder efter d\u00f6den, krig och el\u00e4nde i v\u00e4rlden.<\/p>\n\n\n\n<p>Det ideella engagemanget har betytt mycket f\u00f6r Sara, att hon ger mycket av sig sj\u00e4lv men f\u00e5r ocks\u00e5 mycket tillbaka.<\/p>\n\n\n\n<p>\u2013 Ibland \u00e4r det tungt att g\u00e5 och ibland \u00e4r det l\u00e4tt men man platsar oavsett. Det h\u00e4nder n\u00e5got med en. Det \u00e4r flera dimensioner, frisk luft, rummet, samtal med andra, mig sj\u00e4lv och Gud.&nbsp;<\/p>\n\n\n\n<p>P\u00e5 fr\u00e5gan om vilken \u00e5rstid som \u00e4r b\u00e4st att vandra svarar Sara att det \u00e4r b\u00e4st hela tiden.<\/p>\n\n\n\n<p>\u2013 Men det \u00e4r klart, v\u00e5ren \u00e4r speciell, n\u00e4r allt det d\u00f6da f\u00e5r liv. Jag kan f\u00f6rundras varje \u00e5r \u00f6ver de d\u00e4r stora knopparna som kommer, att det \u00f6ver huvud taget funkar, att det blir l\u00f6v till slut. Man hinner gl\u00f6mma, de f\u00f6rsta sn\u00f6dropparna som dyker upp eller s\u00e4des\u00e4rlan. Livet f\u00f6ds p\u00e5 nytt. Till dig som l\u00e4ser och \u00e4nnu inte har vandrat, h\u00e4ng med och upplev innan du s\u00e4ger att det inte \u00e4r din grej, avrundar Sara.<\/p>\n\n\n\n<p><\/p>\n\n\n\n<p>&#8230;&#8230;&#8230;&#8230;&#8230;&#8230;.<\/p>\n\n\n\n<p>Texten publicerades f\u00f6rsta g\u00e5ngen i Insikten nummer 1 2024.<\/p>\n","protected":false},"excerpt":{"rendered":"<p>Sara Str\u00f6mberg bor i Falk\u00f6pings pastorat, jobbar som f\u00f6rsamlingspedagog i Tidaholm och \u00e4r sedan en tid tillbaka ideellt engagerad i pilgrimsgruppen i Floby pastorat. Som scout under uppv\u00e4xten har sambandet mellan naturen och Gud fallit sig naturligt. \u2013 N\u00e4r jag var i kyrkan d\u00e5 var det scouter, och vi var i naturen och pratade om [&hellip;]<\/p>\n","protected":false},"author":250,"featured_media":253,"comment_status":"open","ping_status":"open","sticky":false,"template":"","format":"standard","meta":{"_acf_changed":false,"footnotes":""},"categories":[7,6],"tags":[],"class_list":["post-252","post","type-post","status-publish","format-standard","has-post-thumbnail","hentry","category-engagemang","category-pilgrim"],"acf":[],"yoast_head":"<!-- This site is optimized with the Yoast SEO plugin v27.1.1 - https:\/\/yoast.com\/product\/yoast-seo-wordpress\/ -->\n<title>Ett naturligt samband - Insikten - Floby pastorat<\/title>\n<meta name=\"robots\" content=\"index, follow, max-snippet:-1, max-image-preview:large, max-video-preview:-1\" \/>\n<link rel=\"canonical\" href=\"https:\/\/blogg.svenskakyrkan.se\/insikten\/2024\/06\/02\/ett-naturligt-samband\/\" \/>\n<meta property=\"og:locale\" content=\"sv_SE\" \/>\n<meta property=\"og:type\" content=\"article\" \/>\n<meta property=\"og:title\" content=\"Ett naturligt samband - Insikten - Floby pastorat\" \/>\n<meta property=\"og:description\" content=\"Sara Str\u00f6mberg bor i Falk\u00f6pings pastorat, jobbar som f\u00f6rsamlingspedagog i Tidaholm och \u00e4r sedan en tid tillbaka ideellt engagerad i pilgrimsgruppen i Floby pastorat. Som scout under uppv\u00e4xten har sambandet mellan naturen och Gud fallit sig naturligt. \u2013 N\u00e4r jag var i kyrkan d\u00e5 var det scouter, och vi var i naturen och pratade om [&hellip;]\" \/>\n<meta property=\"og:url\" content=\"https:\/\/blogg.svenskakyrkan.se\/insikten\/2024\/06\/02\/ett-naturligt-samband\/\" \/>\n<meta property=\"og:site_name\" content=\"Insikten - Floby pastorat\" \/>\n<meta property=\"article:published_time\" content=\"2024-06-02T08:11:32+00:00\" \/>\n<meta property=\"article:modified_time\" content=\"2024-06-02T08:21:41+00:00\" \/>\n<meta property=\"og:image\" content=\"https:\/\/blogg.svenskakyrkan.se\/insikten\/files\/2024\/06\/1128778-kopia-768x512.jpg\" \/>\n\t<meta property=\"og:image:width\" content=\"768\" \/>\n\t<meta property=\"og:image:height\" content=\"512\" \/>\n\t<meta property=\"og:image:type\" content=\"image\/jpeg\" \/>\n<meta name=\"author\" content=\"Floby pastorat\" \/>\n<meta name=\"twitter:card\" content=\"summary_large_image\" \/>\n<meta name=\"twitter:label1\" content=\"Skriven av\" \/>\n\t<meta name=\"twitter:data1\" content=\"Floby pastorat\" \/>\n\t<meta name=\"twitter:label2\" content=\"Ber\u00e4knad l\u00e4stid\" \/>\n\t<meta name=\"twitter:data2\" content=\"4 minuter\" \/>\n<script type=\"application\/ld+json\" class=\"yoast-schema-graph\">{\"@context\":\"https:\/\/schema.org\",\"@graph\":[{\"@type\":\"Article\",\"@id\":\"https:\/\/blogg.svenskakyrkan.se\/insikten\/2024\/06\/02\/ett-naturligt-samband\/#article\",\"isPartOf\":{\"@id\":\"https:\/\/blogg.svenskakyrkan.se\/insikten\/2024\/06\/02\/ett-naturligt-samband\/\"},\"author\":{\"name\":\"Floby pastorat\",\"@id\":\"https:\/\/blogg.svenskakyrkan.se\/insikten\/#\/schema\/person\/5081f68a0318ddb64c879f7bc416ce8c\"},\"headline\":\"Ett naturligt samband\",\"datePublished\":\"2024-06-02T08:11:32+00:00\",\"dateModified\":\"2024-06-02T08:21:41+00:00\",\"mainEntityOfPage\":{\"@id\":\"https:\/\/blogg.svenskakyrkan.se\/insikten\/2024\/06\/02\/ett-naturligt-samband\/\"},\"wordCount\":870,\"commentCount\":0,\"image\":{\"@id\":\"https:\/\/blogg.svenskakyrkan.se\/insikten\/2024\/06\/02\/ett-naturligt-samband\/#primaryimage\"},\"thumbnailUrl\":\"https:\/\/blogg.svenskakyrkan.se\/insikten\/files\/2024\/06\/1128778-kopia-scaled.jpg\",\"articleSection\":[\"Engagemang\",\"Pilgrim\"],\"inLanguage\":\"sv-SE\",\"potentialAction\":[{\"@type\":\"CommentAction\",\"name\":\"Comment\",\"target\":[\"https:\/\/blogg.svenskakyrkan.se\/insikten\/2024\/06\/02\/ett-naturligt-samband\/#respond\"]}]},{\"@type\":\"WebPage\",\"@id\":\"https:\/\/blogg.svenskakyrkan.se\/insikten\/2024\/06\/02\/ett-naturligt-samband\/\",\"url\":\"https:\/\/blogg.svenskakyrkan.se\/insikten\/2024\/06\/02\/ett-naturligt-samband\/\",\"name\":\"Ett naturligt samband - Insikten - Floby pastorat\",\"isPartOf\":{\"@id\":\"https:\/\/blogg.svenskakyrkan.se\/insikten\/#website\"},\"primaryImageOfPage\":{\"@id\":\"https:\/\/blogg.svenskakyrkan.se\/insikten\/2024\/06\/02\/ett-naturligt-samband\/#primaryimage\"},\"image\":{\"@id\":\"https:\/\/blogg.svenskakyrkan.se\/insikten\/2024\/06\/02\/ett-naturligt-samband\/#primaryimage\"},\"thumbnailUrl\":\"https:\/\/blogg.svenskakyrkan.se\/insikten\/files\/2024\/06\/1128778-kopia-scaled.jpg\",\"datePublished\":\"2024-06-02T08:11:32+00:00\",\"dateModified\":\"2024-06-02T08:21:41+00:00\",\"author\":{\"@id\":\"https:\/\/blogg.svenskakyrkan.se\/insikten\/#\/schema\/person\/5081f68a0318ddb64c879f7bc416ce8c\"},\"breadcrumb\":{\"@id\":\"https:\/\/blogg.svenskakyrkan.se\/insikten\/2024\/06\/02\/ett-naturligt-samband\/#breadcrumb\"},\"inLanguage\":\"sv-SE\",\"potentialAction\":[{\"@type\":\"ReadAction\",\"target\":[\"https:\/\/blogg.svenskakyrkan.se\/insikten\/2024\/06\/02\/ett-naturligt-samband\/\"]}]},{\"@type\":\"ImageObject\",\"inLanguage\":\"sv-SE\",\"@id\":\"https:\/\/blogg.svenskakyrkan.se\/insikten\/2024\/06\/02\/ett-naturligt-samband\/#primaryimage\",\"url\":\"https:\/\/blogg.svenskakyrkan.se\/insikten\/files\/2024\/06\/1128778-kopia-scaled.jpg\",\"contentUrl\":\"https:\/\/blogg.svenskakyrkan.se\/insikten\/files\/2024\/06\/1128778-kopia-scaled.jpg\",\"width\":2560,\"height\":1707,\"caption\":\"Pilgrimsvandring i Kilsbergen utanf\u00f6r \u00d6rebro med tid f\u00f6r stillhet och reflektion.\"},{\"@type\":\"BreadcrumbList\",\"@id\":\"https:\/\/blogg.svenskakyrkan.se\/insikten\/2024\/06\/02\/ett-naturligt-samband\/#breadcrumb\",\"itemListElement\":[{\"@type\":\"ListItem\",\"position\":1,\"name\":\"Hem\",\"item\":\"https:\/\/blogg.svenskakyrkan.se\/insikten\/\"},{\"@type\":\"ListItem\",\"position\":2,\"name\":\"Ett naturligt samband\"}]},{\"@type\":\"WebSite\",\"@id\":\"https:\/\/blogg.svenskakyrkan.se\/insikten\/#website\",\"url\":\"https:\/\/blogg.svenskakyrkan.se\/insikten\/\",\"name\":\"Insikten - Floby pastorat\",\"description\":\"Insikter, utsikter och emellan\u00e5t \u00e4ven \u00e5sikter fr\u00e5n Floby pastorat i Skara stift.\",\"potentialAction\":[{\"@type\":\"SearchAction\",\"target\":{\"@type\":\"EntryPoint\",\"urlTemplate\":\"https:\/\/blogg.svenskakyrkan.se\/insikten\/?s={search_term_string}\"},\"query-input\":{\"@type\":\"PropertyValueSpecification\",\"valueRequired\":true,\"valueName\":\"search_term_string\"}}],\"inLanguage\":\"sv-SE\"},{\"@type\":\"Person\",\"@id\":\"https:\/\/blogg.svenskakyrkan.se\/insikten\/#\/schema\/person\/5081f68a0318ddb64c879f7bc416ce8c\",\"name\":\"Floby pastorat\",\"image\":{\"@type\":\"ImageObject\",\"inLanguage\":\"sv-SE\",\"@id\":\"https:\/\/blogg.svenskakyrkan.se\/insikten\/#\/schema\/person\/image\/\",\"url\":\"https:\/\/secure.gravatar.com\/avatar\/c63a9fd4196da95cea4408b67893dbdb9ec52ef568ee59a4578ad766986bebcd?s=96&d=mm&r=g\",\"contentUrl\":\"https:\/\/secure.gravatar.com\/avatar\/c63a9fd4196da95cea4408b67893dbdb9ec52ef568ee59a4578ad766986bebcd?s=96&d=mm&r=g\",\"caption\":\"Floby pastorat\"},\"url\":\"https:\/\/blogg.svenskakyrkan.se\/insikten\/author\/helenataubner\/\"}]}<\/script>\n<!-- \/ Yoast SEO plugin. -->","yoast_head_json":{"title":"Ett naturligt samband - Insikten - Floby pastorat","robots":{"index":"index","follow":"follow","max-snippet":"max-snippet:-1","max-image-preview":"max-image-preview:large","max-video-preview":"max-video-preview:-1"},"canonical":"https:\/\/blogg.svenskakyrkan.se\/insikten\/2024\/06\/02\/ett-naturligt-samband\/","og_locale":"sv_SE","og_type":"article","og_title":"Ett naturligt samband - Insikten - Floby pastorat","og_description":"Sara Str\u00f6mberg bor i Falk\u00f6pings pastorat, jobbar som f\u00f6rsamlingspedagog i Tidaholm och \u00e4r sedan en tid tillbaka ideellt engagerad i pilgrimsgruppen i Floby pastorat. Som scout under uppv\u00e4xten har sambandet mellan naturen och Gud fallit sig naturligt. \u2013 N\u00e4r jag var i kyrkan d\u00e5 var det scouter, och vi var i naturen och pratade om [&hellip;]","og_url":"https:\/\/blogg.svenskakyrkan.se\/insikten\/2024\/06\/02\/ett-naturligt-samband\/","og_site_name":"Insikten - Floby pastorat","article_published_time":"2024-06-02T08:11:32+00:00","article_modified_time":"2024-06-02T08:21:41+00:00","og_image":[{"width":768,"height":512,"url":"https:\/\/blogg.svenskakyrkan.se\/insikten\/files\/2024\/06\/1128778-kopia-768x512.jpg","type":"image\/jpeg"}],"author":"Floby pastorat","twitter_card":"summary_large_image","twitter_misc":{"Skriven av":"Floby pastorat","Ber\u00e4knad l\u00e4stid":"4 minuter"},"schema":{"@context":"https:\/\/schema.org","@graph":[{"@type":"Article","@id":"https:\/\/blogg.svenskakyrkan.se\/insikten\/2024\/06\/02\/ett-naturligt-samband\/#article","isPartOf":{"@id":"https:\/\/blogg.svenskakyrkan.se\/insikten\/2024\/06\/02\/ett-naturligt-samband\/"},"author":{"name":"Floby pastorat","@id":"https:\/\/blogg.svenskakyrkan.se\/insikten\/#\/schema\/person\/5081f68a0318ddb64c879f7bc416ce8c"},"headline":"Ett naturligt samband","datePublished":"2024-06-02T08:11:32+00:00","dateModified":"2024-06-02T08:21:41+00:00","mainEntityOfPage":{"@id":"https:\/\/blogg.svenskakyrkan.se\/insikten\/2024\/06\/02\/ett-naturligt-samband\/"},"wordCount":870,"commentCount":0,"image":{"@id":"https:\/\/blogg.svenskakyrkan.se\/insikten\/2024\/06\/02\/ett-naturligt-samband\/#primaryimage"},"thumbnailUrl":"https:\/\/blogg.svenskakyrkan.se\/insikten\/files\/2024\/06\/1128778-kopia-scaled.jpg","articleSection":["Engagemang","Pilgrim"],"inLanguage":"sv-SE","potentialAction":[{"@type":"CommentAction","name":"Comment","target":["https:\/\/blogg.svenskakyrkan.se\/insikten\/2024\/06\/02\/ett-naturligt-samband\/#respond"]}]},{"@type":"WebPage","@id":"https:\/\/blogg.svenskakyrkan.se\/insikten\/2024\/06\/02\/ett-naturligt-samband\/","url":"https:\/\/blogg.svenskakyrkan.se\/insikten\/2024\/06\/02\/ett-naturligt-samband\/","name":"Ett naturligt samband - Insikten - Floby pastorat","isPartOf":{"@id":"https:\/\/blogg.svenskakyrkan.se\/insikten\/#website"},"primaryImageOfPage":{"@id":"https:\/\/blogg.svenskakyrkan.se\/insikten\/2024\/06\/02\/ett-naturligt-samband\/#primaryimage"},"image":{"@id":"https:\/\/blogg.svenskakyrkan.se\/insikten\/2024\/06\/02\/ett-naturligt-samband\/#primaryimage"},"thumbnailUrl":"https:\/\/blogg.svenskakyrkan.se\/insikten\/files\/2024\/06\/1128778-kopia-scaled.jpg","datePublished":"2024-06-02T08:11:32+00:00","dateModified":"2024-06-02T08:21:41+00:00","author":{"@id":"https:\/\/blogg.svenskakyrkan.se\/insikten\/#\/schema\/person\/5081f68a0318ddb64c879f7bc416ce8c"},"breadcrumb":{"@id":"https:\/\/blogg.svenskakyrkan.se\/insikten\/2024\/06\/02\/ett-naturligt-samband\/#breadcrumb"},"inLanguage":"sv-SE","potentialAction":[{"@type":"ReadAction","target":["https:\/\/blogg.svenskakyrkan.se\/insikten\/2024\/06\/02\/ett-naturligt-samband\/"]}]},{"@type":"ImageObject","inLanguage":"sv-SE","@id":"https:\/\/blogg.svenskakyrkan.se\/insikten\/2024\/06\/02\/ett-naturligt-samband\/#primaryimage","url":"https:\/\/blogg.svenskakyrkan.se\/insikten\/files\/2024\/06\/1128778-kopia-scaled.jpg","contentUrl":"https:\/\/blogg.svenskakyrkan.se\/insikten\/files\/2024\/06\/1128778-kopia-scaled.jpg","width":2560,"height":1707,"caption":"Pilgrimsvandring i Kilsbergen utanf\u00f6r \u00d6rebro med tid f\u00f6r stillhet och reflektion."},{"@type":"BreadcrumbList","@id":"https:\/\/blogg.svenskakyrkan.se\/insikten\/2024\/06\/02\/ett-naturligt-samband\/#breadcrumb","itemListElement":[{"@type":"ListItem","position":1,"name":"Hem","item":"https:\/\/blogg.svenskakyrkan.se\/insikten\/"},{"@type":"ListItem","position":2,"name":"Ett naturligt samband"}]},{"@type":"WebSite","@id":"https:\/\/blogg.svenskakyrkan.se\/insikten\/#website","url":"https:\/\/blogg.svenskakyrkan.se\/insikten\/","name":"Insikten - Floby pastorat","description":"Insikter, utsikter och emellan\u00e5t \u00e4ven \u00e5sikter fr\u00e5n Floby pastorat i Skara stift.","potentialAction":[{"@type":"SearchAction","target":{"@type":"EntryPoint","urlTemplate":"https:\/\/blogg.svenskakyrkan.se\/insikten\/?s={search_term_string}"},"query-input":{"@type":"PropertyValueSpecification","valueRequired":true,"valueName":"search_term_string"}}],"inLanguage":"sv-SE"},{"@type":"Person","@id":"https:\/\/blogg.svenskakyrkan.se\/insikten\/#\/schema\/person\/5081f68a0318ddb64c879f7bc416ce8c","name":"Floby pastorat","image":{"@type":"ImageObject","inLanguage":"sv-SE","@id":"https:\/\/blogg.svenskakyrkan.se\/insikten\/#\/schema\/person\/image\/","url":"https:\/\/secure.gravatar.com\/avatar\/c63a9fd4196da95cea4408b67893dbdb9ec52ef568ee59a4578ad766986bebcd?s=96&d=mm&r=g","contentUrl":"https:\/\/secure.gravatar.com\/avatar\/c63a9fd4196da95cea4408b67893dbdb9ec52ef568ee59a4578ad766986bebcd?s=96&d=mm&r=g","caption":"Floby pastorat"},"url":"https:\/\/blogg.svenskakyrkan.se\/insikten\/author\/helenataubner\/"}]}},"author_meta":{"ID":"250","user_nicename":"helenataubner","user_registered":"2013-01-15 08:36:14","display_name":"Floby pastorat","avatar":"https:\/\/secure.gravatar.com\/avatar\/c63a9fd4196da95cea4408b67893dbdb9ec52ef568ee59a4578ad766986bebcd?s=96&d=mm&r=g"},"featured_image":["https:\/\/blogg.svenskakyrkan.se\/insikten\/files\/2024\/06\/1128778-kopia-1024x683.jpg",1024,683,true],"bloginfo":{"name":"Insikten - Floby pastorat","url":"https:\/\/blogg.svenskakyrkan.se\/insikten"},"_links":{"self":[{"href":"https:\/\/blogg.svenskakyrkan.se\/insikten\/wp-json\/wp\/v2\/posts\/252","targetHints":{"allow":["GET"]}}],"collection":[{"href":"https:\/\/blogg.svenskakyrkan.se\/insikten\/wp-json\/wp\/v2\/posts"}],"about":[{"href":"https:\/\/blogg.svenskakyrkan.se\/insikten\/wp-json\/wp\/v2\/types\/post"}],"author":[{"embeddable":true,"href":"https:\/\/blogg.svenskakyrkan.se\/insikten\/wp-json\/wp\/v2\/users\/250"}],"replies":[{"embeddable":true,"href":"https:\/\/blogg.svenskakyrkan.se\/insikten\/wp-json\/wp\/v2\/comments?post=252"}],"version-history":[{"count":2,"href":"https:\/\/blogg.svenskakyrkan.se\/insikten\/wp-json\/wp\/v2\/posts\/252\/revisions"}],"predecessor-version":[{"id":258,"href":"https:\/\/blogg.svenskakyrkan.se\/insikten\/wp-json\/wp\/v2\/posts\/252\/revisions\/258"}],"wp:featuredmedia":[{"embeddable":true,"href":"https:\/\/blogg.svenskakyrkan.se\/insikten\/wp-json\/wp\/v2\/media\/253"}],"wp:attachment":[{"href":"https:\/\/blogg.svenskakyrkan.se\/insikten\/wp-json\/wp\/v2\/media?parent=252"}],"wp:term":[{"taxonomy":"category","embeddable":true,"href":"https:\/\/blogg.svenskakyrkan.se\/insikten\/wp-json\/wp\/v2\/categories?post=252"},{"taxonomy":"post_tag","embeddable":true,"href":"https:\/\/blogg.svenskakyrkan.se\/insikten\/wp-json\/wp\/v2\/tags?post=252"}],"curies":[{"name":"wp","href":"https:\/\/api.w.org\/{rel}","templated":true}]}}