{"id":255,"date":"2024-06-02T10:18:28","date_gmt":"2024-06-02T08:18:28","guid":{"rendered":"https:\/\/blogg.svenskakyrkan.se\/insikten\/?p=255"},"modified":"2024-06-02T10:18:29","modified_gmt":"2024-06-02T08:18:29","slug":"kyrkklockorna-berattar","status":"publish","type":"post","link":"https:\/\/blogg.svenskakyrkan.se\/insikten\/2024\/06\/02\/kyrkklockorna-berattar\/","title":{"rendered":"Kyrkklockorna ber\u00e4ttar"},"content":{"rendered":"\n\n\n<figure class=\"wp-block-image size-large is-style-default\"><img loading=\"lazy\" decoding=\"async\" width=\"1024\" height=\"654\" src=\"https:\/\/blogg.svenskakyrkan.se\/insikten\/files\/2024\/06\/Skarmavbild-2024-06-02-kl.-10.15.18-1024x654.png\" alt=\"\" class=\"wp-image-256\" srcset=\"https:\/\/blogg.svenskakyrkan.se\/insikten\/files\/2024\/06\/Skarmavbild-2024-06-02-kl.-10.15.18-1024x654.png 1024w, https:\/\/blogg.svenskakyrkan.se\/insikten\/files\/2024\/06\/Skarmavbild-2024-06-02-kl.-10.15.18-300x192.png 300w, https:\/\/blogg.svenskakyrkan.se\/insikten\/files\/2024\/06\/Skarmavbild-2024-06-02-kl.-10.15.18-768x491.png 768w, https:\/\/blogg.svenskakyrkan.se\/insikten\/files\/2024\/06\/Skarmavbild-2024-06-02-kl.-10.15.18-1536x981.png 1536w, https:\/\/blogg.svenskakyrkan.se\/insikten\/files\/2024\/06\/Skarmavbild-2024-06-02-kl.-10.15.18-1200x767.png 1200w, https:\/\/blogg.svenskakyrkan.se\/insikten\/files\/2024\/06\/Skarmavbild-2024-06-02-kl.-10.15.18.png 1938w\" sizes=\"auto, (max-width: 1024px) 100vw, 1024px\" \/><figcaption class=\"wp-element-caption\"><em>\u00a0I V\u00e5rkumla finns ingen elmotor utan klockorna rings p\u00e5 det gamla s\u00e4ttet f\u00f6r hand.<\/em><br><\/figcaption><\/figure>\n\n\n\n<p>Klockorna ringer inte bara f\u00f6r att kalla till gudstj\u00e4nst, utan ocks\u00e5 f\u00f6r att markera dagens och veckans rytm. I en tid med digitala kalendrar och pushnotiser i mobilen, kan man tycka att det \u00e4r en gammal sed som inte skulle beh\u00f6vas l\u00e4ngre. Men s\u00e5 snart fr\u00e5gan v\u00e4cks om att begr\u00e4nsa tiderna f\u00f6r kyrkornas klockringning \u00e4r det m\u00e5nga som samtidigt ber\u00e4ttar hur mycket de uppskattar traditionen och hur viktig den \u00e4r f\u00f6r dem.<\/p>\n\n\n\n<p>Kyrkklockornas ljud v\u00e4cker minnen av skolavslutningar, br\u00f6llop och h\u00f6gtid, men ocks\u00e5 av tacks\u00e4gelseringningen i gudstj\u00e4nsten eller vid begravningen av en \u00e4lskad anh\u00f6rig. F\u00f6r m\u00e5nga \u00e4r den dova klangen som rullar \u00f6ver f\u00e4lten och mellan g\u00e5rdarna f\u00f6rknippad med solens uppg\u00e5ng och nedg\u00e5ng under sommarm\u00e5naderna.<\/p>\n\n\n\n<p>I Floby pastorats tre f\u00f6rsamlingar finns 17 sockenkyrkor d\u00e4r det i m\u00e5nga fall finns mycket gamla lokala traditioner om hur klockringningen ska ske, traditioner som pastoratets kyrkvaktm\u00e4stare f\u00f6rmedlar vidare till nya generationer. I G\u00f6teve och Ullene sker helgm\u00e5lsringningen kl 15 och inte kl 16 som i de andra kyrkorna. I J\u00e4la och Ullene sker s\u00e5 kallad kl\u00e4mtning f\u00f6re den inledande klockringningen vid begravningsgudstj\u00e4nster. Kl\u00e4ppen sl\u00e5s f\u00f6r hand mot kyrkklockan ett visst antal g\u00e5nger. I G\u00f6teve sker kl\u00e4mtning nio g\u00e5nger i stora och nio g\u00e5nger i lilla klockan vid p\u00e5lysning av d\u00f6dsfall, det som kallas tacks\u00e4gelse. I V\u00e5rkumla finns ingen elmotor utan klockorna rings p\u00e5 det gamla s\u00e4ttet f\u00f6r hand.<\/p>\n\n\n\n<h2 class=\"wp-block-heading\">N\u00e4r rings det i klockorna?&nbsp;<\/h2>\n\n\n\n<p>Helgm\u00e5lsringningen p\u00e5 l\u00f6rdagskv\u00e4llar och helgaftnar markerade att arbetsveckan var slut och s\u00f6ndagsfriden ringdes in i det gamla bondesamh\u00e4llet. Traditionen lever fortfarande kvar p\u00e5 de flesta h\u00e5ll i Sverige d\u00e4r helgm\u00e5lsringning och ibland helgm\u00e5lsb\u00f6n brukar ske kl 18. Av n\u00e5gon anledning har helgm\u00e5lsringningen kommit att bli kl 16 i v\u00e5ra trakter. Kanske beror det p\u00e5 att tiden kl 18 passade illa med mj\u00f6lkningen.<\/p>\n\n\n\n<p>Sommarringning under perioden 1 maj till 30 september sker m\u00e5ndag till fredag kl 7 och 19 i samtliga kyrkor, med en justering av tiden i \u00c5sarp fr\u00e5n kl 7 till kl 8 efter \u00f6nskem\u00e5l. Traditionen \u00e4r en rest fr\u00e5n den medel-tida kristna tideb\u00f6nen eller tideg\u00e4rden, med sju eller nio fasta b\u00f6nestunder under dygnets timmar fr\u00e5n uppvaknandet till s\u00e4ngg\u00e5endet. Seden med klockringning vid fasta b\u00f6netider levde i Sverige kvar fram till slutet av 1600-talet. I Svenska kyrkans officiella b\u00f6nbok som finns tryckt l\u00e4ngst bak i psalmboken finns ordningar f\u00f6r regelbunden morgon- och kv\u00e4llsb\u00f6n, efter m\u00f6nster fr\u00e5n tideg\u00e4rden. Inskriptionen p\u00e5 lillklockan i S\u00f6rby fr\u00e5n 1747 p\u00e5minner om v\u00e4rdet av en s\u00e5dan \u00e5terkommande rytm i det andliga livet:<\/p>\n\n\n\n<p><em>THET \u00c4R EN KOSTELIG TING ATT TACKA HERRANOM OCH LOFSJUNGA TINO NAMNE<br>TU ALDRA H\u00d6GSTE OCH MORGONEN<br>F\u00d6RKUNNA TINA N\u00c5D OCH OM AFTONEN TINA SANNING.<\/em><\/p>\n\n\n\n<p>Vid s\u00f6ndagsgudstj\u00e4nster har kyrkvaktm\u00e4staren av tradition ringt i kyrkklockorna en timme i f\u00f6rv\u00e4g som en p\u00e5minnelse f\u00f6r f\u00f6rsamlingen. Den s\u00e5 kallade \u201dpr\u00e4staringningen\u201d skedde f\u00f6rr n\u00e4r pr\u00e4sten ankom till kyrkan. D\u00e5 stod vaktm\u00e4staren och v\u00e4ntade beredd p\u00e5 kyrktrappan, det kunde vara en halvtimme eller en kvart f\u00f6re. Det finns m\u00e5nga historier om pr\u00e4ster som var k\u00e4nda f\u00f6r att komma s\u00e5 sent, att pr\u00e4staringningen i det n\u00e4rmaste kom att sammanfalla med den klockringning som inleder gudstj\u00e4nsten. Under gudstj\u00e4nsten ringer klockorna en minut n\u00e4r det \u00e4r ljust\u00e4ndning och tacks\u00e4gelse f\u00f6r de medlemmar i f\u00f6rsamlingen som har avlidit. Vid vigsel- och begravningsgudstj\u00e4nster ringer klockorna b\u00e5de vid f\u00f6rr\u00e4ttningens inledning och avslutning.<\/p>\n\n\n\n<p>Kyrkklockorna har \u00e4ven anv\u00e4nts f\u00f6r att ringa l\u00e4nge vid s\u00e4rskilda nationella h\u00f6gtidsdagar eller f\u00f6r att varna f\u00f6r fara. Vid de s\u00e5 kallade kungaringningarna \u00f6ver s\u00e5v\u00e4l Gustav III 1792 som Karl XIV Johan 1844 sprack storklockan i Floby kyrka och fick gjutas om.&nbsp;<\/p>\n\n\n\n<p>Vid freden efter andra v\u00e4rldskriget 1945 fanns det m\u00e5nga stolta pojkar i sm\u00e5skolan som fick ledigt fr\u00e5n skolan f\u00f6r att hj\u00e4lpa kyrkv\u00e4rdarna att ringa i klockorna f\u00f6r hand. Sven Lindberg i G\u00f6khem var en av dem. I J\u00e4la sprack storklockan fr\u00e5n 1546 under mobiliseringsringning 1914. Det tog tre \u00e5r innan den nya klockan blev klar. D\u00e5 installerades \u00e4ven en ny lillklocka med inskriptionen: \u201dUnder det stora verldskrigets dagar, \u00e5r 1917, blev jag till J\u00e4la f\u00f6rsamlings tj\u00e4nst gjuten\u201d. Ingen visste d\u00e5 att kriget skulle p\u00e5g\u00e5 ytterligare tv\u00e5 \u00e5r, eller att det endast var det f\u00f6rsta av tv\u00e5 stora v\u00e4rldskrig under 1900-talet. N\u00e4r Rysslands invasion av Ukraina inleddes i februari 2022 uppmanade Skara stifts biskop \u00c5ke Bonnier under l\u00e5ngt tid alla f\u00f6rsamlingar att ringa i kyrkklockorna och be f\u00f6r fred varje dag kl 12.<\/p>\n\n\n\n<h2 class=\"wp-block-heading\">Hur gamla \u00e4r klockorna och vad \u00e4r deras budskap?<\/h2>\n\n\n\n<p>I kyrkorna i \u00c5sarp, Fivlered, Solberga, Brismene, G\u00f6khem och Vilske-Kleva finns bevarade kyrkklockor fr\u00e5n den katolska tiden f\u00f6re 1500-talet. N\u00e5gra \u00e4r sannolikt fr\u00e5n 1200- eller 1300-talet och storklockan i Fivlered kan rent av vara en av de \u00e4ldsta bevarade i Sverige, gjuten p\u00e5 1100-talet! Under den protestantiska tiden gj\u00f6ts de gamla klockorna om och nya tillverkades. De flesta kyrkklockor i pastoratet \u00e4r fr\u00e5n 1700-talet med bibelverser, ofta fr\u00e5n Psaltaren, fint ingraverade. Andra inskriptioner \u00e4r poetiska men mer jordn\u00e4ra, som till exempel versen p\u00e5 lillklockan i B\u00f6rstig fr\u00e5n 1790:<\/p>\n\n\n\n<p><em>D\u00e5 Tredie Gustaf spiran bar,<br>Claes Ekeblad var l\u00e4nets far,<br>V\u00e5r V\u00e4rda Herde Pehr Alin,<br>d\u00e5 f\u00f6rdes denna klocka in,<br>till Skara och omguten blef,<br>d\u00e5 sjuttonhundrade man skref,\u00a0<\/em><br><em>och nittio. Af Billsten sn\u00e4ll,\u00a0<\/em><br><em>som verket dref b\u00e5d fort och v\u00e4l.<\/em><\/p>\n\n\n\n<p>P\u00e5 lillklockan i Tr\u00e4vattna st\u00e5r ingraverat att artilleri\u00f6versten Carl Sj\u00f6blad (som i sin ungdom n\u00e4tt och j\u00e4mnt \u00f6verlevde slaget vid L\u00fctzen 1632) \u201dhafver l\u00e5tit guta denna klocka \u00e5t sin Dotter V\u00e4lborna Jungfru Elisabeth Sj\u00f6blad. Anno 1669 \u2013 Soli Deo gloria\u201d. Av sammanhanget framg\u00e5r att det sannolikt r\u00f6r sig om en konfirmationspresent! Ofta vill texterna p\u00e5 kyrkklockorna st\u00e4mma till eftertanke, som p\u00e5 lillklockan i H\u00e4llestad fr\u00e5n 1854: \u201dBes\u00f6k Guds helgedom lef t\u00e5lig wis och from och t\u00e4nk p\u00e5 d\u00f6d och dom\u201d. Den uppbyggliga uppmaningen p\u00e5 mellanklockan i Grolanda fr\u00e5n 1796 \u00e4r tidstypisk och vacker:<\/p>\n\n\n\n<p><em>MIN CHRISTEN GOD,<br>HWAR DROPPA BLOD,<br>M\u00c5 I DIN \u00c5DROR R\u00d6RAS,<br>TIL KYRKO G\u00c5NG,<br>TIL B\u00d6N OCH S\u00c5NG,<br>N\u00c4R LIUDET MIT M\u00c5ND H\u00d6RAS.<\/em><\/p>\n\n\n\n<p>S\u00e5 uttrycker kyrkklockorna idag samma starka och milda klang, samma klara och dova toner som f\u00f6rr. Deras klang f\u00f6ljer oss liksom tidigare generationer som en bakgrundsmusik genom livet, som ett \u201dsoundtrack\u201d skulle vi s\u00e4ga idag. I gl\u00e4dje och sorg, till vardag och fest, ringer kyrkklockorna frid och fred ut \u00f6ver v\u00e5ra f\u00f6rsamlingar, \u00f6ver \u00e5krarna och husen och m\u00e4nniskorna som bor h\u00e4r.<\/p>\n\n\n\n<h2 class=\"wp-block-heading\">Film om klockringarna i V\u00e5rkumla<\/h2>\n\n\n\n<p>V\u00e4sterg\u00f6tlands museum har gjort en film om att klockorna i V\u00e5rkumla fortfarande rings f\u00f6r hand.\u00a0 Du kan se filmen h\u00e4r: <a href=\"https:\/\/youtu.be\/yzpv_vqPRiw?si=4gn8RIIEjcVV1bii\" target=\"_blank\" rel=\"noreferrer noopener\">https:\/\/youtu.be\/yzpv_vqPRiw?si=4gn8RIIEjcVV1bii <\/a><\/p>\n\n\n\n<p><\/p>\n\n\n\n<p>&#8230;&#8230;&#8230;&#8230;&#8230;&#8230;&#8230;&#8230;&#8230;.<\/p>\n\n\n\n<p>Texten publicerades f\u00f6rsta g\u00e5ngen i Insikten nummer 2 2024.<\/p>\n","protected":false},"excerpt":{"rendered":"<p>Klockorna ringer inte bara f\u00f6r att kalla till gudstj\u00e4nst, utan ocks\u00e5 f\u00f6r att markera dagens och veckans rytm. I en tid med digitala kalendrar och pushnotiser i mobilen, kan man tycka att det \u00e4r en gammal sed som inte skulle beh\u00f6vas l\u00e4ngre. Men s\u00e5 snart fr\u00e5gan v\u00e4cks om att begr\u00e4nsa tiderna f\u00f6r kyrkornas klockringning \u00e4r [&hellip;]<\/p>\n","protected":false},"author":250,"featured_media":256,"comment_status":"open","ping_status":"open","sticky":false,"template":"","format":"standard","meta":{"_acf_changed":false,"footnotes":""},"categories":[7,20],"tags":[],"class_list":["post-255","post","type-post","status-publish","format-standard","has-post-thumbnail","hentry","category-engagemang","category-kulturarvet"],"acf":[],"yoast_head":"<!-- This site is optimized with the Yoast SEO plugin v27.1.1 - https:\/\/yoast.com\/product\/yoast-seo-wordpress\/ -->\n<title>Kyrkklockorna ber\u00e4ttar - Insikten - Floby pastorat<\/title>\n<meta name=\"robots\" content=\"index, follow, max-snippet:-1, max-image-preview:large, max-video-preview:-1\" \/>\n<link rel=\"canonical\" href=\"https:\/\/blogg.svenskakyrkan.se\/insikten\/2024\/06\/02\/kyrkklockorna-berattar\/\" \/>\n<meta property=\"og:locale\" content=\"sv_SE\" \/>\n<meta property=\"og:type\" content=\"article\" \/>\n<meta property=\"og:title\" content=\"Kyrkklockorna ber\u00e4ttar - Insikten - Floby pastorat\" \/>\n<meta property=\"og:description\" content=\"Klockorna ringer inte bara f\u00f6r att kalla till gudstj\u00e4nst, utan ocks\u00e5 f\u00f6r att markera dagens och veckans rytm. I en tid med digitala kalendrar och pushnotiser i mobilen, kan man tycka att det \u00e4r en gammal sed som inte skulle beh\u00f6vas l\u00e4ngre. Men s\u00e5 snart fr\u00e5gan v\u00e4cks om att begr\u00e4nsa tiderna f\u00f6r kyrkornas klockringning \u00e4r [&hellip;]\" \/>\n<meta property=\"og:url\" content=\"https:\/\/blogg.svenskakyrkan.se\/insikten\/2024\/06\/02\/kyrkklockorna-berattar\/\" \/>\n<meta property=\"og:site_name\" content=\"Insikten - Floby pastorat\" \/>\n<meta property=\"article:published_time\" content=\"2024-06-02T08:18:28+00:00\" \/>\n<meta property=\"article:modified_time\" content=\"2024-06-02T08:18:29+00:00\" \/>\n<meta property=\"og:image\" content=\"https:\/\/blogg.svenskakyrkan.se\/insikten\/files\/2024\/06\/Skarmavbild-2024-06-02-kl.-10.15.18-1024x654.png\" \/>\n\t<meta property=\"og:image:width\" content=\"1024\" \/>\n\t<meta property=\"og:image:height\" content=\"654\" \/>\n\t<meta property=\"og:image:type\" content=\"image\/png\" \/>\n<meta name=\"author\" content=\"Floby pastorat\" \/>\n<meta name=\"twitter:card\" content=\"summary_large_image\" \/>\n<meta name=\"twitter:label1\" content=\"Skriven av\" \/>\n\t<meta name=\"twitter:data1\" content=\"Floby pastorat\" \/>\n\t<meta name=\"twitter:label2\" content=\"Ber\u00e4knad l\u00e4stid\" \/>\n\t<meta name=\"twitter:data2\" content=\"6 minuter\" \/>\n<script type=\"application\/ld+json\" class=\"yoast-schema-graph\">{\"@context\":\"https:\/\/schema.org\",\"@graph\":[{\"@type\":\"Article\",\"@id\":\"https:\/\/blogg.svenskakyrkan.se\/insikten\/2024\/06\/02\/kyrkklockorna-berattar\/#article\",\"isPartOf\":{\"@id\":\"https:\/\/blogg.svenskakyrkan.se\/insikten\/2024\/06\/02\/kyrkklockorna-berattar\/\"},\"author\":{\"name\":\"Floby pastorat\",\"@id\":\"https:\/\/blogg.svenskakyrkan.se\/insikten\/#\/schema\/person\/5081f68a0318ddb64c879f7bc416ce8c\"},\"headline\":\"Kyrkklockorna ber\u00e4ttar\",\"datePublished\":\"2024-06-02T08:18:28+00:00\",\"dateModified\":\"2024-06-02T08:18:29+00:00\",\"mainEntityOfPage\":{\"@id\":\"https:\/\/blogg.svenskakyrkan.se\/insikten\/2024\/06\/02\/kyrkklockorna-berattar\/\"},\"wordCount\":1276,\"commentCount\":0,\"image\":{\"@id\":\"https:\/\/blogg.svenskakyrkan.se\/insikten\/2024\/06\/02\/kyrkklockorna-berattar\/#primaryimage\"},\"thumbnailUrl\":\"https:\/\/blogg.svenskakyrkan.se\/insikten\/files\/2024\/06\/Skarmavbild-2024-06-02-kl.-10.15.18.png\",\"articleSection\":[\"Engagemang\",\"Kulturarvet\"],\"inLanguage\":\"sv-SE\",\"potentialAction\":[{\"@type\":\"CommentAction\",\"name\":\"Comment\",\"target\":[\"https:\/\/blogg.svenskakyrkan.se\/insikten\/2024\/06\/02\/kyrkklockorna-berattar\/#respond\"]}]},{\"@type\":\"WebPage\",\"@id\":\"https:\/\/blogg.svenskakyrkan.se\/insikten\/2024\/06\/02\/kyrkklockorna-berattar\/\",\"url\":\"https:\/\/blogg.svenskakyrkan.se\/insikten\/2024\/06\/02\/kyrkklockorna-berattar\/\",\"name\":\"Kyrkklockorna ber\u00e4ttar - Insikten - Floby pastorat\",\"isPartOf\":{\"@id\":\"https:\/\/blogg.svenskakyrkan.se\/insikten\/#website\"},\"primaryImageOfPage\":{\"@id\":\"https:\/\/blogg.svenskakyrkan.se\/insikten\/2024\/06\/02\/kyrkklockorna-berattar\/#primaryimage\"},\"image\":{\"@id\":\"https:\/\/blogg.svenskakyrkan.se\/insikten\/2024\/06\/02\/kyrkklockorna-berattar\/#primaryimage\"},\"thumbnailUrl\":\"https:\/\/blogg.svenskakyrkan.se\/insikten\/files\/2024\/06\/Skarmavbild-2024-06-02-kl.-10.15.18.png\",\"datePublished\":\"2024-06-02T08:18:28+00:00\",\"dateModified\":\"2024-06-02T08:18:29+00:00\",\"author\":{\"@id\":\"https:\/\/blogg.svenskakyrkan.se\/insikten\/#\/schema\/person\/5081f68a0318ddb64c879f7bc416ce8c\"},\"breadcrumb\":{\"@id\":\"https:\/\/blogg.svenskakyrkan.se\/insikten\/2024\/06\/02\/kyrkklockorna-berattar\/#breadcrumb\"},\"inLanguage\":\"sv-SE\",\"potentialAction\":[{\"@type\":\"ReadAction\",\"target\":[\"https:\/\/blogg.svenskakyrkan.se\/insikten\/2024\/06\/02\/kyrkklockorna-berattar\/\"]}]},{\"@type\":\"ImageObject\",\"inLanguage\":\"sv-SE\",\"@id\":\"https:\/\/blogg.svenskakyrkan.se\/insikten\/2024\/06\/02\/kyrkklockorna-berattar\/#primaryimage\",\"url\":\"https:\/\/blogg.svenskakyrkan.se\/insikten\/files\/2024\/06\/Skarmavbild-2024-06-02-kl.-10.15.18.png\",\"contentUrl\":\"https:\/\/blogg.svenskakyrkan.se\/insikten\/files\/2024\/06\/Skarmavbild-2024-06-02-kl.-10.15.18.png\",\"width\":1938,\"height\":1238},{\"@type\":\"BreadcrumbList\",\"@id\":\"https:\/\/blogg.svenskakyrkan.se\/insikten\/2024\/06\/02\/kyrkklockorna-berattar\/#breadcrumb\",\"itemListElement\":[{\"@type\":\"ListItem\",\"position\":1,\"name\":\"Hem\",\"item\":\"https:\/\/blogg.svenskakyrkan.se\/insikten\/\"},{\"@type\":\"ListItem\",\"position\":2,\"name\":\"Kyrkklockorna ber\u00e4ttar\"}]},{\"@type\":\"WebSite\",\"@id\":\"https:\/\/blogg.svenskakyrkan.se\/insikten\/#website\",\"url\":\"https:\/\/blogg.svenskakyrkan.se\/insikten\/\",\"name\":\"Insikten - Floby pastorat\",\"description\":\"Insikter, utsikter och emellan\u00e5t \u00e4ven \u00e5sikter fr\u00e5n Floby pastorat i Skara stift.\",\"potentialAction\":[{\"@type\":\"SearchAction\",\"target\":{\"@type\":\"EntryPoint\",\"urlTemplate\":\"https:\/\/blogg.svenskakyrkan.se\/insikten\/?s={search_term_string}\"},\"query-input\":{\"@type\":\"PropertyValueSpecification\",\"valueRequired\":true,\"valueName\":\"search_term_string\"}}],\"inLanguage\":\"sv-SE\"},{\"@type\":\"Person\",\"@id\":\"https:\/\/blogg.svenskakyrkan.se\/insikten\/#\/schema\/person\/5081f68a0318ddb64c879f7bc416ce8c\",\"name\":\"Floby pastorat\",\"image\":{\"@type\":\"ImageObject\",\"inLanguage\":\"sv-SE\",\"@id\":\"https:\/\/blogg.svenskakyrkan.se\/insikten\/#\/schema\/person\/image\/\",\"url\":\"https:\/\/secure.gravatar.com\/avatar\/c63a9fd4196da95cea4408b67893dbdb9ec52ef568ee59a4578ad766986bebcd?s=96&d=mm&r=g\",\"contentUrl\":\"https:\/\/secure.gravatar.com\/avatar\/c63a9fd4196da95cea4408b67893dbdb9ec52ef568ee59a4578ad766986bebcd?s=96&d=mm&r=g\",\"caption\":\"Floby pastorat\"},\"url\":\"https:\/\/blogg.svenskakyrkan.se\/insikten\/author\/helenataubner\/\"}]}<\/script>\n<!-- \/ Yoast SEO plugin. -->","yoast_head_json":{"title":"Kyrkklockorna ber\u00e4ttar - Insikten - Floby pastorat","robots":{"index":"index","follow":"follow","max-snippet":"max-snippet:-1","max-image-preview":"max-image-preview:large","max-video-preview":"max-video-preview:-1"},"canonical":"https:\/\/blogg.svenskakyrkan.se\/insikten\/2024\/06\/02\/kyrkklockorna-berattar\/","og_locale":"sv_SE","og_type":"article","og_title":"Kyrkklockorna ber\u00e4ttar - Insikten - Floby pastorat","og_description":"Klockorna ringer inte bara f\u00f6r att kalla till gudstj\u00e4nst, utan ocks\u00e5 f\u00f6r att markera dagens och veckans rytm. I en tid med digitala kalendrar och pushnotiser i mobilen, kan man tycka att det \u00e4r en gammal sed som inte skulle beh\u00f6vas l\u00e4ngre. Men s\u00e5 snart fr\u00e5gan v\u00e4cks om att begr\u00e4nsa tiderna f\u00f6r kyrkornas klockringning \u00e4r [&hellip;]","og_url":"https:\/\/blogg.svenskakyrkan.se\/insikten\/2024\/06\/02\/kyrkklockorna-berattar\/","og_site_name":"Insikten - Floby pastorat","article_published_time":"2024-06-02T08:18:28+00:00","article_modified_time":"2024-06-02T08:18:29+00:00","og_image":[{"width":1024,"height":654,"url":"https:\/\/blogg.svenskakyrkan.se\/insikten\/files\/2024\/06\/Skarmavbild-2024-06-02-kl.-10.15.18-1024x654.png","type":"image\/png"}],"author":"Floby pastorat","twitter_card":"summary_large_image","twitter_misc":{"Skriven av":"Floby pastorat","Ber\u00e4knad l\u00e4stid":"6 minuter"},"schema":{"@context":"https:\/\/schema.org","@graph":[{"@type":"Article","@id":"https:\/\/blogg.svenskakyrkan.se\/insikten\/2024\/06\/02\/kyrkklockorna-berattar\/#article","isPartOf":{"@id":"https:\/\/blogg.svenskakyrkan.se\/insikten\/2024\/06\/02\/kyrkklockorna-berattar\/"},"author":{"name":"Floby pastorat","@id":"https:\/\/blogg.svenskakyrkan.se\/insikten\/#\/schema\/person\/5081f68a0318ddb64c879f7bc416ce8c"},"headline":"Kyrkklockorna ber\u00e4ttar","datePublished":"2024-06-02T08:18:28+00:00","dateModified":"2024-06-02T08:18:29+00:00","mainEntityOfPage":{"@id":"https:\/\/blogg.svenskakyrkan.se\/insikten\/2024\/06\/02\/kyrkklockorna-berattar\/"},"wordCount":1276,"commentCount":0,"image":{"@id":"https:\/\/blogg.svenskakyrkan.se\/insikten\/2024\/06\/02\/kyrkklockorna-berattar\/#primaryimage"},"thumbnailUrl":"https:\/\/blogg.svenskakyrkan.se\/insikten\/files\/2024\/06\/Skarmavbild-2024-06-02-kl.-10.15.18.png","articleSection":["Engagemang","Kulturarvet"],"inLanguage":"sv-SE","potentialAction":[{"@type":"CommentAction","name":"Comment","target":["https:\/\/blogg.svenskakyrkan.se\/insikten\/2024\/06\/02\/kyrkklockorna-berattar\/#respond"]}]},{"@type":"WebPage","@id":"https:\/\/blogg.svenskakyrkan.se\/insikten\/2024\/06\/02\/kyrkklockorna-berattar\/","url":"https:\/\/blogg.svenskakyrkan.se\/insikten\/2024\/06\/02\/kyrkklockorna-berattar\/","name":"Kyrkklockorna ber\u00e4ttar - Insikten - Floby pastorat","isPartOf":{"@id":"https:\/\/blogg.svenskakyrkan.se\/insikten\/#website"},"primaryImageOfPage":{"@id":"https:\/\/blogg.svenskakyrkan.se\/insikten\/2024\/06\/02\/kyrkklockorna-berattar\/#primaryimage"},"image":{"@id":"https:\/\/blogg.svenskakyrkan.se\/insikten\/2024\/06\/02\/kyrkklockorna-berattar\/#primaryimage"},"thumbnailUrl":"https:\/\/blogg.svenskakyrkan.se\/insikten\/files\/2024\/06\/Skarmavbild-2024-06-02-kl.-10.15.18.png","datePublished":"2024-06-02T08:18:28+00:00","dateModified":"2024-06-02T08:18:29+00:00","author":{"@id":"https:\/\/blogg.svenskakyrkan.se\/insikten\/#\/schema\/person\/5081f68a0318ddb64c879f7bc416ce8c"},"breadcrumb":{"@id":"https:\/\/blogg.svenskakyrkan.se\/insikten\/2024\/06\/02\/kyrkklockorna-berattar\/#breadcrumb"},"inLanguage":"sv-SE","potentialAction":[{"@type":"ReadAction","target":["https:\/\/blogg.svenskakyrkan.se\/insikten\/2024\/06\/02\/kyrkklockorna-berattar\/"]}]},{"@type":"ImageObject","inLanguage":"sv-SE","@id":"https:\/\/blogg.svenskakyrkan.se\/insikten\/2024\/06\/02\/kyrkklockorna-berattar\/#primaryimage","url":"https:\/\/blogg.svenskakyrkan.se\/insikten\/files\/2024\/06\/Skarmavbild-2024-06-02-kl.-10.15.18.png","contentUrl":"https:\/\/blogg.svenskakyrkan.se\/insikten\/files\/2024\/06\/Skarmavbild-2024-06-02-kl.-10.15.18.png","width":1938,"height":1238},{"@type":"BreadcrumbList","@id":"https:\/\/blogg.svenskakyrkan.se\/insikten\/2024\/06\/02\/kyrkklockorna-berattar\/#breadcrumb","itemListElement":[{"@type":"ListItem","position":1,"name":"Hem","item":"https:\/\/blogg.svenskakyrkan.se\/insikten\/"},{"@type":"ListItem","position":2,"name":"Kyrkklockorna ber\u00e4ttar"}]},{"@type":"WebSite","@id":"https:\/\/blogg.svenskakyrkan.se\/insikten\/#website","url":"https:\/\/blogg.svenskakyrkan.se\/insikten\/","name":"Insikten - Floby pastorat","description":"Insikter, utsikter och emellan\u00e5t \u00e4ven \u00e5sikter fr\u00e5n Floby pastorat i Skara stift.","potentialAction":[{"@type":"SearchAction","target":{"@type":"EntryPoint","urlTemplate":"https:\/\/blogg.svenskakyrkan.se\/insikten\/?s={search_term_string}"},"query-input":{"@type":"PropertyValueSpecification","valueRequired":true,"valueName":"search_term_string"}}],"inLanguage":"sv-SE"},{"@type":"Person","@id":"https:\/\/blogg.svenskakyrkan.se\/insikten\/#\/schema\/person\/5081f68a0318ddb64c879f7bc416ce8c","name":"Floby pastorat","image":{"@type":"ImageObject","inLanguage":"sv-SE","@id":"https:\/\/blogg.svenskakyrkan.se\/insikten\/#\/schema\/person\/image\/","url":"https:\/\/secure.gravatar.com\/avatar\/c63a9fd4196da95cea4408b67893dbdb9ec52ef568ee59a4578ad766986bebcd?s=96&d=mm&r=g","contentUrl":"https:\/\/secure.gravatar.com\/avatar\/c63a9fd4196da95cea4408b67893dbdb9ec52ef568ee59a4578ad766986bebcd?s=96&d=mm&r=g","caption":"Floby pastorat"},"url":"https:\/\/blogg.svenskakyrkan.se\/insikten\/author\/helenataubner\/"}]}},"author_meta":{"ID":"250","user_nicename":"helenataubner","user_registered":"2013-01-15 08:36:14","display_name":"Floby pastorat","avatar":"https:\/\/secure.gravatar.com\/avatar\/c63a9fd4196da95cea4408b67893dbdb9ec52ef568ee59a4578ad766986bebcd?s=96&d=mm&r=g"},"featured_image":["https:\/\/blogg.svenskakyrkan.se\/insikten\/files\/2024\/06\/Skarmavbild-2024-06-02-kl.-10.15.18-1024x654.png",1024,654,true],"bloginfo":{"name":"Insikten - Floby pastorat","url":"https:\/\/blogg.svenskakyrkan.se\/insikten"},"_links":{"self":[{"href":"https:\/\/blogg.svenskakyrkan.se\/insikten\/wp-json\/wp\/v2\/posts\/255","targetHints":{"allow":["GET"]}}],"collection":[{"href":"https:\/\/blogg.svenskakyrkan.se\/insikten\/wp-json\/wp\/v2\/posts"}],"about":[{"href":"https:\/\/blogg.svenskakyrkan.se\/insikten\/wp-json\/wp\/v2\/types\/post"}],"author":[{"embeddable":true,"href":"https:\/\/blogg.svenskakyrkan.se\/insikten\/wp-json\/wp\/v2\/users\/250"}],"replies":[{"embeddable":true,"href":"https:\/\/blogg.svenskakyrkan.se\/insikten\/wp-json\/wp\/v2\/comments?post=255"}],"version-history":[{"count":1,"href":"https:\/\/blogg.svenskakyrkan.se\/insikten\/wp-json\/wp\/v2\/posts\/255\/revisions"}],"predecessor-version":[{"id":257,"href":"https:\/\/blogg.svenskakyrkan.se\/insikten\/wp-json\/wp\/v2\/posts\/255\/revisions\/257"}],"wp:featuredmedia":[{"embeddable":true,"href":"https:\/\/blogg.svenskakyrkan.se\/insikten\/wp-json\/wp\/v2\/media\/256"}],"wp:attachment":[{"href":"https:\/\/blogg.svenskakyrkan.se\/insikten\/wp-json\/wp\/v2\/media?parent=255"}],"wp:term":[{"taxonomy":"category","embeddable":true,"href":"https:\/\/blogg.svenskakyrkan.se\/insikten\/wp-json\/wp\/v2\/categories?post=255"},{"taxonomy":"post_tag","embeddable":true,"href":"https:\/\/blogg.svenskakyrkan.se\/insikten\/wp-json\/wp\/v2\/tags?post=255"}],"curies":[{"name":"wp","href":"https:\/\/api.w.org\/{rel}","templated":true}]}}