{"id":261,"date":"2024-10-26T17:44:51","date_gmt":"2024-10-26T15:44:51","guid":{"rendered":"https:\/\/blogg.svenskakyrkan.se\/insikten\/?p=261"},"modified":"2024-10-26T18:02:25","modified_gmt":"2024-10-26T16:02:25","slug":"omsorg-om-miljo-och-manniskor","status":"publish","type":"post","link":"https:\/\/blogg.svenskakyrkan.se\/insikten\/2024\/10\/26\/omsorg-om-miljo-och-manniskor\/","title":{"rendered":"Omsorg om milj\u00f6 och m\u00e4nniskor"},"content":{"rendered":"\n\n\n<figure class=\"wp-block-image size-large\"><img loading=\"lazy\" decoding=\"async\" width=\"1024\" height=\"517\" src=\"https:\/\/blogg.svenskakyrkan.se\/insikten\/files\/2024\/10\/Skarmavbild-2024-10-26-kl.-17.42.07-1024x517.png\" alt=\"\" class=\"wp-image-263\" srcset=\"https:\/\/blogg.svenskakyrkan.se\/insikten\/files\/2024\/10\/Skarmavbild-2024-10-26-kl.-17.42.07-1024x517.png 1024w, https:\/\/blogg.svenskakyrkan.se\/insikten\/files\/2024\/10\/Skarmavbild-2024-10-26-kl.-17.42.07-300x152.png 300w, https:\/\/blogg.svenskakyrkan.se\/insikten\/files\/2024\/10\/Skarmavbild-2024-10-26-kl.-17.42.07-768x388.png 768w, https:\/\/blogg.svenskakyrkan.se\/insikten\/files\/2024\/10\/Skarmavbild-2024-10-26-kl.-17.42.07-1536x776.png 1536w, https:\/\/blogg.svenskakyrkan.se\/insikten\/files\/2024\/10\/Skarmavbild-2024-10-26-kl.-17.42.07-1200x606.png 1200w, https:\/\/blogg.svenskakyrkan.se\/insikten\/files\/2024\/10\/Skarmavbild-2024-10-26-kl.-17.42.07.png 1916w\" sizes=\"auto, (max-width: 1024px) 100vw, 1024px\" \/><figcaption class=\"wp-element-caption\"><em>Bland personalen som arbetar p\u00e5 kyrkog\u00e5rdarna finns flera olika former av anst\u00e4llningar. Under h\u00f6gs\u00e4songen arbetar de sida vid sida. P\u00e5 bilden syns Ebba Lagerstrand som \u00e4r sommarjobbare, Anna-Lena Hermansson som \u00e4r fast anst\u00e4lld och Martin Bromander som \u00e4r s\u00e4songsanst\u00e4lld.<\/em><br><\/figcaption><\/figure>\n\n\n\n<p>Kyrkog\u00e5rdar \u00e4r inte bara en vacker milj\u00f6 som b\u00e4r p\u00e5 en rik historia. Det \u00e4r framf\u00f6r allt en plats f\u00f6r minnen, stillhet och eftertanke.<\/p>\n\n\n\n<p>I Floby pastorat finns en grupp kyrkog\u00e5rdsarbetare med s\u00e4rskilt ansvar f\u00f6r begravningsverksamheten och sk\u00f6tseln vid 17 kyrkog\u00e5rdar. Sedan \u00e5rsskiftet \u00e4r det uppdraget mer tydligt skilt fr\u00e5n kyrkvaktm\u00e4starna som jobbar med kyrkorna och f\u00f6rsamlingshemmen.<\/p>\n\n\n\n<p>&#8211; Tidigare gjorde alla vaktm\u00e4stare allting men nu \u00e4r vi uppdelade, ber\u00e4ttar kyrkog\u00e5rdsarbetare Anna-Lena Hermansson. Vi \u00e4r inte lika involverade i gudstj\u00e4nsterna l\u00e4ngre, f\u00f6rutom att hj\u00e4lpa till att b\u00e4ra vid begravningar om det beh\u00f6vs. Men om jag f\u00e5r fr\u00e5gor om n\u00e5got som r\u00f6r v\u00e5ra kyrkor s\u00e5 kan jag fortfarande svara p\u00e5 det. Det kommer jag ih\u00e5g, s\u00e4ger Anna-Lena och skrattar hj\u00e4rtligt.<\/p>\n\n\n\n<h2 class=\"wp-block-heading\">Tre arbetslag<\/h2>\n\n\n\n<p>Kyrkog\u00e5rdsarbetarna \u00e4r organiserade i tre arbetslag med ansvar f\u00f6r fem kyrkog\u00e5rdar var. Ut\u00f6ver dessa finns det ytterligare ett arbetslag som endast sk\u00f6ter om Floby kyrkog\u00e5rd samt en kyrkog\u00e5rdsarbetare p\u00e5 deltid med eget ansvar f\u00f6r Ullene kyrka och kyrkog\u00e5rd.<\/p>\n\n\n\n<p>\u2013 I varje arbetslag \u00e4r vi tv\u00e5 hel\u00e5rsanst\u00e4llda. Sedan tar vi in mer kollegor n\u00e4r arbetsbelastningen \u00f6kar. Fr\u00e5n maj till Allhelgona har vi s\u00e4songsarbetare p\u00e5 plats och n\u00e4r ordinarie kollegor tar semester f\u00e5r vi hj\u00e4lp av sommarjobbare, f\u00f6rklarar Anna-Lena.<\/p>\n\n\n\n<p>Som kyrkog\u00e5rdsarbetare har man till uppgift att ta hand om kyrkornas yttre milj\u00f6 och begravningsplatser samt utf\u00f6ra avtalad gravsk\u00f6tsel.&nbsp;<\/p>\n\n\n\n<p>Rutinerna kring detta kan se lite olika ut d\u00e5 varje arbetslag sj\u00e4lva ansvarar f\u00f6r sin planering. Anna-Lena f\u00f6rklarar att det finns skyltning vid aktuella gravar som visar vilken sk\u00f6tsel som ska utf\u00f6ras.<\/p>\n\n\n\n<p>\u2013 Klipper och trimmar, det \u00e4r det vi g\u00f6r mest. Men vi har speciella dagar f\u00f6r speciella sysslor. Varje kyrkog\u00e5rd g\u00f6rs en g\u00e5ng i veckan och p\u00e5 fredagar ser vi \u00f6ver allihop. D\u00e5 krattar vi g\u00e5ngar och gravar, kollar ogr\u00e4s och vattnar s\u00e5 att allt \u00e4r fint inf\u00f6r helgen. Och sedan beror det p\u00e5 v\u00e4dret. \u00c4r det v\u00e4ldigt torrt s\u00e5 f\u00e5r vi vattna d\u00e4remellan n\u00e4r vi \u00e4nd\u00e5 \u00e4r d\u00e4r och klipper, ber\u00e4ttar Anna-Lena.<\/p>\n\n\n\n<p>\u2013 Vi sk\u00f6ter \u00e4ven om utsidan vid v\u00e5ra f\u00f6rsamlingshem, jobbar med skadedjursbek\u00e4mpning, stens\u00e4kring och underh\u00e5ll av byggnader med tillh\u00f6rande exteri\u00f6r. Och under \u00e5rets kallare m\u00e5nader blir det en hel del sn\u00f6r\u00f6jning.<\/p>\n\n\n\n<p>Pastoratets satsning p\u00e5 en fossilfri gr\u00f6nytesk\u00f6tsel \u00e4r n\u00e5got som v\u00e4lkomnas.<\/p>\n\n\n\n<p>\u2013 Vi har tillg\u00e5ng till trimmer, h\u00e4cksax och gr\u00e4sklippare med batteri. De l\u00e5ter mindre, sl\u00e4pper inte ut n\u00e5gra avgaser och \u00e4r l\u00e4tta att anv\u00e4nda. Kommer det n\u00e5gon och vill prata s\u00e5 st\u00e4nger man bara av och trycker sedan p\u00e5 knappen f\u00f6r starta igen. Det \u00e4r v\u00e4ldigt smidigt! s\u00e4ger Anna-Lena.<\/p>\n\n\n\n<h2 class=\"wp-block-heading\">Betydelsefulla m\u00f6ten<\/h2>\n\n\n\n<p>En av de mest betydelsefulla uppgifterna \u00e4r alla de m\u00f6ten som sker med bes\u00f6karna till kyrkog\u00e5rdarna.<\/p>\n\n\n\n<p>\u2013 Ibland letar vi efter gravstenar. Ibland f\u00e5r vi fr\u00e5gor om gravsk\u00f6tsel. Sen finns det de som bara vill ha s\u00e4llskap. Jag vet en farbror som kom och pratade med sina v\u00e4nner sa han, och s\u00e5 pratade han lite med mig. Ibland kunde han fr\u00e5ga efter en kram och d\u00e5 fick han det.&nbsp;<\/p>\n\n\n\n<p>\u2013 Jag tror att det m\u00e5nga g\u00e5nger \u00e4r l\u00e4ttare att prata med den som \u00e4r p\u00e5 kyrkog\u00e5rden. Att det \u00e4r ett st\u00f6rre steg att prata med en pr\u00e4st. Man beh\u00f6ver inte best\u00e4mma tid, man tar tillf\u00e4llet i akt.&nbsp;<\/p>\n\n\n\n<p>\u2013 Det finns s\u00e5 mycket som \u00e4r fantastiskt med mitt arbete och jag har f\u00e5tt h\u00f6ra mycket positivt under mina 14 \u00e5r. Vi f\u00e5r mycket ber\u00f6m f\u00f6r v\u00e5ra kyrkog\u00e5rdar, avslutar Anna-Lena.<\/p>\n\n\n\n<p><\/p>\n\n\n\n<p>&#8230;&#8230;&#8230;.<\/p>\n\n\n\n<p>Texten publicerades f\u00f6rsta g\u00e5ngen i Insikten nummer 3 2024.<\/p>\n","protected":false},"excerpt":{"rendered":"<p>Kyrkog\u00e5rdar \u00e4r inte bara en vacker milj\u00f6 som b\u00e4r p\u00e5 en rik historia. Det \u00e4r framf\u00f6r allt en plats f\u00f6r minnen, stillhet och eftertanke. I Floby pastorat finns en grupp kyrkog\u00e5rdsarbetare med s\u00e4rskilt ansvar f\u00f6r begravningsverksamheten och sk\u00f6tseln vid 17 kyrkog\u00e5rdar. Sedan \u00e5rsskiftet \u00e4r det uppdraget mer tydligt skilt fr\u00e5n kyrkvaktm\u00e4starna som jobbar med kyrkorna [&hellip;]<\/p>\n","protected":false},"author":250,"featured_media":263,"comment_status":"open","ping_status":"open","sticky":false,"template":"","format":"standard","meta":{"_acf_changed":false,"footnotes":""},"categories":[13,12],"tags":[],"class_list":["post-261","post","type-post","status-publish","format-standard","has-post-thumbnail","hentry","category-allhelgona","category-kyrkogardar"],"acf":[],"yoast_head":"<!-- This site is optimized with the Yoast SEO plugin v27.1.1 - https:\/\/yoast.com\/product\/yoast-seo-wordpress\/ -->\n<title>Omsorg om milj\u00f6 och m\u00e4nniskor - Insikten - Floby pastorat<\/title>\n<meta name=\"robots\" content=\"index, follow, max-snippet:-1, max-image-preview:large, max-video-preview:-1\" \/>\n<link rel=\"canonical\" href=\"https:\/\/blogg.svenskakyrkan.se\/insikten\/2024\/10\/26\/omsorg-om-miljo-och-manniskor\/\" \/>\n<meta property=\"og:locale\" content=\"sv_SE\" \/>\n<meta property=\"og:type\" content=\"article\" \/>\n<meta property=\"og:title\" content=\"Omsorg om milj\u00f6 och m\u00e4nniskor - Insikten - Floby pastorat\" \/>\n<meta property=\"og:description\" content=\"Kyrkog\u00e5rdar \u00e4r inte bara en vacker milj\u00f6 som b\u00e4r p\u00e5 en rik historia. Det \u00e4r framf\u00f6r allt en plats f\u00f6r minnen, stillhet och eftertanke. I Floby pastorat finns en grupp kyrkog\u00e5rdsarbetare med s\u00e4rskilt ansvar f\u00f6r begravningsverksamheten och sk\u00f6tseln vid 17 kyrkog\u00e5rdar. Sedan \u00e5rsskiftet \u00e4r det uppdraget mer tydligt skilt fr\u00e5n kyrkvaktm\u00e4starna som jobbar med kyrkorna [&hellip;]\" \/>\n<meta property=\"og:url\" content=\"https:\/\/blogg.svenskakyrkan.se\/insikten\/2024\/10\/26\/omsorg-om-miljo-och-manniskor\/\" \/>\n<meta property=\"og:site_name\" content=\"Insikten - Floby pastorat\" \/>\n<meta property=\"article:published_time\" content=\"2024-10-26T15:44:51+00:00\" \/>\n<meta property=\"article:modified_time\" content=\"2024-10-26T16:02:25+00:00\" \/>\n<meta property=\"og:image\" content=\"https:\/\/blogg.svenskakyrkan.se\/insikten\/files\/2024\/10\/Skarmavbild-2024-10-26-kl.-17.42.07-1024x517.png\" \/>\n\t<meta property=\"og:image:width\" content=\"1024\" \/>\n\t<meta property=\"og:image:height\" content=\"517\" \/>\n\t<meta property=\"og:image:type\" content=\"image\/png\" \/>\n<meta name=\"author\" content=\"Floby pastorat\" \/>\n<meta name=\"twitter:card\" content=\"summary_large_image\" \/>\n<meta name=\"twitter:label1\" content=\"Skriven av\" \/>\n\t<meta name=\"twitter:data1\" content=\"Floby pastorat\" \/>\n\t<meta name=\"twitter:label2\" content=\"Ber\u00e4knad l\u00e4stid\" \/>\n\t<meta name=\"twitter:data2\" content=\"4 minuter\" \/>\n<script type=\"application\/ld+json\" class=\"yoast-schema-graph\">{\"@context\":\"https:\/\/schema.org\",\"@graph\":[{\"@type\":\"Article\",\"@id\":\"https:\/\/blogg.svenskakyrkan.se\/insikten\/2024\/10\/26\/omsorg-om-miljo-och-manniskor\/#article\",\"isPartOf\":{\"@id\":\"https:\/\/blogg.svenskakyrkan.se\/insikten\/2024\/10\/26\/omsorg-om-miljo-och-manniskor\/\"},\"author\":{\"name\":\"Floby pastorat\",\"@id\":\"https:\/\/blogg.svenskakyrkan.se\/insikten\/#\/schema\/person\/5081f68a0318ddb64c879f7bc416ce8c\"},\"headline\":\"Omsorg om milj\u00f6 och m\u00e4nniskor\",\"datePublished\":\"2024-10-26T15:44:51+00:00\",\"dateModified\":\"2024-10-26T16:02:25+00:00\",\"mainEntityOfPage\":{\"@id\":\"https:\/\/blogg.svenskakyrkan.se\/insikten\/2024\/10\/26\/omsorg-om-miljo-och-manniskor\/\"},\"wordCount\":730,\"commentCount\":0,\"image\":{\"@id\":\"https:\/\/blogg.svenskakyrkan.se\/insikten\/2024\/10\/26\/omsorg-om-miljo-och-manniskor\/#primaryimage\"},\"thumbnailUrl\":\"https:\/\/blogg.svenskakyrkan.se\/insikten\/files\/2024\/10\/Skarmavbild-2024-10-26-kl.-17.42.07.png\",\"articleSection\":[\"Allhelgona\",\"Kyrkog\u00e5rdar\"],\"inLanguage\":\"sv-SE\",\"potentialAction\":[{\"@type\":\"CommentAction\",\"name\":\"Comment\",\"target\":[\"https:\/\/blogg.svenskakyrkan.se\/insikten\/2024\/10\/26\/omsorg-om-miljo-och-manniskor\/#respond\"]}]},{\"@type\":\"WebPage\",\"@id\":\"https:\/\/blogg.svenskakyrkan.se\/insikten\/2024\/10\/26\/omsorg-om-miljo-och-manniskor\/\",\"url\":\"https:\/\/blogg.svenskakyrkan.se\/insikten\/2024\/10\/26\/omsorg-om-miljo-och-manniskor\/\",\"name\":\"Omsorg om milj\u00f6 och m\u00e4nniskor - Insikten - Floby pastorat\",\"isPartOf\":{\"@id\":\"https:\/\/blogg.svenskakyrkan.se\/insikten\/#website\"},\"primaryImageOfPage\":{\"@id\":\"https:\/\/blogg.svenskakyrkan.se\/insikten\/2024\/10\/26\/omsorg-om-miljo-och-manniskor\/#primaryimage\"},\"image\":{\"@id\":\"https:\/\/blogg.svenskakyrkan.se\/insikten\/2024\/10\/26\/omsorg-om-miljo-och-manniskor\/#primaryimage\"},\"thumbnailUrl\":\"https:\/\/blogg.svenskakyrkan.se\/insikten\/files\/2024\/10\/Skarmavbild-2024-10-26-kl.-17.42.07.png\",\"datePublished\":\"2024-10-26T15:44:51+00:00\",\"dateModified\":\"2024-10-26T16:02:25+00:00\",\"author\":{\"@id\":\"https:\/\/blogg.svenskakyrkan.se\/insikten\/#\/schema\/person\/5081f68a0318ddb64c879f7bc416ce8c\"},\"breadcrumb\":{\"@id\":\"https:\/\/blogg.svenskakyrkan.se\/insikten\/2024\/10\/26\/omsorg-om-miljo-och-manniskor\/#breadcrumb\"},\"inLanguage\":\"sv-SE\",\"potentialAction\":[{\"@type\":\"ReadAction\",\"target\":[\"https:\/\/blogg.svenskakyrkan.se\/insikten\/2024\/10\/26\/omsorg-om-miljo-och-manniskor\/\"]}]},{\"@type\":\"ImageObject\",\"inLanguage\":\"sv-SE\",\"@id\":\"https:\/\/blogg.svenskakyrkan.se\/insikten\/2024\/10\/26\/omsorg-om-miljo-och-manniskor\/#primaryimage\",\"url\":\"https:\/\/blogg.svenskakyrkan.se\/insikten\/files\/2024\/10\/Skarmavbild-2024-10-26-kl.-17.42.07.png\",\"contentUrl\":\"https:\/\/blogg.svenskakyrkan.se\/insikten\/files\/2024\/10\/Skarmavbild-2024-10-26-kl.-17.42.07.png\",\"width\":1916,\"height\":968},{\"@type\":\"BreadcrumbList\",\"@id\":\"https:\/\/blogg.svenskakyrkan.se\/insikten\/2024\/10\/26\/omsorg-om-miljo-och-manniskor\/#breadcrumb\",\"itemListElement\":[{\"@type\":\"ListItem\",\"position\":1,\"name\":\"Hem\",\"item\":\"https:\/\/blogg.svenskakyrkan.se\/insikten\/\"},{\"@type\":\"ListItem\",\"position\":2,\"name\":\"Omsorg om milj\u00f6 och m\u00e4nniskor\"}]},{\"@type\":\"WebSite\",\"@id\":\"https:\/\/blogg.svenskakyrkan.se\/insikten\/#website\",\"url\":\"https:\/\/blogg.svenskakyrkan.se\/insikten\/\",\"name\":\"Insikten - Floby pastorat\",\"description\":\"Insikter, utsikter och emellan\u00e5t \u00e4ven \u00e5sikter fr\u00e5n Floby pastorat i Skara stift.\",\"potentialAction\":[{\"@type\":\"SearchAction\",\"target\":{\"@type\":\"EntryPoint\",\"urlTemplate\":\"https:\/\/blogg.svenskakyrkan.se\/insikten\/?s={search_term_string}\"},\"query-input\":{\"@type\":\"PropertyValueSpecification\",\"valueRequired\":true,\"valueName\":\"search_term_string\"}}],\"inLanguage\":\"sv-SE\"},{\"@type\":\"Person\",\"@id\":\"https:\/\/blogg.svenskakyrkan.se\/insikten\/#\/schema\/person\/5081f68a0318ddb64c879f7bc416ce8c\",\"name\":\"Floby pastorat\",\"image\":{\"@type\":\"ImageObject\",\"inLanguage\":\"sv-SE\",\"@id\":\"https:\/\/blogg.svenskakyrkan.se\/insikten\/#\/schema\/person\/image\/\",\"url\":\"https:\/\/secure.gravatar.com\/avatar\/c63a9fd4196da95cea4408b67893dbdb9ec52ef568ee59a4578ad766986bebcd?s=96&d=mm&r=g\",\"contentUrl\":\"https:\/\/secure.gravatar.com\/avatar\/c63a9fd4196da95cea4408b67893dbdb9ec52ef568ee59a4578ad766986bebcd?s=96&d=mm&r=g\",\"caption\":\"Floby pastorat\"},\"url\":\"https:\/\/blogg.svenskakyrkan.se\/insikten\/author\/helenataubner\/\"}]}<\/script>\n<!-- \/ Yoast SEO plugin. -->","yoast_head_json":{"title":"Omsorg om milj\u00f6 och m\u00e4nniskor - Insikten - Floby pastorat","robots":{"index":"index","follow":"follow","max-snippet":"max-snippet:-1","max-image-preview":"max-image-preview:large","max-video-preview":"max-video-preview:-1"},"canonical":"https:\/\/blogg.svenskakyrkan.se\/insikten\/2024\/10\/26\/omsorg-om-miljo-och-manniskor\/","og_locale":"sv_SE","og_type":"article","og_title":"Omsorg om milj\u00f6 och m\u00e4nniskor - Insikten - Floby pastorat","og_description":"Kyrkog\u00e5rdar \u00e4r inte bara en vacker milj\u00f6 som b\u00e4r p\u00e5 en rik historia. Det \u00e4r framf\u00f6r allt en plats f\u00f6r minnen, stillhet och eftertanke. I Floby pastorat finns en grupp kyrkog\u00e5rdsarbetare med s\u00e4rskilt ansvar f\u00f6r begravningsverksamheten och sk\u00f6tseln vid 17 kyrkog\u00e5rdar. Sedan \u00e5rsskiftet \u00e4r det uppdraget mer tydligt skilt fr\u00e5n kyrkvaktm\u00e4starna som jobbar med kyrkorna [&hellip;]","og_url":"https:\/\/blogg.svenskakyrkan.se\/insikten\/2024\/10\/26\/omsorg-om-miljo-och-manniskor\/","og_site_name":"Insikten - Floby pastorat","article_published_time":"2024-10-26T15:44:51+00:00","article_modified_time":"2024-10-26T16:02:25+00:00","og_image":[{"width":1024,"height":517,"url":"https:\/\/blogg.svenskakyrkan.se\/insikten\/files\/2024\/10\/Skarmavbild-2024-10-26-kl.-17.42.07-1024x517.png","type":"image\/png"}],"author":"Floby pastorat","twitter_card":"summary_large_image","twitter_misc":{"Skriven av":"Floby pastorat","Ber\u00e4knad l\u00e4stid":"4 minuter"},"schema":{"@context":"https:\/\/schema.org","@graph":[{"@type":"Article","@id":"https:\/\/blogg.svenskakyrkan.se\/insikten\/2024\/10\/26\/omsorg-om-miljo-och-manniskor\/#article","isPartOf":{"@id":"https:\/\/blogg.svenskakyrkan.se\/insikten\/2024\/10\/26\/omsorg-om-miljo-och-manniskor\/"},"author":{"name":"Floby pastorat","@id":"https:\/\/blogg.svenskakyrkan.se\/insikten\/#\/schema\/person\/5081f68a0318ddb64c879f7bc416ce8c"},"headline":"Omsorg om milj\u00f6 och m\u00e4nniskor","datePublished":"2024-10-26T15:44:51+00:00","dateModified":"2024-10-26T16:02:25+00:00","mainEntityOfPage":{"@id":"https:\/\/blogg.svenskakyrkan.se\/insikten\/2024\/10\/26\/omsorg-om-miljo-och-manniskor\/"},"wordCount":730,"commentCount":0,"image":{"@id":"https:\/\/blogg.svenskakyrkan.se\/insikten\/2024\/10\/26\/omsorg-om-miljo-och-manniskor\/#primaryimage"},"thumbnailUrl":"https:\/\/blogg.svenskakyrkan.se\/insikten\/files\/2024\/10\/Skarmavbild-2024-10-26-kl.-17.42.07.png","articleSection":["Allhelgona","Kyrkog\u00e5rdar"],"inLanguage":"sv-SE","potentialAction":[{"@type":"CommentAction","name":"Comment","target":["https:\/\/blogg.svenskakyrkan.se\/insikten\/2024\/10\/26\/omsorg-om-miljo-och-manniskor\/#respond"]}]},{"@type":"WebPage","@id":"https:\/\/blogg.svenskakyrkan.se\/insikten\/2024\/10\/26\/omsorg-om-miljo-och-manniskor\/","url":"https:\/\/blogg.svenskakyrkan.se\/insikten\/2024\/10\/26\/omsorg-om-miljo-och-manniskor\/","name":"Omsorg om milj\u00f6 och m\u00e4nniskor - Insikten - Floby pastorat","isPartOf":{"@id":"https:\/\/blogg.svenskakyrkan.se\/insikten\/#website"},"primaryImageOfPage":{"@id":"https:\/\/blogg.svenskakyrkan.se\/insikten\/2024\/10\/26\/omsorg-om-miljo-och-manniskor\/#primaryimage"},"image":{"@id":"https:\/\/blogg.svenskakyrkan.se\/insikten\/2024\/10\/26\/omsorg-om-miljo-och-manniskor\/#primaryimage"},"thumbnailUrl":"https:\/\/blogg.svenskakyrkan.se\/insikten\/files\/2024\/10\/Skarmavbild-2024-10-26-kl.-17.42.07.png","datePublished":"2024-10-26T15:44:51+00:00","dateModified":"2024-10-26T16:02:25+00:00","author":{"@id":"https:\/\/blogg.svenskakyrkan.se\/insikten\/#\/schema\/person\/5081f68a0318ddb64c879f7bc416ce8c"},"breadcrumb":{"@id":"https:\/\/blogg.svenskakyrkan.se\/insikten\/2024\/10\/26\/omsorg-om-miljo-och-manniskor\/#breadcrumb"},"inLanguage":"sv-SE","potentialAction":[{"@type":"ReadAction","target":["https:\/\/blogg.svenskakyrkan.se\/insikten\/2024\/10\/26\/omsorg-om-miljo-och-manniskor\/"]}]},{"@type":"ImageObject","inLanguage":"sv-SE","@id":"https:\/\/blogg.svenskakyrkan.se\/insikten\/2024\/10\/26\/omsorg-om-miljo-och-manniskor\/#primaryimage","url":"https:\/\/blogg.svenskakyrkan.se\/insikten\/files\/2024\/10\/Skarmavbild-2024-10-26-kl.-17.42.07.png","contentUrl":"https:\/\/blogg.svenskakyrkan.se\/insikten\/files\/2024\/10\/Skarmavbild-2024-10-26-kl.-17.42.07.png","width":1916,"height":968},{"@type":"BreadcrumbList","@id":"https:\/\/blogg.svenskakyrkan.se\/insikten\/2024\/10\/26\/omsorg-om-miljo-och-manniskor\/#breadcrumb","itemListElement":[{"@type":"ListItem","position":1,"name":"Hem","item":"https:\/\/blogg.svenskakyrkan.se\/insikten\/"},{"@type":"ListItem","position":2,"name":"Omsorg om milj\u00f6 och m\u00e4nniskor"}]},{"@type":"WebSite","@id":"https:\/\/blogg.svenskakyrkan.se\/insikten\/#website","url":"https:\/\/blogg.svenskakyrkan.se\/insikten\/","name":"Insikten - Floby pastorat","description":"Insikter, utsikter och emellan\u00e5t \u00e4ven \u00e5sikter fr\u00e5n Floby pastorat i Skara stift.","potentialAction":[{"@type":"SearchAction","target":{"@type":"EntryPoint","urlTemplate":"https:\/\/blogg.svenskakyrkan.se\/insikten\/?s={search_term_string}"},"query-input":{"@type":"PropertyValueSpecification","valueRequired":true,"valueName":"search_term_string"}}],"inLanguage":"sv-SE"},{"@type":"Person","@id":"https:\/\/blogg.svenskakyrkan.se\/insikten\/#\/schema\/person\/5081f68a0318ddb64c879f7bc416ce8c","name":"Floby pastorat","image":{"@type":"ImageObject","inLanguage":"sv-SE","@id":"https:\/\/blogg.svenskakyrkan.se\/insikten\/#\/schema\/person\/image\/","url":"https:\/\/secure.gravatar.com\/avatar\/c63a9fd4196da95cea4408b67893dbdb9ec52ef568ee59a4578ad766986bebcd?s=96&d=mm&r=g","contentUrl":"https:\/\/secure.gravatar.com\/avatar\/c63a9fd4196da95cea4408b67893dbdb9ec52ef568ee59a4578ad766986bebcd?s=96&d=mm&r=g","caption":"Floby pastorat"},"url":"https:\/\/blogg.svenskakyrkan.se\/insikten\/author\/helenataubner\/"}]}},"author_meta":{"ID":"250","user_nicename":"helenataubner","user_registered":"2013-01-15 08:36:14","display_name":"Floby pastorat","avatar":"https:\/\/secure.gravatar.com\/avatar\/c63a9fd4196da95cea4408b67893dbdb9ec52ef568ee59a4578ad766986bebcd?s=96&d=mm&r=g"},"featured_image":["https:\/\/blogg.svenskakyrkan.se\/insikten\/files\/2024\/10\/Skarmavbild-2024-10-26-kl.-17.42.07-1024x517.png",1024,517,true],"bloginfo":{"name":"Insikten - Floby pastorat","url":"https:\/\/blogg.svenskakyrkan.se\/insikten"},"_links":{"self":[{"href":"https:\/\/blogg.svenskakyrkan.se\/insikten\/wp-json\/wp\/v2\/posts\/261","targetHints":{"allow":["GET"]}}],"collection":[{"href":"https:\/\/blogg.svenskakyrkan.se\/insikten\/wp-json\/wp\/v2\/posts"}],"about":[{"href":"https:\/\/blogg.svenskakyrkan.se\/insikten\/wp-json\/wp\/v2\/types\/post"}],"author":[{"embeddable":true,"href":"https:\/\/blogg.svenskakyrkan.se\/insikten\/wp-json\/wp\/v2\/users\/250"}],"replies":[{"embeddable":true,"href":"https:\/\/blogg.svenskakyrkan.se\/insikten\/wp-json\/wp\/v2\/comments?post=261"}],"version-history":[{"count":4,"href":"https:\/\/blogg.svenskakyrkan.se\/insikten\/wp-json\/wp\/v2\/posts\/261\/revisions"}],"predecessor-version":[{"id":266,"href":"https:\/\/blogg.svenskakyrkan.se\/insikten\/wp-json\/wp\/v2\/posts\/261\/revisions\/266"}],"wp:featuredmedia":[{"embeddable":true,"href":"https:\/\/blogg.svenskakyrkan.se\/insikten\/wp-json\/wp\/v2\/media\/263"}],"wp:attachment":[{"href":"https:\/\/blogg.svenskakyrkan.se\/insikten\/wp-json\/wp\/v2\/media?parent=261"}],"wp:term":[{"taxonomy":"category","embeddable":true,"href":"https:\/\/blogg.svenskakyrkan.se\/insikten\/wp-json\/wp\/v2\/categories?post=261"},{"taxonomy":"post_tag","embeddable":true,"href":"https:\/\/blogg.svenskakyrkan.se\/insikten\/wp-json\/wp\/v2\/tags?post=261"}],"curies":[{"name":"wp","href":"https:\/\/api.w.org\/{rel}","templated":true}]}}