{"id":270,"date":"2024-10-27T12:42:50","date_gmt":"2024-10-27T11:42:50","guid":{"rendered":"https:\/\/blogg.svenskakyrkan.se\/insikten\/?p=270"},"modified":"2024-10-27T12:42:50","modified_gmt":"2024-10-27T11:42:50","slug":"ljusa-minnen-moter-tung-sorg","status":"publish","type":"post","link":"https:\/\/blogg.svenskakyrkan.se\/insikten\/2024\/10\/27\/ljusa-minnen-moter-tung-sorg\/","title":{"rendered":"Ljusa minnen m\u00f6ter tung sorg\u00a0"},"content":{"rendered":"\n\n\n<figure class=\"wp-block-image size-large\"><img loading=\"lazy\" decoding=\"async\" width=\"1024\" height=\"683\" src=\"http:\/\/blogg.svenskakyrkan.se\/insikten\/files\/2024\/10\/1243803-1024x683.jpg\" alt=\"\" class=\"wp-image-271\" srcset=\"https:\/\/blogg.svenskakyrkan.se\/insikten\/files\/2024\/10\/1243803-1024x683.jpg 1024w, https:\/\/blogg.svenskakyrkan.se\/insikten\/files\/2024\/10\/1243803-300x200.jpg 300w, https:\/\/blogg.svenskakyrkan.se\/insikten\/files\/2024\/10\/1243803-768x512.jpg 768w, https:\/\/blogg.svenskakyrkan.se\/insikten\/files\/2024\/10\/1243803-1536x1024.jpg 1536w, https:\/\/blogg.svenskakyrkan.se\/insikten\/files\/2024\/10\/1243803-2048x1365.jpg 2048w, https:\/\/blogg.svenskakyrkan.se\/insikten\/files\/2024\/10\/1243803-1200x800.jpg 1200w\" sizes=\"auto, (max-width: 1024px) 100vw, 1024px\" \/><\/figure>\n\n\n\n<p>I kyrkan h\u00e5ller allhelgonahelgen p\u00e5 att bli en av \u00e5rets st\u00f6rsta h\u00f6gtider tillsammans med advent, jul och p\u00e5sk. Vi \u00e5ker till de kyrkog\u00e5rdar d\u00e4r vi har sl\u00e4kt, t\u00e4nder ljus och smyckar med kransar och blommor. N\u00e5got som blivit mer och mer vanligt \u00e4r ocks\u00e5 att man bes\u00f6ker kyrkan och g\u00e5r in, t\u00e4nder ljus och sitter ner en stund. Man f\u00e5r tid att i lugn och ro t\u00e4nka p\u00e5 sina d\u00f6da, s\u00f6rja men ocks\u00e5 komma ih\u00e5g allt bra som var. Sorgen m\u00e5ste f\u00e5 sitt utrymme.&nbsp;<\/p>\n\n\n\n<p>Under helgen finns \u00e4ven tillf\u00e4llen att sitta ner i kyrkan och lyssna p\u00e5 vacker musik, g\u00e5 p\u00e5 en ljust\u00e4ndningsgudstj\u00e4nst och f\u00e5 m\u00f6jlighet att t\u00e4nda ljus f\u00f6r n\u00e5gon du saknar, n\u00e5gon som kanske d\u00f6tt i \u00e5r eller tidigare. Ingen ifr\u00e5gas\u00e4tter f\u00f6r vem du t\u00e4nder ljus. Det finns alltid de som under det f\u00f6rsta \u00e5ret efter d\u00f6dsfallet har sv\u00e5rt att bes\u00f6ka en kyrka och kanske f\u00f6rst andra \u00e5ret g\u00e5r p\u00e5 en s\u00e5dan gudstj\u00e4nst.&nbsp;<\/p>\n\n\n\n<h2 class=\"wp-block-heading\">L\u00e5t barnen prata om sorg&nbsp;<\/h2>\n\n\n\n<p>\u00c4ven barn beh\u00f6ver detta. Uteslut dem inte utan l\u00e5t dem vara med. Ber\u00e4tta om personen och vad den betytt f\u00f6r er i ert liv. Lyft fram det goda. Det \u00e4r inte alltid l\u00e4tt men n\u00f6dv\u00e4ndigt f\u00f6r att komma igenom sorgen.&nbsp;<\/p>\n\n\n\n<p>Konfirmanderna i Floby pastorat f\u00e5r under allhelgonahelgen m\u00f6jligheten att sova i \u201dsin\u201d kyrka. Tillsammans med pr\u00e4ster och andra ledare pratar de om d\u00f6d, sorg och begravning. De f\u00e5r \u00e4ven en rundtur p\u00e5 kyrkog\u00e5rden d\u00e4r en vaktm\u00e4stare ber\u00e4ttar om olika gravskick och hur gravgr\u00e4vning g\u00e5r till. En begravningsentrepren\u00f6r bes\u00f6ker gruppen och ber\u00e4ttar om sitt jobb. Efter en s\u00e5dan \u00f6vernattning var det en konfirmand som sa:&nbsp;<\/p>\n\n\n\n<p>&#8211; Jag tyckte tidigare att allt det h\u00e4r med d\u00f6den var l\u00e4skigt men nu har jag f\u00e5tt bra f\u00f6rklaringar och f\u00e5tt h\u00f6ra hur fint man blir omh\u00e4ndertagen n\u00e4r man d\u00f6tt, s\u00e5 nu k\u00e4nns det inte alls s\u00e5 l\u00e4skigt, snarare lugnt.&nbsp;<\/p>\n\n\n\n<h2 class=\"wp-block-heading\">Leva vidare&nbsp;<\/h2>\n\n\n\n<p>Det \u00e4r viktigt att prata om hur man k\u00e4nner och m\u00e5r. Det kan uppfattas som man \u00e4ltar men det \u00e4r en del av sorgen. Ju fler man f\u00e5r ber\u00e4tta f\u00f6r desto b\u00e4ttre. Tyv\u00e4rr \u00e4r man ibland ensam med sin sorg men s\u00e5 m\u00e5ste det inte vara. I kyrkan finns n\u00e5got som kallas \u201dLeva vidare-grupper\u201d. Vad \u00e4r det?&nbsp;<\/p>\n\n\n\n<p>Du som har f\u00f6rlorat en anh\u00f6rig under \u00e5ret kommer att f\u00e5 en inbjudan till en s\u00e5dan grupp. D\u00e4r f\u00e5r du m\u00f6jlighet att dela dina tankar och ta del av andras erfarenheter och upplevelser av sorg. Du kanske k\u00e4nner att sorgen \u00e4r n\u00e5got privat, som du inte vill dela med andra, men just att f\u00e5 h\u00f6ra att andra har liknande upplevelser kan vara en tr\u00f6st. Att man inte \u00e4r ensam att k\u00e4nna det man k\u00e4nner.&nbsp;<\/p>\n\n\n\n<p>Men ibland \u00e4r inte en grupp det b\u00e4sta f\u00f6r en eller inte bara, man kan beh\u00f6va enskilda samtal ocks\u00e5. Detta erbjuder pastoratets diakon och pr\u00e4ster. Det g\u00e5r alltid bra att boka en tid. Ett sj\u00e4lav\u00e5rdande samtal sker alltid i f\u00f6rtroende och den du m\u00f6ter har tystnadsplikt.&nbsp;<\/p>\n\n\n\n<p>Det finns ocks\u00e5 flera fina texter i Bibeln att g\u00e5 till. Ett tips \u00e4r att l\u00e4sa Psaltaren, som \u00e4r en av b\u00f6ckerna i Gamla testamentet. Den best\u00e5r av 150 psalmer och handlar om allt fr\u00e5n f\u00f6rtvivlan och djup sorg till tro och framtidshopp. Den k\u00e4nda texten \u201dHerren \u00e4r min herde\u201d har nummer 23 bland Psaltarens psalmer.&nbsp;<\/p>\n\n\n\n<p><em>Lena \u00c5mark, f\u00f6rsamlingspedagog\u00a0<\/em><\/p>\n\n\n\n<p><\/p>\n\n\n\n<p>&#8230;&#8230;&#8230;&#8230;.<\/p>\n\n\n\n<p>Texten publicerades f\u00f6rsta g\u00e5ngen i Insikten nummer 3 2024.<\/p>\n","protected":false},"excerpt":{"rendered":"<p>I kyrkan h\u00e5ller allhelgonahelgen p\u00e5 att bli en av \u00e5rets st\u00f6rsta h\u00f6gtider tillsammans med advent, jul och p\u00e5sk. Vi \u00e5ker till de kyrkog\u00e5rdar d\u00e4r vi har sl\u00e4kt, t\u00e4nder ljus och smyckar med kransar och blommor. N\u00e5got som blivit mer och mer vanligt \u00e4r ocks\u00e5 att man bes\u00f6ker kyrkan och g\u00e5r in, t\u00e4nder ljus och sitter [&hellip;]<\/p>\n","protected":false},"author":250,"featured_media":271,"comment_status":"open","ping_status":"open","sticky":false,"template":"","format":"standard","meta":{"_acf_changed":false,"footnotes":""},"categories":[13],"tags":[],"class_list":["post-270","post","type-post","status-publish","format-standard","has-post-thumbnail","hentry","category-allhelgona"],"acf":[],"yoast_head":"<!-- This site is optimized with the Yoast SEO plugin v27.1.1 - https:\/\/yoast.com\/product\/yoast-seo-wordpress\/ -->\n<title>Ljusa minnen m\u00f6ter tung sorg\u00a0 - Insikten - Floby pastorat<\/title>\n<meta name=\"robots\" content=\"index, follow, max-snippet:-1, max-image-preview:large, max-video-preview:-1\" \/>\n<link rel=\"canonical\" href=\"https:\/\/blogg.svenskakyrkan.se\/insikten\/2024\/10\/27\/ljusa-minnen-moter-tung-sorg\/\" \/>\n<meta property=\"og:locale\" content=\"sv_SE\" \/>\n<meta property=\"og:type\" content=\"article\" \/>\n<meta property=\"og:title\" content=\"Ljusa minnen m\u00f6ter tung sorg\u00a0 - Insikten - Floby pastorat\" \/>\n<meta property=\"og:description\" content=\"I kyrkan h\u00e5ller allhelgonahelgen p\u00e5 att bli en av \u00e5rets st\u00f6rsta h\u00f6gtider tillsammans med advent, jul och p\u00e5sk. Vi \u00e5ker till de kyrkog\u00e5rdar d\u00e4r vi har sl\u00e4kt, t\u00e4nder ljus och smyckar med kransar och blommor. N\u00e5got som blivit mer och mer vanligt \u00e4r ocks\u00e5 att man bes\u00f6ker kyrkan och g\u00e5r in, t\u00e4nder ljus och sitter [&hellip;]\" \/>\n<meta property=\"og:url\" content=\"https:\/\/blogg.svenskakyrkan.se\/insikten\/2024\/10\/27\/ljusa-minnen-moter-tung-sorg\/\" \/>\n<meta property=\"og:site_name\" content=\"Insikten - Floby pastorat\" \/>\n<meta property=\"article:published_time\" content=\"2024-10-27T11:42:50+00:00\" \/>\n<meta property=\"og:image\" content=\"https:\/\/blogg.svenskakyrkan.se\/insikten\/files\/2024\/10\/1243803-768x512.jpg\" \/>\n\t<meta property=\"og:image:width\" content=\"768\" \/>\n\t<meta property=\"og:image:height\" content=\"512\" \/>\n\t<meta property=\"og:image:type\" content=\"image\/jpeg\" \/>\n<meta name=\"author\" content=\"Floby pastorat\" \/>\n<meta name=\"twitter:card\" content=\"summary_large_image\" \/>\n<meta name=\"twitter:label1\" content=\"Skriven av\" \/>\n\t<meta name=\"twitter:data1\" content=\"Floby pastorat\" \/>\n\t<meta name=\"twitter:label2\" content=\"Ber\u00e4knad l\u00e4stid\" \/>\n\t<meta name=\"twitter:data2\" content=\"3 minuter\" \/>\n<script type=\"application\/ld+json\" class=\"yoast-schema-graph\">{\"@context\":\"https:\/\/schema.org\",\"@graph\":[{\"@type\":\"Article\",\"@id\":\"https:\/\/blogg.svenskakyrkan.se\/insikten\/2024\/10\/27\/ljusa-minnen-moter-tung-sorg\/#article\",\"isPartOf\":{\"@id\":\"https:\/\/blogg.svenskakyrkan.se\/insikten\/2024\/10\/27\/ljusa-minnen-moter-tung-sorg\/\"},\"author\":{\"name\":\"Floby pastorat\",\"@id\":\"https:\/\/blogg.svenskakyrkan.se\/insikten\/#\/schema\/person\/5081f68a0318ddb64c879f7bc416ce8c\"},\"headline\":\"Ljusa minnen m\u00f6ter tung sorg\u00a0\",\"datePublished\":\"2024-10-27T11:42:50+00:00\",\"mainEntityOfPage\":{\"@id\":\"https:\/\/blogg.svenskakyrkan.se\/insikten\/2024\/10\/27\/ljusa-minnen-moter-tung-sorg\/\"},\"wordCount\":678,\"commentCount\":0,\"image\":{\"@id\":\"https:\/\/blogg.svenskakyrkan.se\/insikten\/2024\/10\/27\/ljusa-minnen-moter-tung-sorg\/#primaryimage\"},\"thumbnailUrl\":\"https:\/\/blogg.svenskakyrkan.se\/insikten\/files\/2024\/10\/1243803-scaled.jpg\",\"articleSection\":[\"Allhelgona\"],\"inLanguage\":\"sv-SE\",\"potentialAction\":[{\"@type\":\"CommentAction\",\"name\":\"Comment\",\"target\":[\"https:\/\/blogg.svenskakyrkan.se\/insikten\/2024\/10\/27\/ljusa-minnen-moter-tung-sorg\/#respond\"]}]},{\"@type\":\"WebPage\",\"@id\":\"https:\/\/blogg.svenskakyrkan.se\/insikten\/2024\/10\/27\/ljusa-minnen-moter-tung-sorg\/\",\"url\":\"https:\/\/blogg.svenskakyrkan.se\/insikten\/2024\/10\/27\/ljusa-minnen-moter-tung-sorg\/\",\"name\":\"Ljusa minnen m\u00f6ter tung sorg\u00a0 - Insikten - Floby pastorat\",\"isPartOf\":{\"@id\":\"https:\/\/blogg.svenskakyrkan.se\/insikten\/#website\"},\"primaryImageOfPage\":{\"@id\":\"https:\/\/blogg.svenskakyrkan.se\/insikten\/2024\/10\/27\/ljusa-minnen-moter-tung-sorg\/#primaryimage\"},\"image\":{\"@id\":\"https:\/\/blogg.svenskakyrkan.se\/insikten\/2024\/10\/27\/ljusa-minnen-moter-tung-sorg\/#primaryimage\"},\"thumbnailUrl\":\"https:\/\/blogg.svenskakyrkan.se\/insikten\/files\/2024\/10\/1243803-scaled.jpg\",\"datePublished\":\"2024-10-27T11:42:50+00:00\",\"author\":{\"@id\":\"https:\/\/blogg.svenskakyrkan.se\/insikten\/#\/schema\/person\/5081f68a0318ddb64c879f7bc416ce8c\"},\"breadcrumb\":{\"@id\":\"https:\/\/blogg.svenskakyrkan.se\/insikten\/2024\/10\/27\/ljusa-minnen-moter-tung-sorg\/#breadcrumb\"},\"inLanguage\":\"sv-SE\",\"potentialAction\":[{\"@type\":\"ReadAction\",\"target\":[\"https:\/\/blogg.svenskakyrkan.se\/insikten\/2024\/10\/27\/ljusa-minnen-moter-tung-sorg\/\"]}]},{\"@type\":\"ImageObject\",\"inLanguage\":\"sv-SE\",\"@id\":\"https:\/\/blogg.svenskakyrkan.se\/insikten\/2024\/10\/27\/ljusa-minnen-moter-tung-sorg\/#primaryimage\",\"url\":\"https:\/\/blogg.svenskakyrkan.se\/insikten\/files\/2024\/10\/1243803-scaled.jpg\",\"contentUrl\":\"https:\/\/blogg.svenskakyrkan.se\/insikten\/files\/2024\/10\/1243803-scaled.jpg\",\"width\":2560,\"height\":1707},{\"@type\":\"BreadcrumbList\",\"@id\":\"https:\/\/blogg.svenskakyrkan.se\/insikten\/2024\/10\/27\/ljusa-minnen-moter-tung-sorg\/#breadcrumb\",\"itemListElement\":[{\"@type\":\"ListItem\",\"position\":1,\"name\":\"Hem\",\"item\":\"https:\/\/blogg.svenskakyrkan.se\/insikten\/\"},{\"@type\":\"ListItem\",\"position\":2,\"name\":\"Ljusa minnen m\u00f6ter tung sorg\u00a0\"}]},{\"@type\":\"WebSite\",\"@id\":\"https:\/\/blogg.svenskakyrkan.se\/insikten\/#website\",\"url\":\"https:\/\/blogg.svenskakyrkan.se\/insikten\/\",\"name\":\"Insikten - Floby pastorat\",\"description\":\"Insikter, utsikter och emellan\u00e5t \u00e4ven \u00e5sikter fr\u00e5n Floby pastorat i Skara stift.\",\"potentialAction\":[{\"@type\":\"SearchAction\",\"target\":{\"@type\":\"EntryPoint\",\"urlTemplate\":\"https:\/\/blogg.svenskakyrkan.se\/insikten\/?s={search_term_string}\"},\"query-input\":{\"@type\":\"PropertyValueSpecification\",\"valueRequired\":true,\"valueName\":\"search_term_string\"}}],\"inLanguage\":\"sv-SE\"},{\"@type\":\"Person\",\"@id\":\"https:\/\/blogg.svenskakyrkan.se\/insikten\/#\/schema\/person\/5081f68a0318ddb64c879f7bc416ce8c\",\"name\":\"Floby pastorat\",\"image\":{\"@type\":\"ImageObject\",\"inLanguage\":\"sv-SE\",\"@id\":\"https:\/\/blogg.svenskakyrkan.se\/insikten\/#\/schema\/person\/image\/\",\"url\":\"https:\/\/secure.gravatar.com\/avatar\/c63a9fd4196da95cea4408b67893dbdb9ec52ef568ee59a4578ad766986bebcd?s=96&d=mm&r=g\",\"contentUrl\":\"https:\/\/secure.gravatar.com\/avatar\/c63a9fd4196da95cea4408b67893dbdb9ec52ef568ee59a4578ad766986bebcd?s=96&d=mm&r=g\",\"caption\":\"Floby pastorat\"},\"url\":\"https:\/\/blogg.svenskakyrkan.se\/insikten\/author\/helenataubner\/\"}]}<\/script>\n<!-- \/ Yoast SEO plugin. -->","yoast_head_json":{"title":"Ljusa minnen m\u00f6ter tung sorg\u00a0 - Insikten - Floby pastorat","robots":{"index":"index","follow":"follow","max-snippet":"max-snippet:-1","max-image-preview":"max-image-preview:large","max-video-preview":"max-video-preview:-1"},"canonical":"https:\/\/blogg.svenskakyrkan.se\/insikten\/2024\/10\/27\/ljusa-minnen-moter-tung-sorg\/","og_locale":"sv_SE","og_type":"article","og_title":"Ljusa minnen m\u00f6ter tung sorg\u00a0 - Insikten - Floby pastorat","og_description":"I kyrkan h\u00e5ller allhelgonahelgen p\u00e5 att bli en av \u00e5rets st\u00f6rsta h\u00f6gtider tillsammans med advent, jul och p\u00e5sk. Vi \u00e5ker till de kyrkog\u00e5rdar d\u00e4r vi har sl\u00e4kt, t\u00e4nder ljus och smyckar med kransar och blommor. N\u00e5got som blivit mer och mer vanligt \u00e4r ocks\u00e5 att man bes\u00f6ker kyrkan och g\u00e5r in, t\u00e4nder ljus och sitter [&hellip;]","og_url":"https:\/\/blogg.svenskakyrkan.se\/insikten\/2024\/10\/27\/ljusa-minnen-moter-tung-sorg\/","og_site_name":"Insikten - Floby pastorat","article_published_time":"2024-10-27T11:42:50+00:00","og_image":[{"width":768,"height":512,"url":"https:\/\/blogg.svenskakyrkan.se\/insikten\/files\/2024\/10\/1243803-768x512.jpg","type":"image\/jpeg"}],"author":"Floby pastorat","twitter_card":"summary_large_image","twitter_misc":{"Skriven av":"Floby pastorat","Ber\u00e4knad l\u00e4stid":"3 minuter"},"schema":{"@context":"https:\/\/schema.org","@graph":[{"@type":"Article","@id":"https:\/\/blogg.svenskakyrkan.se\/insikten\/2024\/10\/27\/ljusa-minnen-moter-tung-sorg\/#article","isPartOf":{"@id":"https:\/\/blogg.svenskakyrkan.se\/insikten\/2024\/10\/27\/ljusa-minnen-moter-tung-sorg\/"},"author":{"name":"Floby pastorat","@id":"https:\/\/blogg.svenskakyrkan.se\/insikten\/#\/schema\/person\/5081f68a0318ddb64c879f7bc416ce8c"},"headline":"Ljusa minnen m\u00f6ter tung sorg\u00a0","datePublished":"2024-10-27T11:42:50+00:00","mainEntityOfPage":{"@id":"https:\/\/blogg.svenskakyrkan.se\/insikten\/2024\/10\/27\/ljusa-minnen-moter-tung-sorg\/"},"wordCount":678,"commentCount":0,"image":{"@id":"https:\/\/blogg.svenskakyrkan.se\/insikten\/2024\/10\/27\/ljusa-minnen-moter-tung-sorg\/#primaryimage"},"thumbnailUrl":"https:\/\/blogg.svenskakyrkan.se\/insikten\/files\/2024\/10\/1243803-scaled.jpg","articleSection":["Allhelgona"],"inLanguage":"sv-SE","potentialAction":[{"@type":"CommentAction","name":"Comment","target":["https:\/\/blogg.svenskakyrkan.se\/insikten\/2024\/10\/27\/ljusa-minnen-moter-tung-sorg\/#respond"]}]},{"@type":"WebPage","@id":"https:\/\/blogg.svenskakyrkan.se\/insikten\/2024\/10\/27\/ljusa-minnen-moter-tung-sorg\/","url":"https:\/\/blogg.svenskakyrkan.se\/insikten\/2024\/10\/27\/ljusa-minnen-moter-tung-sorg\/","name":"Ljusa minnen m\u00f6ter tung sorg\u00a0 - Insikten - Floby pastorat","isPartOf":{"@id":"https:\/\/blogg.svenskakyrkan.se\/insikten\/#website"},"primaryImageOfPage":{"@id":"https:\/\/blogg.svenskakyrkan.se\/insikten\/2024\/10\/27\/ljusa-minnen-moter-tung-sorg\/#primaryimage"},"image":{"@id":"https:\/\/blogg.svenskakyrkan.se\/insikten\/2024\/10\/27\/ljusa-minnen-moter-tung-sorg\/#primaryimage"},"thumbnailUrl":"https:\/\/blogg.svenskakyrkan.se\/insikten\/files\/2024\/10\/1243803-scaled.jpg","datePublished":"2024-10-27T11:42:50+00:00","author":{"@id":"https:\/\/blogg.svenskakyrkan.se\/insikten\/#\/schema\/person\/5081f68a0318ddb64c879f7bc416ce8c"},"breadcrumb":{"@id":"https:\/\/blogg.svenskakyrkan.se\/insikten\/2024\/10\/27\/ljusa-minnen-moter-tung-sorg\/#breadcrumb"},"inLanguage":"sv-SE","potentialAction":[{"@type":"ReadAction","target":["https:\/\/blogg.svenskakyrkan.se\/insikten\/2024\/10\/27\/ljusa-minnen-moter-tung-sorg\/"]}]},{"@type":"ImageObject","inLanguage":"sv-SE","@id":"https:\/\/blogg.svenskakyrkan.se\/insikten\/2024\/10\/27\/ljusa-minnen-moter-tung-sorg\/#primaryimage","url":"https:\/\/blogg.svenskakyrkan.se\/insikten\/files\/2024\/10\/1243803-scaled.jpg","contentUrl":"https:\/\/blogg.svenskakyrkan.se\/insikten\/files\/2024\/10\/1243803-scaled.jpg","width":2560,"height":1707},{"@type":"BreadcrumbList","@id":"https:\/\/blogg.svenskakyrkan.se\/insikten\/2024\/10\/27\/ljusa-minnen-moter-tung-sorg\/#breadcrumb","itemListElement":[{"@type":"ListItem","position":1,"name":"Hem","item":"https:\/\/blogg.svenskakyrkan.se\/insikten\/"},{"@type":"ListItem","position":2,"name":"Ljusa minnen m\u00f6ter tung sorg\u00a0"}]},{"@type":"WebSite","@id":"https:\/\/blogg.svenskakyrkan.se\/insikten\/#website","url":"https:\/\/blogg.svenskakyrkan.se\/insikten\/","name":"Insikten - Floby pastorat","description":"Insikter, utsikter och emellan\u00e5t \u00e4ven \u00e5sikter fr\u00e5n Floby pastorat i Skara stift.","potentialAction":[{"@type":"SearchAction","target":{"@type":"EntryPoint","urlTemplate":"https:\/\/blogg.svenskakyrkan.se\/insikten\/?s={search_term_string}"},"query-input":{"@type":"PropertyValueSpecification","valueRequired":true,"valueName":"search_term_string"}}],"inLanguage":"sv-SE"},{"@type":"Person","@id":"https:\/\/blogg.svenskakyrkan.se\/insikten\/#\/schema\/person\/5081f68a0318ddb64c879f7bc416ce8c","name":"Floby pastorat","image":{"@type":"ImageObject","inLanguage":"sv-SE","@id":"https:\/\/blogg.svenskakyrkan.se\/insikten\/#\/schema\/person\/image\/","url":"https:\/\/secure.gravatar.com\/avatar\/c63a9fd4196da95cea4408b67893dbdb9ec52ef568ee59a4578ad766986bebcd?s=96&d=mm&r=g","contentUrl":"https:\/\/secure.gravatar.com\/avatar\/c63a9fd4196da95cea4408b67893dbdb9ec52ef568ee59a4578ad766986bebcd?s=96&d=mm&r=g","caption":"Floby pastorat"},"url":"https:\/\/blogg.svenskakyrkan.se\/insikten\/author\/helenataubner\/"}]}},"author_meta":{"ID":"250","user_nicename":"helenataubner","user_registered":"2013-01-15 08:36:14","display_name":"Floby pastorat","avatar":"https:\/\/secure.gravatar.com\/avatar\/c63a9fd4196da95cea4408b67893dbdb9ec52ef568ee59a4578ad766986bebcd?s=96&d=mm&r=g"},"featured_image":["https:\/\/blogg.svenskakyrkan.se\/insikten\/files\/2024\/10\/1243803-1024x683.jpg",1024,683,true],"bloginfo":{"name":"Insikten - Floby pastorat","url":"https:\/\/blogg.svenskakyrkan.se\/insikten"},"_links":{"self":[{"href":"https:\/\/blogg.svenskakyrkan.se\/insikten\/wp-json\/wp\/v2\/posts\/270","targetHints":{"allow":["GET"]}}],"collection":[{"href":"https:\/\/blogg.svenskakyrkan.se\/insikten\/wp-json\/wp\/v2\/posts"}],"about":[{"href":"https:\/\/blogg.svenskakyrkan.se\/insikten\/wp-json\/wp\/v2\/types\/post"}],"author":[{"embeddable":true,"href":"https:\/\/blogg.svenskakyrkan.se\/insikten\/wp-json\/wp\/v2\/users\/250"}],"replies":[{"embeddable":true,"href":"https:\/\/blogg.svenskakyrkan.se\/insikten\/wp-json\/wp\/v2\/comments?post=270"}],"version-history":[{"count":1,"href":"https:\/\/blogg.svenskakyrkan.se\/insikten\/wp-json\/wp\/v2\/posts\/270\/revisions"}],"predecessor-version":[{"id":272,"href":"https:\/\/blogg.svenskakyrkan.se\/insikten\/wp-json\/wp\/v2\/posts\/270\/revisions\/272"}],"wp:featuredmedia":[{"embeddable":true,"href":"https:\/\/blogg.svenskakyrkan.se\/insikten\/wp-json\/wp\/v2\/media\/271"}],"wp:attachment":[{"href":"https:\/\/blogg.svenskakyrkan.se\/insikten\/wp-json\/wp\/v2\/media?parent=270"}],"wp:term":[{"taxonomy":"category","embeddable":true,"href":"https:\/\/blogg.svenskakyrkan.se\/insikten\/wp-json\/wp\/v2\/categories?post=270"},{"taxonomy":"post_tag","embeddable":true,"href":"https:\/\/blogg.svenskakyrkan.se\/insikten\/wp-json\/wp\/v2\/tags?post=270"}],"curies":[{"name":"wp","href":"https:\/\/api.w.org\/{rel}","templated":true}]}}