{"id":273,"date":"2024-10-27T12:48:28","date_gmt":"2024-10-27T11:48:28","guid":{"rendered":"https:\/\/blogg.svenskakyrkan.se\/insikten\/?p=273"},"modified":"2024-10-27T12:48:58","modified_gmt":"2024-10-27T11:48:58","slug":"sjalavard-och-goda-forebilder","status":"publish","type":"post","link":"https:\/\/blogg.svenskakyrkan.se\/insikten\/2024\/10\/27\/sjalavard-och-goda-forebilder\/","title":{"rendered":"Sj\u00e4lav\u00e5rd och goda f\u00f6rebilder"},"content":{"rendered":"\n\n\n<figure class=\"wp-block-image size-large\"><img loading=\"lazy\" decoding=\"async\" width=\"1024\" height=\"683\" src=\"https:\/\/blogg.svenskakyrkan.se\/insikten\/files\/2024\/10\/1126567-1024x683.jpg\" alt=\"\" class=\"wp-image-274\" srcset=\"https:\/\/blogg.svenskakyrkan.se\/insikten\/files\/2024\/10\/1126567-1024x683.jpg 1024w, https:\/\/blogg.svenskakyrkan.se\/insikten\/files\/2024\/10\/1126567-300x200.jpg 300w, https:\/\/blogg.svenskakyrkan.se\/insikten\/files\/2024\/10\/1126567-768x512.jpg 768w, https:\/\/blogg.svenskakyrkan.se\/insikten\/files\/2024\/10\/1126567-1536x1024.jpg 1536w, https:\/\/blogg.svenskakyrkan.se\/insikten\/files\/2024\/10\/1126567-2048x1365.jpg 2048w, https:\/\/blogg.svenskakyrkan.se\/insikten\/files\/2024\/10\/1126567-1200x800.jpg 1200w\" sizes=\"auto, (max-width: 1024px) 100vw, 1024px\" \/><figcaption class=\"wp-element-caption\">Konfirmationsl\u00e4ger p\u00e5 stiftsg\u00e5rden i Undersvik sommaren 2019<\/figcaption><\/figure>\n\n\n\n<p>Vi lever i en tid d\u00e5 mental h\u00e4lsa blivit alltmer uppm\u00e4rksammat bland v\u00e5ra ungdomar. Jag \u00e4r tacksam \u00f6ver att ha f\u00e5tt m\u00f6jligheten att f\u00f6rdjupa mina kunskaper inom sj\u00e4lav\u00e5rd. Vid tre kurstillf\u00e4llen med \u00f6vernattning har jag och min kollega Linn g\u00e5tt kursen \u201dSj\u00e4lav\u00e5rd med unga\u201d inom Svenska kyrkan p\u00e5 stiftsg\u00e5rden Lilleskog.&nbsp;<\/p>\n\n\n\n<p>Kursens inneh\u00e5ll var uppdelat i tre delar. Genom dialogisk samtalstr\u00e4ning fick deltagarna l\u00e4ra sig verktyg f\u00f6r sj\u00e4lav\u00e5rdande samtal med unga, i olika samtals\u00f6vningar. Vi fick \u00e4ven f\u00f6rdjupa v\u00e5ra kunskaper om ungas livssituation. All teoretisk bakgrund grundade sig i b\u00f6ckerna \u201cAtt vara d\u00e4r du \u00e4r\u201d av Bent Falk och \u201cM\u00f6t mig som den jag \u00e4r \u2013 hur vuxna kan st\u00f6tta unga som skadar sig sj\u00e4lva\u201d av Therese Eriksson.&nbsp;<\/p>\n\n\n\n<p>Jag arbetar som f\u00f6rsamlingsassistent i Floby pastorat och m\u00f6ter m\u00e5nga ungdomar varje vecka. \u00c4ven om vi hittills inte har haft s\u00e5 m\u00e5nga enskilda sj\u00e4lav\u00e5rdande samtal s\u00e5 m\u00f6ter vi barn och unga som m\u00e5r psykiskt d\u00e5ligt av olika anledningar. Det kan handla om en sv\u00e5r hemsituation, mobbning, utanf\u00f6rskap eller att man bara har n\u00e5got jobbigt som man vill prata med en vuxen om. H\u00e4r kommer v\u00e5r viktiga roll in. Att vara just en vuxen, som aktivt lyssnar utan att d\u00f6ma eller komma med l\u00f6sningar direkt. Att vara n\u00e4rvarande, lyh\u00f6rd, och skapa ett f\u00f6rtroende i m\u00f6tet med en ungdom.&nbsp;<\/p>\n\n\n\n<p>Att vara utan att g\u00f6ra \u2013 \u00e4r en kort f\u00f6rklaring p\u00e5 det st\u00f6d vi som ledare kan ge barn och unga. Vi m\u00e5ste inte sitta inne med svaret, utan att lyssna r\u00e4cker l\u00e5ngt. Att f\u00e5 st\u00f6d fr\u00e5n omgivningen och att f\u00e5 l\u00e4tta sitt hj\u00e4rta inf\u00f6r en god medm\u00e4nniska i en situation som k\u00e4nns sv\u00e5r kan ibland vara tillr\u00e4ckligt f\u00f6r den som m\u00e5r d\u00e5ligt.&nbsp;<\/p>\n\n\n\n<p>Kyrkan kan spela en betydelsefull roll f\u00f6r alla barn och ungdomar i samh\u00e4llet. Att brottas med psykisk oh\u00e4lsa inneb\u00e4r att man \u00e4r \u00e4n mer beroende av st\u00f6ttning f\u00f6r att kunna hantera livets utmaningar. Kyrkan \u00e4r en viktig m\u00f6tesplats d\u00e4r vi kan skapa omsorgsfulla relationer. Barn och unga skall f\u00e5 finnas till utan krav. H\u00e4r skall det finnas vuxna som bryr sig utan att vilja \u201dbota\u201d. Kyrkan skall vara en trygg plats d\u00e4r man kan vara sig sj\u00e4lv. En plats f\u00f6r f\u00f6ruts\u00e4ttningsl\u00f6st lyssnande.&nbsp;<\/p>\n\n\n\n<p>Min f\u00f6rhoppning \u00e4r att detta kan hj\u00e4lpa unga att navigera genom sv\u00e5ra beslut och hitta en meningsfull riktning i sina liv. Vi vuxna skall vara goda f\u00f6rebilder som ungdomar m\u00f6ter i vardagen, som inspirerar och v\u00e4gleder n\u00e4r det beh\u00f6vs.&nbsp;<\/p>\n\n\n\n<p><em>Annika Thorild, barn- och ungdomsledare&nbsp;<\/em><\/p>\n\n\n\n<p><\/p>\n\n\n\n<p>&#8230;&#8230;&#8230;&#8230;&#8230;&#8230;<\/p>\n\n\n\n<p>Texten publicerades f\u00f6rsta g\u00e5ngen i Insikten nummer 3 2024<\/p>\n\n\n\n<p><\/p>\n\n\n\n<p><\/p>\n","protected":false},"excerpt":{"rendered":"<p>Vi lever i en tid d\u00e5 mental h\u00e4lsa blivit alltmer uppm\u00e4rksammat bland v\u00e5ra ungdomar. Jag \u00e4r tacksam \u00f6ver att ha f\u00e5tt m\u00f6jligheten att f\u00f6rdjupa mina kunskaper inom sj\u00e4lav\u00e5rd. Vid tre kurstillf\u00e4llen med \u00f6vernattning har jag och min kollega Linn g\u00e5tt kursen \u201dSj\u00e4lav\u00e5rd med unga\u201d inom Svenska kyrkan p\u00e5 stiftsg\u00e5rden Lilleskog.&nbsp; Kursens inneh\u00e5ll var uppdelat i [&hellip;]<\/p>\n","protected":false},"author":250,"featured_media":274,"comment_status":"open","ping_status":"open","sticky":false,"template":"","format":"standard","meta":{"_acf_changed":false,"footnotes":""},"categories":[3,10],"tags":[],"class_list":["post-273","post","type-post","status-publish","format-standard","has-post-thumbnail","hentry","category-diakoni","category-svenska-kyrkans-unga"],"acf":[],"yoast_head":"<!-- This site is optimized with the Yoast SEO plugin v27.1.1 - https:\/\/yoast.com\/product\/yoast-seo-wordpress\/ -->\n<title>Sj\u00e4lav\u00e5rd och goda f\u00f6rebilder - Insikten - Floby pastorat<\/title>\n<meta name=\"robots\" content=\"index, follow, max-snippet:-1, max-image-preview:large, max-video-preview:-1\" \/>\n<link rel=\"canonical\" href=\"https:\/\/blogg.svenskakyrkan.se\/insikten\/2024\/10\/27\/sjalavard-och-goda-forebilder\/\" \/>\n<meta property=\"og:locale\" content=\"sv_SE\" \/>\n<meta property=\"og:type\" content=\"article\" \/>\n<meta property=\"og:title\" content=\"Sj\u00e4lav\u00e5rd och goda f\u00f6rebilder - Insikten - Floby pastorat\" \/>\n<meta property=\"og:description\" content=\"Vi lever i en tid d\u00e5 mental h\u00e4lsa blivit alltmer uppm\u00e4rksammat bland v\u00e5ra ungdomar. Jag \u00e4r tacksam \u00f6ver att ha f\u00e5tt m\u00f6jligheten att f\u00f6rdjupa mina kunskaper inom sj\u00e4lav\u00e5rd. Vid tre kurstillf\u00e4llen med \u00f6vernattning har jag och min kollega Linn g\u00e5tt kursen \u201dSj\u00e4lav\u00e5rd med unga\u201d inom Svenska kyrkan p\u00e5 stiftsg\u00e5rden Lilleskog.&nbsp; Kursens inneh\u00e5ll var uppdelat i [&hellip;]\" \/>\n<meta property=\"og:url\" content=\"https:\/\/blogg.svenskakyrkan.se\/insikten\/2024\/10\/27\/sjalavard-och-goda-forebilder\/\" \/>\n<meta property=\"og:site_name\" content=\"Insikten - Floby pastorat\" \/>\n<meta property=\"article:published_time\" content=\"2024-10-27T11:48:28+00:00\" \/>\n<meta property=\"article:modified_time\" content=\"2024-10-27T11:48:58+00:00\" \/>\n<meta name=\"author\" content=\"Floby pastorat\" \/>\n<meta name=\"twitter:card\" content=\"summary_large_image\" \/>\n<meta name=\"twitter:image\" content=\"https:\/\/blogg.svenskakyrkan.se\/insikten\/files\/2024\/10\/1126567-scaled.jpg\" \/>\n<meta name=\"twitter:label1\" content=\"Skriven av\" \/>\n\t<meta name=\"twitter:data1\" content=\"Floby pastorat\" \/>\n\t<meta name=\"twitter:label2\" content=\"Ber\u00e4knad l\u00e4stid\" \/>\n\t<meta name=\"twitter:data2\" content=\"3 minuter\" \/>\n<script type=\"application\/ld+json\" class=\"yoast-schema-graph\">{\"@context\":\"https:\/\/schema.org\",\"@graph\":[{\"@type\":\"Article\",\"@id\":\"https:\/\/blogg.svenskakyrkan.se\/insikten\/2024\/10\/27\/sjalavard-och-goda-forebilder\/#article\",\"isPartOf\":{\"@id\":\"https:\/\/blogg.svenskakyrkan.se\/insikten\/2024\/10\/27\/sjalavard-och-goda-forebilder\/\"},\"author\":{\"name\":\"Floby pastorat\",\"@id\":\"https:\/\/blogg.svenskakyrkan.se\/insikten\/#\/schema\/person\/5081f68a0318ddb64c879f7bc416ce8c\"},\"headline\":\"Sj\u00e4lav\u00e5rd och goda f\u00f6rebilder\",\"datePublished\":\"2024-10-27T11:48:28+00:00\",\"dateModified\":\"2024-10-27T11:48:58+00:00\",\"mainEntityOfPage\":{\"@id\":\"https:\/\/blogg.svenskakyrkan.se\/insikten\/2024\/10\/27\/sjalavard-och-goda-forebilder\/\"},\"wordCount\":520,\"commentCount\":0,\"image\":{\"@id\":\"https:\/\/blogg.svenskakyrkan.se\/insikten\/2024\/10\/27\/sjalavard-och-goda-forebilder\/#primaryimage\"},\"thumbnailUrl\":\"https:\/\/blogg.svenskakyrkan.se\/insikten\/files\/2024\/10\/1126567-scaled.jpg\",\"articleSection\":[\"Diakoni\",\"Svenska kyrkans unga\"],\"inLanguage\":\"sv-SE\",\"potentialAction\":[{\"@type\":\"CommentAction\",\"name\":\"Comment\",\"target\":[\"https:\/\/blogg.svenskakyrkan.se\/insikten\/2024\/10\/27\/sjalavard-och-goda-forebilder\/#respond\"]}]},{\"@type\":\"WebPage\",\"@id\":\"https:\/\/blogg.svenskakyrkan.se\/insikten\/2024\/10\/27\/sjalavard-och-goda-forebilder\/\",\"url\":\"https:\/\/blogg.svenskakyrkan.se\/insikten\/2024\/10\/27\/sjalavard-och-goda-forebilder\/\",\"name\":\"Sj\u00e4lav\u00e5rd och goda f\u00f6rebilder - Insikten - Floby pastorat\",\"isPartOf\":{\"@id\":\"https:\/\/blogg.svenskakyrkan.se\/insikten\/#website\"},\"primaryImageOfPage\":{\"@id\":\"https:\/\/blogg.svenskakyrkan.se\/insikten\/2024\/10\/27\/sjalavard-och-goda-forebilder\/#primaryimage\"},\"image\":{\"@id\":\"https:\/\/blogg.svenskakyrkan.se\/insikten\/2024\/10\/27\/sjalavard-och-goda-forebilder\/#primaryimage\"},\"thumbnailUrl\":\"https:\/\/blogg.svenskakyrkan.se\/insikten\/files\/2024\/10\/1126567-scaled.jpg\",\"datePublished\":\"2024-10-27T11:48:28+00:00\",\"dateModified\":\"2024-10-27T11:48:58+00:00\",\"author\":{\"@id\":\"https:\/\/blogg.svenskakyrkan.se\/insikten\/#\/schema\/person\/5081f68a0318ddb64c879f7bc416ce8c\"},\"breadcrumb\":{\"@id\":\"https:\/\/blogg.svenskakyrkan.se\/insikten\/2024\/10\/27\/sjalavard-och-goda-forebilder\/#breadcrumb\"},\"inLanguage\":\"sv-SE\",\"potentialAction\":[{\"@type\":\"ReadAction\",\"target\":[\"https:\/\/blogg.svenskakyrkan.se\/insikten\/2024\/10\/27\/sjalavard-och-goda-forebilder\/\"]}]},{\"@type\":\"ImageObject\",\"inLanguage\":\"sv-SE\",\"@id\":\"https:\/\/blogg.svenskakyrkan.se\/insikten\/2024\/10\/27\/sjalavard-och-goda-forebilder\/#primaryimage\",\"url\":\"https:\/\/blogg.svenskakyrkan.se\/insikten\/files\/2024\/10\/1126567-scaled.jpg\",\"contentUrl\":\"https:\/\/blogg.svenskakyrkan.se\/insikten\/files\/2024\/10\/1126567-scaled.jpg\",\"width\":2560,\"height\":1707},{\"@type\":\"BreadcrumbList\",\"@id\":\"https:\/\/blogg.svenskakyrkan.se\/insikten\/2024\/10\/27\/sjalavard-och-goda-forebilder\/#breadcrumb\",\"itemListElement\":[{\"@type\":\"ListItem\",\"position\":1,\"name\":\"Hem\",\"item\":\"https:\/\/blogg.svenskakyrkan.se\/insikten\/\"},{\"@type\":\"ListItem\",\"position\":2,\"name\":\"Sj\u00e4lav\u00e5rd och goda f\u00f6rebilder\"}]},{\"@type\":\"WebSite\",\"@id\":\"https:\/\/blogg.svenskakyrkan.se\/insikten\/#website\",\"url\":\"https:\/\/blogg.svenskakyrkan.se\/insikten\/\",\"name\":\"Insikten - Floby pastorat\",\"description\":\"Insikter, utsikter och emellan\u00e5t \u00e4ven \u00e5sikter fr\u00e5n Floby pastorat i Skara stift.\",\"potentialAction\":[{\"@type\":\"SearchAction\",\"target\":{\"@type\":\"EntryPoint\",\"urlTemplate\":\"https:\/\/blogg.svenskakyrkan.se\/insikten\/?s={search_term_string}\"},\"query-input\":{\"@type\":\"PropertyValueSpecification\",\"valueRequired\":true,\"valueName\":\"search_term_string\"}}],\"inLanguage\":\"sv-SE\"},{\"@type\":\"Person\",\"@id\":\"https:\/\/blogg.svenskakyrkan.se\/insikten\/#\/schema\/person\/5081f68a0318ddb64c879f7bc416ce8c\",\"name\":\"Floby pastorat\",\"image\":{\"@type\":\"ImageObject\",\"inLanguage\":\"sv-SE\",\"@id\":\"https:\/\/blogg.svenskakyrkan.se\/insikten\/#\/schema\/person\/image\/\",\"url\":\"https:\/\/secure.gravatar.com\/avatar\/c63a9fd4196da95cea4408b67893dbdb9ec52ef568ee59a4578ad766986bebcd?s=96&d=mm&r=g\",\"contentUrl\":\"https:\/\/secure.gravatar.com\/avatar\/c63a9fd4196da95cea4408b67893dbdb9ec52ef568ee59a4578ad766986bebcd?s=96&d=mm&r=g\",\"caption\":\"Floby pastorat\"},\"url\":\"https:\/\/blogg.svenskakyrkan.se\/insikten\/author\/helenataubner\/\"}]}<\/script>\n<!-- \/ Yoast SEO plugin. -->","yoast_head_json":{"title":"Sj\u00e4lav\u00e5rd och goda f\u00f6rebilder - Insikten - Floby pastorat","robots":{"index":"index","follow":"follow","max-snippet":"max-snippet:-1","max-image-preview":"max-image-preview:large","max-video-preview":"max-video-preview:-1"},"canonical":"https:\/\/blogg.svenskakyrkan.se\/insikten\/2024\/10\/27\/sjalavard-och-goda-forebilder\/","og_locale":"sv_SE","og_type":"article","og_title":"Sj\u00e4lav\u00e5rd och goda f\u00f6rebilder - Insikten - Floby pastorat","og_description":"Vi lever i en tid d\u00e5 mental h\u00e4lsa blivit alltmer uppm\u00e4rksammat bland v\u00e5ra ungdomar. Jag \u00e4r tacksam \u00f6ver att ha f\u00e5tt m\u00f6jligheten att f\u00f6rdjupa mina kunskaper inom sj\u00e4lav\u00e5rd. Vid tre kurstillf\u00e4llen med \u00f6vernattning har jag och min kollega Linn g\u00e5tt kursen \u201dSj\u00e4lav\u00e5rd med unga\u201d inom Svenska kyrkan p\u00e5 stiftsg\u00e5rden Lilleskog.&nbsp; Kursens inneh\u00e5ll var uppdelat i [&hellip;]","og_url":"https:\/\/blogg.svenskakyrkan.se\/insikten\/2024\/10\/27\/sjalavard-och-goda-forebilder\/","og_site_name":"Insikten - Floby pastorat","article_published_time":"2024-10-27T11:48:28+00:00","article_modified_time":"2024-10-27T11:48:58+00:00","author":"Floby pastorat","twitter_card":"summary_large_image","twitter_image":"https:\/\/blogg.svenskakyrkan.se\/insikten\/files\/2024\/10\/1126567-scaled.jpg","twitter_misc":{"Skriven av":"Floby pastorat","Ber\u00e4knad l\u00e4stid":"3 minuter"},"schema":{"@context":"https:\/\/schema.org","@graph":[{"@type":"Article","@id":"https:\/\/blogg.svenskakyrkan.se\/insikten\/2024\/10\/27\/sjalavard-och-goda-forebilder\/#article","isPartOf":{"@id":"https:\/\/blogg.svenskakyrkan.se\/insikten\/2024\/10\/27\/sjalavard-och-goda-forebilder\/"},"author":{"name":"Floby pastorat","@id":"https:\/\/blogg.svenskakyrkan.se\/insikten\/#\/schema\/person\/5081f68a0318ddb64c879f7bc416ce8c"},"headline":"Sj\u00e4lav\u00e5rd och goda f\u00f6rebilder","datePublished":"2024-10-27T11:48:28+00:00","dateModified":"2024-10-27T11:48:58+00:00","mainEntityOfPage":{"@id":"https:\/\/blogg.svenskakyrkan.se\/insikten\/2024\/10\/27\/sjalavard-och-goda-forebilder\/"},"wordCount":520,"commentCount":0,"image":{"@id":"https:\/\/blogg.svenskakyrkan.se\/insikten\/2024\/10\/27\/sjalavard-och-goda-forebilder\/#primaryimage"},"thumbnailUrl":"https:\/\/blogg.svenskakyrkan.se\/insikten\/files\/2024\/10\/1126567-scaled.jpg","articleSection":["Diakoni","Svenska kyrkans unga"],"inLanguage":"sv-SE","potentialAction":[{"@type":"CommentAction","name":"Comment","target":["https:\/\/blogg.svenskakyrkan.se\/insikten\/2024\/10\/27\/sjalavard-och-goda-forebilder\/#respond"]}]},{"@type":"WebPage","@id":"https:\/\/blogg.svenskakyrkan.se\/insikten\/2024\/10\/27\/sjalavard-och-goda-forebilder\/","url":"https:\/\/blogg.svenskakyrkan.se\/insikten\/2024\/10\/27\/sjalavard-och-goda-forebilder\/","name":"Sj\u00e4lav\u00e5rd och goda f\u00f6rebilder - Insikten - Floby pastorat","isPartOf":{"@id":"https:\/\/blogg.svenskakyrkan.se\/insikten\/#website"},"primaryImageOfPage":{"@id":"https:\/\/blogg.svenskakyrkan.se\/insikten\/2024\/10\/27\/sjalavard-och-goda-forebilder\/#primaryimage"},"image":{"@id":"https:\/\/blogg.svenskakyrkan.se\/insikten\/2024\/10\/27\/sjalavard-och-goda-forebilder\/#primaryimage"},"thumbnailUrl":"https:\/\/blogg.svenskakyrkan.se\/insikten\/files\/2024\/10\/1126567-scaled.jpg","datePublished":"2024-10-27T11:48:28+00:00","dateModified":"2024-10-27T11:48:58+00:00","author":{"@id":"https:\/\/blogg.svenskakyrkan.se\/insikten\/#\/schema\/person\/5081f68a0318ddb64c879f7bc416ce8c"},"breadcrumb":{"@id":"https:\/\/blogg.svenskakyrkan.se\/insikten\/2024\/10\/27\/sjalavard-och-goda-forebilder\/#breadcrumb"},"inLanguage":"sv-SE","potentialAction":[{"@type":"ReadAction","target":["https:\/\/blogg.svenskakyrkan.se\/insikten\/2024\/10\/27\/sjalavard-och-goda-forebilder\/"]}]},{"@type":"ImageObject","inLanguage":"sv-SE","@id":"https:\/\/blogg.svenskakyrkan.se\/insikten\/2024\/10\/27\/sjalavard-och-goda-forebilder\/#primaryimage","url":"https:\/\/blogg.svenskakyrkan.se\/insikten\/files\/2024\/10\/1126567-scaled.jpg","contentUrl":"https:\/\/blogg.svenskakyrkan.se\/insikten\/files\/2024\/10\/1126567-scaled.jpg","width":2560,"height":1707},{"@type":"BreadcrumbList","@id":"https:\/\/blogg.svenskakyrkan.se\/insikten\/2024\/10\/27\/sjalavard-och-goda-forebilder\/#breadcrumb","itemListElement":[{"@type":"ListItem","position":1,"name":"Hem","item":"https:\/\/blogg.svenskakyrkan.se\/insikten\/"},{"@type":"ListItem","position":2,"name":"Sj\u00e4lav\u00e5rd och goda f\u00f6rebilder"}]},{"@type":"WebSite","@id":"https:\/\/blogg.svenskakyrkan.se\/insikten\/#website","url":"https:\/\/blogg.svenskakyrkan.se\/insikten\/","name":"Insikten - Floby pastorat","description":"Insikter, utsikter och emellan\u00e5t \u00e4ven \u00e5sikter fr\u00e5n Floby pastorat i Skara stift.","potentialAction":[{"@type":"SearchAction","target":{"@type":"EntryPoint","urlTemplate":"https:\/\/blogg.svenskakyrkan.se\/insikten\/?s={search_term_string}"},"query-input":{"@type":"PropertyValueSpecification","valueRequired":true,"valueName":"search_term_string"}}],"inLanguage":"sv-SE"},{"@type":"Person","@id":"https:\/\/blogg.svenskakyrkan.se\/insikten\/#\/schema\/person\/5081f68a0318ddb64c879f7bc416ce8c","name":"Floby pastorat","image":{"@type":"ImageObject","inLanguage":"sv-SE","@id":"https:\/\/blogg.svenskakyrkan.se\/insikten\/#\/schema\/person\/image\/","url":"https:\/\/secure.gravatar.com\/avatar\/c63a9fd4196da95cea4408b67893dbdb9ec52ef568ee59a4578ad766986bebcd?s=96&d=mm&r=g","contentUrl":"https:\/\/secure.gravatar.com\/avatar\/c63a9fd4196da95cea4408b67893dbdb9ec52ef568ee59a4578ad766986bebcd?s=96&d=mm&r=g","caption":"Floby pastorat"},"url":"https:\/\/blogg.svenskakyrkan.se\/insikten\/author\/helenataubner\/"}]}},"author_meta":{"ID":"250","user_nicename":"helenataubner","user_registered":"2013-01-15 08:36:14","display_name":"Floby pastorat","avatar":"https:\/\/secure.gravatar.com\/avatar\/c63a9fd4196da95cea4408b67893dbdb9ec52ef568ee59a4578ad766986bebcd?s=96&d=mm&r=g"},"featured_image":["https:\/\/blogg.svenskakyrkan.se\/insikten\/files\/2024\/10\/1126567-1024x683.jpg",1024,683,true],"bloginfo":{"name":"Insikten - Floby pastorat","url":"https:\/\/blogg.svenskakyrkan.se\/insikten"},"_links":{"self":[{"href":"https:\/\/blogg.svenskakyrkan.se\/insikten\/wp-json\/wp\/v2\/posts\/273","targetHints":{"allow":["GET"]}}],"collection":[{"href":"https:\/\/blogg.svenskakyrkan.se\/insikten\/wp-json\/wp\/v2\/posts"}],"about":[{"href":"https:\/\/blogg.svenskakyrkan.se\/insikten\/wp-json\/wp\/v2\/types\/post"}],"author":[{"embeddable":true,"href":"https:\/\/blogg.svenskakyrkan.se\/insikten\/wp-json\/wp\/v2\/users\/250"}],"replies":[{"embeddable":true,"href":"https:\/\/blogg.svenskakyrkan.se\/insikten\/wp-json\/wp\/v2\/comments?post=273"}],"version-history":[{"count":1,"href":"https:\/\/blogg.svenskakyrkan.se\/insikten\/wp-json\/wp\/v2\/posts\/273\/revisions"}],"predecessor-version":[{"id":275,"href":"https:\/\/blogg.svenskakyrkan.se\/insikten\/wp-json\/wp\/v2\/posts\/273\/revisions\/275"}],"wp:featuredmedia":[{"embeddable":true,"href":"https:\/\/blogg.svenskakyrkan.se\/insikten\/wp-json\/wp\/v2\/media\/274"}],"wp:attachment":[{"href":"https:\/\/blogg.svenskakyrkan.se\/insikten\/wp-json\/wp\/v2\/media?parent=273"}],"wp:term":[{"taxonomy":"category","embeddable":true,"href":"https:\/\/blogg.svenskakyrkan.se\/insikten\/wp-json\/wp\/v2\/categories?post=273"},{"taxonomy":"post_tag","embeddable":true,"href":"https:\/\/blogg.svenskakyrkan.se\/insikten\/wp-json\/wp\/v2\/tags?post=273"}],"curies":[{"name":"wp","href":"https:\/\/api.w.org\/{rel}","templated":true}]}}