{"id":278,"date":"2025-11-02T16:44:01","date_gmt":"2025-11-02T15:44:01","guid":{"rendered":"https:\/\/blogg.svenskakyrkan.se\/insikten\/?p=278"},"modified":"2025-11-02T17:40:26","modified_gmt":"2025-11-02T16:40:26","slug":"dagmar","status":"publish","type":"post","link":"https:\/\/blogg.svenskakyrkan.se\/insikten\/2025\/11\/02\/dagmar\/","title":{"rendered":"Fr\u00e5n Kaliningrad till \u00c5sarp"},"content":{"rendered":"\n\n\n<p>Dagmar Adomeit var 15 \u00e5r n\u00e4r Stalins arm\u00e9er i januari 1945 invaderade K\u00f6nigsberg (Kaliningrad) i \u00f6stra Tyskland d\u00e4r hon bodde. Med bara en kam p\u00e5 fickan flydde Dagmar tillsammans med sin v\u00e4n Alexa v\u00e4sterut och anl\u00e4nde efter en farlig f\u00e4rd med ett krigsskepp till Kiel, varifr\u00e5n flykten fortsatte f\u00f6rst s\u00f6derut genom ett krigsh\u00e4rjat Tyskland och sedan \u00f6sterut undan flyganfall och de Allierade styrkornas framryckning.<\/p>\n\n\n\n<p>Efter kriget \u00e5terf\u00f6renades Dagmar med sin familj i \u00f6stra Tyskland, som nu var ockuperat av Sovjet och d\u00e4r livet var el\u00e4ndigt. Som 22-\u00e5ring lyckades hon fly \u00e4nnu en g\u00e5ng. Den h\u00e4r g\u00e5ngen tillsammans med sin man till Sverige, d\u00e4r hon togs emot som arbetskraftsinvandrare och fick en ny chans.&nbsp;<\/p>\n\n\n\n<p>I filmen samtalar Dagmar med kyrkoherde Stefan Klint om sitt liv. <\/p>\n\n\n\n<figure class=\"wp-block-embed is-type-video is-provider-youtube wp-block-embed-youtube wp-embed-aspect-16-9 wp-has-aspect-ratio\"><div class=\"wp-block-embed__wrapper\">\n<iframe loading=\"lazy\" title=\"3 oktober 2025\" width=\"500\" height=\"281\" src=\"https:\/\/www.youtube.com\/embed\/iEkqJIZPh9M?feature=oembed\" frameborder=\"0\" allow=\"accelerometer; autoplay; clipboard-write; encrypted-media; gyroscope; picture-in-picture; web-share\" referrerpolicy=\"strict-origin-when-cross-origin\" allowfullscreen><\/iframe>\n<\/div><\/figure>\n\n\n\n<p><\/p>\n","protected":false},"excerpt":{"rendered":"<p>Dagmar Adomeit var 15 \u00e5r n\u00e4r Stalins arm\u00e9er i januari 1945 invaderade K\u00f6nigsberg (Kaliningrad) i \u00f6stra Tyskland d\u00e4r hon bodde. Med bara en kam p\u00e5 fickan flydde Dagmar tillsammans med sin v\u00e4n Alexa v\u00e4sterut och anl\u00e4nde efter en farlig f\u00e4rd med ett krigsskepp till Kiel, varifr\u00e5n flykten fortsatte f\u00f6rst s\u00f6derut genom ett krigsh\u00e4rjat Tyskland och [&hellip;]<\/p>\n","protected":false},"author":250,"featured_media":280,"comment_status":"open","ping_status":"open","sticky":false,"template":"","format":"standard","meta":{"_acf_changed":false,"footnotes":""},"categories":[1],"tags":[],"class_list":["post-278","post","type-post","status-publish","format-standard","has-post-thumbnail","hentry","category-okategoriserade"],"acf":[],"yoast_head":"<!-- This site is optimized with the Yoast SEO plugin v27.1.1 - https:\/\/yoast.com\/product\/yoast-seo-wordpress\/ -->\n<title>Fr\u00e5n Kaliningrad till \u00c5sarp - Insikten - Floby pastorat<\/title>\n<meta name=\"robots\" content=\"index, follow, max-snippet:-1, max-image-preview:large, max-video-preview:-1\" \/>\n<link rel=\"canonical\" href=\"https:\/\/blogg.svenskakyrkan.se\/insikten\/2025\/11\/02\/dagmar\/\" \/>\n<meta property=\"og:locale\" content=\"sv_SE\" \/>\n<meta property=\"og:type\" content=\"article\" \/>\n<meta property=\"og:title\" content=\"Fr\u00e5n Kaliningrad till \u00c5sarp - Insikten - Floby pastorat\" \/>\n<meta property=\"og:description\" content=\"Dagmar Adomeit var 15 \u00e5r n\u00e4r Stalins arm\u00e9er i januari 1945 invaderade K\u00f6nigsberg (Kaliningrad) i \u00f6stra Tyskland d\u00e4r hon bodde. Med bara en kam p\u00e5 fickan flydde Dagmar tillsammans med sin v\u00e4n Alexa v\u00e4sterut och anl\u00e4nde efter en farlig f\u00e4rd med ett krigsskepp till Kiel, varifr\u00e5n flykten fortsatte f\u00f6rst s\u00f6derut genom ett krigsh\u00e4rjat Tyskland och [&hellip;]\" \/>\n<meta property=\"og:url\" content=\"https:\/\/blogg.svenskakyrkan.se\/insikten\/2025\/11\/02\/dagmar\/\" \/>\n<meta property=\"og:site_name\" content=\"Insikten - Floby pastorat\" \/>\n<meta property=\"article:published_time\" content=\"2025-11-02T15:44:01+00:00\" \/>\n<meta property=\"article:modified_time\" content=\"2025-11-02T16:40:26+00:00\" \/>\n<meta property=\"og:image\" content=\"https:\/\/blogg.svenskakyrkan.se\/insikten\/files\/2025\/11\/Dagmar-farg.jpeg\" \/>\n\t<meta property=\"og:image:width\" content=\"1169\" \/>\n\t<meta property=\"og:image:height\" content=\"647\" \/>\n\t<meta property=\"og:image:type\" content=\"image\/jpeg\" \/>\n<meta name=\"author\" content=\"Floby pastorat\" \/>\n<meta name=\"twitter:card\" content=\"summary_large_image\" \/>\n<meta name=\"twitter:label1\" content=\"Skriven av\" \/>\n\t<meta name=\"twitter:data1\" content=\"Floby pastorat\" \/>\n\t<meta name=\"twitter:label2\" content=\"Ber\u00e4knad l\u00e4stid\" \/>\n\t<meta name=\"twitter:data2\" content=\"1 minut\" \/>\n<script type=\"application\/ld+json\" class=\"yoast-schema-graph\">{\"@context\":\"https:\/\/schema.org\",\"@graph\":[{\"@type\":\"Article\",\"@id\":\"https:\/\/blogg.svenskakyrkan.se\/insikten\/2025\/11\/02\/dagmar\/#article\",\"isPartOf\":{\"@id\":\"https:\/\/blogg.svenskakyrkan.se\/insikten\/2025\/11\/02\/dagmar\/\"},\"author\":{\"name\":\"Floby pastorat\",\"@id\":\"https:\/\/blogg.svenskakyrkan.se\/insikten\/#\/schema\/person\/5081f68a0318ddb64c879f7bc416ce8c\"},\"headline\":\"Fr\u00e5n Kaliningrad till \u00c5sarp\",\"datePublished\":\"2025-11-02T15:44:01+00:00\",\"dateModified\":\"2025-11-02T16:40:26+00:00\",\"mainEntityOfPage\":{\"@id\":\"https:\/\/blogg.svenskakyrkan.se\/insikten\/2025\/11\/02\/dagmar\/\"},\"wordCount\":156,\"commentCount\":0,\"image\":{\"@id\":\"https:\/\/blogg.svenskakyrkan.se\/insikten\/2025\/11\/02\/dagmar\/#primaryimage\"},\"thumbnailUrl\":\"https:\/\/blogg.svenskakyrkan.se\/insikten\/files\/2025\/11\/Dagmar-farg.jpeg\",\"inLanguage\":\"sv-SE\",\"potentialAction\":[{\"@type\":\"CommentAction\",\"name\":\"Comment\",\"target\":[\"https:\/\/blogg.svenskakyrkan.se\/insikten\/2025\/11\/02\/dagmar\/#respond\"]}]},{\"@type\":\"WebPage\",\"@id\":\"https:\/\/blogg.svenskakyrkan.se\/insikten\/2025\/11\/02\/dagmar\/\",\"url\":\"https:\/\/blogg.svenskakyrkan.se\/insikten\/2025\/11\/02\/dagmar\/\",\"name\":\"Fr\u00e5n Kaliningrad till \u00c5sarp - Insikten - Floby pastorat\",\"isPartOf\":{\"@id\":\"https:\/\/blogg.svenskakyrkan.se\/insikten\/#website\"},\"primaryImageOfPage\":{\"@id\":\"https:\/\/blogg.svenskakyrkan.se\/insikten\/2025\/11\/02\/dagmar\/#primaryimage\"},\"image\":{\"@id\":\"https:\/\/blogg.svenskakyrkan.se\/insikten\/2025\/11\/02\/dagmar\/#primaryimage\"},\"thumbnailUrl\":\"https:\/\/blogg.svenskakyrkan.se\/insikten\/files\/2025\/11\/Dagmar-farg.jpeg\",\"datePublished\":\"2025-11-02T15:44:01+00:00\",\"dateModified\":\"2025-11-02T16:40:26+00:00\",\"author\":{\"@id\":\"https:\/\/blogg.svenskakyrkan.se\/insikten\/#\/schema\/person\/5081f68a0318ddb64c879f7bc416ce8c\"},\"breadcrumb\":{\"@id\":\"https:\/\/blogg.svenskakyrkan.se\/insikten\/2025\/11\/02\/dagmar\/#breadcrumb\"},\"inLanguage\":\"sv-SE\",\"potentialAction\":[{\"@type\":\"ReadAction\",\"target\":[\"https:\/\/blogg.svenskakyrkan.se\/insikten\/2025\/11\/02\/dagmar\/\"]}]},{\"@type\":\"ImageObject\",\"inLanguage\":\"sv-SE\",\"@id\":\"https:\/\/blogg.svenskakyrkan.se\/insikten\/2025\/11\/02\/dagmar\/#primaryimage\",\"url\":\"https:\/\/blogg.svenskakyrkan.se\/insikten\/files\/2025\/11\/Dagmar-farg.jpeg\",\"contentUrl\":\"https:\/\/blogg.svenskakyrkan.se\/insikten\/files\/2025\/11\/Dagmar-farg.jpeg\",\"width\":1169,\"height\":647,\"caption\":\"Screenshot\"},{\"@type\":\"BreadcrumbList\",\"@id\":\"https:\/\/blogg.svenskakyrkan.se\/insikten\/2025\/11\/02\/dagmar\/#breadcrumb\",\"itemListElement\":[{\"@type\":\"ListItem\",\"position\":1,\"name\":\"Hem\",\"item\":\"https:\/\/blogg.svenskakyrkan.se\/insikten\/\"},{\"@type\":\"ListItem\",\"position\":2,\"name\":\"Fr\u00e5n Kaliningrad till \u00c5sarp\"}]},{\"@type\":\"WebSite\",\"@id\":\"https:\/\/blogg.svenskakyrkan.se\/insikten\/#website\",\"url\":\"https:\/\/blogg.svenskakyrkan.se\/insikten\/\",\"name\":\"Insikten - Floby pastorat\",\"description\":\"Insikter, utsikter och emellan\u00e5t \u00e4ven \u00e5sikter fr\u00e5n Floby pastorat i Skara stift.\",\"potentialAction\":[{\"@type\":\"SearchAction\",\"target\":{\"@type\":\"EntryPoint\",\"urlTemplate\":\"https:\/\/blogg.svenskakyrkan.se\/insikten\/?s={search_term_string}\"},\"query-input\":{\"@type\":\"PropertyValueSpecification\",\"valueRequired\":true,\"valueName\":\"search_term_string\"}}],\"inLanguage\":\"sv-SE\"},{\"@type\":\"Person\",\"@id\":\"https:\/\/blogg.svenskakyrkan.se\/insikten\/#\/schema\/person\/5081f68a0318ddb64c879f7bc416ce8c\",\"name\":\"Floby pastorat\",\"image\":{\"@type\":\"ImageObject\",\"inLanguage\":\"sv-SE\",\"@id\":\"https:\/\/blogg.svenskakyrkan.se\/insikten\/#\/schema\/person\/image\/\",\"url\":\"https:\/\/secure.gravatar.com\/avatar\/c63a9fd4196da95cea4408b67893dbdb9ec52ef568ee59a4578ad766986bebcd?s=96&d=mm&r=g\",\"contentUrl\":\"https:\/\/secure.gravatar.com\/avatar\/c63a9fd4196da95cea4408b67893dbdb9ec52ef568ee59a4578ad766986bebcd?s=96&d=mm&r=g\",\"caption\":\"Floby pastorat\"},\"url\":\"https:\/\/blogg.svenskakyrkan.se\/insikten\/author\/helenataubner\/\"}]}<\/script>\n<!-- \/ Yoast SEO plugin. -->","yoast_head_json":{"title":"Fr\u00e5n Kaliningrad till \u00c5sarp - Insikten - Floby pastorat","robots":{"index":"index","follow":"follow","max-snippet":"max-snippet:-1","max-image-preview":"max-image-preview:large","max-video-preview":"max-video-preview:-1"},"canonical":"https:\/\/blogg.svenskakyrkan.se\/insikten\/2025\/11\/02\/dagmar\/","og_locale":"sv_SE","og_type":"article","og_title":"Fr\u00e5n Kaliningrad till \u00c5sarp - Insikten - Floby pastorat","og_description":"Dagmar Adomeit var 15 \u00e5r n\u00e4r Stalins arm\u00e9er i januari 1945 invaderade K\u00f6nigsberg (Kaliningrad) i \u00f6stra Tyskland d\u00e4r hon bodde. Med bara en kam p\u00e5 fickan flydde Dagmar tillsammans med sin v\u00e4n Alexa v\u00e4sterut och anl\u00e4nde efter en farlig f\u00e4rd med ett krigsskepp till Kiel, varifr\u00e5n flykten fortsatte f\u00f6rst s\u00f6derut genom ett krigsh\u00e4rjat Tyskland och [&hellip;]","og_url":"https:\/\/blogg.svenskakyrkan.se\/insikten\/2025\/11\/02\/dagmar\/","og_site_name":"Insikten - Floby pastorat","article_published_time":"2025-11-02T15:44:01+00:00","article_modified_time":"2025-11-02T16:40:26+00:00","og_image":[{"width":1169,"height":647,"url":"https:\/\/blogg.svenskakyrkan.se\/insikten\/files\/2025\/11\/Dagmar-farg.jpeg","type":"image\/jpeg"}],"author":"Floby pastorat","twitter_card":"summary_large_image","twitter_misc":{"Skriven av":"Floby pastorat","Ber\u00e4knad l\u00e4stid":"1 minut"},"schema":{"@context":"https:\/\/schema.org","@graph":[{"@type":"Article","@id":"https:\/\/blogg.svenskakyrkan.se\/insikten\/2025\/11\/02\/dagmar\/#article","isPartOf":{"@id":"https:\/\/blogg.svenskakyrkan.se\/insikten\/2025\/11\/02\/dagmar\/"},"author":{"name":"Floby pastorat","@id":"https:\/\/blogg.svenskakyrkan.se\/insikten\/#\/schema\/person\/5081f68a0318ddb64c879f7bc416ce8c"},"headline":"Fr\u00e5n Kaliningrad till \u00c5sarp","datePublished":"2025-11-02T15:44:01+00:00","dateModified":"2025-11-02T16:40:26+00:00","mainEntityOfPage":{"@id":"https:\/\/blogg.svenskakyrkan.se\/insikten\/2025\/11\/02\/dagmar\/"},"wordCount":156,"commentCount":0,"image":{"@id":"https:\/\/blogg.svenskakyrkan.se\/insikten\/2025\/11\/02\/dagmar\/#primaryimage"},"thumbnailUrl":"https:\/\/blogg.svenskakyrkan.se\/insikten\/files\/2025\/11\/Dagmar-farg.jpeg","inLanguage":"sv-SE","potentialAction":[{"@type":"CommentAction","name":"Comment","target":["https:\/\/blogg.svenskakyrkan.se\/insikten\/2025\/11\/02\/dagmar\/#respond"]}]},{"@type":"WebPage","@id":"https:\/\/blogg.svenskakyrkan.se\/insikten\/2025\/11\/02\/dagmar\/","url":"https:\/\/blogg.svenskakyrkan.se\/insikten\/2025\/11\/02\/dagmar\/","name":"Fr\u00e5n Kaliningrad till \u00c5sarp - Insikten - Floby pastorat","isPartOf":{"@id":"https:\/\/blogg.svenskakyrkan.se\/insikten\/#website"},"primaryImageOfPage":{"@id":"https:\/\/blogg.svenskakyrkan.se\/insikten\/2025\/11\/02\/dagmar\/#primaryimage"},"image":{"@id":"https:\/\/blogg.svenskakyrkan.se\/insikten\/2025\/11\/02\/dagmar\/#primaryimage"},"thumbnailUrl":"https:\/\/blogg.svenskakyrkan.se\/insikten\/files\/2025\/11\/Dagmar-farg.jpeg","datePublished":"2025-11-02T15:44:01+00:00","dateModified":"2025-11-02T16:40:26+00:00","author":{"@id":"https:\/\/blogg.svenskakyrkan.se\/insikten\/#\/schema\/person\/5081f68a0318ddb64c879f7bc416ce8c"},"breadcrumb":{"@id":"https:\/\/blogg.svenskakyrkan.se\/insikten\/2025\/11\/02\/dagmar\/#breadcrumb"},"inLanguage":"sv-SE","potentialAction":[{"@type":"ReadAction","target":["https:\/\/blogg.svenskakyrkan.se\/insikten\/2025\/11\/02\/dagmar\/"]}]},{"@type":"ImageObject","inLanguage":"sv-SE","@id":"https:\/\/blogg.svenskakyrkan.se\/insikten\/2025\/11\/02\/dagmar\/#primaryimage","url":"https:\/\/blogg.svenskakyrkan.se\/insikten\/files\/2025\/11\/Dagmar-farg.jpeg","contentUrl":"https:\/\/blogg.svenskakyrkan.se\/insikten\/files\/2025\/11\/Dagmar-farg.jpeg","width":1169,"height":647,"caption":"Screenshot"},{"@type":"BreadcrumbList","@id":"https:\/\/blogg.svenskakyrkan.se\/insikten\/2025\/11\/02\/dagmar\/#breadcrumb","itemListElement":[{"@type":"ListItem","position":1,"name":"Hem","item":"https:\/\/blogg.svenskakyrkan.se\/insikten\/"},{"@type":"ListItem","position":2,"name":"Fr\u00e5n Kaliningrad till \u00c5sarp"}]},{"@type":"WebSite","@id":"https:\/\/blogg.svenskakyrkan.se\/insikten\/#website","url":"https:\/\/blogg.svenskakyrkan.se\/insikten\/","name":"Insikten - Floby pastorat","description":"Insikter, utsikter och emellan\u00e5t \u00e4ven \u00e5sikter fr\u00e5n Floby pastorat i Skara stift.","potentialAction":[{"@type":"SearchAction","target":{"@type":"EntryPoint","urlTemplate":"https:\/\/blogg.svenskakyrkan.se\/insikten\/?s={search_term_string}"},"query-input":{"@type":"PropertyValueSpecification","valueRequired":true,"valueName":"search_term_string"}}],"inLanguage":"sv-SE"},{"@type":"Person","@id":"https:\/\/blogg.svenskakyrkan.se\/insikten\/#\/schema\/person\/5081f68a0318ddb64c879f7bc416ce8c","name":"Floby pastorat","image":{"@type":"ImageObject","inLanguage":"sv-SE","@id":"https:\/\/blogg.svenskakyrkan.se\/insikten\/#\/schema\/person\/image\/","url":"https:\/\/secure.gravatar.com\/avatar\/c63a9fd4196da95cea4408b67893dbdb9ec52ef568ee59a4578ad766986bebcd?s=96&d=mm&r=g","contentUrl":"https:\/\/secure.gravatar.com\/avatar\/c63a9fd4196da95cea4408b67893dbdb9ec52ef568ee59a4578ad766986bebcd?s=96&d=mm&r=g","caption":"Floby pastorat"},"url":"https:\/\/blogg.svenskakyrkan.se\/insikten\/author\/helenataubner\/"}]}},"author_meta":{"ID":"250","user_nicename":"helenataubner","user_registered":"2013-01-15 08:36:14","display_name":"Floby pastorat","avatar":"https:\/\/secure.gravatar.com\/avatar\/c63a9fd4196da95cea4408b67893dbdb9ec52ef568ee59a4578ad766986bebcd?s=96&d=mm&r=g"},"featured_image":["https:\/\/blogg.svenskakyrkan.se\/insikten\/files\/2025\/11\/Dagmar-farg-1024x567.jpeg",1024,567,true],"bloginfo":{"name":"Insikten - Floby pastorat","url":"https:\/\/blogg.svenskakyrkan.se\/insikten"},"_links":{"self":[{"href":"https:\/\/blogg.svenskakyrkan.se\/insikten\/wp-json\/wp\/v2\/posts\/278","targetHints":{"allow":["GET"]}}],"collection":[{"href":"https:\/\/blogg.svenskakyrkan.se\/insikten\/wp-json\/wp\/v2\/posts"}],"about":[{"href":"https:\/\/blogg.svenskakyrkan.se\/insikten\/wp-json\/wp\/v2\/types\/post"}],"author":[{"embeddable":true,"href":"https:\/\/blogg.svenskakyrkan.se\/insikten\/wp-json\/wp\/v2\/users\/250"}],"replies":[{"embeddable":true,"href":"https:\/\/blogg.svenskakyrkan.se\/insikten\/wp-json\/wp\/v2\/comments?post=278"}],"version-history":[{"count":2,"href":"https:\/\/blogg.svenskakyrkan.se\/insikten\/wp-json\/wp\/v2\/posts\/278\/revisions"}],"predecessor-version":[{"id":281,"href":"https:\/\/blogg.svenskakyrkan.se\/insikten\/wp-json\/wp\/v2\/posts\/278\/revisions\/281"}],"wp:featuredmedia":[{"embeddable":true,"href":"https:\/\/blogg.svenskakyrkan.se\/insikten\/wp-json\/wp\/v2\/media\/280"}],"wp:attachment":[{"href":"https:\/\/blogg.svenskakyrkan.se\/insikten\/wp-json\/wp\/v2\/media?parent=278"}],"wp:term":[{"taxonomy":"category","embeddable":true,"href":"https:\/\/blogg.svenskakyrkan.se\/insikten\/wp-json\/wp\/v2\/categories?post=278"},{"taxonomy":"post_tag","embeddable":true,"href":"https:\/\/blogg.svenskakyrkan.se\/insikten\/wp-json\/wp\/v2\/tags?post=278"}],"curies":[{"name":"wp","href":"https:\/\/api.w.org\/{rel}","templated":true}]}}