{"id":34,"date":"2021-02-06T14:52:52","date_gmt":"2021-02-06T13:52:52","guid":{"rendered":"http:\/\/blogg.svenskakyrkan.se\/insikten\/?p=34"},"modified":"2022-12-11T13:45:55","modified_gmt":"2022-12-11T12:45:55","slug":"kristen-tro-i-praktiken","status":"publish","type":"post","link":"https:\/\/blogg.svenskakyrkan.se\/insikten\/2021\/02\/06\/kristen-tro-i-praktiken\/","title":{"rendered":"Kristen tro i praktiken"},"content":{"rendered":"\n\n\n<p>Jag beundrar de diakoner jag har m\u00f6tt genom livet i f\u00f6rsamlingar, p\u00e5 sjukhus och v\u00e5rdinr\u00e4ttningar. Jag ser dem framf\u00f6r mig p\u00e5 v\u00e4g hem till en ensam m\u00e4nniska, ett samtal med en hj\u00e4lps\u00f6kande eller ett m\u00f6te med kommunens socialtj\u00e4nst. De \u00e4r trygga i sig sj\u00e4lva, n\u00e4rvarande och fromma i ordets b\u00e4sta bem\u00e4rkelse. Samtidigt har de ett uppdrag som kan tyckas om\u00f6jligt: att finnas till f\u00f6r alla, att verka i det tysta och att m\u00f6ta en n\u00f6d utan slut. Att vara diakon \u00e4r att dela andra m\u00e4nniskors villkor och att inte blunda f\u00f6r samh\u00e4llets skuggsida, det sv\u00e5ra och sm\u00e4rtsamma.<\/p>\n\n\n\n<p>Diakoni \u00e4r kyrkans tj\u00e4nst f\u00f6r medm\u00e4nniskan och f\u00f6r djuren och naturen. Det \u00e4r ett vackert ord och det \u00e4r mer \u00e4n ett ord, det \u00e4r sj\u00e4lva hj\u00e4rtat i den kristna tron. Gud \u00e4r k\u00e4rlek och kallar oss alla att delta i helandet och uppr\u00e4ttandet av varje del av skapelsen. Gud \u00e4r inte en abstrakt id\u00e9. Gud \u00e4r n\u00e4rvarande i m\u00f6tet med en annan m\u00e4nniska, i den k\u00e4rlek och praktiska omtanke vi visar varandra. Och diakoni \u00e4r inte enkelriktad utan n\u00e5got \u00f6msesidigt. Idag \u00e4r det kanske du som har ett behov och jag som kan hj\u00e4lpa dig. Imorgon kan det vara tv\u00e4rtom.&nbsp;<\/p>\n\n\n\n<p>F\u00f6rsamlingarna i Floby pastorat har aldrig haft en fast diakontj\u00e4nst. Ist\u00e4llet har det diakonala uppdraget utvecklats till att bli m\u00e5ngas angel\u00e4genhet och ansvar. I nul\u00e4get unders\u00f6ker vi hur detta viktiga arbete kan utvecklas vidare i samverkan med andra kyrkliga, kommunala och ideella akt\u00f6rer i v\u00e5ra lokalsamh\u00e4llen.&nbsp;<\/p>\n\n\n\n<p>Jag beundrar de diakoner jag m\u00f6tt i livet, men jag beundrar ocks\u00e5 de m\u00e5nga ideella, anst\u00e4llda och helt vanliga m\u00e4nniskor som jag m\u00f6ter varje dag i pastoratets f\u00f6rsamlingar; som ger av sin tid och kraft i tj\u00e4nst f\u00f6r sina medm\u00e4nniskor p\u00e5 dagledigsamlingar och l\u00f6rdagstr\u00e4ffar, i telefonsamtal och m\u00f6ten p\u00e5 ICA och \u00e4ldre-<br>boenden, i enskilda samtal och utdelande av livsmedel till medm\u00e4nniskor i kris, i samtalsgrupper och syf\u00f6reningar, p\u00e5 veckans caf\u00e9 med nyanl\u00e4nda och i lovverksamhet f\u00f6r barn och familjer.&nbsp;<\/p>\n\n\n\n<p>Vi som vill tro p\u00e5 Guds k\u00e4rlek har ett gemensamt uppdrag att dela den k\u00e4rleken vidare med v\u00e5ra medm\u00e4nniskor, djuren och naturen. Det \u00e4r att leva kristen tro i praktiken och att ut\u00f6va diakoni tillsammans.<\/p>\n\n\n\n<p>Stefan Klint, Insikten nr 1 2021<\/p>\n\n\n\n<figure class=\"wp-block-image size-large\"><img loading=\"lazy\" decoding=\"async\" width=\"1024\" height=\"768\" src=\"https:\/\/blogg.svenskakyrkan.se\/insikten\/files\/2021\/02\/Stefan-1024x768.jpg\" alt=\"\" class=\"wp-image-35\" srcset=\"https:\/\/blogg.svenskakyrkan.se\/insikten\/files\/2021\/02\/Stefan-1024x768.jpg 1024w, https:\/\/blogg.svenskakyrkan.se\/insikten\/files\/2021\/02\/Stefan-300x225.jpg 300w, https:\/\/blogg.svenskakyrkan.se\/insikten\/files\/2021\/02\/Stefan-768x576.jpg 768w, https:\/\/blogg.svenskakyrkan.se\/insikten\/files\/2021\/02\/Stefan-1536x1152.jpg 1536w, https:\/\/blogg.svenskakyrkan.se\/insikten\/files\/2021\/02\/Stefan-2048x1536.jpg 2048w, https:\/\/blogg.svenskakyrkan.se\/insikten\/files\/2021\/02\/Stefan-1200x900.jpg 1200w\" sizes=\"auto, (max-width: 1024px) 100vw, 1024px\" \/><figcaption>Stefan Klint. (Foto: Helena Klint)<\/figcaption><\/figure>\n","protected":false},"excerpt":{"rendered":"<p>Jag beundrar de diakoner jag har m\u00f6tt genom livet i f\u00f6rsamlingar, p\u00e5 sjukhus och v\u00e5rdinr\u00e4ttningar. Jag ser dem framf\u00f6r mig p\u00e5 v\u00e4g hem till en ensam m\u00e4nniska, ett samtal med en hj\u00e4lps\u00f6kande eller ett m\u00f6te med kommunens socialtj\u00e4nst. De \u00e4r trygga i sig sj\u00e4lva, n\u00e4rvarande och fromma i ordets b\u00e4sta bem\u00e4rkelse. Samtidigt har de ett [&hellip;]<\/p>\n","protected":false},"author":250,"featured_media":35,"comment_status":"open","ping_status":"open","sticky":false,"template":"","format":"standard","meta":{"_acf_changed":false,"footnotes":""},"categories":[3,14],"tags":[],"class_list":["post-34","post","type-post","status-publish","format-standard","has-post-thumbnail","hentry","category-diakoni","category-kyrkoherden-har-ordet"],"acf":[],"yoast_head":"<!-- This site is optimized with the Yoast SEO plugin v27.1.1 - https:\/\/yoast.com\/product\/yoast-seo-wordpress\/ -->\n<title>Kristen tro i praktiken - Insikten - Floby pastorat<\/title>\n<meta name=\"robots\" content=\"index, follow, max-snippet:-1, max-image-preview:large, max-video-preview:-1\" \/>\n<link rel=\"canonical\" href=\"https:\/\/blogg.svenskakyrkan.se\/insikten\/2021\/02\/06\/kristen-tro-i-praktiken\/\" \/>\n<meta property=\"og:locale\" content=\"sv_SE\" \/>\n<meta property=\"og:type\" content=\"article\" \/>\n<meta property=\"og:title\" content=\"Kristen tro i praktiken - Insikten - Floby pastorat\" \/>\n<meta property=\"og:description\" content=\"Jag beundrar de diakoner jag har m\u00f6tt genom livet i f\u00f6rsamlingar, p\u00e5 sjukhus och v\u00e5rdinr\u00e4ttningar. Jag ser dem framf\u00f6r mig p\u00e5 v\u00e4g hem till en ensam m\u00e4nniska, ett samtal med en hj\u00e4lps\u00f6kande eller ett m\u00f6te med kommunens socialtj\u00e4nst. De \u00e4r trygga i sig sj\u00e4lva, n\u00e4rvarande och fromma i ordets b\u00e4sta bem\u00e4rkelse. Samtidigt har de ett [&hellip;]\" \/>\n<meta property=\"og:url\" content=\"https:\/\/blogg.svenskakyrkan.se\/insikten\/2021\/02\/06\/kristen-tro-i-praktiken\/\" \/>\n<meta property=\"og:site_name\" content=\"Insikten - Floby pastorat\" \/>\n<meta property=\"article:published_time\" content=\"2021-02-06T13:52:52+00:00\" \/>\n<meta property=\"article:modified_time\" content=\"2022-12-11T12:45:55+00:00\" \/>\n<meta property=\"og:image\" content=\"https:\/\/blogg.svenskakyrkan.se\/insikten\/files\/2021\/02\/Stefan-scaled.jpg\" \/>\n\t<meta property=\"og:image:width\" content=\"2560\" \/>\n\t<meta property=\"og:image:height\" content=\"1920\" \/>\n\t<meta property=\"og:image:type\" content=\"image\/jpeg\" \/>\n<meta name=\"author\" content=\"Floby pastorat\" \/>\n<meta name=\"twitter:card\" content=\"summary_large_image\" \/>\n<meta name=\"twitter:label1\" content=\"Skriven av\" \/>\n\t<meta name=\"twitter:data1\" content=\"Floby pastorat\" \/>\n\t<meta name=\"twitter:label2\" content=\"Ber\u00e4knad l\u00e4stid\" \/>\n\t<meta name=\"twitter:data2\" content=\"2 minuter\" \/>\n<script type=\"application\/ld+json\" class=\"yoast-schema-graph\">{\"@context\":\"https:\/\/schema.org\",\"@graph\":[{\"@type\":\"Article\",\"@id\":\"https:\/\/blogg.svenskakyrkan.se\/insikten\/2021\/02\/06\/kristen-tro-i-praktiken\/#article\",\"isPartOf\":{\"@id\":\"https:\/\/blogg.svenskakyrkan.se\/insikten\/2021\/02\/06\/kristen-tro-i-praktiken\/\"},\"author\":{\"name\":\"Floby pastorat\",\"@id\":\"https:\/\/blogg.svenskakyrkan.se\/insikten\/#\/schema\/person\/5081f68a0318ddb64c879f7bc416ce8c\"},\"headline\":\"Kristen tro i praktiken\",\"datePublished\":\"2021-02-06T13:52:52+00:00\",\"dateModified\":\"2022-12-11T12:45:55+00:00\",\"mainEntityOfPage\":{\"@id\":\"https:\/\/blogg.svenskakyrkan.se\/insikten\/2021\/02\/06\/kristen-tro-i-praktiken\/\"},\"wordCount\":444,\"commentCount\":0,\"image\":{\"@id\":\"https:\/\/blogg.svenskakyrkan.se\/insikten\/2021\/02\/06\/kristen-tro-i-praktiken\/#primaryimage\"},\"thumbnailUrl\":\"https:\/\/blogg.svenskakyrkan.se\/insikten\/files\/2021\/02\/Stefan-scaled.jpg\",\"articleSection\":[\"Diakoni\",\"Kyrkoherden har ordet\"],\"inLanguage\":\"sv-SE\",\"potentialAction\":[{\"@type\":\"CommentAction\",\"name\":\"Comment\",\"target\":[\"https:\/\/blogg.svenskakyrkan.se\/insikten\/2021\/02\/06\/kristen-tro-i-praktiken\/#respond\"]}]},{\"@type\":\"WebPage\",\"@id\":\"https:\/\/blogg.svenskakyrkan.se\/insikten\/2021\/02\/06\/kristen-tro-i-praktiken\/\",\"url\":\"https:\/\/blogg.svenskakyrkan.se\/insikten\/2021\/02\/06\/kristen-tro-i-praktiken\/\",\"name\":\"Kristen tro i praktiken - Insikten - Floby pastorat\",\"isPartOf\":{\"@id\":\"https:\/\/blogg.svenskakyrkan.se\/insikten\/#website\"},\"primaryImageOfPage\":{\"@id\":\"https:\/\/blogg.svenskakyrkan.se\/insikten\/2021\/02\/06\/kristen-tro-i-praktiken\/#primaryimage\"},\"image\":{\"@id\":\"https:\/\/blogg.svenskakyrkan.se\/insikten\/2021\/02\/06\/kristen-tro-i-praktiken\/#primaryimage\"},\"thumbnailUrl\":\"https:\/\/blogg.svenskakyrkan.se\/insikten\/files\/2021\/02\/Stefan-scaled.jpg\",\"datePublished\":\"2021-02-06T13:52:52+00:00\",\"dateModified\":\"2022-12-11T12:45:55+00:00\",\"author\":{\"@id\":\"https:\/\/blogg.svenskakyrkan.se\/insikten\/#\/schema\/person\/5081f68a0318ddb64c879f7bc416ce8c\"},\"breadcrumb\":{\"@id\":\"https:\/\/blogg.svenskakyrkan.se\/insikten\/2021\/02\/06\/kristen-tro-i-praktiken\/#breadcrumb\"},\"inLanguage\":\"sv-SE\",\"potentialAction\":[{\"@type\":\"ReadAction\",\"target\":[\"https:\/\/blogg.svenskakyrkan.se\/insikten\/2021\/02\/06\/kristen-tro-i-praktiken\/\"]}]},{\"@type\":\"ImageObject\",\"inLanguage\":\"sv-SE\",\"@id\":\"https:\/\/blogg.svenskakyrkan.se\/insikten\/2021\/02\/06\/kristen-tro-i-praktiken\/#primaryimage\",\"url\":\"https:\/\/blogg.svenskakyrkan.se\/insikten\/files\/2021\/02\/Stefan-scaled.jpg\",\"contentUrl\":\"https:\/\/blogg.svenskakyrkan.se\/insikten\/files\/2021\/02\/Stefan-scaled.jpg\",\"width\":2560,\"height\":1920},{\"@type\":\"BreadcrumbList\",\"@id\":\"https:\/\/blogg.svenskakyrkan.se\/insikten\/2021\/02\/06\/kristen-tro-i-praktiken\/#breadcrumb\",\"itemListElement\":[{\"@type\":\"ListItem\",\"position\":1,\"name\":\"Hem\",\"item\":\"https:\/\/blogg.svenskakyrkan.se\/insikten\/\"},{\"@type\":\"ListItem\",\"position\":2,\"name\":\"Kristen tro i praktiken\"}]},{\"@type\":\"WebSite\",\"@id\":\"https:\/\/blogg.svenskakyrkan.se\/insikten\/#website\",\"url\":\"https:\/\/blogg.svenskakyrkan.se\/insikten\/\",\"name\":\"Insikten - Floby pastorat\",\"description\":\"Insikter, utsikter och emellan\u00e5t \u00e4ven \u00e5sikter fr\u00e5n Floby pastorat i Skara stift.\",\"potentialAction\":[{\"@type\":\"SearchAction\",\"target\":{\"@type\":\"EntryPoint\",\"urlTemplate\":\"https:\/\/blogg.svenskakyrkan.se\/insikten\/?s={search_term_string}\"},\"query-input\":{\"@type\":\"PropertyValueSpecification\",\"valueRequired\":true,\"valueName\":\"search_term_string\"}}],\"inLanguage\":\"sv-SE\"},{\"@type\":\"Person\",\"@id\":\"https:\/\/blogg.svenskakyrkan.se\/insikten\/#\/schema\/person\/5081f68a0318ddb64c879f7bc416ce8c\",\"name\":\"Floby pastorat\",\"image\":{\"@type\":\"ImageObject\",\"inLanguage\":\"sv-SE\",\"@id\":\"https:\/\/blogg.svenskakyrkan.se\/insikten\/#\/schema\/person\/image\/\",\"url\":\"https:\/\/secure.gravatar.com\/avatar\/c63a9fd4196da95cea4408b67893dbdb9ec52ef568ee59a4578ad766986bebcd?s=96&d=mm&r=g\",\"contentUrl\":\"https:\/\/secure.gravatar.com\/avatar\/c63a9fd4196da95cea4408b67893dbdb9ec52ef568ee59a4578ad766986bebcd?s=96&d=mm&r=g\",\"caption\":\"Floby pastorat\"},\"url\":\"https:\/\/blogg.svenskakyrkan.se\/insikten\/author\/helenataubner\/\"}]}<\/script>\n<!-- \/ Yoast SEO plugin. -->","yoast_head_json":{"title":"Kristen tro i praktiken - Insikten - Floby pastorat","robots":{"index":"index","follow":"follow","max-snippet":"max-snippet:-1","max-image-preview":"max-image-preview:large","max-video-preview":"max-video-preview:-1"},"canonical":"https:\/\/blogg.svenskakyrkan.se\/insikten\/2021\/02\/06\/kristen-tro-i-praktiken\/","og_locale":"sv_SE","og_type":"article","og_title":"Kristen tro i praktiken - Insikten - Floby pastorat","og_description":"Jag beundrar de diakoner jag har m\u00f6tt genom livet i f\u00f6rsamlingar, p\u00e5 sjukhus och v\u00e5rdinr\u00e4ttningar. Jag ser dem framf\u00f6r mig p\u00e5 v\u00e4g hem till en ensam m\u00e4nniska, ett samtal med en hj\u00e4lps\u00f6kande eller ett m\u00f6te med kommunens socialtj\u00e4nst. De \u00e4r trygga i sig sj\u00e4lva, n\u00e4rvarande och fromma i ordets b\u00e4sta bem\u00e4rkelse. Samtidigt har de ett [&hellip;]","og_url":"https:\/\/blogg.svenskakyrkan.se\/insikten\/2021\/02\/06\/kristen-tro-i-praktiken\/","og_site_name":"Insikten - Floby pastorat","article_published_time":"2021-02-06T13:52:52+00:00","article_modified_time":"2022-12-11T12:45:55+00:00","og_image":[{"width":2560,"height":1920,"url":"https:\/\/blogg.svenskakyrkan.se\/insikten\/files\/2021\/02\/Stefan-scaled.jpg","type":"image\/jpeg"}],"author":"Floby pastorat","twitter_card":"summary_large_image","twitter_misc":{"Skriven av":"Floby pastorat","Ber\u00e4knad l\u00e4stid":"2 minuter"},"schema":{"@context":"https:\/\/schema.org","@graph":[{"@type":"Article","@id":"https:\/\/blogg.svenskakyrkan.se\/insikten\/2021\/02\/06\/kristen-tro-i-praktiken\/#article","isPartOf":{"@id":"https:\/\/blogg.svenskakyrkan.se\/insikten\/2021\/02\/06\/kristen-tro-i-praktiken\/"},"author":{"name":"Floby pastorat","@id":"https:\/\/blogg.svenskakyrkan.se\/insikten\/#\/schema\/person\/5081f68a0318ddb64c879f7bc416ce8c"},"headline":"Kristen tro i praktiken","datePublished":"2021-02-06T13:52:52+00:00","dateModified":"2022-12-11T12:45:55+00:00","mainEntityOfPage":{"@id":"https:\/\/blogg.svenskakyrkan.se\/insikten\/2021\/02\/06\/kristen-tro-i-praktiken\/"},"wordCount":444,"commentCount":0,"image":{"@id":"https:\/\/blogg.svenskakyrkan.se\/insikten\/2021\/02\/06\/kristen-tro-i-praktiken\/#primaryimage"},"thumbnailUrl":"https:\/\/blogg.svenskakyrkan.se\/insikten\/files\/2021\/02\/Stefan-scaled.jpg","articleSection":["Diakoni","Kyrkoherden har ordet"],"inLanguage":"sv-SE","potentialAction":[{"@type":"CommentAction","name":"Comment","target":["https:\/\/blogg.svenskakyrkan.se\/insikten\/2021\/02\/06\/kristen-tro-i-praktiken\/#respond"]}]},{"@type":"WebPage","@id":"https:\/\/blogg.svenskakyrkan.se\/insikten\/2021\/02\/06\/kristen-tro-i-praktiken\/","url":"https:\/\/blogg.svenskakyrkan.se\/insikten\/2021\/02\/06\/kristen-tro-i-praktiken\/","name":"Kristen tro i praktiken - Insikten - Floby pastorat","isPartOf":{"@id":"https:\/\/blogg.svenskakyrkan.se\/insikten\/#website"},"primaryImageOfPage":{"@id":"https:\/\/blogg.svenskakyrkan.se\/insikten\/2021\/02\/06\/kristen-tro-i-praktiken\/#primaryimage"},"image":{"@id":"https:\/\/blogg.svenskakyrkan.se\/insikten\/2021\/02\/06\/kristen-tro-i-praktiken\/#primaryimage"},"thumbnailUrl":"https:\/\/blogg.svenskakyrkan.se\/insikten\/files\/2021\/02\/Stefan-scaled.jpg","datePublished":"2021-02-06T13:52:52+00:00","dateModified":"2022-12-11T12:45:55+00:00","author":{"@id":"https:\/\/blogg.svenskakyrkan.se\/insikten\/#\/schema\/person\/5081f68a0318ddb64c879f7bc416ce8c"},"breadcrumb":{"@id":"https:\/\/blogg.svenskakyrkan.se\/insikten\/2021\/02\/06\/kristen-tro-i-praktiken\/#breadcrumb"},"inLanguage":"sv-SE","potentialAction":[{"@type":"ReadAction","target":["https:\/\/blogg.svenskakyrkan.se\/insikten\/2021\/02\/06\/kristen-tro-i-praktiken\/"]}]},{"@type":"ImageObject","inLanguage":"sv-SE","@id":"https:\/\/blogg.svenskakyrkan.se\/insikten\/2021\/02\/06\/kristen-tro-i-praktiken\/#primaryimage","url":"https:\/\/blogg.svenskakyrkan.se\/insikten\/files\/2021\/02\/Stefan-scaled.jpg","contentUrl":"https:\/\/blogg.svenskakyrkan.se\/insikten\/files\/2021\/02\/Stefan-scaled.jpg","width":2560,"height":1920},{"@type":"BreadcrumbList","@id":"https:\/\/blogg.svenskakyrkan.se\/insikten\/2021\/02\/06\/kristen-tro-i-praktiken\/#breadcrumb","itemListElement":[{"@type":"ListItem","position":1,"name":"Hem","item":"https:\/\/blogg.svenskakyrkan.se\/insikten\/"},{"@type":"ListItem","position":2,"name":"Kristen tro i praktiken"}]},{"@type":"WebSite","@id":"https:\/\/blogg.svenskakyrkan.se\/insikten\/#website","url":"https:\/\/blogg.svenskakyrkan.se\/insikten\/","name":"Insikten - Floby pastorat","description":"Insikter, utsikter och emellan\u00e5t \u00e4ven \u00e5sikter fr\u00e5n Floby pastorat i Skara stift.","potentialAction":[{"@type":"SearchAction","target":{"@type":"EntryPoint","urlTemplate":"https:\/\/blogg.svenskakyrkan.se\/insikten\/?s={search_term_string}"},"query-input":{"@type":"PropertyValueSpecification","valueRequired":true,"valueName":"search_term_string"}}],"inLanguage":"sv-SE"},{"@type":"Person","@id":"https:\/\/blogg.svenskakyrkan.se\/insikten\/#\/schema\/person\/5081f68a0318ddb64c879f7bc416ce8c","name":"Floby pastorat","image":{"@type":"ImageObject","inLanguage":"sv-SE","@id":"https:\/\/blogg.svenskakyrkan.se\/insikten\/#\/schema\/person\/image\/","url":"https:\/\/secure.gravatar.com\/avatar\/c63a9fd4196da95cea4408b67893dbdb9ec52ef568ee59a4578ad766986bebcd?s=96&d=mm&r=g","contentUrl":"https:\/\/secure.gravatar.com\/avatar\/c63a9fd4196da95cea4408b67893dbdb9ec52ef568ee59a4578ad766986bebcd?s=96&d=mm&r=g","caption":"Floby pastorat"},"url":"https:\/\/blogg.svenskakyrkan.se\/insikten\/author\/helenataubner\/"}]}},"author_meta":{"ID":"250","user_nicename":"helenataubner","user_registered":"2013-01-15 08:36:14","display_name":"Floby pastorat","avatar":"https:\/\/secure.gravatar.com\/avatar\/c63a9fd4196da95cea4408b67893dbdb9ec52ef568ee59a4578ad766986bebcd?s=96&d=mm&r=g"},"featured_image":["https:\/\/blogg.svenskakyrkan.se\/insikten\/files\/2021\/02\/Stefan-1024x768.jpg",1024,768,true],"bloginfo":{"name":"Insikten - Floby pastorat","url":"https:\/\/blogg.svenskakyrkan.se\/insikten"},"_links":{"self":[{"href":"https:\/\/blogg.svenskakyrkan.se\/insikten\/wp-json\/wp\/v2\/posts\/34","targetHints":{"allow":["GET"]}}],"collection":[{"href":"https:\/\/blogg.svenskakyrkan.se\/insikten\/wp-json\/wp\/v2\/posts"}],"about":[{"href":"https:\/\/blogg.svenskakyrkan.se\/insikten\/wp-json\/wp\/v2\/types\/post"}],"author":[{"embeddable":true,"href":"https:\/\/blogg.svenskakyrkan.se\/insikten\/wp-json\/wp\/v2\/users\/250"}],"replies":[{"embeddable":true,"href":"https:\/\/blogg.svenskakyrkan.se\/insikten\/wp-json\/wp\/v2\/comments?post=34"}],"version-history":[{"count":2,"href":"https:\/\/blogg.svenskakyrkan.se\/insikten\/wp-json\/wp\/v2\/posts\/34\/revisions"}],"predecessor-version":[{"id":229,"href":"https:\/\/blogg.svenskakyrkan.se\/insikten\/wp-json\/wp\/v2\/posts\/34\/revisions\/229"}],"wp:featuredmedia":[{"embeddable":true,"href":"https:\/\/blogg.svenskakyrkan.se\/insikten\/wp-json\/wp\/v2\/media\/35"}],"wp:attachment":[{"href":"https:\/\/blogg.svenskakyrkan.se\/insikten\/wp-json\/wp\/v2\/media?parent=34"}],"wp:term":[{"taxonomy":"category","embeddable":true,"href":"https:\/\/blogg.svenskakyrkan.se\/insikten\/wp-json\/wp\/v2\/categories?post=34"},{"taxonomy":"post_tag","embeddable":true,"href":"https:\/\/blogg.svenskakyrkan.se\/insikten\/wp-json\/wp\/v2\/tags?post=34"}],"curies":[{"name":"wp","href":"https:\/\/api.w.org\/{rel}","templated":true}]}}