{"id":37,"date":"2021-02-06T14:57:46","date_gmt":"2021-02-06T13:57:46","guid":{"rendered":"http:\/\/blogg.svenskakyrkan.se\/insikten\/?p=37"},"modified":"2022-12-11T13:46:50","modified_gmt":"2022-12-11T12:46:50","slug":"tankar-om-diakoni","status":"publish","type":"post","link":"https:\/\/blogg.svenskakyrkan.se\/insikten\/2021\/02\/06\/tankar-om-diakoni\/","title":{"rendered":"Tankar om diakoni"},"content":{"rendered":"\n\n\n<figure class=\"wp-block-image size-large\"><img loading=\"lazy\" decoding=\"async\" width=\"864\" height=\"680\" src=\"https:\/\/blogg.svenskakyrkan.se\/insikten\/files\/2021\/02\/Sk\u00e4rmavbild-2021-02-06-kl.-14.56.13.png\" alt=\"\" class=\"wp-image-38\" srcset=\"https:\/\/blogg.svenskakyrkan.se\/insikten\/files\/2021\/02\/Sk\u00e4rmavbild-2021-02-06-kl.-14.56.13.png 864w, https:\/\/blogg.svenskakyrkan.se\/insikten\/files\/2021\/02\/Sk\u00e4rmavbild-2021-02-06-kl.-14.56.13-300x236.png 300w, https:\/\/blogg.svenskakyrkan.se\/insikten\/files\/2021\/02\/Sk\u00e4rmavbild-2021-02-06-kl.-14.56.13-768x604.png 768w\" sizes=\"auto, (max-width: 864px) 100vw, 864px\" \/><figcaption>Ett synligt tecken f\u00f6r en diakon \u00e4r smycket med korset, duvan och ringen. (Foto: Svenska kyrkan \/IKON)<\/figcaption><\/figure>\n\n\n\n<p>Diakonen i den vita kragen, mossgr\u00f6na skjortan och med det symboliska emblemet runt halsen \u00e4r vi m\u00e5nga som k\u00e4nner igen. Men det \u00e4r kanske f\u00e4rre av oss som vet vad rollen inneb\u00e4r och vad ett diakonalt arbete handlar om. I en tid n\u00e4r v\u00e4rlden och m\u00e4nskligheten st\u00e5r i brand \u00e4r det mer aktuellt \u00e4n n\u00e5gonsin att belysa detta uppdrag.<\/p>\n\n\n\n<p>Diakoni \u00e4r som Guds eget v\u00e4sen, Agape, ett uttryck f\u00f6r k\u00e4rlek. Sj\u00e4lva ordet kommer ifr\u00e5n grekiskans <em>diakon\u00e9in<\/em> och betyder <em>att tj\u00e4na<\/em>. Som kristna \u00e4r vi kallade av Gud att oms\u00e4tta v\u00e5r tro till k\u00e4rlek och omsorg om m\u00e4nniskan och skapelsen. P\u00e5 s\u00e5 vis b\u00e4r alla kristna ett gemensamt ansvar f\u00f6r diakoni.&nbsp;<\/p>\n\n\n\n<p>Diakonal verksamhet \u00e4r riktade aktiviteter som ofta beskrivs som kyrkans sociala arbete. Den \u00e4r en b\u00e4rande del av kyrkans identitet och uppdrag likav\u00e4l som att fira gudstj\u00e4nst, bedriva undervisning och att ut\u00f6va mission. Diakonalt arbete handlar om att m\u00f6ta m\u00e4nniskor i sv\u00e5ra och utsatta livssituationer. Att genom delaktighet, respekt och solidaritet verka f\u00f6r att skapa harmoni och helhet. Att hj\u00e4lpa m\u00e4nniskor att l\u00e4ka och skapa f\u00f6ruts\u00e4ttningar f\u00f6r att ta sig vidare. Men vad menas egentligen med utsatta livssituationer? Det \u00e4r l\u00e4tt att i f\u00f6rsta hand t\u00e4nka p\u00e5 fattiga, sjuka, m\u00e4nniskor i missbruk eller m\u00e4nniskor p\u00e5 flykt. Men visst \u00e4r det s\u00e5 att vi alla \u00e4r utsatta \u2013 i olika perioder, p\u00e5 olika s\u00e4tt och i olika grad i livet? Att leva \u00e4r att vara utsatt.<\/p>\n\n\n\n<p>Diakon \u00e4r ett av tre \u00e4mbeten (biskop, pr\u00e4st och diakon) som man kan vigas till i Svenska kyrkan. Som diakon har man ett s\u00e4rskilt uppdrag av kyrkan att upps\u00f6ka, hj\u00e4lpa och st\u00f6dja dem som befinner sig i utsatta livssituationer och som \u00e4r i kroppslig och sj\u00e4lslig n\u00f6d. Samtalen med en diakon ben\u00e4mns ofta som sj\u00e4lav\u00e5rd just f\u00f6r att de handlar om behovet av att ventilera livskriser, sorg, relationsproblem och ensamhet. Som diakon samverkar man med myndigheter och institutioner i samh\u00e4llet s\u00e5som socialtj\u00e4nst, skolor och \u00e4ldreboenden.&nbsp;<\/p>\n\n\n\n<p>En diakon har tystnadsplikt men det finns tillf\u00e4llen d\u00e5 den kan brytas. Det kan vara s\u00e5 att den som deltar i samtalet vill att information ska f\u00f6ras vidare eller att det framkommer uppgifter som det enligt lag \u00e4r anm\u00e4lningsplikt p\u00e5. Detta skiljer sig fr\u00e5n en pr\u00e4sts tystnadsplikt, som \u00e4r absolut.<\/p>\n\n\n\n<p>En medarbetare sa n\u00e5got som fastnade hos mig: \u201dKom ih\u00e5g, som m\u00e4nniskor har vi mer som f\u00f6renar oss \u00e4n vad som skiljer oss \u00e5t.\u201d Ja, vid n\u00e4rmare eftertanke s\u00e5 \u00e4r det faktiskt s\u00e5. Om vi kl\u00e4r av oss v\u00e5ra roller, titlar och rikedomar blir det tydligt. Vi \u00e4r alla m\u00e4nniskor med samma yttre behov av syre, mat och s\u00f6mn. Detta \u00e4r ocks\u00e5 temat f\u00f6r \u00e5rets fasteaktion inom ACT Svenska kyrkan \u201dUnder samma himmel\u201d. Vi \u00e4r alla m\u00e4nniskor med samma behov av trygghet, gemenskap och k\u00e4rlek.<\/p>\n\n\n\n<p>Som m\u00e4nniskor delar vi ocks\u00e5 samma behov av att bli burna i sv\u00e5ra situationer likav\u00e4l som att b\u00e4ra andra som har det sv\u00e5rt. Det \u00e4r i dessa stunder vi v\u00e4xer som individer och det sl\u00e5r mig nu, att det \u00e4r precis det h\u00e4r som diakoni handlar om, en \u00f6msesidig k\u00e4rlekshandling mellan m\u00e4nniskor. Diakoni \u00e4r handlingar som g\u00f6r oss till det vi \u00e4r \u00e4mnade att vara, Guds avbild. Ta hand om dig, och dem du har n\u00e4ra dig!<\/p>\n\n\n\n<p>Lotta Kjerrman, kanslist och kommunikat\u00f6r&nbsp;(Insikten nr 1 2021)<\/p>\n","protected":false},"excerpt":{"rendered":"<p>Diakonen i den vita kragen, mossgr\u00f6na skjortan och med det symboliska emblemet runt halsen \u00e4r vi m\u00e5nga som k\u00e4nner igen. Men det \u00e4r kanske f\u00e4rre av oss som vet vad rollen inneb\u00e4r och vad ett diakonalt arbete handlar om. I en tid n\u00e4r v\u00e4rlden och m\u00e4nskligheten st\u00e5r i brand \u00e4r det mer aktuellt \u00e4n n\u00e5gonsin [&hellip;]<\/p>\n","protected":false},"author":250,"featured_media":38,"comment_status":"open","ping_status":"open","sticky":false,"template":"","format":"standard","meta":{"_acf_changed":false,"footnotes":""},"categories":[3],"tags":[],"class_list":["post-37","post","type-post","status-publish","format-standard","has-post-thumbnail","hentry","category-diakoni"],"acf":[],"yoast_head":"<!-- This site is optimized with the Yoast SEO plugin v27.1.1 - https:\/\/yoast.com\/product\/yoast-seo-wordpress\/ -->\n<title>Tankar om diakoni - Insikten - Floby pastorat<\/title>\n<meta name=\"robots\" content=\"index, follow, max-snippet:-1, max-image-preview:large, max-video-preview:-1\" \/>\n<link rel=\"canonical\" href=\"https:\/\/blogg.svenskakyrkan.se\/insikten\/2021\/02\/06\/tankar-om-diakoni\/\" \/>\n<meta property=\"og:locale\" content=\"sv_SE\" \/>\n<meta property=\"og:type\" content=\"article\" \/>\n<meta property=\"og:title\" content=\"Tankar om diakoni - Insikten - Floby pastorat\" \/>\n<meta property=\"og:description\" content=\"Diakonen i den vita kragen, mossgr\u00f6na skjortan och med det symboliska emblemet runt halsen \u00e4r vi m\u00e5nga som k\u00e4nner igen. Men det \u00e4r kanske f\u00e4rre av oss som vet vad rollen inneb\u00e4r och vad ett diakonalt arbete handlar om. I en tid n\u00e4r v\u00e4rlden och m\u00e4nskligheten st\u00e5r i brand \u00e4r det mer aktuellt \u00e4n n\u00e5gonsin [&hellip;]\" \/>\n<meta property=\"og:url\" content=\"https:\/\/blogg.svenskakyrkan.se\/insikten\/2021\/02\/06\/tankar-om-diakoni\/\" \/>\n<meta property=\"og:site_name\" content=\"Insikten - Floby pastorat\" \/>\n<meta property=\"article:published_time\" content=\"2021-02-06T13:57:46+00:00\" \/>\n<meta property=\"article:modified_time\" content=\"2022-12-11T12:46:50+00:00\" \/>\n<meta property=\"og:image\" content=\"https:\/\/blogg.svenskakyrkan.se\/insikten\/files\/2021\/02\/Sk\u00e4rmavbild-2021-02-06-kl.-14.56.13.png\" \/>\n\t<meta property=\"og:image:width\" content=\"864\" \/>\n\t<meta property=\"og:image:height\" content=\"680\" \/>\n\t<meta property=\"og:image:type\" content=\"image\/png\" \/>\n<meta name=\"author\" content=\"Floby pastorat\" \/>\n<meta name=\"twitter:card\" content=\"summary_large_image\" \/>\n<meta name=\"twitter:label1\" content=\"Skriven av\" \/>\n\t<meta name=\"twitter:data1\" content=\"Floby pastorat\" \/>\n\t<meta name=\"twitter:label2\" content=\"Ber\u00e4knad l\u00e4stid\" \/>\n\t<meta name=\"twitter:data2\" content=\"3 minuter\" \/>\n<script type=\"application\/ld+json\" class=\"yoast-schema-graph\">{\"@context\":\"https:\/\/schema.org\",\"@graph\":[{\"@type\":\"Article\",\"@id\":\"https:\/\/blogg.svenskakyrkan.se\/insikten\/2021\/02\/06\/tankar-om-diakoni\/#article\",\"isPartOf\":{\"@id\":\"https:\/\/blogg.svenskakyrkan.se\/insikten\/2021\/02\/06\/tankar-om-diakoni\/\"},\"author\":{\"name\":\"Floby pastorat\",\"@id\":\"https:\/\/blogg.svenskakyrkan.se\/insikten\/#\/schema\/person\/5081f68a0318ddb64c879f7bc416ce8c\"},\"headline\":\"Tankar om diakoni\",\"datePublished\":\"2021-02-06T13:57:46+00:00\",\"dateModified\":\"2022-12-11T12:46:50+00:00\",\"mainEntityOfPage\":{\"@id\":\"https:\/\/blogg.svenskakyrkan.se\/insikten\/2021\/02\/06\/tankar-om-diakoni\/\"},\"wordCount\":649,\"commentCount\":0,\"image\":{\"@id\":\"https:\/\/blogg.svenskakyrkan.se\/insikten\/2021\/02\/06\/tankar-om-diakoni\/#primaryimage\"},\"thumbnailUrl\":\"https:\/\/blogg.svenskakyrkan.se\/insikten\/files\/2021\/02\/Sk\u00e4rmavbild-2021-02-06-kl.-14.56.13.png\",\"articleSection\":[\"Diakoni\"],\"inLanguage\":\"sv-SE\",\"potentialAction\":[{\"@type\":\"CommentAction\",\"name\":\"Comment\",\"target\":[\"https:\/\/blogg.svenskakyrkan.se\/insikten\/2021\/02\/06\/tankar-om-diakoni\/#respond\"]}]},{\"@type\":\"WebPage\",\"@id\":\"https:\/\/blogg.svenskakyrkan.se\/insikten\/2021\/02\/06\/tankar-om-diakoni\/\",\"url\":\"https:\/\/blogg.svenskakyrkan.se\/insikten\/2021\/02\/06\/tankar-om-diakoni\/\",\"name\":\"Tankar om diakoni - Insikten - Floby pastorat\",\"isPartOf\":{\"@id\":\"https:\/\/blogg.svenskakyrkan.se\/insikten\/#website\"},\"primaryImageOfPage\":{\"@id\":\"https:\/\/blogg.svenskakyrkan.se\/insikten\/2021\/02\/06\/tankar-om-diakoni\/#primaryimage\"},\"image\":{\"@id\":\"https:\/\/blogg.svenskakyrkan.se\/insikten\/2021\/02\/06\/tankar-om-diakoni\/#primaryimage\"},\"thumbnailUrl\":\"https:\/\/blogg.svenskakyrkan.se\/insikten\/files\/2021\/02\/Sk\u00e4rmavbild-2021-02-06-kl.-14.56.13.png\",\"datePublished\":\"2021-02-06T13:57:46+00:00\",\"dateModified\":\"2022-12-11T12:46:50+00:00\",\"author\":{\"@id\":\"https:\/\/blogg.svenskakyrkan.se\/insikten\/#\/schema\/person\/5081f68a0318ddb64c879f7bc416ce8c\"},\"breadcrumb\":{\"@id\":\"https:\/\/blogg.svenskakyrkan.se\/insikten\/2021\/02\/06\/tankar-om-diakoni\/#breadcrumb\"},\"inLanguage\":\"sv-SE\",\"potentialAction\":[{\"@type\":\"ReadAction\",\"target\":[\"https:\/\/blogg.svenskakyrkan.se\/insikten\/2021\/02\/06\/tankar-om-diakoni\/\"]}]},{\"@type\":\"ImageObject\",\"inLanguage\":\"sv-SE\",\"@id\":\"https:\/\/blogg.svenskakyrkan.se\/insikten\/2021\/02\/06\/tankar-om-diakoni\/#primaryimage\",\"url\":\"https:\/\/blogg.svenskakyrkan.se\/insikten\/files\/2021\/02\/Sk\u00e4rmavbild-2021-02-06-kl.-14.56.13.png\",\"contentUrl\":\"https:\/\/blogg.svenskakyrkan.se\/insikten\/files\/2021\/02\/Sk\u00e4rmavbild-2021-02-06-kl.-14.56.13.png\",\"width\":864,\"height\":680},{\"@type\":\"BreadcrumbList\",\"@id\":\"https:\/\/blogg.svenskakyrkan.se\/insikten\/2021\/02\/06\/tankar-om-diakoni\/#breadcrumb\",\"itemListElement\":[{\"@type\":\"ListItem\",\"position\":1,\"name\":\"Hem\",\"item\":\"https:\/\/blogg.svenskakyrkan.se\/insikten\/\"},{\"@type\":\"ListItem\",\"position\":2,\"name\":\"Tankar om diakoni\"}]},{\"@type\":\"WebSite\",\"@id\":\"https:\/\/blogg.svenskakyrkan.se\/insikten\/#website\",\"url\":\"https:\/\/blogg.svenskakyrkan.se\/insikten\/\",\"name\":\"Insikten - Floby pastorat\",\"description\":\"Insikter, utsikter och emellan\u00e5t \u00e4ven \u00e5sikter fr\u00e5n Floby pastorat i Skara stift.\",\"potentialAction\":[{\"@type\":\"SearchAction\",\"target\":{\"@type\":\"EntryPoint\",\"urlTemplate\":\"https:\/\/blogg.svenskakyrkan.se\/insikten\/?s={search_term_string}\"},\"query-input\":{\"@type\":\"PropertyValueSpecification\",\"valueRequired\":true,\"valueName\":\"search_term_string\"}}],\"inLanguage\":\"sv-SE\"},{\"@type\":\"Person\",\"@id\":\"https:\/\/blogg.svenskakyrkan.se\/insikten\/#\/schema\/person\/5081f68a0318ddb64c879f7bc416ce8c\",\"name\":\"Floby pastorat\",\"image\":{\"@type\":\"ImageObject\",\"inLanguage\":\"sv-SE\",\"@id\":\"https:\/\/blogg.svenskakyrkan.se\/insikten\/#\/schema\/person\/image\/\",\"url\":\"https:\/\/secure.gravatar.com\/avatar\/c63a9fd4196da95cea4408b67893dbdb9ec52ef568ee59a4578ad766986bebcd?s=96&d=mm&r=g\",\"contentUrl\":\"https:\/\/secure.gravatar.com\/avatar\/c63a9fd4196da95cea4408b67893dbdb9ec52ef568ee59a4578ad766986bebcd?s=96&d=mm&r=g\",\"caption\":\"Floby pastorat\"},\"url\":\"https:\/\/blogg.svenskakyrkan.se\/insikten\/author\/helenataubner\/\"}]}<\/script>\n<!-- \/ Yoast SEO plugin. -->","yoast_head_json":{"title":"Tankar om diakoni - Insikten - Floby pastorat","robots":{"index":"index","follow":"follow","max-snippet":"max-snippet:-1","max-image-preview":"max-image-preview:large","max-video-preview":"max-video-preview:-1"},"canonical":"https:\/\/blogg.svenskakyrkan.se\/insikten\/2021\/02\/06\/tankar-om-diakoni\/","og_locale":"sv_SE","og_type":"article","og_title":"Tankar om diakoni - Insikten - Floby pastorat","og_description":"Diakonen i den vita kragen, mossgr\u00f6na skjortan och med det symboliska emblemet runt halsen \u00e4r vi m\u00e5nga som k\u00e4nner igen. Men det \u00e4r kanske f\u00e4rre av oss som vet vad rollen inneb\u00e4r och vad ett diakonalt arbete handlar om. I en tid n\u00e4r v\u00e4rlden och m\u00e4nskligheten st\u00e5r i brand \u00e4r det mer aktuellt \u00e4n n\u00e5gonsin [&hellip;]","og_url":"https:\/\/blogg.svenskakyrkan.se\/insikten\/2021\/02\/06\/tankar-om-diakoni\/","og_site_name":"Insikten - Floby pastorat","article_published_time":"2021-02-06T13:57:46+00:00","article_modified_time":"2022-12-11T12:46:50+00:00","og_image":[{"width":864,"height":680,"url":"https:\/\/blogg.svenskakyrkan.se\/insikten\/files\/2021\/02\/Sk\u00e4rmavbild-2021-02-06-kl.-14.56.13.png","type":"image\/png"}],"author":"Floby pastorat","twitter_card":"summary_large_image","twitter_misc":{"Skriven av":"Floby pastorat","Ber\u00e4knad l\u00e4stid":"3 minuter"},"schema":{"@context":"https:\/\/schema.org","@graph":[{"@type":"Article","@id":"https:\/\/blogg.svenskakyrkan.se\/insikten\/2021\/02\/06\/tankar-om-diakoni\/#article","isPartOf":{"@id":"https:\/\/blogg.svenskakyrkan.se\/insikten\/2021\/02\/06\/tankar-om-diakoni\/"},"author":{"name":"Floby pastorat","@id":"https:\/\/blogg.svenskakyrkan.se\/insikten\/#\/schema\/person\/5081f68a0318ddb64c879f7bc416ce8c"},"headline":"Tankar om diakoni","datePublished":"2021-02-06T13:57:46+00:00","dateModified":"2022-12-11T12:46:50+00:00","mainEntityOfPage":{"@id":"https:\/\/blogg.svenskakyrkan.se\/insikten\/2021\/02\/06\/tankar-om-diakoni\/"},"wordCount":649,"commentCount":0,"image":{"@id":"https:\/\/blogg.svenskakyrkan.se\/insikten\/2021\/02\/06\/tankar-om-diakoni\/#primaryimage"},"thumbnailUrl":"https:\/\/blogg.svenskakyrkan.se\/insikten\/files\/2021\/02\/Sk\u00e4rmavbild-2021-02-06-kl.-14.56.13.png","articleSection":["Diakoni"],"inLanguage":"sv-SE","potentialAction":[{"@type":"CommentAction","name":"Comment","target":["https:\/\/blogg.svenskakyrkan.se\/insikten\/2021\/02\/06\/tankar-om-diakoni\/#respond"]}]},{"@type":"WebPage","@id":"https:\/\/blogg.svenskakyrkan.se\/insikten\/2021\/02\/06\/tankar-om-diakoni\/","url":"https:\/\/blogg.svenskakyrkan.se\/insikten\/2021\/02\/06\/tankar-om-diakoni\/","name":"Tankar om diakoni - Insikten - Floby pastorat","isPartOf":{"@id":"https:\/\/blogg.svenskakyrkan.se\/insikten\/#website"},"primaryImageOfPage":{"@id":"https:\/\/blogg.svenskakyrkan.se\/insikten\/2021\/02\/06\/tankar-om-diakoni\/#primaryimage"},"image":{"@id":"https:\/\/blogg.svenskakyrkan.se\/insikten\/2021\/02\/06\/tankar-om-diakoni\/#primaryimage"},"thumbnailUrl":"https:\/\/blogg.svenskakyrkan.se\/insikten\/files\/2021\/02\/Sk\u00e4rmavbild-2021-02-06-kl.-14.56.13.png","datePublished":"2021-02-06T13:57:46+00:00","dateModified":"2022-12-11T12:46:50+00:00","author":{"@id":"https:\/\/blogg.svenskakyrkan.se\/insikten\/#\/schema\/person\/5081f68a0318ddb64c879f7bc416ce8c"},"breadcrumb":{"@id":"https:\/\/blogg.svenskakyrkan.se\/insikten\/2021\/02\/06\/tankar-om-diakoni\/#breadcrumb"},"inLanguage":"sv-SE","potentialAction":[{"@type":"ReadAction","target":["https:\/\/blogg.svenskakyrkan.se\/insikten\/2021\/02\/06\/tankar-om-diakoni\/"]}]},{"@type":"ImageObject","inLanguage":"sv-SE","@id":"https:\/\/blogg.svenskakyrkan.se\/insikten\/2021\/02\/06\/tankar-om-diakoni\/#primaryimage","url":"https:\/\/blogg.svenskakyrkan.se\/insikten\/files\/2021\/02\/Sk\u00e4rmavbild-2021-02-06-kl.-14.56.13.png","contentUrl":"https:\/\/blogg.svenskakyrkan.se\/insikten\/files\/2021\/02\/Sk\u00e4rmavbild-2021-02-06-kl.-14.56.13.png","width":864,"height":680},{"@type":"BreadcrumbList","@id":"https:\/\/blogg.svenskakyrkan.se\/insikten\/2021\/02\/06\/tankar-om-diakoni\/#breadcrumb","itemListElement":[{"@type":"ListItem","position":1,"name":"Hem","item":"https:\/\/blogg.svenskakyrkan.se\/insikten\/"},{"@type":"ListItem","position":2,"name":"Tankar om diakoni"}]},{"@type":"WebSite","@id":"https:\/\/blogg.svenskakyrkan.se\/insikten\/#website","url":"https:\/\/blogg.svenskakyrkan.se\/insikten\/","name":"Insikten - Floby pastorat","description":"Insikter, utsikter och emellan\u00e5t \u00e4ven \u00e5sikter fr\u00e5n Floby pastorat i Skara stift.","potentialAction":[{"@type":"SearchAction","target":{"@type":"EntryPoint","urlTemplate":"https:\/\/blogg.svenskakyrkan.se\/insikten\/?s={search_term_string}"},"query-input":{"@type":"PropertyValueSpecification","valueRequired":true,"valueName":"search_term_string"}}],"inLanguage":"sv-SE"},{"@type":"Person","@id":"https:\/\/blogg.svenskakyrkan.se\/insikten\/#\/schema\/person\/5081f68a0318ddb64c879f7bc416ce8c","name":"Floby pastorat","image":{"@type":"ImageObject","inLanguage":"sv-SE","@id":"https:\/\/blogg.svenskakyrkan.se\/insikten\/#\/schema\/person\/image\/","url":"https:\/\/secure.gravatar.com\/avatar\/c63a9fd4196da95cea4408b67893dbdb9ec52ef568ee59a4578ad766986bebcd?s=96&d=mm&r=g","contentUrl":"https:\/\/secure.gravatar.com\/avatar\/c63a9fd4196da95cea4408b67893dbdb9ec52ef568ee59a4578ad766986bebcd?s=96&d=mm&r=g","caption":"Floby pastorat"},"url":"https:\/\/blogg.svenskakyrkan.se\/insikten\/author\/helenataubner\/"}]}},"author_meta":{"ID":"250","user_nicename":"helenataubner","user_registered":"2013-01-15 08:36:14","display_name":"Floby pastorat","avatar":"https:\/\/secure.gravatar.com\/avatar\/c63a9fd4196da95cea4408b67893dbdb9ec52ef568ee59a4578ad766986bebcd?s=96&d=mm&r=g"},"featured_image":["https:\/\/blogg.svenskakyrkan.se\/insikten\/files\/2021\/02\/Sk\u00e4rmavbild-2021-02-06-kl.-14.56.13.png",864,680,false],"bloginfo":{"name":"Insikten - Floby pastorat","url":"https:\/\/blogg.svenskakyrkan.se\/insikten"},"_links":{"self":[{"href":"https:\/\/blogg.svenskakyrkan.se\/insikten\/wp-json\/wp\/v2\/posts\/37","targetHints":{"allow":["GET"]}}],"collection":[{"href":"https:\/\/blogg.svenskakyrkan.se\/insikten\/wp-json\/wp\/v2\/posts"}],"about":[{"href":"https:\/\/blogg.svenskakyrkan.se\/insikten\/wp-json\/wp\/v2\/types\/post"}],"author":[{"embeddable":true,"href":"https:\/\/blogg.svenskakyrkan.se\/insikten\/wp-json\/wp\/v2\/users\/250"}],"replies":[{"embeddable":true,"href":"https:\/\/blogg.svenskakyrkan.se\/insikten\/wp-json\/wp\/v2\/comments?post=37"}],"version-history":[{"count":4,"href":"https:\/\/blogg.svenskakyrkan.se\/insikten\/wp-json\/wp\/v2\/posts\/37\/revisions"}],"predecessor-version":[{"id":230,"href":"https:\/\/blogg.svenskakyrkan.se\/insikten\/wp-json\/wp\/v2\/posts\/37\/revisions\/230"}],"wp:featuredmedia":[{"embeddable":true,"href":"https:\/\/blogg.svenskakyrkan.se\/insikten\/wp-json\/wp\/v2\/media\/38"}],"wp:attachment":[{"href":"https:\/\/blogg.svenskakyrkan.se\/insikten\/wp-json\/wp\/v2\/media?parent=37"}],"wp:term":[{"taxonomy":"category","embeddable":true,"href":"https:\/\/blogg.svenskakyrkan.se\/insikten\/wp-json\/wp\/v2\/categories?post=37"},{"taxonomy":"post_tag","embeddable":true,"href":"https:\/\/blogg.svenskakyrkan.se\/insikten\/wp-json\/wp\/v2\/tags?post=37"}],"curies":[{"name":"wp","href":"https:\/\/api.w.org\/{rel}","templated":true}]}}