{"id":43,"date":"2021-03-29T13:41:26","date_gmt":"2021-03-29T11:41:26","guid":{"rendered":"http:\/\/blogg.svenskakyrkan.se\/insikten\/?p=43"},"modified":"2022-12-11T13:43:36","modified_gmt":"2022-12-11T12:43:36","slug":"musikernas-favoritpaskpsalmer","status":"publish","type":"post","link":"https:\/\/blogg.svenskakyrkan.se\/insikten\/2021\/03\/29\/musikernas-favoritpaskpsalmer\/","title":{"rendered":"Musikernas favoritp\u00e5skpsalmer"},"content":{"rendered":"\n\n\n<p>Thomas, Christina och Jenny \u00e4r musiker i Floby pastorat. Nu n\u00e4rmar sig p\u00e5sken med psalmer om b\u00e5de m\u00f6rker och ljus. Vilka psalmer ber\u00f6r musikerna mest under p\u00e5sken?<\/p>\n\n\n\n<figure class=\"wp-block-image size-large\"><img loading=\"lazy\" decoding=\"async\" width=\"1024\" height=\"830\" src=\"https:\/\/blogg.svenskakyrkan.se\/insikten\/files\/2021\/03\/Sk\u00e4rmavbild-2021-03-29-kl.-13.24.49-1024x830.png\" alt=\"\" class=\"wp-image-45\" srcset=\"https:\/\/blogg.svenskakyrkan.se\/insikten\/files\/2021\/03\/Sk\u00e4rmavbild-2021-03-29-kl.-13.24.49-1024x830.png 1024w, https:\/\/blogg.svenskakyrkan.se\/insikten\/files\/2021\/03\/Sk\u00e4rmavbild-2021-03-29-kl.-13.24.49-300x243.png 300w, https:\/\/blogg.svenskakyrkan.se\/insikten\/files\/2021\/03\/Sk\u00e4rmavbild-2021-03-29-kl.-13.24.49-768x622.png 768w, https:\/\/blogg.svenskakyrkan.se\/insikten\/files\/2021\/03\/Sk\u00e4rmavbild-2021-03-29-kl.-13.24.49-1200x972.png 1200w, https:\/\/blogg.svenskakyrkan.se\/insikten\/files\/2021\/03\/Sk\u00e4rmavbild-2021-03-29-kl.-13.24.49.png 1234w\" sizes=\"auto, (max-width: 1024px) 100vw, 1024px\" \/><\/figure>\n\n\n\n<h2 class=\"wp-block-heading\">F\u00f6rtroendegivande text och festlig orgelmusik<\/h2>\n\n\n\n<p>Thomas, vilken \u00e4r din favorit bland p\u00e5skens psalmer? <\/p>\n\n\n\n<p>\u2013 Min p\u00e5skfavorit \u00e4r psalm 517, \u201dV\u00e4rlden som nu f\u00f6ds p\u00e5 nytt\u201d. Musiken skrevs av Johan Peter Emilius Hartmann \u00e5r 1861. Det \u00e4r en fin och glad melodi som man verkligen kan spela festligt med mycket orgel. Jag tycker ocks\u00e5 om texten, som \u00e4r h\u00e4rlig och f\u00f6rtroendegivande.<\/p>\n\n\n\n<figure class=\"wp-block-embed is-type-video is-provider-youtube wp-block-embed-youtube wp-embed-aspect-16-9 wp-has-aspect-ratio\"><div class=\"wp-block-embed__wrapper\">\n<iframe loading=\"lazy\" title=\"Psalm 517\" width=\"500\" height=\"281\" src=\"https:\/\/www.youtube.com\/embed\/fGwrH6c9ORA?feature=oembed\" frameborder=\"0\" allow=\"accelerometer; autoplay; clipboard-write; encrypted-media; gyroscope; picture-in-picture; web-share\" referrerpolicy=\"strict-origin-when-cross-origin\" allowfullscreen><\/iframe>\n<\/div><\/figure>\n\n\n\n<h2 class=\"wp-block-heading\">Jesus r\u00e4cker ut sin hand<\/h2>\n\n\n\n<p>Jenny, vilken p\u00e5skpsalm&nbsp;tycker du b\u00e4st om?<\/p>\n\n\n\n<p>\u2013 En favoritpsalm \u00e4r nummer 473, \u201dDu r\u00e4ckte ut din hand\u201d. Visst \u00e4r det h\u00e4rligt att sjunga n\u00e5got pampigt och segervisst. Kristus lever! Men om jag k\u00e4mpar med mig sj\u00e4lv, med tvivel och oro, kan jag beh\u00f6va bli m\u00f6tt just d\u00e4r. Jesus r\u00e4cker ut sin hand till mig, i mitt m\u00f6rker. Sedan \u00e4r jag nog ocks\u00e5 lite svag f\u00f6r det melankoliska.&nbsp;<\/p>\n\n\n\n<figure class=\"wp-block-embed is-type-video is-provider-youtube wp-block-embed-youtube wp-embed-aspect-16-9 wp-has-aspect-ratio\"><div class=\"wp-block-embed__wrapper\">\n<iframe loading=\"lazy\" title=\"Du r\u00e4ckte ut din hand (psalm 473)\" width=\"500\" height=\"281\" src=\"https:\/\/www.youtube.com\/embed\/tH8wsF7qBFA?feature=oembed\" frameborder=\"0\" allow=\"accelerometer; autoplay; clipboard-write; encrypted-media; gyroscope; picture-in-picture; web-share\" referrerpolicy=\"strict-origin-when-cross-origin\" allowfullscreen><\/iframe>\n<\/div><\/figure>\n\n\n\n<h2 class=\"wp-block-heading\">Sprudlande gl\u00e4dje<\/h2>\n\n\n\n<p>Christina, vilken \u00e4r din favorit?&nbsp;<\/p>\n\n\n\n<p>\u2013 P\u00e5skpsalmen 154 \u201dDina h\u00e4nder \u00e4r fulla av blommor\u201d tycker jag mycket om. Texten inneh\u00e5ller s\u00e5 vackra bilder: h\u00e4nder fulla av blommor, l\u00e4ppar fyllda av s\u00e5nger och \u00f6gon fyllda av gl\u00e4dje. Och s\u00e5 den sprudlande gl\u00e4djen i hallelujaropen i slutet av varje vers.&nbsp;<\/p>\n\n\n\n<p>\u2013 Den enda nackdelen med de \u00e5tta takter l\u00e5nga hallelujaropen \u00e4r att kantorn kan bli lite vilsen!&nbsp; Var det nu tredje eller fj\u00e4rde versen vi sj\u00f6ng? Det h\u00e4nde mig en g\u00e5ng. Jag chansade p\u00e5 att vi hade en vers kvar och det st\u00e4mde!<\/p>\n\n\n\n<figure class=\"wp-block-embed is-type-video is-provider-youtube wp-block-embed-youtube wp-embed-aspect-16-9 wp-has-aspect-ratio\"><div class=\"wp-block-embed__wrapper\">\n<iframe loading=\"lazy\" title=\"Dina h\u00e4nder \u00e4r fulla av blommor\" width=\"500\" height=\"281\" src=\"https:\/\/www.youtube.com\/embed\/7bN-tKxYMe4?feature=oembed\" frameborder=\"0\" allow=\"accelerometer; autoplay; clipboard-write; encrypted-media; gyroscope; picture-in-picture; web-share\" referrerpolicy=\"strict-origin-when-cross-origin\" allowfullscreen><\/iframe>\n<\/div><\/figure>\n","protected":false},"excerpt":{"rendered":"<p>Thomas, Christina och Jenny \u00e4r musiker i Floby pastorat. Nu n\u00e4rmar sig p\u00e5sken med psalmer om b\u00e5de m\u00f6rker och ljus. Vilka psalmer ber\u00f6r musikerna mest under p\u00e5sken? F\u00f6rtroendegivande text och festlig orgelmusik Thomas, vilken \u00e4r din favorit bland p\u00e5skens psalmer? \u2013 Min p\u00e5skfavorit \u00e4r psalm 517, \u201dV\u00e4rlden som nu f\u00f6ds p\u00e5 nytt\u201d. Musiken skrevs av [&hellip;]<\/p>\n","protected":false},"author":250,"featured_media":45,"comment_status":"open","ping_status":"open","sticky":false,"template":"","format":"standard","meta":{"_acf_changed":false,"footnotes":""},"categories":[11,4],"tags":[],"class_list":["post-43","post","type-post","status-publish","format-standard","has-post-thumbnail","hentry","category-musik","category-pask"],"acf":[],"yoast_head":"<!-- This site is optimized with the Yoast SEO plugin v27.1.1 - https:\/\/yoast.com\/product\/yoast-seo-wordpress\/ -->\n<title>Musikernas favoritp\u00e5skpsalmer - Insikten - Floby pastorat<\/title>\n<meta name=\"robots\" content=\"index, follow, max-snippet:-1, max-image-preview:large, max-video-preview:-1\" \/>\n<link rel=\"canonical\" href=\"https:\/\/blogg.svenskakyrkan.se\/insikten\/2021\/03\/29\/musikernas-favoritpaskpsalmer\/\" \/>\n<meta property=\"og:locale\" content=\"sv_SE\" \/>\n<meta property=\"og:type\" content=\"article\" \/>\n<meta property=\"og:title\" content=\"Musikernas favoritp\u00e5skpsalmer - Insikten - Floby pastorat\" \/>\n<meta property=\"og:description\" content=\"Thomas, Christina och Jenny \u00e4r musiker i Floby pastorat. Nu n\u00e4rmar sig p\u00e5sken med psalmer om b\u00e5de m\u00f6rker och ljus. Vilka psalmer ber\u00f6r musikerna mest under p\u00e5sken? F\u00f6rtroendegivande text och festlig orgelmusik Thomas, vilken \u00e4r din favorit bland p\u00e5skens psalmer? \u2013 Min p\u00e5skfavorit \u00e4r psalm 517, \u201dV\u00e4rlden som nu f\u00f6ds p\u00e5 nytt\u201d. Musiken skrevs av [&hellip;]\" \/>\n<meta property=\"og:url\" content=\"https:\/\/blogg.svenskakyrkan.se\/insikten\/2021\/03\/29\/musikernas-favoritpaskpsalmer\/\" \/>\n<meta property=\"og:site_name\" content=\"Insikten - Floby pastorat\" \/>\n<meta property=\"article:published_time\" content=\"2021-03-29T11:41:26+00:00\" \/>\n<meta property=\"article:modified_time\" content=\"2022-12-11T12:43:36+00:00\" \/>\n<meta property=\"og:image\" content=\"https:\/\/blogg.svenskakyrkan.se\/insikten\/files\/2021\/03\/Sk\u00e4rmavbild-2021-03-29-kl.-13.24.49-1024x830.png\" \/>\n\t<meta property=\"og:image:width\" content=\"1024\" \/>\n\t<meta property=\"og:image:height\" content=\"830\" \/>\n\t<meta property=\"og:image:type\" content=\"image\/png\" \/>\n<meta name=\"author\" content=\"Floby pastorat\" \/>\n<meta name=\"twitter:card\" content=\"summary_large_image\" \/>\n<meta name=\"twitter:label1\" content=\"Skriven av\" \/>\n\t<meta name=\"twitter:data1\" content=\"Floby pastorat\" \/>\n\t<meta name=\"twitter:label2\" content=\"Ber\u00e4knad l\u00e4stid\" \/>\n\t<meta name=\"twitter:data2\" content=\"2 minuter\" \/>\n<script type=\"application\/ld+json\" class=\"yoast-schema-graph\">{\"@context\":\"https:\/\/schema.org\",\"@graph\":[{\"@type\":\"Article\",\"@id\":\"https:\/\/blogg.svenskakyrkan.se\/insikten\/2021\/03\/29\/musikernas-favoritpaskpsalmer\/#article\",\"isPartOf\":{\"@id\":\"https:\/\/blogg.svenskakyrkan.se\/insikten\/2021\/03\/29\/musikernas-favoritpaskpsalmer\/\"},\"author\":{\"name\":\"Floby pastorat\",\"@id\":\"https:\/\/blogg.svenskakyrkan.se\/insikten\/#\/schema\/person\/5081f68a0318ddb64c879f7bc416ce8c\"},\"headline\":\"Musikernas favoritp\u00e5skpsalmer\",\"datePublished\":\"2021-03-29T11:41:26+00:00\",\"dateModified\":\"2022-12-11T12:43:36+00:00\",\"mainEntityOfPage\":{\"@id\":\"https:\/\/blogg.svenskakyrkan.se\/insikten\/2021\/03\/29\/musikernas-favoritpaskpsalmer\/\"},\"wordCount\":311,\"commentCount\":0,\"image\":{\"@id\":\"https:\/\/blogg.svenskakyrkan.se\/insikten\/2021\/03\/29\/musikernas-favoritpaskpsalmer\/#primaryimage\"},\"thumbnailUrl\":\"https:\/\/blogg.svenskakyrkan.se\/insikten\/files\/2021\/03\/Sk\u00e4rmavbild-2021-03-29-kl.-13.24.49.png\",\"articleSection\":[\"Musik\",\"P\u00e5sk\"],\"inLanguage\":\"sv-SE\",\"potentialAction\":[{\"@type\":\"CommentAction\",\"name\":\"Comment\",\"target\":[\"https:\/\/blogg.svenskakyrkan.se\/insikten\/2021\/03\/29\/musikernas-favoritpaskpsalmer\/#respond\"]}]},{\"@type\":\"WebPage\",\"@id\":\"https:\/\/blogg.svenskakyrkan.se\/insikten\/2021\/03\/29\/musikernas-favoritpaskpsalmer\/\",\"url\":\"https:\/\/blogg.svenskakyrkan.se\/insikten\/2021\/03\/29\/musikernas-favoritpaskpsalmer\/\",\"name\":\"Musikernas favoritp\u00e5skpsalmer - Insikten - Floby pastorat\",\"isPartOf\":{\"@id\":\"https:\/\/blogg.svenskakyrkan.se\/insikten\/#website\"},\"primaryImageOfPage\":{\"@id\":\"https:\/\/blogg.svenskakyrkan.se\/insikten\/2021\/03\/29\/musikernas-favoritpaskpsalmer\/#primaryimage\"},\"image\":{\"@id\":\"https:\/\/blogg.svenskakyrkan.se\/insikten\/2021\/03\/29\/musikernas-favoritpaskpsalmer\/#primaryimage\"},\"thumbnailUrl\":\"https:\/\/blogg.svenskakyrkan.se\/insikten\/files\/2021\/03\/Sk\u00e4rmavbild-2021-03-29-kl.-13.24.49.png\",\"datePublished\":\"2021-03-29T11:41:26+00:00\",\"dateModified\":\"2022-12-11T12:43:36+00:00\",\"author\":{\"@id\":\"https:\/\/blogg.svenskakyrkan.se\/insikten\/#\/schema\/person\/5081f68a0318ddb64c879f7bc416ce8c\"},\"breadcrumb\":{\"@id\":\"https:\/\/blogg.svenskakyrkan.se\/insikten\/2021\/03\/29\/musikernas-favoritpaskpsalmer\/#breadcrumb\"},\"inLanguage\":\"sv-SE\",\"potentialAction\":[{\"@type\":\"ReadAction\",\"target\":[\"https:\/\/blogg.svenskakyrkan.se\/insikten\/2021\/03\/29\/musikernas-favoritpaskpsalmer\/\"]}]},{\"@type\":\"ImageObject\",\"inLanguage\":\"sv-SE\",\"@id\":\"https:\/\/blogg.svenskakyrkan.se\/insikten\/2021\/03\/29\/musikernas-favoritpaskpsalmer\/#primaryimage\",\"url\":\"https:\/\/blogg.svenskakyrkan.se\/insikten\/files\/2021\/03\/Sk\u00e4rmavbild-2021-03-29-kl.-13.24.49.png\",\"contentUrl\":\"https:\/\/blogg.svenskakyrkan.se\/insikten\/files\/2021\/03\/Sk\u00e4rmavbild-2021-03-29-kl.-13.24.49.png\",\"width\":1234,\"height\":1000},{\"@type\":\"BreadcrumbList\",\"@id\":\"https:\/\/blogg.svenskakyrkan.se\/insikten\/2021\/03\/29\/musikernas-favoritpaskpsalmer\/#breadcrumb\",\"itemListElement\":[{\"@type\":\"ListItem\",\"position\":1,\"name\":\"Hem\",\"item\":\"https:\/\/blogg.svenskakyrkan.se\/insikten\/\"},{\"@type\":\"ListItem\",\"position\":2,\"name\":\"Musikernas favoritp\u00e5skpsalmer\"}]},{\"@type\":\"WebSite\",\"@id\":\"https:\/\/blogg.svenskakyrkan.se\/insikten\/#website\",\"url\":\"https:\/\/blogg.svenskakyrkan.se\/insikten\/\",\"name\":\"Insikten - Floby pastorat\",\"description\":\"Insikter, utsikter och emellan\u00e5t \u00e4ven \u00e5sikter fr\u00e5n Floby pastorat i Skara stift.\",\"potentialAction\":[{\"@type\":\"SearchAction\",\"target\":{\"@type\":\"EntryPoint\",\"urlTemplate\":\"https:\/\/blogg.svenskakyrkan.se\/insikten\/?s={search_term_string}\"},\"query-input\":{\"@type\":\"PropertyValueSpecification\",\"valueRequired\":true,\"valueName\":\"search_term_string\"}}],\"inLanguage\":\"sv-SE\"},{\"@type\":\"Person\",\"@id\":\"https:\/\/blogg.svenskakyrkan.se\/insikten\/#\/schema\/person\/5081f68a0318ddb64c879f7bc416ce8c\",\"name\":\"Floby pastorat\",\"image\":{\"@type\":\"ImageObject\",\"inLanguage\":\"sv-SE\",\"@id\":\"https:\/\/blogg.svenskakyrkan.se\/insikten\/#\/schema\/person\/image\/\",\"url\":\"https:\/\/secure.gravatar.com\/avatar\/c63a9fd4196da95cea4408b67893dbdb9ec52ef568ee59a4578ad766986bebcd?s=96&d=mm&r=g\",\"contentUrl\":\"https:\/\/secure.gravatar.com\/avatar\/c63a9fd4196da95cea4408b67893dbdb9ec52ef568ee59a4578ad766986bebcd?s=96&d=mm&r=g\",\"caption\":\"Floby pastorat\"},\"url\":\"https:\/\/blogg.svenskakyrkan.se\/insikten\/author\/helenataubner\/\"}]}<\/script>\n<!-- \/ Yoast SEO plugin. -->","yoast_head_json":{"title":"Musikernas favoritp\u00e5skpsalmer - Insikten - Floby pastorat","robots":{"index":"index","follow":"follow","max-snippet":"max-snippet:-1","max-image-preview":"max-image-preview:large","max-video-preview":"max-video-preview:-1"},"canonical":"https:\/\/blogg.svenskakyrkan.se\/insikten\/2021\/03\/29\/musikernas-favoritpaskpsalmer\/","og_locale":"sv_SE","og_type":"article","og_title":"Musikernas favoritp\u00e5skpsalmer - Insikten - Floby pastorat","og_description":"Thomas, Christina och Jenny \u00e4r musiker i Floby pastorat. Nu n\u00e4rmar sig p\u00e5sken med psalmer om b\u00e5de m\u00f6rker och ljus. Vilka psalmer ber\u00f6r musikerna mest under p\u00e5sken? F\u00f6rtroendegivande text och festlig orgelmusik Thomas, vilken \u00e4r din favorit bland p\u00e5skens psalmer? \u2013 Min p\u00e5skfavorit \u00e4r psalm 517, \u201dV\u00e4rlden som nu f\u00f6ds p\u00e5 nytt\u201d. Musiken skrevs av [&hellip;]","og_url":"https:\/\/blogg.svenskakyrkan.se\/insikten\/2021\/03\/29\/musikernas-favoritpaskpsalmer\/","og_site_name":"Insikten - Floby pastorat","article_published_time":"2021-03-29T11:41:26+00:00","article_modified_time":"2022-12-11T12:43:36+00:00","og_image":[{"width":1024,"height":830,"url":"https:\/\/blogg.svenskakyrkan.se\/insikten\/files\/2021\/03\/Sk\u00e4rmavbild-2021-03-29-kl.-13.24.49-1024x830.png","type":"image\/png"}],"author":"Floby pastorat","twitter_card":"summary_large_image","twitter_misc":{"Skriven av":"Floby pastorat","Ber\u00e4knad l\u00e4stid":"2 minuter"},"schema":{"@context":"https:\/\/schema.org","@graph":[{"@type":"Article","@id":"https:\/\/blogg.svenskakyrkan.se\/insikten\/2021\/03\/29\/musikernas-favoritpaskpsalmer\/#article","isPartOf":{"@id":"https:\/\/blogg.svenskakyrkan.se\/insikten\/2021\/03\/29\/musikernas-favoritpaskpsalmer\/"},"author":{"name":"Floby pastorat","@id":"https:\/\/blogg.svenskakyrkan.se\/insikten\/#\/schema\/person\/5081f68a0318ddb64c879f7bc416ce8c"},"headline":"Musikernas favoritp\u00e5skpsalmer","datePublished":"2021-03-29T11:41:26+00:00","dateModified":"2022-12-11T12:43:36+00:00","mainEntityOfPage":{"@id":"https:\/\/blogg.svenskakyrkan.se\/insikten\/2021\/03\/29\/musikernas-favoritpaskpsalmer\/"},"wordCount":311,"commentCount":0,"image":{"@id":"https:\/\/blogg.svenskakyrkan.se\/insikten\/2021\/03\/29\/musikernas-favoritpaskpsalmer\/#primaryimage"},"thumbnailUrl":"https:\/\/blogg.svenskakyrkan.se\/insikten\/files\/2021\/03\/Sk\u00e4rmavbild-2021-03-29-kl.-13.24.49.png","articleSection":["Musik","P\u00e5sk"],"inLanguage":"sv-SE","potentialAction":[{"@type":"CommentAction","name":"Comment","target":["https:\/\/blogg.svenskakyrkan.se\/insikten\/2021\/03\/29\/musikernas-favoritpaskpsalmer\/#respond"]}]},{"@type":"WebPage","@id":"https:\/\/blogg.svenskakyrkan.se\/insikten\/2021\/03\/29\/musikernas-favoritpaskpsalmer\/","url":"https:\/\/blogg.svenskakyrkan.se\/insikten\/2021\/03\/29\/musikernas-favoritpaskpsalmer\/","name":"Musikernas favoritp\u00e5skpsalmer - Insikten - Floby pastorat","isPartOf":{"@id":"https:\/\/blogg.svenskakyrkan.se\/insikten\/#website"},"primaryImageOfPage":{"@id":"https:\/\/blogg.svenskakyrkan.se\/insikten\/2021\/03\/29\/musikernas-favoritpaskpsalmer\/#primaryimage"},"image":{"@id":"https:\/\/blogg.svenskakyrkan.se\/insikten\/2021\/03\/29\/musikernas-favoritpaskpsalmer\/#primaryimage"},"thumbnailUrl":"https:\/\/blogg.svenskakyrkan.se\/insikten\/files\/2021\/03\/Sk\u00e4rmavbild-2021-03-29-kl.-13.24.49.png","datePublished":"2021-03-29T11:41:26+00:00","dateModified":"2022-12-11T12:43:36+00:00","author":{"@id":"https:\/\/blogg.svenskakyrkan.se\/insikten\/#\/schema\/person\/5081f68a0318ddb64c879f7bc416ce8c"},"breadcrumb":{"@id":"https:\/\/blogg.svenskakyrkan.se\/insikten\/2021\/03\/29\/musikernas-favoritpaskpsalmer\/#breadcrumb"},"inLanguage":"sv-SE","potentialAction":[{"@type":"ReadAction","target":["https:\/\/blogg.svenskakyrkan.se\/insikten\/2021\/03\/29\/musikernas-favoritpaskpsalmer\/"]}]},{"@type":"ImageObject","inLanguage":"sv-SE","@id":"https:\/\/blogg.svenskakyrkan.se\/insikten\/2021\/03\/29\/musikernas-favoritpaskpsalmer\/#primaryimage","url":"https:\/\/blogg.svenskakyrkan.se\/insikten\/files\/2021\/03\/Sk\u00e4rmavbild-2021-03-29-kl.-13.24.49.png","contentUrl":"https:\/\/blogg.svenskakyrkan.se\/insikten\/files\/2021\/03\/Sk\u00e4rmavbild-2021-03-29-kl.-13.24.49.png","width":1234,"height":1000},{"@type":"BreadcrumbList","@id":"https:\/\/blogg.svenskakyrkan.se\/insikten\/2021\/03\/29\/musikernas-favoritpaskpsalmer\/#breadcrumb","itemListElement":[{"@type":"ListItem","position":1,"name":"Hem","item":"https:\/\/blogg.svenskakyrkan.se\/insikten\/"},{"@type":"ListItem","position":2,"name":"Musikernas favoritp\u00e5skpsalmer"}]},{"@type":"WebSite","@id":"https:\/\/blogg.svenskakyrkan.se\/insikten\/#website","url":"https:\/\/blogg.svenskakyrkan.se\/insikten\/","name":"Insikten - Floby pastorat","description":"Insikter, utsikter och emellan\u00e5t \u00e4ven \u00e5sikter fr\u00e5n Floby pastorat i Skara stift.","potentialAction":[{"@type":"SearchAction","target":{"@type":"EntryPoint","urlTemplate":"https:\/\/blogg.svenskakyrkan.se\/insikten\/?s={search_term_string}"},"query-input":{"@type":"PropertyValueSpecification","valueRequired":true,"valueName":"search_term_string"}}],"inLanguage":"sv-SE"},{"@type":"Person","@id":"https:\/\/blogg.svenskakyrkan.se\/insikten\/#\/schema\/person\/5081f68a0318ddb64c879f7bc416ce8c","name":"Floby pastorat","image":{"@type":"ImageObject","inLanguage":"sv-SE","@id":"https:\/\/blogg.svenskakyrkan.se\/insikten\/#\/schema\/person\/image\/","url":"https:\/\/secure.gravatar.com\/avatar\/c63a9fd4196da95cea4408b67893dbdb9ec52ef568ee59a4578ad766986bebcd?s=96&d=mm&r=g","contentUrl":"https:\/\/secure.gravatar.com\/avatar\/c63a9fd4196da95cea4408b67893dbdb9ec52ef568ee59a4578ad766986bebcd?s=96&d=mm&r=g","caption":"Floby pastorat"},"url":"https:\/\/blogg.svenskakyrkan.se\/insikten\/author\/helenataubner\/"}]}},"author_meta":{"ID":"250","user_nicename":"helenataubner","user_registered":"2013-01-15 08:36:14","display_name":"Floby pastorat","avatar":"https:\/\/secure.gravatar.com\/avatar\/c63a9fd4196da95cea4408b67893dbdb9ec52ef568ee59a4578ad766986bebcd?s=96&d=mm&r=g"},"featured_image":["https:\/\/blogg.svenskakyrkan.se\/insikten\/files\/2021\/03\/Sk\u00e4rmavbild-2021-03-29-kl.-13.24.49-1024x830.png",1024,830,true],"bloginfo":{"name":"Insikten - Floby pastorat","url":"https:\/\/blogg.svenskakyrkan.se\/insikten"},"_links":{"self":[{"href":"https:\/\/blogg.svenskakyrkan.se\/insikten\/wp-json\/wp\/v2\/posts\/43","targetHints":{"allow":["GET"]}}],"collection":[{"href":"https:\/\/blogg.svenskakyrkan.se\/insikten\/wp-json\/wp\/v2\/posts"}],"about":[{"href":"https:\/\/blogg.svenskakyrkan.se\/insikten\/wp-json\/wp\/v2\/types\/post"}],"author":[{"embeddable":true,"href":"https:\/\/blogg.svenskakyrkan.se\/insikten\/wp-json\/wp\/v2\/users\/250"}],"replies":[{"embeddable":true,"href":"https:\/\/blogg.svenskakyrkan.se\/insikten\/wp-json\/wp\/v2\/comments?post=43"}],"version-history":[{"count":5,"href":"https:\/\/blogg.svenskakyrkan.se\/insikten\/wp-json\/wp\/v2\/posts\/43\/revisions"}],"predecessor-version":[{"id":228,"href":"https:\/\/blogg.svenskakyrkan.se\/insikten\/wp-json\/wp\/v2\/posts\/43\/revisions\/228"}],"wp:featuredmedia":[{"embeddable":true,"href":"https:\/\/blogg.svenskakyrkan.se\/insikten\/wp-json\/wp\/v2\/media\/45"}],"wp:attachment":[{"href":"https:\/\/blogg.svenskakyrkan.se\/insikten\/wp-json\/wp\/v2\/media?parent=43"}],"wp:term":[{"taxonomy":"category","embeddable":true,"href":"https:\/\/blogg.svenskakyrkan.se\/insikten\/wp-json\/wp\/v2\/categories?post=43"},{"taxonomy":"post_tag","embeddable":true,"href":"https:\/\/blogg.svenskakyrkan.se\/insikten\/wp-json\/wp\/v2\/tags?post=43"}],"curies":[{"name":"wp","href":"https:\/\/api.w.org\/{rel}","templated":true}]}}