{"id":48,"date":"2021-03-29T14:07:57","date_gmt":"2021-03-29T12:07:57","guid":{"rendered":"http:\/\/blogg.svenskakyrkan.se\/insikten\/?p=48"},"modified":"2021-03-29T14:07:59","modified_gmt":"2021-03-29T12:07:59","slug":"paskvandring","status":"publish","type":"post","link":"https:\/\/blogg.svenskakyrkan.se\/insikten\/2021\/03\/29\/paskvandring\/","title":{"rendered":"P\u00e5skvandring"},"content":{"rendered":"\n\n\n<p>Under m\u00e5nga \u00e5r har pastoratet satt upp en p\u00e5skvandring, f\u00f6rst i Floby kyrka och p\u00e5 senare tid i Kyrkans hus. Med god hj\u00e4lp av vaktm\u00e4stare och f\u00f6rsamlingspersonal har milj\u00f6er byggts upp och vi har kunnat ta emot \u00e5rskurs 5 under en f\u00f6rmiddag. N\u00e5gra \u00e5r har vi \u00e4ven bjudit in p\u00e5 kv\u00e4llen, i grupper om 20, som kunnat g\u00e5 vandringen. Under pandemin kan vi inte genomf\u00f6ra vandringen som vanligt, men vi kan \u00e4nd\u00e5 uppleva den tillsammans. F\u00f6lj med! <\/p>\n\n\n\n<h2 class=\"wp-block-heading\"><strong>Hosianna-ropen och sista m\u00e5ltiden<\/strong><\/h2>\n\n\n\n<figure class=\"wp-block-image size-large\"><img loading=\"lazy\" decoding=\"async\" width=\"1024\" height=\"550\" src=\"http:\/\/blogg.svenskakyrkan.se\/insikten\/files\/2021\/03\/Sk\u00e4rmavbild-2021-03-29-kl.-13.56.23-1024x550.jpg\" alt=\"\" class=\"wp-image-49\" srcset=\"https:\/\/blogg.svenskakyrkan.se\/insikten\/files\/2021\/03\/Sk\u00e4rmavbild-2021-03-29-kl.-13.56.23-1024x550.jpg 1024w, https:\/\/blogg.svenskakyrkan.se\/insikten\/files\/2021\/03\/Sk\u00e4rmavbild-2021-03-29-kl.-13.56.23-300x161.jpg 300w, https:\/\/blogg.svenskakyrkan.se\/insikten\/files\/2021\/03\/Sk\u00e4rmavbild-2021-03-29-kl.-13.56.23-768x413.jpg 768w, https:\/\/blogg.svenskakyrkan.se\/insikten\/files\/2021\/03\/Sk\u00e4rmavbild-2021-03-29-kl.-13.56.23-1536x826.jpg 1536w, https:\/\/blogg.svenskakyrkan.se\/insikten\/files\/2021\/03\/Sk\u00e4rmavbild-2021-03-29-kl.-13.56.23-2048x1101.jpg 2048w, https:\/\/blogg.svenskakyrkan.se\/insikten\/files\/2021\/03\/Sk\u00e4rmavbild-2021-03-29-kl.-13.56.23-1200x645.jpg 1200w\" sizes=\"auto, (max-width: 1024px) 100vw, 1024px\" \/><figcaption>Snart rider Jesus in i Jerusalem &#8211; Hosianna!<\/figcaption><\/figure>\n\n\n\n<p>P\u00e5 Palms\u00f6ndagen rider Jesus in i Jerusalem under folkets jubel. Hosianna-ropen skallar. Han kommer \u00f6dmjukt ridande p\u00e5 en \u00e5sna, inte p\u00e5 en h\u00e4st som en kung. Men s\u00e5 kommer han in i templet och f\u00e5r se all kommers och blir helt tokig. Han river m\u00e5nglarnas bord och skriker \u00e5t folkhopen: \u201dDetta \u00e4r ett b\u00f6nens hus. Ni har f\u00f6rd\u00e4rvat min Faders hus.\u201d<\/p>\n\n\n\n<p>N\u00e5gra dagar g\u00e5r och det blir dags att fira p\u00e5skm\u00e5ltid. Jesus skickar iv\u00e4g n\u00e5gra l\u00e4rjungar att f\u00f6rbereda m\u00e5ltiden. De ska f\u00f6lja en man med en kruka. Han ska leda dem till ett rum som \u00e4r iordningst\u00e4llt. Jesus kommer med resten av l\u00e4rjungarna och de sl\u00e5r sig ner.\u00a0<\/p>\n\n\n\n<p>Under m\u00e5ltiden f\u00f6rklarar han att Judas ska f\u00f6rr\u00e5da honom och att Petrus ska f\u00f6rneka honom, samma natt innan tuppen gal. Han delar br\u00f6d och vin och fast l\u00e4rjungarna inte f\u00f6rst\u00e5r ber han dem att p\u00e5 detta s\u00e4tt komma ih\u00e5g honom. Detta \u00e4r hans sista m\u00e5ltid tillsammans med dem.<\/p>\n\n\n\n<figure class=\"wp-block-image size-large\"><img loading=\"lazy\" decoding=\"async\" width=\"1024\" height=\"940\" src=\"https:\/\/blogg.svenskakyrkan.se\/insikten\/files\/2021\/03\/Sk\u00e4rmavbild-2021-03-29-kl.-13.56.45-1024x940.jpg\" alt=\"\" class=\"wp-image-50\" srcset=\"https:\/\/blogg.svenskakyrkan.se\/insikten\/files\/2021\/03\/Sk\u00e4rmavbild-2021-03-29-kl.-13.56.45-1024x940.jpg 1024w, https:\/\/blogg.svenskakyrkan.se\/insikten\/files\/2021\/03\/Sk\u00e4rmavbild-2021-03-29-kl.-13.56.45-300x275.jpg 300w, https:\/\/blogg.svenskakyrkan.se\/insikten\/files\/2021\/03\/Sk\u00e4rmavbild-2021-03-29-kl.-13.56.45-768x705.jpg 768w, https:\/\/blogg.svenskakyrkan.se\/insikten\/files\/2021\/03\/Sk\u00e4rmavbild-2021-03-29-kl.-13.56.45-1536x1411.jpg 1536w, https:\/\/blogg.svenskakyrkan.se\/insikten\/files\/2021\/03\/Sk\u00e4rmavbild-2021-03-29-kl.-13.56.45-2048x1881.jpg 2048w, https:\/\/blogg.svenskakyrkan.se\/insikten\/files\/2021\/03\/Sk\u00e4rmavbild-2021-03-29-kl.-13.56.45-1200x1102.jpg 1200w\" sizes=\"auto, (max-width: 1024px) 100vw, 1024px\" \/><figcaption>Jesus och l\u00e4rjungarna \u00e4ter den sista m\u00e5ltiden tillsammans.<\/figcaption><\/figure>\n\n\n\n<h2 class=\"wp-block-heading\"><strong>Getsemane och korsf\u00e4stelsen<\/strong><\/h2>\n\n\n\n<p>Jesus g\u00e5r till Getsemane och l\u00e4rjungarna f\u00f6ljer honom dit. D\u00e4r faller l\u00e4rjungarna i s\u00f6mn medan Jesus ber. Han f\u00f6rs\u00f6ker v\u00e4cka dem flera g\u00e5nger men de somnar om.\u00a0 Pl\u00f6tsligt h\u00f6rs klamp och soldater t\u00e5gar in. I spetsen g\u00e5r Judas, som pekar ut Jesus med en kyss och soldaterna tar honom till f\u00e5nga.<\/p>\n\n\n\n<figure class=\"wp-block-image size-large\"><img loading=\"lazy\" decoding=\"async\" width=\"1024\" height=\"919\" src=\"https:\/\/blogg.svenskakyrkan.se\/insikten\/files\/2021\/03\/Sk\u00e4rmavbild-2021-03-29-kl.-14.02.55-1024x919.jpg\" alt=\"\" class=\"wp-image-51\" srcset=\"https:\/\/blogg.svenskakyrkan.se\/insikten\/files\/2021\/03\/Sk\u00e4rmavbild-2021-03-29-kl.-14.02.55-1024x919.jpg 1024w, https:\/\/blogg.svenskakyrkan.se\/insikten\/files\/2021\/03\/Sk\u00e4rmavbild-2021-03-29-kl.-14.02.55-300x269.jpg 300w, https:\/\/blogg.svenskakyrkan.se\/insikten\/files\/2021\/03\/Sk\u00e4rmavbild-2021-03-29-kl.-14.02.55-768x690.jpg 768w, https:\/\/blogg.svenskakyrkan.se\/insikten\/files\/2021\/03\/Sk\u00e4rmavbild-2021-03-29-kl.-14.02.55-1536x1379.jpg 1536w, https:\/\/blogg.svenskakyrkan.se\/insikten\/files\/2021\/03\/Sk\u00e4rmavbild-2021-03-29-kl.-14.02.55-1200x1077.jpg 1200w, https:\/\/blogg.svenskakyrkan.se\/insikten\/files\/2021\/03\/Sk\u00e4rmavbild-2021-03-29-kl.-14.02.55.jpg 1898w\" sizes=\"auto, (max-width: 1024px) 100vw, 1024px\" \/><figcaption>Jesus v\u00e4cker l\u00e4rjungarna i Getsemane.<\/figcaption><\/figure>\n\n\n\n<p>Jesus st\u00e4lls till svars f\u00f6r sina handlingar och p\u00e5st\u00e5endet att han \u00e4r Guds son. Med hj\u00e4lp av folket f\u00e5r stora r\u00e5det Jesus d\u00f6md till d\u00f6den: att spikas upp p\u00e5 ett kors f\u00f6r att f\u00f6rbl\u00f6da. Under piskrapp och slag f\u00e5r han sj\u00e4lv sl\u00e4pa sitt kors genom gatorna till Golgata kulle. Soldaterna sliter av honom hans kl\u00e4der, s\u00e4tter p\u00e5 honom en t\u00f6rnekrona och skriver en skylt med texten \u201dJudarnas kung\u201d. Tv\u00e5 r\u00f6vare korsf\u00e4sts samtidigt med Jesus. Den ene h\u00e5nar honom men den andre inser att Jesus inte gjort n\u00e5got ont och ber att Jesus ska t\u00e4nka p\u00e5 honom n\u00e4r han kommer till sitt rike. \u201dRedan i dag ska du vara med mig i paradiset\u201d, svarar Jesus.<\/p>\n\n\n\n<figure class=\"wp-block-image size-large\"><img loading=\"lazy\" decoding=\"async\" width=\"1024\" height=\"550\" src=\"https:\/\/blogg.svenskakyrkan.se\/insikten\/files\/2021\/03\/Sk\u00e4rmavbild-2021-03-29-kl.-14.04.39-1024x550.jpg\" alt=\"\" class=\"wp-image-52\" srcset=\"https:\/\/blogg.svenskakyrkan.se\/insikten\/files\/2021\/03\/Sk\u00e4rmavbild-2021-03-29-kl.-14.04.39-1024x550.jpg 1024w, https:\/\/blogg.svenskakyrkan.se\/insikten\/files\/2021\/03\/Sk\u00e4rmavbild-2021-03-29-kl.-14.04.39-300x161.jpg 300w, https:\/\/blogg.svenskakyrkan.se\/insikten\/files\/2021\/03\/Sk\u00e4rmavbild-2021-03-29-kl.-14.04.39-768x413.jpg 768w, https:\/\/blogg.svenskakyrkan.se\/insikten\/files\/2021\/03\/Sk\u00e4rmavbild-2021-03-29-kl.-14.04.39-1536x826.jpg 1536w, https:\/\/blogg.svenskakyrkan.se\/insikten\/files\/2021\/03\/Sk\u00e4rmavbild-2021-03-29-kl.-14.04.39-1200x645.jpg 1200w, https:\/\/blogg.svenskakyrkan.se\/insikten\/files\/2021\/03\/Sk\u00e4rmavbild-2021-03-29-kl.-14.04.39.jpg 1786w\" sizes=\"auto, (max-width: 1024px) 100vw, 1024px\" \/><figcaption>Vakterna korsf\u00e4ster Jesus och tv\u00e5 r\u00f6vare.<\/figcaption><\/figure>\n\n\n\n<p>Jesus pl\u00e5gas och tvivlar, \u201dMin Gud, min Gud varf\u00f6r har du \u00f6vergivit mig?\u201d ropar han ut. Ytterligare en g\u00e5ng ropar han och ger upp andan. D\u00e5 brister f\u00f6rh\u00e4nget i templet och jorden skakar. Jesus tas ner fr\u00e5n korset och en rik man l\u00e5nar ut en oanv\u00e4nd gravgrotta. En stor sten rullas framf\u00f6r \u00f6ppningen s\u00e5 ingen ska kunna komma in eller ut.<\/p>\n\n\n\n<h2 class=\"wp-block-heading\"><strong>Stenen vid graven och uppst\u00e5ndelsen<\/strong><\/h2>\n\n\n\n<p>P\u00e5 l\u00f6rdagen firar man en mycket dyster sabbat och f\u00f6rst p\u00e5 p\u00e5skdagens morgon kan kvinnorna g\u00e5 till graven f\u00f6r att sm\u00f6rja Jesu kropp. De undrar \u201dHur ska vi komma in? Vem ska hj\u00e4lpa oss med den stora stenen?\u201d<\/p>\n\n\n\n<p>N\u00e4r de kommer fram \u00e4r stenen borta och de m\u00f6ter en man som talar om f\u00f6r dem att den de s\u00f6ker inte finns d\u00e4r l\u00e4ngre. De springer till de andra l\u00e4rjungarna och<br>ber\u00e4ttar men ingen tror dem.<\/p>\n\n\n\n<p>Tomas tvivlaren kan inte tro om han inte f\u00e5r r\u00f6ra vid Jesu s\u00e5r. Men r\u00e4tt som det \u00e4r st\u00e5r Jesus bland dem och Tomas f\u00e5r k\u00e4nna och alla blir v\u00e4ldigt glada. Under en tid visar sig Jesus f\u00f6r l\u00e4rjungarna och st\u00e4rker dem inf\u00f6r deras kommande uppdrag, att g\u00e5 ut i v\u00e4rlden och f\u00f6rkunna Jesu budskap: \u201dJag \u00e4r med er alla dagar intill tidens \u00e4nde.\u201d<\/p>\n\n\n\n<figure class=\"wp-block-image size-large\"><img loading=\"lazy\" decoding=\"async\" width=\"1024\" height=\"651\" src=\"https:\/\/blogg.svenskakyrkan.se\/insikten\/files\/2021\/03\/Sk\u00e4rmavbild-2021-03-29-kl.-14.06.44-1024x651.jpg\" alt=\"\" class=\"wp-image-53\" srcset=\"https:\/\/blogg.svenskakyrkan.se\/insikten\/files\/2021\/03\/Sk\u00e4rmavbild-2021-03-29-kl.-14.06.44-1024x651.jpg 1024w, https:\/\/blogg.svenskakyrkan.se\/insikten\/files\/2021\/03\/Sk\u00e4rmavbild-2021-03-29-kl.-14.06.44-300x191.jpg 300w, https:\/\/blogg.svenskakyrkan.se\/insikten\/files\/2021\/03\/Sk\u00e4rmavbild-2021-03-29-kl.-14.06.44-768x488.jpg 768w, https:\/\/blogg.svenskakyrkan.se\/insikten\/files\/2021\/03\/Sk\u00e4rmavbild-2021-03-29-kl.-14.06.44-1536x976.jpg 1536w, https:\/\/blogg.svenskakyrkan.se\/insikten\/files\/2021\/03\/Sk\u00e4rmavbild-2021-03-29-kl.-14.06.44-2048x1301.jpg 2048w, https:\/\/blogg.svenskakyrkan.se\/insikten\/files\/2021\/03\/Sk\u00e4rmavbild-2021-03-29-kl.-14.06.44-1200x763.jpg 1200w\" sizes=\"auto, (max-width: 1024px) 100vw, 1024px\" \/><figcaption>Glad p\u00e5sk!<\/figcaption><\/figure>\n","protected":false},"excerpt":{"rendered":"<p>Under m\u00e5nga \u00e5r har pastoratet satt upp en p\u00e5skvandring, f\u00f6rst i Floby kyrka och p\u00e5 senare tid i Kyrkans hus. Med god hj\u00e4lp av vaktm\u00e4stare och f\u00f6rsamlingspersonal har milj\u00f6er byggts upp och vi har kunnat ta emot \u00e5rskurs 5 under en f\u00f6rmiddag. N\u00e5gra \u00e5r har vi \u00e4ven bjudit in p\u00e5 kv\u00e4llen, i grupper om 20, [&hellip;]<\/p>\n","protected":false},"author":250,"featured_media":53,"comment_status":"open","ping_status":"open","sticky":false,"template":"","format":"standard","meta":{"_acf_changed":false,"footnotes":""},"categories":[4],"tags":[],"class_list":["post-48","post","type-post","status-publish","format-standard","has-post-thumbnail","hentry","category-pask"],"acf":[],"yoast_head":"<!-- This site is optimized with the Yoast SEO plugin v27.1.1 - https:\/\/yoast.com\/product\/yoast-seo-wordpress\/ -->\n<title>P\u00e5skvandring - Insikten - Floby pastorat<\/title>\n<meta name=\"robots\" content=\"index, follow, max-snippet:-1, max-image-preview:large, max-video-preview:-1\" \/>\n<link rel=\"canonical\" href=\"https:\/\/blogg.svenskakyrkan.se\/insikten\/2021\/03\/29\/paskvandring\/\" \/>\n<meta property=\"og:locale\" content=\"sv_SE\" \/>\n<meta property=\"og:type\" content=\"article\" \/>\n<meta property=\"og:title\" content=\"P\u00e5skvandring - Insikten - Floby pastorat\" \/>\n<meta property=\"og:description\" content=\"Under m\u00e5nga \u00e5r har pastoratet satt upp en p\u00e5skvandring, f\u00f6rst i Floby kyrka och p\u00e5 senare tid i Kyrkans hus. Med god hj\u00e4lp av vaktm\u00e4stare och f\u00f6rsamlingspersonal har milj\u00f6er byggts upp och vi har kunnat ta emot \u00e5rskurs 5 under en f\u00f6rmiddag. N\u00e5gra \u00e5r har vi \u00e4ven bjudit in p\u00e5 kv\u00e4llen, i grupper om 20, [&hellip;]\" \/>\n<meta property=\"og:url\" content=\"https:\/\/blogg.svenskakyrkan.se\/insikten\/2021\/03\/29\/paskvandring\/\" \/>\n<meta property=\"og:site_name\" content=\"Insikten - Floby pastorat\" \/>\n<meta property=\"article:published_time\" content=\"2021-03-29T12:07:57+00:00\" \/>\n<meta property=\"article:modified_time\" content=\"2021-03-29T12:07:59+00:00\" \/>\n<meta property=\"og:image\" content=\"https:\/\/blogg.svenskakyrkan.se\/insikten\/files\/2021\/03\/Sk\u00e4rmavbild-2021-03-29-kl.-14.06.44-scaled.jpg\" \/>\n\t<meta property=\"og:image:width\" content=\"2560\" \/>\n\t<meta property=\"og:image:height\" content=\"1627\" \/>\n\t<meta property=\"og:image:type\" content=\"image\/jpeg\" \/>\n<meta name=\"author\" content=\"Floby pastorat\" \/>\n<meta name=\"twitter:card\" content=\"summary_large_image\" \/>\n<meta name=\"twitter:label1\" content=\"Skriven av\" \/>\n\t<meta name=\"twitter:data1\" content=\"Floby pastorat\" \/>\n\t<meta name=\"twitter:label2\" content=\"Ber\u00e4knad l\u00e4stid\" \/>\n\t<meta name=\"twitter:data2\" content=\"4 minuter\" \/>\n<script type=\"application\/ld+json\" class=\"yoast-schema-graph\">{\"@context\":\"https:\/\/schema.org\",\"@graph\":[{\"@type\":\"Article\",\"@id\":\"https:\/\/blogg.svenskakyrkan.se\/insikten\/2021\/03\/29\/paskvandring\/#article\",\"isPartOf\":{\"@id\":\"https:\/\/blogg.svenskakyrkan.se\/insikten\/2021\/03\/29\/paskvandring\/\"},\"author\":{\"name\":\"Floby pastorat\",\"@id\":\"https:\/\/blogg.svenskakyrkan.se\/insikten\/#\/schema\/person\/5081f68a0318ddb64c879f7bc416ce8c\"},\"headline\":\"P\u00e5skvandring\",\"datePublished\":\"2021-03-29T12:07:57+00:00\",\"dateModified\":\"2021-03-29T12:07:59+00:00\",\"mainEntityOfPage\":{\"@id\":\"https:\/\/blogg.svenskakyrkan.se\/insikten\/2021\/03\/29\/paskvandring\/\"},\"wordCount\":768,\"commentCount\":0,\"image\":{\"@id\":\"https:\/\/blogg.svenskakyrkan.se\/insikten\/2021\/03\/29\/paskvandring\/#primaryimage\"},\"thumbnailUrl\":\"https:\/\/blogg.svenskakyrkan.se\/insikten\/files\/2021\/03\/Sk\u00e4rmavbild-2021-03-29-kl.-14.06.44-scaled.jpg\",\"articleSection\":[\"P\u00e5sk\"],\"inLanguage\":\"sv-SE\",\"potentialAction\":[{\"@type\":\"CommentAction\",\"name\":\"Comment\",\"target\":[\"https:\/\/blogg.svenskakyrkan.se\/insikten\/2021\/03\/29\/paskvandring\/#respond\"]}]},{\"@type\":\"WebPage\",\"@id\":\"https:\/\/blogg.svenskakyrkan.se\/insikten\/2021\/03\/29\/paskvandring\/\",\"url\":\"https:\/\/blogg.svenskakyrkan.se\/insikten\/2021\/03\/29\/paskvandring\/\",\"name\":\"P\u00e5skvandring - Insikten - Floby pastorat\",\"isPartOf\":{\"@id\":\"https:\/\/blogg.svenskakyrkan.se\/insikten\/#website\"},\"primaryImageOfPage\":{\"@id\":\"https:\/\/blogg.svenskakyrkan.se\/insikten\/2021\/03\/29\/paskvandring\/#primaryimage\"},\"image\":{\"@id\":\"https:\/\/blogg.svenskakyrkan.se\/insikten\/2021\/03\/29\/paskvandring\/#primaryimage\"},\"thumbnailUrl\":\"https:\/\/blogg.svenskakyrkan.se\/insikten\/files\/2021\/03\/Sk\u00e4rmavbild-2021-03-29-kl.-14.06.44-scaled.jpg\",\"datePublished\":\"2021-03-29T12:07:57+00:00\",\"dateModified\":\"2021-03-29T12:07:59+00:00\",\"author\":{\"@id\":\"https:\/\/blogg.svenskakyrkan.se\/insikten\/#\/schema\/person\/5081f68a0318ddb64c879f7bc416ce8c\"},\"breadcrumb\":{\"@id\":\"https:\/\/blogg.svenskakyrkan.se\/insikten\/2021\/03\/29\/paskvandring\/#breadcrumb\"},\"inLanguage\":\"sv-SE\",\"potentialAction\":[{\"@type\":\"ReadAction\",\"target\":[\"https:\/\/blogg.svenskakyrkan.se\/insikten\/2021\/03\/29\/paskvandring\/\"]}]},{\"@type\":\"ImageObject\",\"inLanguage\":\"sv-SE\",\"@id\":\"https:\/\/blogg.svenskakyrkan.se\/insikten\/2021\/03\/29\/paskvandring\/#primaryimage\",\"url\":\"https:\/\/blogg.svenskakyrkan.se\/insikten\/files\/2021\/03\/Sk\u00e4rmavbild-2021-03-29-kl.-14.06.44-scaled.jpg\",\"contentUrl\":\"https:\/\/blogg.svenskakyrkan.se\/insikten\/files\/2021\/03\/Sk\u00e4rmavbild-2021-03-29-kl.-14.06.44-scaled.jpg\",\"width\":2560,\"height\":1627},{\"@type\":\"BreadcrumbList\",\"@id\":\"https:\/\/blogg.svenskakyrkan.se\/insikten\/2021\/03\/29\/paskvandring\/#breadcrumb\",\"itemListElement\":[{\"@type\":\"ListItem\",\"position\":1,\"name\":\"Hem\",\"item\":\"https:\/\/blogg.svenskakyrkan.se\/insikten\/\"},{\"@type\":\"ListItem\",\"position\":2,\"name\":\"P\u00e5skvandring\"}]},{\"@type\":\"WebSite\",\"@id\":\"https:\/\/blogg.svenskakyrkan.se\/insikten\/#website\",\"url\":\"https:\/\/blogg.svenskakyrkan.se\/insikten\/\",\"name\":\"Insikten - Floby pastorat\",\"description\":\"Insikter, utsikter och emellan\u00e5t \u00e4ven \u00e5sikter fr\u00e5n Floby pastorat i Skara stift.\",\"potentialAction\":[{\"@type\":\"SearchAction\",\"target\":{\"@type\":\"EntryPoint\",\"urlTemplate\":\"https:\/\/blogg.svenskakyrkan.se\/insikten\/?s={search_term_string}\"},\"query-input\":{\"@type\":\"PropertyValueSpecification\",\"valueRequired\":true,\"valueName\":\"search_term_string\"}}],\"inLanguage\":\"sv-SE\"},{\"@type\":\"Person\",\"@id\":\"https:\/\/blogg.svenskakyrkan.se\/insikten\/#\/schema\/person\/5081f68a0318ddb64c879f7bc416ce8c\",\"name\":\"Floby pastorat\",\"image\":{\"@type\":\"ImageObject\",\"inLanguage\":\"sv-SE\",\"@id\":\"https:\/\/blogg.svenskakyrkan.se\/insikten\/#\/schema\/person\/image\/\",\"url\":\"https:\/\/secure.gravatar.com\/avatar\/c63a9fd4196da95cea4408b67893dbdb9ec52ef568ee59a4578ad766986bebcd?s=96&d=mm&r=g\",\"contentUrl\":\"https:\/\/secure.gravatar.com\/avatar\/c63a9fd4196da95cea4408b67893dbdb9ec52ef568ee59a4578ad766986bebcd?s=96&d=mm&r=g\",\"caption\":\"Floby pastorat\"},\"url\":\"https:\/\/blogg.svenskakyrkan.se\/insikten\/author\/helenataubner\/\"}]}<\/script>\n<!-- \/ Yoast SEO plugin. -->","yoast_head_json":{"title":"P\u00e5skvandring - Insikten - Floby pastorat","robots":{"index":"index","follow":"follow","max-snippet":"max-snippet:-1","max-image-preview":"max-image-preview:large","max-video-preview":"max-video-preview:-1"},"canonical":"https:\/\/blogg.svenskakyrkan.se\/insikten\/2021\/03\/29\/paskvandring\/","og_locale":"sv_SE","og_type":"article","og_title":"P\u00e5skvandring - Insikten - Floby pastorat","og_description":"Under m\u00e5nga \u00e5r har pastoratet satt upp en p\u00e5skvandring, f\u00f6rst i Floby kyrka och p\u00e5 senare tid i Kyrkans hus. Med god hj\u00e4lp av vaktm\u00e4stare och f\u00f6rsamlingspersonal har milj\u00f6er byggts upp och vi har kunnat ta emot \u00e5rskurs 5 under en f\u00f6rmiddag. N\u00e5gra \u00e5r har vi \u00e4ven bjudit in p\u00e5 kv\u00e4llen, i grupper om 20, [&hellip;]","og_url":"https:\/\/blogg.svenskakyrkan.se\/insikten\/2021\/03\/29\/paskvandring\/","og_site_name":"Insikten - Floby pastorat","article_published_time":"2021-03-29T12:07:57+00:00","article_modified_time":"2021-03-29T12:07:59+00:00","og_image":[{"width":2560,"height":1627,"url":"https:\/\/blogg.svenskakyrkan.se\/insikten\/files\/2021\/03\/Sk\u00e4rmavbild-2021-03-29-kl.-14.06.44-scaled.jpg","type":"image\/jpeg"}],"author":"Floby pastorat","twitter_card":"summary_large_image","twitter_misc":{"Skriven av":"Floby pastorat","Ber\u00e4knad l\u00e4stid":"4 minuter"},"schema":{"@context":"https:\/\/schema.org","@graph":[{"@type":"Article","@id":"https:\/\/blogg.svenskakyrkan.se\/insikten\/2021\/03\/29\/paskvandring\/#article","isPartOf":{"@id":"https:\/\/blogg.svenskakyrkan.se\/insikten\/2021\/03\/29\/paskvandring\/"},"author":{"name":"Floby pastorat","@id":"https:\/\/blogg.svenskakyrkan.se\/insikten\/#\/schema\/person\/5081f68a0318ddb64c879f7bc416ce8c"},"headline":"P\u00e5skvandring","datePublished":"2021-03-29T12:07:57+00:00","dateModified":"2021-03-29T12:07:59+00:00","mainEntityOfPage":{"@id":"https:\/\/blogg.svenskakyrkan.se\/insikten\/2021\/03\/29\/paskvandring\/"},"wordCount":768,"commentCount":0,"image":{"@id":"https:\/\/blogg.svenskakyrkan.se\/insikten\/2021\/03\/29\/paskvandring\/#primaryimage"},"thumbnailUrl":"https:\/\/blogg.svenskakyrkan.se\/insikten\/files\/2021\/03\/Sk\u00e4rmavbild-2021-03-29-kl.-14.06.44-scaled.jpg","articleSection":["P\u00e5sk"],"inLanguage":"sv-SE","potentialAction":[{"@type":"CommentAction","name":"Comment","target":["https:\/\/blogg.svenskakyrkan.se\/insikten\/2021\/03\/29\/paskvandring\/#respond"]}]},{"@type":"WebPage","@id":"https:\/\/blogg.svenskakyrkan.se\/insikten\/2021\/03\/29\/paskvandring\/","url":"https:\/\/blogg.svenskakyrkan.se\/insikten\/2021\/03\/29\/paskvandring\/","name":"P\u00e5skvandring - Insikten - Floby pastorat","isPartOf":{"@id":"https:\/\/blogg.svenskakyrkan.se\/insikten\/#website"},"primaryImageOfPage":{"@id":"https:\/\/blogg.svenskakyrkan.se\/insikten\/2021\/03\/29\/paskvandring\/#primaryimage"},"image":{"@id":"https:\/\/blogg.svenskakyrkan.se\/insikten\/2021\/03\/29\/paskvandring\/#primaryimage"},"thumbnailUrl":"https:\/\/blogg.svenskakyrkan.se\/insikten\/files\/2021\/03\/Sk\u00e4rmavbild-2021-03-29-kl.-14.06.44-scaled.jpg","datePublished":"2021-03-29T12:07:57+00:00","dateModified":"2021-03-29T12:07:59+00:00","author":{"@id":"https:\/\/blogg.svenskakyrkan.se\/insikten\/#\/schema\/person\/5081f68a0318ddb64c879f7bc416ce8c"},"breadcrumb":{"@id":"https:\/\/blogg.svenskakyrkan.se\/insikten\/2021\/03\/29\/paskvandring\/#breadcrumb"},"inLanguage":"sv-SE","potentialAction":[{"@type":"ReadAction","target":["https:\/\/blogg.svenskakyrkan.se\/insikten\/2021\/03\/29\/paskvandring\/"]}]},{"@type":"ImageObject","inLanguage":"sv-SE","@id":"https:\/\/blogg.svenskakyrkan.se\/insikten\/2021\/03\/29\/paskvandring\/#primaryimage","url":"https:\/\/blogg.svenskakyrkan.se\/insikten\/files\/2021\/03\/Sk\u00e4rmavbild-2021-03-29-kl.-14.06.44-scaled.jpg","contentUrl":"https:\/\/blogg.svenskakyrkan.se\/insikten\/files\/2021\/03\/Sk\u00e4rmavbild-2021-03-29-kl.-14.06.44-scaled.jpg","width":2560,"height":1627},{"@type":"BreadcrumbList","@id":"https:\/\/blogg.svenskakyrkan.se\/insikten\/2021\/03\/29\/paskvandring\/#breadcrumb","itemListElement":[{"@type":"ListItem","position":1,"name":"Hem","item":"https:\/\/blogg.svenskakyrkan.se\/insikten\/"},{"@type":"ListItem","position":2,"name":"P\u00e5skvandring"}]},{"@type":"WebSite","@id":"https:\/\/blogg.svenskakyrkan.se\/insikten\/#website","url":"https:\/\/blogg.svenskakyrkan.se\/insikten\/","name":"Insikten - Floby pastorat","description":"Insikter, utsikter och emellan\u00e5t \u00e4ven \u00e5sikter fr\u00e5n Floby pastorat i Skara stift.","potentialAction":[{"@type":"SearchAction","target":{"@type":"EntryPoint","urlTemplate":"https:\/\/blogg.svenskakyrkan.se\/insikten\/?s={search_term_string}"},"query-input":{"@type":"PropertyValueSpecification","valueRequired":true,"valueName":"search_term_string"}}],"inLanguage":"sv-SE"},{"@type":"Person","@id":"https:\/\/blogg.svenskakyrkan.se\/insikten\/#\/schema\/person\/5081f68a0318ddb64c879f7bc416ce8c","name":"Floby pastorat","image":{"@type":"ImageObject","inLanguage":"sv-SE","@id":"https:\/\/blogg.svenskakyrkan.se\/insikten\/#\/schema\/person\/image\/","url":"https:\/\/secure.gravatar.com\/avatar\/c63a9fd4196da95cea4408b67893dbdb9ec52ef568ee59a4578ad766986bebcd?s=96&d=mm&r=g","contentUrl":"https:\/\/secure.gravatar.com\/avatar\/c63a9fd4196da95cea4408b67893dbdb9ec52ef568ee59a4578ad766986bebcd?s=96&d=mm&r=g","caption":"Floby pastorat"},"url":"https:\/\/blogg.svenskakyrkan.se\/insikten\/author\/helenataubner\/"}]}},"author_meta":{"ID":"250","user_nicename":"helenataubner","user_registered":"2013-01-15 08:36:14","display_name":"Floby pastorat","avatar":"https:\/\/secure.gravatar.com\/avatar\/c63a9fd4196da95cea4408b67893dbdb9ec52ef568ee59a4578ad766986bebcd?s=96&d=mm&r=g"},"featured_image":["https:\/\/blogg.svenskakyrkan.se\/insikten\/files\/2021\/03\/Sk\u00e4rmavbild-2021-03-29-kl.-14.06.44-1024x651.jpg",1024,651,true],"bloginfo":{"name":"Insikten - Floby pastorat","url":"https:\/\/blogg.svenskakyrkan.se\/insikten"},"_links":{"self":[{"href":"https:\/\/blogg.svenskakyrkan.se\/insikten\/wp-json\/wp\/v2\/posts\/48","targetHints":{"allow":["GET"]}}],"collection":[{"href":"https:\/\/blogg.svenskakyrkan.se\/insikten\/wp-json\/wp\/v2\/posts"}],"about":[{"href":"https:\/\/blogg.svenskakyrkan.se\/insikten\/wp-json\/wp\/v2\/types\/post"}],"author":[{"embeddable":true,"href":"https:\/\/blogg.svenskakyrkan.se\/insikten\/wp-json\/wp\/v2\/users\/250"}],"replies":[{"embeddable":true,"href":"https:\/\/blogg.svenskakyrkan.se\/insikten\/wp-json\/wp\/v2\/comments?post=48"}],"version-history":[{"count":1,"href":"https:\/\/blogg.svenskakyrkan.se\/insikten\/wp-json\/wp\/v2\/posts\/48\/revisions"}],"predecessor-version":[{"id":54,"href":"https:\/\/blogg.svenskakyrkan.se\/insikten\/wp-json\/wp\/v2\/posts\/48\/revisions\/54"}],"wp:featuredmedia":[{"embeddable":true,"href":"https:\/\/blogg.svenskakyrkan.se\/insikten\/wp-json\/wp\/v2\/media\/53"}],"wp:attachment":[{"href":"https:\/\/blogg.svenskakyrkan.se\/insikten\/wp-json\/wp\/v2\/media?parent=48"}],"wp:term":[{"taxonomy":"category","embeddable":true,"href":"https:\/\/blogg.svenskakyrkan.se\/insikten\/wp-json\/wp\/v2\/categories?post=48"},{"taxonomy":"post_tag","embeddable":true,"href":"https:\/\/blogg.svenskakyrkan.se\/insikten\/wp-json\/wp\/v2\/tags?post=48"}],"curies":[{"name":"wp","href":"https:\/\/api.w.org\/{rel}","templated":true}]}}