{"id":57,"date":"2021-05-12T08:31:22","date_gmt":"2021-05-12T06:31:22","guid":{"rendered":"http:\/\/blogg.svenskakyrkan.se\/insikten\/?p=57"},"modified":"2021-05-12T09:02:05","modified_gmt":"2021-05-12T07:02:05","slug":"att-bygga-en-pilgrimsled","status":"publish","type":"post","link":"https:\/\/blogg.svenskakyrkan.se\/insikten\/2021\/05\/12\/att-bygga-en-pilgrimsled\/","title":{"rendered":"Att bygga en pilgrimsled"},"content":{"rendered":"\n\n\n<figure class=\"wp-block-image size-large is-style-rounded\"><img loading=\"lazy\" decoding=\"async\" width=\"502\" height=\"378\" src=\"https:\/\/blogg.svenskakyrkan.se\/insikten\/files\/2021\/05\/Sk\u00e4rmavbild-2021-05-12-kl.-08.30.00.png\" alt=\"\" class=\"wp-image-58\" srcset=\"https:\/\/blogg.svenskakyrkan.se\/insikten\/files\/2021\/05\/Sk\u00e4rmavbild-2021-05-12-kl.-08.30.00.png 502w, https:\/\/blogg.svenskakyrkan.se\/insikten\/files\/2021\/05\/Sk\u00e4rmavbild-2021-05-12-kl.-08.30.00-300x226.png 300w\" sizes=\"auto, (max-width: 502px) 100vw, 502px\" \/><figcaption>Erling Nyman, eldsj\u00e4l inom pilgrimsarbetet i Floby pastorat<\/figcaption><\/figure>\n\n\n\n<p>F\u00f6r mig f\u00f6renar det mitt personliga och professionella jag. H\u00e4r \u00e4r ocks\u00e5 k\u00e4rnan i pilgrimskap. Att vara p\u00e5 vandring, att uppt\u00e4cka och utforska, att f\u00f6rundras och f\u00f6rstummas av b\u00e5de det yttre och inre livet. Det \u00e4r frihet och enkelhet, delvis i tystnad. Det \u00e4r bekymmersl\u00f6st, och l\u00e5ngsamt kan vi dela de andliga fr\u00e5gorna. &nbsp;<\/p>\n\n\n\n<p>S:t Olofsleden g\u00e5r sedan ett 10-tal \u00e5r genom pastoratet och f\u00f6rbi J\u00e4la kyrka. Den inspirerade mig till att b\u00f6rja pilgrimsvandra. Fem \u00e5r senare v\u00e4ckte Bo B\u00f6rjesson i V\u00e5rkumla id\u00e9n om en pilgrimsgrupp. Den kom att bli en motor f\u00f6r pilgrimsarbete och -vandringar i pastoratet. Men framf\u00f6r allt v\u00e4ckte samarbete med Jenny Carlson lusten att som pilgrimsledare f\u00e5 \u201dleka\u201d med begrepp i gr\u00e4nslandet mellan natur och kultur, fysisk och psykisk h\u00e4lsa samtidigt som vandringarna inbj\u00f6d till samtal om tro och liv.&nbsp;<\/p>\n\n\n\n<p>F\u00f6r n\u00e5gra \u00e5r sedan genomf\u00f6rdes en s\u00e5dan pilgrimsvandring mellan S\u00f6rby och G\u00f6khem. Den v\u00e4ckte id\u00e9n till en led mellan J\u00e4la och \u00d6stra Tunhem. Men fr\u00e5n id\u00e9 till verklighet ligger tusen fr\u00e5gor och lika m\u00e5nga timmars arbete. Var ska leden g\u00e5? Vad s\u00e4ger mark\u00e4garna? Hur ska stolpar, skyltar och tavlor se ut? Vad g\u00e4ller f\u00f6r att certifiera en pilgrimsled? Hur l\u00f6ser vi interaktiva kartor och webbsidor? Hur kan vi f\u00e5 pengar till allt? Vad s\u00e4ger kyrkoherde, f\u00f6rsamlingsr\u00e5d, kyrkor\u00e5d, stift, hembygdsf\u00f6reningar och kommun? Men framf\u00f6r allt: vem g\u00f6r allt jobbet?<\/p>\n\n\n\n<h2 class=\"wp-block-heading\">Ungdomsledare m\u00e5lade stolparna&nbsp;<\/h2>\n\n\n\n<p>En sak stod klart ganska snart: Detta \u00e4r inte ett enmansjobb! Inspiration, st\u00f6d, arbetsf\u00f6rdelning och handfast jobb kr\u00e4vs. Vi fick till ett samarbete med Anders Blom p\u00e5 Skara stift som tog fram Brynolfsm\u00e4rket. Thomas Hjert fr\u00e5n FAIK Orienteringsklubb lovade att GPS-markera hela leden, och kommunen att l\u00e4gga in den i en webbkarta. Kenth Karlsson var en m\u00e4stare p\u00e5 att sl\u00e5 ner stolpar och bygga tavlor. N\u00e4r pandemin gjorde att barn- och ungdomsgrupperna st\u00e4ngdes v\u00e4xlade ledarna Linn, \u00c5sa och Irma \u00f6ver till att m\u00e5la alla stolpar orange.<br>Ansvarig pr\u00e4st f\u00f6r pilgrimsarbetet \u00e4r Matilda. Kyrkor\u00e5det och kyrkoherden ger oss ekonomiska m\u00f6jligheter och uppbackning fr\u00e5n pastoratets personal.&nbsp;<\/p>\n\n\n\n<h2 class=\"wp-block-heading\">Fors\u00e4tt din vandring<\/h2>\n\n\n\n<p>Nu tar Vilskeleden form och planen \u00e4r att den ska invigas den 6 juni. Leden g\u00e5r mellan J\u00e4la pilgrimskyrka och \u00d6stra Tunhems kyrka. Den g\u00e5r genom skog och odlingslandskap, f\u00f6rbi fornminnen och medeltida kyrkor och kyrkoruiner. Den korsar Lidan p\u00e5 n\u00e5gra st\u00e4llen och g\u00e5r upp \u00f6ver M\u00f6sseberg, som bjuder p\u00e5 en gigantisk utsikt \u00f6ver nejden. Solnedg\u00e5ngen \u00f6ver Vilske-Kleva klinter v\u00e4cker v\u00f6rdnad inf\u00f6r skapelsen och livet.<\/p>\n\n\n\n<p>Vilskeledens \u00e4ndpunkter knyter an till S:t Olofs-leden. Tillsammans formar de b\u00e5da lederna en slinga runt Falbygden. Men du kan ocks\u00e5 v\u00e4lja att forts\u00e4tta norrut fr\u00e5n \u00d6stra Tunhem mot Gudhem och Varnhem. Fr\u00e5n J\u00e4la kan du v\u00e4lja att forts\u00e4tta s\u00f6derut mot Eriksberg och Herrljunga ner till L\u00f6d\u00f6se.<\/p>\n\n\n\n<p><em>Erling Nyman, <\/em>pilgrimsledare<\/p>\n\n\n\n<p>Texten publicerades i Insikten 2-21. Se \u00e4ven <a href=\"https:\/\/blogg.svenskakyrkan.se\/insikten\/2021\/05\/12\/turistchefen-glads-at-vilskeleden\/\">https:\/\/blogg.svenskakyrkan.se\/insikten\/2021\/05\/12\/turistchefen-glads-at-vilskeleden\/<\/a><\/p>\n\n\n\n<p>L\u00e4s mer om pilgrimsarbetet i Floby pastorat: <a href=\"http:\/\/www.svenskakyrkan.se\/floby\/pilgrim\" target=\"_blank\" rel=\"noreferrer noopener\">www.svenskakyrkan.se\/floby\/pilgrim<\/a> <\/p>\n","protected":false},"excerpt":{"rendered":"<p>F\u00f6r mig f\u00f6renar det mitt personliga och professionella jag. H\u00e4r \u00e4r ocks\u00e5 k\u00e4rnan i pilgrimskap. Att vara p\u00e5 vandring, att uppt\u00e4cka och utforska, att f\u00f6rundras och f\u00f6rstummas av b\u00e5de det yttre och inre livet. Det \u00e4r frihet och enkelhet, delvis i tystnad. Det \u00e4r bekymmersl\u00f6st, och l\u00e5ngsamt kan vi dela de andliga fr\u00e5gorna. &nbsp; S:t [&hellip;]<\/p>\n","protected":false},"author":250,"featured_media":58,"comment_status":"open","ping_status":"open","sticky":false,"template":"","format":"standard","meta":{"_acf_changed":false,"footnotes":""},"categories":[7,6],"tags":[],"class_list":["post-57","post","type-post","status-publish","format-standard","has-post-thumbnail","hentry","category-engagemang","category-pilgrim"],"acf":[],"yoast_head":"<!-- This site is optimized with the Yoast SEO plugin v27.1.1 - https:\/\/yoast.com\/product\/yoast-seo-wordpress\/ -->\n<title>Att bygga en pilgrimsled - Insikten - Floby pastorat<\/title>\n<meta name=\"robots\" content=\"index, follow, max-snippet:-1, max-image-preview:large, max-video-preview:-1\" \/>\n<link rel=\"canonical\" href=\"https:\/\/blogg.svenskakyrkan.se\/insikten\/2021\/05\/12\/att-bygga-en-pilgrimsled\/\" \/>\n<meta property=\"og:locale\" content=\"sv_SE\" \/>\n<meta property=\"og:type\" content=\"article\" \/>\n<meta property=\"og:title\" content=\"Att bygga en pilgrimsled - Insikten - Floby pastorat\" \/>\n<meta property=\"og:description\" content=\"F\u00f6r mig f\u00f6renar det mitt personliga och professionella jag. H\u00e4r \u00e4r ocks\u00e5 k\u00e4rnan i pilgrimskap. Att vara p\u00e5 vandring, att uppt\u00e4cka och utforska, att f\u00f6rundras och f\u00f6rstummas av b\u00e5de det yttre och inre livet. Det \u00e4r frihet och enkelhet, delvis i tystnad. Det \u00e4r bekymmersl\u00f6st, och l\u00e5ngsamt kan vi dela de andliga fr\u00e5gorna. &nbsp; S:t [&hellip;]\" \/>\n<meta property=\"og:url\" content=\"https:\/\/blogg.svenskakyrkan.se\/insikten\/2021\/05\/12\/att-bygga-en-pilgrimsled\/\" \/>\n<meta property=\"og:site_name\" content=\"Insikten - Floby pastorat\" \/>\n<meta property=\"article:published_time\" content=\"2021-05-12T06:31:22+00:00\" \/>\n<meta property=\"article:modified_time\" content=\"2021-05-12T07:02:05+00:00\" \/>\n<meta property=\"og:image\" content=\"https:\/\/blogg.svenskakyrkan.se\/insikten\/files\/2021\/05\/Sk\u00e4rmavbild-2021-05-12-kl.-08.30.00.png\" \/>\n\t<meta property=\"og:image:width\" content=\"502\" \/>\n\t<meta property=\"og:image:height\" content=\"378\" \/>\n\t<meta property=\"og:image:type\" content=\"image\/png\" \/>\n<meta name=\"author\" content=\"Floby pastorat\" \/>\n<meta name=\"twitter:card\" content=\"summary_large_image\" \/>\n<meta name=\"twitter:label1\" content=\"Skriven av\" \/>\n\t<meta name=\"twitter:data1\" content=\"Floby pastorat\" \/>\n\t<meta name=\"twitter:label2\" content=\"Ber\u00e4knad l\u00e4stid\" \/>\n\t<meta name=\"twitter:data2\" content=\"3 minuter\" \/>\n<script type=\"application\/ld+json\" class=\"yoast-schema-graph\">{\"@context\":\"https:\/\/schema.org\",\"@graph\":[{\"@type\":\"Article\",\"@id\":\"https:\/\/blogg.svenskakyrkan.se\/insikten\/2021\/05\/12\/att-bygga-en-pilgrimsled\/#article\",\"isPartOf\":{\"@id\":\"https:\/\/blogg.svenskakyrkan.se\/insikten\/2021\/05\/12\/att-bygga-en-pilgrimsled\/\"},\"author\":{\"name\":\"Floby pastorat\",\"@id\":\"https:\/\/blogg.svenskakyrkan.se\/insikten\/#\/schema\/person\/5081f68a0318ddb64c879f7bc416ce8c\"},\"headline\":\"Att bygga en pilgrimsled\",\"datePublished\":\"2021-05-12T06:31:22+00:00\",\"dateModified\":\"2021-05-12T07:02:05+00:00\",\"mainEntityOfPage\":{\"@id\":\"https:\/\/blogg.svenskakyrkan.se\/insikten\/2021\/05\/12\/att-bygga-en-pilgrimsled\/\"},\"wordCount\":579,\"commentCount\":0,\"image\":{\"@id\":\"https:\/\/blogg.svenskakyrkan.se\/insikten\/2021\/05\/12\/att-bygga-en-pilgrimsled\/#primaryimage\"},\"thumbnailUrl\":\"https:\/\/blogg.svenskakyrkan.se\/insikten\/files\/2021\/05\/Sk\u00e4rmavbild-2021-05-12-kl.-08.30.00.png\",\"articleSection\":[\"Engagemang\",\"Pilgrim\"],\"inLanguage\":\"sv-SE\",\"potentialAction\":[{\"@type\":\"CommentAction\",\"name\":\"Comment\",\"target\":[\"https:\/\/blogg.svenskakyrkan.se\/insikten\/2021\/05\/12\/att-bygga-en-pilgrimsled\/#respond\"]}]},{\"@type\":\"WebPage\",\"@id\":\"https:\/\/blogg.svenskakyrkan.se\/insikten\/2021\/05\/12\/att-bygga-en-pilgrimsled\/\",\"url\":\"https:\/\/blogg.svenskakyrkan.se\/insikten\/2021\/05\/12\/att-bygga-en-pilgrimsled\/\",\"name\":\"Att bygga en pilgrimsled - Insikten - Floby pastorat\",\"isPartOf\":{\"@id\":\"https:\/\/blogg.svenskakyrkan.se\/insikten\/#website\"},\"primaryImageOfPage\":{\"@id\":\"https:\/\/blogg.svenskakyrkan.se\/insikten\/2021\/05\/12\/att-bygga-en-pilgrimsled\/#primaryimage\"},\"image\":{\"@id\":\"https:\/\/blogg.svenskakyrkan.se\/insikten\/2021\/05\/12\/att-bygga-en-pilgrimsled\/#primaryimage\"},\"thumbnailUrl\":\"https:\/\/blogg.svenskakyrkan.se\/insikten\/files\/2021\/05\/Sk\u00e4rmavbild-2021-05-12-kl.-08.30.00.png\",\"datePublished\":\"2021-05-12T06:31:22+00:00\",\"dateModified\":\"2021-05-12T07:02:05+00:00\",\"author\":{\"@id\":\"https:\/\/blogg.svenskakyrkan.se\/insikten\/#\/schema\/person\/5081f68a0318ddb64c879f7bc416ce8c\"},\"breadcrumb\":{\"@id\":\"https:\/\/blogg.svenskakyrkan.se\/insikten\/2021\/05\/12\/att-bygga-en-pilgrimsled\/#breadcrumb\"},\"inLanguage\":\"sv-SE\",\"potentialAction\":[{\"@type\":\"ReadAction\",\"target\":[\"https:\/\/blogg.svenskakyrkan.se\/insikten\/2021\/05\/12\/att-bygga-en-pilgrimsled\/\"]}]},{\"@type\":\"ImageObject\",\"inLanguage\":\"sv-SE\",\"@id\":\"https:\/\/blogg.svenskakyrkan.se\/insikten\/2021\/05\/12\/att-bygga-en-pilgrimsled\/#primaryimage\",\"url\":\"https:\/\/blogg.svenskakyrkan.se\/insikten\/files\/2021\/05\/Sk\u00e4rmavbild-2021-05-12-kl.-08.30.00.png\",\"contentUrl\":\"https:\/\/blogg.svenskakyrkan.se\/insikten\/files\/2021\/05\/Sk\u00e4rmavbild-2021-05-12-kl.-08.30.00.png\",\"width\":502,\"height\":378},{\"@type\":\"BreadcrumbList\",\"@id\":\"https:\/\/blogg.svenskakyrkan.se\/insikten\/2021\/05\/12\/att-bygga-en-pilgrimsled\/#breadcrumb\",\"itemListElement\":[{\"@type\":\"ListItem\",\"position\":1,\"name\":\"Hem\",\"item\":\"https:\/\/blogg.svenskakyrkan.se\/insikten\/\"},{\"@type\":\"ListItem\",\"position\":2,\"name\":\"Att bygga en pilgrimsled\"}]},{\"@type\":\"WebSite\",\"@id\":\"https:\/\/blogg.svenskakyrkan.se\/insikten\/#website\",\"url\":\"https:\/\/blogg.svenskakyrkan.se\/insikten\/\",\"name\":\"Insikten - Floby pastorat\",\"description\":\"Insikter, utsikter och emellan\u00e5t \u00e4ven \u00e5sikter fr\u00e5n Floby pastorat i Skara stift.\",\"potentialAction\":[{\"@type\":\"SearchAction\",\"target\":{\"@type\":\"EntryPoint\",\"urlTemplate\":\"https:\/\/blogg.svenskakyrkan.se\/insikten\/?s={search_term_string}\"},\"query-input\":{\"@type\":\"PropertyValueSpecification\",\"valueRequired\":true,\"valueName\":\"search_term_string\"}}],\"inLanguage\":\"sv-SE\"},{\"@type\":\"Person\",\"@id\":\"https:\/\/blogg.svenskakyrkan.se\/insikten\/#\/schema\/person\/5081f68a0318ddb64c879f7bc416ce8c\",\"name\":\"Floby pastorat\",\"image\":{\"@type\":\"ImageObject\",\"inLanguage\":\"sv-SE\",\"@id\":\"https:\/\/blogg.svenskakyrkan.se\/insikten\/#\/schema\/person\/image\/\",\"url\":\"https:\/\/secure.gravatar.com\/avatar\/c63a9fd4196da95cea4408b67893dbdb9ec52ef568ee59a4578ad766986bebcd?s=96&d=mm&r=g\",\"contentUrl\":\"https:\/\/secure.gravatar.com\/avatar\/c63a9fd4196da95cea4408b67893dbdb9ec52ef568ee59a4578ad766986bebcd?s=96&d=mm&r=g\",\"caption\":\"Floby pastorat\"},\"url\":\"https:\/\/blogg.svenskakyrkan.se\/insikten\/author\/helenataubner\/\"}]}<\/script>\n<!-- \/ Yoast SEO plugin. -->","yoast_head_json":{"title":"Att bygga en pilgrimsled - Insikten - Floby pastorat","robots":{"index":"index","follow":"follow","max-snippet":"max-snippet:-1","max-image-preview":"max-image-preview:large","max-video-preview":"max-video-preview:-1"},"canonical":"https:\/\/blogg.svenskakyrkan.se\/insikten\/2021\/05\/12\/att-bygga-en-pilgrimsled\/","og_locale":"sv_SE","og_type":"article","og_title":"Att bygga en pilgrimsled - Insikten - Floby pastorat","og_description":"F\u00f6r mig f\u00f6renar det mitt personliga och professionella jag. H\u00e4r \u00e4r ocks\u00e5 k\u00e4rnan i pilgrimskap. Att vara p\u00e5 vandring, att uppt\u00e4cka och utforska, att f\u00f6rundras och f\u00f6rstummas av b\u00e5de det yttre och inre livet. Det \u00e4r frihet och enkelhet, delvis i tystnad. Det \u00e4r bekymmersl\u00f6st, och l\u00e5ngsamt kan vi dela de andliga fr\u00e5gorna. &nbsp; S:t [&hellip;]","og_url":"https:\/\/blogg.svenskakyrkan.se\/insikten\/2021\/05\/12\/att-bygga-en-pilgrimsled\/","og_site_name":"Insikten - Floby pastorat","article_published_time":"2021-05-12T06:31:22+00:00","article_modified_time":"2021-05-12T07:02:05+00:00","og_image":[{"width":502,"height":378,"url":"https:\/\/blogg.svenskakyrkan.se\/insikten\/files\/2021\/05\/Sk\u00e4rmavbild-2021-05-12-kl.-08.30.00.png","type":"image\/png"}],"author":"Floby pastorat","twitter_card":"summary_large_image","twitter_misc":{"Skriven av":"Floby pastorat","Ber\u00e4knad l\u00e4stid":"3 minuter"},"schema":{"@context":"https:\/\/schema.org","@graph":[{"@type":"Article","@id":"https:\/\/blogg.svenskakyrkan.se\/insikten\/2021\/05\/12\/att-bygga-en-pilgrimsled\/#article","isPartOf":{"@id":"https:\/\/blogg.svenskakyrkan.se\/insikten\/2021\/05\/12\/att-bygga-en-pilgrimsled\/"},"author":{"name":"Floby pastorat","@id":"https:\/\/blogg.svenskakyrkan.se\/insikten\/#\/schema\/person\/5081f68a0318ddb64c879f7bc416ce8c"},"headline":"Att bygga en pilgrimsled","datePublished":"2021-05-12T06:31:22+00:00","dateModified":"2021-05-12T07:02:05+00:00","mainEntityOfPage":{"@id":"https:\/\/blogg.svenskakyrkan.se\/insikten\/2021\/05\/12\/att-bygga-en-pilgrimsled\/"},"wordCount":579,"commentCount":0,"image":{"@id":"https:\/\/blogg.svenskakyrkan.se\/insikten\/2021\/05\/12\/att-bygga-en-pilgrimsled\/#primaryimage"},"thumbnailUrl":"https:\/\/blogg.svenskakyrkan.se\/insikten\/files\/2021\/05\/Sk\u00e4rmavbild-2021-05-12-kl.-08.30.00.png","articleSection":["Engagemang","Pilgrim"],"inLanguage":"sv-SE","potentialAction":[{"@type":"CommentAction","name":"Comment","target":["https:\/\/blogg.svenskakyrkan.se\/insikten\/2021\/05\/12\/att-bygga-en-pilgrimsled\/#respond"]}]},{"@type":"WebPage","@id":"https:\/\/blogg.svenskakyrkan.se\/insikten\/2021\/05\/12\/att-bygga-en-pilgrimsled\/","url":"https:\/\/blogg.svenskakyrkan.se\/insikten\/2021\/05\/12\/att-bygga-en-pilgrimsled\/","name":"Att bygga en pilgrimsled - Insikten - Floby pastorat","isPartOf":{"@id":"https:\/\/blogg.svenskakyrkan.se\/insikten\/#website"},"primaryImageOfPage":{"@id":"https:\/\/blogg.svenskakyrkan.se\/insikten\/2021\/05\/12\/att-bygga-en-pilgrimsled\/#primaryimage"},"image":{"@id":"https:\/\/blogg.svenskakyrkan.se\/insikten\/2021\/05\/12\/att-bygga-en-pilgrimsled\/#primaryimage"},"thumbnailUrl":"https:\/\/blogg.svenskakyrkan.se\/insikten\/files\/2021\/05\/Sk\u00e4rmavbild-2021-05-12-kl.-08.30.00.png","datePublished":"2021-05-12T06:31:22+00:00","dateModified":"2021-05-12T07:02:05+00:00","author":{"@id":"https:\/\/blogg.svenskakyrkan.se\/insikten\/#\/schema\/person\/5081f68a0318ddb64c879f7bc416ce8c"},"breadcrumb":{"@id":"https:\/\/blogg.svenskakyrkan.se\/insikten\/2021\/05\/12\/att-bygga-en-pilgrimsled\/#breadcrumb"},"inLanguage":"sv-SE","potentialAction":[{"@type":"ReadAction","target":["https:\/\/blogg.svenskakyrkan.se\/insikten\/2021\/05\/12\/att-bygga-en-pilgrimsled\/"]}]},{"@type":"ImageObject","inLanguage":"sv-SE","@id":"https:\/\/blogg.svenskakyrkan.se\/insikten\/2021\/05\/12\/att-bygga-en-pilgrimsled\/#primaryimage","url":"https:\/\/blogg.svenskakyrkan.se\/insikten\/files\/2021\/05\/Sk\u00e4rmavbild-2021-05-12-kl.-08.30.00.png","contentUrl":"https:\/\/blogg.svenskakyrkan.se\/insikten\/files\/2021\/05\/Sk\u00e4rmavbild-2021-05-12-kl.-08.30.00.png","width":502,"height":378},{"@type":"BreadcrumbList","@id":"https:\/\/blogg.svenskakyrkan.se\/insikten\/2021\/05\/12\/att-bygga-en-pilgrimsled\/#breadcrumb","itemListElement":[{"@type":"ListItem","position":1,"name":"Hem","item":"https:\/\/blogg.svenskakyrkan.se\/insikten\/"},{"@type":"ListItem","position":2,"name":"Att bygga en pilgrimsled"}]},{"@type":"WebSite","@id":"https:\/\/blogg.svenskakyrkan.se\/insikten\/#website","url":"https:\/\/blogg.svenskakyrkan.se\/insikten\/","name":"Insikten - Floby pastorat","description":"Insikter, utsikter och emellan\u00e5t \u00e4ven \u00e5sikter fr\u00e5n Floby pastorat i Skara stift.","potentialAction":[{"@type":"SearchAction","target":{"@type":"EntryPoint","urlTemplate":"https:\/\/blogg.svenskakyrkan.se\/insikten\/?s={search_term_string}"},"query-input":{"@type":"PropertyValueSpecification","valueRequired":true,"valueName":"search_term_string"}}],"inLanguage":"sv-SE"},{"@type":"Person","@id":"https:\/\/blogg.svenskakyrkan.se\/insikten\/#\/schema\/person\/5081f68a0318ddb64c879f7bc416ce8c","name":"Floby pastorat","image":{"@type":"ImageObject","inLanguage":"sv-SE","@id":"https:\/\/blogg.svenskakyrkan.se\/insikten\/#\/schema\/person\/image\/","url":"https:\/\/secure.gravatar.com\/avatar\/c63a9fd4196da95cea4408b67893dbdb9ec52ef568ee59a4578ad766986bebcd?s=96&d=mm&r=g","contentUrl":"https:\/\/secure.gravatar.com\/avatar\/c63a9fd4196da95cea4408b67893dbdb9ec52ef568ee59a4578ad766986bebcd?s=96&d=mm&r=g","caption":"Floby pastorat"},"url":"https:\/\/blogg.svenskakyrkan.se\/insikten\/author\/helenataubner\/"}]}},"author_meta":{"ID":"250","user_nicename":"helenataubner","user_registered":"2013-01-15 08:36:14","display_name":"Floby pastorat","avatar":"https:\/\/secure.gravatar.com\/avatar\/c63a9fd4196da95cea4408b67893dbdb9ec52ef568ee59a4578ad766986bebcd?s=96&d=mm&r=g"},"featured_image":["https:\/\/blogg.svenskakyrkan.se\/insikten\/files\/2021\/05\/Sk\u00e4rmavbild-2021-05-12-kl.-08.30.00.png",502,378,false],"bloginfo":{"name":"Insikten - Floby pastorat","url":"https:\/\/blogg.svenskakyrkan.se\/insikten"},"_links":{"self":[{"href":"https:\/\/blogg.svenskakyrkan.se\/insikten\/wp-json\/wp\/v2\/posts\/57","targetHints":{"allow":["GET"]}}],"collection":[{"href":"https:\/\/blogg.svenskakyrkan.se\/insikten\/wp-json\/wp\/v2\/posts"}],"about":[{"href":"https:\/\/blogg.svenskakyrkan.se\/insikten\/wp-json\/wp\/v2\/types\/post"}],"author":[{"embeddable":true,"href":"https:\/\/blogg.svenskakyrkan.se\/insikten\/wp-json\/wp\/v2\/users\/250"}],"replies":[{"embeddable":true,"href":"https:\/\/blogg.svenskakyrkan.se\/insikten\/wp-json\/wp\/v2\/comments?post=57"}],"version-history":[{"count":2,"href":"https:\/\/blogg.svenskakyrkan.se\/insikten\/wp-json\/wp\/v2\/posts\/57\/revisions"}],"predecessor-version":[{"id":65,"href":"https:\/\/blogg.svenskakyrkan.se\/insikten\/wp-json\/wp\/v2\/posts\/57\/revisions\/65"}],"wp:featuredmedia":[{"embeddable":true,"href":"https:\/\/blogg.svenskakyrkan.se\/insikten\/wp-json\/wp\/v2\/media\/58"}],"wp:attachment":[{"href":"https:\/\/blogg.svenskakyrkan.se\/insikten\/wp-json\/wp\/v2\/media?parent=57"}],"wp:term":[{"taxonomy":"category","embeddable":true,"href":"https:\/\/blogg.svenskakyrkan.se\/insikten\/wp-json\/wp\/v2\/categories?post=57"},{"taxonomy":"post_tag","embeddable":true,"href":"https:\/\/blogg.svenskakyrkan.se\/insikten\/wp-json\/wp\/v2\/tags?post=57"}],"curies":[{"name":"wp","href":"https:\/\/api.w.org\/{rel}","templated":true}]}}