{"id":60,"date":"2021-05-12T08:36:02","date_gmt":"2021-05-12T06:36:02","guid":{"rendered":"http:\/\/blogg.svenskakyrkan.se\/insikten\/?p=60"},"modified":"2021-05-12T08:40:02","modified_gmt":"2021-05-12T06:40:02","slug":"turistchefen-glads-at-vilskeleden","status":"publish","type":"post","link":"https:\/\/blogg.svenskakyrkan.se\/insikten\/2021\/05\/12\/turistchefen-glads-at-vilskeleden\/","title":{"rendered":"Turistchefen gl\u00e4ds \u00e5t Vilskeleden"},"content":{"rendered":"\n\n\n<p>Klara B\u00f6rjesson Ahlqvist, turistchef i Falk\u00f6pings kommun, \u00e4r full av beundran f\u00f6r Vilskeleden.<\/p>\n\n\n\n<p>\u2013 Ett fantastiskt initiativ som ligger helt r\u00e4tt i tiden! Fler s\u00f6ker sig till naturen och leden g\u00f6r att b\u00e5de kommuninv\u00e5nare och andra intresserade f\u00e5r uppleva v\u00e5r vackra trakt! s\u00e4ger hon.<\/p>\n\n\n\n<figure class=\"wp-block-image size-large\"><img loading=\"lazy\" decoding=\"async\" width=\"876\" height=\"1024\" src=\"https:\/\/blogg.svenskakyrkan.se\/insikten\/files\/2021\/05\/Sk\u00e4rmavbild-2021-05-12-kl.-08.34.37-876x1024.png\" alt=\"\" class=\"wp-image-62\" srcset=\"https:\/\/blogg.svenskakyrkan.se\/insikten\/files\/2021\/05\/Sk\u00e4rmavbild-2021-05-12-kl.-08.34.37-876x1024.png 876w, https:\/\/blogg.svenskakyrkan.se\/insikten\/files\/2021\/05\/Sk\u00e4rmavbild-2021-05-12-kl.-08.34.37-257x300.png 257w, https:\/\/blogg.svenskakyrkan.se\/insikten\/files\/2021\/05\/Sk\u00e4rmavbild-2021-05-12-kl.-08.34.37-768x897.png 768w, https:\/\/blogg.svenskakyrkan.se\/insikten\/files\/2021\/05\/Sk\u00e4rmavbild-2021-05-12-kl.-08.34.37-1200x1402.png 1200w, https:\/\/blogg.svenskakyrkan.se\/insikten\/files\/2021\/05\/Sk\u00e4rmavbild-2021-05-12-kl.-08.34.37.png 1270w\" sizes=\"auto, (max-width: 876px) 100vw, 876px\" \/><figcaption>Klara B\u00f6rjesson Ahlqvist samtalar med Erling Nyman om den nya pilgrimsleden. Hunden Svante inst\u00e4mmer i entusiasmen.<\/figcaption><\/figure>\n\n\n\n<h2 class=\"wp-block-heading\">Allt fler vandrar<\/h2>\n\n\n\n<p>F\u00f6r n\u00e5gra \u00e5r sedan tog Falk\u00f6pings kommun \u00f6ver driften av S:t Olofsleden mellan Falk\u00f6ping och Varnhem, s\u00e5 pilgrimsleder \u00e4r inget nytt f\u00f6r Klara. De senaste \u00e5ren har hon, hennes kollegor p\u00e5 Turismutveckling, samt turistbyr\u00e5n i Falk\u00f6ping m\u00e4rkt att intresset \u00f6kat. Med pandemin \u00e4r det fler och fler som l\u00e4ngtar ut, och vandringsleder ger bra m\u00f6jligheter att uppt\u00e4cka nya platser.<\/p>\n\n\n\n<p>\u2013 Vi har sett att de som vandrar blir fler, och vi m\u00e4rker att leden mellan Falk\u00f6ping och Varnhem \u00e4r uppskattad. B\u00e5de av dem som vandrar p\u00e5 den och av f\u00f6retagen utefter v\u00e4gen.<\/p>\n\n\n\n<p>F\u00f6r att g\u00f6ra leden attraktiv har kommunen satsat p\u00e5 att lyfta \u201dse, bo, \u00e4ta, g\u00f6ra\u201d, s\u00e5 att den som vandrar enkelt ska hitta restauranger, butiker och st\u00e4llen att \u00f6vernatta p\u00e5.<\/p>\n\n\n\n<p>\u2013 Det har ocks\u00e5 gjort att f\u00f6retagare utefter leden har hittat \u00e4nnu en ing\u00e5ng till sitt f\u00f6retag. Det gynnar b\u00e5de dem och vandrarna.<\/p>\n\n\n\n<h2 class=\"wp-block-heading\">S\u00e4kerhet och kvalitet<\/h2>\n\n\n\n<p>Att vandraren ska vara s\u00e4ker och leden h\u00e5lla h\u00f6g kvalitet var en viktig f\u00f6ruts\u00e4ttning f\u00f6r \u00f6verenskommelsen mellan Floby pastorat och Falk\u00f6pings kommun.<\/p>\n\n\n\n<p>\u2013 F\u00f6r att vi p\u00e5 Turismutveckling ska kunna lyfta in en vandringsled p\u00e5 kommunkartan och i kommunikationen s\u00e5 m\u00e5ste vi veta att de som g\u00e5r kommer fram dit de ska. Den ska vara kvalitetss\u00e4krad och underh\u00e5llas s\u00e5 att det funkar lika bra om tio \u00e5r som n\u00e4r den invigs.<\/p>\n\n\n\n<p>Hon vet av egen erfarenhet att det inneb\u00e4r mycket mer arbete \u00e4n man kan tro.<\/p>\n\n\n\n<p>\u2013 Det tar mycket tid och kraft att utveckla och underh\u00e5lla en vandringsled, b\u00e5de initialt och l\u00f6pande! Det m\u00e5ste till ett brett samarbete om stolpar, skyltar i och utanf\u00f6r samh\u00e4llen och kartor p\u00e5 webben. F\u00f6r v\u00e5r del ocks\u00e5 med f\u00f6reningarna som ska sk\u00f6ta underh\u00e5llet, med Pilgrim Skaraborg, med mark\u00e4garna l\u00e4ngs v\u00e4gen och Skara kommun.&nbsp;<\/p>\n\n\n\n<p>\u2013 Floby pastorat har ju gjort allt jobb fr\u00e5n scratch! s\u00e4ger hon och \u00e4r m\u00e4rkbart imponerad av arbetsinsatsen bakom och att det finns en l\u00e5ngsiktighet i planeringen.<\/p>\n\n\n\n<p>Klara lyfter fram pilgrimsledaren Erling Nyman och pastoratets arbete som ett skolexempel p\u00e5 hur leder ska skapas.<\/p>\n\n\n\n<p>\u2013 H\u00e4r har man utg\u00e5tt fr\u00e5n det nationella ramverket f\u00f6r vandringsleder och gjort allt ordentligt och r\u00e4tt fr\u00e5n b\u00f6rjan. Ofta skapas leder i tillf\u00e4lliga projekt och fr\u00e5gan blir med tiden vem som ska ta hand om den. Eftersom kyrkan som organisation st\u00e5r bakom Vilskeleden finns en p\u00e5litlig huvudman och vi p\u00e5 kommunen kan lita p\u00e5 att underh\u00e5llet \u00e4r s\u00e4kerst\u00e4llt f\u00f6r framtiden.<\/p>\n\n\n\n<h2 class=\"wp-block-heading\">Stora m\u00f6jligheter<\/h2>\n\n\n\n<p>Att Vilskeleden knyter an till S:t Olofsleden i \u00d6stra Tunhem, ser hon som en f\u00f6rdel. Den som vill kan vandra fr\u00e5n J\u00e4la till Varnhem p\u00e5 s\u00e4ker och v\u00e4lskyltad led. Det betyder att det finns m\u00f6jligheter till l\u00e4ngre vandringssemestrar i v\u00e5ra trakter.&nbsp;<\/p>\n\n\n\n<p>\u2013 Jag ser stora m\u00f6jligheter f\u00f6r att Vilskeleden skulle kunna bli ett regionalt utflyktsm\u00e5l, som lockar vandrare ocks\u00e5 utanf\u00f6r v\u00e5rt omr\u00e5de. Precis som Sk\u00e5neleden, Gotaleden och Bohusleden g\u00f6r, s\u00e4ger hon. Leden \u00e4r ett fantastiskt tillskott till det utbud vi redan har h\u00e4r i kommunen och i V\u00e4stra G\u00f6taland!<\/p>\n\n\n\n<p>\u2013 Vilskeleden passar alla som uppskattar att vandra, gammal som ung. Vi m\u00e5r bra av att r\u00f6ra p\u00e5 oss efter f\u00f6rm\u00e5ga och i egen takt, m\u00f6ta naturen och komma ut i friska luften. Men det \u00e4r ocks\u00e5 berikande att f\u00e5 se andra platser \u00e4n vanligt, som att g\u00e5 in i en kyrka l\u00e4ngs v\u00e4gen. Och faktiskt ocks\u00e5 viktigt f\u00f6r kunskaps\u00f6verf\u00f6ringen om v\u00e5ra vackra landskap och sev\u00e4rdheterna h\u00e4r.<\/p>\n\n\n\n<p>\u2013 Det h\u00e4r \u00e4r ett bra exempel p\u00e5 hur man ska g\u00f6ra, och ett gott samarbete mellan ideella, kommunen och kyrkan. Vilskeleden kan vi ber\u00e4tta om och veta att folk inte kommer att g\u00e5 vilse. Vi p\u00e5 Turismutveckling och n\u00e4ringslivsavdelningen \u00e4r glada och ni som bor i pastoratet kan vara stolta!<\/p>\n\n\n\n<p>Texten publicerades i Insikten 2-21. Se \u00e4ven <a href=\"https:\/\/blogg.svenskakyrkan.se\/insikten\/2021\/05\/12\/att-bygga-en-pilgrimsled\/\">https:\/\/blogg.svenskakyrkan.se\/insikten\/2021\/05\/12\/att-bygga-en-pilgrimsled\/<\/a><\/p>\n\n\n\n<p>L\u00e4s mer om pilgrimsarbetet i Floby pastorat:<a rel=\"noreferrer noopener\" href=\"http:\/\/www.svenskakyrkan.se\/floby\/pilgrim\" target=\"_blank\">http:\/\/www.svenskakyrkan.se\/floby\/pilgrim<\/a><\/p>\n","protected":false},"excerpt":{"rendered":"<p>Klara B\u00f6rjesson Ahlqvist, turistchef i Falk\u00f6pings kommun, \u00e4r full av beundran f\u00f6r Vilskeleden. \u2013 Ett fantastiskt initiativ som ligger helt r\u00e4tt i tiden! Fler s\u00f6ker sig till naturen och leden g\u00f6r att b\u00e5de kommuninv\u00e5nare och andra intresserade f\u00e5r uppleva v\u00e5r vackra trakt! s\u00e4ger hon. Allt fler vandrar F\u00f6r n\u00e5gra \u00e5r sedan tog Falk\u00f6pings kommun \u00f6ver [&hellip;]<\/p>\n","protected":false},"author":250,"featured_media":62,"comment_status":"open","ping_status":"open","sticky":false,"template":"","format":"standard","meta":{"_acf_changed":false,"footnotes":""},"categories":[6],"tags":[],"class_list":["post-60","post","type-post","status-publish","format-standard","has-post-thumbnail","hentry","category-pilgrim"],"acf":[],"yoast_head":"<!-- This site is optimized with the Yoast SEO plugin v27.1.1 - https:\/\/yoast.com\/product\/yoast-seo-wordpress\/ -->\n<title>Turistchefen gl\u00e4ds \u00e5t Vilskeleden - Insikten - Floby pastorat<\/title>\n<meta name=\"robots\" content=\"index, follow, max-snippet:-1, max-image-preview:large, max-video-preview:-1\" \/>\n<link rel=\"canonical\" href=\"https:\/\/blogg.svenskakyrkan.se\/insikten\/2021\/05\/12\/turistchefen-glads-at-vilskeleden\/\" \/>\n<meta property=\"og:locale\" content=\"sv_SE\" \/>\n<meta property=\"og:type\" content=\"article\" \/>\n<meta property=\"og:title\" content=\"Turistchefen gl\u00e4ds \u00e5t Vilskeleden - Insikten - Floby pastorat\" \/>\n<meta property=\"og:description\" content=\"Klara B\u00f6rjesson Ahlqvist, turistchef i Falk\u00f6pings kommun, \u00e4r full av beundran f\u00f6r Vilskeleden. \u2013 Ett fantastiskt initiativ som ligger helt r\u00e4tt i tiden! Fler s\u00f6ker sig till naturen och leden g\u00f6r att b\u00e5de kommuninv\u00e5nare och andra intresserade f\u00e5r uppleva v\u00e5r vackra trakt! s\u00e4ger hon. Allt fler vandrar F\u00f6r n\u00e5gra \u00e5r sedan tog Falk\u00f6pings kommun \u00f6ver [&hellip;]\" \/>\n<meta property=\"og:url\" content=\"https:\/\/blogg.svenskakyrkan.se\/insikten\/2021\/05\/12\/turistchefen-glads-at-vilskeleden\/\" \/>\n<meta property=\"og:site_name\" content=\"Insikten - Floby pastorat\" \/>\n<meta property=\"article:published_time\" content=\"2021-05-12T06:36:02+00:00\" \/>\n<meta property=\"article:modified_time\" content=\"2021-05-12T06:40:02+00:00\" \/>\n<meta property=\"og:image\" content=\"https:\/\/blogg.svenskakyrkan.se\/insikten\/files\/2021\/05\/Sk\u00e4rmavbild-2021-05-12-kl.-08.34.37-876x1024.png\" \/>\n\t<meta property=\"og:image:width\" content=\"876\" \/>\n\t<meta property=\"og:image:height\" content=\"1024\" \/>\n\t<meta property=\"og:image:type\" content=\"image\/png\" \/>\n<meta name=\"author\" content=\"Floby pastorat\" \/>\n<meta name=\"twitter:card\" content=\"summary_large_image\" \/>\n<meta name=\"twitter:label1\" content=\"Skriven av\" \/>\n\t<meta name=\"twitter:data1\" content=\"Floby pastorat\" \/>\n\t<meta name=\"twitter:label2\" content=\"Ber\u00e4knad l\u00e4stid\" \/>\n\t<meta name=\"twitter:data2\" content=\"4 minuter\" \/>\n<script type=\"application\/ld+json\" class=\"yoast-schema-graph\">{\"@context\":\"https:\/\/schema.org\",\"@graph\":[{\"@type\":\"Article\",\"@id\":\"https:\/\/blogg.svenskakyrkan.se\/insikten\/2021\/05\/12\/turistchefen-glads-at-vilskeleden\/#article\",\"isPartOf\":{\"@id\":\"https:\/\/blogg.svenskakyrkan.se\/insikten\/2021\/05\/12\/turistchefen-glads-at-vilskeleden\/\"},\"author\":{\"name\":\"Floby pastorat\",\"@id\":\"https:\/\/blogg.svenskakyrkan.se\/insikten\/#\/schema\/person\/5081f68a0318ddb64c879f7bc416ce8c\"},\"headline\":\"Turistchefen gl\u00e4ds \u00e5t Vilskeleden\",\"datePublished\":\"2021-05-12T06:36:02+00:00\",\"dateModified\":\"2021-05-12T06:40:02+00:00\",\"mainEntityOfPage\":{\"@id\":\"https:\/\/blogg.svenskakyrkan.se\/insikten\/2021\/05\/12\/turistchefen-glads-at-vilskeleden\/\"},\"wordCount\":814,\"commentCount\":0,\"image\":{\"@id\":\"https:\/\/blogg.svenskakyrkan.se\/insikten\/2021\/05\/12\/turistchefen-glads-at-vilskeleden\/#primaryimage\"},\"thumbnailUrl\":\"https:\/\/blogg.svenskakyrkan.se\/insikten\/files\/2021\/05\/Sk\u00e4rmavbild-2021-05-12-kl.-08.34.37.png\",\"articleSection\":[\"Pilgrim\"],\"inLanguage\":\"sv-SE\",\"potentialAction\":[{\"@type\":\"CommentAction\",\"name\":\"Comment\",\"target\":[\"https:\/\/blogg.svenskakyrkan.se\/insikten\/2021\/05\/12\/turistchefen-glads-at-vilskeleden\/#respond\"]}]},{\"@type\":\"WebPage\",\"@id\":\"https:\/\/blogg.svenskakyrkan.se\/insikten\/2021\/05\/12\/turistchefen-glads-at-vilskeleden\/\",\"url\":\"https:\/\/blogg.svenskakyrkan.se\/insikten\/2021\/05\/12\/turistchefen-glads-at-vilskeleden\/\",\"name\":\"Turistchefen gl\u00e4ds \u00e5t Vilskeleden - Insikten - Floby pastorat\",\"isPartOf\":{\"@id\":\"https:\/\/blogg.svenskakyrkan.se\/insikten\/#website\"},\"primaryImageOfPage\":{\"@id\":\"https:\/\/blogg.svenskakyrkan.se\/insikten\/2021\/05\/12\/turistchefen-glads-at-vilskeleden\/#primaryimage\"},\"image\":{\"@id\":\"https:\/\/blogg.svenskakyrkan.se\/insikten\/2021\/05\/12\/turistchefen-glads-at-vilskeleden\/#primaryimage\"},\"thumbnailUrl\":\"https:\/\/blogg.svenskakyrkan.se\/insikten\/files\/2021\/05\/Sk\u00e4rmavbild-2021-05-12-kl.-08.34.37.png\",\"datePublished\":\"2021-05-12T06:36:02+00:00\",\"dateModified\":\"2021-05-12T06:40:02+00:00\",\"author\":{\"@id\":\"https:\/\/blogg.svenskakyrkan.se\/insikten\/#\/schema\/person\/5081f68a0318ddb64c879f7bc416ce8c\"},\"breadcrumb\":{\"@id\":\"https:\/\/blogg.svenskakyrkan.se\/insikten\/2021\/05\/12\/turistchefen-glads-at-vilskeleden\/#breadcrumb\"},\"inLanguage\":\"sv-SE\",\"potentialAction\":[{\"@type\":\"ReadAction\",\"target\":[\"https:\/\/blogg.svenskakyrkan.se\/insikten\/2021\/05\/12\/turistchefen-glads-at-vilskeleden\/\"]}]},{\"@type\":\"ImageObject\",\"inLanguage\":\"sv-SE\",\"@id\":\"https:\/\/blogg.svenskakyrkan.se\/insikten\/2021\/05\/12\/turistchefen-glads-at-vilskeleden\/#primaryimage\",\"url\":\"https:\/\/blogg.svenskakyrkan.se\/insikten\/files\/2021\/05\/Sk\u00e4rmavbild-2021-05-12-kl.-08.34.37.png\",\"contentUrl\":\"https:\/\/blogg.svenskakyrkan.se\/insikten\/files\/2021\/05\/Sk\u00e4rmavbild-2021-05-12-kl.-08.34.37.png\",\"width\":1270,\"height\":1484},{\"@type\":\"BreadcrumbList\",\"@id\":\"https:\/\/blogg.svenskakyrkan.se\/insikten\/2021\/05\/12\/turistchefen-glads-at-vilskeleden\/#breadcrumb\",\"itemListElement\":[{\"@type\":\"ListItem\",\"position\":1,\"name\":\"Hem\",\"item\":\"https:\/\/blogg.svenskakyrkan.se\/insikten\/\"},{\"@type\":\"ListItem\",\"position\":2,\"name\":\"Turistchefen gl\u00e4ds \u00e5t Vilskeleden\"}]},{\"@type\":\"WebSite\",\"@id\":\"https:\/\/blogg.svenskakyrkan.se\/insikten\/#website\",\"url\":\"https:\/\/blogg.svenskakyrkan.se\/insikten\/\",\"name\":\"Insikten - Floby pastorat\",\"description\":\"Insikter, utsikter och emellan\u00e5t \u00e4ven \u00e5sikter fr\u00e5n Floby pastorat i Skara stift.\",\"potentialAction\":[{\"@type\":\"SearchAction\",\"target\":{\"@type\":\"EntryPoint\",\"urlTemplate\":\"https:\/\/blogg.svenskakyrkan.se\/insikten\/?s={search_term_string}\"},\"query-input\":{\"@type\":\"PropertyValueSpecification\",\"valueRequired\":true,\"valueName\":\"search_term_string\"}}],\"inLanguage\":\"sv-SE\"},{\"@type\":\"Person\",\"@id\":\"https:\/\/blogg.svenskakyrkan.se\/insikten\/#\/schema\/person\/5081f68a0318ddb64c879f7bc416ce8c\",\"name\":\"Floby pastorat\",\"image\":{\"@type\":\"ImageObject\",\"inLanguage\":\"sv-SE\",\"@id\":\"https:\/\/blogg.svenskakyrkan.se\/insikten\/#\/schema\/person\/image\/\",\"url\":\"https:\/\/secure.gravatar.com\/avatar\/c63a9fd4196da95cea4408b67893dbdb9ec52ef568ee59a4578ad766986bebcd?s=96&d=mm&r=g\",\"contentUrl\":\"https:\/\/secure.gravatar.com\/avatar\/c63a9fd4196da95cea4408b67893dbdb9ec52ef568ee59a4578ad766986bebcd?s=96&d=mm&r=g\",\"caption\":\"Floby pastorat\"},\"url\":\"https:\/\/blogg.svenskakyrkan.se\/insikten\/author\/helenataubner\/\"}]}<\/script>\n<!-- \/ Yoast SEO plugin. -->","yoast_head_json":{"title":"Turistchefen gl\u00e4ds \u00e5t Vilskeleden - Insikten - Floby pastorat","robots":{"index":"index","follow":"follow","max-snippet":"max-snippet:-1","max-image-preview":"max-image-preview:large","max-video-preview":"max-video-preview:-1"},"canonical":"https:\/\/blogg.svenskakyrkan.se\/insikten\/2021\/05\/12\/turistchefen-glads-at-vilskeleden\/","og_locale":"sv_SE","og_type":"article","og_title":"Turistchefen gl\u00e4ds \u00e5t Vilskeleden - Insikten - Floby pastorat","og_description":"Klara B\u00f6rjesson Ahlqvist, turistchef i Falk\u00f6pings kommun, \u00e4r full av beundran f\u00f6r Vilskeleden. \u2013 Ett fantastiskt initiativ som ligger helt r\u00e4tt i tiden! Fler s\u00f6ker sig till naturen och leden g\u00f6r att b\u00e5de kommuninv\u00e5nare och andra intresserade f\u00e5r uppleva v\u00e5r vackra trakt! s\u00e4ger hon. Allt fler vandrar F\u00f6r n\u00e5gra \u00e5r sedan tog Falk\u00f6pings kommun \u00f6ver [&hellip;]","og_url":"https:\/\/blogg.svenskakyrkan.se\/insikten\/2021\/05\/12\/turistchefen-glads-at-vilskeleden\/","og_site_name":"Insikten - Floby pastorat","article_published_time":"2021-05-12T06:36:02+00:00","article_modified_time":"2021-05-12T06:40:02+00:00","og_image":[{"width":876,"height":1024,"url":"https:\/\/blogg.svenskakyrkan.se\/insikten\/files\/2021\/05\/Sk\u00e4rmavbild-2021-05-12-kl.-08.34.37-876x1024.png","type":"image\/png"}],"author":"Floby pastorat","twitter_card":"summary_large_image","twitter_misc":{"Skriven av":"Floby pastorat","Ber\u00e4knad l\u00e4stid":"4 minuter"},"schema":{"@context":"https:\/\/schema.org","@graph":[{"@type":"Article","@id":"https:\/\/blogg.svenskakyrkan.se\/insikten\/2021\/05\/12\/turistchefen-glads-at-vilskeleden\/#article","isPartOf":{"@id":"https:\/\/blogg.svenskakyrkan.se\/insikten\/2021\/05\/12\/turistchefen-glads-at-vilskeleden\/"},"author":{"name":"Floby pastorat","@id":"https:\/\/blogg.svenskakyrkan.se\/insikten\/#\/schema\/person\/5081f68a0318ddb64c879f7bc416ce8c"},"headline":"Turistchefen gl\u00e4ds \u00e5t Vilskeleden","datePublished":"2021-05-12T06:36:02+00:00","dateModified":"2021-05-12T06:40:02+00:00","mainEntityOfPage":{"@id":"https:\/\/blogg.svenskakyrkan.se\/insikten\/2021\/05\/12\/turistchefen-glads-at-vilskeleden\/"},"wordCount":814,"commentCount":0,"image":{"@id":"https:\/\/blogg.svenskakyrkan.se\/insikten\/2021\/05\/12\/turistchefen-glads-at-vilskeleden\/#primaryimage"},"thumbnailUrl":"https:\/\/blogg.svenskakyrkan.se\/insikten\/files\/2021\/05\/Sk\u00e4rmavbild-2021-05-12-kl.-08.34.37.png","articleSection":["Pilgrim"],"inLanguage":"sv-SE","potentialAction":[{"@type":"CommentAction","name":"Comment","target":["https:\/\/blogg.svenskakyrkan.se\/insikten\/2021\/05\/12\/turistchefen-glads-at-vilskeleden\/#respond"]}]},{"@type":"WebPage","@id":"https:\/\/blogg.svenskakyrkan.se\/insikten\/2021\/05\/12\/turistchefen-glads-at-vilskeleden\/","url":"https:\/\/blogg.svenskakyrkan.se\/insikten\/2021\/05\/12\/turistchefen-glads-at-vilskeleden\/","name":"Turistchefen gl\u00e4ds \u00e5t Vilskeleden - Insikten - Floby pastorat","isPartOf":{"@id":"https:\/\/blogg.svenskakyrkan.se\/insikten\/#website"},"primaryImageOfPage":{"@id":"https:\/\/blogg.svenskakyrkan.se\/insikten\/2021\/05\/12\/turistchefen-glads-at-vilskeleden\/#primaryimage"},"image":{"@id":"https:\/\/blogg.svenskakyrkan.se\/insikten\/2021\/05\/12\/turistchefen-glads-at-vilskeleden\/#primaryimage"},"thumbnailUrl":"https:\/\/blogg.svenskakyrkan.se\/insikten\/files\/2021\/05\/Sk\u00e4rmavbild-2021-05-12-kl.-08.34.37.png","datePublished":"2021-05-12T06:36:02+00:00","dateModified":"2021-05-12T06:40:02+00:00","author":{"@id":"https:\/\/blogg.svenskakyrkan.se\/insikten\/#\/schema\/person\/5081f68a0318ddb64c879f7bc416ce8c"},"breadcrumb":{"@id":"https:\/\/blogg.svenskakyrkan.se\/insikten\/2021\/05\/12\/turistchefen-glads-at-vilskeleden\/#breadcrumb"},"inLanguage":"sv-SE","potentialAction":[{"@type":"ReadAction","target":["https:\/\/blogg.svenskakyrkan.se\/insikten\/2021\/05\/12\/turistchefen-glads-at-vilskeleden\/"]}]},{"@type":"ImageObject","inLanguage":"sv-SE","@id":"https:\/\/blogg.svenskakyrkan.se\/insikten\/2021\/05\/12\/turistchefen-glads-at-vilskeleden\/#primaryimage","url":"https:\/\/blogg.svenskakyrkan.se\/insikten\/files\/2021\/05\/Sk\u00e4rmavbild-2021-05-12-kl.-08.34.37.png","contentUrl":"https:\/\/blogg.svenskakyrkan.se\/insikten\/files\/2021\/05\/Sk\u00e4rmavbild-2021-05-12-kl.-08.34.37.png","width":1270,"height":1484},{"@type":"BreadcrumbList","@id":"https:\/\/blogg.svenskakyrkan.se\/insikten\/2021\/05\/12\/turistchefen-glads-at-vilskeleden\/#breadcrumb","itemListElement":[{"@type":"ListItem","position":1,"name":"Hem","item":"https:\/\/blogg.svenskakyrkan.se\/insikten\/"},{"@type":"ListItem","position":2,"name":"Turistchefen gl\u00e4ds \u00e5t Vilskeleden"}]},{"@type":"WebSite","@id":"https:\/\/blogg.svenskakyrkan.se\/insikten\/#website","url":"https:\/\/blogg.svenskakyrkan.se\/insikten\/","name":"Insikten - Floby pastorat","description":"Insikter, utsikter och emellan\u00e5t \u00e4ven \u00e5sikter fr\u00e5n Floby pastorat i Skara stift.","potentialAction":[{"@type":"SearchAction","target":{"@type":"EntryPoint","urlTemplate":"https:\/\/blogg.svenskakyrkan.se\/insikten\/?s={search_term_string}"},"query-input":{"@type":"PropertyValueSpecification","valueRequired":true,"valueName":"search_term_string"}}],"inLanguage":"sv-SE"},{"@type":"Person","@id":"https:\/\/blogg.svenskakyrkan.se\/insikten\/#\/schema\/person\/5081f68a0318ddb64c879f7bc416ce8c","name":"Floby pastorat","image":{"@type":"ImageObject","inLanguage":"sv-SE","@id":"https:\/\/blogg.svenskakyrkan.se\/insikten\/#\/schema\/person\/image\/","url":"https:\/\/secure.gravatar.com\/avatar\/c63a9fd4196da95cea4408b67893dbdb9ec52ef568ee59a4578ad766986bebcd?s=96&d=mm&r=g","contentUrl":"https:\/\/secure.gravatar.com\/avatar\/c63a9fd4196da95cea4408b67893dbdb9ec52ef568ee59a4578ad766986bebcd?s=96&d=mm&r=g","caption":"Floby pastorat"},"url":"https:\/\/blogg.svenskakyrkan.se\/insikten\/author\/helenataubner\/"}]}},"author_meta":{"ID":"250","user_nicename":"helenataubner","user_registered":"2013-01-15 08:36:14","display_name":"Floby pastorat","avatar":"https:\/\/secure.gravatar.com\/avatar\/c63a9fd4196da95cea4408b67893dbdb9ec52ef568ee59a4578ad766986bebcd?s=96&d=mm&r=g"},"featured_image":["https:\/\/blogg.svenskakyrkan.se\/insikten\/files\/2021\/05\/Sk\u00e4rmavbild-2021-05-12-kl.-08.34.37-876x1024.png",876,1024,true],"bloginfo":{"name":"Insikten - Floby pastorat","url":"https:\/\/blogg.svenskakyrkan.se\/insikten"},"_links":{"self":[{"href":"https:\/\/blogg.svenskakyrkan.se\/insikten\/wp-json\/wp\/v2\/posts\/60","targetHints":{"allow":["GET"]}}],"collection":[{"href":"https:\/\/blogg.svenskakyrkan.se\/insikten\/wp-json\/wp\/v2\/posts"}],"about":[{"href":"https:\/\/blogg.svenskakyrkan.se\/insikten\/wp-json\/wp\/v2\/types\/post"}],"author":[{"embeddable":true,"href":"https:\/\/blogg.svenskakyrkan.se\/insikten\/wp-json\/wp\/v2\/users\/250"}],"replies":[{"embeddable":true,"href":"https:\/\/blogg.svenskakyrkan.se\/insikten\/wp-json\/wp\/v2\/comments?post=60"}],"version-history":[{"count":3,"href":"https:\/\/blogg.svenskakyrkan.se\/insikten\/wp-json\/wp\/v2\/posts\/60\/revisions"}],"predecessor-version":[{"id":64,"href":"https:\/\/blogg.svenskakyrkan.se\/insikten\/wp-json\/wp\/v2\/posts\/60\/revisions\/64"}],"wp:featuredmedia":[{"embeddable":true,"href":"https:\/\/blogg.svenskakyrkan.se\/insikten\/wp-json\/wp\/v2\/media\/62"}],"wp:attachment":[{"href":"https:\/\/blogg.svenskakyrkan.se\/insikten\/wp-json\/wp\/v2\/media?parent=60"}],"wp:term":[{"taxonomy":"category","embeddable":true,"href":"https:\/\/blogg.svenskakyrkan.se\/insikten\/wp-json\/wp\/v2\/categories?post=60"},{"taxonomy":"post_tag","embeddable":true,"href":"https:\/\/blogg.svenskakyrkan.se\/insikten\/wp-json\/wp\/v2\/tags?post=60"}],"curies":[{"name":"wp","href":"https:\/\/api.w.org\/{rel}","templated":true}]}}