{"id":66,"date":"2021-05-12T08:45:50","date_gmt":"2021-05-12T06:45:50","guid":{"rendered":"http:\/\/blogg.svenskakyrkan.se\/insikten\/?p=66"},"modified":"2021-05-12T08:46:20","modified_gmt":"2021-05-12T06:46:20","slug":"vagen-till-tro-ar-personlig","status":"publish","type":"post","link":"https:\/\/blogg.svenskakyrkan.se\/insikten\/2021\/05\/12\/vagen-till-tro-ar-personlig\/","title":{"rendered":"V\u00e4gen till tro \u00e4r personlig"},"content":{"rendered":"\n\n\n<p>Jag, Lotta Kjerrman, m\u00f6ter Hugo i entr\u00e9n till pastoratsexpeditionen i Floby. Med ett varmt leende och nyfikna \u00f6gon kommer han g\u00e5endes mot mig. Vi skjuter glatt fram v\u00e5ra armb\u00e5gar i en Corona-h\u00e4lsning. Hugo \u00e4r pastoratets senaste tillskott i konfirmandverksamheten d\u00e4r han engagerar sig som ideell ledare.<\/p>\n\n\n\n<figure class=\"wp-block-image size-large\"><img loading=\"lazy\" decoding=\"async\" width=\"1024\" height=\"617\" src=\"https:\/\/blogg.svenskakyrkan.se\/insikten\/files\/2021\/05\/Sk\u00e4rmavbild-2021-05-12-kl.-08.44.44-1024x617.png\" alt=\"\" class=\"wp-image-68\" srcset=\"https:\/\/blogg.svenskakyrkan.se\/insikten\/files\/2021\/05\/Sk\u00e4rmavbild-2021-05-12-kl.-08.44.44-1024x617.png 1024w, https:\/\/blogg.svenskakyrkan.se\/insikten\/files\/2021\/05\/Sk\u00e4rmavbild-2021-05-12-kl.-08.44.44-300x181.png 300w, https:\/\/blogg.svenskakyrkan.se\/insikten\/files\/2021\/05\/Sk\u00e4rmavbild-2021-05-12-kl.-08.44.44-768x463.png 768w, https:\/\/blogg.svenskakyrkan.se\/insikten\/files\/2021\/05\/Sk\u00e4rmavbild-2021-05-12-kl.-08.44.44-1200x723.png 1200w, https:\/\/blogg.svenskakyrkan.se\/insikten\/files\/2021\/05\/Sk\u00e4rmavbild-2021-05-12-kl.-08.44.44.png 1222w\" sizes=\"auto, (max-width: 1024px) 100vw, 1024px\" \/><figcaption>Ber\u00e4ttelsen om Nils Holgersson ledde Hugo till Sverige och Floby.<\/figcaption><\/figure>\n\n\n\n<h2 class=\"wp-block-heading\">Nils Holgersson p\u00e5 kinesiska<\/h2>\n\n\n\n<p>Hugo f\u00f6ddes i sydv\u00e4stra Kina 1977. Vid ett \u00e5rs \u00e5lder l\u00e4mnas han, p\u00e5 grund av tuffa levnadsf\u00f6rh\u00e5llanden, till sin farmor i nord\u00f6stra Kina. N\u00e4r hans f\u00f6r\u00e4ldrar till sist flyttar dit har han inte sett dem p\u00e5 \u00f6ver sex \u00e5r. Som barn tittade Hugo p\u00e5 en japansk barnserie, en dramatisering av Selma Lagerl\u00f6fs \u201dNils Holgerssons underbara resa genom Sverige\u201d, som \u00f6versatts till kinesiska.&nbsp;<\/p>\n\n\n\n<p>\u2013 Jag \u00e4lskade serien. Jag tittade p\u00e5 ett avsnitt i veckan under ett helt \u00e5r. Jag var s\u00e5 fascinerad av Sverige, ett riktigt sagoland, ber\u00e4ttar Hugo.&nbsp;<\/p>\n\n\n\n<p>Vid 14 \u00e5rs \u00e5lder \u00e4r det \u00e5ter dags f\u00f6r en separation. Denna g\u00e5ng flyttar Hugo ensam tillbaka till sydv\u00e4stra Kina f\u00f6r att bo hos sin moster och g\u00e5 i skolan p\u00e5 orten.&nbsp;<\/p>\n\n\n\n<p>\u2013 Jag var inte det l\u00e4ttaste barnet. Jag trotsade hela tiden och gjorde dumma saker. Men jag inspirerades av Nils. Han var ju ocks\u00e5 en st\u00f6kig och busig pojk men blev en fin m\u00e4nniska till slut, s\u00e4ger Hugo och ler.<\/p>\n\n\n\n<h2 class=\"wp-block-heading\">L\u00e4ngtan efter n\u00e5got nytt<\/h2>\n\n\n\n<p>Hugo forts\u00e4tter i skolan men \u00e4r s\u00e4llan d\u00e4r. Han trivs inte och skolkar sig igenom b\u00e5de gymnasiet och universitetet och till sist hoppar han av, 23 \u00e5r gammal.&nbsp;<\/p>\n\n\n\n<p>\u2013 Jag passade aldrig in i milj\u00f6n, i systemet. Jag l\u00e4ngtade efter n\u00e5got nytt, n\u00e5got annat, men visste inte vad. Det var d\u00e5 jag best\u00e4mde mig f\u00f6r att resa till Sverige och uppleva sagolandet fr\u00e5n barndomen, ber\u00e4ttar Hugo.<\/p>\n\n\n\n<p>Utan resplan packar han en liten v\u00e4ska och l\u00e4mnar allt bakom sig. V\u00e4l i Sverige s\u00f6ker Hugo in till universitetet i Kristianstad och l\u00e4ser pedagogik, med inriktning barn, under ett \u00e5r.&nbsp;<\/p>\n\n\n\n<p>\u2013 Jag fattade ingenting till en b\u00f6rjan, s\u00e4ger Hugo och skrattar.&nbsp;<\/p>\n\n\n\n<h2 class=\"wp-block-heading\">Studier i spr\u00e5k och kultur<\/h2>\n\n\n\n<p>D\u00e4refter blev det studier i svensk kultur och samh\u00e4lle vid universitetet i G\u00f6teborg och sedan studier och arbete som l\u00e4rare vid universitetet i Ume\u00e5. H\u00e4r tr\u00e4ffar han Anders, en logoped, som kom att bli hans personliga livsguide.&nbsp;<\/p>\n\n\n\n<p>\u2013 Tyv\u00e4rr var jag fortfarande lat och skolkade f\u00f6r det mesta. Jag l\u00e5g hemma i soffan och kollade p\u00e5 filmer eller program av Utbildningsradion. Men jag visste att jag beh\u00f6vde bli godk\u00e4nd i svenska f\u00f6r att f\u00e5 ut min examen. S\u00e5 det blev ytterligare studier i Stockholm och Lund vilket resulterade i tv\u00e5 masters i spr\u00e5kinl\u00e4rning och spr\u00e5kvetenskap. Sedan dess har jag undervisat i spr\u00e5k.<\/p>\n\n\n\n<p>\u2013 Tack vare Anders hamnade jag i Floby. Jag trivs j\u00e4ttebra h\u00e4r. Milj\u00f6n med bergsplat\u00e5erna p\u00e5minner om min uppv\u00e4xt hos farmor, vi bodde s\u00e5, ber\u00e4ttar Hugo.&nbsp;<\/p>\n\n\n\n<p>P\u00e5 ett m\u00e4rkligt s\u00e4tt har han ocks\u00e5 \u00e5terf\u00f6renats med sina f\u00f6r\u00e4ldrar. Hans pappa hade en l\u00e4ngtan till friheten i v\u00e4st. Han fick aldrig uppleva den men hans aska ligger p\u00e5 Floby kyrkog\u00e5rd. Hugos mamma kom f\u00f6r ett kortare bes\u00f6k f\u00f6rra \u00e5ret men har blivit kvar sedan dess d\u00e5 v\u00e4rlden drabbades av Corona och gr\u00e4nserna st\u00e4ngdes.&nbsp;<\/p>\n\n\n\n<p>\u2013 Jag har varit p\u00e5 resande fot hela livet, jag tillh\u00f6r inte n\u00e5gon eller n\u00e5gonstans men Floby har blivit mitt hem. H\u00e4r vill jag bo! utbrister Hugo.<\/p>\n\n\n\n<h2 class=\"wp-block-heading\">V\u00e4xer med ungdomarna<\/h2>\n\n\n\n<p>Det var n\u00e4r Hugos pappa skulle begravas som han fick kontakt med Svenska kyrkan i Floby. I flera \u00e5r d\u00e4refter gick han p\u00e5 sj\u00e4lav\u00e5rdssamtal hos pr\u00e4sten Anita Karl\u00e9n.&nbsp;<\/p>\n\n\n\n<p>\u2013 Anita har hj\u00e4lp mig s\u00e5 mycket och jag k\u00e4nde att jag ville ge tillbaka, bidra med n\u00e5got. N\u00e4r jag fick fr\u00e5gan i h\u00f6stas om att hj\u00e4lpa till med konfirmanderna s\u00e5 blev jag j\u00e4tteglad. Lena, Matilda och Jenny \u00e4r fantastiska ledare. De \u00e4r duktiga p\u00e5 att f\u00f6rklara och att engagera. Jag har f\u00e5tt v\u00e4xa tillsammans med ungdomarna och l\u00e4rt mig grunden i kristen tro. Vi har l\u00e4rt av varandra.&nbsp;<\/p>\n\n\n\n<p>\u2013 Men ska jag vara \u00e4rlig s\u00e5 har nog ungdomarna gett mig mer \u00e4n vad jag har gett dem, s\u00e4ger Hugo och skrattar hj\u00e4rtligt. Jag \u00e4r varken d\u00f6pt, konfirmerad eller kristen. Jag vill bli det men k\u00e4nner mig inte redo \u00e4n. Jag t\u00e4nker fortfarande d\u00e5liga tankar, g\u00f6r d\u00e5liga saker och g\u00f6r d\u00e5liga val. Trots att jag \u00e4r 43 \u00e5r \u00e4r jag lika lat, bortsk\u00e4md och oansvarig som jag var som barn. N\u00e4r jag d\u00f6r kommer nog Gud att s\u00e4ga \u201dVad sk\u00f6nt, nu \u00e4r ditt liv f\u00e4rdigt, nu beh\u00f6ver jag inte ta hand om dig mer\u201d. Det \u00e4r bra, d\u00e5 f\u00e5r han tid till att ta hand om n\u00e5gon annan, s\u00e4ger Hugo och skrattar igen.<\/p>\n\n\n\n<p>Hugo identifierar sig med barn och ungdomar som k\u00e4nner sig utanf\u00f6r. Han vill hj\u00e4lpa dem men po\u00e4ngterar samtidigt att han inte \u00e4r mogen f\u00f6r att ta n\u00e5got st\u00f6rre ansvar.&nbsp;<\/p>\n\n\n\n<p>\u2013 Jag har lite problem med t\u00e5lamodet. N\u00e4r barnen testar mina gr\u00e4nser s\u00e5 brister jag. D\u00e5 sk\u00e4ller jag f\u00f6rst p\u00e5 dem, sedan f\u00e5r jag d\u00e5ligt samvete, \u00e5ngrar mig och ber om urs\u00e4kt. Jag ser mig sj\u00e4lv i barnen och blir f\u00f6rv\u00e5nad att jag reagerar som jag g\u00f6r. Det \u00e4r nog min str\u00e4nga uppv\u00e4xt som p\u00e5verkar. De r\u00e4nderna g\u00e5r aldrig ur, s\u00e4ger Hugo.<\/p>\n\n\n\n<p>\u2013 Jag vill hj\u00e4lpa till, se ett barns utveckling men l\u00e4mna ansvaret till n\u00e5gon annan. T\u00e4nk dig en bit lera. Jag \u00e4r med och formar den men \u00f6verl\u00e5ter sedan den kladdiga leran till n\u00e5gon annan att g\u00f6ra n\u00e5got fint av, avslutar Hugo.<\/p>\n\n\n\n<h2 class=\"wp-block-heading\">Du \u00e4r redan \u00e4lskad<\/h2>\n\n\n\n<p>N\u00e4r jag h\u00f6r Hugo ber\u00e4tta om sitt liv kan jag inte annat \u00e4n f\u00f6rundras, av b\u00e5de hans ber\u00e4ttelse men \u00e4ven av honom som person. Vi \u00e4r till synes tv\u00e5 helt olika individer p\u00e5 ytan men med brottas med samma tankar p\u00e5 djupet. K\u00e4nslan av att inte vara tillr\u00e4ckligt god, tillr\u00e4ckligt kunnig eller tillr\u00e4ckligt kristen f\u00f6r att f\u00e5 vara med i Guds familj. R\u00e4dslan av att inte passa in och att inte duga som man \u00e4r.&nbsp;<\/p>\n\n\n\n<p>Men samtalet med Hugo f\u00e5r mig ocks\u00e5 att inse att v\u00e4gen till tro inte \u00e4r en t\u00e4vling d\u00e4r vi graderas, v\u00e4rderas och prisas f\u00f6r v\u00e5ra insatser. Tro handlar om viljan att g\u00f6ra gott utifr\u00e5n de f\u00f6rm\u00e5gor vi har. Vi f\u00f6ds med olika f\u00f6ruts\u00e4ttningar och v\u00e4gen till tro b\u00f6rjar d\u00e4r vi st\u00e5r. Och v\u00e4gen leder inte till n\u00e5gon yttre destination utan till v\u00e5r inre gudomliga k\u00e4lla. Det handlar allts\u00e5 om att hitta sig sj\u00e4lv och dela med sig av sina g\u00e5vor.&nbsp;<\/p>\n\n\n\n<p>S\u00e5 \u00e4r du \u00e4r en av dem som t\u00e4nker och k\u00e4nner som Hugo? Sluta oroa dig! Du \u00e4r redan en del av Guds familj och du \u00e4r \u00e4lskad precis som du \u00e4r.<\/p>\n\n\n\n<p><em>Lotta Kjerrman<\/em>, kanslist och kommunikat\u00f6r<\/p>\n\n\n\n<p>Texten publicerades i Insikten 2-21.<\/p>\n","protected":false},"excerpt":{"rendered":"<p>Jag, Lotta Kjerrman, m\u00f6ter Hugo i entr\u00e9n till pastoratsexpeditionen i Floby. Med ett varmt leende och nyfikna \u00f6gon kommer han g\u00e5endes mot mig. Vi skjuter glatt fram v\u00e5ra armb\u00e5gar i en Corona-h\u00e4lsning. Hugo \u00e4r pastoratets senaste tillskott i konfirmandverksamheten d\u00e4r han engagerar sig som ideell ledare. Nils Holgersson p\u00e5 kinesiska Hugo f\u00f6ddes i sydv\u00e4stra Kina [&hellip;]<\/p>\n","protected":false},"author":250,"featured_media":68,"comment_status":"open","ping_status":"open","sticky":false,"template":"","format":"standard","meta":{"_acf_changed":false,"footnotes":""},"categories":[7],"tags":[],"class_list":["post-66","post","type-post","status-publish","format-standard","has-post-thumbnail","hentry","category-engagemang"],"acf":[],"yoast_head":"<!-- This site is optimized with the Yoast SEO plugin v27.1.1 - https:\/\/yoast.com\/product\/yoast-seo-wordpress\/ -->\n<title>V\u00e4gen till tro \u00e4r personlig - Insikten - Floby pastorat<\/title>\n<meta name=\"robots\" content=\"index, follow, max-snippet:-1, max-image-preview:large, max-video-preview:-1\" \/>\n<link rel=\"canonical\" href=\"https:\/\/blogg.svenskakyrkan.se\/insikten\/2021\/05\/12\/vagen-till-tro-ar-personlig\/\" \/>\n<meta property=\"og:locale\" content=\"sv_SE\" \/>\n<meta property=\"og:type\" content=\"article\" \/>\n<meta property=\"og:title\" content=\"V\u00e4gen till tro \u00e4r personlig - Insikten - Floby pastorat\" \/>\n<meta property=\"og:description\" content=\"Jag, Lotta Kjerrman, m\u00f6ter Hugo i entr\u00e9n till pastoratsexpeditionen i Floby. Med ett varmt leende och nyfikna \u00f6gon kommer han g\u00e5endes mot mig. Vi skjuter glatt fram v\u00e5ra armb\u00e5gar i en Corona-h\u00e4lsning. Hugo \u00e4r pastoratets senaste tillskott i konfirmandverksamheten d\u00e4r han engagerar sig som ideell ledare. Nils Holgersson p\u00e5 kinesiska Hugo f\u00f6ddes i sydv\u00e4stra Kina [&hellip;]\" \/>\n<meta property=\"og:url\" content=\"https:\/\/blogg.svenskakyrkan.se\/insikten\/2021\/05\/12\/vagen-till-tro-ar-personlig\/\" \/>\n<meta property=\"og:site_name\" content=\"Insikten - Floby pastorat\" \/>\n<meta property=\"article:published_time\" content=\"2021-05-12T06:45:50+00:00\" \/>\n<meta property=\"article:modified_time\" content=\"2021-05-12T06:46:20+00:00\" \/>\n<meta property=\"og:image\" content=\"https:\/\/blogg.svenskakyrkan.se\/insikten\/files\/2021\/05\/Sk\u00e4rmavbild-2021-05-12-kl.-08.44.44.png\" \/>\n\t<meta property=\"og:image:width\" content=\"1222\" \/>\n\t<meta property=\"og:image:height\" content=\"736\" \/>\n\t<meta property=\"og:image:type\" content=\"image\/png\" \/>\n<meta name=\"author\" content=\"Floby pastorat\" \/>\n<meta name=\"twitter:card\" content=\"summary_large_image\" \/>\n<meta name=\"twitter:label1\" content=\"Skriven av\" \/>\n\t<meta name=\"twitter:data1\" content=\"Floby pastorat\" \/>\n\t<meta name=\"twitter:label2\" content=\"Ber\u00e4knad l\u00e4stid\" \/>\n\t<meta name=\"twitter:data2\" content=\"6 minuter\" \/>\n<script type=\"application\/ld+json\" class=\"yoast-schema-graph\">{\"@context\":\"https:\/\/schema.org\",\"@graph\":[{\"@type\":\"Article\",\"@id\":\"https:\/\/blogg.svenskakyrkan.se\/insikten\/2021\/05\/12\/vagen-till-tro-ar-personlig\/#article\",\"isPartOf\":{\"@id\":\"https:\/\/blogg.svenskakyrkan.se\/insikten\/2021\/05\/12\/vagen-till-tro-ar-personlig\/\"},\"author\":{\"name\":\"Floby pastorat\",\"@id\":\"https:\/\/blogg.svenskakyrkan.se\/insikten\/#\/schema\/person\/5081f68a0318ddb64c879f7bc416ce8c\"},\"headline\":\"V\u00e4gen till tro \u00e4r personlig\",\"datePublished\":\"2021-05-12T06:45:50+00:00\",\"dateModified\":\"2021-05-12T06:46:20+00:00\",\"mainEntityOfPage\":{\"@id\":\"https:\/\/blogg.svenskakyrkan.se\/insikten\/2021\/05\/12\/vagen-till-tro-ar-personlig\/\"},\"wordCount\":1302,\"commentCount\":0,\"image\":{\"@id\":\"https:\/\/blogg.svenskakyrkan.se\/insikten\/2021\/05\/12\/vagen-till-tro-ar-personlig\/#primaryimage\"},\"thumbnailUrl\":\"https:\/\/blogg.svenskakyrkan.se\/insikten\/files\/2021\/05\/Sk\u00e4rmavbild-2021-05-12-kl.-08.44.44.png\",\"articleSection\":[\"Engagemang\"],\"inLanguage\":\"sv-SE\",\"potentialAction\":[{\"@type\":\"CommentAction\",\"name\":\"Comment\",\"target\":[\"https:\/\/blogg.svenskakyrkan.se\/insikten\/2021\/05\/12\/vagen-till-tro-ar-personlig\/#respond\"]}]},{\"@type\":\"WebPage\",\"@id\":\"https:\/\/blogg.svenskakyrkan.se\/insikten\/2021\/05\/12\/vagen-till-tro-ar-personlig\/\",\"url\":\"https:\/\/blogg.svenskakyrkan.se\/insikten\/2021\/05\/12\/vagen-till-tro-ar-personlig\/\",\"name\":\"V\u00e4gen till tro \u00e4r personlig - Insikten - Floby pastorat\",\"isPartOf\":{\"@id\":\"https:\/\/blogg.svenskakyrkan.se\/insikten\/#website\"},\"primaryImageOfPage\":{\"@id\":\"https:\/\/blogg.svenskakyrkan.se\/insikten\/2021\/05\/12\/vagen-till-tro-ar-personlig\/#primaryimage\"},\"image\":{\"@id\":\"https:\/\/blogg.svenskakyrkan.se\/insikten\/2021\/05\/12\/vagen-till-tro-ar-personlig\/#primaryimage\"},\"thumbnailUrl\":\"https:\/\/blogg.svenskakyrkan.se\/insikten\/files\/2021\/05\/Sk\u00e4rmavbild-2021-05-12-kl.-08.44.44.png\",\"datePublished\":\"2021-05-12T06:45:50+00:00\",\"dateModified\":\"2021-05-12T06:46:20+00:00\",\"author\":{\"@id\":\"https:\/\/blogg.svenskakyrkan.se\/insikten\/#\/schema\/person\/5081f68a0318ddb64c879f7bc416ce8c\"},\"breadcrumb\":{\"@id\":\"https:\/\/blogg.svenskakyrkan.se\/insikten\/2021\/05\/12\/vagen-till-tro-ar-personlig\/#breadcrumb\"},\"inLanguage\":\"sv-SE\",\"potentialAction\":[{\"@type\":\"ReadAction\",\"target\":[\"https:\/\/blogg.svenskakyrkan.se\/insikten\/2021\/05\/12\/vagen-till-tro-ar-personlig\/\"]}]},{\"@type\":\"ImageObject\",\"inLanguage\":\"sv-SE\",\"@id\":\"https:\/\/blogg.svenskakyrkan.se\/insikten\/2021\/05\/12\/vagen-till-tro-ar-personlig\/#primaryimage\",\"url\":\"https:\/\/blogg.svenskakyrkan.se\/insikten\/files\/2021\/05\/Sk\u00e4rmavbild-2021-05-12-kl.-08.44.44.png\",\"contentUrl\":\"https:\/\/blogg.svenskakyrkan.se\/insikten\/files\/2021\/05\/Sk\u00e4rmavbild-2021-05-12-kl.-08.44.44.png\",\"width\":1222,\"height\":736},{\"@type\":\"BreadcrumbList\",\"@id\":\"https:\/\/blogg.svenskakyrkan.se\/insikten\/2021\/05\/12\/vagen-till-tro-ar-personlig\/#breadcrumb\",\"itemListElement\":[{\"@type\":\"ListItem\",\"position\":1,\"name\":\"Hem\",\"item\":\"https:\/\/blogg.svenskakyrkan.se\/insikten\/\"},{\"@type\":\"ListItem\",\"position\":2,\"name\":\"V\u00e4gen till tro \u00e4r personlig\"}]},{\"@type\":\"WebSite\",\"@id\":\"https:\/\/blogg.svenskakyrkan.se\/insikten\/#website\",\"url\":\"https:\/\/blogg.svenskakyrkan.se\/insikten\/\",\"name\":\"Insikten - Floby pastorat\",\"description\":\"Insikter, utsikter och emellan\u00e5t \u00e4ven \u00e5sikter fr\u00e5n Floby pastorat i Skara stift.\",\"potentialAction\":[{\"@type\":\"SearchAction\",\"target\":{\"@type\":\"EntryPoint\",\"urlTemplate\":\"https:\/\/blogg.svenskakyrkan.se\/insikten\/?s={search_term_string}\"},\"query-input\":{\"@type\":\"PropertyValueSpecification\",\"valueRequired\":true,\"valueName\":\"search_term_string\"}}],\"inLanguage\":\"sv-SE\"},{\"@type\":\"Person\",\"@id\":\"https:\/\/blogg.svenskakyrkan.se\/insikten\/#\/schema\/person\/5081f68a0318ddb64c879f7bc416ce8c\",\"name\":\"Floby pastorat\",\"image\":{\"@type\":\"ImageObject\",\"inLanguage\":\"sv-SE\",\"@id\":\"https:\/\/blogg.svenskakyrkan.se\/insikten\/#\/schema\/person\/image\/\",\"url\":\"https:\/\/secure.gravatar.com\/avatar\/c63a9fd4196da95cea4408b67893dbdb9ec52ef568ee59a4578ad766986bebcd?s=96&d=mm&r=g\",\"contentUrl\":\"https:\/\/secure.gravatar.com\/avatar\/c63a9fd4196da95cea4408b67893dbdb9ec52ef568ee59a4578ad766986bebcd?s=96&d=mm&r=g\",\"caption\":\"Floby pastorat\"},\"url\":\"https:\/\/blogg.svenskakyrkan.se\/insikten\/author\/helenataubner\/\"}]}<\/script>\n<!-- \/ Yoast SEO plugin. -->","yoast_head_json":{"title":"V\u00e4gen till tro \u00e4r personlig - Insikten - Floby pastorat","robots":{"index":"index","follow":"follow","max-snippet":"max-snippet:-1","max-image-preview":"max-image-preview:large","max-video-preview":"max-video-preview:-1"},"canonical":"https:\/\/blogg.svenskakyrkan.se\/insikten\/2021\/05\/12\/vagen-till-tro-ar-personlig\/","og_locale":"sv_SE","og_type":"article","og_title":"V\u00e4gen till tro \u00e4r personlig - Insikten - Floby pastorat","og_description":"Jag, Lotta Kjerrman, m\u00f6ter Hugo i entr\u00e9n till pastoratsexpeditionen i Floby. Med ett varmt leende och nyfikna \u00f6gon kommer han g\u00e5endes mot mig. Vi skjuter glatt fram v\u00e5ra armb\u00e5gar i en Corona-h\u00e4lsning. Hugo \u00e4r pastoratets senaste tillskott i konfirmandverksamheten d\u00e4r han engagerar sig som ideell ledare. Nils Holgersson p\u00e5 kinesiska Hugo f\u00f6ddes i sydv\u00e4stra Kina [&hellip;]","og_url":"https:\/\/blogg.svenskakyrkan.se\/insikten\/2021\/05\/12\/vagen-till-tro-ar-personlig\/","og_site_name":"Insikten - Floby pastorat","article_published_time":"2021-05-12T06:45:50+00:00","article_modified_time":"2021-05-12T06:46:20+00:00","og_image":[{"width":1222,"height":736,"url":"https:\/\/blogg.svenskakyrkan.se\/insikten\/files\/2021\/05\/Sk\u00e4rmavbild-2021-05-12-kl.-08.44.44.png","type":"image\/png"}],"author":"Floby pastorat","twitter_card":"summary_large_image","twitter_misc":{"Skriven av":"Floby pastorat","Ber\u00e4knad l\u00e4stid":"6 minuter"},"schema":{"@context":"https:\/\/schema.org","@graph":[{"@type":"Article","@id":"https:\/\/blogg.svenskakyrkan.se\/insikten\/2021\/05\/12\/vagen-till-tro-ar-personlig\/#article","isPartOf":{"@id":"https:\/\/blogg.svenskakyrkan.se\/insikten\/2021\/05\/12\/vagen-till-tro-ar-personlig\/"},"author":{"name":"Floby pastorat","@id":"https:\/\/blogg.svenskakyrkan.se\/insikten\/#\/schema\/person\/5081f68a0318ddb64c879f7bc416ce8c"},"headline":"V\u00e4gen till tro \u00e4r personlig","datePublished":"2021-05-12T06:45:50+00:00","dateModified":"2021-05-12T06:46:20+00:00","mainEntityOfPage":{"@id":"https:\/\/blogg.svenskakyrkan.se\/insikten\/2021\/05\/12\/vagen-till-tro-ar-personlig\/"},"wordCount":1302,"commentCount":0,"image":{"@id":"https:\/\/blogg.svenskakyrkan.se\/insikten\/2021\/05\/12\/vagen-till-tro-ar-personlig\/#primaryimage"},"thumbnailUrl":"https:\/\/blogg.svenskakyrkan.se\/insikten\/files\/2021\/05\/Sk\u00e4rmavbild-2021-05-12-kl.-08.44.44.png","articleSection":["Engagemang"],"inLanguage":"sv-SE","potentialAction":[{"@type":"CommentAction","name":"Comment","target":["https:\/\/blogg.svenskakyrkan.se\/insikten\/2021\/05\/12\/vagen-till-tro-ar-personlig\/#respond"]}]},{"@type":"WebPage","@id":"https:\/\/blogg.svenskakyrkan.se\/insikten\/2021\/05\/12\/vagen-till-tro-ar-personlig\/","url":"https:\/\/blogg.svenskakyrkan.se\/insikten\/2021\/05\/12\/vagen-till-tro-ar-personlig\/","name":"V\u00e4gen till tro \u00e4r personlig - Insikten - Floby pastorat","isPartOf":{"@id":"https:\/\/blogg.svenskakyrkan.se\/insikten\/#website"},"primaryImageOfPage":{"@id":"https:\/\/blogg.svenskakyrkan.se\/insikten\/2021\/05\/12\/vagen-till-tro-ar-personlig\/#primaryimage"},"image":{"@id":"https:\/\/blogg.svenskakyrkan.se\/insikten\/2021\/05\/12\/vagen-till-tro-ar-personlig\/#primaryimage"},"thumbnailUrl":"https:\/\/blogg.svenskakyrkan.se\/insikten\/files\/2021\/05\/Sk\u00e4rmavbild-2021-05-12-kl.-08.44.44.png","datePublished":"2021-05-12T06:45:50+00:00","dateModified":"2021-05-12T06:46:20+00:00","author":{"@id":"https:\/\/blogg.svenskakyrkan.se\/insikten\/#\/schema\/person\/5081f68a0318ddb64c879f7bc416ce8c"},"breadcrumb":{"@id":"https:\/\/blogg.svenskakyrkan.se\/insikten\/2021\/05\/12\/vagen-till-tro-ar-personlig\/#breadcrumb"},"inLanguage":"sv-SE","potentialAction":[{"@type":"ReadAction","target":["https:\/\/blogg.svenskakyrkan.se\/insikten\/2021\/05\/12\/vagen-till-tro-ar-personlig\/"]}]},{"@type":"ImageObject","inLanguage":"sv-SE","@id":"https:\/\/blogg.svenskakyrkan.se\/insikten\/2021\/05\/12\/vagen-till-tro-ar-personlig\/#primaryimage","url":"https:\/\/blogg.svenskakyrkan.se\/insikten\/files\/2021\/05\/Sk\u00e4rmavbild-2021-05-12-kl.-08.44.44.png","contentUrl":"https:\/\/blogg.svenskakyrkan.se\/insikten\/files\/2021\/05\/Sk\u00e4rmavbild-2021-05-12-kl.-08.44.44.png","width":1222,"height":736},{"@type":"BreadcrumbList","@id":"https:\/\/blogg.svenskakyrkan.se\/insikten\/2021\/05\/12\/vagen-till-tro-ar-personlig\/#breadcrumb","itemListElement":[{"@type":"ListItem","position":1,"name":"Hem","item":"https:\/\/blogg.svenskakyrkan.se\/insikten\/"},{"@type":"ListItem","position":2,"name":"V\u00e4gen till tro \u00e4r personlig"}]},{"@type":"WebSite","@id":"https:\/\/blogg.svenskakyrkan.se\/insikten\/#website","url":"https:\/\/blogg.svenskakyrkan.se\/insikten\/","name":"Insikten - Floby pastorat","description":"Insikter, utsikter och emellan\u00e5t \u00e4ven \u00e5sikter fr\u00e5n Floby pastorat i Skara stift.","potentialAction":[{"@type":"SearchAction","target":{"@type":"EntryPoint","urlTemplate":"https:\/\/blogg.svenskakyrkan.se\/insikten\/?s={search_term_string}"},"query-input":{"@type":"PropertyValueSpecification","valueRequired":true,"valueName":"search_term_string"}}],"inLanguage":"sv-SE"},{"@type":"Person","@id":"https:\/\/blogg.svenskakyrkan.se\/insikten\/#\/schema\/person\/5081f68a0318ddb64c879f7bc416ce8c","name":"Floby pastorat","image":{"@type":"ImageObject","inLanguage":"sv-SE","@id":"https:\/\/blogg.svenskakyrkan.se\/insikten\/#\/schema\/person\/image\/","url":"https:\/\/secure.gravatar.com\/avatar\/c63a9fd4196da95cea4408b67893dbdb9ec52ef568ee59a4578ad766986bebcd?s=96&d=mm&r=g","contentUrl":"https:\/\/secure.gravatar.com\/avatar\/c63a9fd4196da95cea4408b67893dbdb9ec52ef568ee59a4578ad766986bebcd?s=96&d=mm&r=g","caption":"Floby pastorat"},"url":"https:\/\/blogg.svenskakyrkan.se\/insikten\/author\/helenataubner\/"}]}},"author_meta":{"ID":"250","user_nicename":"helenataubner","user_registered":"2013-01-15 08:36:14","display_name":"Floby pastorat","avatar":"https:\/\/secure.gravatar.com\/avatar\/c63a9fd4196da95cea4408b67893dbdb9ec52ef568ee59a4578ad766986bebcd?s=96&d=mm&r=g"},"featured_image":["https:\/\/blogg.svenskakyrkan.se\/insikten\/files\/2021\/05\/Sk\u00e4rmavbild-2021-05-12-kl.-08.44.44-1024x617.png",1024,617,true],"bloginfo":{"name":"Insikten - Floby pastorat","url":"https:\/\/blogg.svenskakyrkan.se\/insikten"},"_links":{"self":[{"href":"https:\/\/blogg.svenskakyrkan.se\/insikten\/wp-json\/wp\/v2\/posts\/66","targetHints":{"allow":["GET"]}}],"collection":[{"href":"https:\/\/blogg.svenskakyrkan.se\/insikten\/wp-json\/wp\/v2\/posts"}],"about":[{"href":"https:\/\/blogg.svenskakyrkan.se\/insikten\/wp-json\/wp\/v2\/types\/post"}],"author":[{"embeddable":true,"href":"https:\/\/blogg.svenskakyrkan.se\/insikten\/wp-json\/wp\/v2\/users\/250"}],"replies":[{"embeddable":true,"href":"https:\/\/blogg.svenskakyrkan.se\/insikten\/wp-json\/wp\/v2\/comments?post=66"}],"version-history":[{"count":2,"href":"https:\/\/blogg.svenskakyrkan.se\/insikten\/wp-json\/wp\/v2\/posts\/66\/revisions"}],"predecessor-version":[{"id":69,"href":"https:\/\/blogg.svenskakyrkan.se\/insikten\/wp-json\/wp\/v2\/posts\/66\/revisions\/69"}],"wp:featuredmedia":[{"embeddable":true,"href":"https:\/\/blogg.svenskakyrkan.se\/insikten\/wp-json\/wp\/v2\/media\/68"}],"wp:attachment":[{"href":"https:\/\/blogg.svenskakyrkan.se\/insikten\/wp-json\/wp\/v2\/media?parent=66"}],"wp:term":[{"taxonomy":"category","embeddable":true,"href":"https:\/\/blogg.svenskakyrkan.se\/insikten\/wp-json\/wp\/v2\/categories?post=66"},{"taxonomy":"post_tag","embeddable":true,"href":"https:\/\/blogg.svenskakyrkan.se\/insikten\/wp-json\/wp\/v2\/tags?post=66"}],"curies":[{"name":"wp","href":"https:\/\/api.w.org\/{rel}","templated":true}]}}