{"id":1371,"date":"2017-05-19T11:40:43","date_gmt":"2017-05-19T09:40:43","guid":{"rendered":"http:\/\/blogg.svenskakyrkan.se\/kyrkogardienkoping\/?p=1371"},"modified":"2017-05-19T11:40:43","modified_gmt":"2017-05-19T09:40:43","slug":"sa-kom-den-antligen","status":"publish","type":"post","link":"https:\/\/blogg.svenskakyrkan.se\/kyrkogardienkoping\/2017\/05\/19\/sa-kom-den-antligen\/","title":{"rendered":"S\u00e5 kom den \u00e4ntligen&#8230;"},"content":{"rendered":"<p>&#8230;.sommaren!<\/p>\n<p>Idag kunde kyrkog\u00e5rdsarbetet ske i shorts. \u00c5tminstone till viss del, d\u00e5 inte alla arbetsuppgifter \u00e4r l\u00e4mpliga att utf\u00f6ra i shorts p\u00e5 grund av skaderisk.<\/p>\n<p><a href=\"http:\/\/blogg.svenskakyrkan.se\/kyrkogardienkoping\/files\/2017\/05\/IMG_1291.jpg\"><img loading=\"lazy\" decoding=\"async\" class=\"alignnone size-medium wp-image-1372\" src=\"http:\/\/blogg.svenskakyrkan.se\/kyrkogardienkoping\/files\/2017\/05\/IMG_1291-300x225.jpg\" alt=\"IMG_1291\" width=\"300\" height=\"225\" srcset=\"https:\/\/blogg.svenskakyrkan.se\/kyrkogardienkoping\/files\/2017\/05\/IMG_1291-300x225.jpg 300w, https:\/\/blogg.svenskakyrkan.se\/kyrkogardienkoping\/files\/2017\/05\/IMG_1291.jpg 640w\" sizes=\"auto, (max-width: 300px) 100vw, 300px\" \/><\/a><\/p>\n","protected":false},"excerpt":{"rendered":"<p>&#8230;.sommaren! Idag kunde kyrkog\u00e5rdsarbetet ske i shorts. \u00c5tminstone till viss del, d\u00e5 inte alla arbetsuppgifter \u00e4r l\u00e4mpliga att utf\u00f6ra i shorts p\u00e5 grund av skaderisk.<\/p>\n","protected":false},"author":241,"featured_media":0,"comment_status":"open","ping_status":"open","sticky":false,"template":"","format":"standard","meta":{"_acf_changed":false,"footnotes":""},"categories":[9],"tags":[],"class_list":["post-1371","post","type-post","status-publish","format-standard","hentry","category-okategoriserade"],"acf":[],"yoast_head":"<!-- This site is optimized with the Yoast SEO plugin v27.1.1 - https:\/\/yoast.com\/product\/yoast-seo-wordpress\/ -->\n<title>S\u00e5 kom den \u00e4ntligen... - Kyrkog\u00e5rdsbloggen i Enk\u00f6pings pastorat<\/title>\n<meta name=\"robots\" content=\"index, follow, max-snippet:-1, max-image-preview:large, max-video-preview:-1\" \/>\n<link rel=\"canonical\" href=\"https:\/\/blogg.svenskakyrkan.se\/kyrkogardienkoping\/2017\/05\/19\/sa-kom-den-antligen\/\" \/>\n<meta property=\"og:locale\" content=\"sv_SE\" \/>\n<meta property=\"og:type\" content=\"article\" \/>\n<meta property=\"og:title\" content=\"S\u00e5 kom den \u00e4ntligen... - Kyrkog\u00e5rdsbloggen i Enk\u00f6pings pastorat\" \/>\n<meta property=\"og:description\" content=\"&#8230;.sommaren! Idag kunde kyrkog\u00e5rdsarbetet ske i shorts. \u00c5tminstone till viss del, d\u00e5 inte alla arbetsuppgifter \u00e4r l\u00e4mpliga att utf\u00f6ra i shorts p\u00e5 grund av skaderisk.\" \/>\n<meta property=\"og:url\" content=\"https:\/\/blogg.svenskakyrkan.se\/kyrkogardienkoping\/2017\/05\/19\/sa-kom-den-antligen\/\" \/>\n<meta property=\"og:site_name\" content=\"Kyrkog\u00e5rdsbloggen i Enk\u00f6pings pastorat\" \/>\n<meta property=\"article:published_time\" content=\"2017-05-19T09:40:43+00:00\" \/>\n<meta property=\"og:image\" content=\"https:\/\/blogg.svenskakyrkan.se\/kyrkogardienkoping\/files\/2017\/05\/IMG_1291.jpg\" \/>\n\t<meta property=\"og:image:width\" content=\"640\" \/>\n\t<meta property=\"og:image:height\" content=\"480\" \/>\n\t<meta property=\"og:image:type\" content=\"image\/jpeg\" \/>\n<meta name=\"author\" content=\"Ann-Sofie Hansson\" \/>\n<meta name=\"twitter:card\" content=\"summary_large_image\" \/>\n<meta name=\"twitter:label1\" content=\"Skriven av\" \/>\n\t<meta name=\"twitter:data1\" content=\"Ann-Sofie Hansson\" \/>\n<script type=\"application\/ld+json\" class=\"yoast-schema-graph\">{\"@context\":\"https:\/\/schema.org\",\"@graph\":[{\"@type\":\"Article\",\"@id\":\"https:\/\/blogg.svenskakyrkan.se\/kyrkogardienkoping\/2017\/05\/19\/sa-kom-den-antligen\/#article\",\"isPartOf\":{\"@id\":\"https:\/\/blogg.svenskakyrkan.se\/kyrkogardienkoping\/2017\/05\/19\/sa-kom-den-antligen\/\"},\"author\":{\"name\":\"Ann-Sofie Hansson\",\"@id\":\"https:\/\/blogg.svenskakyrkan.se\/kyrkogardienkoping\/#\/schema\/person\/8ec127a2af49a2cade0ec5f1bd7db663\"},\"headline\":\"S\u00e5 kom den \u00e4ntligen&#8230;\",\"datePublished\":\"2017-05-19T09:40:43+00:00\",\"mainEntityOfPage\":{\"@id\":\"https:\/\/blogg.svenskakyrkan.se\/kyrkogardienkoping\/2017\/05\/19\/sa-kom-den-antligen\/\"},\"wordCount\":32,\"commentCount\":0,\"image\":{\"@id\":\"https:\/\/blogg.svenskakyrkan.se\/kyrkogardienkoping\/2017\/05\/19\/sa-kom-den-antligen\/#primaryimage\"},\"thumbnailUrl\":\"http:\/\/blogg.svenskakyrkan.se\/kyrkogardienkoping\/files\/2017\/05\/IMG_1291-300x225.jpg\",\"inLanguage\":\"sv-SE\",\"potentialAction\":[{\"@type\":\"CommentAction\",\"name\":\"Comment\",\"target\":[\"https:\/\/blogg.svenskakyrkan.se\/kyrkogardienkoping\/2017\/05\/19\/sa-kom-den-antligen\/#respond\"]}]},{\"@type\":\"WebPage\",\"@id\":\"https:\/\/blogg.svenskakyrkan.se\/kyrkogardienkoping\/2017\/05\/19\/sa-kom-den-antligen\/\",\"url\":\"https:\/\/blogg.svenskakyrkan.se\/kyrkogardienkoping\/2017\/05\/19\/sa-kom-den-antligen\/\",\"name\":\"S\u00e5 kom den \u00e4ntligen... - Kyrkog\u00e5rdsbloggen i Enk\u00f6pings pastorat\",\"isPartOf\":{\"@id\":\"https:\/\/blogg.svenskakyrkan.se\/kyrkogardienkoping\/#website\"},\"primaryImageOfPage\":{\"@id\":\"https:\/\/blogg.svenskakyrkan.se\/kyrkogardienkoping\/2017\/05\/19\/sa-kom-den-antligen\/#primaryimage\"},\"image\":{\"@id\":\"https:\/\/blogg.svenskakyrkan.se\/kyrkogardienkoping\/2017\/05\/19\/sa-kom-den-antligen\/#primaryimage\"},\"thumbnailUrl\":\"http:\/\/blogg.svenskakyrkan.se\/kyrkogardienkoping\/files\/2017\/05\/IMG_1291-300x225.jpg\",\"datePublished\":\"2017-05-19T09:40:43+00:00\",\"author\":{\"@id\":\"https:\/\/blogg.svenskakyrkan.se\/kyrkogardienkoping\/#\/schema\/person\/8ec127a2af49a2cade0ec5f1bd7db663\"},\"breadcrumb\":{\"@id\":\"https:\/\/blogg.svenskakyrkan.se\/kyrkogardienkoping\/2017\/05\/19\/sa-kom-den-antligen\/#breadcrumb\"},\"inLanguage\":\"sv-SE\",\"potentialAction\":[{\"@type\":\"ReadAction\",\"target\":[\"https:\/\/blogg.svenskakyrkan.se\/kyrkogardienkoping\/2017\/05\/19\/sa-kom-den-antligen\/\"]}]},{\"@type\":\"ImageObject\",\"inLanguage\":\"sv-SE\",\"@id\":\"https:\/\/blogg.svenskakyrkan.se\/kyrkogardienkoping\/2017\/05\/19\/sa-kom-den-antligen\/#primaryimage\",\"url\":\"https:\/\/blogg.svenskakyrkan.se\/kyrkogardienkoping\/files\/2017\/05\/IMG_1291.jpg\",\"contentUrl\":\"https:\/\/blogg.svenskakyrkan.se\/kyrkogardienkoping\/files\/2017\/05\/IMG_1291.jpg\",\"width\":640,\"height\":480},{\"@type\":\"BreadcrumbList\",\"@id\":\"https:\/\/blogg.svenskakyrkan.se\/kyrkogardienkoping\/2017\/05\/19\/sa-kom-den-antligen\/#breadcrumb\",\"itemListElement\":[{\"@type\":\"ListItem\",\"position\":1,\"name\":\"Hem\",\"item\":\"https:\/\/blogg.svenskakyrkan.se\/kyrkogardienkoping\/\"},{\"@type\":\"ListItem\",\"position\":2,\"name\":\"S\u00e5 kom den \u00e4ntligen&#8230;\"}]},{\"@type\":\"WebSite\",\"@id\":\"https:\/\/blogg.svenskakyrkan.se\/kyrkogardienkoping\/#website\",\"url\":\"https:\/\/blogg.svenskakyrkan.se\/kyrkogardienkoping\/\",\"name\":\"Kyrkog\u00e5rdsbloggen i Enk\u00f6pings pastorat\",\"description\":\"Om arbetet p\u00e5 de 27 kyrkog\u00e5rdarna inom Enk\u00f6pings pastorat. Allt fr\u00e5n synen p\u00e5 en kyrkog\u00e5rd som b\u00e5de park och viloplats till vad det handlar om att arbeta p\u00e5 en kyrkog\u00e5rd s\u00e5som gr\u00e4sklippning, plantering, sn\u00f6skottning, anl\u00e4ggningsarbeten och arbetsvardagen i st\u00f6rsta allm\u00e4nhet.\",\"potentialAction\":[{\"@type\":\"SearchAction\",\"target\":{\"@type\":\"EntryPoint\",\"urlTemplate\":\"https:\/\/blogg.svenskakyrkan.se\/kyrkogardienkoping\/?s={search_term_string}\"},\"query-input\":{\"@type\":\"PropertyValueSpecification\",\"valueRequired\":true,\"valueName\":\"search_term_string\"}}],\"inLanguage\":\"sv-SE\"},{\"@type\":\"Person\",\"@id\":\"https:\/\/blogg.svenskakyrkan.se\/kyrkogardienkoping\/#\/schema\/person\/8ec127a2af49a2cade0ec5f1bd7db663\",\"name\":\"Ann-Sofie Hansson\",\"image\":{\"@type\":\"ImageObject\",\"inLanguage\":\"sv-SE\",\"@id\":\"https:\/\/blogg.svenskakyrkan.se\/kyrkogardienkoping\/#\/schema\/person\/image\/\",\"url\":\"https:\/\/secure.gravatar.com\/avatar\/6accbf7bffafd21ea4d9399d92ae5263a588679076a67f86597ab5db53352082?s=96&d=mm&r=g\",\"contentUrl\":\"https:\/\/secure.gravatar.com\/avatar\/6accbf7bffafd21ea4d9399d92ae5263a588679076a67f86597ab5db53352082?s=96&d=mm&r=g\",\"caption\":\"Ann-Sofie Hansson\"},\"description\":\"Om arbetet p\u00e5 de 21 kyrkog\u00e5rdarna inom Enk\u00f6pings pastorat. Allt fr\u00e5n synen p\u00e5 en kyrkog\u00e5rd som b\u00e5de park och viloplats till vad det handlar om att arbeta p\u00e5 en kyrkog\u00e5rd s\u00e5som gr\u00e4sklippning, plantering, sn\u00f6skottning, anl\u00e4ggningsarbeten och arbetsvardagen i st\u00f6rsta allm\u00e4nhet.\",\"url\":\"https:\/\/blogg.svenskakyrkan.se\/kyrkogardienkoping\/author\/annsofiehansson\/\"}]}<\/script>\n<!-- \/ Yoast SEO plugin. -->","yoast_head_json":{"title":"S\u00e5 kom den \u00e4ntligen... - Kyrkog\u00e5rdsbloggen i Enk\u00f6pings pastorat","robots":{"index":"index","follow":"follow","max-snippet":"max-snippet:-1","max-image-preview":"max-image-preview:large","max-video-preview":"max-video-preview:-1"},"canonical":"https:\/\/blogg.svenskakyrkan.se\/kyrkogardienkoping\/2017\/05\/19\/sa-kom-den-antligen\/","og_locale":"sv_SE","og_type":"article","og_title":"S\u00e5 kom den \u00e4ntligen... - Kyrkog\u00e5rdsbloggen i Enk\u00f6pings pastorat","og_description":"&#8230;.sommaren! Idag kunde kyrkog\u00e5rdsarbetet ske i shorts. \u00c5tminstone till viss del, d\u00e5 inte alla arbetsuppgifter \u00e4r l\u00e4mpliga att utf\u00f6ra i shorts p\u00e5 grund av skaderisk.","og_url":"https:\/\/blogg.svenskakyrkan.se\/kyrkogardienkoping\/2017\/05\/19\/sa-kom-den-antligen\/","og_site_name":"Kyrkog\u00e5rdsbloggen i Enk\u00f6pings pastorat","article_published_time":"2017-05-19T09:40:43+00:00","og_image":[{"width":640,"height":480,"url":"https:\/\/blogg.svenskakyrkan.se\/kyrkogardienkoping\/files\/2017\/05\/IMG_1291.jpg","type":"image\/jpeg"}],"author":"Ann-Sofie Hansson","twitter_card":"summary_large_image","twitter_misc":{"Skriven av":"Ann-Sofie Hansson"},"schema":{"@context":"https:\/\/schema.org","@graph":[{"@type":"Article","@id":"https:\/\/blogg.svenskakyrkan.se\/kyrkogardienkoping\/2017\/05\/19\/sa-kom-den-antligen\/#article","isPartOf":{"@id":"https:\/\/blogg.svenskakyrkan.se\/kyrkogardienkoping\/2017\/05\/19\/sa-kom-den-antligen\/"},"author":{"name":"Ann-Sofie Hansson","@id":"https:\/\/blogg.svenskakyrkan.se\/kyrkogardienkoping\/#\/schema\/person\/8ec127a2af49a2cade0ec5f1bd7db663"},"headline":"S\u00e5 kom den \u00e4ntligen&#8230;","datePublished":"2017-05-19T09:40:43+00:00","mainEntityOfPage":{"@id":"https:\/\/blogg.svenskakyrkan.se\/kyrkogardienkoping\/2017\/05\/19\/sa-kom-den-antligen\/"},"wordCount":32,"commentCount":0,"image":{"@id":"https:\/\/blogg.svenskakyrkan.se\/kyrkogardienkoping\/2017\/05\/19\/sa-kom-den-antligen\/#primaryimage"},"thumbnailUrl":"http:\/\/blogg.svenskakyrkan.se\/kyrkogardienkoping\/files\/2017\/05\/IMG_1291-300x225.jpg","inLanguage":"sv-SE","potentialAction":[{"@type":"CommentAction","name":"Comment","target":["https:\/\/blogg.svenskakyrkan.se\/kyrkogardienkoping\/2017\/05\/19\/sa-kom-den-antligen\/#respond"]}]},{"@type":"WebPage","@id":"https:\/\/blogg.svenskakyrkan.se\/kyrkogardienkoping\/2017\/05\/19\/sa-kom-den-antligen\/","url":"https:\/\/blogg.svenskakyrkan.se\/kyrkogardienkoping\/2017\/05\/19\/sa-kom-den-antligen\/","name":"S\u00e5 kom den \u00e4ntligen... - Kyrkog\u00e5rdsbloggen i Enk\u00f6pings pastorat","isPartOf":{"@id":"https:\/\/blogg.svenskakyrkan.se\/kyrkogardienkoping\/#website"},"primaryImageOfPage":{"@id":"https:\/\/blogg.svenskakyrkan.se\/kyrkogardienkoping\/2017\/05\/19\/sa-kom-den-antligen\/#primaryimage"},"image":{"@id":"https:\/\/blogg.svenskakyrkan.se\/kyrkogardienkoping\/2017\/05\/19\/sa-kom-den-antligen\/#primaryimage"},"thumbnailUrl":"http:\/\/blogg.svenskakyrkan.se\/kyrkogardienkoping\/files\/2017\/05\/IMG_1291-300x225.jpg","datePublished":"2017-05-19T09:40:43+00:00","author":{"@id":"https:\/\/blogg.svenskakyrkan.se\/kyrkogardienkoping\/#\/schema\/person\/8ec127a2af49a2cade0ec5f1bd7db663"},"breadcrumb":{"@id":"https:\/\/blogg.svenskakyrkan.se\/kyrkogardienkoping\/2017\/05\/19\/sa-kom-den-antligen\/#breadcrumb"},"inLanguage":"sv-SE","potentialAction":[{"@type":"ReadAction","target":["https:\/\/blogg.svenskakyrkan.se\/kyrkogardienkoping\/2017\/05\/19\/sa-kom-den-antligen\/"]}]},{"@type":"ImageObject","inLanguage":"sv-SE","@id":"https:\/\/blogg.svenskakyrkan.se\/kyrkogardienkoping\/2017\/05\/19\/sa-kom-den-antligen\/#primaryimage","url":"https:\/\/blogg.svenskakyrkan.se\/kyrkogardienkoping\/files\/2017\/05\/IMG_1291.jpg","contentUrl":"https:\/\/blogg.svenskakyrkan.se\/kyrkogardienkoping\/files\/2017\/05\/IMG_1291.jpg","width":640,"height":480},{"@type":"BreadcrumbList","@id":"https:\/\/blogg.svenskakyrkan.se\/kyrkogardienkoping\/2017\/05\/19\/sa-kom-den-antligen\/#breadcrumb","itemListElement":[{"@type":"ListItem","position":1,"name":"Hem","item":"https:\/\/blogg.svenskakyrkan.se\/kyrkogardienkoping\/"},{"@type":"ListItem","position":2,"name":"S\u00e5 kom den \u00e4ntligen&#8230;"}]},{"@type":"WebSite","@id":"https:\/\/blogg.svenskakyrkan.se\/kyrkogardienkoping\/#website","url":"https:\/\/blogg.svenskakyrkan.se\/kyrkogardienkoping\/","name":"Kyrkog\u00e5rdsbloggen i Enk\u00f6pings pastorat","description":"Om arbetet p\u00e5 de 27 kyrkog\u00e5rdarna inom Enk\u00f6pings pastorat. Allt fr\u00e5n synen p\u00e5 en kyrkog\u00e5rd som b\u00e5de park och viloplats till vad det handlar om att arbeta p\u00e5 en kyrkog\u00e5rd s\u00e5som gr\u00e4sklippning, plantering, sn\u00f6skottning, anl\u00e4ggningsarbeten och arbetsvardagen i st\u00f6rsta allm\u00e4nhet.","potentialAction":[{"@type":"SearchAction","target":{"@type":"EntryPoint","urlTemplate":"https:\/\/blogg.svenskakyrkan.se\/kyrkogardienkoping\/?s={search_term_string}"},"query-input":{"@type":"PropertyValueSpecification","valueRequired":true,"valueName":"search_term_string"}}],"inLanguage":"sv-SE"},{"@type":"Person","@id":"https:\/\/blogg.svenskakyrkan.se\/kyrkogardienkoping\/#\/schema\/person\/8ec127a2af49a2cade0ec5f1bd7db663","name":"Ann-Sofie Hansson","image":{"@type":"ImageObject","inLanguage":"sv-SE","@id":"https:\/\/blogg.svenskakyrkan.se\/kyrkogardienkoping\/#\/schema\/person\/image\/","url":"https:\/\/secure.gravatar.com\/avatar\/6accbf7bffafd21ea4d9399d92ae5263a588679076a67f86597ab5db53352082?s=96&d=mm&r=g","contentUrl":"https:\/\/secure.gravatar.com\/avatar\/6accbf7bffafd21ea4d9399d92ae5263a588679076a67f86597ab5db53352082?s=96&d=mm&r=g","caption":"Ann-Sofie Hansson"},"description":"Om arbetet p\u00e5 de 21 kyrkog\u00e5rdarna inom Enk\u00f6pings pastorat. Allt fr\u00e5n synen p\u00e5 en kyrkog\u00e5rd som b\u00e5de park och viloplats till vad det handlar om att arbeta p\u00e5 en kyrkog\u00e5rd s\u00e5som gr\u00e4sklippning, plantering, sn\u00f6skottning, anl\u00e4ggningsarbeten och arbetsvardagen i st\u00f6rsta allm\u00e4nhet.","url":"https:\/\/blogg.svenskakyrkan.se\/kyrkogardienkoping\/author\/annsofiehansson\/"}]}},"author_meta":{"ID":"241","user_nicename":"annsofiehansson","user_registered":"2012-11-12 07:48:50","display_name":"Ann-Sofie Hansson","first_name":"Ann-Sofie","last_name":"Hansson","avatar":"https:\/\/secure.gravatar.com\/avatar\/6accbf7bffafd21ea4d9399d92ae5263a588679076a67f86597ab5db53352082?s=96&d=mm&r=g"},"featured_image":false,"bloginfo":{"name":"Kyrkog\u00e5rdsbloggen i Enk\u00f6pings pastorat","url":"https:\/\/blogg.svenskakyrkan.se\/kyrkogardienkoping"},"_links":{"self":[{"href":"https:\/\/blogg.svenskakyrkan.se\/kyrkogardienkoping\/wp-json\/wp\/v2\/posts\/1371","targetHints":{"allow":["GET"]}}],"collection":[{"href":"https:\/\/blogg.svenskakyrkan.se\/kyrkogardienkoping\/wp-json\/wp\/v2\/posts"}],"about":[{"href":"https:\/\/blogg.svenskakyrkan.se\/kyrkogardienkoping\/wp-json\/wp\/v2\/types\/post"}],"author":[{"embeddable":true,"href":"https:\/\/blogg.svenskakyrkan.se\/kyrkogardienkoping\/wp-json\/wp\/v2\/users\/241"}],"replies":[{"embeddable":true,"href":"https:\/\/blogg.svenskakyrkan.se\/kyrkogardienkoping\/wp-json\/wp\/v2\/comments?post=1371"}],"version-history":[{"count":2,"href":"https:\/\/blogg.svenskakyrkan.se\/kyrkogardienkoping\/wp-json\/wp\/v2\/posts\/1371\/revisions"}],"predecessor-version":[{"id":1374,"href":"https:\/\/blogg.svenskakyrkan.se\/kyrkogardienkoping\/wp-json\/wp\/v2\/posts\/1371\/revisions\/1374"}],"wp:attachment":[{"href":"https:\/\/blogg.svenskakyrkan.se\/kyrkogardienkoping\/wp-json\/wp\/v2\/media?parent=1371"}],"wp:term":[{"taxonomy":"category","embeddable":true,"href":"https:\/\/blogg.svenskakyrkan.se\/kyrkogardienkoping\/wp-json\/wp\/v2\/categories?post=1371"},{"taxonomy":"post_tag","embeddable":true,"href":"https:\/\/blogg.svenskakyrkan.se\/kyrkogardienkoping\/wp-json\/wp\/v2\/tags?post=1371"}],"curies":[{"name":"wp","href":"https:\/\/api.w.org\/{rel}","templated":true}]}}