{"id":1393,"date":"2017-07-14T07:54:09","date_gmt":"2017-07-14T05:54:09","guid":{"rendered":"http:\/\/blogg.svenskakyrkan.se\/kyrkogardienkoping\/?p=1393"},"modified":"2017-07-14T07:54:09","modified_gmt":"2017-07-14T05:54:09","slug":"tid-for-2","status":"publish","type":"post","link":"https:\/\/blogg.svenskakyrkan.se\/kyrkogardienkoping\/2017\/07\/14\/tid-for-2\/","title":{"rendered":"Tid f\u00f6r&#8230;."},"content":{"rendered":"<p>Under juni \u00e4r arbetet p\u00e5 kyrkog\u00e5rden som intensivast. H\u00e4ckar ska klippas, sommarblommor planteras och allt v\u00e4xer s\u00e5 det knakar. Under juli n\u00e4r v\u00e4xtkraften planar ut, det \u00e4r d\u00e5 tiden f\u00f6r det d\u00e4r &#8221;lilla extra&#8221; kommer. Att f\u00e5 g\u00f6ra det d\u00e4r &#8221;lilla extra&#8221; och l\u00e4mna en vacker kyrkog\u00e5rd n\u00e4r man g\u00e5r p\u00e5 semester det \u00e4r en sk\u00f6n k\u00e4nsla. Trevlig sommar \u00f6nskar kyrkog\u00e5rdsf\u00f6rvaltningen!<\/p>\n<p><img loading=\"lazy\" decoding=\"async\" width=\"500\" height=\"500\" class=\"alignnone size-medium wp-image-1396\" src=\"http:\/\/blogg.svenskakyrkan.se\/kyrkogardienkoping\/files\/2017\/07\/IMG_1364-500x500.jpg\" alt=\"\" srcset=\"https:\/\/blogg.svenskakyrkan.se\/kyrkogardienkoping\/files\/2017\/07\/IMG_1364-500x500.jpg 500w, https:\/\/blogg.svenskakyrkan.se\/kyrkogardienkoping\/files\/2017\/07\/IMG_1364-250x250.jpg 250w, https:\/\/blogg.svenskakyrkan.se\/kyrkogardienkoping\/files\/2017\/07\/IMG_1364.jpg 640w\" sizes=\"auto, (max-width: 500px) 100vw, 500px\" \/><\/p>\n","protected":false},"excerpt":{"rendered":"<p>Under juni \u00e4r arbetet p\u00e5 kyrkog\u00e5rden som intensivast. H\u00e4ckar ska klippas, sommarblommor planteras och allt v\u00e4xer s\u00e5 det knakar. Under juli n\u00e4r v\u00e4xtkraften planar ut, det \u00e4r d\u00e5 tiden f\u00f6r det d\u00e4r &#8221;lilla extra&#8221; kommer. Att f\u00e5 g\u00f6ra det d\u00e4r &#8221;lilla extra&#8221; och l\u00e4mna en vacker kyrkog\u00e5rd n\u00e4r man g\u00e5r p\u00e5 semester det \u00e4r en [&hellip;]<\/p>\n","protected":false},"author":241,"featured_media":1394,"comment_status":"open","ping_status":"open","sticky":false,"template":"","format":"standard","meta":{"_acf_changed":false,"footnotes":""},"categories":[9],"tags":[],"class_list":["post-1393","post","type-post","status-publish","format-standard","has-post-thumbnail","hentry","category-okategoriserade"],"acf":[],"yoast_head":"<!-- This site is optimized with the Yoast SEO plugin v27.1.1 - https:\/\/yoast.com\/product\/yoast-seo-wordpress\/ -->\n<title>Tid f\u00f6r.... - Kyrkog\u00e5rdsbloggen i Enk\u00f6pings pastorat<\/title>\n<meta name=\"robots\" content=\"index, follow, max-snippet:-1, max-image-preview:large, max-video-preview:-1\" \/>\n<link rel=\"canonical\" href=\"https:\/\/blogg.svenskakyrkan.se\/kyrkogardienkoping\/2017\/07\/14\/tid-for-2\/\" \/>\n<meta property=\"og:locale\" content=\"sv_SE\" \/>\n<meta property=\"og:type\" content=\"article\" \/>\n<meta property=\"og:title\" content=\"Tid f\u00f6r.... - Kyrkog\u00e5rdsbloggen i Enk\u00f6pings pastorat\" \/>\n<meta property=\"og:description\" content=\"Under juni \u00e4r arbetet p\u00e5 kyrkog\u00e5rden som intensivast. H\u00e4ckar ska klippas, sommarblommor planteras och allt v\u00e4xer s\u00e5 det knakar. Under juli n\u00e4r v\u00e4xtkraften planar ut, det \u00e4r d\u00e5 tiden f\u00f6r det d\u00e4r &#8221;lilla extra&#8221; kommer. Att f\u00e5 g\u00f6ra det d\u00e4r &#8221;lilla extra&#8221; och l\u00e4mna en vacker kyrkog\u00e5rd n\u00e4r man g\u00e5r p\u00e5 semester det \u00e4r en [&hellip;]\" \/>\n<meta property=\"og:url\" content=\"https:\/\/blogg.svenskakyrkan.se\/kyrkogardienkoping\/2017\/07\/14\/tid-for-2\/\" \/>\n<meta property=\"og:site_name\" content=\"Kyrkog\u00e5rdsbloggen i Enk\u00f6pings pastorat\" \/>\n<meta property=\"article:published_time\" content=\"2017-07-14T05:54:09+00:00\" \/>\n<meta property=\"og:image\" content=\"https:\/\/blogg.svenskakyrkan.se\/kyrkogardienkoping\/files\/2017\/07\/IMG_1369-e1500011286699.jpg\" \/>\n\t<meta property=\"og:image:width\" content=\"640\" \/>\n\t<meta property=\"og:image:height\" content=\"640\" \/>\n\t<meta property=\"og:image:type\" content=\"image\/jpeg\" \/>\n<meta name=\"author\" content=\"Ann-Sofie Hansson\" \/>\n<meta name=\"twitter:card\" content=\"summary_large_image\" \/>\n<meta name=\"twitter:label1\" content=\"Skriven av\" \/>\n\t<meta name=\"twitter:data1\" content=\"Ann-Sofie Hansson\" \/>\n<script type=\"application\/ld+json\" class=\"yoast-schema-graph\">{\"@context\":\"https:\/\/schema.org\",\"@graph\":[{\"@type\":\"Article\",\"@id\":\"https:\/\/blogg.svenskakyrkan.se\/kyrkogardienkoping\/2017\/07\/14\/tid-for-2\/#article\",\"isPartOf\":{\"@id\":\"https:\/\/blogg.svenskakyrkan.se\/kyrkogardienkoping\/2017\/07\/14\/tid-for-2\/\"},\"author\":{\"name\":\"Ann-Sofie Hansson\",\"@id\":\"https:\/\/blogg.svenskakyrkan.se\/kyrkogardienkoping\/#\/schema\/person\/8ec127a2af49a2cade0ec5f1bd7db663\"},\"headline\":\"Tid f\u00f6r&#8230;.\",\"datePublished\":\"2017-07-14T05:54:09+00:00\",\"mainEntityOfPage\":{\"@id\":\"https:\/\/blogg.svenskakyrkan.se\/kyrkogardienkoping\/2017\/07\/14\/tid-for-2\/\"},\"wordCount\":81,\"commentCount\":0,\"image\":{\"@id\":\"https:\/\/blogg.svenskakyrkan.se\/kyrkogardienkoping\/2017\/07\/14\/tid-for-2\/#primaryimage\"},\"thumbnailUrl\":\"https:\/\/blogg.svenskakyrkan.se\/kyrkogardienkoping\/files\/2017\/07\/IMG_1369-e1500011286699.jpg\",\"inLanguage\":\"sv-SE\",\"potentialAction\":[{\"@type\":\"CommentAction\",\"name\":\"Comment\",\"target\":[\"https:\/\/blogg.svenskakyrkan.se\/kyrkogardienkoping\/2017\/07\/14\/tid-for-2\/#respond\"]}]},{\"@type\":\"WebPage\",\"@id\":\"https:\/\/blogg.svenskakyrkan.se\/kyrkogardienkoping\/2017\/07\/14\/tid-for-2\/\",\"url\":\"https:\/\/blogg.svenskakyrkan.se\/kyrkogardienkoping\/2017\/07\/14\/tid-for-2\/\",\"name\":\"Tid f\u00f6r.... - Kyrkog\u00e5rdsbloggen i Enk\u00f6pings pastorat\",\"isPartOf\":{\"@id\":\"https:\/\/blogg.svenskakyrkan.se\/kyrkogardienkoping\/#website\"},\"primaryImageOfPage\":{\"@id\":\"https:\/\/blogg.svenskakyrkan.se\/kyrkogardienkoping\/2017\/07\/14\/tid-for-2\/#primaryimage\"},\"image\":{\"@id\":\"https:\/\/blogg.svenskakyrkan.se\/kyrkogardienkoping\/2017\/07\/14\/tid-for-2\/#primaryimage\"},\"thumbnailUrl\":\"https:\/\/blogg.svenskakyrkan.se\/kyrkogardienkoping\/files\/2017\/07\/IMG_1369-e1500011286699.jpg\",\"datePublished\":\"2017-07-14T05:54:09+00:00\",\"author\":{\"@id\":\"https:\/\/blogg.svenskakyrkan.se\/kyrkogardienkoping\/#\/schema\/person\/8ec127a2af49a2cade0ec5f1bd7db663\"},\"breadcrumb\":{\"@id\":\"https:\/\/blogg.svenskakyrkan.se\/kyrkogardienkoping\/2017\/07\/14\/tid-for-2\/#breadcrumb\"},\"inLanguage\":\"sv-SE\",\"potentialAction\":[{\"@type\":\"ReadAction\",\"target\":[\"https:\/\/blogg.svenskakyrkan.se\/kyrkogardienkoping\/2017\/07\/14\/tid-for-2\/\"]}]},{\"@type\":\"ImageObject\",\"inLanguage\":\"sv-SE\",\"@id\":\"https:\/\/blogg.svenskakyrkan.se\/kyrkogardienkoping\/2017\/07\/14\/tid-for-2\/#primaryimage\",\"url\":\"https:\/\/blogg.svenskakyrkan.se\/kyrkogardienkoping\/files\/2017\/07\/IMG_1369-e1500011286699.jpg\",\"contentUrl\":\"https:\/\/blogg.svenskakyrkan.se\/kyrkogardienkoping\/files\/2017\/07\/IMG_1369-e1500011286699.jpg\",\"width\":640,\"height\":640},{\"@type\":\"BreadcrumbList\",\"@id\":\"https:\/\/blogg.svenskakyrkan.se\/kyrkogardienkoping\/2017\/07\/14\/tid-for-2\/#breadcrumb\",\"itemListElement\":[{\"@type\":\"ListItem\",\"position\":1,\"name\":\"Hem\",\"item\":\"https:\/\/blogg.svenskakyrkan.se\/kyrkogardienkoping\/\"},{\"@type\":\"ListItem\",\"position\":2,\"name\":\"Tid f\u00f6r&#8230;.\"}]},{\"@type\":\"WebSite\",\"@id\":\"https:\/\/blogg.svenskakyrkan.se\/kyrkogardienkoping\/#website\",\"url\":\"https:\/\/blogg.svenskakyrkan.se\/kyrkogardienkoping\/\",\"name\":\"Kyrkog\u00e5rdsbloggen i Enk\u00f6pings pastorat\",\"description\":\"Om arbetet p\u00e5 de 27 kyrkog\u00e5rdarna inom Enk\u00f6pings pastorat. Allt fr\u00e5n synen p\u00e5 en kyrkog\u00e5rd som b\u00e5de park och viloplats till vad det handlar om att arbeta p\u00e5 en kyrkog\u00e5rd s\u00e5som gr\u00e4sklippning, plantering, sn\u00f6skottning, anl\u00e4ggningsarbeten och arbetsvardagen i st\u00f6rsta allm\u00e4nhet.\",\"potentialAction\":[{\"@type\":\"SearchAction\",\"target\":{\"@type\":\"EntryPoint\",\"urlTemplate\":\"https:\/\/blogg.svenskakyrkan.se\/kyrkogardienkoping\/?s={search_term_string}\"},\"query-input\":{\"@type\":\"PropertyValueSpecification\",\"valueRequired\":true,\"valueName\":\"search_term_string\"}}],\"inLanguage\":\"sv-SE\"},{\"@type\":\"Person\",\"@id\":\"https:\/\/blogg.svenskakyrkan.se\/kyrkogardienkoping\/#\/schema\/person\/8ec127a2af49a2cade0ec5f1bd7db663\",\"name\":\"Ann-Sofie Hansson\",\"image\":{\"@type\":\"ImageObject\",\"inLanguage\":\"sv-SE\",\"@id\":\"https:\/\/blogg.svenskakyrkan.se\/kyrkogardienkoping\/#\/schema\/person\/image\/\",\"url\":\"https:\/\/secure.gravatar.com\/avatar\/6accbf7bffafd21ea4d9399d92ae5263a588679076a67f86597ab5db53352082?s=96&d=mm&r=g\",\"contentUrl\":\"https:\/\/secure.gravatar.com\/avatar\/6accbf7bffafd21ea4d9399d92ae5263a588679076a67f86597ab5db53352082?s=96&d=mm&r=g\",\"caption\":\"Ann-Sofie Hansson\"},\"description\":\"Om arbetet p\u00e5 de 21 kyrkog\u00e5rdarna inom Enk\u00f6pings pastorat. Allt fr\u00e5n synen p\u00e5 en kyrkog\u00e5rd som b\u00e5de park och viloplats till vad det handlar om att arbeta p\u00e5 en kyrkog\u00e5rd s\u00e5som gr\u00e4sklippning, plantering, sn\u00f6skottning, anl\u00e4ggningsarbeten och arbetsvardagen i st\u00f6rsta allm\u00e4nhet.\",\"url\":\"https:\/\/blogg.svenskakyrkan.se\/kyrkogardienkoping\/author\/annsofiehansson\/\"}]}<\/script>\n<!-- \/ Yoast SEO plugin. -->","yoast_head_json":{"title":"Tid f\u00f6r.... - Kyrkog\u00e5rdsbloggen i Enk\u00f6pings pastorat","robots":{"index":"index","follow":"follow","max-snippet":"max-snippet:-1","max-image-preview":"max-image-preview:large","max-video-preview":"max-video-preview:-1"},"canonical":"https:\/\/blogg.svenskakyrkan.se\/kyrkogardienkoping\/2017\/07\/14\/tid-for-2\/","og_locale":"sv_SE","og_type":"article","og_title":"Tid f\u00f6r.... - Kyrkog\u00e5rdsbloggen i Enk\u00f6pings pastorat","og_description":"Under juni \u00e4r arbetet p\u00e5 kyrkog\u00e5rden som intensivast. H\u00e4ckar ska klippas, sommarblommor planteras och allt v\u00e4xer s\u00e5 det knakar. Under juli n\u00e4r v\u00e4xtkraften planar ut, det \u00e4r d\u00e5 tiden f\u00f6r det d\u00e4r &#8221;lilla extra&#8221; kommer. Att f\u00e5 g\u00f6ra det d\u00e4r &#8221;lilla extra&#8221; och l\u00e4mna en vacker kyrkog\u00e5rd n\u00e4r man g\u00e5r p\u00e5 semester det \u00e4r en [&hellip;]","og_url":"https:\/\/blogg.svenskakyrkan.se\/kyrkogardienkoping\/2017\/07\/14\/tid-for-2\/","og_site_name":"Kyrkog\u00e5rdsbloggen i Enk\u00f6pings pastorat","article_published_time":"2017-07-14T05:54:09+00:00","og_image":[{"width":640,"height":640,"url":"https:\/\/blogg.svenskakyrkan.se\/kyrkogardienkoping\/files\/2017\/07\/IMG_1369-e1500011286699.jpg","type":"image\/jpeg"}],"author":"Ann-Sofie Hansson","twitter_card":"summary_large_image","twitter_misc":{"Skriven av":"Ann-Sofie Hansson"},"schema":{"@context":"https:\/\/schema.org","@graph":[{"@type":"Article","@id":"https:\/\/blogg.svenskakyrkan.se\/kyrkogardienkoping\/2017\/07\/14\/tid-for-2\/#article","isPartOf":{"@id":"https:\/\/blogg.svenskakyrkan.se\/kyrkogardienkoping\/2017\/07\/14\/tid-for-2\/"},"author":{"name":"Ann-Sofie Hansson","@id":"https:\/\/blogg.svenskakyrkan.se\/kyrkogardienkoping\/#\/schema\/person\/8ec127a2af49a2cade0ec5f1bd7db663"},"headline":"Tid f\u00f6r&#8230;.","datePublished":"2017-07-14T05:54:09+00:00","mainEntityOfPage":{"@id":"https:\/\/blogg.svenskakyrkan.se\/kyrkogardienkoping\/2017\/07\/14\/tid-for-2\/"},"wordCount":81,"commentCount":0,"image":{"@id":"https:\/\/blogg.svenskakyrkan.se\/kyrkogardienkoping\/2017\/07\/14\/tid-for-2\/#primaryimage"},"thumbnailUrl":"https:\/\/blogg.svenskakyrkan.se\/kyrkogardienkoping\/files\/2017\/07\/IMG_1369-e1500011286699.jpg","inLanguage":"sv-SE","potentialAction":[{"@type":"CommentAction","name":"Comment","target":["https:\/\/blogg.svenskakyrkan.se\/kyrkogardienkoping\/2017\/07\/14\/tid-for-2\/#respond"]}]},{"@type":"WebPage","@id":"https:\/\/blogg.svenskakyrkan.se\/kyrkogardienkoping\/2017\/07\/14\/tid-for-2\/","url":"https:\/\/blogg.svenskakyrkan.se\/kyrkogardienkoping\/2017\/07\/14\/tid-for-2\/","name":"Tid f\u00f6r.... - Kyrkog\u00e5rdsbloggen i Enk\u00f6pings pastorat","isPartOf":{"@id":"https:\/\/blogg.svenskakyrkan.se\/kyrkogardienkoping\/#website"},"primaryImageOfPage":{"@id":"https:\/\/blogg.svenskakyrkan.se\/kyrkogardienkoping\/2017\/07\/14\/tid-for-2\/#primaryimage"},"image":{"@id":"https:\/\/blogg.svenskakyrkan.se\/kyrkogardienkoping\/2017\/07\/14\/tid-for-2\/#primaryimage"},"thumbnailUrl":"https:\/\/blogg.svenskakyrkan.se\/kyrkogardienkoping\/files\/2017\/07\/IMG_1369-e1500011286699.jpg","datePublished":"2017-07-14T05:54:09+00:00","author":{"@id":"https:\/\/blogg.svenskakyrkan.se\/kyrkogardienkoping\/#\/schema\/person\/8ec127a2af49a2cade0ec5f1bd7db663"},"breadcrumb":{"@id":"https:\/\/blogg.svenskakyrkan.se\/kyrkogardienkoping\/2017\/07\/14\/tid-for-2\/#breadcrumb"},"inLanguage":"sv-SE","potentialAction":[{"@type":"ReadAction","target":["https:\/\/blogg.svenskakyrkan.se\/kyrkogardienkoping\/2017\/07\/14\/tid-for-2\/"]}]},{"@type":"ImageObject","inLanguage":"sv-SE","@id":"https:\/\/blogg.svenskakyrkan.se\/kyrkogardienkoping\/2017\/07\/14\/tid-for-2\/#primaryimage","url":"https:\/\/blogg.svenskakyrkan.se\/kyrkogardienkoping\/files\/2017\/07\/IMG_1369-e1500011286699.jpg","contentUrl":"https:\/\/blogg.svenskakyrkan.se\/kyrkogardienkoping\/files\/2017\/07\/IMG_1369-e1500011286699.jpg","width":640,"height":640},{"@type":"BreadcrumbList","@id":"https:\/\/blogg.svenskakyrkan.se\/kyrkogardienkoping\/2017\/07\/14\/tid-for-2\/#breadcrumb","itemListElement":[{"@type":"ListItem","position":1,"name":"Hem","item":"https:\/\/blogg.svenskakyrkan.se\/kyrkogardienkoping\/"},{"@type":"ListItem","position":2,"name":"Tid f\u00f6r&#8230;."}]},{"@type":"WebSite","@id":"https:\/\/blogg.svenskakyrkan.se\/kyrkogardienkoping\/#website","url":"https:\/\/blogg.svenskakyrkan.se\/kyrkogardienkoping\/","name":"Kyrkog\u00e5rdsbloggen i Enk\u00f6pings pastorat","description":"Om arbetet p\u00e5 de 27 kyrkog\u00e5rdarna inom Enk\u00f6pings pastorat. Allt fr\u00e5n synen p\u00e5 en kyrkog\u00e5rd som b\u00e5de park och viloplats till vad det handlar om att arbeta p\u00e5 en kyrkog\u00e5rd s\u00e5som gr\u00e4sklippning, plantering, sn\u00f6skottning, anl\u00e4ggningsarbeten och arbetsvardagen i st\u00f6rsta allm\u00e4nhet.","potentialAction":[{"@type":"SearchAction","target":{"@type":"EntryPoint","urlTemplate":"https:\/\/blogg.svenskakyrkan.se\/kyrkogardienkoping\/?s={search_term_string}"},"query-input":{"@type":"PropertyValueSpecification","valueRequired":true,"valueName":"search_term_string"}}],"inLanguage":"sv-SE"},{"@type":"Person","@id":"https:\/\/blogg.svenskakyrkan.se\/kyrkogardienkoping\/#\/schema\/person\/8ec127a2af49a2cade0ec5f1bd7db663","name":"Ann-Sofie Hansson","image":{"@type":"ImageObject","inLanguage":"sv-SE","@id":"https:\/\/blogg.svenskakyrkan.se\/kyrkogardienkoping\/#\/schema\/person\/image\/","url":"https:\/\/secure.gravatar.com\/avatar\/6accbf7bffafd21ea4d9399d92ae5263a588679076a67f86597ab5db53352082?s=96&d=mm&r=g","contentUrl":"https:\/\/secure.gravatar.com\/avatar\/6accbf7bffafd21ea4d9399d92ae5263a588679076a67f86597ab5db53352082?s=96&d=mm&r=g","caption":"Ann-Sofie Hansson"},"description":"Om arbetet p\u00e5 de 21 kyrkog\u00e5rdarna inom Enk\u00f6pings pastorat. Allt fr\u00e5n synen p\u00e5 en kyrkog\u00e5rd som b\u00e5de park och viloplats till vad det handlar om att arbeta p\u00e5 en kyrkog\u00e5rd s\u00e5som gr\u00e4sklippning, plantering, sn\u00f6skottning, anl\u00e4ggningsarbeten och arbetsvardagen i st\u00f6rsta allm\u00e4nhet.","url":"https:\/\/blogg.svenskakyrkan.se\/kyrkogardienkoping\/author\/annsofiehansson\/"}]}},"author_meta":{"ID":"241","user_nicename":"annsofiehansson","user_registered":"2012-11-12 07:48:50","display_name":"Ann-Sofie Hansson","first_name":"Ann-Sofie","last_name":"Hansson","avatar":"https:\/\/secure.gravatar.com\/avatar\/6accbf7bffafd21ea4d9399d92ae5263a588679076a67f86597ab5db53352082?s=96&d=mm&r=g"},"featured_image":["https:\/\/blogg.svenskakyrkan.se\/kyrkogardienkoping\/files\/2017\/07\/IMG_1369-e1500011286699.jpg",640,640,false],"bloginfo":{"name":"Kyrkog\u00e5rdsbloggen i Enk\u00f6pings pastorat","url":"https:\/\/blogg.svenskakyrkan.se\/kyrkogardienkoping"},"_links":{"self":[{"href":"https:\/\/blogg.svenskakyrkan.se\/kyrkogardienkoping\/wp-json\/wp\/v2\/posts\/1393","targetHints":{"allow":["GET"]}}],"collection":[{"href":"https:\/\/blogg.svenskakyrkan.se\/kyrkogardienkoping\/wp-json\/wp\/v2\/posts"}],"about":[{"href":"https:\/\/blogg.svenskakyrkan.se\/kyrkogardienkoping\/wp-json\/wp\/v2\/types\/post"}],"author":[{"embeddable":true,"href":"https:\/\/blogg.svenskakyrkan.se\/kyrkogardienkoping\/wp-json\/wp\/v2\/users\/241"}],"replies":[{"embeddable":true,"href":"https:\/\/blogg.svenskakyrkan.se\/kyrkogardienkoping\/wp-json\/wp\/v2\/comments?post=1393"}],"version-history":[{"count":2,"href":"https:\/\/blogg.svenskakyrkan.se\/kyrkogardienkoping\/wp-json\/wp\/v2\/posts\/1393\/revisions"}],"predecessor-version":[{"id":1400,"href":"https:\/\/blogg.svenskakyrkan.se\/kyrkogardienkoping\/wp-json\/wp\/v2\/posts\/1393\/revisions\/1400"}],"wp:featuredmedia":[{"embeddable":true,"href":"https:\/\/blogg.svenskakyrkan.se\/kyrkogardienkoping\/wp-json\/wp\/v2\/media\/1394"}],"wp:attachment":[{"href":"https:\/\/blogg.svenskakyrkan.se\/kyrkogardienkoping\/wp-json\/wp\/v2\/media?parent=1393"}],"wp:term":[{"taxonomy":"category","embeddable":true,"href":"https:\/\/blogg.svenskakyrkan.se\/kyrkogardienkoping\/wp-json\/wp\/v2\/categories?post=1393"},{"taxonomy":"post_tag","embeddable":true,"href":"https:\/\/blogg.svenskakyrkan.se\/kyrkogardienkoping\/wp-json\/wp\/v2\/tags?post=1393"}],"curies":[{"name":"wp","href":"https:\/\/api.w.org\/{rel}","templated":true}]}}