{"id":1576,"date":"2019-11-04T08:49:39","date_gmt":"2019-11-04T07:49:39","guid":{"rendered":"http:\/\/blogg.svenskakyrkan.se\/kyrkogardienkoping\/?p=1576"},"modified":"2019-11-04T08:49:39","modified_gmt":"2019-11-04T07:49:39","slug":"tack-for-i-ar","status":"publish","type":"post","link":"https:\/\/blogg.svenskakyrkan.se\/kyrkogardienkoping\/2019\/11\/04\/tack-for-i-ar\/","title":{"rendered":"Tack f\u00f6r i \u00e5r!"},"content":{"rendered":"<p>In i det sista p\u00e5gick arbetet med att g\u00f6ra kyrkog\u00e5rdarna lite extra fina inf\u00f6r helgen. I Villberga hj\u00e4lpte \u00e4ven v\u00e4dret till med att skapa h\u00f6stst\u00e4mning.<\/p>\n<p><img loading=\"lazy\" decoding=\"async\" width=\"375\" height=\"500\" class=\"alignnone size-medium wp-image-1580\" src=\"http:\/\/blogg.svenskakyrkan.se\/kyrkogardienkoping\/files\/2019\/11\/bild-vb-e1572845401314-375x500.jpg\" alt=\"\" srcset=\"https:\/\/blogg.svenskakyrkan.se\/kyrkogardienkoping\/files\/2019\/11\/bild-vb-e1572845401314-375x500.jpg 375w, https:\/\/blogg.svenskakyrkan.se\/kyrkogardienkoping\/files\/2019\/11\/bild-vb-e1572845401314.jpg 480w\" sizes=\"auto, (max-width: 375px) 100vw, 375px\" \/> <img loading=\"lazy\" decoding=\"async\" width=\"375\" height=\"500\" class=\"alignnone size-medium wp-image-1579\" src=\"http:\/\/blogg.svenskakyrkan.se\/kyrkogardienkoping\/files\/2019\/11\/bild-bv2-e1572845394530-375x500.jpg\" alt=\"\" srcset=\"https:\/\/blogg.svenskakyrkan.se\/kyrkogardienkoping\/files\/2019\/11\/bild-bv2-e1572845394530-375x500.jpg 375w, https:\/\/blogg.svenskakyrkan.se\/kyrkogardienkoping\/files\/2019\/11\/bild-bv2-e1572845394530.jpg 480w\" sizes=\"auto, (max-width: 375px) 100vw, 375px\" \/> <img loading=\"lazy\" decoding=\"async\" width=\"375\" height=\"500\" class=\"alignnone size-medium wp-image-1577\" src=\"http:\/\/blogg.svenskakyrkan.se\/kyrkogardienkoping\/files\/2019\/11\/Bil-2-e1572845256165-375x500.jpg\" alt=\"\" srcset=\"https:\/\/blogg.svenskakyrkan.se\/kyrkogardienkoping\/files\/2019\/11\/Bil-2-e1572845256165-375x500.jpg 375w, https:\/\/blogg.svenskakyrkan.se\/kyrkogardienkoping\/files\/2019\/11\/Bil-2-e1572845256165.jpg 480w\" sizes=\"auto, (max-width: 375px) 100vw, 375px\" \/><\/p>\n","protected":false},"excerpt":{"rendered":"<p>In i det sista p\u00e5gick arbetet med att g\u00f6ra kyrkog\u00e5rdarna lite extra fina inf\u00f6r helgen. I Villberga hj\u00e4lpte \u00e4ven v\u00e4dret till med att skapa h\u00f6stst\u00e4mning.<\/p>\n","protected":false},"author":241,"featured_media":1578,"comment_status":"open","ping_status":"open","sticky":false,"template":"","format":"standard","meta":{"_acf_changed":false,"footnotes":""},"categories":[9],"tags":[],"class_list":["post-1576","post","type-post","status-publish","format-standard","has-post-thumbnail","hentry","category-okategoriserade"],"acf":[],"yoast_head":"<!-- This site is optimized with the Yoast SEO plugin v27.1.1 - https:\/\/yoast.com\/product\/yoast-seo-wordpress\/ -->\n<title>Tack f\u00f6r i \u00e5r! - Kyrkog\u00e5rdsbloggen i Enk\u00f6pings pastorat<\/title>\n<meta name=\"robots\" content=\"index, follow, max-snippet:-1, max-image-preview:large, max-video-preview:-1\" \/>\n<link rel=\"canonical\" href=\"https:\/\/blogg.svenskakyrkan.se\/kyrkogardienkoping\/2019\/11\/04\/tack-for-i-ar\/\" \/>\n<meta property=\"og:locale\" content=\"sv_SE\" \/>\n<meta property=\"og:type\" content=\"article\" \/>\n<meta property=\"og:title\" content=\"Tack f\u00f6r i \u00e5r! - Kyrkog\u00e5rdsbloggen i Enk\u00f6pings pastorat\" \/>\n<meta property=\"og:description\" content=\"In i det sista p\u00e5gick arbetet med att g\u00f6ra kyrkog\u00e5rdarna lite extra fina inf\u00f6r helgen. I Villberga hj\u00e4lpte \u00e4ven v\u00e4dret till med att skapa h\u00f6stst\u00e4mning.\" \/>\n<meta property=\"og:url\" content=\"https:\/\/blogg.svenskakyrkan.se\/kyrkogardienkoping\/2019\/11\/04\/tack-for-i-ar\/\" \/>\n<meta property=\"og:site_name\" content=\"Kyrkog\u00e5rdsbloggen i Enk\u00f6pings pastorat\" \/>\n<meta property=\"article:published_time\" content=\"2019-11-04T07:49:39+00:00\" \/>\n<meta property=\"og:image\" content=\"https:\/\/blogg.svenskakyrkan.se\/kyrkogardienkoping\/files\/2019\/11\/bild-bv-3-e1572845385683.jpg\" \/>\n\t<meta property=\"og:image:width\" content=\"480\" \/>\n\t<meta property=\"og:image:height\" content=\"640\" \/>\n\t<meta property=\"og:image:type\" content=\"image\/jpeg\" \/>\n<meta name=\"author\" content=\"Ann-Sofie Hansson\" \/>\n<meta name=\"twitter:card\" content=\"summary_large_image\" \/>\n<meta name=\"twitter:label1\" content=\"Skriven av\" \/>\n\t<meta name=\"twitter:data1\" content=\"Ann-Sofie Hansson\" \/>\n<script type=\"application\/ld+json\" class=\"yoast-schema-graph\">{\"@context\":\"https:\/\/schema.org\",\"@graph\":[{\"@type\":\"Article\",\"@id\":\"https:\/\/blogg.svenskakyrkan.se\/kyrkogardienkoping\/2019\/11\/04\/tack-for-i-ar\/#article\",\"isPartOf\":{\"@id\":\"https:\/\/blogg.svenskakyrkan.se\/kyrkogardienkoping\/2019\/11\/04\/tack-for-i-ar\/\"},\"author\":{\"name\":\"Ann-Sofie Hansson\",\"@id\":\"https:\/\/blogg.svenskakyrkan.se\/kyrkogardienkoping\/#\/schema\/person\/8ec127a2af49a2cade0ec5f1bd7db663\"},\"headline\":\"Tack f\u00f6r i \u00e5r!\",\"datePublished\":\"2019-11-04T07:49:39+00:00\",\"mainEntityOfPage\":{\"@id\":\"https:\/\/blogg.svenskakyrkan.se\/kyrkogardienkoping\/2019\/11\/04\/tack-for-i-ar\/\"},\"wordCount\":38,\"commentCount\":0,\"image\":{\"@id\":\"https:\/\/blogg.svenskakyrkan.se\/kyrkogardienkoping\/2019\/11\/04\/tack-for-i-ar\/#primaryimage\"},\"thumbnailUrl\":\"https:\/\/blogg.svenskakyrkan.se\/kyrkogardienkoping\/files\/2019\/11\/bild-bv-3-e1572845385683.jpg\",\"inLanguage\":\"sv-SE\",\"potentialAction\":[{\"@type\":\"CommentAction\",\"name\":\"Comment\",\"target\":[\"https:\/\/blogg.svenskakyrkan.se\/kyrkogardienkoping\/2019\/11\/04\/tack-for-i-ar\/#respond\"]}]},{\"@type\":\"WebPage\",\"@id\":\"https:\/\/blogg.svenskakyrkan.se\/kyrkogardienkoping\/2019\/11\/04\/tack-for-i-ar\/\",\"url\":\"https:\/\/blogg.svenskakyrkan.se\/kyrkogardienkoping\/2019\/11\/04\/tack-for-i-ar\/\",\"name\":\"Tack f\u00f6r i \u00e5r! - Kyrkog\u00e5rdsbloggen i Enk\u00f6pings pastorat\",\"isPartOf\":{\"@id\":\"https:\/\/blogg.svenskakyrkan.se\/kyrkogardienkoping\/#website\"},\"primaryImageOfPage\":{\"@id\":\"https:\/\/blogg.svenskakyrkan.se\/kyrkogardienkoping\/2019\/11\/04\/tack-for-i-ar\/#primaryimage\"},\"image\":{\"@id\":\"https:\/\/blogg.svenskakyrkan.se\/kyrkogardienkoping\/2019\/11\/04\/tack-for-i-ar\/#primaryimage\"},\"thumbnailUrl\":\"https:\/\/blogg.svenskakyrkan.se\/kyrkogardienkoping\/files\/2019\/11\/bild-bv-3-e1572845385683.jpg\",\"datePublished\":\"2019-11-04T07:49:39+00:00\",\"author\":{\"@id\":\"https:\/\/blogg.svenskakyrkan.se\/kyrkogardienkoping\/#\/schema\/person\/8ec127a2af49a2cade0ec5f1bd7db663\"},\"breadcrumb\":{\"@id\":\"https:\/\/blogg.svenskakyrkan.se\/kyrkogardienkoping\/2019\/11\/04\/tack-for-i-ar\/#breadcrumb\"},\"inLanguage\":\"sv-SE\",\"potentialAction\":[{\"@type\":\"ReadAction\",\"target\":[\"https:\/\/blogg.svenskakyrkan.se\/kyrkogardienkoping\/2019\/11\/04\/tack-for-i-ar\/\"]}]},{\"@type\":\"ImageObject\",\"inLanguage\":\"sv-SE\",\"@id\":\"https:\/\/blogg.svenskakyrkan.se\/kyrkogardienkoping\/2019\/11\/04\/tack-for-i-ar\/#primaryimage\",\"url\":\"https:\/\/blogg.svenskakyrkan.se\/kyrkogardienkoping\/files\/2019\/11\/bild-bv-3-e1572845385683.jpg\",\"contentUrl\":\"https:\/\/blogg.svenskakyrkan.se\/kyrkogardienkoping\/files\/2019\/11\/bild-bv-3-e1572845385683.jpg\",\"width\":480,\"height\":640},{\"@type\":\"BreadcrumbList\",\"@id\":\"https:\/\/blogg.svenskakyrkan.se\/kyrkogardienkoping\/2019\/11\/04\/tack-for-i-ar\/#breadcrumb\",\"itemListElement\":[{\"@type\":\"ListItem\",\"position\":1,\"name\":\"Hem\",\"item\":\"https:\/\/blogg.svenskakyrkan.se\/kyrkogardienkoping\/\"},{\"@type\":\"ListItem\",\"position\":2,\"name\":\"Tack f\u00f6r i \u00e5r!\"}]},{\"@type\":\"WebSite\",\"@id\":\"https:\/\/blogg.svenskakyrkan.se\/kyrkogardienkoping\/#website\",\"url\":\"https:\/\/blogg.svenskakyrkan.se\/kyrkogardienkoping\/\",\"name\":\"Kyrkog\u00e5rdsbloggen i Enk\u00f6pings pastorat\",\"description\":\"Om arbetet p\u00e5 de 27 kyrkog\u00e5rdarna inom Enk\u00f6pings pastorat. Allt fr\u00e5n synen p\u00e5 en kyrkog\u00e5rd som b\u00e5de park och viloplats till vad det handlar om att arbeta p\u00e5 en kyrkog\u00e5rd s\u00e5som gr\u00e4sklippning, plantering, sn\u00f6skottning, anl\u00e4ggningsarbeten och arbetsvardagen i st\u00f6rsta allm\u00e4nhet.\",\"potentialAction\":[{\"@type\":\"SearchAction\",\"target\":{\"@type\":\"EntryPoint\",\"urlTemplate\":\"https:\/\/blogg.svenskakyrkan.se\/kyrkogardienkoping\/?s={search_term_string}\"},\"query-input\":{\"@type\":\"PropertyValueSpecification\",\"valueRequired\":true,\"valueName\":\"search_term_string\"}}],\"inLanguage\":\"sv-SE\"},{\"@type\":\"Person\",\"@id\":\"https:\/\/blogg.svenskakyrkan.se\/kyrkogardienkoping\/#\/schema\/person\/8ec127a2af49a2cade0ec5f1bd7db663\",\"name\":\"Ann-Sofie Hansson\",\"image\":{\"@type\":\"ImageObject\",\"inLanguage\":\"sv-SE\",\"@id\":\"https:\/\/blogg.svenskakyrkan.se\/kyrkogardienkoping\/#\/schema\/person\/image\/\",\"url\":\"https:\/\/secure.gravatar.com\/avatar\/6accbf7bffafd21ea4d9399d92ae5263a588679076a67f86597ab5db53352082?s=96&d=mm&r=g\",\"contentUrl\":\"https:\/\/secure.gravatar.com\/avatar\/6accbf7bffafd21ea4d9399d92ae5263a588679076a67f86597ab5db53352082?s=96&d=mm&r=g\",\"caption\":\"Ann-Sofie Hansson\"},\"description\":\"Om arbetet p\u00e5 de 21 kyrkog\u00e5rdarna inom Enk\u00f6pings pastorat. Allt fr\u00e5n synen p\u00e5 en kyrkog\u00e5rd som b\u00e5de park och viloplats till vad det handlar om att arbeta p\u00e5 en kyrkog\u00e5rd s\u00e5som gr\u00e4sklippning, plantering, sn\u00f6skottning, anl\u00e4ggningsarbeten och arbetsvardagen i st\u00f6rsta allm\u00e4nhet.\",\"url\":\"https:\/\/blogg.svenskakyrkan.se\/kyrkogardienkoping\/author\/annsofiehansson\/\"}]}<\/script>\n<!-- \/ Yoast SEO plugin. -->","yoast_head_json":{"title":"Tack f\u00f6r i \u00e5r! - Kyrkog\u00e5rdsbloggen i Enk\u00f6pings pastorat","robots":{"index":"index","follow":"follow","max-snippet":"max-snippet:-1","max-image-preview":"max-image-preview:large","max-video-preview":"max-video-preview:-1"},"canonical":"https:\/\/blogg.svenskakyrkan.se\/kyrkogardienkoping\/2019\/11\/04\/tack-for-i-ar\/","og_locale":"sv_SE","og_type":"article","og_title":"Tack f\u00f6r i \u00e5r! - Kyrkog\u00e5rdsbloggen i Enk\u00f6pings pastorat","og_description":"In i det sista p\u00e5gick arbetet med att g\u00f6ra kyrkog\u00e5rdarna lite extra fina inf\u00f6r helgen. I Villberga hj\u00e4lpte \u00e4ven v\u00e4dret till med att skapa h\u00f6stst\u00e4mning.","og_url":"https:\/\/blogg.svenskakyrkan.se\/kyrkogardienkoping\/2019\/11\/04\/tack-for-i-ar\/","og_site_name":"Kyrkog\u00e5rdsbloggen i Enk\u00f6pings pastorat","article_published_time":"2019-11-04T07:49:39+00:00","og_image":[{"width":480,"height":640,"url":"https:\/\/blogg.svenskakyrkan.se\/kyrkogardienkoping\/files\/2019\/11\/bild-bv-3-e1572845385683.jpg","type":"image\/jpeg"}],"author":"Ann-Sofie Hansson","twitter_card":"summary_large_image","twitter_misc":{"Skriven av":"Ann-Sofie Hansson"},"schema":{"@context":"https:\/\/schema.org","@graph":[{"@type":"Article","@id":"https:\/\/blogg.svenskakyrkan.se\/kyrkogardienkoping\/2019\/11\/04\/tack-for-i-ar\/#article","isPartOf":{"@id":"https:\/\/blogg.svenskakyrkan.se\/kyrkogardienkoping\/2019\/11\/04\/tack-for-i-ar\/"},"author":{"name":"Ann-Sofie Hansson","@id":"https:\/\/blogg.svenskakyrkan.se\/kyrkogardienkoping\/#\/schema\/person\/8ec127a2af49a2cade0ec5f1bd7db663"},"headline":"Tack f\u00f6r i \u00e5r!","datePublished":"2019-11-04T07:49:39+00:00","mainEntityOfPage":{"@id":"https:\/\/blogg.svenskakyrkan.se\/kyrkogardienkoping\/2019\/11\/04\/tack-for-i-ar\/"},"wordCount":38,"commentCount":0,"image":{"@id":"https:\/\/blogg.svenskakyrkan.se\/kyrkogardienkoping\/2019\/11\/04\/tack-for-i-ar\/#primaryimage"},"thumbnailUrl":"https:\/\/blogg.svenskakyrkan.se\/kyrkogardienkoping\/files\/2019\/11\/bild-bv-3-e1572845385683.jpg","inLanguage":"sv-SE","potentialAction":[{"@type":"CommentAction","name":"Comment","target":["https:\/\/blogg.svenskakyrkan.se\/kyrkogardienkoping\/2019\/11\/04\/tack-for-i-ar\/#respond"]}]},{"@type":"WebPage","@id":"https:\/\/blogg.svenskakyrkan.se\/kyrkogardienkoping\/2019\/11\/04\/tack-for-i-ar\/","url":"https:\/\/blogg.svenskakyrkan.se\/kyrkogardienkoping\/2019\/11\/04\/tack-for-i-ar\/","name":"Tack f\u00f6r i \u00e5r! - Kyrkog\u00e5rdsbloggen i Enk\u00f6pings pastorat","isPartOf":{"@id":"https:\/\/blogg.svenskakyrkan.se\/kyrkogardienkoping\/#website"},"primaryImageOfPage":{"@id":"https:\/\/blogg.svenskakyrkan.se\/kyrkogardienkoping\/2019\/11\/04\/tack-for-i-ar\/#primaryimage"},"image":{"@id":"https:\/\/blogg.svenskakyrkan.se\/kyrkogardienkoping\/2019\/11\/04\/tack-for-i-ar\/#primaryimage"},"thumbnailUrl":"https:\/\/blogg.svenskakyrkan.se\/kyrkogardienkoping\/files\/2019\/11\/bild-bv-3-e1572845385683.jpg","datePublished":"2019-11-04T07:49:39+00:00","author":{"@id":"https:\/\/blogg.svenskakyrkan.se\/kyrkogardienkoping\/#\/schema\/person\/8ec127a2af49a2cade0ec5f1bd7db663"},"breadcrumb":{"@id":"https:\/\/blogg.svenskakyrkan.se\/kyrkogardienkoping\/2019\/11\/04\/tack-for-i-ar\/#breadcrumb"},"inLanguage":"sv-SE","potentialAction":[{"@type":"ReadAction","target":["https:\/\/blogg.svenskakyrkan.se\/kyrkogardienkoping\/2019\/11\/04\/tack-for-i-ar\/"]}]},{"@type":"ImageObject","inLanguage":"sv-SE","@id":"https:\/\/blogg.svenskakyrkan.se\/kyrkogardienkoping\/2019\/11\/04\/tack-for-i-ar\/#primaryimage","url":"https:\/\/blogg.svenskakyrkan.se\/kyrkogardienkoping\/files\/2019\/11\/bild-bv-3-e1572845385683.jpg","contentUrl":"https:\/\/blogg.svenskakyrkan.se\/kyrkogardienkoping\/files\/2019\/11\/bild-bv-3-e1572845385683.jpg","width":480,"height":640},{"@type":"BreadcrumbList","@id":"https:\/\/blogg.svenskakyrkan.se\/kyrkogardienkoping\/2019\/11\/04\/tack-for-i-ar\/#breadcrumb","itemListElement":[{"@type":"ListItem","position":1,"name":"Hem","item":"https:\/\/blogg.svenskakyrkan.se\/kyrkogardienkoping\/"},{"@type":"ListItem","position":2,"name":"Tack f\u00f6r i \u00e5r!"}]},{"@type":"WebSite","@id":"https:\/\/blogg.svenskakyrkan.se\/kyrkogardienkoping\/#website","url":"https:\/\/blogg.svenskakyrkan.se\/kyrkogardienkoping\/","name":"Kyrkog\u00e5rdsbloggen i Enk\u00f6pings pastorat","description":"Om arbetet p\u00e5 de 27 kyrkog\u00e5rdarna inom Enk\u00f6pings pastorat. Allt fr\u00e5n synen p\u00e5 en kyrkog\u00e5rd som b\u00e5de park och viloplats till vad det handlar om att arbeta p\u00e5 en kyrkog\u00e5rd s\u00e5som gr\u00e4sklippning, plantering, sn\u00f6skottning, anl\u00e4ggningsarbeten och arbetsvardagen i st\u00f6rsta allm\u00e4nhet.","potentialAction":[{"@type":"SearchAction","target":{"@type":"EntryPoint","urlTemplate":"https:\/\/blogg.svenskakyrkan.se\/kyrkogardienkoping\/?s={search_term_string}"},"query-input":{"@type":"PropertyValueSpecification","valueRequired":true,"valueName":"search_term_string"}}],"inLanguage":"sv-SE"},{"@type":"Person","@id":"https:\/\/blogg.svenskakyrkan.se\/kyrkogardienkoping\/#\/schema\/person\/8ec127a2af49a2cade0ec5f1bd7db663","name":"Ann-Sofie Hansson","image":{"@type":"ImageObject","inLanguage":"sv-SE","@id":"https:\/\/blogg.svenskakyrkan.se\/kyrkogardienkoping\/#\/schema\/person\/image\/","url":"https:\/\/secure.gravatar.com\/avatar\/6accbf7bffafd21ea4d9399d92ae5263a588679076a67f86597ab5db53352082?s=96&d=mm&r=g","contentUrl":"https:\/\/secure.gravatar.com\/avatar\/6accbf7bffafd21ea4d9399d92ae5263a588679076a67f86597ab5db53352082?s=96&d=mm&r=g","caption":"Ann-Sofie Hansson"},"description":"Om arbetet p\u00e5 de 21 kyrkog\u00e5rdarna inom Enk\u00f6pings pastorat. Allt fr\u00e5n synen p\u00e5 en kyrkog\u00e5rd som b\u00e5de park och viloplats till vad det handlar om att arbeta p\u00e5 en kyrkog\u00e5rd s\u00e5som gr\u00e4sklippning, plantering, sn\u00f6skottning, anl\u00e4ggningsarbeten och arbetsvardagen i st\u00f6rsta allm\u00e4nhet.","url":"https:\/\/blogg.svenskakyrkan.se\/kyrkogardienkoping\/author\/annsofiehansson\/"}]}},"author_meta":{"ID":"241","user_nicename":"annsofiehansson","user_registered":"2012-11-12 07:48:50","display_name":"Ann-Sofie Hansson","first_name":"Ann-Sofie","last_name":"Hansson","avatar":"https:\/\/secure.gravatar.com\/avatar\/6accbf7bffafd21ea4d9399d92ae5263a588679076a67f86597ab5db53352082?s=96&d=mm&r=g"},"featured_image":["https:\/\/blogg.svenskakyrkan.se\/kyrkogardienkoping\/files\/2019\/11\/bild-bv-3-e1572845385683.jpg",480,640,false],"bloginfo":{"name":"Kyrkog\u00e5rdsbloggen i Enk\u00f6pings pastorat","url":"https:\/\/blogg.svenskakyrkan.se\/kyrkogardienkoping"},"_links":{"self":[{"href":"https:\/\/blogg.svenskakyrkan.se\/kyrkogardienkoping\/wp-json\/wp\/v2\/posts\/1576","targetHints":{"allow":["GET"]}}],"collection":[{"href":"https:\/\/blogg.svenskakyrkan.se\/kyrkogardienkoping\/wp-json\/wp\/v2\/posts"}],"about":[{"href":"https:\/\/blogg.svenskakyrkan.se\/kyrkogardienkoping\/wp-json\/wp\/v2\/types\/post"}],"author":[{"embeddable":true,"href":"https:\/\/blogg.svenskakyrkan.se\/kyrkogardienkoping\/wp-json\/wp\/v2\/users\/241"}],"replies":[{"embeddable":true,"href":"https:\/\/blogg.svenskakyrkan.se\/kyrkogardienkoping\/wp-json\/wp\/v2\/comments?post=1576"}],"version-history":[{"count":2,"href":"https:\/\/blogg.svenskakyrkan.se\/kyrkogardienkoping\/wp-json\/wp\/v2\/posts\/1576\/revisions"}],"predecessor-version":[{"id":1582,"href":"https:\/\/blogg.svenskakyrkan.se\/kyrkogardienkoping\/wp-json\/wp\/v2\/posts\/1576\/revisions\/1582"}],"wp:featuredmedia":[{"embeddable":true,"href":"https:\/\/blogg.svenskakyrkan.se\/kyrkogardienkoping\/wp-json\/wp\/v2\/media\/1578"}],"wp:attachment":[{"href":"https:\/\/blogg.svenskakyrkan.se\/kyrkogardienkoping\/wp-json\/wp\/v2\/media?parent=1576"}],"wp:term":[{"taxonomy":"category","embeddable":true,"href":"https:\/\/blogg.svenskakyrkan.se\/kyrkogardienkoping\/wp-json\/wp\/v2\/categories?post=1576"},{"taxonomy":"post_tag","embeddable":true,"href":"https:\/\/blogg.svenskakyrkan.se\/kyrkogardienkoping\/wp-json\/wp\/v2\/tags?post=1576"}],"curies":[{"name":"wp","href":"https:\/\/api.w.org\/{rel}","templated":true}]}}