{"id":1875,"date":"2023-10-03T10:24:50","date_gmt":"2023-10-03T08:24:50","guid":{"rendered":"https:\/\/blogg.svenskakyrkan.se\/kyrkogardienkoping\/?p=1875"},"modified":"2023-10-03T10:25:19","modified_gmt":"2023-10-03T08:25:19","slug":"eldningsforbudet-upphor","status":"publish","type":"post","link":"https:\/\/blogg.svenskakyrkan.se\/kyrkogardienkoping\/2023\/10\/03\/eldningsforbudet-upphor\/","title":{"rendered":"Eldningsf\u00f6rbudet upph\u00f6r"},"content":{"rendered":"<p>Vid ing\u00e5ngar till kyrkog\u00e5rdarna har vi i sommar haft skyltar med eldningsf\u00f6rbud (som ocks\u00e5 g\u00e4ller gravljus). Fr\u00e5n 1 oktober upph\u00f6r eldningsf\u00f6rbudet och vi kommer att ta bort dessa skyltar. Vi \u00f6nskar dock att alla eldar med sunt f\u00f6rnuft \u00e4ven efter det, d\u00e5 det kan bli torrt i h\u00f6gt gr\u00e4s och \u00e4ven med torra l\u00f6v.<\/p>\n<p>I samband med att eldningsf\u00f6rbudet upph\u00f6r, byter vi i v\u00e5ra minneslundar ut h\u00e4lften av vaserna till h\u00e5llare f\u00f6r ljus. Senast till allhelgonahelgen \u00e4r alla vaser utbytta till ljush\u00e5llare. P\u00e5 alla v\u00e5ra askgravplatser (uppl\u00e5tna) st\u00e4ller vi ut f\u00f6rvaltningens gravlyktor i oktober.<\/p>\n<p>V\u00e4lkommen till v\u00e5ra kyrkog\u00e5rdar!<\/p>\n<p><em>Elisabeth Nordfors<\/em><\/p>\n","protected":false},"excerpt":{"rendered":"<p>Vid ing\u00e5ngar till kyrkog\u00e5rdarna har vi i sommar haft skyltar med eldningsf\u00f6rbud (som ocks\u00e5 g\u00e4ller gravljus). Fr\u00e5n 1 oktober upph\u00f6r eldningsf\u00f6rbudet och vi kommer att ta bort dessa skyltar. Vi \u00f6nskar dock att alla eldar med sunt f\u00f6rnuft \u00e4ven efter det, d\u00e5 det kan bli torrt i h\u00f6gt gr\u00e4s och \u00e4ven med torra l\u00f6v. I [&hellip;]<\/p>\n","protected":false},"author":570,"featured_media":1876,"comment_status":"open","ping_status":"open","sticky":false,"template":"","format":"standard","meta":{"_acf_changed":false,"footnotes":""},"categories":[9],"tags":[32037],"class_list":["post-1875","post","type-post","status-publish","format-standard","has-post-thumbnail","hentry","category-okategoriserade","tag-eldning"],"acf":[],"yoast_head":"<!-- This site is optimized with the Yoast SEO plugin v27.1.1 - https:\/\/yoast.com\/product\/yoast-seo-wordpress\/ -->\n<title>Eldningsf\u00f6rbudet upph\u00f6r - Kyrkog\u00e5rdsbloggen i Enk\u00f6pings pastorat<\/title>\n<meta name=\"robots\" content=\"index, follow, max-snippet:-1, max-image-preview:large, max-video-preview:-1\" \/>\n<link rel=\"canonical\" href=\"https:\/\/blogg.svenskakyrkan.se\/kyrkogardienkoping\/2023\/10\/03\/eldningsforbudet-upphor\/\" \/>\n<meta property=\"og:locale\" content=\"sv_SE\" \/>\n<meta property=\"og:type\" content=\"article\" \/>\n<meta property=\"og:title\" content=\"Eldningsf\u00f6rbudet upph\u00f6r - Kyrkog\u00e5rdsbloggen i Enk\u00f6pings pastorat\" \/>\n<meta property=\"og:description\" content=\"Vid ing\u00e5ngar till kyrkog\u00e5rdarna har vi i sommar haft skyltar med eldningsf\u00f6rbud (som ocks\u00e5 g\u00e4ller gravljus). Fr\u00e5n 1 oktober upph\u00f6r eldningsf\u00f6rbudet och vi kommer att ta bort dessa skyltar. Vi \u00f6nskar dock att alla eldar med sunt f\u00f6rnuft \u00e4ven efter det, d\u00e5 det kan bli torrt i h\u00f6gt gr\u00e4s och \u00e4ven med torra l\u00f6v. I [&hellip;]\" \/>\n<meta property=\"og:url\" content=\"https:\/\/blogg.svenskakyrkan.se\/kyrkogardienkoping\/2023\/10\/03\/eldningsforbudet-upphor\/\" \/>\n<meta property=\"og:site_name\" content=\"Kyrkog\u00e5rdsbloggen i Enk\u00f6pings pastorat\" \/>\n<meta property=\"article:published_time\" content=\"2023-10-03T08:24:50+00:00\" \/>\n<meta property=\"article:modified_time\" content=\"2023-10-03T08:25:19+00:00\" \/>\n<meta property=\"og:image\" content=\"https:\/\/blogg.svenskakyrkan.se\/kyrkogardienkoping\/files\/2023\/10\/Ljus_kyrkogard_Anders_Gustafsson_1039938_WEBB.jpg\" \/>\n\t<meta property=\"og:image:width\" content=\"1920\" \/>\n\t<meta property=\"og:image:height\" content=\"1080\" \/>\n\t<meta property=\"og:image:type\" content=\"image\/jpeg\" \/>\n<meta name=\"author\" content=\"Enk\u00f6pings pastorat\" \/>\n<meta name=\"twitter:card\" content=\"summary_large_image\" \/>\n<meta name=\"twitter:label1\" content=\"Skriven av\" \/>\n\t<meta name=\"twitter:data1\" content=\"Enk\u00f6pings pastorat\" \/>\n\t<meta name=\"twitter:label2\" content=\"Ber\u00e4knad l\u00e4stid\" \/>\n\t<meta name=\"twitter:data2\" content=\"1 minut\" \/>\n<script type=\"application\/ld+json\" class=\"yoast-schema-graph\">{\"@context\":\"https:\/\/schema.org\",\"@graph\":[{\"@type\":\"Article\",\"@id\":\"https:\/\/blogg.svenskakyrkan.se\/kyrkogardienkoping\/2023\/10\/03\/eldningsforbudet-upphor\/#article\",\"isPartOf\":{\"@id\":\"https:\/\/blogg.svenskakyrkan.se\/kyrkogardienkoping\/2023\/10\/03\/eldningsforbudet-upphor\/\"},\"author\":{\"name\":\"Enk\u00f6pings pastorat\",\"@id\":\"https:\/\/blogg.svenskakyrkan.se\/kyrkogardienkoping\/#\/schema\/person\/fdcd112045e5bc20f9d0eb1514813cb7\"},\"headline\":\"Eldningsf\u00f6rbudet upph\u00f6r\",\"datePublished\":\"2023-10-03T08:24:50+00:00\",\"dateModified\":\"2023-10-03T08:25:19+00:00\",\"mainEntityOfPage\":{\"@id\":\"https:\/\/blogg.svenskakyrkan.se\/kyrkogardienkoping\/2023\/10\/03\/eldningsforbudet-upphor\/\"},\"wordCount\":128,\"commentCount\":0,\"image\":{\"@id\":\"https:\/\/blogg.svenskakyrkan.se\/kyrkogardienkoping\/2023\/10\/03\/eldningsforbudet-upphor\/#primaryimage\"},\"thumbnailUrl\":\"https:\/\/blogg.svenskakyrkan.se\/kyrkogardienkoping\/files\/2023\/10\/Ljus_kyrkogard_Anders_Gustafsson_1039938_WEBB.jpg\",\"keywords\":[\"eldning\"],\"inLanguage\":\"sv-SE\",\"potentialAction\":[{\"@type\":\"CommentAction\",\"name\":\"Comment\",\"target\":[\"https:\/\/blogg.svenskakyrkan.se\/kyrkogardienkoping\/2023\/10\/03\/eldningsforbudet-upphor\/#respond\"]}]},{\"@type\":\"WebPage\",\"@id\":\"https:\/\/blogg.svenskakyrkan.se\/kyrkogardienkoping\/2023\/10\/03\/eldningsforbudet-upphor\/\",\"url\":\"https:\/\/blogg.svenskakyrkan.se\/kyrkogardienkoping\/2023\/10\/03\/eldningsforbudet-upphor\/\",\"name\":\"Eldningsf\u00f6rbudet upph\u00f6r - Kyrkog\u00e5rdsbloggen i Enk\u00f6pings pastorat\",\"isPartOf\":{\"@id\":\"https:\/\/blogg.svenskakyrkan.se\/kyrkogardienkoping\/#website\"},\"primaryImageOfPage\":{\"@id\":\"https:\/\/blogg.svenskakyrkan.se\/kyrkogardienkoping\/2023\/10\/03\/eldningsforbudet-upphor\/#primaryimage\"},\"image\":{\"@id\":\"https:\/\/blogg.svenskakyrkan.se\/kyrkogardienkoping\/2023\/10\/03\/eldningsforbudet-upphor\/#primaryimage\"},\"thumbnailUrl\":\"https:\/\/blogg.svenskakyrkan.se\/kyrkogardienkoping\/files\/2023\/10\/Ljus_kyrkogard_Anders_Gustafsson_1039938_WEBB.jpg\",\"datePublished\":\"2023-10-03T08:24:50+00:00\",\"dateModified\":\"2023-10-03T08:25:19+00:00\",\"author\":{\"@id\":\"https:\/\/blogg.svenskakyrkan.se\/kyrkogardienkoping\/#\/schema\/person\/fdcd112045e5bc20f9d0eb1514813cb7\"},\"breadcrumb\":{\"@id\":\"https:\/\/blogg.svenskakyrkan.se\/kyrkogardienkoping\/2023\/10\/03\/eldningsforbudet-upphor\/#breadcrumb\"},\"inLanguage\":\"sv-SE\",\"potentialAction\":[{\"@type\":\"ReadAction\",\"target\":[\"https:\/\/blogg.svenskakyrkan.se\/kyrkogardienkoping\/2023\/10\/03\/eldningsforbudet-upphor\/\"]}]},{\"@type\":\"ImageObject\",\"inLanguage\":\"sv-SE\",\"@id\":\"https:\/\/blogg.svenskakyrkan.se\/kyrkogardienkoping\/2023\/10\/03\/eldningsforbudet-upphor\/#primaryimage\",\"url\":\"https:\/\/blogg.svenskakyrkan.se\/kyrkogardienkoping\/files\/2023\/10\/Ljus_kyrkogard_Anders_Gustafsson_1039938_WEBB.jpg\",\"contentUrl\":\"https:\/\/blogg.svenskakyrkan.se\/kyrkogardienkoping\/files\/2023\/10\/Ljus_kyrkogard_Anders_Gustafsson_1039938_WEBB.jpg\",\"width\":1920,\"height\":1080},{\"@type\":\"BreadcrumbList\",\"@id\":\"https:\/\/blogg.svenskakyrkan.se\/kyrkogardienkoping\/2023\/10\/03\/eldningsforbudet-upphor\/#breadcrumb\",\"itemListElement\":[{\"@type\":\"ListItem\",\"position\":1,\"name\":\"Hem\",\"item\":\"https:\/\/blogg.svenskakyrkan.se\/kyrkogardienkoping\/\"},{\"@type\":\"ListItem\",\"position\":2,\"name\":\"Eldningsf\u00f6rbudet upph\u00f6r\"}]},{\"@type\":\"WebSite\",\"@id\":\"https:\/\/blogg.svenskakyrkan.se\/kyrkogardienkoping\/#website\",\"url\":\"https:\/\/blogg.svenskakyrkan.se\/kyrkogardienkoping\/\",\"name\":\"Kyrkog\u00e5rdsbloggen i Enk\u00f6pings pastorat\",\"description\":\"Om arbetet p\u00e5 de 27 kyrkog\u00e5rdarna inom Enk\u00f6pings pastorat. Allt fr\u00e5n synen p\u00e5 en kyrkog\u00e5rd som b\u00e5de park och viloplats till vad det handlar om att arbeta p\u00e5 en kyrkog\u00e5rd s\u00e5som gr\u00e4sklippning, plantering, sn\u00f6skottning, anl\u00e4ggningsarbeten och arbetsvardagen i st\u00f6rsta allm\u00e4nhet.\",\"potentialAction\":[{\"@type\":\"SearchAction\",\"target\":{\"@type\":\"EntryPoint\",\"urlTemplate\":\"https:\/\/blogg.svenskakyrkan.se\/kyrkogardienkoping\/?s={search_term_string}\"},\"query-input\":{\"@type\":\"PropertyValueSpecification\",\"valueRequired\":true,\"valueName\":\"search_term_string\"}}],\"inLanguage\":\"sv-SE\"},{\"@type\":\"Person\",\"@id\":\"https:\/\/blogg.svenskakyrkan.se\/kyrkogardienkoping\/#\/schema\/person\/fdcd112045e5bc20f9d0eb1514813cb7\",\"name\":\"Enk\u00f6pings pastorat\",\"image\":{\"@type\":\"ImageObject\",\"inLanguage\":\"sv-SE\",\"@id\":\"https:\/\/blogg.svenskakyrkan.se\/kyrkogardienkoping\/#\/schema\/person\/image\/\",\"url\":\"https:\/\/secure.gravatar.com\/avatar\/8cd11ef6b0b40e697857ddd81e051d862c31ee1640de70aa81fb10eae52caf84?s=96&d=mm&r=g\",\"contentUrl\":\"https:\/\/secure.gravatar.com\/avatar\/8cd11ef6b0b40e697857ddd81e051d862c31ee1640de70aa81fb10eae52caf84?s=96&d=mm&r=g\",\"caption\":\"Enk\u00f6pings pastorat\"},\"url\":\"https:\/\/blogg.svenskakyrkan.se\/kyrkogardienkoping\/author\/susannegorne\/\"}]}<\/script>\n<!-- \/ Yoast SEO plugin. -->","yoast_head_json":{"title":"Eldningsf\u00f6rbudet upph\u00f6r - Kyrkog\u00e5rdsbloggen i Enk\u00f6pings pastorat","robots":{"index":"index","follow":"follow","max-snippet":"max-snippet:-1","max-image-preview":"max-image-preview:large","max-video-preview":"max-video-preview:-1"},"canonical":"https:\/\/blogg.svenskakyrkan.se\/kyrkogardienkoping\/2023\/10\/03\/eldningsforbudet-upphor\/","og_locale":"sv_SE","og_type":"article","og_title":"Eldningsf\u00f6rbudet upph\u00f6r - Kyrkog\u00e5rdsbloggen i Enk\u00f6pings pastorat","og_description":"Vid ing\u00e5ngar till kyrkog\u00e5rdarna har vi i sommar haft skyltar med eldningsf\u00f6rbud (som ocks\u00e5 g\u00e4ller gravljus). Fr\u00e5n 1 oktober upph\u00f6r eldningsf\u00f6rbudet och vi kommer att ta bort dessa skyltar. Vi \u00f6nskar dock att alla eldar med sunt f\u00f6rnuft \u00e4ven efter det, d\u00e5 det kan bli torrt i h\u00f6gt gr\u00e4s och \u00e4ven med torra l\u00f6v. I [&hellip;]","og_url":"https:\/\/blogg.svenskakyrkan.se\/kyrkogardienkoping\/2023\/10\/03\/eldningsforbudet-upphor\/","og_site_name":"Kyrkog\u00e5rdsbloggen i Enk\u00f6pings pastorat","article_published_time":"2023-10-03T08:24:50+00:00","article_modified_time":"2023-10-03T08:25:19+00:00","og_image":[{"width":1920,"height":1080,"url":"https:\/\/blogg.svenskakyrkan.se\/kyrkogardienkoping\/files\/2023\/10\/Ljus_kyrkogard_Anders_Gustafsson_1039938_WEBB.jpg","type":"image\/jpeg"}],"author":"Enk\u00f6pings pastorat","twitter_card":"summary_large_image","twitter_misc":{"Skriven av":"Enk\u00f6pings pastorat","Ber\u00e4knad l\u00e4stid":"1 minut"},"schema":{"@context":"https:\/\/schema.org","@graph":[{"@type":"Article","@id":"https:\/\/blogg.svenskakyrkan.se\/kyrkogardienkoping\/2023\/10\/03\/eldningsforbudet-upphor\/#article","isPartOf":{"@id":"https:\/\/blogg.svenskakyrkan.se\/kyrkogardienkoping\/2023\/10\/03\/eldningsforbudet-upphor\/"},"author":{"name":"Enk\u00f6pings pastorat","@id":"https:\/\/blogg.svenskakyrkan.se\/kyrkogardienkoping\/#\/schema\/person\/fdcd112045e5bc20f9d0eb1514813cb7"},"headline":"Eldningsf\u00f6rbudet upph\u00f6r","datePublished":"2023-10-03T08:24:50+00:00","dateModified":"2023-10-03T08:25:19+00:00","mainEntityOfPage":{"@id":"https:\/\/blogg.svenskakyrkan.se\/kyrkogardienkoping\/2023\/10\/03\/eldningsforbudet-upphor\/"},"wordCount":128,"commentCount":0,"image":{"@id":"https:\/\/blogg.svenskakyrkan.se\/kyrkogardienkoping\/2023\/10\/03\/eldningsforbudet-upphor\/#primaryimage"},"thumbnailUrl":"https:\/\/blogg.svenskakyrkan.se\/kyrkogardienkoping\/files\/2023\/10\/Ljus_kyrkogard_Anders_Gustafsson_1039938_WEBB.jpg","keywords":["eldning"],"inLanguage":"sv-SE","potentialAction":[{"@type":"CommentAction","name":"Comment","target":["https:\/\/blogg.svenskakyrkan.se\/kyrkogardienkoping\/2023\/10\/03\/eldningsforbudet-upphor\/#respond"]}]},{"@type":"WebPage","@id":"https:\/\/blogg.svenskakyrkan.se\/kyrkogardienkoping\/2023\/10\/03\/eldningsforbudet-upphor\/","url":"https:\/\/blogg.svenskakyrkan.se\/kyrkogardienkoping\/2023\/10\/03\/eldningsforbudet-upphor\/","name":"Eldningsf\u00f6rbudet upph\u00f6r - Kyrkog\u00e5rdsbloggen i Enk\u00f6pings pastorat","isPartOf":{"@id":"https:\/\/blogg.svenskakyrkan.se\/kyrkogardienkoping\/#website"},"primaryImageOfPage":{"@id":"https:\/\/blogg.svenskakyrkan.se\/kyrkogardienkoping\/2023\/10\/03\/eldningsforbudet-upphor\/#primaryimage"},"image":{"@id":"https:\/\/blogg.svenskakyrkan.se\/kyrkogardienkoping\/2023\/10\/03\/eldningsforbudet-upphor\/#primaryimage"},"thumbnailUrl":"https:\/\/blogg.svenskakyrkan.se\/kyrkogardienkoping\/files\/2023\/10\/Ljus_kyrkogard_Anders_Gustafsson_1039938_WEBB.jpg","datePublished":"2023-10-03T08:24:50+00:00","dateModified":"2023-10-03T08:25:19+00:00","author":{"@id":"https:\/\/blogg.svenskakyrkan.se\/kyrkogardienkoping\/#\/schema\/person\/fdcd112045e5bc20f9d0eb1514813cb7"},"breadcrumb":{"@id":"https:\/\/blogg.svenskakyrkan.se\/kyrkogardienkoping\/2023\/10\/03\/eldningsforbudet-upphor\/#breadcrumb"},"inLanguage":"sv-SE","potentialAction":[{"@type":"ReadAction","target":["https:\/\/blogg.svenskakyrkan.se\/kyrkogardienkoping\/2023\/10\/03\/eldningsforbudet-upphor\/"]}]},{"@type":"ImageObject","inLanguage":"sv-SE","@id":"https:\/\/blogg.svenskakyrkan.se\/kyrkogardienkoping\/2023\/10\/03\/eldningsforbudet-upphor\/#primaryimage","url":"https:\/\/blogg.svenskakyrkan.se\/kyrkogardienkoping\/files\/2023\/10\/Ljus_kyrkogard_Anders_Gustafsson_1039938_WEBB.jpg","contentUrl":"https:\/\/blogg.svenskakyrkan.se\/kyrkogardienkoping\/files\/2023\/10\/Ljus_kyrkogard_Anders_Gustafsson_1039938_WEBB.jpg","width":1920,"height":1080},{"@type":"BreadcrumbList","@id":"https:\/\/blogg.svenskakyrkan.se\/kyrkogardienkoping\/2023\/10\/03\/eldningsforbudet-upphor\/#breadcrumb","itemListElement":[{"@type":"ListItem","position":1,"name":"Hem","item":"https:\/\/blogg.svenskakyrkan.se\/kyrkogardienkoping\/"},{"@type":"ListItem","position":2,"name":"Eldningsf\u00f6rbudet upph\u00f6r"}]},{"@type":"WebSite","@id":"https:\/\/blogg.svenskakyrkan.se\/kyrkogardienkoping\/#website","url":"https:\/\/blogg.svenskakyrkan.se\/kyrkogardienkoping\/","name":"Kyrkog\u00e5rdsbloggen i Enk\u00f6pings pastorat","description":"Om arbetet p\u00e5 de 27 kyrkog\u00e5rdarna inom Enk\u00f6pings pastorat. Allt fr\u00e5n synen p\u00e5 en kyrkog\u00e5rd som b\u00e5de park och viloplats till vad det handlar om att arbeta p\u00e5 en kyrkog\u00e5rd s\u00e5som gr\u00e4sklippning, plantering, sn\u00f6skottning, anl\u00e4ggningsarbeten och arbetsvardagen i st\u00f6rsta allm\u00e4nhet.","potentialAction":[{"@type":"SearchAction","target":{"@type":"EntryPoint","urlTemplate":"https:\/\/blogg.svenskakyrkan.se\/kyrkogardienkoping\/?s={search_term_string}"},"query-input":{"@type":"PropertyValueSpecification","valueRequired":true,"valueName":"search_term_string"}}],"inLanguage":"sv-SE"},{"@type":"Person","@id":"https:\/\/blogg.svenskakyrkan.se\/kyrkogardienkoping\/#\/schema\/person\/fdcd112045e5bc20f9d0eb1514813cb7","name":"Enk\u00f6pings pastorat","image":{"@type":"ImageObject","inLanguage":"sv-SE","@id":"https:\/\/blogg.svenskakyrkan.se\/kyrkogardienkoping\/#\/schema\/person\/image\/","url":"https:\/\/secure.gravatar.com\/avatar\/8cd11ef6b0b40e697857ddd81e051d862c31ee1640de70aa81fb10eae52caf84?s=96&d=mm&r=g","contentUrl":"https:\/\/secure.gravatar.com\/avatar\/8cd11ef6b0b40e697857ddd81e051d862c31ee1640de70aa81fb10eae52caf84?s=96&d=mm&r=g","caption":"Enk\u00f6pings pastorat"},"url":"https:\/\/blogg.svenskakyrkan.se\/kyrkogardienkoping\/author\/susannegorne\/"}]}},"author_meta":{"ID":"570","user_nicename":"susannegorne","user_registered":"2016-05-24 16:47:19","display_name":"Enk\u00f6pings pastorat","avatar":"https:\/\/secure.gravatar.com\/avatar\/8cd11ef6b0b40e697857ddd81e051d862c31ee1640de70aa81fb10eae52caf84?s=96&d=mm&r=g"},"featured_image":["https:\/\/blogg.svenskakyrkan.se\/kyrkogardienkoping\/files\/2023\/10\/Ljus_kyrkogard_Anders_Gustafsson_1039938_WEBB.jpg",1920,1080,false],"bloginfo":{"name":"Kyrkog\u00e5rdsbloggen i Enk\u00f6pings pastorat","url":"https:\/\/blogg.svenskakyrkan.se\/kyrkogardienkoping"},"_links":{"self":[{"href":"https:\/\/blogg.svenskakyrkan.se\/kyrkogardienkoping\/wp-json\/wp\/v2\/posts\/1875","targetHints":{"allow":["GET"]}}],"collection":[{"href":"https:\/\/blogg.svenskakyrkan.se\/kyrkogardienkoping\/wp-json\/wp\/v2\/posts"}],"about":[{"href":"https:\/\/blogg.svenskakyrkan.se\/kyrkogardienkoping\/wp-json\/wp\/v2\/types\/post"}],"author":[{"embeddable":true,"href":"https:\/\/blogg.svenskakyrkan.se\/kyrkogardienkoping\/wp-json\/wp\/v2\/users\/570"}],"replies":[{"embeddable":true,"href":"https:\/\/blogg.svenskakyrkan.se\/kyrkogardienkoping\/wp-json\/wp\/v2\/comments?post=1875"}],"version-history":[{"count":3,"href":"https:\/\/blogg.svenskakyrkan.se\/kyrkogardienkoping\/wp-json\/wp\/v2\/posts\/1875\/revisions"}],"predecessor-version":[{"id":1879,"href":"https:\/\/blogg.svenskakyrkan.se\/kyrkogardienkoping\/wp-json\/wp\/v2\/posts\/1875\/revisions\/1879"}],"wp:featuredmedia":[{"embeddable":true,"href":"https:\/\/blogg.svenskakyrkan.se\/kyrkogardienkoping\/wp-json\/wp\/v2\/media\/1876"}],"wp:attachment":[{"href":"https:\/\/blogg.svenskakyrkan.se\/kyrkogardienkoping\/wp-json\/wp\/v2\/media?parent=1875"}],"wp:term":[{"taxonomy":"category","embeddable":true,"href":"https:\/\/blogg.svenskakyrkan.se\/kyrkogardienkoping\/wp-json\/wp\/v2\/categories?post=1875"},{"taxonomy":"post_tag","embeddable":true,"href":"https:\/\/blogg.svenskakyrkan.se\/kyrkogardienkoping\/wp-json\/wp\/v2\/tags?post=1875"}],"curies":[{"name":"wp","href":"https:\/\/api.w.org\/{rel}","templated":true}]}}