{"id":1880,"date":"2023-10-07T08:29:29","date_gmt":"2023-10-07T06:29:29","guid":{"rendered":"https:\/\/blogg.svenskakyrkan.se\/kyrkogardienkoping\/?p=1880"},"modified":"2023-10-04T16:55:50","modified_gmt":"2023-10-04T14:55:50","slug":"det-har-jobbar-vi-med-just-nu","status":"publish","type":"post","link":"https:\/\/blogg.svenskakyrkan.se\/kyrkogardienkoping\/2023\/10\/07\/det-har-jobbar-vi-med-just-nu\/","title":{"rendered":"Det h\u00e4r jobbar vi med just nu!"},"content":{"rendered":"<h2>Klippning, besk\u00e4rning och efterputsning<\/h2>\n<p>B\u00e5de augusti och september har gett oss mycket regn, s\u00e5 vi har varit fullt sysselsatta med gr\u00e4sklippning och trimning. En del positivt har det varit med regnet trots allt, d\u00e5 blommor och buskar har \u00e5terh\u00e4mtat sig efter en tuff f\u00f6rsommar, med v\u00e4rme och sol.<\/p>\n<p>I september p\u00e5b\u00f6rjade vi klippning av tujah\u00e4ckar och \u00e4ven \u201defterputsning\u201d av gravh\u00e4ckar (p\u00e5 sk\u00f6tselgravar) som vi har som m\u00e5l att bli f\u00e4rdiga med i september.<\/p>\n<p>Vi forts\u00e4tter v\u00e5r JAS-besk\u00e4rning av tr\u00e4d\/buskar p\u00e5 Fj\u00e4rdhundras kyrkog\u00e5rdar. P\u00e5 V\u00e5rfrukyrkog\u00e5rdens framsida har vi i n\u00e5gra veckor jobbat med att byta material i v\u00e5ra g\u00e5ngar, f\u00f6r att f\u00e5 dem stabila och fina.<\/p>\n<p>Perenner p\u00e5 askgravplatser och p\u00e5 enskilda gravplatser, som har sk\u00f6tsel f\u00f6r perenner, kommer vi att klippa ner, vartefter de blir d\u00e5liga.<\/p>\n<p>Vid H\u00e4rnevi kyrkog\u00e5rd har en del av muren d\u00e4r renoverats, efter ett ras.<\/p>\n<h2>Vi kvalitetss\u00e4krar<\/h2>\n<p>Vi p\u00e5 kyrkog\u00e5rdsf\u00f6rvaltningen har som rutin att kvalitetss\u00e4kra v\u00e5rt arbete n\u00e5gra g\u00e5nger per \u00e5r, f\u00f6r att s\u00e4kerhetsst\u00e4lla att vi jobbar utifr\u00e5n satta rutiner och f\u00f6ljer v\u00e5rt uppdrag. Vi \u00e4r snart klara med alla gruppers genomg\u00e5ngar och det \u00e4r ett fantastiskt tillf\u00e4lle att tillsammans g\u00e5 igenom arbetet och \u00e4ven finna nya l\u00f6sningar och samtala tillsammans.<\/p>\n<h2>Inventering och kulturhistorisk klassificering<\/h2>\n<p>P\u00e5 uppdrag av pastoratet, g\u00f6r nu Upplandsmuseet en inventering och kulturhistorisk klassificering av gravv\u00e5rdar, p\u00e5 de sex kyrkog\u00e5rdarna i Fj\u00e4rdhundra f\u00f6rsamling. Mer information kommer n\u00e4r arbetet \u00e4r f\u00e4rdigt.<\/p>\n<h2>Nu p\u00e5g\u00e5r gravsyn<\/h2>\n<p>Kyrkog\u00e5rdsf\u00f6rvaltningen har i uppdrag att se till s\u00e5 att kyrkog\u00e5rdens gravplatser h\u00e5lls i ett v\u00e5rdat och v\u00e4rdigt skick. Det \u00e4r varje gravr\u00e4ttsinnehavares skyldighet att sk\u00f6ta sin gravplats.<\/p>\n<p>\u00c5rets gravsyn p\u00e5g\u00e5r just nu och vi skickar l\u00f6pande ut brev med erbjudande om sk\u00f6tsel i de fall d\u00e4r vi kan ha anledning att tro att ingen l\u00e4ngre bes\u00f6ker gravplatsen.<\/p>\n<h2>Det h\u00e4r \u00e4r mulchning<\/h2>\n<p>L\u00f6ven har b\u00f6rjat falla av och vi har d\u00e4rf\u00f6r p\u00e5b\u00f6rjat l\u00f6vhantering. Till en b\u00f6rjan \u201dmulchar\u201d vi l\u00f6ven med gr\u00e4sklippare, det vill s\u00e4ga klipper s\u00f6nder de fallna l\u00f6ven. Det g\u00f6r att marken t\u00e4cks av organiskt material. L\u00f6ven smulas s\u00f6nder och mikrolivet, maskar och andra djur, drar ner detta i gr\u00e4smattorna, vilket ger n\u00e4ring och motverkar ogr\u00e4s. Det blir \u00e4ven mat \u00e5t mikrolivet i gr\u00e4smattorna.<\/p>\n<p><em>Elisabeth Nordfors<\/em><\/p>\n<p><img loading=\"lazy\" decoding=\"async\" class=\"alignnone wp-image-1881\" src=\"http:\/\/blogg.svenskakyrkan.se\/kyrkogardienkoping\/files\/2023\/10\/Lov_Sandra_Hjamarsson-449x500.jpg\" alt=\"Ett h\u00f6stl\u00f6v lgger p\u00e5 gr\u00e4s. I bakgrunden syns en gr\u00f6n vattenkanna i plast.\" width=\"371\" height=\"413\" srcset=\"https:\/\/blogg.svenskakyrkan.se\/kyrkogardienkoping\/files\/2023\/10\/Lov_Sandra_Hjamarsson-449x500.jpg 449w, https:\/\/blogg.svenskakyrkan.se\/kyrkogardienkoping\/files\/2023\/10\/Lov_Sandra_Hjamarsson.jpg 550w\" sizes=\"auto, (max-width: 371px) 100vw, 371px\" \/><\/p>\n","protected":false},"excerpt":{"rendered":"<p>Klippning, besk\u00e4rning och efterputsning B\u00e5de augusti och september har gett oss mycket regn, s\u00e5 vi har varit fullt sysselsatta med gr\u00e4sklippning och trimning. En del positivt har det varit med regnet trots allt, d\u00e5 blommor och buskar har \u00e5terh\u00e4mtat sig efter en tuff f\u00f6rsommar, med v\u00e4rme och sol. I september p\u00e5b\u00f6rjade vi klippning av tujah\u00e4ckar [&hellip;]<\/p>\n","protected":false},"author":570,"featured_media":0,"comment_status":"open","ping_status":"open","sticky":false,"template":"","format":"standard","meta":{"_acf_changed":false,"footnotes":""},"categories":[9],"tags":[],"class_list":["post-1880","post","type-post","status-publish","format-standard","hentry","category-okategoriserade"],"acf":[],"yoast_head":"<!-- This site is optimized with the Yoast SEO plugin v27.1.1 - https:\/\/yoast.com\/product\/yoast-seo-wordpress\/ -->\n<title>Det h\u00e4r jobbar vi med just nu! - Kyrkog\u00e5rdsbloggen i Enk\u00f6pings pastorat<\/title>\n<meta name=\"robots\" content=\"index, follow, max-snippet:-1, max-image-preview:large, max-video-preview:-1\" \/>\n<link rel=\"canonical\" href=\"https:\/\/blogg.svenskakyrkan.se\/kyrkogardienkoping\/2023\/10\/07\/det-har-jobbar-vi-med-just-nu\/\" \/>\n<meta property=\"og:locale\" content=\"sv_SE\" \/>\n<meta property=\"og:type\" content=\"article\" \/>\n<meta property=\"og:title\" content=\"Det h\u00e4r jobbar vi med just nu! - Kyrkog\u00e5rdsbloggen i Enk\u00f6pings pastorat\" \/>\n<meta property=\"og:description\" content=\"Klippning, besk\u00e4rning och efterputsning B\u00e5de augusti och september har gett oss mycket regn, s\u00e5 vi har varit fullt sysselsatta med gr\u00e4sklippning och trimning. En del positivt har det varit med regnet trots allt, d\u00e5 blommor och buskar har \u00e5terh\u00e4mtat sig efter en tuff f\u00f6rsommar, med v\u00e4rme och sol. I september p\u00e5b\u00f6rjade vi klippning av tujah\u00e4ckar [&hellip;]\" \/>\n<meta property=\"og:url\" content=\"https:\/\/blogg.svenskakyrkan.se\/kyrkogardienkoping\/2023\/10\/07\/det-har-jobbar-vi-med-just-nu\/\" \/>\n<meta property=\"og:site_name\" content=\"Kyrkog\u00e5rdsbloggen i Enk\u00f6pings pastorat\" \/>\n<meta property=\"article:published_time\" content=\"2023-10-07T06:29:29+00:00\" \/>\n<meta property=\"og:image\" content=\"https:\/\/blogg.svenskakyrkan.se\/kyrkogardienkoping\/files\/2023\/10\/Lov_Sandra_Hjamarsson.jpg\" \/>\n\t<meta property=\"og:image:width\" content=\"550\" \/>\n\t<meta property=\"og:image:height\" content=\"612\" \/>\n\t<meta property=\"og:image:type\" content=\"image\/jpeg\" \/>\n<meta name=\"author\" content=\"Enk\u00f6pings pastorat\" \/>\n<meta name=\"twitter:card\" content=\"summary_large_image\" \/>\n<meta name=\"twitter:label1\" content=\"Skriven av\" \/>\n\t<meta name=\"twitter:data1\" content=\"Enk\u00f6pings pastorat\" \/>\n\t<meta name=\"twitter:label2\" content=\"Ber\u00e4knad l\u00e4stid\" \/>\n\t<meta name=\"twitter:data2\" content=\"2 minuter\" \/>\n<script type=\"application\/ld+json\" class=\"yoast-schema-graph\">{\"@context\":\"https:\/\/schema.org\",\"@graph\":[{\"@type\":\"Article\",\"@id\":\"https:\/\/blogg.svenskakyrkan.se\/kyrkogardienkoping\/2023\/10\/07\/det-har-jobbar-vi-med-just-nu\/#article\",\"isPartOf\":{\"@id\":\"https:\/\/blogg.svenskakyrkan.se\/kyrkogardienkoping\/2023\/10\/07\/det-har-jobbar-vi-med-just-nu\/\"},\"author\":{\"name\":\"Enk\u00f6pings pastorat\",\"@id\":\"https:\/\/blogg.svenskakyrkan.se\/kyrkogardienkoping\/#\/schema\/person\/fdcd112045e5bc20f9d0eb1514813cb7\"},\"headline\":\"Det h\u00e4r jobbar vi med just nu!\",\"datePublished\":\"2023-10-07T06:29:29+00:00\",\"mainEntityOfPage\":{\"@id\":\"https:\/\/blogg.svenskakyrkan.se\/kyrkogardienkoping\/2023\/10\/07\/det-har-jobbar-vi-med-just-nu\/\"},\"wordCount\":458,\"commentCount\":0,\"image\":{\"@id\":\"https:\/\/blogg.svenskakyrkan.se\/kyrkogardienkoping\/2023\/10\/07\/det-har-jobbar-vi-med-just-nu\/#primaryimage\"},\"thumbnailUrl\":\"http:\/\/blogg.svenskakyrkan.se\/kyrkogardienkoping\/files\/2023\/10\/Lov_Sandra_Hjamarsson-449x500.jpg\",\"inLanguage\":\"sv-SE\",\"potentialAction\":[{\"@type\":\"CommentAction\",\"name\":\"Comment\",\"target\":[\"https:\/\/blogg.svenskakyrkan.se\/kyrkogardienkoping\/2023\/10\/07\/det-har-jobbar-vi-med-just-nu\/#respond\"]}]},{\"@type\":\"WebPage\",\"@id\":\"https:\/\/blogg.svenskakyrkan.se\/kyrkogardienkoping\/2023\/10\/07\/det-har-jobbar-vi-med-just-nu\/\",\"url\":\"https:\/\/blogg.svenskakyrkan.se\/kyrkogardienkoping\/2023\/10\/07\/det-har-jobbar-vi-med-just-nu\/\",\"name\":\"Det h\u00e4r jobbar vi med just nu! - Kyrkog\u00e5rdsbloggen i Enk\u00f6pings pastorat\",\"isPartOf\":{\"@id\":\"https:\/\/blogg.svenskakyrkan.se\/kyrkogardienkoping\/#website\"},\"primaryImageOfPage\":{\"@id\":\"https:\/\/blogg.svenskakyrkan.se\/kyrkogardienkoping\/2023\/10\/07\/det-har-jobbar-vi-med-just-nu\/#primaryimage\"},\"image\":{\"@id\":\"https:\/\/blogg.svenskakyrkan.se\/kyrkogardienkoping\/2023\/10\/07\/det-har-jobbar-vi-med-just-nu\/#primaryimage\"},\"thumbnailUrl\":\"http:\/\/blogg.svenskakyrkan.se\/kyrkogardienkoping\/files\/2023\/10\/Lov_Sandra_Hjamarsson-449x500.jpg\",\"datePublished\":\"2023-10-07T06:29:29+00:00\",\"author\":{\"@id\":\"https:\/\/blogg.svenskakyrkan.se\/kyrkogardienkoping\/#\/schema\/person\/fdcd112045e5bc20f9d0eb1514813cb7\"},\"breadcrumb\":{\"@id\":\"https:\/\/blogg.svenskakyrkan.se\/kyrkogardienkoping\/2023\/10\/07\/det-har-jobbar-vi-med-just-nu\/#breadcrumb\"},\"inLanguage\":\"sv-SE\",\"potentialAction\":[{\"@type\":\"ReadAction\",\"target\":[\"https:\/\/blogg.svenskakyrkan.se\/kyrkogardienkoping\/2023\/10\/07\/det-har-jobbar-vi-med-just-nu\/\"]}]},{\"@type\":\"ImageObject\",\"inLanguage\":\"sv-SE\",\"@id\":\"https:\/\/blogg.svenskakyrkan.se\/kyrkogardienkoping\/2023\/10\/07\/det-har-jobbar-vi-med-just-nu\/#primaryimage\",\"url\":\"https:\/\/blogg.svenskakyrkan.se\/kyrkogardienkoping\/files\/2023\/10\/Lov_Sandra_Hjamarsson.jpg\",\"contentUrl\":\"https:\/\/blogg.svenskakyrkan.se\/kyrkogardienkoping\/files\/2023\/10\/Lov_Sandra_Hjamarsson.jpg\",\"width\":550,\"height\":612,\"caption\":\"Foto: Sandra Hjalmarsson\"},{\"@type\":\"BreadcrumbList\",\"@id\":\"https:\/\/blogg.svenskakyrkan.se\/kyrkogardienkoping\/2023\/10\/07\/det-har-jobbar-vi-med-just-nu\/#breadcrumb\",\"itemListElement\":[{\"@type\":\"ListItem\",\"position\":1,\"name\":\"Hem\",\"item\":\"https:\/\/blogg.svenskakyrkan.se\/kyrkogardienkoping\/\"},{\"@type\":\"ListItem\",\"position\":2,\"name\":\"Det h\u00e4r jobbar vi med just nu!\"}]},{\"@type\":\"WebSite\",\"@id\":\"https:\/\/blogg.svenskakyrkan.se\/kyrkogardienkoping\/#website\",\"url\":\"https:\/\/blogg.svenskakyrkan.se\/kyrkogardienkoping\/\",\"name\":\"Kyrkog\u00e5rdsbloggen i Enk\u00f6pings pastorat\",\"description\":\"Om arbetet p\u00e5 de 27 kyrkog\u00e5rdarna inom Enk\u00f6pings pastorat. Allt fr\u00e5n synen p\u00e5 en kyrkog\u00e5rd som b\u00e5de park och viloplats till vad det handlar om att arbeta p\u00e5 en kyrkog\u00e5rd s\u00e5som gr\u00e4sklippning, plantering, sn\u00f6skottning, anl\u00e4ggningsarbeten och arbetsvardagen i st\u00f6rsta allm\u00e4nhet.\",\"potentialAction\":[{\"@type\":\"SearchAction\",\"target\":{\"@type\":\"EntryPoint\",\"urlTemplate\":\"https:\/\/blogg.svenskakyrkan.se\/kyrkogardienkoping\/?s={search_term_string}\"},\"query-input\":{\"@type\":\"PropertyValueSpecification\",\"valueRequired\":true,\"valueName\":\"search_term_string\"}}],\"inLanguage\":\"sv-SE\"},{\"@type\":\"Person\",\"@id\":\"https:\/\/blogg.svenskakyrkan.se\/kyrkogardienkoping\/#\/schema\/person\/fdcd112045e5bc20f9d0eb1514813cb7\",\"name\":\"Enk\u00f6pings pastorat\",\"image\":{\"@type\":\"ImageObject\",\"inLanguage\":\"sv-SE\",\"@id\":\"https:\/\/blogg.svenskakyrkan.se\/kyrkogardienkoping\/#\/schema\/person\/image\/\",\"url\":\"https:\/\/secure.gravatar.com\/avatar\/8cd11ef6b0b40e697857ddd81e051d862c31ee1640de70aa81fb10eae52caf84?s=96&d=mm&r=g\",\"contentUrl\":\"https:\/\/secure.gravatar.com\/avatar\/8cd11ef6b0b40e697857ddd81e051d862c31ee1640de70aa81fb10eae52caf84?s=96&d=mm&r=g\",\"caption\":\"Enk\u00f6pings pastorat\"},\"url\":\"https:\/\/blogg.svenskakyrkan.se\/kyrkogardienkoping\/author\/susannegorne\/\"}]}<\/script>\n<!-- \/ Yoast SEO plugin. -->","yoast_head_json":{"title":"Det h\u00e4r jobbar vi med just nu! - Kyrkog\u00e5rdsbloggen i Enk\u00f6pings pastorat","robots":{"index":"index","follow":"follow","max-snippet":"max-snippet:-1","max-image-preview":"max-image-preview:large","max-video-preview":"max-video-preview:-1"},"canonical":"https:\/\/blogg.svenskakyrkan.se\/kyrkogardienkoping\/2023\/10\/07\/det-har-jobbar-vi-med-just-nu\/","og_locale":"sv_SE","og_type":"article","og_title":"Det h\u00e4r jobbar vi med just nu! - Kyrkog\u00e5rdsbloggen i Enk\u00f6pings pastorat","og_description":"Klippning, besk\u00e4rning och efterputsning B\u00e5de augusti och september har gett oss mycket regn, s\u00e5 vi har varit fullt sysselsatta med gr\u00e4sklippning och trimning. En del positivt har det varit med regnet trots allt, d\u00e5 blommor och buskar har \u00e5terh\u00e4mtat sig efter en tuff f\u00f6rsommar, med v\u00e4rme och sol. I september p\u00e5b\u00f6rjade vi klippning av tujah\u00e4ckar [&hellip;]","og_url":"https:\/\/blogg.svenskakyrkan.se\/kyrkogardienkoping\/2023\/10\/07\/det-har-jobbar-vi-med-just-nu\/","og_site_name":"Kyrkog\u00e5rdsbloggen i Enk\u00f6pings pastorat","article_published_time":"2023-10-07T06:29:29+00:00","og_image":[{"width":550,"height":612,"url":"https:\/\/blogg.svenskakyrkan.se\/kyrkogardienkoping\/files\/2023\/10\/Lov_Sandra_Hjamarsson.jpg","type":"image\/jpeg"}],"author":"Enk\u00f6pings pastorat","twitter_card":"summary_large_image","twitter_misc":{"Skriven av":"Enk\u00f6pings pastorat","Ber\u00e4knad l\u00e4stid":"2 minuter"},"schema":{"@context":"https:\/\/schema.org","@graph":[{"@type":"Article","@id":"https:\/\/blogg.svenskakyrkan.se\/kyrkogardienkoping\/2023\/10\/07\/det-har-jobbar-vi-med-just-nu\/#article","isPartOf":{"@id":"https:\/\/blogg.svenskakyrkan.se\/kyrkogardienkoping\/2023\/10\/07\/det-har-jobbar-vi-med-just-nu\/"},"author":{"name":"Enk\u00f6pings pastorat","@id":"https:\/\/blogg.svenskakyrkan.se\/kyrkogardienkoping\/#\/schema\/person\/fdcd112045e5bc20f9d0eb1514813cb7"},"headline":"Det h\u00e4r jobbar vi med just nu!","datePublished":"2023-10-07T06:29:29+00:00","mainEntityOfPage":{"@id":"https:\/\/blogg.svenskakyrkan.se\/kyrkogardienkoping\/2023\/10\/07\/det-har-jobbar-vi-med-just-nu\/"},"wordCount":458,"commentCount":0,"image":{"@id":"https:\/\/blogg.svenskakyrkan.se\/kyrkogardienkoping\/2023\/10\/07\/det-har-jobbar-vi-med-just-nu\/#primaryimage"},"thumbnailUrl":"http:\/\/blogg.svenskakyrkan.se\/kyrkogardienkoping\/files\/2023\/10\/Lov_Sandra_Hjamarsson-449x500.jpg","inLanguage":"sv-SE","potentialAction":[{"@type":"CommentAction","name":"Comment","target":["https:\/\/blogg.svenskakyrkan.se\/kyrkogardienkoping\/2023\/10\/07\/det-har-jobbar-vi-med-just-nu\/#respond"]}]},{"@type":"WebPage","@id":"https:\/\/blogg.svenskakyrkan.se\/kyrkogardienkoping\/2023\/10\/07\/det-har-jobbar-vi-med-just-nu\/","url":"https:\/\/blogg.svenskakyrkan.se\/kyrkogardienkoping\/2023\/10\/07\/det-har-jobbar-vi-med-just-nu\/","name":"Det h\u00e4r jobbar vi med just nu! - Kyrkog\u00e5rdsbloggen i Enk\u00f6pings pastorat","isPartOf":{"@id":"https:\/\/blogg.svenskakyrkan.se\/kyrkogardienkoping\/#website"},"primaryImageOfPage":{"@id":"https:\/\/blogg.svenskakyrkan.se\/kyrkogardienkoping\/2023\/10\/07\/det-har-jobbar-vi-med-just-nu\/#primaryimage"},"image":{"@id":"https:\/\/blogg.svenskakyrkan.se\/kyrkogardienkoping\/2023\/10\/07\/det-har-jobbar-vi-med-just-nu\/#primaryimage"},"thumbnailUrl":"http:\/\/blogg.svenskakyrkan.se\/kyrkogardienkoping\/files\/2023\/10\/Lov_Sandra_Hjamarsson-449x500.jpg","datePublished":"2023-10-07T06:29:29+00:00","author":{"@id":"https:\/\/blogg.svenskakyrkan.se\/kyrkogardienkoping\/#\/schema\/person\/fdcd112045e5bc20f9d0eb1514813cb7"},"breadcrumb":{"@id":"https:\/\/blogg.svenskakyrkan.se\/kyrkogardienkoping\/2023\/10\/07\/det-har-jobbar-vi-med-just-nu\/#breadcrumb"},"inLanguage":"sv-SE","potentialAction":[{"@type":"ReadAction","target":["https:\/\/blogg.svenskakyrkan.se\/kyrkogardienkoping\/2023\/10\/07\/det-har-jobbar-vi-med-just-nu\/"]}]},{"@type":"ImageObject","inLanguage":"sv-SE","@id":"https:\/\/blogg.svenskakyrkan.se\/kyrkogardienkoping\/2023\/10\/07\/det-har-jobbar-vi-med-just-nu\/#primaryimage","url":"https:\/\/blogg.svenskakyrkan.se\/kyrkogardienkoping\/files\/2023\/10\/Lov_Sandra_Hjamarsson.jpg","contentUrl":"https:\/\/blogg.svenskakyrkan.se\/kyrkogardienkoping\/files\/2023\/10\/Lov_Sandra_Hjamarsson.jpg","width":550,"height":612,"caption":"Foto: Sandra Hjalmarsson"},{"@type":"BreadcrumbList","@id":"https:\/\/blogg.svenskakyrkan.se\/kyrkogardienkoping\/2023\/10\/07\/det-har-jobbar-vi-med-just-nu\/#breadcrumb","itemListElement":[{"@type":"ListItem","position":1,"name":"Hem","item":"https:\/\/blogg.svenskakyrkan.se\/kyrkogardienkoping\/"},{"@type":"ListItem","position":2,"name":"Det h\u00e4r jobbar vi med just nu!"}]},{"@type":"WebSite","@id":"https:\/\/blogg.svenskakyrkan.se\/kyrkogardienkoping\/#website","url":"https:\/\/blogg.svenskakyrkan.se\/kyrkogardienkoping\/","name":"Kyrkog\u00e5rdsbloggen i Enk\u00f6pings pastorat","description":"Om arbetet p\u00e5 de 27 kyrkog\u00e5rdarna inom Enk\u00f6pings pastorat. Allt fr\u00e5n synen p\u00e5 en kyrkog\u00e5rd som b\u00e5de park och viloplats till vad det handlar om att arbeta p\u00e5 en kyrkog\u00e5rd s\u00e5som gr\u00e4sklippning, plantering, sn\u00f6skottning, anl\u00e4ggningsarbeten och arbetsvardagen i st\u00f6rsta allm\u00e4nhet.","potentialAction":[{"@type":"SearchAction","target":{"@type":"EntryPoint","urlTemplate":"https:\/\/blogg.svenskakyrkan.se\/kyrkogardienkoping\/?s={search_term_string}"},"query-input":{"@type":"PropertyValueSpecification","valueRequired":true,"valueName":"search_term_string"}}],"inLanguage":"sv-SE"},{"@type":"Person","@id":"https:\/\/blogg.svenskakyrkan.se\/kyrkogardienkoping\/#\/schema\/person\/fdcd112045e5bc20f9d0eb1514813cb7","name":"Enk\u00f6pings pastorat","image":{"@type":"ImageObject","inLanguage":"sv-SE","@id":"https:\/\/blogg.svenskakyrkan.se\/kyrkogardienkoping\/#\/schema\/person\/image\/","url":"https:\/\/secure.gravatar.com\/avatar\/8cd11ef6b0b40e697857ddd81e051d862c31ee1640de70aa81fb10eae52caf84?s=96&d=mm&r=g","contentUrl":"https:\/\/secure.gravatar.com\/avatar\/8cd11ef6b0b40e697857ddd81e051d862c31ee1640de70aa81fb10eae52caf84?s=96&d=mm&r=g","caption":"Enk\u00f6pings pastorat"},"url":"https:\/\/blogg.svenskakyrkan.se\/kyrkogardienkoping\/author\/susannegorne\/"}]}},"author_meta":{"ID":"570","user_nicename":"susannegorne","user_registered":"2016-05-24 16:47:19","display_name":"Enk\u00f6pings pastorat","avatar":"https:\/\/secure.gravatar.com\/avatar\/8cd11ef6b0b40e697857ddd81e051d862c31ee1640de70aa81fb10eae52caf84?s=96&d=mm&r=g"},"featured_image":false,"bloginfo":{"name":"Kyrkog\u00e5rdsbloggen i Enk\u00f6pings pastorat","url":"https:\/\/blogg.svenskakyrkan.se\/kyrkogardienkoping"},"_links":{"self":[{"href":"https:\/\/blogg.svenskakyrkan.se\/kyrkogardienkoping\/wp-json\/wp\/v2\/posts\/1880","targetHints":{"allow":["GET"]}}],"collection":[{"href":"https:\/\/blogg.svenskakyrkan.se\/kyrkogardienkoping\/wp-json\/wp\/v2\/posts"}],"about":[{"href":"https:\/\/blogg.svenskakyrkan.se\/kyrkogardienkoping\/wp-json\/wp\/v2\/types\/post"}],"author":[{"embeddable":true,"href":"https:\/\/blogg.svenskakyrkan.se\/kyrkogardienkoping\/wp-json\/wp\/v2\/users\/570"}],"replies":[{"embeddable":true,"href":"https:\/\/blogg.svenskakyrkan.se\/kyrkogardienkoping\/wp-json\/wp\/v2\/comments?post=1880"}],"version-history":[{"count":5,"href":"https:\/\/blogg.svenskakyrkan.se\/kyrkogardienkoping\/wp-json\/wp\/v2\/posts\/1880\/revisions"}],"predecessor-version":[{"id":1896,"href":"https:\/\/blogg.svenskakyrkan.se\/kyrkogardienkoping\/wp-json\/wp\/v2\/posts\/1880\/revisions\/1896"}],"wp:attachment":[{"href":"https:\/\/blogg.svenskakyrkan.se\/kyrkogardienkoping\/wp-json\/wp\/v2\/media?parent=1880"}],"wp:term":[{"taxonomy":"category","embeddable":true,"href":"https:\/\/blogg.svenskakyrkan.se\/kyrkogardienkoping\/wp-json\/wp\/v2\/categories?post=1880"},{"taxonomy":"post_tag","embeddable":true,"href":"https:\/\/blogg.svenskakyrkan.se\/kyrkogardienkoping\/wp-json\/wp\/v2\/tags?post=1880"}],"curies":[{"name":"wp","href":"https:\/\/api.w.org\/{rel}","templated":true}]}}