{"id":1912,"date":"2023-11-16T17:00:03","date_gmt":"2023-11-16T16:00:03","guid":{"rendered":"https:\/\/blogg.svenskakyrkan.se\/kyrkogardienkoping\/?p=1912"},"modified":"2023-11-21T14:38:59","modified_gmt":"2023-11-21T13:38:59","slug":"1912","status":"publish","type":"post","link":"https:\/\/blogg.svenskakyrkan.se\/kyrkogardienkoping\/2023\/11\/16\/1912\/","title":{"rendered":"Vinter\u00e4songen \u00e4r i ant\u00e5gande"},"content":{"rendered":"<h2>Vi \u00e4r f\u00e4rre nu<\/h2>\n<p>\u201dVinters\u00e4songen\u201d \u00e4r p\u00e5b\u00f6rjad. Pl\u00f6tsligt blir vi m\u00e5nga f\u00e4rre i personalen (s\u00e4songarna har slutat) men antalet kyrkog\u00e5rdar best\u00e5r och arbetet d\u00e4r. Vi har p\u00e5b\u00f6rjat avst\u00e4ngning av vattnet p\u00e5 kyrkog\u00e5rdarna, vilket ocks\u00e5 inneb\u00e4r att vi plockar bort vattenkannor och n\u00e4stan alla vaser. \u00d6nskem\u00e5l har kommit fr\u00e5n bes\u00f6kare att kunna s\u00e4tta snittblommor i vaser \u00e4ven efter att vattnet st\u00e4ngts av. P\u00e5 grund av det l\u00e5ter vi lite vaser vara kvar ett tag till. N\u00e4r det blir s\u00e5 kallt att vaserna riskerar frysa s\u00f6nder, plockar vi in dem.<\/p>\n<h2>M\u00e5nga ljus att st\u00e4da &#8230;<\/h2>\n<p>L\u00f6ven har suttit extra l\u00e4nge i \u00e5r. Vi forts\u00e4tter att ta bort l\u00f6ven s\u00e5 l\u00e4nge inte l\u00f6ven frusit fast i marken. Efter allhelgonahelgen st\u00e4dade vi bort m\u00e4ngder av utbrunna ljus i minneslundar och p\u00e5 \u00f6vriga kyrkog\u00e5rdar. Bara i minneslunden p\u00e5 St:Olof, tog det oss en dag att st\u00e4da, fast\u00e4n vi var flera stycken. Det s\u00e4ger en hel del om vilka m\u00e4ngder ljus som st\u00e4lls d\u00e4r. Gl\u00e4djande \u00e4r att fler och fler v\u00e4ljer batteriljus, \u00e4ven solcellsljus.<\/p>\n<p>B\u00e4nkarna som st\u00e5r p\u00e5 kyrkog\u00e5rdarna tar vi in nu. Vad g\u00e4ller redskap, plockar vi in det mesta. Vi vet att \u00f6nskem\u00e5l finns \u00e4ven h\u00e4r att beh\u00e5lla \u201drandkrattan\u201d kvar ett tag, tills det blir fruset.<\/p>\n<h2>Husby-Sjutolfts kyrkog\u00e5rd har blivit fin!<\/h2>\n<p>Vi har slutf\u00f6rt ett stort arbete p\u00e5 Husby-Sjutolfts kyrkog\u00e5rd, d\u00e4r vi bytt material i g\u00e5ngar, breddat g\u00e5ngar. Iordningst\u00e4llt renoverade redskapsst\u00e4ll och vattenposter, monterat barnredskapsst\u00e4ll och mycket mer. \u00c5k g\u00e4rna ut och titta hur fint det har blivit.<\/p>\n<p>Vi forts\u00e4tter besk\u00e4ra tr\u00e4d och planterar inom kort en hel del tr\u00e4d (se f\u00f6rra m\u00e5nadens nyhetsbrev)<\/p>\n<h2>Snart renoverar vi murar, grindar och gravstenar<\/h2>\n<p>Vi p\u00e5b\u00f6rjar stenmursrenoveringar fram\u00f6ver och \u00e4ven renoveringar av grindar enligt v\u00e5rd- och underh\u00e5llsplaner. Under vinters\u00e4song har vi en del \u00e5terl\u00e4mnade gravstenar som vi tv\u00e4ttar och textar, f\u00f6r ett bevarande f\u00f6r framtiden.<\/p>\n<p>Det kommer ocks\u00e5 in en del kundbest\u00e4llningar fr\u00e5n gravr\u00e4ttsinnehavare som \u00f6nskar f\u00e5 hj\u00e4lp med textning, guldf\u00f6rgyllning, svart eller vit text. Dessa jobb \u00e4r perfekta att g\u00f6ra p\u00e5 vintern, d\u00e5 vi plockar in gravstenarna och textar p\u00e5 torra ytor. Gravstenar som ska textas och som \u00e4r f\u00f6r stora att ta in, textar vi p\u00e5 sommaren om och n\u00e4r tidsutrymme finns.<\/p>\n<p>F\u00f6r den intresserade: 30 \/11 kl 18 h\u00e5lls ett informationsm\u00f6te om Upplandsmusets inventering och kulturhistoriska klassificering av gravv\u00e5rdar p\u00e5 sex kyrkog\u00e5rdar i Fj\u00e4rdhundra f\u00f6rsamling. M\u00f6tet \u00e4r i Kyrkans hus i Fj\u00e4rdhundra.<\/p>\n<h2>H\u00e4r sn\u00f6r\u00f6jer vi<\/h2>\n<p>Kyrkog\u00e5rdsf\u00f6rvaltningen sn\u00f6r\u00f6jer och halkbek\u00e4mpar endast huvudg\u00e5ngen fram till kyrkporten, till eventuell minneslund samt till gravplatser d\u00e4r gravs\u00e4ttning skall ske. Tyv\u00e4rr har vi inte m\u00f6jlighet att sn\u00f6r\u00f6ja och halkbek\u00e4mpa fram till enskilda gravplatser i \u00f6vrigt.<\/p>\n<h2>Vi fors\u00e4tter s\u00f6ka gravr\u00e4ttsinnehavare<\/h2>\n<p>Vi forts\u00e4tter att s\u00f6ka efter gravr\u00e4ttsinnehavare till ett antal gravplatser. Finns det en gr\u00f6n kontaktskylt p\u00e5 en gravplats du bes\u00f6ker, uppskattar vi om du h\u00f6r av dig.<\/p>\n<h2>Med \u00f6nskan om en fin f\u00f6rsta advent!<\/h2>\n<p>Till sist vill vi p\u00e5 kyrkog\u00e5rdsf\u00f6rvaltningen \u00f6nska er alla en fin f\u00f6rsta advent! \u00d6ppettider f\u00f6r kyrkog\u00e5rdskontoret hittar ni p\u00e5 v\u00e5r hemsida <a href=\"http:\/\/www.svenskakyrkan.se\/enkoping\/kontakt-kyrkogard\">www.svenskakyrkan.se\/enkoping\/kontakt-kyrkogard<\/a><\/p>\n<p><em>Elisabeth Nordfors\u00a0<\/em><\/p>\n","protected":false},"excerpt":{"rendered":"<p>Vi \u00e4r f\u00e4rre nu \u201dVinters\u00e4songen\u201d \u00e4r p\u00e5b\u00f6rjad. Pl\u00f6tsligt blir vi m\u00e5nga f\u00e4rre i personalen (s\u00e4songarna har slutat) men antalet kyrkog\u00e5rdar best\u00e5r och arbetet d\u00e4r. Vi har p\u00e5b\u00f6rjat avst\u00e4ngning av vattnet p\u00e5 kyrkog\u00e5rdarna, vilket ocks\u00e5 inneb\u00e4r att vi plockar bort vattenkannor och n\u00e4stan alla vaser. \u00d6nskem\u00e5l har kommit fr\u00e5n bes\u00f6kare att kunna s\u00e4tta snittblommor i vaser [&hellip;]<\/p>\n","protected":false},"author":570,"featured_media":1917,"comment_status":"open","ping_status":"open","sticky":false,"template":"","format":"standard","meta":{"_acf_changed":false,"footnotes":""},"categories":[9],"tags":[],"class_list":["post-1912","post","type-post","status-publish","format-standard","has-post-thumbnail","hentry","category-okategoriserade"],"acf":[],"yoast_head":"<!-- This site is optimized with the Yoast SEO plugin v27.1.1 - https:\/\/yoast.com\/product\/yoast-seo-wordpress\/ -->\n<title>Vinter\u00e4songen \u00e4r i ant\u00e5gande - Kyrkog\u00e5rdsbloggen i Enk\u00f6pings pastorat<\/title>\n<meta name=\"robots\" content=\"index, follow, max-snippet:-1, max-image-preview:large, max-video-preview:-1\" \/>\n<link rel=\"canonical\" href=\"https:\/\/blogg.svenskakyrkan.se\/kyrkogardienkoping\/2023\/11\/16\/1912\/\" \/>\n<meta property=\"og:locale\" content=\"sv_SE\" \/>\n<meta property=\"og:type\" content=\"article\" \/>\n<meta property=\"og:title\" content=\"Vinter\u00e4songen \u00e4r i ant\u00e5gande - Kyrkog\u00e5rdsbloggen i Enk\u00f6pings pastorat\" \/>\n<meta property=\"og:description\" content=\"Vi \u00e4r f\u00e4rre nu \u201dVinters\u00e4songen\u201d \u00e4r p\u00e5b\u00f6rjad. Pl\u00f6tsligt blir vi m\u00e5nga f\u00e4rre i personalen (s\u00e4songarna har slutat) men antalet kyrkog\u00e5rdar best\u00e5r och arbetet d\u00e4r. Vi har p\u00e5b\u00f6rjat avst\u00e4ngning av vattnet p\u00e5 kyrkog\u00e5rdarna, vilket ocks\u00e5 inneb\u00e4r att vi plockar bort vattenkannor och n\u00e4stan alla vaser. \u00d6nskem\u00e5l har kommit fr\u00e5n bes\u00f6kare att kunna s\u00e4tta snittblommor i vaser [&hellip;]\" \/>\n<meta property=\"og:url\" content=\"https:\/\/blogg.svenskakyrkan.se\/kyrkogardienkoping\/2023\/11\/16\/1912\/\" \/>\n<meta property=\"og:site_name\" content=\"Kyrkog\u00e5rdsbloggen i Enk\u00f6pings pastorat\" \/>\n<meta property=\"article:published_time\" content=\"2023-11-16T16:00:03+00:00\" \/>\n<meta property=\"article:modified_time\" content=\"2023-11-21T13:38:59+00:00\" \/>\n<meta property=\"og:image\" content=\"https:\/\/blogg.svenskakyrkan.se\/kyrkogardienkoping\/files\/2023\/11\/Snobild1_Elisabeth_Nordfors.jpg\" \/>\n\t<meta property=\"og:image:width\" content=\"640\" \/>\n\t<meta property=\"og:image:height\" content=\"480\" \/>\n\t<meta property=\"og:image:type\" content=\"image\/jpeg\" \/>\n<meta name=\"author\" content=\"Enk\u00f6pings pastorat\" \/>\n<meta name=\"twitter:card\" content=\"summary_large_image\" \/>\n<meta name=\"twitter:label1\" content=\"Skriven av\" \/>\n\t<meta name=\"twitter:data1\" content=\"Enk\u00f6pings pastorat\" \/>\n\t<meta name=\"twitter:label2\" content=\"Ber\u00e4knad l\u00e4stid\" \/>\n\t<meta name=\"twitter:data2\" content=\"3 minuter\" \/>\n<script type=\"application\/ld+json\" class=\"yoast-schema-graph\">{\"@context\":\"https:\/\/schema.org\",\"@graph\":[{\"@type\":\"Article\",\"@id\":\"https:\/\/blogg.svenskakyrkan.se\/kyrkogardienkoping\/2023\/11\/16\/1912\/#article\",\"isPartOf\":{\"@id\":\"https:\/\/blogg.svenskakyrkan.se\/kyrkogardienkoping\/2023\/11\/16\/1912\/\"},\"author\":{\"name\":\"Enk\u00f6pings pastorat\",\"@id\":\"https:\/\/blogg.svenskakyrkan.se\/kyrkogardienkoping\/#\/schema\/person\/fdcd112045e5bc20f9d0eb1514813cb7\"},\"headline\":\"Vinter\u00e4songen \u00e4r i ant\u00e5gande\",\"datePublished\":\"2023-11-16T16:00:03+00:00\",\"dateModified\":\"2023-11-21T13:38:59+00:00\",\"mainEntityOfPage\":{\"@id\":\"https:\/\/blogg.svenskakyrkan.se\/kyrkogardienkoping\/2023\/11\/16\/1912\/\"},\"wordCount\":620,\"commentCount\":0,\"image\":{\"@id\":\"https:\/\/blogg.svenskakyrkan.se\/kyrkogardienkoping\/2023\/11\/16\/1912\/#primaryimage\"},\"thumbnailUrl\":\"https:\/\/blogg.svenskakyrkan.se\/kyrkogardienkoping\/files\/2023\/11\/Snobild1_Elisabeth_Nordfors.jpg\",\"inLanguage\":\"sv-SE\",\"potentialAction\":[{\"@type\":\"CommentAction\",\"name\":\"Comment\",\"target\":[\"https:\/\/blogg.svenskakyrkan.se\/kyrkogardienkoping\/2023\/11\/16\/1912\/#respond\"]}]},{\"@type\":\"WebPage\",\"@id\":\"https:\/\/blogg.svenskakyrkan.se\/kyrkogardienkoping\/2023\/11\/16\/1912\/\",\"url\":\"https:\/\/blogg.svenskakyrkan.se\/kyrkogardienkoping\/2023\/11\/16\/1912\/\",\"name\":\"Vinter\u00e4songen \u00e4r i ant\u00e5gande - Kyrkog\u00e5rdsbloggen i Enk\u00f6pings pastorat\",\"isPartOf\":{\"@id\":\"https:\/\/blogg.svenskakyrkan.se\/kyrkogardienkoping\/#website\"},\"primaryImageOfPage\":{\"@id\":\"https:\/\/blogg.svenskakyrkan.se\/kyrkogardienkoping\/2023\/11\/16\/1912\/#primaryimage\"},\"image\":{\"@id\":\"https:\/\/blogg.svenskakyrkan.se\/kyrkogardienkoping\/2023\/11\/16\/1912\/#primaryimage\"},\"thumbnailUrl\":\"https:\/\/blogg.svenskakyrkan.se\/kyrkogardienkoping\/files\/2023\/11\/Snobild1_Elisabeth_Nordfors.jpg\",\"datePublished\":\"2023-11-16T16:00:03+00:00\",\"dateModified\":\"2023-11-21T13:38:59+00:00\",\"author\":{\"@id\":\"https:\/\/blogg.svenskakyrkan.se\/kyrkogardienkoping\/#\/schema\/person\/fdcd112045e5bc20f9d0eb1514813cb7\"},\"breadcrumb\":{\"@id\":\"https:\/\/blogg.svenskakyrkan.se\/kyrkogardienkoping\/2023\/11\/16\/1912\/#breadcrumb\"},\"inLanguage\":\"sv-SE\",\"potentialAction\":[{\"@type\":\"ReadAction\",\"target\":[\"https:\/\/blogg.svenskakyrkan.se\/kyrkogardienkoping\/2023\/11\/16\/1912\/\"]}]},{\"@type\":\"ImageObject\",\"inLanguage\":\"sv-SE\",\"@id\":\"https:\/\/blogg.svenskakyrkan.se\/kyrkogardienkoping\/2023\/11\/16\/1912\/#primaryimage\",\"url\":\"https:\/\/blogg.svenskakyrkan.se\/kyrkogardienkoping\/files\/2023\/11\/Snobild1_Elisabeth_Nordfors.jpg\",\"contentUrl\":\"https:\/\/blogg.svenskakyrkan.se\/kyrkogardienkoping\/files\/2023\/11\/Snobild1_Elisabeth_Nordfors.jpg\",\"width\":640,\"height\":480,\"caption\":\"Foto: Elisabeth Nordfors\"},{\"@type\":\"BreadcrumbList\",\"@id\":\"https:\/\/blogg.svenskakyrkan.se\/kyrkogardienkoping\/2023\/11\/16\/1912\/#breadcrumb\",\"itemListElement\":[{\"@type\":\"ListItem\",\"position\":1,\"name\":\"Hem\",\"item\":\"https:\/\/blogg.svenskakyrkan.se\/kyrkogardienkoping\/\"},{\"@type\":\"ListItem\",\"position\":2,\"name\":\"Vinter\u00e4songen \u00e4r i ant\u00e5gande\"}]},{\"@type\":\"WebSite\",\"@id\":\"https:\/\/blogg.svenskakyrkan.se\/kyrkogardienkoping\/#website\",\"url\":\"https:\/\/blogg.svenskakyrkan.se\/kyrkogardienkoping\/\",\"name\":\"Kyrkog\u00e5rdsbloggen i Enk\u00f6pings pastorat\",\"description\":\"Om arbetet p\u00e5 de 27 kyrkog\u00e5rdarna inom Enk\u00f6pings pastorat. Allt fr\u00e5n synen p\u00e5 en kyrkog\u00e5rd som b\u00e5de park och viloplats till vad det handlar om att arbeta p\u00e5 en kyrkog\u00e5rd s\u00e5som gr\u00e4sklippning, plantering, sn\u00f6skottning, anl\u00e4ggningsarbeten och arbetsvardagen i st\u00f6rsta allm\u00e4nhet.\",\"potentialAction\":[{\"@type\":\"SearchAction\",\"target\":{\"@type\":\"EntryPoint\",\"urlTemplate\":\"https:\/\/blogg.svenskakyrkan.se\/kyrkogardienkoping\/?s={search_term_string}\"},\"query-input\":{\"@type\":\"PropertyValueSpecification\",\"valueRequired\":true,\"valueName\":\"search_term_string\"}}],\"inLanguage\":\"sv-SE\"},{\"@type\":\"Person\",\"@id\":\"https:\/\/blogg.svenskakyrkan.se\/kyrkogardienkoping\/#\/schema\/person\/fdcd112045e5bc20f9d0eb1514813cb7\",\"name\":\"Enk\u00f6pings pastorat\",\"image\":{\"@type\":\"ImageObject\",\"inLanguage\":\"sv-SE\",\"@id\":\"https:\/\/blogg.svenskakyrkan.se\/kyrkogardienkoping\/#\/schema\/person\/image\/\",\"url\":\"https:\/\/secure.gravatar.com\/avatar\/8cd11ef6b0b40e697857ddd81e051d862c31ee1640de70aa81fb10eae52caf84?s=96&d=mm&r=g\",\"contentUrl\":\"https:\/\/secure.gravatar.com\/avatar\/8cd11ef6b0b40e697857ddd81e051d862c31ee1640de70aa81fb10eae52caf84?s=96&d=mm&r=g\",\"caption\":\"Enk\u00f6pings pastorat\"},\"url\":\"https:\/\/blogg.svenskakyrkan.se\/kyrkogardienkoping\/author\/susannegorne\/\"}]}<\/script>\n<!-- \/ Yoast SEO plugin. -->","yoast_head_json":{"title":"Vinter\u00e4songen \u00e4r i ant\u00e5gande - Kyrkog\u00e5rdsbloggen i Enk\u00f6pings pastorat","robots":{"index":"index","follow":"follow","max-snippet":"max-snippet:-1","max-image-preview":"max-image-preview:large","max-video-preview":"max-video-preview:-1"},"canonical":"https:\/\/blogg.svenskakyrkan.se\/kyrkogardienkoping\/2023\/11\/16\/1912\/","og_locale":"sv_SE","og_type":"article","og_title":"Vinter\u00e4songen \u00e4r i ant\u00e5gande - Kyrkog\u00e5rdsbloggen i Enk\u00f6pings pastorat","og_description":"Vi \u00e4r f\u00e4rre nu \u201dVinters\u00e4songen\u201d \u00e4r p\u00e5b\u00f6rjad. Pl\u00f6tsligt blir vi m\u00e5nga f\u00e4rre i personalen (s\u00e4songarna har slutat) men antalet kyrkog\u00e5rdar best\u00e5r och arbetet d\u00e4r. Vi har p\u00e5b\u00f6rjat avst\u00e4ngning av vattnet p\u00e5 kyrkog\u00e5rdarna, vilket ocks\u00e5 inneb\u00e4r att vi plockar bort vattenkannor och n\u00e4stan alla vaser. \u00d6nskem\u00e5l har kommit fr\u00e5n bes\u00f6kare att kunna s\u00e4tta snittblommor i vaser [&hellip;]","og_url":"https:\/\/blogg.svenskakyrkan.se\/kyrkogardienkoping\/2023\/11\/16\/1912\/","og_site_name":"Kyrkog\u00e5rdsbloggen i Enk\u00f6pings pastorat","article_published_time":"2023-11-16T16:00:03+00:00","article_modified_time":"2023-11-21T13:38:59+00:00","og_image":[{"width":640,"height":480,"url":"https:\/\/blogg.svenskakyrkan.se\/kyrkogardienkoping\/files\/2023\/11\/Snobild1_Elisabeth_Nordfors.jpg","type":"image\/jpeg"}],"author":"Enk\u00f6pings pastorat","twitter_card":"summary_large_image","twitter_misc":{"Skriven av":"Enk\u00f6pings pastorat","Ber\u00e4knad l\u00e4stid":"3 minuter"},"schema":{"@context":"https:\/\/schema.org","@graph":[{"@type":"Article","@id":"https:\/\/blogg.svenskakyrkan.se\/kyrkogardienkoping\/2023\/11\/16\/1912\/#article","isPartOf":{"@id":"https:\/\/blogg.svenskakyrkan.se\/kyrkogardienkoping\/2023\/11\/16\/1912\/"},"author":{"name":"Enk\u00f6pings pastorat","@id":"https:\/\/blogg.svenskakyrkan.se\/kyrkogardienkoping\/#\/schema\/person\/fdcd112045e5bc20f9d0eb1514813cb7"},"headline":"Vinter\u00e4songen \u00e4r i ant\u00e5gande","datePublished":"2023-11-16T16:00:03+00:00","dateModified":"2023-11-21T13:38:59+00:00","mainEntityOfPage":{"@id":"https:\/\/blogg.svenskakyrkan.se\/kyrkogardienkoping\/2023\/11\/16\/1912\/"},"wordCount":620,"commentCount":0,"image":{"@id":"https:\/\/blogg.svenskakyrkan.se\/kyrkogardienkoping\/2023\/11\/16\/1912\/#primaryimage"},"thumbnailUrl":"https:\/\/blogg.svenskakyrkan.se\/kyrkogardienkoping\/files\/2023\/11\/Snobild1_Elisabeth_Nordfors.jpg","inLanguage":"sv-SE","potentialAction":[{"@type":"CommentAction","name":"Comment","target":["https:\/\/blogg.svenskakyrkan.se\/kyrkogardienkoping\/2023\/11\/16\/1912\/#respond"]}]},{"@type":"WebPage","@id":"https:\/\/blogg.svenskakyrkan.se\/kyrkogardienkoping\/2023\/11\/16\/1912\/","url":"https:\/\/blogg.svenskakyrkan.se\/kyrkogardienkoping\/2023\/11\/16\/1912\/","name":"Vinter\u00e4songen \u00e4r i ant\u00e5gande - Kyrkog\u00e5rdsbloggen i Enk\u00f6pings pastorat","isPartOf":{"@id":"https:\/\/blogg.svenskakyrkan.se\/kyrkogardienkoping\/#website"},"primaryImageOfPage":{"@id":"https:\/\/blogg.svenskakyrkan.se\/kyrkogardienkoping\/2023\/11\/16\/1912\/#primaryimage"},"image":{"@id":"https:\/\/blogg.svenskakyrkan.se\/kyrkogardienkoping\/2023\/11\/16\/1912\/#primaryimage"},"thumbnailUrl":"https:\/\/blogg.svenskakyrkan.se\/kyrkogardienkoping\/files\/2023\/11\/Snobild1_Elisabeth_Nordfors.jpg","datePublished":"2023-11-16T16:00:03+00:00","dateModified":"2023-11-21T13:38:59+00:00","author":{"@id":"https:\/\/blogg.svenskakyrkan.se\/kyrkogardienkoping\/#\/schema\/person\/fdcd112045e5bc20f9d0eb1514813cb7"},"breadcrumb":{"@id":"https:\/\/blogg.svenskakyrkan.se\/kyrkogardienkoping\/2023\/11\/16\/1912\/#breadcrumb"},"inLanguage":"sv-SE","potentialAction":[{"@type":"ReadAction","target":["https:\/\/blogg.svenskakyrkan.se\/kyrkogardienkoping\/2023\/11\/16\/1912\/"]}]},{"@type":"ImageObject","inLanguage":"sv-SE","@id":"https:\/\/blogg.svenskakyrkan.se\/kyrkogardienkoping\/2023\/11\/16\/1912\/#primaryimage","url":"https:\/\/blogg.svenskakyrkan.se\/kyrkogardienkoping\/files\/2023\/11\/Snobild1_Elisabeth_Nordfors.jpg","contentUrl":"https:\/\/blogg.svenskakyrkan.se\/kyrkogardienkoping\/files\/2023\/11\/Snobild1_Elisabeth_Nordfors.jpg","width":640,"height":480,"caption":"Foto: Elisabeth Nordfors"},{"@type":"BreadcrumbList","@id":"https:\/\/blogg.svenskakyrkan.se\/kyrkogardienkoping\/2023\/11\/16\/1912\/#breadcrumb","itemListElement":[{"@type":"ListItem","position":1,"name":"Hem","item":"https:\/\/blogg.svenskakyrkan.se\/kyrkogardienkoping\/"},{"@type":"ListItem","position":2,"name":"Vinter\u00e4songen \u00e4r i ant\u00e5gande"}]},{"@type":"WebSite","@id":"https:\/\/blogg.svenskakyrkan.se\/kyrkogardienkoping\/#website","url":"https:\/\/blogg.svenskakyrkan.se\/kyrkogardienkoping\/","name":"Kyrkog\u00e5rdsbloggen i Enk\u00f6pings pastorat","description":"Om arbetet p\u00e5 de 27 kyrkog\u00e5rdarna inom Enk\u00f6pings pastorat. Allt fr\u00e5n synen p\u00e5 en kyrkog\u00e5rd som b\u00e5de park och viloplats till vad det handlar om att arbeta p\u00e5 en kyrkog\u00e5rd s\u00e5som gr\u00e4sklippning, plantering, sn\u00f6skottning, anl\u00e4ggningsarbeten och arbetsvardagen i st\u00f6rsta allm\u00e4nhet.","potentialAction":[{"@type":"SearchAction","target":{"@type":"EntryPoint","urlTemplate":"https:\/\/blogg.svenskakyrkan.se\/kyrkogardienkoping\/?s={search_term_string}"},"query-input":{"@type":"PropertyValueSpecification","valueRequired":true,"valueName":"search_term_string"}}],"inLanguage":"sv-SE"},{"@type":"Person","@id":"https:\/\/blogg.svenskakyrkan.se\/kyrkogardienkoping\/#\/schema\/person\/fdcd112045e5bc20f9d0eb1514813cb7","name":"Enk\u00f6pings pastorat","image":{"@type":"ImageObject","inLanguage":"sv-SE","@id":"https:\/\/blogg.svenskakyrkan.se\/kyrkogardienkoping\/#\/schema\/person\/image\/","url":"https:\/\/secure.gravatar.com\/avatar\/8cd11ef6b0b40e697857ddd81e051d862c31ee1640de70aa81fb10eae52caf84?s=96&d=mm&r=g","contentUrl":"https:\/\/secure.gravatar.com\/avatar\/8cd11ef6b0b40e697857ddd81e051d862c31ee1640de70aa81fb10eae52caf84?s=96&d=mm&r=g","caption":"Enk\u00f6pings pastorat"},"url":"https:\/\/blogg.svenskakyrkan.se\/kyrkogardienkoping\/author\/susannegorne\/"}]}},"author_meta":{"ID":"570","user_nicename":"susannegorne","user_registered":"2016-05-24 16:47:19","display_name":"Enk\u00f6pings pastorat","avatar":"https:\/\/secure.gravatar.com\/avatar\/8cd11ef6b0b40e697857ddd81e051d862c31ee1640de70aa81fb10eae52caf84?s=96&d=mm&r=g"},"featured_image":["https:\/\/blogg.svenskakyrkan.se\/kyrkogardienkoping\/files\/2023\/11\/Snobild1_Elisabeth_Nordfors.jpg",640,480,false],"bloginfo":{"name":"Kyrkog\u00e5rdsbloggen i Enk\u00f6pings pastorat","url":"https:\/\/blogg.svenskakyrkan.se\/kyrkogardienkoping"},"_links":{"self":[{"href":"https:\/\/blogg.svenskakyrkan.se\/kyrkogardienkoping\/wp-json\/wp\/v2\/posts\/1912","targetHints":{"allow":["GET"]}}],"collection":[{"href":"https:\/\/blogg.svenskakyrkan.se\/kyrkogardienkoping\/wp-json\/wp\/v2\/posts"}],"about":[{"href":"https:\/\/blogg.svenskakyrkan.se\/kyrkogardienkoping\/wp-json\/wp\/v2\/types\/post"}],"author":[{"embeddable":true,"href":"https:\/\/blogg.svenskakyrkan.se\/kyrkogardienkoping\/wp-json\/wp\/v2\/users\/570"}],"replies":[{"embeddable":true,"href":"https:\/\/blogg.svenskakyrkan.se\/kyrkogardienkoping\/wp-json\/wp\/v2\/comments?post=1912"}],"version-history":[{"count":6,"href":"https:\/\/blogg.svenskakyrkan.se\/kyrkogardienkoping\/wp-json\/wp\/v2\/posts\/1912\/revisions"}],"predecessor-version":[{"id":1919,"href":"https:\/\/blogg.svenskakyrkan.se\/kyrkogardienkoping\/wp-json\/wp\/v2\/posts\/1912\/revisions\/1919"}],"wp:featuredmedia":[{"embeddable":true,"href":"https:\/\/blogg.svenskakyrkan.se\/kyrkogardienkoping\/wp-json\/wp\/v2\/media\/1917"}],"wp:attachment":[{"href":"https:\/\/blogg.svenskakyrkan.se\/kyrkogardienkoping\/wp-json\/wp\/v2\/media?parent=1912"}],"wp:term":[{"taxonomy":"category","embeddable":true,"href":"https:\/\/blogg.svenskakyrkan.se\/kyrkogardienkoping\/wp-json\/wp\/v2\/categories?post=1912"},{"taxonomy":"post_tag","embeddable":true,"href":"https:\/\/blogg.svenskakyrkan.se\/kyrkogardienkoping\/wp-json\/wp\/v2\/tags?post=1912"}],"curies":[{"name":"wp","href":"https:\/\/api.w.org\/{rel}","templated":true}]}}