{"id":1945,"date":"2023-12-18T17:12:15","date_gmt":"2023-12-18T16:12:15","guid":{"rendered":"https:\/\/blogg.svenskakyrkan.se\/kyrkogardienkoping\/?p=1945"},"modified":"2024-04-19T09:05:54","modified_gmt":"2024-04-19T07:05:54","slug":"senaste-nytt-fran-kyrkogard","status":"publish","type":"post","link":"https:\/\/blogg.svenskakyrkan.se\/kyrkogardienkoping\/2023\/12\/18\/senaste-nytt-fran-kyrkogard\/","title":{"rendered":"Nyhetsbrev fr\u00e5n kyrkog\u00e5rd januari"},"content":{"rendered":"<h2>Det h\u00e4r h\u00e4nder p\u00e5 kyrkog\u00e5rd just nu<\/h2>\n<p>Sedan starten p\u00e5 v\u00e5r vinters\u00e4song, har vi plogat sn\u00f6 eller sandat n\u00e4stan varje dag. Vi prioriterar f\u00f6rst kyrkog\u00e5rdarna d\u00e4r det \u00e4r aktiviteter, t ex begravningar. D\u00e4refter tar vi de andra kyrkog\u00e5rdarna, vart eftersom.<\/p>\n<p>P\u00e5 helger sn\u00f6r\u00f6jer och halkbek\u00e4mpar vi inte ute p\u00e5 landet, utan d\u00e5 \u00e4r det vaktm\u00e4starna som g\u00f6r det f\u00f6r hand, s\u00e5 gott de kan.<\/p>\n<p>P\u00e5 S:t Olofs kyrkog\u00e5rd och V\u00e5rfrukyrkan och Kyrkans hus i Enk\u00f6ping, sn\u00f6r\u00f6jer och halkbek\u00e4mpar vi p\u00e5 helgerna.<\/p>\n<h2>Kommande medarbetare<\/h2>\n<p>Just nu har vi en annons ute, d\u00e4r vi s\u00f6ker kyrkog\u00e5rdsarbetare till sommars\u00e4songen, <a href=\"https:\/\/blogg.svenskakyrkan.se\/kyrkogardienkoping\/2023\/12\/08\/nu-soker-vi-sasongsarbetare-kyrkogard-for-2024\/\">h\u00e4r kan du l\u00e4sa annonsen<\/a>.<\/p>\n<p>Kyrkog\u00e5rdsf\u00f6rvaltningen kommer fram\u00f6ver att anst\u00e4lla en ny kyrkog\u00e5rdsarbetare p\u00e5 heltid. Tiden f\u00f6r ans\u00f6kan har nu g\u00e5tt ut och vi kommer snart p\u00e5b\u00f6rja intervjuer. V\u00e5rt m\u00e5l \u00e4r att ha det klart i b\u00f6rjan p\u00e5 2024.<\/p>\n<h2>Gravr\u00e4ttsinnehavare s\u00f6kes!<\/h2>\n<p>Vi forts\u00e4tter att s\u00f6ka efter gravr\u00e4ttsinnehavare till ett antal gravplatser. Finns det en gr\u00f6n kontaktskylt p\u00e5 en gravplats du bes\u00f6ker, uppskattar vi om du h\u00f6r av dig.<\/p>\n<h2>Till sist &#8230;<\/h2>\n<p>Vi p\u00e5 kyrkog\u00e5rdsf\u00f6rvaltningen \u00f6nskar Er alla ett gott nytt \u00e5r!<\/p>\n<p>\u00d6ppettider f\u00f6r kyrkog\u00e5rdskontoret hittar ni p\u00e5 <a href=\"http:\/\/www.svenskakyrkan.se\/enkoping\/kontakt-kyrkogard\">v\u00e5r webbplats<\/a>.<\/p>\n<p><em>Elisabeth Nordfors\u00a0\u00a0\u00a0\u00a0\u00a0\u00a0\u00a0\u00a0\u00a0\u00a0\u00a0\u00a0\u00a0\u00a0\u00a0\u00a0\u00a0\u00a0\u00a0\u00a0\u00a0\u00a0\u00a0\u00a0\u00a0\u00a0\u00a0\u00a0\u00a0\u00a0\u00a0\u00a0\u00a0\u00a0\u00a0\u00a0\u00a0\u00a0\u00a0 \u00a0\u00a0\u00a0\u00a0\u00a0\u00a0\u00a0\u00a0\u00a0\u00a0\u00a0\u00a0\u00a0\u00a0\u00a0\u00a0\u00a0\u00a0\u00a0\u00a0\u00a0\u00a0\u00a0\u00a0\u00a0\u00a0\u00a0\u00a0\u00a0\u00a0\u00a0\u00a0\u00a0\u00a0\u00a0\u00a0\u00a0\u00a0\u00a0\u00a0\u00a0\u00a0\u00a0\u00a0\u00a0\u00a0\u00a0\u00a0\u00a0\u00a0\u00a0\u00a0\u00a0\u00a0\u00a0\u00a0\u00a0\u00a0\u00a0\u00a0\u00a0\u00a0\u00a0\u00a0\u00a0\u00a0\u00a0\u00a0\u00a0\u00a0\u00a0\u00a0 \u00a0\u00a0\u00a0\u00a0\u00a0\u00a0\u00a0\u00a0\u00a0\u00a0\u00a0\u00a0\u00a0\u00a0\u00a0\u00a0\u00a0\u00a0\u00a0\u00a0\u00a0\u00a0\u00a0\u00a0\u00a0\u00a0\u00a0\u00a0\u00a0\u00a0\u00a0\u00a0\u00a0\u00a0\u00a0\u00a0\u00a0\u00a0\u00a0\u00a0\u00a0\u00a0\u00a0\u00a0\u00a0\u00a0\u00a0\u00a0\u00a0\u00a0\u00a0\u00a0\u00a0\u00a0\u00a0\u00a0\u00a0\u00a0\u00a0\u00a0\u00a0\u00a0\u00a0\u00a0\u00a0\u00a0\u00a0\u00a0\u00a0\u00a0\u00a0\u00a0 \u00a0\u00a0\u00a0\u00a0\u00a0\u00a0\u00a0\u00a0\u00a0\u00a0\u00a0\u00a0\u00a0\u00a0\u00a0\u00a0\u00a0\u00a0\u00a0\u00a0\u00a0\u00a0\u00a0\u00a0\u00a0\u00a0\u00a0\u00a0\u00a0\u00a0\u00a0\u00a0\u00a0\u00a0\u00a0\u00a0\u00a0\u00a0\u00a0\u00a0\u00a0\u00a0\u00a0\u00a0\u00a0\u00a0\u00a0\u00a0\u00a0\u00a0\u00a0\u00a0\u00a0\u00a0\u00a0\u00a0\u00a0\u00a0\u00a0\u00a0\u00a0\u00a0\u00a0\u00a0\u00a0\u00a0\u00a0\u00a0\u00a0\u00a0\u00a0\u00a0 \u00a0\u00a0\u00a0\u00a0\u00a0\u00a0\u00a0\u00a0\u00a0\u00a0\u00a0\u00a0\u00a0\u00a0\u00a0\u00a0\u00a0\u00a0\u00a0\u00a0\u00a0\u00a0\u00a0\u00a0\u00a0\u00a0\u00a0\u00a0\u00a0\u00a0\u00a0\u00a0\u00a0\u00a0\u00a0\u00a0\u00a0\u00a0\u00a0\u00a0\u00a0\u00a0\u00a0\u00a0\u00a0\u00a0\u00a0\u00a0\u00a0\u00a0\u00a0\u00a0\u00a0\u00a0\u00a0\u00a0\u00a0\u00a0\u00a0\u00a0\u00a0\u00a0\u00a0\u00a0\u00a0\u00a0\u00a0\u00a0\u00a0\u00a0\u00a0\u00a0 \u00a0\u00a0\u00a0\u00a0\u00a0\u00a0\u00a0\u00a0\u00a0\u00a0\u00a0\u00a0\u00a0\u00a0\u00a0\u00a0\u00a0\u00a0\u00a0\u00a0\u00a0\u00a0\u00a0\u00a0\u00a0\u00a0\u00a0\u00a0\u00a0\u00a0\u00a0\u00a0\u00a0\u00a0\u00a0\u00a0\u00a0\u00a0\u00a0\u00a0\u00a0\u00a0\u00a0\u00a0\u00a0\u00a0\u00a0\u00a0\u00a0\u00a0\u00a0\u00a0\u00a0\u00a0\u00a0\u00a0\u00a0\u00a0\u00a0\u00a0\u00a0\u00a0\u00a0\u00a0\u00a0\u00a0\u00a0\u00a0\u00a0\u00a0\u00a0\u00a0 \u00a0\u00a0\u00a0\u00a0\u00a0\u00a0\u00a0\u00a0\u00a0\u00a0\u00a0\u00a0\u00a0\u00a0\u00a0\u00a0\u00a0\u00a0\u00a0\u00a0\u00a0\u00a0\u00a0\u00a0\u00a0\u00a0\u00a0\u00a0\u00a0\u00a0\u00a0\u00a0\u00a0\u00a0\u00a0\u00a0\u00a0\u00a0\u00a0\u00a0\u00a0\u00a0\u00a0\u00a0\u00a0\u00a0\u00a0\u00a0\u00a0\u00a0\u00a0\u00a0\u00a0\u00a0\u00a0\u00a0\u00a0\u00a0\u00a0\u00a0\u00a0\u00a0\u00a0\u00a0\u00a0\u00a0\u00a0\u00a0\u00a0\u00a0\u00a0\u00a0 \u00a0\u00a0\u00a0\u00a0\u00a0\u00a0\u00a0\u00a0\u00a0\u00a0\u00a0\u00a0\u00a0\u00a0\u00a0\u00a0\u00a0\u00a0\u00a0\u00a0\u00a0\u00a0\u00a0\u00a0 <\/em><\/p>\n","protected":false},"excerpt":{"rendered":"<p>Det h\u00e4r h\u00e4nder p\u00e5 kyrkog\u00e5rd just nu Sedan starten p\u00e5 v\u00e5r vinters\u00e4song, har vi plogat sn\u00f6 eller sandat n\u00e4stan varje dag. Vi prioriterar f\u00f6rst kyrkog\u00e5rdarna d\u00e4r det \u00e4r aktiviteter, t ex begravningar. D\u00e4refter tar vi de andra kyrkog\u00e5rdarna, vart eftersom. P\u00e5 helger sn\u00f6r\u00f6jer och halkbek\u00e4mpar vi inte ute p\u00e5 landet, utan d\u00e5 \u00e4r det vaktm\u00e4starna [&hellip;]<\/p>\n","protected":false},"author":570,"featured_media":1946,"comment_status":"open","ping_status":"open","sticky":false,"template":"","format":"standard","meta":{"_acf_changed":false,"footnotes":""},"categories":[9],"tags":[],"class_list":["post-1945","post","type-post","status-publish","format-standard","has-post-thumbnail","hentry","category-okategoriserade"],"acf":[],"yoast_head":"<!-- This site is optimized with the Yoast SEO plugin v27.1.1 - https:\/\/yoast.com\/product\/yoast-seo-wordpress\/ -->\n<title>Nyhetsbrev fr\u00e5n kyrkog\u00e5rd januari - Kyrkog\u00e5rdsbloggen i Enk\u00f6pings pastorat<\/title>\n<meta name=\"robots\" content=\"index, follow, max-snippet:-1, max-image-preview:large, max-video-preview:-1\" \/>\n<link rel=\"canonical\" href=\"https:\/\/blogg.svenskakyrkan.se\/kyrkogardienkoping\/2023\/12\/18\/senaste-nytt-fran-kyrkogard\/\" \/>\n<meta property=\"og:locale\" content=\"sv_SE\" \/>\n<meta property=\"og:type\" content=\"article\" \/>\n<meta property=\"og:title\" content=\"Nyhetsbrev fr\u00e5n kyrkog\u00e5rd januari - Kyrkog\u00e5rdsbloggen i Enk\u00f6pings pastorat\" \/>\n<meta property=\"og:description\" content=\"Det h\u00e4r h\u00e4nder p\u00e5 kyrkog\u00e5rd just nu Sedan starten p\u00e5 v\u00e5r vinters\u00e4song, har vi plogat sn\u00f6 eller sandat n\u00e4stan varje dag. Vi prioriterar f\u00f6rst kyrkog\u00e5rdarna d\u00e4r det \u00e4r aktiviteter, t ex begravningar. D\u00e4refter tar vi de andra kyrkog\u00e5rdarna, vart eftersom. P\u00e5 helger sn\u00f6r\u00f6jer och halkbek\u00e4mpar vi inte ute p\u00e5 landet, utan d\u00e5 \u00e4r det vaktm\u00e4starna [&hellip;]\" \/>\n<meta property=\"og:url\" content=\"https:\/\/blogg.svenskakyrkan.se\/kyrkogardienkoping\/2023\/12\/18\/senaste-nytt-fran-kyrkogard\/\" \/>\n<meta property=\"og:site_name\" content=\"Kyrkog\u00e5rdsbloggen i Enk\u00f6pings pastorat\" \/>\n<meta property=\"article:published_time\" content=\"2023-12-18T16:12:15+00:00\" \/>\n<meta property=\"article:modified_time\" content=\"2024-04-19T07:05:54+00:00\" \/>\n<meta property=\"og:image\" content=\"https:\/\/blogg.svenskakyrkan.se\/kyrkogardienkoping\/files\/2023\/12\/Kyrkogard_vinter_Anne-Mari-Sandgren-scaled.jpg\" \/>\n\t<meta property=\"og:image:width\" content=\"1920\" \/>\n\t<meta property=\"og:image:height\" content=\"2560\" \/>\n\t<meta property=\"og:image:type\" content=\"image\/jpeg\" \/>\n<meta name=\"author\" content=\"Enk\u00f6pings pastorat\" \/>\n<meta name=\"twitter:card\" content=\"summary_large_image\" \/>\n<meta name=\"twitter:label1\" content=\"Skriven av\" \/>\n\t<meta name=\"twitter:data1\" content=\"Enk\u00f6pings pastorat\" \/>\n\t<meta name=\"twitter:label2\" content=\"Ber\u00e4knad l\u00e4stid\" \/>\n\t<meta name=\"twitter:data2\" content=\"1 minut\" \/>\n<script type=\"application\/ld+json\" class=\"yoast-schema-graph\">{\"@context\":\"https:\/\/schema.org\",\"@graph\":[{\"@type\":\"Article\",\"@id\":\"https:\/\/blogg.svenskakyrkan.se\/kyrkogardienkoping\/2023\/12\/18\/senaste-nytt-fran-kyrkogard\/#article\",\"isPartOf\":{\"@id\":\"https:\/\/blogg.svenskakyrkan.se\/kyrkogardienkoping\/2023\/12\/18\/senaste-nytt-fran-kyrkogard\/\"},\"author\":{\"name\":\"Enk\u00f6pings pastorat\",\"@id\":\"https:\/\/blogg.svenskakyrkan.se\/kyrkogardienkoping\/#\/schema\/person\/fdcd112045e5bc20f9d0eb1514813cb7\"},\"headline\":\"Nyhetsbrev fr\u00e5n kyrkog\u00e5rd januari\",\"datePublished\":\"2023-12-18T16:12:15+00:00\",\"dateModified\":\"2024-04-19T07:05:54+00:00\",\"mainEntityOfPage\":{\"@id\":\"https:\/\/blogg.svenskakyrkan.se\/kyrkogardienkoping\/2023\/12\/18\/senaste-nytt-fran-kyrkogard\/\"},\"wordCount\":247,\"commentCount\":0,\"image\":{\"@id\":\"https:\/\/blogg.svenskakyrkan.se\/kyrkogardienkoping\/2023\/12\/18\/senaste-nytt-fran-kyrkogard\/#primaryimage\"},\"thumbnailUrl\":\"https:\/\/blogg.svenskakyrkan.se\/kyrkogardienkoping\/files\/2023\/12\/Kyrkogard_vinter_Anne-Mari-Sandgren-scaled.jpg\",\"inLanguage\":\"sv-SE\",\"potentialAction\":[{\"@type\":\"CommentAction\",\"name\":\"Comment\",\"target\":[\"https:\/\/blogg.svenskakyrkan.se\/kyrkogardienkoping\/2023\/12\/18\/senaste-nytt-fran-kyrkogard\/#respond\"]}]},{\"@type\":\"WebPage\",\"@id\":\"https:\/\/blogg.svenskakyrkan.se\/kyrkogardienkoping\/2023\/12\/18\/senaste-nytt-fran-kyrkogard\/\",\"url\":\"https:\/\/blogg.svenskakyrkan.se\/kyrkogardienkoping\/2023\/12\/18\/senaste-nytt-fran-kyrkogard\/\",\"name\":\"Nyhetsbrev fr\u00e5n kyrkog\u00e5rd januari - Kyrkog\u00e5rdsbloggen i Enk\u00f6pings pastorat\",\"isPartOf\":{\"@id\":\"https:\/\/blogg.svenskakyrkan.se\/kyrkogardienkoping\/#website\"},\"primaryImageOfPage\":{\"@id\":\"https:\/\/blogg.svenskakyrkan.se\/kyrkogardienkoping\/2023\/12\/18\/senaste-nytt-fran-kyrkogard\/#primaryimage\"},\"image\":{\"@id\":\"https:\/\/blogg.svenskakyrkan.se\/kyrkogardienkoping\/2023\/12\/18\/senaste-nytt-fran-kyrkogard\/#primaryimage\"},\"thumbnailUrl\":\"https:\/\/blogg.svenskakyrkan.se\/kyrkogardienkoping\/files\/2023\/12\/Kyrkogard_vinter_Anne-Mari-Sandgren-scaled.jpg\",\"datePublished\":\"2023-12-18T16:12:15+00:00\",\"dateModified\":\"2024-04-19T07:05:54+00:00\",\"author\":{\"@id\":\"https:\/\/blogg.svenskakyrkan.se\/kyrkogardienkoping\/#\/schema\/person\/fdcd112045e5bc20f9d0eb1514813cb7\"},\"breadcrumb\":{\"@id\":\"https:\/\/blogg.svenskakyrkan.se\/kyrkogardienkoping\/2023\/12\/18\/senaste-nytt-fran-kyrkogard\/#breadcrumb\"},\"inLanguage\":\"sv-SE\",\"potentialAction\":[{\"@type\":\"ReadAction\",\"target\":[\"https:\/\/blogg.svenskakyrkan.se\/kyrkogardienkoping\/2023\/12\/18\/senaste-nytt-fran-kyrkogard\/\"]}]},{\"@type\":\"ImageObject\",\"inLanguage\":\"sv-SE\",\"@id\":\"https:\/\/blogg.svenskakyrkan.se\/kyrkogardienkoping\/2023\/12\/18\/senaste-nytt-fran-kyrkogard\/#primaryimage\",\"url\":\"https:\/\/blogg.svenskakyrkan.se\/kyrkogardienkoping\/files\/2023\/12\/Kyrkogard_vinter_Anne-Mari-Sandgren-scaled.jpg\",\"contentUrl\":\"https:\/\/blogg.svenskakyrkan.se\/kyrkogardienkoping\/files\/2023\/12\/Kyrkogard_vinter_Anne-Mari-Sandgren-scaled.jpg\",\"width\":1920,\"height\":2560,\"caption\":\"Vacker, r\u00f6d kv\u00e4llssol syns vid horisonsten. I f\u00f6rgrunden st\u00e5r en sn\u00f6skyffel lutad mot ett staket.\"},{\"@type\":\"BreadcrumbList\",\"@id\":\"https:\/\/blogg.svenskakyrkan.se\/kyrkogardienkoping\/2023\/12\/18\/senaste-nytt-fran-kyrkogard\/#breadcrumb\",\"itemListElement\":[{\"@type\":\"ListItem\",\"position\":1,\"name\":\"Hem\",\"item\":\"https:\/\/blogg.svenskakyrkan.se\/kyrkogardienkoping\/\"},{\"@type\":\"ListItem\",\"position\":2,\"name\":\"Nyhetsbrev fr\u00e5n kyrkog\u00e5rd januari\"}]},{\"@type\":\"WebSite\",\"@id\":\"https:\/\/blogg.svenskakyrkan.se\/kyrkogardienkoping\/#website\",\"url\":\"https:\/\/blogg.svenskakyrkan.se\/kyrkogardienkoping\/\",\"name\":\"Kyrkog\u00e5rdsbloggen i Enk\u00f6pings pastorat\",\"description\":\"Om arbetet p\u00e5 de 27 kyrkog\u00e5rdarna inom Enk\u00f6pings pastorat. Allt fr\u00e5n synen p\u00e5 en kyrkog\u00e5rd som b\u00e5de park och viloplats till vad det handlar om att arbeta p\u00e5 en kyrkog\u00e5rd s\u00e5som gr\u00e4sklippning, plantering, sn\u00f6skottning, anl\u00e4ggningsarbeten och arbetsvardagen i st\u00f6rsta allm\u00e4nhet.\",\"potentialAction\":[{\"@type\":\"SearchAction\",\"target\":{\"@type\":\"EntryPoint\",\"urlTemplate\":\"https:\/\/blogg.svenskakyrkan.se\/kyrkogardienkoping\/?s={search_term_string}\"},\"query-input\":{\"@type\":\"PropertyValueSpecification\",\"valueRequired\":true,\"valueName\":\"search_term_string\"}}],\"inLanguage\":\"sv-SE\"},{\"@type\":\"Person\",\"@id\":\"https:\/\/blogg.svenskakyrkan.se\/kyrkogardienkoping\/#\/schema\/person\/fdcd112045e5bc20f9d0eb1514813cb7\",\"name\":\"Enk\u00f6pings pastorat\",\"image\":{\"@type\":\"ImageObject\",\"inLanguage\":\"sv-SE\",\"@id\":\"https:\/\/blogg.svenskakyrkan.se\/kyrkogardienkoping\/#\/schema\/person\/image\/\",\"url\":\"https:\/\/secure.gravatar.com\/avatar\/8cd11ef6b0b40e697857ddd81e051d862c31ee1640de70aa81fb10eae52caf84?s=96&d=mm&r=g\",\"contentUrl\":\"https:\/\/secure.gravatar.com\/avatar\/8cd11ef6b0b40e697857ddd81e051d862c31ee1640de70aa81fb10eae52caf84?s=96&d=mm&r=g\",\"caption\":\"Enk\u00f6pings pastorat\"},\"url\":\"https:\/\/blogg.svenskakyrkan.se\/kyrkogardienkoping\/author\/susannegorne\/\"}]}<\/script>\n<!-- \/ Yoast SEO plugin. -->","yoast_head_json":{"title":"Nyhetsbrev fr\u00e5n kyrkog\u00e5rd januari - Kyrkog\u00e5rdsbloggen i Enk\u00f6pings pastorat","robots":{"index":"index","follow":"follow","max-snippet":"max-snippet:-1","max-image-preview":"max-image-preview:large","max-video-preview":"max-video-preview:-1"},"canonical":"https:\/\/blogg.svenskakyrkan.se\/kyrkogardienkoping\/2023\/12\/18\/senaste-nytt-fran-kyrkogard\/","og_locale":"sv_SE","og_type":"article","og_title":"Nyhetsbrev fr\u00e5n kyrkog\u00e5rd januari - Kyrkog\u00e5rdsbloggen i Enk\u00f6pings pastorat","og_description":"Det h\u00e4r h\u00e4nder p\u00e5 kyrkog\u00e5rd just nu Sedan starten p\u00e5 v\u00e5r vinters\u00e4song, har vi plogat sn\u00f6 eller sandat n\u00e4stan varje dag. Vi prioriterar f\u00f6rst kyrkog\u00e5rdarna d\u00e4r det \u00e4r aktiviteter, t ex begravningar. D\u00e4refter tar vi de andra kyrkog\u00e5rdarna, vart eftersom. P\u00e5 helger sn\u00f6r\u00f6jer och halkbek\u00e4mpar vi inte ute p\u00e5 landet, utan d\u00e5 \u00e4r det vaktm\u00e4starna [&hellip;]","og_url":"https:\/\/blogg.svenskakyrkan.se\/kyrkogardienkoping\/2023\/12\/18\/senaste-nytt-fran-kyrkogard\/","og_site_name":"Kyrkog\u00e5rdsbloggen i Enk\u00f6pings pastorat","article_published_time":"2023-12-18T16:12:15+00:00","article_modified_time":"2024-04-19T07:05:54+00:00","og_image":[{"width":1920,"height":2560,"url":"https:\/\/blogg.svenskakyrkan.se\/kyrkogardienkoping\/files\/2023\/12\/Kyrkogard_vinter_Anne-Mari-Sandgren-scaled.jpg","type":"image\/jpeg"}],"author":"Enk\u00f6pings pastorat","twitter_card":"summary_large_image","twitter_misc":{"Skriven av":"Enk\u00f6pings pastorat","Ber\u00e4knad l\u00e4stid":"1 minut"},"schema":{"@context":"https:\/\/schema.org","@graph":[{"@type":"Article","@id":"https:\/\/blogg.svenskakyrkan.se\/kyrkogardienkoping\/2023\/12\/18\/senaste-nytt-fran-kyrkogard\/#article","isPartOf":{"@id":"https:\/\/blogg.svenskakyrkan.se\/kyrkogardienkoping\/2023\/12\/18\/senaste-nytt-fran-kyrkogard\/"},"author":{"name":"Enk\u00f6pings pastorat","@id":"https:\/\/blogg.svenskakyrkan.se\/kyrkogardienkoping\/#\/schema\/person\/fdcd112045e5bc20f9d0eb1514813cb7"},"headline":"Nyhetsbrev fr\u00e5n kyrkog\u00e5rd januari","datePublished":"2023-12-18T16:12:15+00:00","dateModified":"2024-04-19T07:05:54+00:00","mainEntityOfPage":{"@id":"https:\/\/blogg.svenskakyrkan.se\/kyrkogardienkoping\/2023\/12\/18\/senaste-nytt-fran-kyrkogard\/"},"wordCount":247,"commentCount":0,"image":{"@id":"https:\/\/blogg.svenskakyrkan.se\/kyrkogardienkoping\/2023\/12\/18\/senaste-nytt-fran-kyrkogard\/#primaryimage"},"thumbnailUrl":"https:\/\/blogg.svenskakyrkan.se\/kyrkogardienkoping\/files\/2023\/12\/Kyrkogard_vinter_Anne-Mari-Sandgren-scaled.jpg","inLanguage":"sv-SE","potentialAction":[{"@type":"CommentAction","name":"Comment","target":["https:\/\/blogg.svenskakyrkan.se\/kyrkogardienkoping\/2023\/12\/18\/senaste-nytt-fran-kyrkogard\/#respond"]}]},{"@type":"WebPage","@id":"https:\/\/blogg.svenskakyrkan.se\/kyrkogardienkoping\/2023\/12\/18\/senaste-nytt-fran-kyrkogard\/","url":"https:\/\/blogg.svenskakyrkan.se\/kyrkogardienkoping\/2023\/12\/18\/senaste-nytt-fran-kyrkogard\/","name":"Nyhetsbrev fr\u00e5n kyrkog\u00e5rd januari - Kyrkog\u00e5rdsbloggen i Enk\u00f6pings pastorat","isPartOf":{"@id":"https:\/\/blogg.svenskakyrkan.se\/kyrkogardienkoping\/#website"},"primaryImageOfPage":{"@id":"https:\/\/blogg.svenskakyrkan.se\/kyrkogardienkoping\/2023\/12\/18\/senaste-nytt-fran-kyrkogard\/#primaryimage"},"image":{"@id":"https:\/\/blogg.svenskakyrkan.se\/kyrkogardienkoping\/2023\/12\/18\/senaste-nytt-fran-kyrkogard\/#primaryimage"},"thumbnailUrl":"https:\/\/blogg.svenskakyrkan.se\/kyrkogardienkoping\/files\/2023\/12\/Kyrkogard_vinter_Anne-Mari-Sandgren-scaled.jpg","datePublished":"2023-12-18T16:12:15+00:00","dateModified":"2024-04-19T07:05:54+00:00","author":{"@id":"https:\/\/blogg.svenskakyrkan.se\/kyrkogardienkoping\/#\/schema\/person\/fdcd112045e5bc20f9d0eb1514813cb7"},"breadcrumb":{"@id":"https:\/\/blogg.svenskakyrkan.se\/kyrkogardienkoping\/2023\/12\/18\/senaste-nytt-fran-kyrkogard\/#breadcrumb"},"inLanguage":"sv-SE","potentialAction":[{"@type":"ReadAction","target":["https:\/\/blogg.svenskakyrkan.se\/kyrkogardienkoping\/2023\/12\/18\/senaste-nytt-fran-kyrkogard\/"]}]},{"@type":"ImageObject","inLanguage":"sv-SE","@id":"https:\/\/blogg.svenskakyrkan.se\/kyrkogardienkoping\/2023\/12\/18\/senaste-nytt-fran-kyrkogard\/#primaryimage","url":"https:\/\/blogg.svenskakyrkan.se\/kyrkogardienkoping\/files\/2023\/12\/Kyrkogard_vinter_Anne-Mari-Sandgren-scaled.jpg","contentUrl":"https:\/\/blogg.svenskakyrkan.se\/kyrkogardienkoping\/files\/2023\/12\/Kyrkogard_vinter_Anne-Mari-Sandgren-scaled.jpg","width":1920,"height":2560,"caption":"Vacker, r\u00f6d kv\u00e4llssol syns vid horisonsten. I f\u00f6rgrunden st\u00e5r en sn\u00f6skyffel lutad mot ett staket."},{"@type":"BreadcrumbList","@id":"https:\/\/blogg.svenskakyrkan.se\/kyrkogardienkoping\/2023\/12\/18\/senaste-nytt-fran-kyrkogard\/#breadcrumb","itemListElement":[{"@type":"ListItem","position":1,"name":"Hem","item":"https:\/\/blogg.svenskakyrkan.se\/kyrkogardienkoping\/"},{"@type":"ListItem","position":2,"name":"Nyhetsbrev fr\u00e5n kyrkog\u00e5rd januari"}]},{"@type":"WebSite","@id":"https:\/\/blogg.svenskakyrkan.se\/kyrkogardienkoping\/#website","url":"https:\/\/blogg.svenskakyrkan.se\/kyrkogardienkoping\/","name":"Kyrkog\u00e5rdsbloggen i Enk\u00f6pings pastorat","description":"Om arbetet p\u00e5 de 27 kyrkog\u00e5rdarna inom Enk\u00f6pings pastorat. Allt fr\u00e5n synen p\u00e5 en kyrkog\u00e5rd som b\u00e5de park och viloplats till vad det handlar om att arbeta p\u00e5 en kyrkog\u00e5rd s\u00e5som gr\u00e4sklippning, plantering, sn\u00f6skottning, anl\u00e4ggningsarbeten och arbetsvardagen i st\u00f6rsta allm\u00e4nhet.","potentialAction":[{"@type":"SearchAction","target":{"@type":"EntryPoint","urlTemplate":"https:\/\/blogg.svenskakyrkan.se\/kyrkogardienkoping\/?s={search_term_string}"},"query-input":{"@type":"PropertyValueSpecification","valueRequired":true,"valueName":"search_term_string"}}],"inLanguage":"sv-SE"},{"@type":"Person","@id":"https:\/\/blogg.svenskakyrkan.se\/kyrkogardienkoping\/#\/schema\/person\/fdcd112045e5bc20f9d0eb1514813cb7","name":"Enk\u00f6pings pastorat","image":{"@type":"ImageObject","inLanguage":"sv-SE","@id":"https:\/\/blogg.svenskakyrkan.se\/kyrkogardienkoping\/#\/schema\/person\/image\/","url":"https:\/\/secure.gravatar.com\/avatar\/8cd11ef6b0b40e697857ddd81e051d862c31ee1640de70aa81fb10eae52caf84?s=96&d=mm&r=g","contentUrl":"https:\/\/secure.gravatar.com\/avatar\/8cd11ef6b0b40e697857ddd81e051d862c31ee1640de70aa81fb10eae52caf84?s=96&d=mm&r=g","caption":"Enk\u00f6pings pastorat"},"url":"https:\/\/blogg.svenskakyrkan.se\/kyrkogardienkoping\/author\/susannegorne\/"}]}},"author_meta":{"ID":"570","user_nicename":"susannegorne","user_registered":"2016-05-24 16:47:19","display_name":"Enk\u00f6pings pastorat","avatar":"https:\/\/secure.gravatar.com\/avatar\/8cd11ef6b0b40e697857ddd81e051d862c31ee1640de70aa81fb10eae52caf84?s=96&d=mm&r=g"},"featured_image":["https:\/\/blogg.svenskakyrkan.se\/kyrkogardienkoping\/files\/2023\/12\/Kyrkogard_vinter_Anne-Mari-Sandgren-1518x2024.jpg",1518,2024,true],"bloginfo":{"name":"Kyrkog\u00e5rdsbloggen i Enk\u00f6pings pastorat","url":"https:\/\/blogg.svenskakyrkan.se\/kyrkogardienkoping"},"_links":{"self":[{"href":"https:\/\/blogg.svenskakyrkan.se\/kyrkogardienkoping\/wp-json\/wp\/v2\/posts\/1945","targetHints":{"allow":["GET"]}}],"collection":[{"href":"https:\/\/blogg.svenskakyrkan.se\/kyrkogardienkoping\/wp-json\/wp\/v2\/posts"}],"about":[{"href":"https:\/\/blogg.svenskakyrkan.se\/kyrkogardienkoping\/wp-json\/wp\/v2\/types\/post"}],"author":[{"embeddable":true,"href":"https:\/\/blogg.svenskakyrkan.se\/kyrkogardienkoping\/wp-json\/wp\/v2\/users\/570"}],"replies":[{"embeddable":true,"href":"https:\/\/blogg.svenskakyrkan.se\/kyrkogardienkoping\/wp-json\/wp\/v2\/comments?post=1945"}],"version-history":[{"count":3,"href":"https:\/\/blogg.svenskakyrkan.se\/kyrkogardienkoping\/wp-json\/wp\/v2\/posts\/1945\/revisions"}],"predecessor-version":[{"id":1996,"href":"https:\/\/blogg.svenskakyrkan.se\/kyrkogardienkoping\/wp-json\/wp\/v2\/posts\/1945\/revisions\/1996"}],"wp:featuredmedia":[{"embeddable":true,"href":"https:\/\/blogg.svenskakyrkan.se\/kyrkogardienkoping\/wp-json\/wp\/v2\/media\/1946"}],"wp:attachment":[{"href":"https:\/\/blogg.svenskakyrkan.se\/kyrkogardienkoping\/wp-json\/wp\/v2\/media?parent=1945"}],"wp:term":[{"taxonomy":"category","embeddable":true,"href":"https:\/\/blogg.svenskakyrkan.se\/kyrkogardienkoping\/wp-json\/wp\/v2\/categories?post=1945"},{"taxonomy":"post_tag","embeddable":true,"href":"https:\/\/blogg.svenskakyrkan.se\/kyrkogardienkoping\/wp-json\/wp\/v2\/tags?post=1945"}],"curies":[{"name":"wp","href":"https:\/\/api.w.org\/{rel}","templated":true}]}}