{"id":1985,"date":"2024-04-19T09:06:49","date_gmt":"2024-04-19T07:06:49","guid":{"rendered":"https:\/\/blogg.svenskakyrkan.se\/kyrkogardienkoping\/?p=1985"},"modified":"2024-04-19T09:04:23","modified_gmt":"2024-04-19T07:04:23","slug":"nyhetsbrev-fran-kyrkogardsforvaltningen-maj-2024","status":"publish","type":"post","link":"https:\/\/blogg.svenskakyrkan.se\/kyrkogardienkoping\/2024\/04\/19\/nyhetsbrev-fran-kyrkogardsforvaltningen-maj-2024\/","title":{"rendered":"Nyhetsbrev fr\u00e5n kyrkog\u00e5rd maj"},"content":{"rendered":"<h2>F\u00e5rtalg skyddar pens\u00e9erna<\/h2>\n<p>Vi forts\u00e4tter v\u00e5rst\u00e4dningen av v\u00e5ra kyrkog\u00e5rdar. Vi har \u00e4ven satt i g\u00e5ng vattnet p\u00e5 de flesta kyrkog\u00e5rdarna nu. Vi har en vattenl\u00e4cka p\u00e5 Torstuna kyrkog\u00e5rd, som vi arbetar med att f\u00e5 ordning p\u00e5.<br \/>\nVi har t\u00f6mt gammal jord, fyllt p\u00e5 med ny i 1 790 planteringsl\u00e5dor (som har sk\u00f6tsel). Sedan ska pens\u00e9erna planteras, vilket ska vara klart senast den 30 april. Innan vi planterar ut pens\u00e9erna, sprayar vi dem med Trico Garden som \u00e4r ett koncentrat av f\u00e5rtalg och ger ett l\u00e5ngverkande skydd f\u00f6r v\u00e4xterna. Den fungerar som fr\u00e5nst\u00f6tande f\u00f6r r\u00e5djur och annat vilt. Det \u00e4r en helt milj\u00f6v\u00e4nlig, naturlig och ofarlig produkt.<\/p>\n<h2>Djuren har andra planer f\u00f6r v\u00e5ra v\u00e4xter &#8230;<\/h2>\n<p>Det finns ju gott om olika djur p\u00e5 kyrkog\u00e5rden. F\u00e5glarna spr\u00e4tter g\u00e4rna runt i jorden vid rabatterna, p\u00e5 jakt efter bomaterial. R\u00e5djur och harar kan dra upp v\u00e4xtmaterialet ur l\u00e5dorna. Vi \u00e5tg\u00e4rdar alla rabatter s\u00e5 snart vi uppt\u00e4cker det men det \u00e4r inte s\u00e4kert att vi lyckas r\u00e4dda alla de blommor som blivit uppdragna. Vi brukar d\u00e5 se till att ers\u00e4tta med nya blommor (f\u00f6r de som har best\u00e4llt av oss) s\u00e5 l\u00e4nge vi har i lager.<br \/>\nVi har \u00e4ven uppt\u00e4ckt m\u00e5nga vildsvin i omr\u00e5det runt Sparrs\u00e4tra kyrkog\u00e5rd. F\u00f6r att f\u00f6rhindra att v\u00e5ra nya granplantor \u201db\u00f6kas\u201d upp och f\u00f6rst\u00f6rs, kommer vi att s\u00e4tta upp ett mindre elst\u00e4ngsel d\u00e4r, f\u00f6r just vildsvin. I och med det hoppas vi att de h\u00e5ller sig d\u00e4rifr\u00e5n.<\/p>\n<h2>Vi \u00e5terst\u00e4ller gr\u00e4smattor<\/h2>\n<p>Under vintern har det blivit en del skador p\u00e5 gr\u00e4smattorna \u00e4ven utanf\u00f6r kyrkog\u00e5rdarna. De kommer att \u00e5terst\u00e4llas fram\u00f6ver. En ny granh\u00e4ck \u00e4r p\u00e5 g\u00e5ng att planteras runt Sparrs\u00e4tra kyrkog\u00e5rd.<\/p>\n<h2>F\u00f6rbjudet att elda fr\u00e5n 1 maj<\/h2>\n<p>Fr\u00e5n och med 1 maj \u00e4r det inte till\u00e5tet att elda eller t\u00e4nda levande gravljus p\u00e5 kyrkog\u00e5rden.<\/p>\n<h2>Inga gravlyktor bakom gravstenen<\/h2>\n<p>N\u00e4r du som gravr\u00e4ttsinnehavare tar bort dina gravlyktor, s\u00e5 uppskattar vi om du inte placerar dem bakom gravstenen eftersom det inte \u00e4r n\u00e5gon f\u00f6rvaringsplats. Vi trimmar eller klipper d\u00e4r bakom vid j\u00e4mna mellanrum och kvarl\u00e4mnande saker kan skada personal, maskiner eller djur, ifall n\u00e5got g\u00e5r s\u00f6nder.<\/p>\n<h2>\u00c5terl\u00e4mnande gravstenar tas bort i Fj\u00e4rdhundra<\/h2>\n<p>Under v\u00e5ren kommer ett antal gravstenar att tas bort fr\u00e5n Simtuna, Fr\u00f6sthult, Altuna, Torstuna, H\u00e4rnevi och \u00d6sterunda kyrkog\u00e5rdar. De g\u00e4ller s\u00e5dana som \u00e5terl\u00e4mnats av gravr\u00e4ttsinnehavaren. L\u00e4s mer om det p\u00e5 v\u00e5r webbplats www.svenskakyrkan.se\/enkoping.<\/p>\n<h2>Dags f\u00f6r gr\u00e4s- och h\u00e4ckklippning<\/h2>\n<p>Under maj startar vi med st\u00f6rsta sannolikhet gr\u00e4sklippning. Vi p\u00e5b\u00f6rjar \u00e4ven h\u00e4ckklippning av tuja, idegran och buxbom, p\u00e5 de gravar som har den sk\u00f6tseln, lite senare fram i maj. Vi g\u00f6dslar tr\u00e4d och buskar d\u00e4r det finns behov<\/p>\n<h2>Gravstenss\u00e4kring \u2013f\u00f6r allas s\u00e4kerhet!<\/h2>\n<p>Gravstenar p\u00e5 svenska kyrkog\u00e5rdar \u00e4r ofta i granit eller marmor, vilket g\u00f6r dem mycket tunga. D\u00e4rf\u00f6r \u00e4r det viktigt att de \u00e4r fast f\u00f6rankrade, s\u00e5 de inte \u00e4r en s\u00e4kerhetsrisk f\u00f6r bes\u00f6kare eller kyrkog\u00e5rdspersonal. I \u00e5r kommer vi att genomf\u00f6ra gravstenss\u00e4kring p\u00e5 f\u00f6ljande kyrkog\u00e5rdar: H\u00e4rkeberga, Litslena, L\u00f6t, Arn\u00f6 och Husby-Sjutolft.<\/p>\n<h2>Jobba p\u00e5 kyrkog\u00e5rd?<\/h2>\n<p>Vi har lediga tj\u00e4nster som vikarie till kyrkog\u00e5rdsf\u00f6rvaltningen och kyrkog\u00e5rdsarbetare, 100 %. L\u00e4s mer p\u00e5 v\u00e5r webb www.svenskakyrkan.se\/enkoping\/ledigajobb<\/p>\n<h2>Gravr\u00e4ttsinnehavare s\u00f6kes!<\/h2>\n<p>Vi forts\u00e4tter att s\u00f6ka efter gravr\u00e4ttsinnehavare till ett antal gravplatser. Finns det en gr\u00f6n kontaktskylt p\u00e5 en gravplats du bes\u00f6ker, uppskattar vi om du h\u00f6r av dig.<br \/>\n\u00d6ppettider f\u00f6r kyrkog\u00e5rdskontoret hittar ni p\u00e5 v\u00e5r hemsida www.svenskakyrkan.se\/enkoping\/kontakt-kyrkogard<\/p>\n<h4>\u00d6nskar dig en fantastisk kommande v\u00e5r!<\/h4>\n<p>\/\/H\u00e4lsningar Elisabeth Nordfors, skrivande arbetsledare och alla kyrkog\u00e5rdsmedarbetare<\/p>\n","protected":false},"excerpt":{"rendered":"<p>F\u00e5rtalg skyddar pens\u00e9erna Vi forts\u00e4tter v\u00e5rst\u00e4dningen av v\u00e5ra kyrkog\u00e5rdar. Vi har \u00e4ven satt i g\u00e5ng vattnet p\u00e5 de flesta kyrkog\u00e5rdarna nu. Vi har en vattenl\u00e4cka p\u00e5 Torstuna kyrkog\u00e5rd, som vi arbetar med att f\u00e5 ordning p\u00e5. Vi har t\u00f6mt gammal jord, fyllt p\u00e5 med ny i 1 790 planteringsl\u00e5dor (som har sk\u00f6tsel). Sedan ska pens\u00e9erna [&hellip;]<\/p>\n","protected":false},"author":570,"featured_media":1988,"comment_status":"open","ping_status":"open","sticky":false,"template":"","format":"standard","meta":{"_acf_changed":false,"footnotes":""},"categories":[9],"tags":[32041],"class_list":["post-1985","post","type-post","status-publish","format-standard","has-post-thumbnail","hentry","category-okategoriserade","tag-varstadning"],"acf":[],"yoast_head":"<!-- This site is optimized with the Yoast SEO plugin v27.1.1 - https:\/\/yoast.com\/product\/yoast-seo-wordpress\/ -->\n<title>Nyhetsbrev fr\u00e5n kyrkog\u00e5rd maj - Kyrkog\u00e5rdsbloggen i Enk\u00f6pings pastorat<\/title>\n<meta name=\"robots\" content=\"index, follow, max-snippet:-1, max-image-preview:large, max-video-preview:-1\" \/>\n<link rel=\"canonical\" href=\"https:\/\/blogg.svenskakyrkan.se\/kyrkogardienkoping\/2024\/04\/19\/nyhetsbrev-fran-kyrkogardsforvaltningen-maj-2024\/\" \/>\n<meta property=\"og:locale\" content=\"sv_SE\" \/>\n<meta property=\"og:type\" content=\"article\" \/>\n<meta property=\"og:title\" content=\"Nyhetsbrev fr\u00e5n kyrkog\u00e5rd maj - Kyrkog\u00e5rdsbloggen i Enk\u00f6pings pastorat\" \/>\n<meta property=\"og:description\" content=\"F\u00e5rtalg skyddar pens\u00e9erna Vi forts\u00e4tter v\u00e5rst\u00e4dningen av v\u00e5ra kyrkog\u00e5rdar. Vi har \u00e4ven satt i g\u00e5ng vattnet p\u00e5 de flesta kyrkog\u00e5rdarna nu. Vi har en vattenl\u00e4cka p\u00e5 Torstuna kyrkog\u00e5rd, som vi arbetar med att f\u00e5 ordning p\u00e5. Vi har t\u00f6mt gammal jord, fyllt p\u00e5 med ny i 1 790 planteringsl\u00e5dor (som har sk\u00f6tsel). Sedan ska pens\u00e9erna [&hellip;]\" \/>\n<meta property=\"og:url\" content=\"https:\/\/blogg.svenskakyrkan.se\/kyrkogardienkoping\/2024\/04\/19\/nyhetsbrev-fran-kyrkogardsforvaltningen-maj-2024\/\" \/>\n<meta property=\"og:site_name\" content=\"Kyrkog\u00e5rdsbloggen i Enk\u00f6pings pastorat\" \/>\n<meta property=\"article:published_time\" content=\"2024-04-19T07:06:49+00:00\" \/>\n<meta property=\"og:image\" content=\"https:\/\/blogg.svenskakyrkan.se\/kyrkogardienkoping\/files\/2024\/04\/Gardplanen_plsatbilar_varstadat_Elisabeth_Nordfors.jpg\" \/>\n\t<meta property=\"og:image:width\" content=\"2016\" \/>\n\t<meta property=\"og:image:height\" content=\"1512\" \/>\n\t<meta property=\"og:image:type\" content=\"image\/jpeg\" \/>\n<meta name=\"author\" content=\"Enk\u00f6pings pastorat\" \/>\n<meta name=\"twitter:card\" content=\"summary_large_image\" \/>\n<meta name=\"twitter:label1\" content=\"Skriven av\" \/>\n\t<meta name=\"twitter:data1\" content=\"Enk\u00f6pings pastorat\" \/>\n\t<meta name=\"twitter:label2\" content=\"Ber\u00e4knad l\u00e4stid\" \/>\n\t<meta name=\"twitter:data2\" content=\"4 minuter\" \/>\n<script type=\"application\/ld+json\" class=\"yoast-schema-graph\">{\"@context\":\"https:\/\/schema.org\",\"@graph\":[{\"@type\":\"Article\",\"@id\":\"https:\/\/blogg.svenskakyrkan.se\/kyrkogardienkoping\/2024\/04\/19\/nyhetsbrev-fran-kyrkogardsforvaltningen-maj-2024\/#article\",\"isPartOf\":{\"@id\":\"https:\/\/blogg.svenskakyrkan.se\/kyrkogardienkoping\/2024\/04\/19\/nyhetsbrev-fran-kyrkogardsforvaltningen-maj-2024\/\"},\"author\":{\"name\":\"Enk\u00f6pings pastorat\",\"@id\":\"https:\/\/blogg.svenskakyrkan.se\/kyrkogardienkoping\/#\/schema\/person\/fdcd112045e5bc20f9d0eb1514813cb7\"},\"headline\":\"Nyhetsbrev fr\u00e5n kyrkog\u00e5rd maj\",\"datePublished\":\"2024-04-19T07:06:49+00:00\",\"mainEntityOfPage\":{\"@id\":\"https:\/\/blogg.svenskakyrkan.se\/kyrkogardienkoping\/2024\/04\/19\/nyhetsbrev-fran-kyrkogardsforvaltningen-maj-2024\/\"},\"wordCount\":712,\"commentCount\":0,\"image\":{\"@id\":\"https:\/\/blogg.svenskakyrkan.se\/kyrkogardienkoping\/2024\/04\/19\/nyhetsbrev-fran-kyrkogardsforvaltningen-maj-2024\/#primaryimage\"},\"thumbnailUrl\":\"https:\/\/blogg.svenskakyrkan.se\/kyrkogardienkoping\/files\/2024\/04\/Gardplanen_plsatbilar_varstadat_Elisabeth_Nordfors.jpg\",\"keywords\":[\"v\u00e5rst\u00e4dning\"],\"inLanguage\":\"sv-SE\",\"potentialAction\":[{\"@type\":\"CommentAction\",\"name\":\"Comment\",\"target\":[\"https:\/\/blogg.svenskakyrkan.se\/kyrkogardienkoping\/2024\/04\/19\/nyhetsbrev-fran-kyrkogardsforvaltningen-maj-2024\/#respond\"]}]},{\"@type\":\"WebPage\",\"@id\":\"https:\/\/blogg.svenskakyrkan.se\/kyrkogardienkoping\/2024\/04\/19\/nyhetsbrev-fran-kyrkogardsforvaltningen-maj-2024\/\",\"url\":\"https:\/\/blogg.svenskakyrkan.se\/kyrkogardienkoping\/2024\/04\/19\/nyhetsbrev-fran-kyrkogardsforvaltningen-maj-2024\/\",\"name\":\"Nyhetsbrev fr\u00e5n kyrkog\u00e5rd maj - Kyrkog\u00e5rdsbloggen i Enk\u00f6pings pastorat\",\"isPartOf\":{\"@id\":\"https:\/\/blogg.svenskakyrkan.se\/kyrkogardienkoping\/#website\"},\"primaryImageOfPage\":{\"@id\":\"https:\/\/blogg.svenskakyrkan.se\/kyrkogardienkoping\/2024\/04\/19\/nyhetsbrev-fran-kyrkogardsforvaltningen-maj-2024\/#primaryimage\"},\"image\":{\"@id\":\"https:\/\/blogg.svenskakyrkan.se\/kyrkogardienkoping\/2024\/04\/19\/nyhetsbrev-fran-kyrkogardsforvaltningen-maj-2024\/#primaryimage\"},\"thumbnailUrl\":\"https:\/\/blogg.svenskakyrkan.se\/kyrkogardienkoping\/files\/2024\/04\/Gardplanen_plsatbilar_varstadat_Elisabeth_Nordfors.jpg\",\"datePublished\":\"2024-04-19T07:06:49+00:00\",\"author\":{\"@id\":\"https:\/\/blogg.svenskakyrkan.se\/kyrkogardienkoping\/#\/schema\/person\/fdcd112045e5bc20f9d0eb1514813cb7\"},\"breadcrumb\":{\"@id\":\"https:\/\/blogg.svenskakyrkan.se\/kyrkogardienkoping\/2024\/04\/19\/nyhetsbrev-fran-kyrkogardsforvaltningen-maj-2024\/#breadcrumb\"},\"inLanguage\":\"sv-SE\",\"potentialAction\":[{\"@type\":\"ReadAction\",\"target\":[\"https:\/\/blogg.svenskakyrkan.se\/kyrkogardienkoping\/2024\/04\/19\/nyhetsbrev-fran-kyrkogardsforvaltningen-maj-2024\/\"]}]},{\"@type\":\"ImageObject\",\"inLanguage\":\"sv-SE\",\"@id\":\"https:\/\/blogg.svenskakyrkan.se\/kyrkogardienkoping\/2024\/04\/19\/nyhetsbrev-fran-kyrkogardsforvaltningen-maj-2024\/#primaryimage\",\"url\":\"https:\/\/blogg.svenskakyrkan.se\/kyrkogardienkoping\/files\/2024\/04\/Gardplanen_plsatbilar_varstadat_Elisabeth_Nordfors.jpg\",\"contentUrl\":\"https:\/\/blogg.svenskakyrkan.se\/kyrkogardienkoping\/files\/2024\/04\/Gardplanen_plsatbilar_varstadat_Elisabeth_Nordfors.jpg\",\"width\":2016,\"height\":1512,\"caption\":\"V\u00e5ra sm\u00e5 bes\u00f6kare blev glada \u00f6ver v\u00e5rst\u00e4dningen. Nu kan de parkera sina bilar! Foto: Elisabeth Nordfors\"},{\"@type\":\"BreadcrumbList\",\"@id\":\"https:\/\/blogg.svenskakyrkan.se\/kyrkogardienkoping\/2024\/04\/19\/nyhetsbrev-fran-kyrkogardsforvaltningen-maj-2024\/#breadcrumb\",\"itemListElement\":[{\"@type\":\"ListItem\",\"position\":1,\"name\":\"Hem\",\"item\":\"https:\/\/blogg.svenskakyrkan.se\/kyrkogardienkoping\/\"},{\"@type\":\"ListItem\",\"position\":2,\"name\":\"Nyhetsbrev fr\u00e5n kyrkog\u00e5rd maj\"}]},{\"@type\":\"WebSite\",\"@id\":\"https:\/\/blogg.svenskakyrkan.se\/kyrkogardienkoping\/#website\",\"url\":\"https:\/\/blogg.svenskakyrkan.se\/kyrkogardienkoping\/\",\"name\":\"Kyrkog\u00e5rdsbloggen i Enk\u00f6pings pastorat\",\"description\":\"Om arbetet p\u00e5 de 27 kyrkog\u00e5rdarna inom Enk\u00f6pings pastorat. Allt fr\u00e5n synen p\u00e5 en kyrkog\u00e5rd som b\u00e5de park och viloplats till vad det handlar om att arbeta p\u00e5 en kyrkog\u00e5rd s\u00e5som gr\u00e4sklippning, plantering, sn\u00f6skottning, anl\u00e4ggningsarbeten och arbetsvardagen i st\u00f6rsta allm\u00e4nhet.\",\"potentialAction\":[{\"@type\":\"SearchAction\",\"target\":{\"@type\":\"EntryPoint\",\"urlTemplate\":\"https:\/\/blogg.svenskakyrkan.se\/kyrkogardienkoping\/?s={search_term_string}\"},\"query-input\":{\"@type\":\"PropertyValueSpecification\",\"valueRequired\":true,\"valueName\":\"search_term_string\"}}],\"inLanguage\":\"sv-SE\"},{\"@type\":\"Person\",\"@id\":\"https:\/\/blogg.svenskakyrkan.se\/kyrkogardienkoping\/#\/schema\/person\/fdcd112045e5bc20f9d0eb1514813cb7\",\"name\":\"Enk\u00f6pings pastorat\",\"image\":{\"@type\":\"ImageObject\",\"inLanguage\":\"sv-SE\",\"@id\":\"https:\/\/blogg.svenskakyrkan.se\/kyrkogardienkoping\/#\/schema\/person\/image\/\",\"url\":\"https:\/\/secure.gravatar.com\/avatar\/8cd11ef6b0b40e697857ddd81e051d862c31ee1640de70aa81fb10eae52caf84?s=96&d=mm&r=g\",\"contentUrl\":\"https:\/\/secure.gravatar.com\/avatar\/8cd11ef6b0b40e697857ddd81e051d862c31ee1640de70aa81fb10eae52caf84?s=96&d=mm&r=g\",\"caption\":\"Enk\u00f6pings pastorat\"},\"url\":\"https:\/\/blogg.svenskakyrkan.se\/kyrkogardienkoping\/author\/susannegorne\/\"}]}<\/script>\n<!-- \/ Yoast SEO plugin. -->","yoast_head_json":{"title":"Nyhetsbrev fr\u00e5n kyrkog\u00e5rd maj - Kyrkog\u00e5rdsbloggen i Enk\u00f6pings pastorat","robots":{"index":"index","follow":"follow","max-snippet":"max-snippet:-1","max-image-preview":"max-image-preview:large","max-video-preview":"max-video-preview:-1"},"canonical":"https:\/\/blogg.svenskakyrkan.se\/kyrkogardienkoping\/2024\/04\/19\/nyhetsbrev-fran-kyrkogardsforvaltningen-maj-2024\/","og_locale":"sv_SE","og_type":"article","og_title":"Nyhetsbrev fr\u00e5n kyrkog\u00e5rd maj - Kyrkog\u00e5rdsbloggen i Enk\u00f6pings pastorat","og_description":"F\u00e5rtalg skyddar pens\u00e9erna Vi forts\u00e4tter v\u00e5rst\u00e4dningen av v\u00e5ra kyrkog\u00e5rdar. Vi har \u00e4ven satt i g\u00e5ng vattnet p\u00e5 de flesta kyrkog\u00e5rdarna nu. Vi har en vattenl\u00e4cka p\u00e5 Torstuna kyrkog\u00e5rd, som vi arbetar med att f\u00e5 ordning p\u00e5. Vi har t\u00f6mt gammal jord, fyllt p\u00e5 med ny i 1 790 planteringsl\u00e5dor (som har sk\u00f6tsel). Sedan ska pens\u00e9erna [&hellip;]","og_url":"https:\/\/blogg.svenskakyrkan.se\/kyrkogardienkoping\/2024\/04\/19\/nyhetsbrev-fran-kyrkogardsforvaltningen-maj-2024\/","og_site_name":"Kyrkog\u00e5rdsbloggen i Enk\u00f6pings pastorat","article_published_time":"2024-04-19T07:06:49+00:00","og_image":[{"width":2016,"height":1512,"url":"https:\/\/blogg.svenskakyrkan.se\/kyrkogardienkoping\/files\/2024\/04\/Gardplanen_plsatbilar_varstadat_Elisabeth_Nordfors.jpg","type":"image\/jpeg"}],"author":"Enk\u00f6pings pastorat","twitter_card":"summary_large_image","twitter_misc":{"Skriven av":"Enk\u00f6pings pastorat","Ber\u00e4knad l\u00e4stid":"4 minuter"},"schema":{"@context":"https:\/\/schema.org","@graph":[{"@type":"Article","@id":"https:\/\/blogg.svenskakyrkan.se\/kyrkogardienkoping\/2024\/04\/19\/nyhetsbrev-fran-kyrkogardsforvaltningen-maj-2024\/#article","isPartOf":{"@id":"https:\/\/blogg.svenskakyrkan.se\/kyrkogardienkoping\/2024\/04\/19\/nyhetsbrev-fran-kyrkogardsforvaltningen-maj-2024\/"},"author":{"name":"Enk\u00f6pings pastorat","@id":"https:\/\/blogg.svenskakyrkan.se\/kyrkogardienkoping\/#\/schema\/person\/fdcd112045e5bc20f9d0eb1514813cb7"},"headline":"Nyhetsbrev fr\u00e5n kyrkog\u00e5rd maj","datePublished":"2024-04-19T07:06:49+00:00","mainEntityOfPage":{"@id":"https:\/\/blogg.svenskakyrkan.se\/kyrkogardienkoping\/2024\/04\/19\/nyhetsbrev-fran-kyrkogardsforvaltningen-maj-2024\/"},"wordCount":712,"commentCount":0,"image":{"@id":"https:\/\/blogg.svenskakyrkan.se\/kyrkogardienkoping\/2024\/04\/19\/nyhetsbrev-fran-kyrkogardsforvaltningen-maj-2024\/#primaryimage"},"thumbnailUrl":"https:\/\/blogg.svenskakyrkan.se\/kyrkogardienkoping\/files\/2024\/04\/Gardplanen_plsatbilar_varstadat_Elisabeth_Nordfors.jpg","keywords":["v\u00e5rst\u00e4dning"],"inLanguage":"sv-SE","potentialAction":[{"@type":"CommentAction","name":"Comment","target":["https:\/\/blogg.svenskakyrkan.se\/kyrkogardienkoping\/2024\/04\/19\/nyhetsbrev-fran-kyrkogardsforvaltningen-maj-2024\/#respond"]}]},{"@type":"WebPage","@id":"https:\/\/blogg.svenskakyrkan.se\/kyrkogardienkoping\/2024\/04\/19\/nyhetsbrev-fran-kyrkogardsforvaltningen-maj-2024\/","url":"https:\/\/blogg.svenskakyrkan.se\/kyrkogardienkoping\/2024\/04\/19\/nyhetsbrev-fran-kyrkogardsforvaltningen-maj-2024\/","name":"Nyhetsbrev fr\u00e5n kyrkog\u00e5rd maj - Kyrkog\u00e5rdsbloggen i Enk\u00f6pings pastorat","isPartOf":{"@id":"https:\/\/blogg.svenskakyrkan.se\/kyrkogardienkoping\/#website"},"primaryImageOfPage":{"@id":"https:\/\/blogg.svenskakyrkan.se\/kyrkogardienkoping\/2024\/04\/19\/nyhetsbrev-fran-kyrkogardsforvaltningen-maj-2024\/#primaryimage"},"image":{"@id":"https:\/\/blogg.svenskakyrkan.se\/kyrkogardienkoping\/2024\/04\/19\/nyhetsbrev-fran-kyrkogardsforvaltningen-maj-2024\/#primaryimage"},"thumbnailUrl":"https:\/\/blogg.svenskakyrkan.se\/kyrkogardienkoping\/files\/2024\/04\/Gardplanen_plsatbilar_varstadat_Elisabeth_Nordfors.jpg","datePublished":"2024-04-19T07:06:49+00:00","author":{"@id":"https:\/\/blogg.svenskakyrkan.se\/kyrkogardienkoping\/#\/schema\/person\/fdcd112045e5bc20f9d0eb1514813cb7"},"breadcrumb":{"@id":"https:\/\/blogg.svenskakyrkan.se\/kyrkogardienkoping\/2024\/04\/19\/nyhetsbrev-fran-kyrkogardsforvaltningen-maj-2024\/#breadcrumb"},"inLanguage":"sv-SE","potentialAction":[{"@type":"ReadAction","target":["https:\/\/blogg.svenskakyrkan.se\/kyrkogardienkoping\/2024\/04\/19\/nyhetsbrev-fran-kyrkogardsforvaltningen-maj-2024\/"]}]},{"@type":"ImageObject","inLanguage":"sv-SE","@id":"https:\/\/blogg.svenskakyrkan.se\/kyrkogardienkoping\/2024\/04\/19\/nyhetsbrev-fran-kyrkogardsforvaltningen-maj-2024\/#primaryimage","url":"https:\/\/blogg.svenskakyrkan.se\/kyrkogardienkoping\/files\/2024\/04\/Gardplanen_plsatbilar_varstadat_Elisabeth_Nordfors.jpg","contentUrl":"https:\/\/blogg.svenskakyrkan.se\/kyrkogardienkoping\/files\/2024\/04\/Gardplanen_plsatbilar_varstadat_Elisabeth_Nordfors.jpg","width":2016,"height":1512,"caption":"V\u00e5ra sm\u00e5 bes\u00f6kare blev glada \u00f6ver v\u00e5rst\u00e4dningen. Nu kan de parkera sina bilar! Foto: Elisabeth Nordfors"},{"@type":"BreadcrumbList","@id":"https:\/\/blogg.svenskakyrkan.se\/kyrkogardienkoping\/2024\/04\/19\/nyhetsbrev-fran-kyrkogardsforvaltningen-maj-2024\/#breadcrumb","itemListElement":[{"@type":"ListItem","position":1,"name":"Hem","item":"https:\/\/blogg.svenskakyrkan.se\/kyrkogardienkoping\/"},{"@type":"ListItem","position":2,"name":"Nyhetsbrev fr\u00e5n kyrkog\u00e5rd maj"}]},{"@type":"WebSite","@id":"https:\/\/blogg.svenskakyrkan.se\/kyrkogardienkoping\/#website","url":"https:\/\/blogg.svenskakyrkan.se\/kyrkogardienkoping\/","name":"Kyrkog\u00e5rdsbloggen i Enk\u00f6pings pastorat","description":"Om arbetet p\u00e5 de 27 kyrkog\u00e5rdarna inom Enk\u00f6pings pastorat. Allt fr\u00e5n synen p\u00e5 en kyrkog\u00e5rd som b\u00e5de park och viloplats till vad det handlar om att arbeta p\u00e5 en kyrkog\u00e5rd s\u00e5som gr\u00e4sklippning, plantering, sn\u00f6skottning, anl\u00e4ggningsarbeten och arbetsvardagen i st\u00f6rsta allm\u00e4nhet.","potentialAction":[{"@type":"SearchAction","target":{"@type":"EntryPoint","urlTemplate":"https:\/\/blogg.svenskakyrkan.se\/kyrkogardienkoping\/?s={search_term_string}"},"query-input":{"@type":"PropertyValueSpecification","valueRequired":true,"valueName":"search_term_string"}}],"inLanguage":"sv-SE"},{"@type":"Person","@id":"https:\/\/blogg.svenskakyrkan.se\/kyrkogardienkoping\/#\/schema\/person\/fdcd112045e5bc20f9d0eb1514813cb7","name":"Enk\u00f6pings pastorat","image":{"@type":"ImageObject","inLanguage":"sv-SE","@id":"https:\/\/blogg.svenskakyrkan.se\/kyrkogardienkoping\/#\/schema\/person\/image\/","url":"https:\/\/secure.gravatar.com\/avatar\/8cd11ef6b0b40e697857ddd81e051d862c31ee1640de70aa81fb10eae52caf84?s=96&d=mm&r=g","contentUrl":"https:\/\/secure.gravatar.com\/avatar\/8cd11ef6b0b40e697857ddd81e051d862c31ee1640de70aa81fb10eae52caf84?s=96&d=mm&r=g","caption":"Enk\u00f6pings pastorat"},"url":"https:\/\/blogg.svenskakyrkan.se\/kyrkogardienkoping\/author\/susannegorne\/"}]}},"author_meta":{"ID":"570","user_nicename":"susannegorne","user_registered":"2016-05-24 16:47:19","display_name":"Enk\u00f6pings pastorat","avatar":"https:\/\/secure.gravatar.com\/avatar\/8cd11ef6b0b40e697857ddd81e051d862c31ee1640de70aa81fb10eae52caf84?s=96&d=mm&r=g"},"featured_image":["https:\/\/blogg.svenskakyrkan.se\/kyrkogardienkoping\/files\/2024\/04\/Gardplanen_plsatbilar_varstadat_Elisabeth_Nordfors.jpg",2016,1512,false],"bloginfo":{"name":"Kyrkog\u00e5rdsbloggen i Enk\u00f6pings pastorat","url":"https:\/\/blogg.svenskakyrkan.se\/kyrkogardienkoping"},"_links":{"self":[{"href":"https:\/\/blogg.svenskakyrkan.se\/kyrkogardienkoping\/wp-json\/wp\/v2\/posts\/1985","targetHints":{"allow":["GET"]}}],"collection":[{"href":"https:\/\/blogg.svenskakyrkan.se\/kyrkogardienkoping\/wp-json\/wp\/v2\/posts"}],"about":[{"href":"https:\/\/blogg.svenskakyrkan.se\/kyrkogardienkoping\/wp-json\/wp\/v2\/types\/post"}],"author":[{"embeddable":true,"href":"https:\/\/blogg.svenskakyrkan.se\/kyrkogardienkoping\/wp-json\/wp\/v2\/users\/570"}],"replies":[{"embeddable":true,"href":"https:\/\/blogg.svenskakyrkan.se\/kyrkogardienkoping\/wp-json\/wp\/v2\/comments?post=1985"}],"version-history":[{"count":4,"href":"https:\/\/blogg.svenskakyrkan.se\/kyrkogardienkoping\/wp-json\/wp\/v2\/posts\/1985\/revisions"}],"predecessor-version":[{"id":1993,"href":"https:\/\/blogg.svenskakyrkan.se\/kyrkogardienkoping\/wp-json\/wp\/v2\/posts\/1985\/revisions\/1993"}],"wp:featuredmedia":[{"embeddable":true,"href":"https:\/\/blogg.svenskakyrkan.se\/kyrkogardienkoping\/wp-json\/wp\/v2\/media\/1988"}],"wp:attachment":[{"href":"https:\/\/blogg.svenskakyrkan.se\/kyrkogardienkoping\/wp-json\/wp\/v2\/media?parent=1985"}],"wp:term":[{"taxonomy":"category","embeddable":true,"href":"https:\/\/blogg.svenskakyrkan.se\/kyrkogardienkoping\/wp-json\/wp\/v2\/categories?post=1985"},{"taxonomy":"post_tag","embeddable":true,"href":"https:\/\/blogg.svenskakyrkan.se\/kyrkogardienkoping\/wp-json\/wp\/v2\/tags?post=1985"}],"curies":[{"name":"wp","href":"https:\/\/api.w.org\/{rel}","templated":true}]}}