{"id":2018,"date":"2024-09-20T04:48:18","date_gmt":"2024-09-20T02:48:18","guid":{"rendered":"https:\/\/blogg.svenskakyrkan.se\/kyrkogardienkoping\/?p=2018"},"modified":"2024-09-20T15:22:05","modified_gmt":"2024-09-20T13:22:05","slug":"nyhetsbrev-fran-kyrkogardsforvaltningen-oktober-2024","status":"publish","type":"post","link":"https:\/\/blogg.svenskakyrkan.se\/kyrkogardienkoping\/2024\/09\/20\/nyhetsbrev-fran-kyrkogardsforvaltningen-oktober-2024\/","title":{"rendered":"Nyhetsbrev fr\u00e5n kyrkog\u00e5rd oktober 2024"},"content":{"rendered":"<h2>Lyckad tr\u00e4dg\u00e5rdsdag med hoppborg!<\/h2>\n<p>Den 7 september var det Tr\u00e4dg\u00e5rdsdagen. Enk\u00f6pings pastorat hade m\u00e5nga bes\u00f6kare som h\u00e4lsade p\u00e5 oss vid Kyrkans hus och provade maskiner, k\u00f6pte gravljus, pratade med v\u00e5ra medarbetare ang\u00e5ende sk\u00f6tsel mm. Hos oss kunde b\u00e5de stora och sm\u00e5 prova p\u00e5 lyckan i v\u00e5r fiskdamm, vilket var popul\u00e4rt. Pastoratet hade en hoppborg f\u00f6r de sm\u00e5 som var v\u00e4lbes\u00f6kt. En mycket lyckad dag i v\u00e4rmen!<\/p>\n<h2>Anl\u00e4ggning av nya askgravplatser<\/h2>\n<p>Vi \u00e4r nu klara med de nya askgravplatserna p\u00e5 S:t Olofs kyrkog\u00e5rd.<\/p>\n<h2>Snart ska sommarblommorna bort!<\/h2>\n<p>M\u00e5nadsskiftet september\/oktober kommer vi ta bort sommarblommor p\u00e5 sk\u00f6tselgravar med rabattsk\u00f6tsel. Vi tar d\u00e5 bort allt som planterats under s\u00e4songen i v\u00e5ra planteringsl\u00e5dor \u2013 alla sommarblommor men \u00e4ven rosor, perenner, buskar m m (v\u00e5ra l\u00e5dor ska bara inneh\u00e5lla ett\u00e5riga v\u00e4xter). Vi fyller sedan p\u00e5 med jord, om det beh\u00f6vs. Om h\u00f6stblommor \u00e4r planterat, l\u00e5ter vi dem sitta kvar. D\u00e4refter planteras ljung p\u00e5 de gravar som best\u00e4llt det av oss.<\/p>\n<p>Nedklippning av perenner p\u00e5 gravar med perennsk\u00f6tsel utf\u00f6rs l\u00f6pande, d\u00e4r de b\u00f6rjar ge upp.<\/p>\n<h2>Om kylan kommer \u2026<\/h2>\n<p>Om det blir kallt och ih\u00e5llande minusgrader, st\u00e4nger vi av vattnet. Men vi f\u00f6rs\u00f6ker ha vattnet i g\u00e5ng s\u00e5 l\u00e4nge det g\u00e5r. Helst vill vi l\u00e5ta vattnet vara p\u00e5 \u00f6ver allhelgonahelgen, men det \u00e4r kylan som styr.<\/p>\n<h2>Gravlyktor<\/h2>\n<p>I tid till allhelgona byter vi ut vaser till ljush\u00e5llare. \u00c4ven vid minneslunden p\u00e5 S:t Olof g\u00f6r vi om med pl\u00e5tar f\u00f6r ljus. P\u00e5 askgravplatser st\u00e4ller vi fram gravlyktor i oktober. Fr\u00e5n och med 1 oktober g\u00e5r det bra att t\u00e4nda ljus igen.<\/p>\n<h2>Gravr\u00e4ttsinnehavare s\u00f6kes!<\/h2>\n<p>Vi forts\u00e4tter att s\u00f6ka efter gravr\u00e4ttsinnehavare till ett antal gravplatser. Finns det en gr\u00f6n kontaktskylt p\u00e5 en gravplats du bes\u00f6ker, uppskattar vi om du h\u00f6r av dig.<\/p>\n<p>\u00d6ppettider f\u00f6r kyrkog\u00e5rdskontoret hittar ni p\u00e5 v\u00e5r hemsida <a href=\"http:\/\/www.svenskakyrkan.se\/enkoping\/kontakt-kyrkogard\">www.svenskakyrkan.se\/enkoping\/kontakt-kyrkogard<\/a><\/p>\n<p>&nbsp;<\/p>\n<p><em>Elisabeth Nordfors \u2013 Arbetsledare + alla kyrkog\u00e5rdsmedarbetare <\/em><\/p>\n","protected":false},"excerpt":{"rendered":"<p>Lyckad tr\u00e4dg\u00e5rdsdag med hoppborg! Den 7 september var det Tr\u00e4dg\u00e5rdsdagen. Enk\u00f6pings pastorat hade m\u00e5nga bes\u00f6kare som h\u00e4lsade p\u00e5 oss vid Kyrkans hus och provade maskiner, k\u00f6pte gravljus, pratade med v\u00e5ra medarbetare ang\u00e5ende sk\u00f6tsel mm. Hos oss kunde b\u00e5de stora och sm\u00e5 prova p\u00e5 lyckan i v\u00e5r fiskdamm, vilket var popul\u00e4rt. Pastoratet hade en hoppborg f\u00f6r [&hellip;]<\/p>\n","protected":false},"author":570,"featured_media":2019,"comment_status":"open","ping_status":"open","sticky":false,"template":"","format":"standard","meta":{"_acf_changed":false,"footnotes":""},"categories":[9],"tags":[],"class_list":["post-2018","post","type-post","status-publish","format-standard","has-post-thumbnail","hentry","category-okategoriserade"],"acf":[],"yoast_head":"<!-- This site is optimized with the Yoast SEO plugin v27.1.1 - https:\/\/yoast.com\/product\/yoast-seo-wordpress\/ -->\n<title>Nyhetsbrev fr\u00e5n kyrkog\u00e5rd oktober 2024 - Kyrkog\u00e5rdsbloggen i Enk\u00f6pings pastorat<\/title>\n<meta name=\"robots\" content=\"index, follow, max-snippet:-1, max-image-preview:large, max-video-preview:-1\" \/>\n<link rel=\"canonical\" href=\"https:\/\/blogg.svenskakyrkan.se\/kyrkogardienkoping\/2024\/09\/20\/nyhetsbrev-fran-kyrkogardsforvaltningen-oktober-2024\/\" \/>\n<meta property=\"og:locale\" content=\"sv_SE\" \/>\n<meta property=\"og:type\" content=\"article\" \/>\n<meta property=\"og:title\" content=\"Nyhetsbrev fr\u00e5n kyrkog\u00e5rd oktober 2024 - Kyrkog\u00e5rdsbloggen i Enk\u00f6pings pastorat\" \/>\n<meta property=\"og:description\" content=\"Lyckad tr\u00e4dg\u00e5rdsdag med hoppborg! Den 7 september var det Tr\u00e4dg\u00e5rdsdagen. Enk\u00f6pings pastorat hade m\u00e5nga bes\u00f6kare som h\u00e4lsade p\u00e5 oss vid Kyrkans hus och provade maskiner, k\u00f6pte gravljus, pratade med v\u00e5ra medarbetare ang\u00e5ende sk\u00f6tsel mm. Hos oss kunde b\u00e5de stora och sm\u00e5 prova p\u00e5 lyckan i v\u00e5r fiskdamm, vilket var popul\u00e4rt. Pastoratet hade en hoppborg f\u00f6r [&hellip;]\" \/>\n<meta property=\"og:url\" content=\"https:\/\/blogg.svenskakyrkan.se\/kyrkogardienkoping\/2024\/09\/20\/nyhetsbrev-fran-kyrkogardsforvaltningen-oktober-2024\/\" \/>\n<meta property=\"og:site_name\" content=\"Kyrkog\u00e5rdsbloggen i Enk\u00f6pings pastorat\" \/>\n<meta property=\"article:published_time\" content=\"2024-09-20T02:48:18+00:00\" \/>\n<meta property=\"article:modified_time\" content=\"2024-09-20T13:22:05+00:00\" \/>\n<meta property=\"og:image\" content=\"https:\/\/blogg.svenskakyrkan.se\/kyrkogardienkoping\/files\/2024\/09\/Foto-Magnus-Aronson-3456.jpg\" \/>\n\t<meta property=\"og:image:width\" content=\"1977\" \/>\n\t<meta property=\"og:image:height\" content=\"1318\" \/>\n\t<meta property=\"og:image:type\" content=\"image\/jpeg\" \/>\n<meta name=\"author\" content=\"Enk\u00f6pings pastorat\" \/>\n<meta name=\"twitter:card\" content=\"summary_large_image\" \/>\n<meta name=\"twitter:label1\" content=\"Skriven av\" \/>\n\t<meta name=\"twitter:data1\" content=\"Enk\u00f6pings pastorat\" \/>\n\t<meta name=\"twitter:label2\" content=\"Ber\u00e4knad l\u00e4stid\" \/>\n\t<meta name=\"twitter:data2\" content=\"2 minuter\" \/>\n<script type=\"application\/ld+json\" class=\"yoast-schema-graph\">{\"@context\":\"https:\/\/schema.org\",\"@graph\":[{\"@type\":\"Article\",\"@id\":\"https:\/\/blogg.svenskakyrkan.se\/kyrkogardienkoping\/2024\/09\/20\/nyhetsbrev-fran-kyrkogardsforvaltningen-oktober-2024\/#article\",\"isPartOf\":{\"@id\":\"https:\/\/blogg.svenskakyrkan.se\/kyrkogardienkoping\/2024\/09\/20\/nyhetsbrev-fran-kyrkogardsforvaltningen-oktober-2024\/\"},\"author\":{\"name\":\"Enk\u00f6pings pastorat\",\"@id\":\"https:\/\/blogg.svenskakyrkan.se\/kyrkogardienkoping\/#\/schema\/person\/fdcd112045e5bc20f9d0eb1514813cb7\"},\"headline\":\"Nyhetsbrev fr\u00e5n kyrkog\u00e5rd oktober 2024\",\"datePublished\":\"2024-09-20T02:48:18+00:00\",\"dateModified\":\"2024-09-20T13:22:05+00:00\",\"mainEntityOfPage\":{\"@id\":\"https:\/\/blogg.svenskakyrkan.se\/kyrkogardienkoping\/2024\/09\/20\/nyhetsbrev-fran-kyrkogardsforvaltningen-oktober-2024\/\"},\"wordCount\":377,\"commentCount\":0,\"image\":{\"@id\":\"https:\/\/blogg.svenskakyrkan.se\/kyrkogardienkoping\/2024\/09\/20\/nyhetsbrev-fran-kyrkogardsforvaltningen-oktober-2024\/#primaryimage\"},\"thumbnailUrl\":\"https:\/\/blogg.svenskakyrkan.se\/kyrkogardienkoping\/files\/2024\/09\/Foto-Magnus-Aronson-3456.jpg\",\"inLanguage\":\"sv-SE\",\"potentialAction\":[{\"@type\":\"CommentAction\",\"name\":\"Comment\",\"target\":[\"https:\/\/blogg.svenskakyrkan.se\/kyrkogardienkoping\/2024\/09\/20\/nyhetsbrev-fran-kyrkogardsforvaltningen-oktober-2024\/#respond\"]}]},{\"@type\":\"WebPage\",\"@id\":\"https:\/\/blogg.svenskakyrkan.se\/kyrkogardienkoping\/2024\/09\/20\/nyhetsbrev-fran-kyrkogardsforvaltningen-oktober-2024\/\",\"url\":\"https:\/\/blogg.svenskakyrkan.se\/kyrkogardienkoping\/2024\/09\/20\/nyhetsbrev-fran-kyrkogardsforvaltningen-oktober-2024\/\",\"name\":\"Nyhetsbrev fr\u00e5n kyrkog\u00e5rd oktober 2024 - Kyrkog\u00e5rdsbloggen i Enk\u00f6pings pastorat\",\"isPartOf\":{\"@id\":\"https:\/\/blogg.svenskakyrkan.se\/kyrkogardienkoping\/#website\"},\"primaryImageOfPage\":{\"@id\":\"https:\/\/blogg.svenskakyrkan.se\/kyrkogardienkoping\/2024\/09\/20\/nyhetsbrev-fran-kyrkogardsforvaltningen-oktober-2024\/#primaryimage\"},\"image\":{\"@id\":\"https:\/\/blogg.svenskakyrkan.se\/kyrkogardienkoping\/2024\/09\/20\/nyhetsbrev-fran-kyrkogardsforvaltningen-oktober-2024\/#primaryimage\"},\"thumbnailUrl\":\"https:\/\/blogg.svenskakyrkan.se\/kyrkogardienkoping\/files\/2024\/09\/Foto-Magnus-Aronson-3456.jpg\",\"datePublished\":\"2024-09-20T02:48:18+00:00\",\"dateModified\":\"2024-09-20T13:22:05+00:00\",\"author\":{\"@id\":\"https:\/\/blogg.svenskakyrkan.se\/kyrkogardienkoping\/#\/schema\/person\/fdcd112045e5bc20f9d0eb1514813cb7\"},\"breadcrumb\":{\"@id\":\"https:\/\/blogg.svenskakyrkan.se\/kyrkogardienkoping\/2024\/09\/20\/nyhetsbrev-fran-kyrkogardsforvaltningen-oktober-2024\/#breadcrumb\"},\"inLanguage\":\"sv-SE\",\"potentialAction\":[{\"@type\":\"ReadAction\",\"target\":[\"https:\/\/blogg.svenskakyrkan.se\/kyrkogardienkoping\/2024\/09\/20\/nyhetsbrev-fran-kyrkogardsforvaltningen-oktober-2024\/\"]}]},{\"@type\":\"ImageObject\",\"inLanguage\":\"sv-SE\",\"@id\":\"https:\/\/blogg.svenskakyrkan.se\/kyrkogardienkoping\/2024\/09\/20\/nyhetsbrev-fran-kyrkogardsforvaltningen-oktober-2024\/#primaryimage\",\"url\":\"https:\/\/blogg.svenskakyrkan.se\/kyrkogardienkoping\/files\/2024\/09\/Foto-Magnus-Aronson-3456.jpg\",\"contentUrl\":\"https:\/\/blogg.svenskakyrkan.se\/kyrkogardienkoping\/files\/2024\/09\/Foto-Magnus-Aronson-3456.jpg\",\"width\":1977,\"height\":1318},{\"@type\":\"BreadcrumbList\",\"@id\":\"https:\/\/blogg.svenskakyrkan.se\/kyrkogardienkoping\/2024\/09\/20\/nyhetsbrev-fran-kyrkogardsforvaltningen-oktober-2024\/#breadcrumb\",\"itemListElement\":[{\"@type\":\"ListItem\",\"position\":1,\"name\":\"Hem\",\"item\":\"https:\/\/blogg.svenskakyrkan.se\/kyrkogardienkoping\/\"},{\"@type\":\"ListItem\",\"position\":2,\"name\":\"Nyhetsbrev fr\u00e5n kyrkog\u00e5rd oktober 2024\"}]},{\"@type\":\"WebSite\",\"@id\":\"https:\/\/blogg.svenskakyrkan.se\/kyrkogardienkoping\/#website\",\"url\":\"https:\/\/blogg.svenskakyrkan.se\/kyrkogardienkoping\/\",\"name\":\"Kyrkog\u00e5rdsbloggen i Enk\u00f6pings pastorat\",\"description\":\"Om arbetet p\u00e5 de 27 kyrkog\u00e5rdarna inom Enk\u00f6pings pastorat. Allt fr\u00e5n synen p\u00e5 en kyrkog\u00e5rd som b\u00e5de park och viloplats till vad det handlar om att arbeta p\u00e5 en kyrkog\u00e5rd s\u00e5som gr\u00e4sklippning, plantering, sn\u00f6skottning, anl\u00e4ggningsarbeten och arbetsvardagen i st\u00f6rsta allm\u00e4nhet.\",\"potentialAction\":[{\"@type\":\"SearchAction\",\"target\":{\"@type\":\"EntryPoint\",\"urlTemplate\":\"https:\/\/blogg.svenskakyrkan.se\/kyrkogardienkoping\/?s={search_term_string}\"},\"query-input\":{\"@type\":\"PropertyValueSpecification\",\"valueRequired\":true,\"valueName\":\"search_term_string\"}}],\"inLanguage\":\"sv-SE\"},{\"@type\":\"Person\",\"@id\":\"https:\/\/blogg.svenskakyrkan.se\/kyrkogardienkoping\/#\/schema\/person\/fdcd112045e5bc20f9d0eb1514813cb7\",\"name\":\"Enk\u00f6pings pastorat\",\"image\":{\"@type\":\"ImageObject\",\"inLanguage\":\"sv-SE\",\"@id\":\"https:\/\/blogg.svenskakyrkan.se\/kyrkogardienkoping\/#\/schema\/person\/image\/\",\"url\":\"https:\/\/secure.gravatar.com\/avatar\/8cd11ef6b0b40e697857ddd81e051d862c31ee1640de70aa81fb10eae52caf84?s=96&d=mm&r=g\",\"contentUrl\":\"https:\/\/secure.gravatar.com\/avatar\/8cd11ef6b0b40e697857ddd81e051d862c31ee1640de70aa81fb10eae52caf84?s=96&d=mm&r=g\",\"caption\":\"Enk\u00f6pings pastorat\"},\"url\":\"https:\/\/blogg.svenskakyrkan.se\/kyrkogardienkoping\/author\/susannegorne\/\"}]}<\/script>\n<!-- \/ Yoast SEO plugin. -->","yoast_head_json":{"title":"Nyhetsbrev fr\u00e5n kyrkog\u00e5rd oktober 2024 - Kyrkog\u00e5rdsbloggen i Enk\u00f6pings pastorat","robots":{"index":"index","follow":"follow","max-snippet":"max-snippet:-1","max-image-preview":"max-image-preview:large","max-video-preview":"max-video-preview:-1"},"canonical":"https:\/\/blogg.svenskakyrkan.se\/kyrkogardienkoping\/2024\/09\/20\/nyhetsbrev-fran-kyrkogardsforvaltningen-oktober-2024\/","og_locale":"sv_SE","og_type":"article","og_title":"Nyhetsbrev fr\u00e5n kyrkog\u00e5rd oktober 2024 - Kyrkog\u00e5rdsbloggen i Enk\u00f6pings pastorat","og_description":"Lyckad tr\u00e4dg\u00e5rdsdag med hoppborg! Den 7 september var det Tr\u00e4dg\u00e5rdsdagen. Enk\u00f6pings pastorat hade m\u00e5nga bes\u00f6kare som h\u00e4lsade p\u00e5 oss vid Kyrkans hus och provade maskiner, k\u00f6pte gravljus, pratade med v\u00e5ra medarbetare ang\u00e5ende sk\u00f6tsel mm. Hos oss kunde b\u00e5de stora och sm\u00e5 prova p\u00e5 lyckan i v\u00e5r fiskdamm, vilket var popul\u00e4rt. Pastoratet hade en hoppborg f\u00f6r [&hellip;]","og_url":"https:\/\/blogg.svenskakyrkan.se\/kyrkogardienkoping\/2024\/09\/20\/nyhetsbrev-fran-kyrkogardsforvaltningen-oktober-2024\/","og_site_name":"Kyrkog\u00e5rdsbloggen i Enk\u00f6pings pastorat","article_published_time":"2024-09-20T02:48:18+00:00","article_modified_time":"2024-09-20T13:22:05+00:00","og_image":[{"width":1977,"height":1318,"url":"https:\/\/blogg.svenskakyrkan.se\/kyrkogardienkoping\/files\/2024\/09\/Foto-Magnus-Aronson-3456.jpg","type":"image\/jpeg"}],"author":"Enk\u00f6pings pastorat","twitter_card":"summary_large_image","twitter_misc":{"Skriven av":"Enk\u00f6pings pastorat","Ber\u00e4knad l\u00e4stid":"2 minuter"},"schema":{"@context":"https:\/\/schema.org","@graph":[{"@type":"Article","@id":"https:\/\/blogg.svenskakyrkan.se\/kyrkogardienkoping\/2024\/09\/20\/nyhetsbrev-fran-kyrkogardsforvaltningen-oktober-2024\/#article","isPartOf":{"@id":"https:\/\/blogg.svenskakyrkan.se\/kyrkogardienkoping\/2024\/09\/20\/nyhetsbrev-fran-kyrkogardsforvaltningen-oktober-2024\/"},"author":{"name":"Enk\u00f6pings pastorat","@id":"https:\/\/blogg.svenskakyrkan.se\/kyrkogardienkoping\/#\/schema\/person\/fdcd112045e5bc20f9d0eb1514813cb7"},"headline":"Nyhetsbrev fr\u00e5n kyrkog\u00e5rd oktober 2024","datePublished":"2024-09-20T02:48:18+00:00","dateModified":"2024-09-20T13:22:05+00:00","mainEntityOfPage":{"@id":"https:\/\/blogg.svenskakyrkan.se\/kyrkogardienkoping\/2024\/09\/20\/nyhetsbrev-fran-kyrkogardsforvaltningen-oktober-2024\/"},"wordCount":377,"commentCount":0,"image":{"@id":"https:\/\/blogg.svenskakyrkan.se\/kyrkogardienkoping\/2024\/09\/20\/nyhetsbrev-fran-kyrkogardsforvaltningen-oktober-2024\/#primaryimage"},"thumbnailUrl":"https:\/\/blogg.svenskakyrkan.se\/kyrkogardienkoping\/files\/2024\/09\/Foto-Magnus-Aronson-3456.jpg","inLanguage":"sv-SE","potentialAction":[{"@type":"CommentAction","name":"Comment","target":["https:\/\/blogg.svenskakyrkan.se\/kyrkogardienkoping\/2024\/09\/20\/nyhetsbrev-fran-kyrkogardsforvaltningen-oktober-2024\/#respond"]}]},{"@type":"WebPage","@id":"https:\/\/blogg.svenskakyrkan.se\/kyrkogardienkoping\/2024\/09\/20\/nyhetsbrev-fran-kyrkogardsforvaltningen-oktober-2024\/","url":"https:\/\/blogg.svenskakyrkan.se\/kyrkogardienkoping\/2024\/09\/20\/nyhetsbrev-fran-kyrkogardsforvaltningen-oktober-2024\/","name":"Nyhetsbrev fr\u00e5n kyrkog\u00e5rd oktober 2024 - Kyrkog\u00e5rdsbloggen i Enk\u00f6pings pastorat","isPartOf":{"@id":"https:\/\/blogg.svenskakyrkan.se\/kyrkogardienkoping\/#website"},"primaryImageOfPage":{"@id":"https:\/\/blogg.svenskakyrkan.se\/kyrkogardienkoping\/2024\/09\/20\/nyhetsbrev-fran-kyrkogardsforvaltningen-oktober-2024\/#primaryimage"},"image":{"@id":"https:\/\/blogg.svenskakyrkan.se\/kyrkogardienkoping\/2024\/09\/20\/nyhetsbrev-fran-kyrkogardsforvaltningen-oktober-2024\/#primaryimage"},"thumbnailUrl":"https:\/\/blogg.svenskakyrkan.se\/kyrkogardienkoping\/files\/2024\/09\/Foto-Magnus-Aronson-3456.jpg","datePublished":"2024-09-20T02:48:18+00:00","dateModified":"2024-09-20T13:22:05+00:00","author":{"@id":"https:\/\/blogg.svenskakyrkan.se\/kyrkogardienkoping\/#\/schema\/person\/fdcd112045e5bc20f9d0eb1514813cb7"},"breadcrumb":{"@id":"https:\/\/blogg.svenskakyrkan.se\/kyrkogardienkoping\/2024\/09\/20\/nyhetsbrev-fran-kyrkogardsforvaltningen-oktober-2024\/#breadcrumb"},"inLanguage":"sv-SE","potentialAction":[{"@type":"ReadAction","target":["https:\/\/blogg.svenskakyrkan.se\/kyrkogardienkoping\/2024\/09\/20\/nyhetsbrev-fran-kyrkogardsforvaltningen-oktober-2024\/"]}]},{"@type":"ImageObject","inLanguage":"sv-SE","@id":"https:\/\/blogg.svenskakyrkan.se\/kyrkogardienkoping\/2024\/09\/20\/nyhetsbrev-fran-kyrkogardsforvaltningen-oktober-2024\/#primaryimage","url":"https:\/\/blogg.svenskakyrkan.se\/kyrkogardienkoping\/files\/2024\/09\/Foto-Magnus-Aronson-3456.jpg","contentUrl":"https:\/\/blogg.svenskakyrkan.se\/kyrkogardienkoping\/files\/2024\/09\/Foto-Magnus-Aronson-3456.jpg","width":1977,"height":1318},{"@type":"BreadcrumbList","@id":"https:\/\/blogg.svenskakyrkan.se\/kyrkogardienkoping\/2024\/09\/20\/nyhetsbrev-fran-kyrkogardsforvaltningen-oktober-2024\/#breadcrumb","itemListElement":[{"@type":"ListItem","position":1,"name":"Hem","item":"https:\/\/blogg.svenskakyrkan.se\/kyrkogardienkoping\/"},{"@type":"ListItem","position":2,"name":"Nyhetsbrev fr\u00e5n kyrkog\u00e5rd oktober 2024"}]},{"@type":"WebSite","@id":"https:\/\/blogg.svenskakyrkan.se\/kyrkogardienkoping\/#website","url":"https:\/\/blogg.svenskakyrkan.se\/kyrkogardienkoping\/","name":"Kyrkog\u00e5rdsbloggen i Enk\u00f6pings pastorat","description":"Om arbetet p\u00e5 de 27 kyrkog\u00e5rdarna inom Enk\u00f6pings pastorat. Allt fr\u00e5n synen p\u00e5 en kyrkog\u00e5rd som b\u00e5de park och viloplats till vad det handlar om att arbeta p\u00e5 en kyrkog\u00e5rd s\u00e5som gr\u00e4sklippning, plantering, sn\u00f6skottning, anl\u00e4ggningsarbeten och arbetsvardagen i st\u00f6rsta allm\u00e4nhet.","potentialAction":[{"@type":"SearchAction","target":{"@type":"EntryPoint","urlTemplate":"https:\/\/blogg.svenskakyrkan.se\/kyrkogardienkoping\/?s={search_term_string}"},"query-input":{"@type":"PropertyValueSpecification","valueRequired":true,"valueName":"search_term_string"}}],"inLanguage":"sv-SE"},{"@type":"Person","@id":"https:\/\/blogg.svenskakyrkan.se\/kyrkogardienkoping\/#\/schema\/person\/fdcd112045e5bc20f9d0eb1514813cb7","name":"Enk\u00f6pings pastorat","image":{"@type":"ImageObject","inLanguage":"sv-SE","@id":"https:\/\/blogg.svenskakyrkan.se\/kyrkogardienkoping\/#\/schema\/person\/image\/","url":"https:\/\/secure.gravatar.com\/avatar\/8cd11ef6b0b40e697857ddd81e051d862c31ee1640de70aa81fb10eae52caf84?s=96&d=mm&r=g","contentUrl":"https:\/\/secure.gravatar.com\/avatar\/8cd11ef6b0b40e697857ddd81e051d862c31ee1640de70aa81fb10eae52caf84?s=96&d=mm&r=g","caption":"Enk\u00f6pings pastorat"},"url":"https:\/\/blogg.svenskakyrkan.se\/kyrkogardienkoping\/author\/susannegorne\/"}]}},"author_meta":{"ID":"570","user_nicename":"susannegorne","user_registered":"2016-05-24 16:47:19","display_name":"Enk\u00f6pings pastorat","avatar":"https:\/\/secure.gravatar.com\/avatar\/8cd11ef6b0b40e697857ddd81e051d862c31ee1640de70aa81fb10eae52caf84?s=96&d=mm&r=g"},"featured_image":["https:\/\/blogg.svenskakyrkan.se\/kyrkogardienkoping\/files\/2024\/09\/Foto-Magnus-Aronson-3456.jpg",1977,1318,false],"bloginfo":{"name":"Kyrkog\u00e5rdsbloggen i Enk\u00f6pings pastorat","url":"https:\/\/blogg.svenskakyrkan.se\/kyrkogardienkoping"},"_links":{"self":[{"href":"https:\/\/blogg.svenskakyrkan.se\/kyrkogardienkoping\/wp-json\/wp\/v2\/posts\/2018","targetHints":{"allow":["GET"]}}],"collection":[{"href":"https:\/\/blogg.svenskakyrkan.se\/kyrkogardienkoping\/wp-json\/wp\/v2\/posts"}],"about":[{"href":"https:\/\/blogg.svenskakyrkan.se\/kyrkogardienkoping\/wp-json\/wp\/v2\/types\/post"}],"author":[{"embeddable":true,"href":"https:\/\/blogg.svenskakyrkan.se\/kyrkogardienkoping\/wp-json\/wp\/v2\/users\/570"}],"replies":[{"embeddable":true,"href":"https:\/\/blogg.svenskakyrkan.se\/kyrkogardienkoping\/wp-json\/wp\/v2\/comments?post=2018"}],"version-history":[{"count":5,"href":"https:\/\/blogg.svenskakyrkan.se\/kyrkogardienkoping\/wp-json\/wp\/v2\/posts\/2018\/revisions"}],"predecessor-version":[{"id":2025,"href":"https:\/\/blogg.svenskakyrkan.se\/kyrkogardienkoping\/wp-json\/wp\/v2\/posts\/2018\/revisions\/2025"}],"wp:featuredmedia":[{"embeddable":true,"href":"https:\/\/blogg.svenskakyrkan.se\/kyrkogardienkoping\/wp-json\/wp\/v2\/media\/2019"}],"wp:attachment":[{"href":"https:\/\/blogg.svenskakyrkan.se\/kyrkogardienkoping\/wp-json\/wp\/v2\/media?parent=2018"}],"wp:term":[{"taxonomy":"category","embeddable":true,"href":"https:\/\/blogg.svenskakyrkan.se\/kyrkogardienkoping\/wp-json\/wp\/v2\/categories?post=2018"},{"taxonomy":"post_tag","embeddable":true,"href":"https:\/\/blogg.svenskakyrkan.se\/kyrkogardienkoping\/wp-json\/wp\/v2\/tags?post=2018"}],"curies":[{"name":"wp","href":"https:\/\/api.w.org\/{rel}","templated":true}]}}