{"id":2027,"date":"2024-10-18T10:45:16","date_gmt":"2024-10-18T08:45:16","guid":{"rendered":"https:\/\/blogg.svenskakyrkan.se\/kyrkogardienkoping\/?p=2027"},"modified":"2024-10-18T10:45:45","modified_gmt":"2024-10-18T08:45:45","slug":"nyhetsbrev-fran-kyrkogard-november-2024","status":"publish","type":"post","link":"https:\/\/blogg.svenskakyrkan.se\/kyrkogardienkoping\/2024\/10\/18\/nyhetsbrev-fran-kyrkogard-november-2024\/","title":{"rendered":"Nyhetsbrev fr\u00e5n kyrkog\u00e5rd november 2024"},"content":{"rendered":"<h2>Samarbete med yrkesh\u00f6gskolan!<\/h2>\n<p>Under 4 tillf\u00e4llen i september och oktober har Yrkesh\u00f6gskolans tr\u00e4dg\u00e5rdsm\u00e4starelever bes\u00f6kt oss f\u00f6r maskinutbildning. Kyrkog\u00e5rds- och fastighetschef Ann-Sofie Hansson sitter i YH:s ledningsgrupp och vi har f\u00e5tt till ett bra samarbete. Vi tar aktivt emot LIA-elever (l\u00e4rande i arbete).<\/p>\n<h2>Just nu: l\u00f6v, ljung och ljusb\u00e4rare<\/h2>\n<p>Nu b\u00f6rjar l\u00f6vhantering ordentligt p\u00e5 alla v\u00e5ra kyrkog\u00e5rdar. Ljungen \u00e4r planterad p\u00e5 sk\u00f6tselgravar, f\u00f6r de som best\u00e4llt ljung av oss. Vi \u00e4r klara med omgestaltningen och ut\u00f6kning av ljusb\u00e4rare i Villbergas minneslund.<\/p>\n<h2>Borttagna gravstenar i Fj\u00e4rdhundra, minneslund i Bred, kransar och rosetter<\/h2>\n<p>Vi forts\u00e4tter att ta bort gravstenar p\u00e5 Fj\u00e4rdhundrasidan. Bakgrunden \u00e4r den inventering som Upplandsmus\u00e9et gjorde 2023, d\u00e4r alla gravanordningar p\u00e5 de sex kyrkog\u00e5rdarna i Fj\u00e4rdhundra f\u00f6rsamling inventerades. De gravanordningar som d\u00e5 fick ben\u00e4mningen \u201dej klassificerad\u201d, ska inte bevaras av kulturhistoriska sk\u00e4l. Och eftersom begravningsavgiften inte f\u00e5r finansiera sk\u00f6tsel av s\u00e5dana gravanordningar, s\u00e5 tar vi nu bort dem. Det \u00e4r cirka 260 stycken som kommer att ha tagits bort n\u00e4r vi \u00e4r klara. De st\u00e4lls p\u00e5 f\u00f6rr\u00e5d, i v\u00e4ntan p\u00e5 vidare hantering.<\/p>\n<p>I minneslunden i Bred kommer en omgestaltning av smyckningsytan ske inom kort.<\/p>\n<p>F\u00f6r de som best\u00e4llt kransar och rosetter av oss, kommer de att l\u00e4ggas ut p\u00e5 gravplatser senast vecka 44. Till allhelgonahelgen \u00e4r alla grusgravar med sk\u00f6tsel randade och fina. 30 november upph\u00f6r sk\u00f6tsel av gravar.<\/p>\n<h2>Kom och tr\u00e4ffa oss!<\/h2>\n<p>Allhelgona \u2013 en av \u00e5rets stora kyrkoh\u00f6gtider \u2013 en h\u00f6gtid med ljus och m\u00e5nga bes\u00f6kare. Kom till S:t Olofs kapell och V\u00e5rfrukyrkan l\u00f6rdagen den 2 november kl 14-19. D\u00e5 finns vi fr\u00e5n kyrkog\u00e5rdsf\u00f6rvaltningen p\u00e5 plats, s\u00e5 prata g\u00e4rna med oss!<\/p>\n<h2>Vilken smyckning g\u00e4ller f\u00f6r askgravplatser och minneslundar?<\/h2>\n<p>Med granrisarrangemang menas granris och i vissa fall andra prydnader eller v\u00e4xter som bundits samman till en dekoration. I minneslund till\u00e5ts inga granrisarrangemang. P\u00e5 askgravplatser till\u00e5ts mindre granrisarrangemang, som ryms inom den enskilda gravplatsens smyckningsyta.<\/p>\n<h2>Gravr\u00e4ttsinnehavare s\u00f6kes!<\/h2>\n<p>Vi forts\u00e4tter envist att s\u00f6ka efter gravr\u00e4ttsinnehavare till ett antal gravplatser. Finns det en gr\u00f6n kontaktskylt p\u00e5 en gravplats du bes\u00f6ker, uppskattar vi om du h\u00f6r av dig.<\/p>\n<p>\u00d6ppettider f\u00f6r kyrkog\u00e5rdskontoret hittar ni p\u00e5 v\u00e5r hemsida <a href=\"http:\/\/www.svenskakyrkan.se\/enkoping\/kontakt-kyrkogard\">www.svenskakyrkan.se\/enkoping\/kontakt-kyrkogard<\/a><\/p>\n<p>Har du fr\u00e5gor om p\u00e5g\u00e5ende eller kommande arbeten eller n\u00e5got annat, v\u00e4lkommen att h\u00f6ra av dig!<\/p>\n<p>&nbsp;<\/p>\n<p>Med f\u00f6rhoppning om en fin h\u00f6st och allhelgonahelg.<\/p>\n<p><em>Elisabeth Nordfors, arbetsledare + alla kyrkog\u00e5rdsmedarbetare<\/em><\/p>\n<p><img loading=\"lazy\" decoding=\"async\" width=\"500\" height=\"375\" class=\"alignnone size-medium wp-image-2029\" src=\"http:\/\/blogg.svenskakyrkan.se\/kyrkogardienkoping\/files\/2024\/10\/Nyhetsbrev-Kyrkogard-HostbildVIllberga-500x375.jpg\" alt=\"\" srcset=\"https:\/\/blogg.svenskakyrkan.se\/kyrkogardienkoping\/files\/2024\/10\/Nyhetsbrev-Kyrkogard-HostbildVIllberga-500x375.jpg 500w, https:\/\/blogg.svenskakyrkan.se\/kyrkogardienkoping\/files\/2024\/10\/Nyhetsbrev-Kyrkogard-HostbildVIllberga-768x576.jpg 768w, https:\/\/blogg.svenskakyrkan.se\/kyrkogardienkoping\/files\/2024\/10\/Nyhetsbrev-Kyrkogard-HostbildVIllberga-1536x1152.jpg 1536w, https:\/\/blogg.svenskakyrkan.se\/kyrkogardienkoping\/files\/2024\/10\/Nyhetsbrev-Kyrkogard-HostbildVIllberga-1200x900.jpg 1200w, https:\/\/blogg.svenskakyrkan.se\/kyrkogardienkoping\/files\/2024\/10\/Nyhetsbrev-Kyrkogard-HostbildVIllberga.jpg 2016w\" sizes=\"auto, (max-width: 500px) 100vw, 500px\" \/><\/p>\n","protected":false},"excerpt":{"rendered":"<p>Samarbete med yrkesh\u00f6gskolan! Under 4 tillf\u00e4llen i september och oktober har Yrkesh\u00f6gskolans tr\u00e4dg\u00e5rdsm\u00e4starelever bes\u00f6kt oss f\u00f6r maskinutbildning. Kyrkog\u00e5rds- och fastighetschef Ann-Sofie Hansson sitter i YH:s ledningsgrupp och vi har f\u00e5tt till ett bra samarbete. Vi tar aktivt emot LIA-elever (l\u00e4rande i arbete). Just nu: l\u00f6v, ljung och ljusb\u00e4rare Nu b\u00f6rjar l\u00f6vhantering ordentligt p\u00e5 alla v\u00e5ra [&hellip;]<\/p>\n","protected":false},"author":570,"featured_media":2028,"comment_status":"open","ping_status":"open","sticky":false,"template":"","format":"standard","meta":{"_acf_changed":false,"footnotes":""},"categories":[9],"tags":[],"class_list":["post-2027","post","type-post","status-publish","format-standard","has-post-thumbnail","hentry","category-okategoriserade"],"acf":[],"yoast_head":"<!-- This site is optimized with the Yoast SEO plugin v27.1.1 - https:\/\/yoast.com\/product\/yoast-seo-wordpress\/ -->\n<title>Nyhetsbrev fr\u00e5n kyrkog\u00e5rd november 2024 - Kyrkog\u00e5rdsbloggen i Enk\u00f6pings pastorat<\/title>\n<meta name=\"robots\" content=\"index, follow, max-snippet:-1, max-image-preview:large, max-video-preview:-1\" \/>\n<link rel=\"canonical\" href=\"https:\/\/blogg.svenskakyrkan.se\/kyrkogardienkoping\/2024\/10\/18\/nyhetsbrev-fran-kyrkogard-november-2024\/\" \/>\n<meta property=\"og:locale\" content=\"sv_SE\" \/>\n<meta property=\"og:type\" content=\"article\" \/>\n<meta property=\"og:title\" content=\"Nyhetsbrev fr\u00e5n kyrkog\u00e5rd november 2024 - Kyrkog\u00e5rdsbloggen i Enk\u00f6pings pastorat\" \/>\n<meta property=\"og:description\" content=\"Samarbete med yrkesh\u00f6gskolan! Under 4 tillf\u00e4llen i september och oktober har Yrkesh\u00f6gskolans tr\u00e4dg\u00e5rdsm\u00e4starelever bes\u00f6kt oss f\u00f6r maskinutbildning. Kyrkog\u00e5rds- och fastighetschef Ann-Sofie Hansson sitter i YH:s ledningsgrupp och vi har f\u00e5tt till ett bra samarbete. Vi tar aktivt emot LIA-elever (l\u00e4rande i arbete). Just nu: l\u00f6v, ljung och ljusb\u00e4rare Nu b\u00f6rjar l\u00f6vhantering ordentligt p\u00e5 alla v\u00e5ra [&hellip;]\" \/>\n<meta property=\"og:url\" content=\"https:\/\/blogg.svenskakyrkan.se\/kyrkogardienkoping\/2024\/10\/18\/nyhetsbrev-fran-kyrkogard-november-2024\/\" \/>\n<meta property=\"og:site_name\" content=\"Kyrkog\u00e5rdsbloggen i Enk\u00f6pings pastorat\" \/>\n<meta property=\"article:published_time\" content=\"2024-10-18T08:45:16+00:00\" \/>\n<meta property=\"article:modified_time\" content=\"2024-10-18T08:45:45+00:00\" \/>\n<meta property=\"og:image\" content=\"https:\/\/blogg.svenskakyrkan.se\/kyrkogardienkoping\/files\/2024\/10\/Nyhetsbrev-Kyrkogard-KofranBoglosa-scaled.jpg\" \/>\n\t<meta property=\"og:image:width\" content=\"2560\" \/>\n\t<meta property=\"og:image:height\" content=\"1920\" \/>\n\t<meta property=\"og:image:type\" content=\"image\/jpeg\" \/>\n<meta name=\"author\" content=\"Enk\u00f6pings pastorat\" \/>\n<meta name=\"twitter:card\" content=\"summary_large_image\" \/>\n<meta name=\"twitter:label1\" content=\"Skriven av\" \/>\n\t<meta name=\"twitter:data1\" content=\"Enk\u00f6pings pastorat\" \/>\n\t<meta name=\"twitter:label2\" content=\"Ber\u00e4knad l\u00e4stid\" \/>\n\t<meta name=\"twitter:data2\" content=\"2 minuter\" \/>\n<script type=\"application\/ld+json\" class=\"yoast-schema-graph\">{\"@context\":\"https:\/\/schema.org\",\"@graph\":[{\"@type\":\"Article\",\"@id\":\"https:\/\/blogg.svenskakyrkan.se\/kyrkogardienkoping\/2024\/10\/18\/nyhetsbrev-fran-kyrkogard-november-2024\/#article\",\"isPartOf\":{\"@id\":\"https:\/\/blogg.svenskakyrkan.se\/kyrkogardienkoping\/2024\/10\/18\/nyhetsbrev-fran-kyrkogard-november-2024\/\"},\"author\":{\"name\":\"Enk\u00f6pings pastorat\",\"@id\":\"https:\/\/blogg.svenskakyrkan.se\/kyrkogardienkoping\/#\/schema\/person\/fdcd112045e5bc20f9d0eb1514813cb7\"},\"headline\":\"Nyhetsbrev fr\u00e5n kyrkog\u00e5rd november 2024\",\"datePublished\":\"2024-10-18T08:45:16+00:00\",\"dateModified\":\"2024-10-18T08:45:45+00:00\",\"mainEntityOfPage\":{\"@id\":\"https:\/\/blogg.svenskakyrkan.se\/kyrkogardienkoping\/2024\/10\/18\/nyhetsbrev-fran-kyrkogard-november-2024\/\"},\"wordCount\":459,\"commentCount\":0,\"image\":{\"@id\":\"https:\/\/blogg.svenskakyrkan.se\/kyrkogardienkoping\/2024\/10\/18\/nyhetsbrev-fran-kyrkogard-november-2024\/#primaryimage\"},\"thumbnailUrl\":\"https:\/\/blogg.svenskakyrkan.se\/kyrkogardienkoping\/files\/2024\/10\/Nyhetsbrev-Kyrkogard-KofranBoglosa-scaled.jpg\",\"inLanguage\":\"sv-SE\",\"potentialAction\":[{\"@type\":\"CommentAction\",\"name\":\"Comment\",\"target\":[\"https:\/\/blogg.svenskakyrkan.se\/kyrkogardienkoping\/2024\/10\/18\/nyhetsbrev-fran-kyrkogard-november-2024\/#respond\"]}]},{\"@type\":\"WebPage\",\"@id\":\"https:\/\/blogg.svenskakyrkan.se\/kyrkogardienkoping\/2024\/10\/18\/nyhetsbrev-fran-kyrkogard-november-2024\/\",\"url\":\"https:\/\/blogg.svenskakyrkan.se\/kyrkogardienkoping\/2024\/10\/18\/nyhetsbrev-fran-kyrkogard-november-2024\/\",\"name\":\"Nyhetsbrev fr\u00e5n kyrkog\u00e5rd november 2024 - Kyrkog\u00e5rdsbloggen i Enk\u00f6pings pastorat\",\"isPartOf\":{\"@id\":\"https:\/\/blogg.svenskakyrkan.se\/kyrkogardienkoping\/#website\"},\"primaryImageOfPage\":{\"@id\":\"https:\/\/blogg.svenskakyrkan.se\/kyrkogardienkoping\/2024\/10\/18\/nyhetsbrev-fran-kyrkogard-november-2024\/#primaryimage\"},\"image\":{\"@id\":\"https:\/\/blogg.svenskakyrkan.se\/kyrkogardienkoping\/2024\/10\/18\/nyhetsbrev-fran-kyrkogard-november-2024\/#primaryimage\"},\"thumbnailUrl\":\"https:\/\/blogg.svenskakyrkan.se\/kyrkogardienkoping\/files\/2024\/10\/Nyhetsbrev-Kyrkogard-KofranBoglosa-scaled.jpg\",\"datePublished\":\"2024-10-18T08:45:16+00:00\",\"dateModified\":\"2024-10-18T08:45:45+00:00\",\"author\":{\"@id\":\"https:\/\/blogg.svenskakyrkan.se\/kyrkogardienkoping\/#\/schema\/person\/fdcd112045e5bc20f9d0eb1514813cb7\"},\"breadcrumb\":{\"@id\":\"https:\/\/blogg.svenskakyrkan.se\/kyrkogardienkoping\/2024\/10\/18\/nyhetsbrev-fran-kyrkogard-november-2024\/#breadcrumb\"},\"inLanguage\":\"sv-SE\",\"potentialAction\":[{\"@type\":\"ReadAction\",\"target\":[\"https:\/\/blogg.svenskakyrkan.se\/kyrkogardienkoping\/2024\/10\/18\/nyhetsbrev-fran-kyrkogard-november-2024\/\"]}]},{\"@type\":\"ImageObject\",\"inLanguage\":\"sv-SE\",\"@id\":\"https:\/\/blogg.svenskakyrkan.se\/kyrkogardienkoping\/2024\/10\/18\/nyhetsbrev-fran-kyrkogard-november-2024\/#primaryimage\",\"url\":\"https:\/\/blogg.svenskakyrkan.se\/kyrkogardienkoping\/files\/2024\/10\/Nyhetsbrev-Kyrkogard-KofranBoglosa-scaled.jpg\",\"contentUrl\":\"https:\/\/blogg.svenskakyrkan.se\/kyrkogardienkoping\/files\/2024\/10\/Nyhetsbrev-Kyrkogard-KofranBoglosa-scaled.jpg\",\"width\":2560,\"height\":1920,\"caption\":\"Foto: Elisabeth Nordfors\"},{\"@type\":\"BreadcrumbList\",\"@id\":\"https:\/\/blogg.svenskakyrkan.se\/kyrkogardienkoping\/2024\/10\/18\/nyhetsbrev-fran-kyrkogard-november-2024\/#breadcrumb\",\"itemListElement\":[{\"@type\":\"ListItem\",\"position\":1,\"name\":\"Hem\",\"item\":\"https:\/\/blogg.svenskakyrkan.se\/kyrkogardienkoping\/\"},{\"@type\":\"ListItem\",\"position\":2,\"name\":\"Nyhetsbrev fr\u00e5n kyrkog\u00e5rd november 2024\"}]},{\"@type\":\"WebSite\",\"@id\":\"https:\/\/blogg.svenskakyrkan.se\/kyrkogardienkoping\/#website\",\"url\":\"https:\/\/blogg.svenskakyrkan.se\/kyrkogardienkoping\/\",\"name\":\"Kyrkog\u00e5rdsbloggen i Enk\u00f6pings pastorat\",\"description\":\"Om arbetet p\u00e5 de 27 kyrkog\u00e5rdarna inom Enk\u00f6pings pastorat. Allt fr\u00e5n synen p\u00e5 en kyrkog\u00e5rd som b\u00e5de park och viloplats till vad det handlar om att arbeta p\u00e5 en kyrkog\u00e5rd s\u00e5som gr\u00e4sklippning, plantering, sn\u00f6skottning, anl\u00e4ggningsarbeten och arbetsvardagen i st\u00f6rsta allm\u00e4nhet.\",\"potentialAction\":[{\"@type\":\"SearchAction\",\"target\":{\"@type\":\"EntryPoint\",\"urlTemplate\":\"https:\/\/blogg.svenskakyrkan.se\/kyrkogardienkoping\/?s={search_term_string}\"},\"query-input\":{\"@type\":\"PropertyValueSpecification\",\"valueRequired\":true,\"valueName\":\"search_term_string\"}}],\"inLanguage\":\"sv-SE\"},{\"@type\":\"Person\",\"@id\":\"https:\/\/blogg.svenskakyrkan.se\/kyrkogardienkoping\/#\/schema\/person\/fdcd112045e5bc20f9d0eb1514813cb7\",\"name\":\"Enk\u00f6pings pastorat\",\"image\":{\"@type\":\"ImageObject\",\"inLanguage\":\"sv-SE\",\"@id\":\"https:\/\/blogg.svenskakyrkan.se\/kyrkogardienkoping\/#\/schema\/person\/image\/\",\"url\":\"https:\/\/secure.gravatar.com\/avatar\/8cd11ef6b0b40e697857ddd81e051d862c31ee1640de70aa81fb10eae52caf84?s=96&d=mm&r=g\",\"contentUrl\":\"https:\/\/secure.gravatar.com\/avatar\/8cd11ef6b0b40e697857ddd81e051d862c31ee1640de70aa81fb10eae52caf84?s=96&d=mm&r=g\",\"caption\":\"Enk\u00f6pings pastorat\"},\"url\":\"https:\/\/blogg.svenskakyrkan.se\/kyrkogardienkoping\/author\/susannegorne\/\"}]}<\/script>\n<!-- \/ Yoast SEO plugin. -->","yoast_head_json":{"title":"Nyhetsbrev fr\u00e5n kyrkog\u00e5rd november 2024 - Kyrkog\u00e5rdsbloggen i Enk\u00f6pings pastorat","robots":{"index":"index","follow":"follow","max-snippet":"max-snippet:-1","max-image-preview":"max-image-preview:large","max-video-preview":"max-video-preview:-1"},"canonical":"https:\/\/blogg.svenskakyrkan.se\/kyrkogardienkoping\/2024\/10\/18\/nyhetsbrev-fran-kyrkogard-november-2024\/","og_locale":"sv_SE","og_type":"article","og_title":"Nyhetsbrev fr\u00e5n kyrkog\u00e5rd november 2024 - Kyrkog\u00e5rdsbloggen i Enk\u00f6pings pastorat","og_description":"Samarbete med yrkesh\u00f6gskolan! Under 4 tillf\u00e4llen i september och oktober har Yrkesh\u00f6gskolans tr\u00e4dg\u00e5rdsm\u00e4starelever bes\u00f6kt oss f\u00f6r maskinutbildning. Kyrkog\u00e5rds- och fastighetschef Ann-Sofie Hansson sitter i YH:s ledningsgrupp och vi har f\u00e5tt till ett bra samarbete. Vi tar aktivt emot LIA-elever (l\u00e4rande i arbete). Just nu: l\u00f6v, ljung och ljusb\u00e4rare Nu b\u00f6rjar l\u00f6vhantering ordentligt p\u00e5 alla v\u00e5ra [&hellip;]","og_url":"https:\/\/blogg.svenskakyrkan.se\/kyrkogardienkoping\/2024\/10\/18\/nyhetsbrev-fran-kyrkogard-november-2024\/","og_site_name":"Kyrkog\u00e5rdsbloggen i Enk\u00f6pings pastorat","article_published_time":"2024-10-18T08:45:16+00:00","article_modified_time":"2024-10-18T08:45:45+00:00","og_image":[{"width":2560,"height":1920,"url":"https:\/\/blogg.svenskakyrkan.se\/kyrkogardienkoping\/files\/2024\/10\/Nyhetsbrev-Kyrkogard-KofranBoglosa-scaled.jpg","type":"image\/jpeg"}],"author":"Enk\u00f6pings pastorat","twitter_card":"summary_large_image","twitter_misc":{"Skriven av":"Enk\u00f6pings pastorat","Ber\u00e4knad l\u00e4stid":"2 minuter"},"schema":{"@context":"https:\/\/schema.org","@graph":[{"@type":"Article","@id":"https:\/\/blogg.svenskakyrkan.se\/kyrkogardienkoping\/2024\/10\/18\/nyhetsbrev-fran-kyrkogard-november-2024\/#article","isPartOf":{"@id":"https:\/\/blogg.svenskakyrkan.se\/kyrkogardienkoping\/2024\/10\/18\/nyhetsbrev-fran-kyrkogard-november-2024\/"},"author":{"name":"Enk\u00f6pings pastorat","@id":"https:\/\/blogg.svenskakyrkan.se\/kyrkogardienkoping\/#\/schema\/person\/fdcd112045e5bc20f9d0eb1514813cb7"},"headline":"Nyhetsbrev fr\u00e5n kyrkog\u00e5rd november 2024","datePublished":"2024-10-18T08:45:16+00:00","dateModified":"2024-10-18T08:45:45+00:00","mainEntityOfPage":{"@id":"https:\/\/blogg.svenskakyrkan.se\/kyrkogardienkoping\/2024\/10\/18\/nyhetsbrev-fran-kyrkogard-november-2024\/"},"wordCount":459,"commentCount":0,"image":{"@id":"https:\/\/blogg.svenskakyrkan.se\/kyrkogardienkoping\/2024\/10\/18\/nyhetsbrev-fran-kyrkogard-november-2024\/#primaryimage"},"thumbnailUrl":"https:\/\/blogg.svenskakyrkan.se\/kyrkogardienkoping\/files\/2024\/10\/Nyhetsbrev-Kyrkogard-KofranBoglosa-scaled.jpg","inLanguage":"sv-SE","potentialAction":[{"@type":"CommentAction","name":"Comment","target":["https:\/\/blogg.svenskakyrkan.se\/kyrkogardienkoping\/2024\/10\/18\/nyhetsbrev-fran-kyrkogard-november-2024\/#respond"]}]},{"@type":"WebPage","@id":"https:\/\/blogg.svenskakyrkan.se\/kyrkogardienkoping\/2024\/10\/18\/nyhetsbrev-fran-kyrkogard-november-2024\/","url":"https:\/\/blogg.svenskakyrkan.se\/kyrkogardienkoping\/2024\/10\/18\/nyhetsbrev-fran-kyrkogard-november-2024\/","name":"Nyhetsbrev fr\u00e5n kyrkog\u00e5rd november 2024 - Kyrkog\u00e5rdsbloggen i Enk\u00f6pings pastorat","isPartOf":{"@id":"https:\/\/blogg.svenskakyrkan.se\/kyrkogardienkoping\/#website"},"primaryImageOfPage":{"@id":"https:\/\/blogg.svenskakyrkan.se\/kyrkogardienkoping\/2024\/10\/18\/nyhetsbrev-fran-kyrkogard-november-2024\/#primaryimage"},"image":{"@id":"https:\/\/blogg.svenskakyrkan.se\/kyrkogardienkoping\/2024\/10\/18\/nyhetsbrev-fran-kyrkogard-november-2024\/#primaryimage"},"thumbnailUrl":"https:\/\/blogg.svenskakyrkan.se\/kyrkogardienkoping\/files\/2024\/10\/Nyhetsbrev-Kyrkogard-KofranBoglosa-scaled.jpg","datePublished":"2024-10-18T08:45:16+00:00","dateModified":"2024-10-18T08:45:45+00:00","author":{"@id":"https:\/\/blogg.svenskakyrkan.se\/kyrkogardienkoping\/#\/schema\/person\/fdcd112045e5bc20f9d0eb1514813cb7"},"breadcrumb":{"@id":"https:\/\/blogg.svenskakyrkan.se\/kyrkogardienkoping\/2024\/10\/18\/nyhetsbrev-fran-kyrkogard-november-2024\/#breadcrumb"},"inLanguage":"sv-SE","potentialAction":[{"@type":"ReadAction","target":["https:\/\/blogg.svenskakyrkan.se\/kyrkogardienkoping\/2024\/10\/18\/nyhetsbrev-fran-kyrkogard-november-2024\/"]}]},{"@type":"ImageObject","inLanguage":"sv-SE","@id":"https:\/\/blogg.svenskakyrkan.se\/kyrkogardienkoping\/2024\/10\/18\/nyhetsbrev-fran-kyrkogard-november-2024\/#primaryimage","url":"https:\/\/blogg.svenskakyrkan.se\/kyrkogardienkoping\/files\/2024\/10\/Nyhetsbrev-Kyrkogard-KofranBoglosa-scaled.jpg","contentUrl":"https:\/\/blogg.svenskakyrkan.se\/kyrkogardienkoping\/files\/2024\/10\/Nyhetsbrev-Kyrkogard-KofranBoglosa-scaled.jpg","width":2560,"height":1920,"caption":"Foto: Elisabeth Nordfors"},{"@type":"BreadcrumbList","@id":"https:\/\/blogg.svenskakyrkan.se\/kyrkogardienkoping\/2024\/10\/18\/nyhetsbrev-fran-kyrkogard-november-2024\/#breadcrumb","itemListElement":[{"@type":"ListItem","position":1,"name":"Hem","item":"https:\/\/blogg.svenskakyrkan.se\/kyrkogardienkoping\/"},{"@type":"ListItem","position":2,"name":"Nyhetsbrev fr\u00e5n kyrkog\u00e5rd november 2024"}]},{"@type":"WebSite","@id":"https:\/\/blogg.svenskakyrkan.se\/kyrkogardienkoping\/#website","url":"https:\/\/blogg.svenskakyrkan.se\/kyrkogardienkoping\/","name":"Kyrkog\u00e5rdsbloggen i Enk\u00f6pings pastorat","description":"Om arbetet p\u00e5 de 27 kyrkog\u00e5rdarna inom Enk\u00f6pings pastorat. Allt fr\u00e5n synen p\u00e5 en kyrkog\u00e5rd som b\u00e5de park och viloplats till vad det handlar om att arbeta p\u00e5 en kyrkog\u00e5rd s\u00e5som gr\u00e4sklippning, plantering, sn\u00f6skottning, anl\u00e4ggningsarbeten och arbetsvardagen i st\u00f6rsta allm\u00e4nhet.","potentialAction":[{"@type":"SearchAction","target":{"@type":"EntryPoint","urlTemplate":"https:\/\/blogg.svenskakyrkan.se\/kyrkogardienkoping\/?s={search_term_string}"},"query-input":{"@type":"PropertyValueSpecification","valueRequired":true,"valueName":"search_term_string"}}],"inLanguage":"sv-SE"},{"@type":"Person","@id":"https:\/\/blogg.svenskakyrkan.se\/kyrkogardienkoping\/#\/schema\/person\/fdcd112045e5bc20f9d0eb1514813cb7","name":"Enk\u00f6pings pastorat","image":{"@type":"ImageObject","inLanguage":"sv-SE","@id":"https:\/\/blogg.svenskakyrkan.se\/kyrkogardienkoping\/#\/schema\/person\/image\/","url":"https:\/\/secure.gravatar.com\/avatar\/8cd11ef6b0b40e697857ddd81e051d862c31ee1640de70aa81fb10eae52caf84?s=96&d=mm&r=g","contentUrl":"https:\/\/secure.gravatar.com\/avatar\/8cd11ef6b0b40e697857ddd81e051d862c31ee1640de70aa81fb10eae52caf84?s=96&d=mm&r=g","caption":"Enk\u00f6pings pastorat"},"url":"https:\/\/blogg.svenskakyrkan.se\/kyrkogardienkoping\/author\/susannegorne\/"}]}},"author_meta":{"ID":"570","user_nicename":"susannegorne","user_registered":"2016-05-24 16:47:19","display_name":"Enk\u00f6pings pastorat","avatar":"https:\/\/secure.gravatar.com\/avatar\/8cd11ef6b0b40e697857ddd81e051d862c31ee1640de70aa81fb10eae52caf84?s=96&d=mm&r=g"},"featured_image":["https:\/\/blogg.svenskakyrkan.se\/kyrkogardienkoping\/files\/2024\/10\/Nyhetsbrev-Kyrkogard-KofranBoglosa-2024x1518.jpg",2024,1518,true],"bloginfo":{"name":"Kyrkog\u00e5rdsbloggen i Enk\u00f6pings pastorat","url":"https:\/\/blogg.svenskakyrkan.se\/kyrkogardienkoping"},"_links":{"self":[{"href":"https:\/\/blogg.svenskakyrkan.se\/kyrkogardienkoping\/wp-json\/wp\/v2\/posts\/2027","targetHints":{"allow":["GET"]}}],"collection":[{"href":"https:\/\/blogg.svenskakyrkan.se\/kyrkogardienkoping\/wp-json\/wp\/v2\/posts"}],"about":[{"href":"https:\/\/blogg.svenskakyrkan.se\/kyrkogardienkoping\/wp-json\/wp\/v2\/types\/post"}],"author":[{"embeddable":true,"href":"https:\/\/blogg.svenskakyrkan.se\/kyrkogardienkoping\/wp-json\/wp\/v2\/users\/570"}],"replies":[{"embeddable":true,"href":"https:\/\/blogg.svenskakyrkan.se\/kyrkogardienkoping\/wp-json\/wp\/v2\/comments?post=2027"}],"version-history":[{"count":3,"href":"https:\/\/blogg.svenskakyrkan.se\/kyrkogardienkoping\/wp-json\/wp\/v2\/posts\/2027\/revisions"}],"predecessor-version":[{"id":2032,"href":"https:\/\/blogg.svenskakyrkan.se\/kyrkogardienkoping\/wp-json\/wp\/v2\/posts\/2027\/revisions\/2032"}],"wp:featuredmedia":[{"embeddable":true,"href":"https:\/\/blogg.svenskakyrkan.se\/kyrkogardienkoping\/wp-json\/wp\/v2\/media\/2028"}],"wp:attachment":[{"href":"https:\/\/blogg.svenskakyrkan.se\/kyrkogardienkoping\/wp-json\/wp\/v2\/media?parent=2027"}],"wp:term":[{"taxonomy":"category","embeddable":true,"href":"https:\/\/blogg.svenskakyrkan.se\/kyrkogardienkoping\/wp-json\/wp\/v2\/categories?post=2027"},{"taxonomy":"post_tag","embeddable":true,"href":"https:\/\/blogg.svenskakyrkan.se\/kyrkogardienkoping\/wp-json\/wp\/v2\/tags?post=2027"}],"curies":[{"name":"wp","href":"https:\/\/api.w.org\/{rel}","templated":true}]}}