{"id":2035,"date":"2024-11-15T12:24:17","date_gmt":"2024-11-15T11:24:17","guid":{"rendered":"https:\/\/blogg.svenskakyrkan.se\/kyrkogardienkoping\/?p=2035"},"modified":"2024-11-15T13:41:59","modified_gmt":"2024-11-15T12:41:59","slug":"nyhetsbrev-fran-kyrkogard-december-2024","status":"publish","type":"post","link":"https:\/\/blogg.svenskakyrkan.se\/kyrkogardienkoping\/2024\/11\/15\/nyhetsbrev-fran-kyrkogard-december-2024\/","title":{"rendered":"Nyhetsbrev fr\u00e5n kyrkog\u00e5rd december 2024"},"content":{"rendered":"<h2>Vi st\u00e4dar bort ljusen \u2013 innan f\u00e5glarna f\u00e5r tag i dem<\/h2>\n<p>Vi har haft uppst\u00e4dning av nedbrunna plastljus fr\u00e5n allhelgonahelgen och det blev massor, som vanligt. Vi ser till att plocka bort utbrunna ljus s\u00e5 snart vi kan, d\u00e5 de annars riskerar att fraktas bort av f\u00e5glar, som \u00e4r ute efter stearinet, som \u00e4r mat f\u00f6r dem. Kommer plastljusen ut i hagar med betande djur, kan det skada djuret och till och med vara d\u00f6dligt. S\u00e5 hj\u00e4lp oss att kasta plasten i soptunnorna.<\/p>\n<h2>Vattnet avst\u00e4ngt<\/h2>\n<p>Vattnet p\u00e5 kyrkog\u00e5rdarna \u00e4r nu avst\u00e4ngt, vattenkannor och de flesta vaser \u00e4r nu borttagna.<\/p>\n<p>Sn\u00f6k\u00e4ppar \u00e4r utst\u00e4llt och information finns p\u00e5 de flesta anslagstavlor om hur vi sn\u00f6r\u00f6jer och halkbek\u00e4mpar p\u00e5 kyrkog\u00e5rdarna.<\/p>\n<h2>Dags f\u00f6r nyplanteringar<\/h2>\n<p>Vi kommer den n\u00e4rmaste tiden att plantera tr\u00e4d p\u00e5 en hel del kyrkog\u00e5rdar.<\/p>\n<ul>\n<li><em>Altuna: 2 st. 1 inne p\u00e5 kyrkog\u00e5rden, 1 i backen upp mot kyrkan <\/em><\/li>\n<li><em>Tillinge: 2 st i bj\u00f6rkall\u00e8n upp till kyrkan<\/em><\/li>\n<li><em>V\u00e5rfrukyrkan: 2 st efter stora huvudg\u00e5ngen<\/em><\/li>\n<li><em>Husby -Sjutolft: 1\u00a0st p\u00e5 nya delen<\/em><\/li>\n<li><em>Simtuna: 2 st \u2013 1 nedanf\u00f6r minneslunden och 1 st vid f\u00f6re detta b\u00e5rhuset<\/em><\/li>\n<\/ul>\n<p>Vi \u00e4r snart f\u00e4rdiga med att anl\u00e4gga en ny askgravplats p\u00e5 Hacksta kyrkog\u00e5rd. Plantering av perenner p\u00e5 den kommer f\u00f6rst i v\u00e5r.<\/p>\n<h2>Skugghall som del av klimatanpassning!<\/h2>\n<p>Uppe p\u00e5 Hagalund p\u00e5g\u00e5r arbetet med att s\u00e4tta upp en \u201dskugghall\u201d, vilket inte har varit helt l\u00e4tt att f\u00e5 upp utan medf\u00f6ljande instruktioner. Personalen gjort ett fantastiskt arbete och den \u00e4r n\u00e4stan klar.<\/p>\n<p>I skugghallen \u00e4r det meningen att vi ska ha perenner p\u00e5 tillv\u00e4xt, lager till kommande perennpaket och \u00e4ven som ers\u00e4ttning om v\u00e4xter d\u00f6r. Vi kommer ocks\u00e5 kunna f\u00f6rvara inkommande v\u00e4xter och sommarblommor d\u00e4r, som beh\u00f6ver tillf\u00e4lligt vindskydd och skugga. Denna skugghall ser vi som v\u00e5r delaktighet i klimatanpassningar.<\/p>\n<h2>\u00d6nskem\u00e5l till gravr\u00e4ttsinnehavare av f\u00f6rvaltningens perennpaket<\/h2>\n<p>Perennerna som \u00e4r planterade m\u00e5r inte bra av att det planteras ljung\/h\u00f6stblommor\/andra v\u00e4xter direkt i perennrabatten. Det beror p\u00e5 att perennerna beh\u00f6ver f\u00e5 etablera sig och inte vill f\u00e5 sina r\u00f6tter uppgr\u00e4vda\/s\u00f6nderslitna.<\/p>\n<p>Tips: vill man ha ljung p\u00e5 graven, placera dem p\u00e5 sidan av perennrabatten eller st\u00e4ll dem i kruka. \u00c4r ljung eller andra v\u00e4xter planterade i rabatten, kommer vi att ta bort dem.<\/p>\n<p>Detta f\u00f6rfarande g\u00e4ller \u00e4ven de som har askgravplats. F\u00f6rvaltningen st\u00e5r f\u00f6r alla planterade v\u00e4xter d\u00e4r och inget f\u00e5r planteras ner i rabatten av samma anledning som ovan. Det \u00e4r huvudman (allts\u00e5 kyrkan) som svarar f\u00f6r den kollektiva planteringen p\u00e5 askgravplatsen.<\/p>\n<p>Om du har fr\u00e5gor och funderingar om det h\u00e4r, \u00e4r du v\u00e4lkommen att h\u00f6ra av dig.<\/p>\n<h2>Gravr\u00e4ttsinnehavare s\u00f6kes!<\/h2>\n<p>Vi forts\u00e4tter att s\u00f6ka efter gravr\u00e4ttsinnehavare till ett antal gravplatser. Finns det en gr\u00f6n kontaktskylt p\u00e5 en gravplats du bes\u00f6ker, uppskattar vi om du h\u00f6r av dig.<\/p>\n<p>\u00d6ppettider f\u00f6r kyrkog\u00e5rdskontoret hittar du p\u00e5 <a href=\"http:\/\/www.svenskakyrkan.se\/enkoping\/kontakt-kyrkogard\">www.svenskakyrkan.se\/enkoping\/kontakt-kyrkogard<\/a><\/p>\n<p>Finns det fr\u00e5gor ang\u00e5ende p\u00e5g\u00e5ende eller kommande arbeten eller n\u00e5gon annan fr\u00e5ga kring v\u00e5ra kyrkog\u00e5rdar, v\u00e4lkommen att h\u00f6ra av dig!<\/p>\n<p><em>H\u00e4lsningar Elisabeth Nordfors, arbetsledare + alla kyrkog\u00e5rdsmedarbetare<\/em><\/p>\n<p><img loading=\"lazy\" decoding=\"async\" width=\"375\" height=\"500\" class=\"alignnone size-medium wp-image-2037\" src=\"http:\/\/blogg.svenskakyrkan.se\/kyrkogardienkoping\/files\/2024\/11\/Kyrkogard-Hostbildbred-375x500.jpg\" alt=\"\" srcset=\"https:\/\/blogg.svenskakyrkan.se\/kyrkogardienkoping\/files\/2024\/11\/Kyrkogard-Hostbildbred-375x500.jpg 375w, https:\/\/blogg.svenskakyrkan.se\/kyrkogardienkoping\/files\/2024\/11\/Kyrkogard-Hostbildbred-1518x2024.jpg 1518w, https:\/\/blogg.svenskakyrkan.se\/kyrkogardienkoping\/files\/2024\/11\/Kyrkogard-Hostbildbred-768x1024.jpg 768w, https:\/\/blogg.svenskakyrkan.se\/kyrkogardienkoping\/files\/2024\/11\/Kyrkogard-Hostbildbred-1152x1536.jpg 1152w, https:\/\/blogg.svenskakyrkan.se\/kyrkogardienkoping\/files\/2024\/11\/Kyrkogard-Hostbildbred-1536x2048.jpg 1536w, https:\/\/blogg.svenskakyrkan.se\/kyrkogardienkoping\/files\/2024\/11\/Kyrkogard-Hostbildbred-1200x1600.jpg 1200w, https:\/\/blogg.svenskakyrkan.se\/kyrkogardienkoping\/files\/2024\/11\/Kyrkogard-Hostbildbred-scaled.jpg 1920w\" sizes=\"auto, (max-width: 375px) 100vw, 375px\" \/><\/p>\n","protected":false},"excerpt":{"rendered":"<p>Vi st\u00e4dar bort ljusen \u2013 innan f\u00e5glarna f\u00e5r tag i dem Vi har haft uppst\u00e4dning av nedbrunna plastljus fr\u00e5n allhelgonahelgen och det blev massor, som vanligt. Vi ser till att plocka bort utbrunna ljus s\u00e5 snart vi kan, d\u00e5 de annars riskerar att fraktas bort av f\u00e5glar, som \u00e4r ute efter stearinet, som \u00e4r mat [&hellip;]<\/p>\n","protected":false},"author":570,"featured_media":2036,"comment_status":"open","ping_status":"open","sticky":false,"template":"","format":"standard","meta":{"_acf_changed":false,"footnotes":""},"categories":[9],"tags":[],"class_list":["post-2035","post","type-post","status-publish","format-standard","has-post-thumbnail","hentry","category-okategoriserade"],"acf":[],"yoast_head":"<!-- This site is optimized with the Yoast SEO plugin v27.1.1 - https:\/\/yoast.com\/product\/yoast-seo-wordpress\/ -->\n<title>Nyhetsbrev fr\u00e5n kyrkog\u00e5rd december 2024 - Kyrkog\u00e5rdsbloggen i Enk\u00f6pings pastorat<\/title>\n<meta name=\"robots\" content=\"index, follow, max-snippet:-1, max-image-preview:large, max-video-preview:-1\" \/>\n<link rel=\"canonical\" href=\"https:\/\/blogg.svenskakyrkan.se\/kyrkogardienkoping\/2024\/11\/15\/nyhetsbrev-fran-kyrkogard-december-2024\/\" \/>\n<meta property=\"og:locale\" content=\"sv_SE\" \/>\n<meta property=\"og:type\" content=\"article\" \/>\n<meta property=\"og:title\" content=\"Nyhetsbrev fr\u00e5n kyrkog\u00e5rd december 2024 - Kyrkog\u00e5rdsbloggen i Enk\u00f6pings pastorat\" \/>\n<meta property=\"og:description\" content=\"Vi st\u00e4dar bort ljusen \u2013 innan f\u00e5glarna f\u00e5r tag i dem Vi har haft uppst\u00e4dning av nedbrunna plastljus fr\u00e5n allhelgonahelgen och det blev massor, som vanligt. Vi ser till att plocka bort utbrunna ljus s\u00e5 snart vi kan, d\u00e5 de annars riskerar att fraktas bort av f\u00e5glar, som \u00e4r ute efter stearinet, som \u00e4r mat [&hellip;]\" \/>\n<meta property=\"og:url\" content=\"https:\/\/blogg.svenskakyrkan.se\/kyrkogardienkoping\/2024\/11\/15\/nyhetsbrev-fran-kyrkogard-december-2024\/\" \/>\n<meta property=\"og:site_name\" content=\"Kyrkog\u00e5rdsbloggen i Enk\u00f6pings pastorat\" \/>\n<meta property=\"article:published_time\" content=\"2024-11-15T11:24:17+00:00\" \/>\n<meta property=\"article:modified_time\" content=\"2024-11-15T12:41:59+00:00\" \/>\n<meta property=\"og:image\" content=\"https:\/\/blogg.svenskakyrkan.se\/kyrkogardienkoping\/files\/2024\/11\/Kyrkogard-Grasklippninghost-tillinge-scaled.jpg\" \/>\n\t<meta property=\"og:image:width\" content=\"2560\" \/>\n\t<meta property=\"og:image:height\" content=\"1920\" \/>\n\t<meta property=\"og:image:type\" content=\"image\/jpeg\" \/>\n<meta name=\"author\" content=\"Enk\u00f6pings pastorat\" \/>\n<meta name=\"twitter:card\" content=\"summary_large_image\" \/>\n<meta name=\"twitter:label1\" content=\"Skriven av\" \/>\n\t<meta name=\"twitter:data1\" content=\"Enk\u00f6pings pastorat\" \/>\n\t<meta name=\"twitter:label2\" content=\"Ber\u00e4knad l\u00e4stid\" \/>\n\t<meta name=\"twitter:data2\" content=\"3 minuter\" \/>\n<script type=\"application\/ld+json\" class=\"yoast-schema-graph\">{\"@context\":\"https:\/\/schema.org\",\"@graph\":[{\"@type\":\"Article\",\"@id\":\"https:\/\/blogg.svenskakyrkan.se\/kyrkogardienkoping\/2024\/11\/15\/nyhetsbrev-fran-kyrkogard-december-2024\/#article\",\"isPartOf\":{\"@id\":\"https:\/\/blogg.svenskakyrkan.se\/kyrkogardienkoping\/2024\/11\/15\/nyhetsbrev-fran-kyrkogard-december-2024\/\"},\"author\":{\"name\":\"Enk\u00f6pings pastorat\",\"@id\":\"https:\/\/blogg.svenskakyrkan.se\/kyrkogardienkoping\/#\/schema\/person\/fdcd112045e5bc20f9d0eb1514813cb7\"},\"headline\":\"Nyhetsbrev fr\u00e5n kyrkog\u00e5rd december 2024\",\"datePublished\":\"2024-11-15T11:24:17+00:00\",\"dateModified\":\"2024-11-15T12:41:59+00:00\",\"mainEntityOfPage\":{\"@id\":\"https:\/\/blogg.svenskakyrkan.se\/kyrkogardienkoping\/2024\/11\/15\/nyhetsbrev-fran-kyrkogard-december-2024\/\"},\"wordCount\":578,\"commentCount\":0,\"image\":{\"@id\":\"https:\/\/blogg.svenskakyrkan.se\/kyrkogardienkoping\/2024\/11\/15\/nyhetsbrev-fran-kyrkogard-december-2024\/#primaryimage\"},\"thumbnailUrl\":\"https:\/\/blogg.svenskakyrkan.se\/kyrkogardienkoping\/files\/2024\/11\/Kyrkogard-Grasklippninghost-tillinge-scaled.jpg\",\"inLanguage\":\"sv-SE\",\"potentialAction\":[{\"@type\":\"CommentAction\",\"name\":\"Comment\",\"target\":[\"https:\/\/blogg.svenskakyrkan.se\/kyrkogardienkoping\/2024\/11\/15\/nyhetsbrev-fran-kyrkogard-december-2024\/#respond\"]}]},{\"@type\":\"WebPage\",\"@id\":\"https:\/\/blogg.svenskakyrkan.se\/kyrkogardienkoping\/2024\/11\/15\/nyhetsbrev-fran-kyrkogard-december-2024\/\",\"url\":\"https:\/\/blogg.svenskakyrkan.se\/kyrkogardienkoping\/2024\/11\/15\/nyhetsbrev-fran-kyrkogard-december-2024\/\",\"name\":\"Nyhetsbrev fr\u00e5n kyrkog\u00e5rd december 2024 - Kyrkog\u00e5rdsbloggen i Enk\u00f6pings pastorat\",\"isPartOf\":{\"@id\":\"https:\/\/blogg.svenskakyrkan.se\/kyrkogardienkoping\/#website\"},\"primaryImageOfPage\":{\"@id\":\"https:\/\/blogg.svenskakyrkan.se\/kyrkogardienkoping\/2024\/11\/15\/nyhetsbrev-fran-kyrkogard-december-2024\/#primaryimage\"},\"image\":{\"@id\":\"https:\/\/blogg.svenskakyrkan.se\/kyrkogardienkoping\/2024\/11\/15\/nyhetsbrev-fran-kyrkogard-december-2024\/#primaryimage\"},\"thumbnailUrl\":\"https:\/\/blogg.svenskakyrkan.se\/kyrkogardienkoping\/files\/2024\/11\/Kyrkogard-Grasklippninghost-tillinge-scaled.jpg\",\"datePublished\":\"2024-11-15T11:24:17+00:00\",\"dateModified\":\"2024-11-15T12:41:59+00:00\",\"author\":{\"@id\":\"https:\/\/blogg.svenskakyrkan.se\/kyrkogardienkoping\/#\/schema\/person\/fdcd112045e5bc20f9d0eb1514813cb7\"},\"breadcrumb\":{\"@id\":\"https:\/\/blogg.svenskakyrkan.se\/kyrkogardienkoping\/2024\/11\/15\/nyhetsbrev-fran-kyrkogard-december-2024\/#breadcrumb\"},\"inLanguage\":\"sv-SE\",\"potentialAction\":[{\"@type\":\"ReadAction\",\"target\":[\"https:\/\/blogg.svenskakyrkan.se\/kyrkogardienkoping\/2024\/11\/15\/nyhetsbrev-fran-kyrkogard-december-2024\/\"]}]},{\"@type\":\"ImageObject\",\"inLanguage\":\"sv-SE\",\"@id\":\"https:\/\/blogg.svenskakyrkan.se\/kyrkogardienkoping\/2024\/11\/15\/nyhetsbrev-fran-kyrkogard-december-2024\/#primaryimage\",\"url\":\"https:\/\/blogg.svenskakyrkan.se\/kyrkogardienkoping\/files\/2024\/11\/Kyrkogard-Grasklippninghost-tillinge-scaled.jpg\",\"contentUrl\":\"https:\/\/blogg.svenskakyrkan.se\/kyrkogardienkoping\/files\/2024\/11\/Kyrkogard-Grasklippninghost-tillinge-scaled.jpg\",\"width\":2560,\"height\":1920,\"caption\":\"Foto: Elisabeth Nordfors\"},{\"@type\":\"BreadcrumbList\",\"@id\":\"https:\/\/blogg.svenskakyrkan.se\/kyrkogardienkoping\/2024\/11\/15\/nyhetsbrev-fran-kyrkogard-december-2024\/#breadcrumb\",\"itemListElement\":[{\"@type\":\"ListItem\",\"position\":1,\"name\":\"Hem\",\"item\":\"https:\/\/blogg.svenskakyrkan.se\/kyrkogardienkoping\/\"},{\"@type\":\"ListItem\",\"position\":2,\"name\":\"Nyhetsbrev fr\u00e5n kyrkog\u00e5rd december 2024\"}]},{\"@type\":\"WebSite\",\"@id\":\"https:\/\/blogg.svenskakyrkan.se\/kyrkogardienkoping\/#website\",\"url\":\"https:\/\/blogg.svenskakyrkan.se\/kyrkogardienkoping\/\",\"name\":\"Kyrkog\u00e5rdsbloggen i Enk\u00f6pings pastorat\",\"description\":\"Om arbetet p\u00e5 de 27 kyrkog\u00e5rdarna inom Enk\u00f6pings pastorat. Allt fr\u00e5n synen p\u00e5 en kyrkog\u00e5rd som b\u00e5de park och viloplats till vad det handlar om att arbeta p\u00e5 en kyrkog\u00e5rd s\u00e5som gr\u00e4sklippning, plantering, sn\u00f6skottning, anl\u00e4ggningsarbeten och arbetsvardagen i st\u00f6rsta allm\u00e4nhet.\",\"potentialAction\":[{\"@type\":\"SearchAction\",\"target\":{\"@type\":\"EntryPoint\",\"urlTemplate\":\"https:\/\/blogg.svenskakyrkan.se\/kyrkogardienkoping\/?s={search_term_string}\"},\"query-input\":{\"@type\":\"PropertyValueSpecification\",\"valueRequired\":true,\"valueName\":\"search_term_string\"}}],\"inLanguage\":\"sv-SE\"},{\"@type\":\"Person\",\"@id\":\"https:\/\/blogg.svenskakyrkan.se\/kyrkogardienkoping\/#\/schema\/person\/fdcd112045e5bc20f9d0eb1514813cb7\",\"name\":\"Enk\u00f6pings pastorat\",\"image\":{\"@type\":\"ImageObject\",\"inLanguage\":\"sv-SE\",\"@id\":\"https:\/\/blogg.svenskakyrkan.se\/kyrkogardienkoping\/#\/schema\/person\/image\/\",\"url\":\"https:\/\/secure.gravatar.com\/avatar\/8cd11ef6b0b40e697857ddd81e051d862c31ee1640de70aa81fb10eae52caf84?s=96&d=mm&r=g\",\"contentUrl\":\"https:\/\/secure.gravatar.com\/avatar\/8cd11ef6b0b40e697857ddd81e051d862c31ee1640de70aa81fb10eae52caf84?s=96&d=mm&r=g\",\"caption\":\"Enk\u00f6pings pastorat\"},\"url\":\"https:\/\/blogg.svenskakyrkan.se\/kyrkogardienkoping\/author\/susannegorne\/\"}]}<\/script>\n<!-- \/ Yoast SEO plugin. -->","yoast_head_json":{"title":"Nyhetsbrev fr\u00e5n kyrkog\u00e5rd december 2024 - Kyrkog\u00e5rdsbloggen i Enk\u00f6pings pastorat","robots":{"index":"index","follow":"follow","max-snippet":"max-snippet:-1","max-image-preview":"max-image-preview:large","max-video-preview":"max-video-preview:-1"},"canonical":"https:\/\/blogg.svenskakyrkan.se\/kyrkogardienkoping\/2024\/11\/15\/nyhetsbrev-fran-kyrkogard-december-2024\/","og_locale":"sv_SE","og_type":"article","og_title":"Nyhetsbrev fr\u00e5n kyrkog\u00e5rd december 2024 - Kyrkog\u00e5rdsbloggen i Enk\u00f6pings pastorat","og_description":"Vi st\u00e4dar bort ljusen \u2013 innan f\u00e5glarna f\u00e5r tag i dem Vi har haft uppst\u00e4dning av nedbrunna plastljus fr\u00e5n allhelgonahelgen och det blev massor, som vanligt. Vi ser till att plocka bort utbrunna ljus s\u00e5 snart vi kan, d\u00e5 de annars riskerar att fraktas bort av f\u00e5glar, som \u00e4r ute efter stearinet, som \u00e4r mat [&hellip;]","og_url":"https:\/\/blogg.svenskakyrkan.se\/kyrkogardienkoping\/2024\/11\/15\/nyhetsbrev-fran-kyrkogard-december-2024\/","og_site_name":"Kyrkog\u00e5rdsbloggen i Enk\u00f6pings pastorat","article_published_time":"2024-11-15T11:24:17+00:00","article_modified_time":"2024-11-15T12:41:59+00:00","og_image":[{"width":2560,"height":1920,"url":"https:\/\/blogg.svenskakyrkan.se\/kyrkogardienkoping\/files\/2024\/11\/Kyrkogard-Grasklippninghost-tillinge-scaled.jpg","type":"image\/jpeg"}],"author":"Enk\u00f6pings pastorat","twitter_card":"summary_large_image","twitter_misc":{"Skriven av":"Enk\u00f6pings pastorat","Ber\u00e4knad l\u00e4stid":"3 minuter"},"schema":{"@context":"https:\/\/schema.org","@graph":[{"@type":"Article","@id":"https:\/\/blogg.svenskakyrkan.se\/kyrkogardienkoping\/2024\/11\/15\/nyhetsbrev-fran-kyrkogard-december-2024\/#article","isPartOf":{"@id":"https:\/\/blogg.svenskakyrkan.se\/kyrkogardienkoping\/2024\/11\/15\/nyhetsbrev-fran-kyrkogard-december-2024\/"},"author":{"name":"Enk\u00f6pings pastorat","@id":"https:\/\/blogg.svenskakyrkan.se\/kyrkogardienkoping\/#\/schema\/person\/fdcd112045e5bc20f9d0eb1514813cb7"},"headline":"Nyhetsbrev fr\u00e5n kyrkog\u00e5rd december 2024","datePublished":"2024-11-15T11:24:17+00:00","dateModified":"2024-11-15T12:41:59+00:00","mainEntityOfPage":{"@id":"https:\/\/blogg.svenskakyrkan.se\/kyrkogardienkoping\/2024\/11\/15\/nyhetsbrev-fran-kyrkogard-december-2024\/"},"wordCount":578,"commentCount":0,"image":{"@id":"https:\/\/blogg.svenskakyrkan.se\/kyrkogardienkoping\/2024\/11\/15\/nyhetsbrev-fran-kyrkogard-december-2024\/#primaryimage"},"thumbnailUrl":"https:\/\/blogg.svenskakyrkan.se\/kyrkogardienkoping\/files\/2024\/11\/Kyrkogard-Grasklippninghost-tillinge-scaled.jpg","inLanguage":"sv-SE","potentialAction":[{"@type":"CommentAction","name":"Comment","target":["https:\/\/blogg.svenskakyrkan.se\/kyrkogardienkoping\/2024\/11\/15\/nyhetsbrev-fran-kyrkogard-december-2024\/#respond"]}]},{"@type":"WebPage","@id":"https:\/\/blogg.svenskakyrkan.se\/kyrkogardienkoping\/2024\/11\/15\/nyhetsbrev-fran-kyrkogard-december-2024\/","url":"https:\/\/blogg.svenskakyrkan.se\/kyrkogardienkoping\/2024\/11\/15\/nyhetsbrev-fran-kyrkogard-december-2024\/","name":"Nyhetsbrev fr\u00e5n kyrkog\u00e5rd december 2024 - Kyrkog\u00e5rdsbloggen i Enk\u00f6pings pastorat","isPartOf":{"@id":"https:\/\/blogg.svenskakyrkan.se\/kyrkogardienkoping\/#website"},"primaryImageOfPage":{"@id":"https:\/\/blogg.svenskakyrkan.se\/kyrkogardienkoping\/2024\/11\/15\/nyhetsbrev-fran-kyrkogard-december-2024\/#primaryimage"},"image":{"@id":"https:\/\/blogg.svenskakyrkan.se\/kyrkogardienkoping\/2024\/11\/15\/nyhetsbrev-fran-kyrkogard-december-2024\/#primaryimage"},"thumbnailUrl":"https:\/\/blogg.svenskakyrkan.se\/kyrkogardienkoping\/files\/2024\/11\/Kyrkogard-Grasklippninghost-tillinge-scaled.jpg","datePublished":"2024-11-15T11:24:17+00:00","dateModified":"2024-11-15T12:41:59+00:00","author":{"@id":"https:\/\/blogg.svenskakyrkan.se\/kyrkogardienkoping\/#\/schema\/person\/fdcd112045e5bc20f9d0eb1514813cb7"},"breadcrumb":{"@id":"https:\/\/blogg.svenskakyrkan.se\/kyrkogardienkoping\/2024\/11\/15\/nyhetsbrev-fran-kyrkogard-december-2024\/#breadcrumb"},"inLanguage":"sv-SE","potentialAction":[{"@type":"ReadAction","target":["https:\/\/blogg.svenskakyrkan.se\/kyrkogardienkoping\/2024\/11\/15\/nyhetsbrev-fran-kyrkogard-december-2024\/"]}]},{"@type":"ImageObject","inLanguage":"sv-SE","@id":"https:\/\/blogg.svenskakyrkan.se\/kyrkogardienkoping\/2024\/11\/15\/nyhetsbrev-fran-kyrkogard-december-2024\/#primaryimage","url":"https:\/\/blogg.svenskakyrkan.se\/kyrkogardienkoping\/files\/2024\/11\/Kyrkogard-Grasklippninghost-tillinge-scaled.jpg","contentUrl":"https:\/\/blogg.svenskakyrkan.se\/kyrkogardienkoping\/files\/2024\/11\/Kyrkogard-Grasklippninghost-tillinge-scaled.jpg","width":2560,"height":1920,"caption":"Foto: Elisabeth Nordfors"},{"@type":"BreadcrumbList","@id":"https:\/\/blogg.svenskakyrkan.se\/kyrkogardienkoping\/2024\/11\/15\/nyhetsbrev-fran-kyrkogard-december-2024\/#breadcrumb","itemListElement":[{"@type":"ListItem","position":1,"name":"Hem","item":"https:\/\/blogg.svenskakyrkan.se\/kyrkogardienkoping\/"},{"@type":"ListItem","position":2,"name":"Nyhetsbrev fr\u00e5n kyrkog\u00e5rd december 2024"}]},{"@type":"WebSite","@id":"https:\/\/blogg.svenskakyrkan.se\/kyrkogardienkoping\/#website","url":"https:\/\/blogg.svenskakyrkan.se\/kyrkogardienkoping\/","name":"Kyrkog\u00e5rdsbloggen i Enk\u00f6pings pastorat","description":"Om arbetet p\u00e5 de 27 kyrkog\u00e5rdarna inom Enk\u00f6pings pastorat. Allt fr\u00e5n synen p\u00e5 en kyrkog\u00e5rd som b\u00e5de park och viloplats till vad det handlar om att arbeta p\u00e5 en kyrkog\u00e5rd s\u00e5som gr\u00e4sklippning, plantering, sn\u00f6skottning, anl\u00e4ggningsarbeten och arbetsvardagen i st\u00f6rsta allm\u00e4nhet.","potentialAction":[{"@type":"SearchAction","target":{"@type":"EntryPoint","urlTemplate":"https:\/\/blogg.svenskakyrkan.se\/kyrkogardienkoping\/?s={search_term_string}"},"query-input":{"@type":"PropertyValueSpecification","valueRequired":true,"valueName":"search_term_string"}}],"inLanguage":"sv-SE"},{"@type":"Person","@id":"https:\/\/blogg.svenskakyrkan.se\/kyrkogardienkoping\/#\/schema\/person\/fdcd112045e5bc20f9d0eb1514813cb7","name":"Enk\u00f6pings pastorat","image":{"@type":"ImageObject","inLanguage":"sv-SE","@id":"https:\/\/blogg.svenskakyrkan.se\/kyrkogardienkoping\/#\/schema\/person\/image\/","url":"https:\/\/secure.gravatar.com\/avatar\/8cd11ef6b0b40e697857ddd81e051d862c31ee1640de70aa81fb10eae52caf84?s=96&d=mm&r=g","contentUrl":"https:\/\/secure.gravatar.com\/avatar\/8cd11ef6b0b40e697857ddd81e051d862c31ee1640de70aa81fb10eae52caf84?s=96&d=mm&r=g","caption":"Enk\u00f6pings pastorat"},"url":"https:\/\/blogg.svenskakyrkan.se\/kyrkogardienkoping\/author\/susannegorne\/"}]}},"author_meta":{"ID":"570","user_nicename":"susannegorne","user_registered":"2016-05-24 16:47:19","display_name":"Enk\u00f6pings pastorat","avatar":"https:\/\/secure.gravatar.com\/avatar\/8cd11ef6b0b40e697857ddd81e051d862c31ee1640de70aa81fb10eae52caf84?s=96&d=mm&r=g"},"featured_image":["https:\/\/blogg.svenskakyrkan.se\/kyrkogardienkoping\/files\/2024\/11\/Kyrkogard-Grasklippninghost-tillinge-2024x1518.jpg",2024,1518,true],"bloginfo":{"name":"Kyrkog\u00e5rdsbloggen i Enk\u00f6pings pastorat","url":"https:\/\/blogg.svenskakyrkan.se\/kyrkogardienkoping"},"_links":{"self":[{"href":"https:\/\/blogg.svenskakyrkan.se\/kyrkogardienkoping\/wp-json\/wp\/v2\/posts\/2035","targetHints":{"allow":["GET"]}}],"collection":[{"href":"https:\/\/blogg.svenskakyrkan.se\/kyrkogardienkoping\/wp-json\/wp\/v2\/posts"}],"about":[{"href":"https:\/\/blogg.svenskakyrkan.se\/kyrkogardienkoping\/wp-json\/wp\/v2\/types\/post"}],"author":[{"embeddable":true,"href":"https:\/\/blogg.svenskakyrkan.se\/kyrkogardienkoping\/wp-json\/wp\/v2\/users\/570"}],"replies":[{"embeddable":true,"href":"https:\/\/blogg.svenskakyrkan.se\/kyrkogardienkoping\/wp-json\/wp\/v2\/comments?post=2035"}],"version-history":[{"count":2,"href":"https:\/\/blogg.svenskakyrkan.se\/kyrkogardienkoping\/wp-json\/wp\/v2\/posts\/2035\/revisions"}],"predecessor-version":[{"id":2040,"href":"https:\/\/blogg.svenskakyrkan.se\/kyrkogardienkoping\/wp-json\/wp\/v2\/posts\/2035\/revisions\/2040"}],"wp:featuredmedia":[{"embeddable":true,"href":"https:\/\/blogg.svenskakyrkan.se\/kyrkogardienkoping\/wp-json\/wp\/v2\/media\/2036"}],"wp:attachment":[{"href":"https:\/\/blogg.svenskakyrkan.se\/kyrkogardienkoping\/wp-json\/wp\/v2\/media?parent=2035"}],"wp:term":[{"taxonomy":"category","embeddable":true,"href":"https:\/\/blogg.svenskakyrkan.se\/kyrkogardienkoping\/wp-json\/wp\/v2\/categories?post=2035"},{"taxonomy":"post_tag","embeddable":true,"href":"https:\/\/blogg.svenskakyrkan.se\/kyrkogardienkoping\/wp-json\/wp\/v2\/tags?post=2035"}],"curies":[{"name":"wp","href":"https:\/\/api.w.org\/{rel}","templated":true}]}}