{"id":2054,"date":"2025-01-29T12:19:39","date_gmt":"2025-01-29T11:19:39","guid":{"rendered":"https:\/\/blogg.svenskakyrkan.se\/kyrkogardienkoping\/?p=2054"},"modified":"2025-01-29T12:19:39","modified_gmt":"2025-01-29T11:19:39","slug":"nyhetsbrev-fran-kyrkogard-februari-2025","status":"publish","type":"post","link":"https:\/\/blogg.svenskakyrkan.se\/kyrkogardienkoping\/2025\/01\/29\/nyhetsbrev-fran-kyrkogard-februari-2025\/","title":{"rendered":"Nyhetsbrev fr\u00e5n kyrkog\u00e5rd februari 2025"},"content":{"rendered":"<h2>Vi renoverar grindar<\/h2>\n<p>F\u00f6rra \u00e5ret s\u00e5 h\u00e4r dags, var det full rulle med sn\u00f6r\u00f6jning och halkbek\u00e4mpning. Denna s\u00e4song har det hitintills inte fallit s\u00e5 mycket sn\u00f6, vilket inneb\u00e4r att vi hinner g\u00f6ra mycket annat i st\u00e4llet. F\u00f6rra m\u00e5naden skrev jag att vi planerade att renovera grindar vid ing\u00e5ngar till utvalda kyrkog\u00e5rdar och Litslena och L\u00f6t \u00e4r nu f\u00e4rdiga. Nu renoverar vi grindar i Torstuna, som fick g\u00e5 f\u00f6re Husby- Sjutolft, Svinnegarn och Fr\u00f6sthult, eftersom de var i s\u00e4mst skick.<\/p>\n<h2>Se hur vi textar gravstenar<\/h2>\n<p>Amanda Jansson p\u00e5 v\u00e5r kommunikationsavdelning, har nyligen gjort en film, d\u00e4r vi utf\u00f6r gravstenstextning. H\u00e5ll utkik i v\u00e5ra sociala medier f\u00f6r att se den!<\/p>\n<h2>Bort med barkborre<\/h2>\n<p>I Husby- Sjutolft har vi utanf\u00f6r kyrkog\u00e5rden, p\u00e5 v\u00e5rt ytteromr\u00e5de, tagit in en entrepren\u00f6r (tr\u00e4df\u00e4llare) som gallrat ur granar med barkborre. Man har \u00e4ven tagit bort\/s\u00e5gat ner en del vindf\u00e4llen. Det har varit ett stort jobb som lett till ett ordentligt lyft f\u00f6r hela omgivningen, nu har ljuset \u00e4ntligen kommit in!<\/p>\n<h2 style=\"padding-top: 0px\"><img loading=\"lazy\" decoding=\"async\" width=\"500\" height=\"375\" class=\"alignnone size-medium wp-image-2061\" src=\"http:\/\/blogg.svenskakyrkan.se\/kyrkogardienkoping\/files\/2025\/01\/Kyrkogard-Husbytradfallning20253-X-500x375.jpg\" alt=\"\" srcset=\"https:\/\/blogg.svenskakyrkan.se\/kyrkogardienkoping\/files\/2025\/01\/Kyrkogard-Husbytradfallning20253-X-500x375.jpg 500w, https:\/\/blogg.svenskakyrkan.se\/kyrkogardienkoping\/files\/2025\/01\/Kyrkogard-Husbytradfallning20253-X-2024x1518.jpg 2024w, https:\/\/blogg.svenskakyrkan.se\/kyrkogardienkoping\/files\/2025\/01\/Kyrkogard-Husbytradfallning20253-X-768x576.jpg 768w, https:\/\/blogg.svenskakyrkan.se\/kyrkogardienkoping\/files\/2025\/01\/Kyrkogard-Husbytradfallning20253-X-1536x1152.jpg 1536w, https:\/\/blogg.svenskakyrkan.se\/kyrkogardienkoping\/files\/2025\/01\/Kyrkogard-Husbytradfallning20253-X-1200x900.jpg 1200w, https:\/\/blogg.svenskakyrkan.se\/kyrkogardienkoping\/files\/2025\/01\/Kyrkogard-Husbytradfallning20253-X.jpg 2048w\" sizes=\"auto, (max-width: 500px) 100vw, 500px\" \/><\/h2>\n<h2>Vi s\u00f6ker s\u00e4songare<\/h2>\n<p>En annons ligger ute, d\u00e4r vi s\u00f6ker s\u00e4songsarbetare f\u00f6r sommaren 2025 och det har redan kommit in en hel del ans\u00f6kningar. Vi kallar l\u00f6pande till intervjuer. H\u00e4r kan du l\u00e4sa annonsen: <a href=\"https:\/\/www.svenskakyrkan.se\/enkoping\/nyheter\/lediga-tjanster-sasongsarbetare-kyrkogard\">S\u00e4songsarbetare kyrkog\u00e5rd &#8211; Svenska kyrkan Enk\u00f6ping<\/a><\/p>\n<h2>Gravr\u00e4ttsinnehavare s\u00f6kes!<\/h2>\n<p>Vi forts\u00e4tter att s\u00f6ka efter gravr\u00e4ttsinnehavare till ett antal gravplatser. Finns det en gr\u00f6n kontaktskylt p\u00e5 en gravplats du bes\u00f6ker, uppskattar vi om du h\u00f6r av dig.<br \/>\n\u00d6ppettider f\u00f6r kyrkog\u00e5rdskontoret hittar du p\u00e5 www.svenskakyrkan.se\/enkoping\/kontakt-kyrkogard<\/p>\n<p>\/Elisabeth Nordfors, arbetsledare + alla kyrkog\u00e5rdsmedarbetare<\/p>\n","protected":false},"excerpt":{"rendered":"<p>Vi renoverar grindar F\u00f6rra \u00e5ret s\u00e5 h\u00e4r dags, var det full rulle med sn\u00f6r\u00f6jning och halkbek\u00e4mpning. Denna s\u00e4song har det hitintills inte fallit s\u00e5 mycket sn\u00f6, vilket inneb\u00e4r att vi hinner g\u00f6ra mycket annat i st\u00e4llet. F\u00f6rra m\u00e5naden skrev jag att vi planerade att renovera grindar vid ing\u00e5ngar till utvalda kyrkog\u00e5rdar och Litslena och L\u00f6t [&hellip;]<\/p>\n","protected":false},"author":570,"featured_media":2055,"comment_status":"open","ping_status":"open","sticky":false,"template":"","format":"standard","meta":{"_acf_changed":false,"footnotes":""},"categories":[9],"tags":[],"class_list":["post-2054","post","type-post","status-publish","format-standard","has-post-thumbnail","hentry","category-okategoriserade"],"acf":[],"yoast_head":"<!-- This site is optimized with the Yoast SEO plugin v27.1.1 - https:\/\/yoast.com\/product\/yoast-seo-wordpress\/ -->\n<title>Nyhetsbrev fr\u00e5n kyrkog\u00e5rd februari 2025 - Kyrkog\u00e5rdsbloggen i Enk\u00f6pings pastorat<\/title>\n<meta name=\"robots\" content=\"index, follow, max-snippet:-1, max-image-preview:large, max-video-preview:-1\" \/>\n<link rel=\"canonical\" href=\"https:\/\/blogg.svenskakyrkan.se\/kyrkogardienkoping\/2025\/01\/29\/nyhetsbrev-fran-kyrkogard-februari-2025\/\" \/>\n<meta property=\"og:locale\" content=\"sv_SE\" \/>\n<meta property=\"og:type\" content=\"article\" \/>\n<meta property=\"og:title\" content=\"Nyhetsbrev fr\u00e5n kyrkog\u00e5rd februari 2025 - Kyrkog\u00e5rdsbloggen i Enk\u00f6pings pastorat\" \/>\n<meta property=\"og:description\" content=\"Vi renoverar grindar F\u00f6rra \u00e5ret s\u00e5 h\u00e4r dags, var det full rulle med sn\u00f6r\u00f6jning och halkbek\u00e4mpning. Denna s\u00e4song har det hitintills inte fallit s\u00e5 mycket sn\u00f6, vilket inneb\u00e4r att vi hinner g\u00f6ra mycket annat i st\u00e4llet. F\u00f6rra m\u00e5naden skrev jag att vi planerade att renovera grindar vid ing\u00e5ngar till utvalda kyrkog\u00e5rdar och Litslena och L\u00f6t [&hellip;]\" \/>\n<meta property=\"og:url\" content=\"https:\/\/blogg.svenskakyrkan.se\/kyrkogardienkoping\/2025\/01\/29\/nyhetsbrev-fran-kyrkogard-februari-2025\/\" \/>\n<meta property=\"og:site_name\" content=\"Kyrkog\u00e5rdsbloggen i Enk\u00f6pings pastorat\" \/>\n<meta property=\"article:published_time\" content=\"2025-01-29T11:19:39+00:00\" \/>\n<meta property=\"og:image\" content=\"https:\/\/blogg.svenskakyrkan.se\/kyrkogardienkoping\/files\/2025\/01\/Nyhetsbrev-250130-kyrkogard-VInterbildstolof-scaled.jpeg\" \/>\n\t<meta property=\"og:image:width\" content=\"2560\" \/>\n\t<meta property=\"og:image:height\" content=\"1920\" \/>\n\t<meta property=\"og:image:type\" content=\"image\/jpeg\" \/>\n<meta name=\"author\" content=\"Enk\u00f6pings pastorat\" \/>\n<meta name=\"twitter:card\" content=\"summary_large_image\" \/>\n<meta name=\"twitter:label1\" content=\"Skriven av\" \/>\n\t<meta name=\"twitter:data1\" content=\"Enk\u00f6pings pastorat\" \/>\n\t<meta name=\"twitter:label2\" content=\"Ber\u00e4knad l\u00e4stid\" \/>\n\t<meta name=\"twitter:data2\" content=\"2 minuter\" \/>\n<script type=\"application\/ld+json\" class=\"yoast-schema-graph\">{\"@context\":\"https:\/\/schema.org\",\"@graph\":[{\"@type\":\"Article\",\"@id\":\"https:\/\/blogg.svenskakyrkan.se\/kyrkogardienkoping\/2025\/01\/29\/nyhetsbrev-fran-kyrkogard-februari-2025\/#article\",\"isPartOf\":{\"@id\":\"https:\/\/blogg.svenskakyrkan.se\/kyrkogardienkoping\/2025\/01\/29\/nyhetsbrev-fran-kyrkogard-februari-2025\/\"},\"author\":{\"name\":\"Enk\u00f6pings pastorat\",\"@id\":\"https:\/\/blogg.svenskakyrkan.se\/kyrkogardienkoping\/#\/schema\/person\/fdcd112045e5bc20f9d0eb1514813cb7\"},\"headline\":\"Nyhetsbrev fr\u00e5n kyrkog\u00e5rd februari 2025\",\"datePublished\":\"2025-01-29T11:19:39+00:00\",\"mainEntityOfPage\":{\"@id\":\"https:\/\/blogg.svenskakyrkan.se\/kyrkogardienkoping\/2025\/01\/29\/nyhetsbrev-fran-kyrkogard-februari-2025\/\"},\"wordCount\":311,\"commentCount\":0,\"image\":{\"@id\":\"https:\/\/blogg.svenskakyrkan.se\/kyrkogardienkoping\/2025\/01\/29\/nyhetsbrev-fran-kyrkogard-februari-2025\/#primaryimage\"},\"thumbnailUrl\":\"https:\/\/blogg.svenskakyrkan.se\/kyrkogardienkoping\/files\/2025\/01\/Nyhetsbrev-250130-kyrkogard-VInterbildstolof-scaled.jpeg\",\"inLanguage\":\"sv-SE\",\"potentialAction\":[{\"@type\":\"CommentAction\",\"name\":\"Comment\",\"target\":[\"https:\/\/blogg.svenskakyrkan.se\/kyrkogardienkoping\/2025\/01\/29\/nyhetsbrev-fran-kyrkogard-februari-2025\/#respond\"]}]},{\"@type\":\"WebPage\",\"@id\":\"https:\/\/blogg.svenskakyrkan.se\/kyrkogardienkoping\/2025\/01\/29\/nyhetsbrev-fran-kyrkogard-februari-2025\/\",\"url\":\"https:\/\/blogg.svenskakyrkan.se\/kyrkogardienkoping\/2025\/01\/29\/nyhetsbrev-fran-kyrkogard-februari-2025\/\",\"name\":\"Nyhetsbrev fr\u00e5n kyrkog\u00e5rd februari 2025 - Kyrkog\u00e5rdsbloggen i Enk\u00f6pings pastorat\",\"isPartOf\":{\"@id\":\"https:\/\/blogg.svenskakyrkan.se\/kyrkogardienkoping\/#website\"},\"primaryImageOfPage\":{\"@id\":\"https:\/\/blogg.svenskakyrkan.se\/kyrkogardienkoping\/2025\/01\/29\/nyhetsbrev-fran-kyrkogard-februari-2025\/#primaryimage\"},\"image\":{\"@id\":\"https:\/\/blogg.svenskakyrkan.se\/kyrkogardienkoping\/2025\/01\/29\/nyhetsbrev-fran-kyrkogard-februari-2025\/#primaryimage\"},\"thumbnailUrl\":\"https:\/\/blogg.svenskakyrkan.se\/kyrkogardienkoping\/files\/2025\/01\/Nyhetsbrev-250130-kyrkogard-VInterbildstolof-scaled.jpeg\",\"datePublished\":\"2025-01-29T11:19:39+00:00\",\"author\":{\"@id\":\"https:\/\/blogg.svenskakyrkan.se\/kyrkogardienkoping\/#\/schema\/person\/fdcd112045e5bc20f9d0eb1514813cb7\"},\"breadcrumb\":{\"@id\":\"https:\/\/blogg.svenskakyrkan.se\/kyrkogardienkoping\/2025\/01\/29\/nyhetsbrev-fran-kyrkogard-februari-2025\/#breadcrumb\"},\"inLanguage\":\"sv-SE\",\"potentialAction\":[{\"@type\":\"ReadAction\",\"target\":[\"https:\/\/blogg.svenskakyrkan.se\/kyrkogardienkoping\/2025\/01\/29\/nyhetsbrev-fran-kyrkogard-februari-2025\/\"]}]},{\"@type\":\"ImageObject\",\"inLanguage\":\"sv-SE\",\"@id\":\"https:\/\/blogg.svenskakyrkan.se\/kyrkogardienkoping\/2025\/01\/29\/nyhetsbrev-fran-kyrkogard-februari-2025\/#primaryimage\",\"url\":\"https:\/\/blogg.svenskakyrkan.se\/kyrkogardienkoping\/files\/2025\/01\/Nyhetsbrev-250130-kyrkogard-VInterbildstolof-scaled.jpeg\",\"contentUrl\":\"https:\/\/blogg.svenskakyrkan.se\/kyrkogardienkoping\/files\/2025\/01\/Nyhetsbrev-250130-kyrkogard-VInterbildstolof-scaled.jpeg\",\"width\":2560,\"height\":1920,\"caption\":\"Foto: Elisabeth Nordfors\"},{\"@type\":\"BreadcrumbList\",\"@id\":\"https:\/\/blogg.svenskakyrkan.se\/kyrkogardienkoping\/2025\/01\/29\/nyhetsbrev-fran-kyrkogard-februari-2025\/#breadcrumb\",\"itemListElement\":[{\"@type\":\"ListItem\",\"position\":1,\"name\":\"Hem\",\"item\":\"https:\/\/blogg.svenskakyrkan.se\/kyrkogardienkoping\/\"},{\"@type\":\"ListItem\",\"position\":2,\"name\":\"Nyhetsbrev fr\u00e5n kyrkog\u00e5rd februari 2025\"}]},{\"@type\":\"WebSite\",\"@id\":\"https:\/\/blogg.svenskakyrkan.se\/kyrkogardienkoping\/#website\",\"url\":\"https:\/\/blogg.svenskakyrkan.se\/kyrkogardienkoping\/\",\"name\":\"Kyrkog\u00e5rdsbloggen i Enk\u00f6pings pastorat\",\"description\":\"Om arbetet p\u00e5 de 27 kyrkog\u00e5rdarna inom Enk\u00f6pings pastorat. Allt fr\u00e5n synen p\u00e5 en kyrkog\u00e5rd som b\u00e5de park och viloplats till vad det handlar om att arbeta p\u00e5 en kyrkog\u00e5rd s\u00e5som gr\u00e4sklippning, plantering, sn\u00f6skottning, anl\u00e4ggningsarbeten och arbetsvardagen i st\u00f6rsta allm\u00e4nhet.\",\"potentialAction\":[{\"@type\":\"SearchAction\",\"target\":{\"@type\":\"EntryPoint\",\"urlTemplate\":\"https:\/\/blogg.svenskakyrkan.se\/kyrkogardienkoping\/?s={search_term_string}\"},\"query-input\":{\"@type\":\"PropertyValueSpecification\",\"valueRequired\":true,\"valueName\":\"search_term_string\"}}],\"inLanguage\":\"sv-SE\"},{\"@type\":\"Person\",\"@id\":\"https:\/\/blogg.svenskakyrkan.se\/kyrkogardienkoping\/#\/schema\/person\/fdcd112045e5bc20f9d0eb1514813cb7\",\"name\":\"Enk\u00f6pings pastorat\",\"image\":{\"@type\":\"ImageObject\",\"inLanguage\":\"sv-SE\",\"@id\":\"https:\/\/blogg.svenskakyrkan.se\/kyrkogardienkoping\/#\/schema\/person\/image\/\",\"url\":\"https:\/\/secure.gravatar.com\/avatar\/8cd11ef6b0b40e697857ddd81e051d862c31ee1640de70aa81fb10eae52caf84?s=96&d=mm&r=g\",\"contentUrl\":\"https:\/\/secure.gravatar.com\/avatar\/8cd11ef6b0b40e697857ddd81e051d862c31ee1640de70aa81fb10eae52caf84?s=96&d=mm&r=g\",\"caption\":\"Enk\u00f6pings pastorat\"},\"url\":\"https:\/\/blogg.svenskakyrkan.se\/kyrkogardienkoping\/author\/susannegorne\/\"}]}<\/script>\n<!-- \/ Yoast SEO plugin. -->","yoast_head_json":{"title":"Nyhetsbrev fr\u00e5n kyrkog\u00e5rd februari 2025 - Kyrkog\u00e5rdsbloggen i Enk\u00f6pings pastorat","robots":{"index":"index","follow":"follow","max-snippet":"max-snippet:-1","max-image-preview":"max-image-preview:large","max-video-preview":"max-video-preview:-1"},"canonical":"https:\/\/blogg.svenskakyrkan.se\/kyrkogardienkoping\/2025\/01\/29\/nyhetsbrev-fran-kyrkogard-februari-2025\/","og_locale":"sv_SE","og_type":"article","og_title":"Nyhetsbrev fr\u00e5n kyrkog\u00e5rd februari 2025 - Kyrkog\u00e5rdsbloggen i Enk\u00f6pings pastorat","og_description":"Vi renoverar grindar F\u00f6rra \u00e5ret s\u00e5 h\u00e4r dags, var det full rulle med sn\u00f6r\u00f6jning och halkbek\u00e4mpning. Denna s\u00e4song har det hitintills inte fallit s\u00e5 mycket sn\u00f6, vilket inneb\u00e4r att vi hinner g\u00f6ra mycket annat i st\u00e4llet. F\u00f6rra m\u00e5naden skrev jag att vi planerade att renovera grindar vid ing\u00e5ngar till utvalda kyrkog\u00e5rdar och Litslena och L\u00f6t [&hellip;]","og_url":"https:\/\/blogg.svenskakyrkan.se\/kyrkogardienkoping\/2025\/01\/29\/nyhetsbrev-fran-kyrkogard-februari-2025\/","og_site_name":"Kyrkog\u00e5rdsbloggen i Enk\u00f6pings pastorat","article_published_time":"2025-01-29T11:19:39+00:00","og_image":[{"width":2560,"height":1920,"url":"https:\/\/blogg.svenskakyrkan.se\/kyrkogardienkoping\/files\/2025\/01\/Nyhetsbrev-250130-kyrkogard-VInterbildstolof-scaled.jpeg","type":"image\/jpeg"}],"author":"Enk\u00f6pings pastorat","twitter_card":"summary_large_image","twitter_misc":{"Skriven av":"Enk\u00f6pings pastorat","Ber\u00e4knad l\u00e4stid":"2 minuter"},"schema":{"@context":"https:\/\/schema.org","@graph":[{"@type":"Article","@id":"https:\/\/blogg.svenskakyrkan.se\/kyrkogardienkoping\/2025\/01\/29\/nyhetsbrev-fran-kyrkogard-februari-2025\/#article","isPartOf":{"@id":"https:\/\/blogg.svenskakyrkan.se\/kyrkogardienkoping\/2025\/01\/29\/nyhetsbrev-fran-kyrkogard-februari-2025\/"},"author":{"name":"Enk\u00f6pings pastorat","@id":"https:\/\/blogg.svenskakyrkan.se\/kyrkogardienkoping\/#\/schema\/person\/fdcd112045e5bc20f9d0eb1514813cb7"},"headline":"Nyhetsbrev fr\u00e5n kyrkog\u00e5rd februari 2025","datePublished":"2025-01-29T11:19:39+00:00","mainEntityOfPage":{"@id":"https:\/\/blogg.svenskakyrkan.se\/kyrkogardienkoping\/2025\/01\/29\/nyhetsbrev-fran-kyrkogard-februari-2025\/"},"wordCount":311,"commentCount":0,"image":{"@id":"https:\/\/blogg.svenskakyrkan.se\/kyrkogardienkoping\/2025\/01\/29\/nyhetsbrev-fran-kyrkogard-februari-2025\/#primaryimage"},"thumbnailUrl":"https:\/\/blogg.svenskakyrkan.se\/kyrkogardienkoping\/files\/2025\/01\/Nyhetsbrev-250130-kyrkogard-VInterbildstolof-scaled.jpeg","inLanguage":"sv-SE","potentialAction":[{"@type":"CommentAction","name":"Comment","target":["https:\/\/blogg.svenskakyrkan.se\/kyrkogardienkoping\/2025\/01\/29\/nyhetsbrev-fran-kyrkogard-februari-2025\/#respond"]}]},{"@type":"WebPage","@id":"https:\/\/blogg.svenskakyrkan.se\/kyrkogardienkoping\/2025\/01\/29\/nyhetsbrev-fran-kyrkogard-februari-2025\/","url":"https:\/\/blogg.svenskakyrkan.se\/kyrkogardienkoping\/2025\/01\/29\/nyhetsbrev-fran-kyrkogard-februari-2025\/","name":"Nyhetsbrev fr\u00e5n kyrkog\u00e5rd februari 2025 - Kyrkog\u00e5rdsbloggen i Enk\u00f6pings pastorat","isPartOf":{"@id":"https:\/\/blogg.svenskakyrkan.se\/kyrkogardienkoping\/#website"},"primaryImageOfPage":{"@id":"https:\/\/blogg.svenskakyrkan.se\/kyrkogardienkoping\/2025\/01\/29\/nyhetsbrev-fran-kyrkogard-februari-2025\/#primaryimage"},"image":{"@id":"https:\/\/blogg.svenskakyrkan.se\/kyrkogardienkoping\/2025\/01\/29\/nyhetsbrev-fran-kyrkogard-februari-2025\/#primaryimage"},"thumbnailUrl":"https:\/\/blogg.svenskakyrkan.se\/kyrkogardienkoping\/files\/2025\/01\/Nyhetsbrev-250130-kyrkogard-VInterbildstolof-scaled.jpeg","datePublished":"2025-01-29T11:19:39+00:00","author":{"@id":"https:\/\/blogg.svenskakyrkan.se\/kyrkogardienkoping\/#\/schema\/person\/fdcd112045e5bc20f9d0eb1514813cb7"},"breadcrumb":{"@id":"https:\/\/blogg.svenskakyrkan.se\/kyrkogardienkoping\/2025\/01\/29\/nyhetsbrev-fran-kyrkogard-februari-2025\/#breadcrumb"},"inLanguage":"sv-SE","potentialAction":[{"@type":"ReadAction","target":["https:\/\/blogg.svenskakyrkan.se\/kyrkogardienkoping\/2025\/01\/29\/nyhetsbrev-fran-kyrkogard-februari-2025\/"]}]},{"@type":"ImageObject","inLanguage":"sv-SE","@id":"https:\/\/blogg.svenskakyrkan.se\/kyrkogardienkoping\/2025\/01\/29\/nyhetsbrev-fran-kyrkogard-februari-2025\/#primaryimage","url":"https:\/\/blogg.svenskakyrkan.se\/kyrkogardienkoping\/files\/2025\/01\/Nyhetsbrev-250130-kyrkogard-VInterbildstolof-scaled.jpeg","contentUrl":"https:\/\/blogg.svenskakyrkan.se\/kyrkogardienkoping\/files\/2025\/01\/Nyhetsbrev-250130-kyrkogard-VInterbildstolof-scaled.jpeg","width":2560,"height":1920,"caption":"Foto: Elisabeth Nordfors"},{"@type":"BreadcrumbList","@id":"https:\/\/blogg.svenskakyrkan.se\/kyrkogardienkoping\/2025\/01\/29\/nyhetsbrev-fran-kyrkogard-februari-2025\/#breadcrumb","itemListElement":[{"@type":"ListItem","position":1,"name":"Hem","item":"https:\/\/blogg.svenskakyrkan.se\/kyrkogardienkoping\/"},{"@type":"ListItem","position":2,"name":"Nyhetsbrev fr\u00e5n kyrkog\u00e5rd februari 2025"}]},{"@type":"WebSite","@id":"https:\/\/blogg.svenskakyrkan.se\/kyrkogardienkoping\/#website","url":"https:\/\/blogg.svenskakyrkan.se\/kyrkogardienkoping\/","name":"Kyrkog\u00e5rdsbloggen i Enk\u00f6pings pastorat","description":"Om arbetet p\u00e5 de 27 kyrkog\u00e5rdarna inom Enk\u00f6pings pastorat. Allt fr\u00e5n synen p\u00e5 en kyrkog\u00e5rd som b\u00e5de park och viloplats till vad det handlar om att arbeta p\u00e5 en kyrkog\u00e5rd s\u00e5som gr\u00e4sklippning, plantering, sn\u00f6skottning, anl\u00e4ggningsarbeten och arbetsvardagen i st\u00f6rsta allm\u00e4nhet.","potentialAction":[{"@type":"SearchAction","target":{"@type":"EntryPoint","urlTemplate":"https:\/\/blogg.svenskakyrkan.se\/kyrkogardienkoping\/?s={search_term_string}"},"query-input":{"@type":"PropertyValueSpecification","valueRequired":true,"valueName":"search_term_string"}}],"inLanguage":"sv-SE"},{"@type":"Person","@id":"https:\/\/blogg.svenskakyrkan.se\/kyrkogardienkoping\/#\/schema\/person\/fdcd112045e5bc20f9d0eb1514813cb7","name":"Enk\u00f6pings pastorat","image":{"@type":"ImageObject","inLanguage":"sv-SE","@id":"https:\/\/blogg.svenskakyrkan.se\/kyrkogardienkoping\/#\/schema\/person\/image\/","url":"https:\/\/secure.gravatar.com\/avatar\/8cd11ef6b0b40e697857ddd81e051d862c31ee1640de70aa81fb10eae52caf84?s=96&d=mm&r=g","contentUrl":"https:\/\/secure.gravatar.com\/avatar\/8cd11ef6b0b40e697857ddd81e051d862c31ee1640de70aa81fb10eae52caf84?s=96&d=mm&r=g","caption":"Enk\u00f6pings pastorat"},"url":"https:\/\/blogg.svenskakyrkan.se\/kyrkogardienkoping\/author\/susannegorne\/"}]}},"author_meta":{"ID":"570","user_nicename":"susannegorne","user_registered":"2016-05-24 16:47:19","display_name":"Enk\u00f6pings pastorat","avatar":"https:\/\/secure.gravatar.com\/avatar\/8cd11ef6b0b40e697857ddd81e051d862c31ee1640de70aa81fb10eae52caf84?s=96&d=mm&r=g"},"featured_image":["https:\/\/blogg.svenskakyrkan.se\/kyrkogardienkoping\/files\/2025\/01\/Nyhetsbrev-250130-kyrkogard-VInterbildstolof-2024x1518.jpeg",2024,1518,true],"bloginfo":{"name":"Kyrkog\u00e5rdsbloggen i Enk\u00f6pings pastorat","url":"https:\/\/blogg.svenskakyrkan.se\/kyrkogardienkoping"},"_links":{"self":[{"href":"https:\/\/blogg.svenskakyrkan.se\/kyrkogardienkoping\/wp-json\/wp\/v2\/posts\/2054","targetHints":{"allow":["GET"]}}],"collection":[{"href":"https:\/\/blogg.svenskakyrkan.se\/kyrkogardienkoping\/wp-json\/wp\/v2\/posts"}],"about":[{"href":"https:\/\/blogg.svenskakyrkan.se\/kyrkogardienkoping\/wp-json\/wp\/v2\/types\/post"}],"author":[{"embeddable":true,"href":"https:\/\/blogg.svenskakyrkan.se\/kyrkogardienkoping\/wp-json\/wp\/v2\/users\/570"}],"replies":[{"embeddable":true,"href":"https:\/\/blogg.svenskakyrkan.se\/kyrkogardienkoping\/wp-json\/wp\/v2\/comments?post=2054"}],"version-history":[{"count":7,"href":"https:\/\/blogg.svenskakyrkan.se\/kyrkogardienkoping\/wp-json\/wp\/v2\/posts\/2054\/revisions"}],"predecessor-version":[{"id":2063,"href":"https:\/\/blogg.svenskakyrkan.se\/kyrkogardienkoping\/wp-json\/wp\/v2\/posts\/2054\/revisions\/2063"}],"wp:featuredmedia":[{"embeddable":true,"href":"https:\/\/blogg.svenskakyrkan.se\/kyrkogardienkoping\/wp-json\/wp\/v2\/media\/2055"}],"wp:attachment":[{"href":"https:\/\/blogg.svenskakyrkan.se\/kyrkogardienkoping\/wp-json\/wp\/v2\/media?parent=2054"}],"wp:term":[{"taxonomy":"category","embeddable":true,"href":"https:\/\/blogg.svenskakyrkan.se\/kyrkogardienkoping\/wp-json\/wp\/v2\/categories?post=2054"},{"taxonomy":"post_tag","embeddable":true,"href":"https:\/\/blogg.svenskakyrkan.se\/kyrkogardienkoping\/wp-json\/wp\/v2\/tags?post=2054"}],"curies":[{"name":"wp","href":"https:\/\/api.w.org\/{rel}","templated":true}]}}