{"id":2065,"date":"2025-02-27T10:36:15","date_gmt":"2025-02-27T09:36:15","guid":{"rendered":"https:\/\/blogg.svenskakyrkan.se\/kyrkogardienkoping\/?p=2065"},"modified":"2025-02-27T10:36:23","modified_gmt":"2025-02-27T09:36:23","slug":"nyhetsbrev-fran-kyrkogard-mars-2025","status":"publish","type":"post","link":"https:\/\/blogg.svenskakyrkan.se\/kyrkogardienkoping\/2025\/02\/27\/nyhetsbrev-fran-kyrkogard-mars-2025\/","title":{"rendered":"Nyhetsbrev fr\u00e5n kyrkog\u00e5rd mars 2025"},"content":{"rendered":"<h2>H\u00e4nder p\u00e5 kyrkog\u00e5rdsf\u00f6rvaltningen just nu<\/h2>\n<p>Just nu \u00e4r vi i f\u00e4rd att renovera, reparera och f\u00f6rbereda oss inf\u00f6r stundande s\u00e4songstart, som i \u00e5r p\u00e5b\u00f6rjas 7 april. D\u00e5 kommer 16 stycken gamla och nya s\u00e4songare in och st\u00f6ttar upp v\u00e5r arbetsgrupp, f\u00f6r att klara av allt som f\u00f6rv\u00e4ntas. Vi \u00e5terkommer med mer om vad som h\u00e4nder runt s\u00e4songstart i n\u00e4sta nyhetsbrev.<\/p>\n<h2>Vi hoppas p\u00e5 vitsippor<\/h2>\n<p>I Husby- Sjutolft har vi nu avslutat tr\u00e4df\u00e4llningen och h\u00e5ller p\u00e5 att st\u00e4da upp efter oss. Det upplevs ljusare d\u00e4r nu och v\u00e5r f\u00f6rhoppning \u00e4r att vi om n\u00e5gra \u00e5r kommer att se en explosion av vitsippor och andra v\u00e5rblommor d\u00e4r!<\/p>\n<h2>\u00c5tervunna parkb\u00e4nkar<\/h2>\n<p>Vi har nu f\u00e5tt hem v\u00e5ra nya parkb\u00e4nkar som ska monteras ihop och inom kort placeras ut p\u00e5 v\u00e5ra kyrkog\u00e5rdar d\u00e4r vi har minneslundar. Det k\u00e4nns fantastiskt att kunna st\u00e4lla ut b\u00e4nkar som \u00e4r framtagna av \u00e5tervunna petflaskor och havsplaster. De \u00e4r underh\u00e5llsfria, kan st\u00e5 ute \u00e5ret runt, UV-best\u00e4ndiga och tar inte upp fukt. Vi har f\u00e5tt input fr\u00e5n de bes\u00f6kare som anv\u00e4nt den provb\u00e4nk som st\u00e5r i minneslunden p\u00e5 S:t Olof. Upplevelsen \u00e4r att den \u00e4r sk\u00f6n att sitta p\u00e5, l\u00e4tt att ta sig upp ur och n\u00e4r de fick reda p\u00e5 att den \u00e4r tillverkad av \u00e5tervunnet material, tyckte de att den var \u00e4nnu b\u00e4ttre.<\/p>\n<h2>Demok\u00f6rning<\/h2>\n<p>En h\u00e4rlig kylig f\u00f6rmiddag i februari hade hela kyrkog\u00e5rdsf\u00f6rvaltningen demonstration av hjullastare. Vi hade tv\u00e5 representanter p\u00e5 plats med tv\u00e5 olika maskiner. Att g\u00f6ra liknande saker tillsammans med ett glatt g\u00e4ng som tar f\u00f6r sig och provar, \u00e4r fantastiskt. Nu ska vi utv\u00e4rdera och se vilken maskin vi kommer fram till.<\/p>\n<h2>\u201dSkola\u201d stenmur<\/h2>\n<p>I Simtuna har vi under februari m\u00e5nad \u201dskolat\u201d stenmuren runt kyrkog\u00e5rden. Att skola betyder att vi kilar fast stenar i en mur f\u00f6r att st\u00f6tta\/fylla upp muren, s\u00e5 att den inte ska falla ihop eller is\u00e4r. P\u00e5 vissa st\u00e4llen fungerar inte det, d\u00e5 de redan fallit ihop. De murarna finns med i v\u00e5rd- och underh\u00e5llsplanerna som \u00e5tg\u00e4rder, och kommer att repareras p\u00e5 annat s\u00e4tt.<\/p>\n<h2>Tr\u00e4dkransar utanf\u00f6r kyrkog\u00e5rdsmurarna<\/h2>\n<p>Tr\u00e4dkransar planterade utanf\u00f6r kyrkog\u00e5rdsmurarna, finns runt ett antal av pastoratets kyrkog\u00e5rdar. Tr\u00e4den har inte sk\u00f6tts om p\u00e5 m\u00e5nga \u00e5r men vi har nu jobbat med tr\u00e4den utanf\u00f6r murarna i Bogl\u00f6sa och d\u00e4r arbetet snart \u00e4r avslutat. Tr\u00e4den besk\u00e4rs fr\u00e5n rot \/stamskott och kan \u00e4ven \u201dhamlas\u201d (en sk\u00f6tselteknik som kan utf\u00f6ras p\u00e5 de flesta l\u00f6vtr\u00e4d, t ex lind eller ask. Tekniken g\u00e5r ut p\u00e5 att samtliga grenar besk\u00e4rs med regelbundna intervaller)<\/p>\n<h2>V\u00e5rst\u00e4dning<\/h2>\n<p>Vi p\u00e5b\u00f6rjar v\u00e5rst\u00e4dning av v\u00e5ra kyrkog\u00e5rdar i mars\/april. D\u00e5 tar vi bort grus, grenar och l\u00f6v. Vi utf\u00f6r ocks\u00e5 sandsopning av asfaltsg\u00e5ngar och trottoarer. N\u00e4r detta g\u00f6rs \u00e4r helt beroende av vilket v\u00e4der vi har eller kan t\u00e4nkas f\u00e5.<\/p>\n<p><img loading=\"lazy\" decoding=\"async\" width=\"375\" height=\"500\" class=\"alignnone size-medium wp-image-2067\" src=\"http:\/\/blogg.svenskakyrkan.se\/kyrkogardienkoping\/files\/2025\/02\/Bild-Nyhetsbrev-kyrkogard-mars-2025-Vartecken-4-375x500.jpeg\" alt=\"\" srcset=\"https:\/\/blogg.svenskakyrkan.se\/kyrkogardienkoping\/files\/2025\/02\/Bild-Nyhetsbrev-kyrkogard-mars-2025-Vartecken-4-375x500.jpeg 375w, https:\/\/blogg.svenskakyrkan.se\/kyrkogardienkoping\/files\/2025\/02\/Bild-Nyhetsbrev-kyrkogard-mars-2025-Vartecken-4-1519x2024.jpeg 1519w, https:\/\/blogg.svenskakyrkan.se\/kyrkogardienkoping\/files\/2025\/02\/Bild-Nyhetsbrev-kyrkogard-mars-2025-Vartecken-4-768x1023.jpeg 768w, https:\/\/blogg.svenskakyrkan.se\/kyrkogardienkoping\/files\/2025\/02\/Bild-Nyhetsbrev-kyrkogard-mars-2025-Vartecken-4-1153x1536.jpeg 1153w, https:\/\/blogg.svenskakyrkan.se\/kyrkogardienkoping\/files\/2025\/02\/Bild-Nyhetsbrev-kyrkogard-mars-2025-Vartecken-4-1537x2048.jpeg 1537w, https:\/\/blogg.svenskakyrkan.se\/kyrkogardienkoping\/files\/2025\/02\/Bild-Nyhetsbrev-kyrkogard-mars-2025-Vartecken-4-1200x1599.jpeg 1200w, https:\/\/blogg.svenskakyrkan.se\/kyrkogardienkoping\/files\/2025\/02\/Bild-Nyhetsbrev-kyrkogard-mars-2025-Vartecken-4.jpeg 1816w\" sizes=\"auto, (max-width: 375px) 100vw, 375px\" \/><\/p>\n<h2>Vi s\u00f6ker s\u00e4songare &#8230;<\/h2>\n<p>Annonsen f\u00f6r s\u00e4songsarbetare 2025 \u00e4r ute och kommer ligga kvar till och med 24 mars.<br \/>\nL\u00e4s mer: <a href=\"https:\/\/www.svenskakyrkan.se\/enkoping\/nyheter\/lediga-tjanster-sasongsarbetare-kyrkogard\">Lediga tj\u00e4nster: s\u00e4songsarbetare kyrkog\u00e5rd &#8211; Svenska kyrkan Enk\u00f6ping<\/a><\/p>\n<h2>&#8230; och sommarjobbare<\/h2>\n<p>Vi s\u00f6ker \u00e4ven sommarjobbare som kan vara med och hj\u00e4lpa Kyrkog\u00e5rdsf\u00f6rvaltningen i Enk\u00f6pings pastorat att sk\u00f6ta och underh\u00e5lla pastoratets 27 kyrkog\u00e5rdar. De vi s\u00f6ker ska vara 16\u201318 \u00e5r och vilja jobba utomhus med kyrkog\u00e5rdsarbete i b\u00f6rjan eller slutet av sommaren. Annonsen finns ute till och med 17 mars.<br \/>\nL\u00e4s mer: <a href=\"https:\/\/www.svenskakyrkan.se\/enkoping\/nyheter\/sommarjobbare-till-kyrkogard-2025\">Sommarjobbare till kyrkog\u00e5rd 2025 &#8211; Svenska kyrkan Enk\u00f6ping<\/a>.<\/p>\n<h2>Gravr\u00e4ttsinnehavare s\u00f6kes!<\/h2>\n<p>Vi forts\u00e4tter att s\u00f6ka efter gravr\u00e4ttsinnehavare till ett antal gravplatser. Finns det en gr\u00f6n kontaktskylt p\u00e5 en gravplats du bes\u00f6ker, uppskattar vi om du h\u00f6r av dig. \u00d6ppettider f\u00f6r kyrkog\u00e5rdskontoret finns p\u00e5 v\u00e5r hemsida <a href=\"http:\/\/www.svenskakyrkan.se\/enkoping\/kontakt-kyrkogard\">www.svenskakyrkan.se\/enkoping\/kontakt-kyrkogard<\/a><\/p>\n<p>&nbsp;<\/p>\n<p><em>H\u00e4lsningar fr\u00e5n\u00a0<\/em><em>Elisabeth Nordfors, arbetsledare + alla kyrkog\u00e5rdsmedarbetare <\/em><\/p>\n","protected":false},"excerpt":{"rendered":"<p>H\u00e4nder p\u00e5 kyrkog\u00e5rdsf\u00f6rvaltningen just nu Just nu \u00e4r vi i f\u00e4rd att renovera, reparera och f\u00f6rbereda oss inf\u00f6r stundande s\u00e4songstart, som i \u00e5r p\u00e5b\u00f6rjas 7 april. D\u00e5 kommer 16 stycken gamla och nya s\u00e4songare in och st\u00f6ttar upp v\u00e5r arbetsgrupp, f\u00f6r att klara av allt som f\u00f6rv\u00e4ntas. Vi \u00e5terkommer med mer om vad som h\u00e4nder [&hellip;]<\/p>\n","protected":false},"author":570,"featured_media":2066,"comment_status":"open","ping_status":"open","sticky":false,"template":"","format":"standard","meta":{"_acf_changed":false,"footnotes":""},"categories":[9],"tags":[],"class_list":["post-2065","post","type-post","status-publish","format-standard","has-post-thumbnail","hentry","category-okategoriserade"],"acf":[],"yoast_head":"<!-- This site is optimized with the Yoast SEO plugin v27.1.1 - https:\/\/yoast.com\/product\/yoast-seo-wordpress\/ -->\n<title>Nyhetsbrev fr\u00e5n kyrkog\u00e5rd mars 2025 - Kyrkog\u00e5rdsbloggen i Enk\u00f6pings pastorat<\/title>\n<meta name=\"robots\" content=\"index, follow, max-snippet:-1, max-image-preview:large, max-video-preview:-1\" \/>\n<link rel=\"canonical\" href=\"https:\/\/blogg.svenskakyrkan.se\/kyrkogardienkoping\/2025\/02\/27\/nyhetsbrev-fran-kyrkogard-mars-2025\/\" \/>\n<meta property=\"og:locale\" content=\"sv_SE\" \/>\n<meta property=\"og:type\" content=\"article\" \/>\n<meta property=\"og:title\" content=\"Nyhetsbrev fr\u00e5n kyrkog\u00e5rd mars 2025 - Kyrkog\u00e5rdsbloggen i Enk\u00f6pings pastorat\" \/>\n<meta property=\"og:description\" content=\"H\u00e4nder p\u00e5 kyrkog\u00e5rdsf\u00f6rvaltningen just nu Just nu \u00e4r vi i f\u00e4rd att renovera, reparera och f\u00f6rbereda oss inf\u00f6r stundande s\u00e4songstart, som i \u00e5r p\u00e5b\u00f6rjas 7 april. D\u00e5 kommer 16 stycken gamla och nya s\u00e4songare in och st\u00f6ttar upp v\u00e5r arbetsgrupp, f\u00f6r att klara av allt som f\u00f6rv\u00e4ntas. Vi \u00e5terkommer med mer om vad som h\u00e4nder [&hellip;]\" \/>\n<meta property=\"og:url\" content=\"https:\/\/blogg.svenskakyrkan.se\/kyrkogardienkoping\/2025\/02\/27\/nyhetsbrev-fran-kyrkogard-mars-2025\/\" \/>\n<meta property=\"og:site_name\" content=\"Kyrkog\u00e5rdsbloggen i Enk\u00f6pings pastorat\" \/>\n<meta property=\"article:published_time\" content=\"2025-02-27T09:36:15+00:00\" \/>\n<meta property=\"article:modified_time\" content=\"2025-02-27T09:36:23+00:00\" \/>\n<meta property=\"og:image\" content=\"https:\/\/blogg.svenskakyrkan.se\/kyrkogardienkoping\/files\/2025\/02\/Bild-Nyhetsbrev-kyrkogard-mars-2025-1.jpeg\" \/>\n\t<meta property=\"og:image:width\" content=\"2000\" \/>\n\t<meta property=\"og:image:height\" content=\"1500\" \/>\n\t<meta property=\"og:image:type\" content=\"image\/jpeg\" \/>\n<meta name=\"author\" content=\"Enk\u00f6pings pastorat\" \/>\n<meta name=\"twitter:card\" content=\"summary_large_image\" \/>\n<meta name=\"twitter:label1\" content=\"Skriven av\" \/>\n\t<meta name=\"twitter:data1\" content=\"Enk\u00f6pings pastorat\" \/>\n\t<meta name=\"twitter:label2\" content=\"Ber\u00e4knad l\u00e4stid\" \/>\n\t<meta name=\"twitter:data2\" content=\"4 minuter\" \/>\n<script type=\"application\/ld+json\" class=\"yoast-schema-graph\">{\"@context\":\"https:\/\/schema.org\",\"@graph\":[{\"@type\":\"Article\",\"@id\":\"https:\/\/blogg.svenskakyrkan.se\/kyrkogardienkoping\/2025\/02\/27\/nyhetsbrev-fran-kyrkogard-mars-2025\/#article\",\"isPartOf\":{\"@id\":\"https:\/\/blogg.svenskakyrkan.se\/kyrkogardienkoping\/2025\/02\/27\/nyhetsbrev-fran-kyrkogard-mars-2025\/\"},\"author\":{\"name\":\"Enk\u00f6pings pastorat\",\"@id\":\"https:\/\/blogg.svenskakyrkan.se\/kyrkogardienkoping\/#\/schema\/person\/fdcd112045e5bc20f9d0eb1514813cb7\"},\"headline\":\"Nyhetsbrev fr\u00e5n kyrkog\u00e5rd mars 2025\",\"datePublished\":\"2025-02-27T09:36:15+00:00\",\"dateModified\":\"2025-02-27T09:36:23+00:00\",\"mainEntityOfPage\":{\"@id\":\"https:\/\/blogg.svenskakyrkan.se\/kyrkogardienkoping\/2025\/02\/27\/nyhetsbrev-fran-kyrkogard-mars-2025\/\"},\"wordCount\":727,\"commentCount\":0,\"image\":{\"@id\":\"https:\/\/blogg.svenskakyrkan.se\/kyrkogardienkoping\/2025\/02\/27\/nyhetsbrev-fran-kyrkogard-mars-2025\/#primaryimage\"},\"thumbnailUrl\":\"https:\/\/blogg.svenskakyrkan.se\/kyrkogardienkoping\/files\/2025\/02\/Bild-Nyhetsbrev-kyrkogard-mars-2025-1.jpeg\",\"inLanguage\":\"sv-SE\",\"potentialAction\":[{\"@type\":\"CommentAction\",\"name\":\"Comment\",\"target\":[\"https:\/\/blogg.svenskakyrkan.se\/kyrkogardienkoping\/2025\/02\/27\/nyhetsbrev-fran-kyrkogard-mars-2025\/#respond\"]}]},{\"@type\":\"WebPage\",\"@id\":\"https:\/\/blogg.svenskakyrkan.se\/kyrkogardienkoping\/2025\/02\/27\/nyhetsbrev-fran-kyrkogard-mars-2025\/\",\"url\":\"https:\/\/blogg.svenskakyrkan.se\/kyrkogardienkoping\/2025\/02\/27\/nyhetsbrev-fran-kyrkogard-mars-2025\/\",\"name\":\"Nyhetsbrev fr\u00e5n kyrkog\u00e5rd mars 2025 - Kyrkog\u00e5rdsbloggen i Enk\u00f6pings pastorat\",\"isPartOf\":{\"@id\":\"https:\/\/blogg.svenskakyrkan.se\/kyrkogardienkoping\/#website\"},\"primaryImageOfPage\":{\"@id\":\"https:\/\/blogg.svenskakyrkan.se\/kyrkogardienkoping\/2025\/02\/27\/nyhetsbrev-fran-kyrkogard-mars-2025\/#primaryimage\"},\"image\":{\"@id\":\"https:\/\/blogg.svenskakyrkan.se\/kyrkogardienkoping\/2025\/02\/27\/nyhetsbrev-fran-kyrkogard-mars-2025\/#primaryimage\"},\"thumbnailUrl\":\"https:\/\/blogg.svenskakyrkan.se\/kyrkogardienkoping\/files\/2025\/02\/Bild-Nyhetsbrev-kyrkogard-mars-2025-1.jpeg\",\"datePublished\":\"2025-02-27T09:36:15+00:00\",\"dateModified\":\"2025-02-27T09:36:23+00:00\",\"author\":{\"@id\":\"https:\/\/blogg.svenskakyrkan.se\/kyrkogardienkoping\/#\/schema\/person\/fdcd112045e5bc20f9d0eb1514813cb7\"},\"breadcrumb\":{\"@id\":\"https:\/\/blogg.svenskakyrkan.se\/kyrkogardienkoping\/2025\/02\/27\/nyhetsbrev-fran-kyrkogard-mars-2025\/#breadcrumb\"},\"inLanguage\":\"sv-SE\",\"potentialAction\":[{\"@type\":\"ReadAction\",\"target\":[\"https:\/\/blogg.svenskakyrkan.se\/kyrkogardienkoping\/2025\/02\/27\/nyhetsbrev-fran-kyrkogard-mars-2025\/\"]}]},{\"@type\":\"ImageObject\",\"inLanguage\":\"sv-SE\",\"@id\":\"https:\/\/blogg.svenskakyrkan.se\/kyrkogardienkoping\/2025\/02\/27\/nyhetsbrev-fran-kyrkogard-mars-2025\/#primaryimage\",\"url\":\"https:\/\/blogg.svenskakyrkan.se\/kyrkogardienkoping\/files\/2025\/02\/Bild-Nyhetsbrev-kyrkogard-mars-2025-1.jpeg\",\"contentUrl\":\"https:\/\/blogg.svenskakyrkan.se\/kyrkogardienkoping\/files\/2025\/02\/Bild-Nyhetsbrev-kyrkogard-mars-2025-1.jpeg\",\"width\":2000,\"height\":1500,\"caption\":\"Foto: Elisabeth Nordfors\"},{\"@type\":\"BreadcrumbList\",\"@id\":\"https:\/\/blogg.svenskakyrkan.se\/kyrkogardienkoping\/2025\/02\/27\/nyhetsbrev-fran-kyrkogard-mars-2025\/#breadcrumb\",\"itemListElement\":[{\"@type\":\"ListItem\",\"position\":1,\"name\":\"Hem\",\"item\":\"https:\/\/blogg.svenskakyrkan.se\/kyrkogardienkoping\/\"},{\"@type\":\"ListItem\",\"position\":2,\"name\":\"Nyhetsbrev fr\u00e5n kyrkog\u00e5rd mars 2025\"}]},{\"@type\":\"WebSite\",\"@id\":\"https:\/\/blogg.svenskakyrkan.se\/kyrkogardienkoping\/#website\",\"url\":\"https:\/\/blogg.svenskakyrkan.se\/kyrkogardienkoping\/\",\"name\":\"Kyrkog\u00e5rdsbloggen i Enk\u00f6pings pastorat\",\"description\":\"Om arbetet p\u00e5 de 27 kyrkog\u00e5rdarna inom Enk\u00f6pings pastorat. Allt fr\u00e5n synen p\u00e5 en kyrkog\u00e5rd som b\u00e5de park och viloplats till vad det handlar om att arbeta p\u00e5 en kyrkog\u00e5rd s\u00e5som gr\u00e4sklippning, plantering, sn\u00f6skottning, anl\u00e4ggningsarbeten och arbetsvardagen i st\u00f6rsta allm\u00e4nhet.\",\"potentialAction\":[{\"@type\":\"SearchAction\",\"target\":{\"@type\":\"EntryPoint\",\"urlTemplate\":\"https:\/\/blogg.svenskakyrkan.se\/kyrkogardienkoping\/?s={search_term_string}\"},\"query-input\":{\"@type\":\"PropertyValueSpecification\",\"valueRequired\":true,\"valueName\":\"search_term_string\"}}],\"inLanguage\":\"sv-SE\"},{\"@type\":\"Person\",\"@id\":\"https:\/\/blogg.svenskakyrkan.se\/kyrkogardienkoping\/#\/schema\/person\/fdcd112045e5bc20f9d0eb1514813cb7\",\"name\":\"Enk\u00f6pings pastorat\",\"image\":{\"@type\":\"ImageObject\",\"inLanguage\":\"sv-SE\",\"@id\":\"https:\/\/blogg.svenskakyrkan.se\/kyrkogardienkoping\/#\/schema\/person\/image\/\",\"url\":\"https:\/\/secure.gravatar.com\/avatar\/8cd11ef6b0b40e697857ddd81e051d862c31ee1640de70aa81fb10eae52caf84?s=96&d=mm&r=g\",\"contentUrl\":\"https:\/\/secure.gravatar.com\/avatar\/8cd11ef6b0b40e697857ddd81e051d862c31ee1640de70aa81fb10eae52caf84?s=96&d=mm&r=g\",\"caption\":\"Enk\u00f6pings pastorat\"},\"url\":\"https:\/\/blogg.svenskakyrkan.se\/kyrkogardienkoping\/author\/susannegorne\/\"}]}<\/script>\n<!-- \/ Yoast SEO plugin. -->","yoast_head_json":{"title":"Nyhetsbrev fr\u00e5n kyrkog\u00e5rd mars 2025 - Kyrkog\u00e5rdsbloggen i Enk\u00f6pings pastorat","robots":{"index":"index","follow":"follow","max-snippet":"max-snippet:-1","max-image-preview":"max-image-preview:large","max-video-preview":"max-video-preview:-1"},"canonical":"https:\/\/blogg.svenskakyrkan.se\/kyrkogardienkoping\/2025\/02\/27\/nyhetsbrev-fran-kyrkogard-mars-2025\/","og_locale":"sv_SE","og_type":"article","og_title":"Nyhetsbrev fr\u00e5n kyrkog\u00e5rd mars 2025 - Kyrkog\u00e5rdsbloggen i Enk\u00f6pings pastorat","og_description":"H\u00e4nder p\u00e5 kyrkog\u00e5rdsf\u00f6rvaltningen just nu Just nu \u00e4r vi i f\u00e4rd att renovera, reparera och f\u00f6rbereda oss inf\u00f6r stundande s\u00e4songstart, som i \u00e5r p\u00e5b\u00f6rjas 7 april. D\u00e5 kommer 16 stycken gamla och nya s\u00e4songare in och st\u00f6ttar upp v\u00e5r arbetsgrupp, f\u00f6r att klara av allt som f\u00f6rv\u00e4ntas. Vi \u00e5terkommer med mer om vad som h\u00e4nder [&hellip;]","og_url":"https:\/\/blogg.svenskakyrkan.se\/kyrkogardienkoping\/2025\/02\/27\/nyhetsbrev-fran-kyrkogard-mars-2025\/","og_site_name":"Kyrkog\u00e5rdsbloggen i Enk\u00f6pings pastorat","article_published_time":"2025-02-27T09:36:15+00:00","article_modified_time":"2025-02-27T09:36:23+00:00","og_image":[{"width":2000,"height":1500,"url":"https:\/\/blogg.svenskakyrkan.se\/kyrkogardienkoping\/files\/2025\/02\/Bild-Nyhetsbrev-kyrkogard-mars-2025-1.jpeg","type":"image\/jpeg"}],"author":"Enk\u00f6pings pastorat","twitter_card":"summary_large_image","twitter_misc":{"Skriven av":"Enk\u00f6pings pastorat","Ber\u00e4knad l\u00e4stid":"4 minuter"},"schema":{"@context":"https:\/\/schema.org","@graph":[{"@type":"Article","@id":"https:\/\/blogg.svenskakyrkan.se\/kyrkogardienkoping\/2025\/02\/27\/nyhetsbrev-fran-kyrkogard-mars-2025\/#article","isPartOf":{"@id":"https:\/\/blogg.svenskakyrkan.se\/kyrkogardienkoping\/2025\/02\/27\/nyhetsbrev-fran-kyrkogard-mars-2025\/"},"author":{"name":"Enk\u00f6pings pastorat","@id":"https:\/\/blogg.svenskakyrkan.se\/kyrkogardienkoping\/#\/schema\/person\/fdcd112045e5bc20f9d0eb1514813cb7"},"headline":"Nyhetsbrev fr\u00e5n kyrkog\u00e5rd mars 2025","datePublished":"2025-02-27T09:36:15+00:00","dateModified":"2025-02-27T09:36:23+00:00","mainEntityOfPage":{"@id":"https:\/\/blogg.svenskakyrkan.se\/kyrkogardienkoping\/2025\/02\/27\/nyhetsbrev-fran-kyrkogard-mars-2025\/"},"wordCount":727,"commentCount":0,"image":{"@id":"https:\/\/blogg.svenskakyrkan.se\/kyrkogardienkoping\/2025\/02\/27\/nyhetsbrev-fran-kyrkogard-mars-2025\/#primaryimage"},"thumbnailUrl":"https:\/\/blogg.svenskakyrkan.se\/kyrkogardienkoping\/files\/2025\/02\/Bild-Nyhetsbrev-kyrkogard-mars-2025-1.jpeg","inLanguage":"sv-SE","potentialAction":[{"@type":"CommentAction","name":"Comment","target":["https:\/\/blogg.svenskakyrkan.se\/kyrkogardienkoping\/2025\/02\/27\/nyhetsbrev-fran-kyrkogard-mars-2025\/#respond"]}]},{"@type":"WebPage","@id":"https:\/\/blogg.svenskakyrkan.se\/kyrkogardienkoping\/2025\/02\/27\/nyhetsbrev-fran-kyrkogard-mars-2025\/","url":"https:\/\/blogg.svenskakyrkan.se\/kyrkogardienkoping\/2025\/02\/27\/nyhetsbrev-fran-kyrkogard-mars-2025\/","name":"Nyhetsbrev fr\u00e5n kyrkog\u00e5rd mars 2025 - Kyrkog\u00e5rdsbloggen i Enk\u00f6pings pastorat","isPartOf":{"@id":"https:\/\/blogg.svenskakyrkan.se\/kyrkogardienkoping\/#website"},"primaryImageOfPage":{"@id":"https:\/\/blogg.svenskakyrkan.se\/kyrkogardienkoping\/2025\/02\/27\/nyhetsbrev-fran-kyrkogard-mars-2025\/#primaryimage"},"image":{"@id":"https:\/\/blogg.svenskakyrkan.se\/kyrkogardienkoping\/2025\/02\/27\/nyhetsbrev-fran-kyrkogard-mars-2025\/#primaryimage"},"thumbnailUrl":"https:\/\/blogg.svenskakyrkan.se\/kyrkogardienkoping\/files\/2025\/02\/Bild-Nyhetsbrev-kyrkogard-mars-2025-1.jpeg","datePublished":"2025-02-27T09:36:15+00:00","dateModified":"2025-02-27T09:36:23+00:00","author":{"@id":"https:\/\/blogg.svenskakyrkan.se\/kyrkogardienkoping\/#\/schema\/person\/fdcd112045e5bc20f9d0eb1514813cb7"},"breadcrumb":{"@id":"https:\/\/blogg.svenskakyrkan.se\/kyrkogardienkoping\/2025\/02\/27\/nyhetsbrev-fran-kyrkogard-mars-2025\/#breadcrumb"},"inLanguage":"sv-SE","potentialAction":[{"@type":"ReadAction","target":["https:\/\/blogg.svenskakyrkan.se\/kyrkogardienkoping\/2025\/02\/27\/nyhetsbrev-fran-kyrkogard-mars-2025\/"]}]},{"@type":"ImageObject","inLanguage":"sv-SE","@id":"https:\/\/blogg.svenskakyrkan.se\/kyrkogardienkoping\/2025\/02\/27\/nyhetsbrev-fran-kyrkogard-mars-2025\/#primaryimage","url":"https:\/\/blogg.svenskakyrkan.se\/kyrkogardienkoping\/files\/2025\/02\/Bild-Nyhetsbrev-kyrkogard-mars-2025-1.jpeg","contentUrl":"https:\/\/blogg.svenskakyrkan.se\/kyrkogardienkoping\/files\/2025\/02\/Bild-Nyhetsbrev-kyrkogard-mars-2025-1.jpeg","width":2000,"height":1500,"caption":"Foto: Elisabeth Nordfors"},{"@type":"BreadcrumbList","@id":"https:\/\/blogg.svenskakyrkan.se\/kyrkogardienkoping\/2025\/02\/27\/nyhetsbrev-fran-kyrkogard-mars-2025\/#breadcrumb","itemListElement":[{"@type":"ListItem","position":1,"name":"Hem","item":"https:\/\/blogg.svenskakyrkan.se\/kyrkogardienkoping\/"},{"@type":"ListItem","position":2,"name":"Nyhetsbrev fr\u00e5n kyrkog\u00e5rd mars 2025"}]},{"@type":"WebSite","@id":"https:\/\/blogg.svenskakyrkan.se\/kyrkogardienkoping\/#website","url":"https:\/\/blogg.svenskakyrkan.se\/kyrkogardienkoping\/","name":"Kyrkog\u00e5rdsbloggen i Enk\u00f6pings pastorat","description":"Om arbetet p\u00e5 de 27 kyrkog\u00e5rdarna inom Enk\u00f6pings pastorat. Allt fr\u00e5n synen p\u00e5 en kyrkog\u00e5rd som b\u00e5de park och viloplats till vad det handlar om att arbeta p\u00e5 en kyrkog\u00e5rd s\u00e5som gr\u00e4sklippning, plantering, sn\u00f6skottning, anl\u00e4ggningsarbeten och arbetsvardagen i st\u00f6rsta allm\u00e4nhet.","potentialAction":[{"@type":"SearchAction","target":{"@type":"EntryPoint","urlTemplate":"https:\/\/blogg.svenskakyrkan.se\/kyrkogardienkoping\/?s={search_term_string}"},"query-input":{"@type":"PropertyValueSpecification","valueRequired":true,"valueName":"search_term_string"}}],"inLanguage":"sv-SE"},{"@type":"Person","@id":"https:\/\/blogg.svenskakyrkan.se\/kyrkogardienkoping\/#\/schema\/person\/fdcd112045e5bc20f9d0eb1514813cb7","name":"Enk\u00f6pings pastorat","image":{"@type":"ImageObject","inLanguage":"sv-SE","@id":"https:\/\/blogg.svenskakyrkan.se\/kyrkogardienkoping\/#\/schema\/person\/image\/","url":"https:\/\/secure.gravatar.com\/avatar\/8cd11ef6b0b40e697857ddd81e051d862c31ee1640de70aa81fb10eae52caf84?s=96&d=mm&r=g","contentUrl":"https:\/\/secure.gravatar.com\/avatar\/8cd11ef6b0b40e697857ddd81e051d862c31ee1640de70aa81fb10eae52caf84?s=96&d=mm&r=g","caption":"Enk\u00f6pings pastorat"},"url":"https:\/\/blogg.svenskakyrkan.se\/kyrkogardienkoping\/author\/susannegorne\/"}]}},"author_meta":{"ID":"570","user_nicename":"susannegorne","user_registered":"2016-05-24 16:47:19","display_name":"Enk\u00f6pings pastorat","avatar":"https:\/\/secure.gravatar.com\/avatar\/8cd11ef6b0b40e697857ddd81e051d862c31ee1640de70aa81fb10eae52caf84?s=96&d=mm&r=g"},"featured_image":["https:\/\/blogg.svenskakyrkan.se\/kyrkogardienkoping\/files\/2025\/02\/Bild-Nyhetsbrev-kyrkogard-mars-2025-1.jpeg",2000,1500,false],"bloginfo":{"name":"Kyrkog\u00e5rdsbloggen i Enk\u00f6pings pastorat","url":"https:\/\/blogg.svenskakyrkan.se\/kyrkogardienkoping"},"_links":{"self":[{"href":"https:\/\/blogg.svenskakyrkan.se\/kyrkogardienkoping\/wp-json\/wp\/v2\/posts\/2065","targetHints":{"allow":["GET"]}}],"collection":[{"href":"https:\/\/blogg.svenskakyrkan.se\/kyrkogardienkoping\/wp-json\/wp\/v2\/posts"}],"about":[{"href":"https:\/\/blogg.svenskakyrkan.se\/kyrkogardienkoping\/wp-json\/wp\/v2\/types\/post"}],"author":[{"embeddable":true,"href":"https:\/\/blogg.svenskakyrkan.se\/kyrkogardienkoping\/wp-json\/wp\/v2\/users\/570"}],"replies":[{"embeddable":true,"href":"https:\/\/blogg.svenskakyrkan.se\/kyrkogardienkoping\/wp-json\/wp\/v2\/comments?post=2065"}],"version-history":[{"count":3,"href":"https:\/\/blogg.svenskakyrkan.se\/kyrkogardienkoping\/wp-json\/wp\/v2\/posts\/2065\/revisions"}],"predecessor-version":[{"id":2070,"href":"https:\/\/blogg.svenskakyrkan.se\/kyrkogardienkoping\/wp-json\/wp\/v2\/posts\/2065\/revisions\/2070"}],"wp:featuredmedia":[{"embeddable":true,"href":"https:\/\/blogg.svenskakyrkan.se\/kyrkogardienkoping\/wp-json\/wp\/v2\/media\/2066"}],"wp:attachment":[{"href":"https:\/\/blogg.svenskakyrkan.se\/kyrkogardienkoping\/wp-json\/wp\/v2\/media?parent=2065"}],"wp:term":[{"taxonomy":"category","embeddable":true,"href":"https:\/\/blogg.svenskakyrkan.se\/kyrkogardienkoping\/wp-json\/wp\/v2\/categories?post=2065"},{"taxonomy":"post_tag","embeddable":true,"href":"https:\/\/blogg.svenskakyrkan.se\/kyrkogardienkoping\/wp-json\/wp\/v2\/tags?post=2065"}],"curies":[{"name":"wp","href":"https:\/\/api.w.org\/{rel}","templated":true}]}}