{"id":2073,"date":"2025-03-28T14:59:13","date_gmt":"2025-03-28T13:59:13","guid":{"rendered":"https:\/\/blogg.svenskakyrkan.se\/kyrkogardienkoping\/?p=2073"},"modified":"2025-04-01T17:58:51","modified_gmt":"2025-04-01T15:58:51","slug":"nyhetsbrev-fran-kyrkogard-april-2025","status":"publish","type":"post","link":"https:\/\/blogg.svenskakyrkan.se\/kyrkogardienkoping\/2025\/03\/28\/nyhetsbrev-fran-kyrkogard-april-2025\/","title":{"rendered":"Nyhetsbrev fr\u00e5n kyrkog\u00e5rd april 2025"},"content":{"rendered":"<h2>Tidig v\u00e5rst\u00e4dning<\/h2>\n<p>Nu k\u00e4nner nog fler \u00e4n jag \u201dv\u00e5rvibbar\u201d och det k\u00e4nns s\u00e5 bra att vi i \u00e5r har p\u00e5b\u00f6rjat v\u00e5rf\u00f6rberedelser tidigare \u00e4n ett \u201dnormalt\u201d \u00e5r (kanske \u00e4r detta det nya normala?).<\/p>\n<p>Vi har redan p\u00e5b\u00f6rjat v\u00e5rst\u00e4dning av v\u00e5ra kyrkog\u00e5rdar, sandsopat v\u00e5ra asfaltsg\u00e5ngar och trottoarer p\u00e5 v\u00e5ra kyrkog\u00e5rdar inne i Enk\u00f6ping och vi forts\u00e4tter raskt ut p\u00e5 landet efter det.<\/p>\n<p>P\u00e5 grund av det milda v\u00e4dret har vi b\u00f6rjat s\u00e4tta ut redskap och kompostk\u00e4rror. Vi har redan satt ut pallkragar p\u00e5 v\u00e5ra kyrkog\u00e5rdar S:t Olof och V\u00e5rfru, d\u00e4r vi t\u00e4nker att gamla kransar ska sl\u00e4ngas.<\/p>\n<h2>N\u00e4r s\u00e4tts vattnet ig\u00e5ng?<\/h2>\n<p>V\u00e4derleken och minusgrader avg\u00f6r n\u00e4r vi kommer att s\u00e4tta i g\u00e5ng vattnet. Till pens\u00e9e\u00adplanteringen siktar vi p\u00e5 och hoppas att vi kan s\u00e4tta i g\u00e5ng vattnet. Vattenkannor och vaser plockas ut i samband med det.<\/p>\n<h2>Arbete med sk\u00f6tselgravar p\u00e5b\u00f6rjas 1 april<\/h2>\n<p>N\u00e4r tj\u00e4len succesivt g\u00e5r ur marken, t\u00f6mmer vi rabattl\u00e5dorna, kastar ljung och andra vinterblommor fr\u00e5n planteringsl\u00e5dorna, det inf\u00f6r pens\u00e9eplanteringen (g\u00e4ller endast de som har sk\u00f6tsel f\u00f6r det). Inneh\u00e5ller planteringsl\u00e5dorna \u00e4ven perenner, tar vi bort dem.<\/p>\n<p>\u00d6nskar gravr\u00e4tts\u00adinnehavaren ha dessa kvar b\u00f6r de tas bort innan vi utf\u00f6r all t\u00f6mning av jord. Vi t\u00f6mmer ur gammal jord och fyller p\u00e5 med ny jord, f\u00f6r de som har rabattsk\u00f6tsel.<\/p>\n<p>Vi utf\u00f6r sk\u00f6tsel av egenplanterade perenner, s\u00e5 vill man ha perennerna kvar och f\u00e5 dessa utplanterade och sk\u00f6tta av oss, ring kyrkog\u00e5rdskontoret f\u00f6r att best\u00e4lla den sk\u00f6tseln.<\/p>\n<p>Senast 30 april planteras alla pens\u00e9er, f\u00f6r de som best\u00e4llt.<\/p>\n<h2>Inte till\u00e5tet att elda fr\u00e5n 1 maj<\/h2>\n<p>Vi kommer ta bort gravlyktor fr\u00e5n askgravplatser (senast den 30 april). Eldning och t\u00e4ndning av levande gravljus \u00e4r inte till\u00e5tet efter 1 maj.<\/p>\n<h2>Bortplockning av batteriljus<\/h2>\n<p>Under veckorna 16 och 17 kommer samtliga batteriljus i pastoratets minneslundar och askgravplatser att plockas bort. Ljusen kommer att sparas av kyrkog\u00e5rdsf\u00f6rvaltningen en m\u00e5nad efter bortplockande. Under den tiden \u00e4r det m\u00f6jligt att \u00e5terf\u00e5 sitt ljus mot beskrivning.<\/p>\n<p>Vi uppskattar att de gravr\u00e4ttsinnehavare som tar bort sina gravlyktor, inte placerar dem bakom gravstenen. Det beror p\u00e5 att den platsen \u00e4r kyrkans plats och inte en f\u00f6rvaringsplats. Vi trimmar\/klipper d\u00e4r bakom med j\u00e4mna mellanrum och om det st\u00e5r lyktor d\u00e4r kan de skada oss och \u00e4ven maskiner och djur, ifall n\u00e5got g\u00e5r s\u00f6nder.<\/p>\n<h2>Vi besk\u00e4r tr\u00e4dkransar<\/h2>\n<p>Jobbet med besk\u00e4rning av tr\u00e4dkransarna forts\u00e4tter, just nu g\u00f6rs det jobbet i Kungs-Husby. Vi besk\u00e4r de sista frukttr\u00e4den (som finns p\u00e5 en del hembygdsg\u00e5rdar, f\u00f6rsamlingshem) i pastoratet.<\/p>\n<h2>V\u00e4lkommen alla s\u00e4songare!<\/h2>\n<p>M\u00e5ndag 7 april v\u00e4lkomnar vi v\u00e5ra 16 s\u00e4songare, nya som \u201dgamla\u201d. Vi kommer i april ocks\u00e5 att intervjua sommarjobbare f\u00f6r de 12 platser som vi erbjuder i \u00e5r. Det kommer att vara tv\u00e5 perioder under sommaren, med sex personer i varje period.<\/p>\n<h2>Gravr\u00e4ttsinnehavare s\u00f6kes!<\/h2>\n<p>Vi forts\u00e4tter att s\u00f6ka efter gravr\u00e4ttsinnehavare till ett antal gravplatser. Finns det en gr\u00f6n kontaktskylt p\u00e5 en gravplats du bes\u00f6ker, uppskattar vi om du h\u00f6r av dig.<\/p>\n<p>\u00d6ppettider f\u00f6r kyrkog\u00e5rdskontoret hittar ni p\u00e5 v\u00e5r hemsida www.svenskakyrkan.se\/enkoping\/kontakt-kyrkogard<\/p>\n<h2>Ny prislista f\u00f6r perenner<\/h2>\n<p>P\u00e5 v\u00e5r webb kan du ladda ner prislistan f\u00f6r gravsk\u00f6tsel 2025. <a href=\"http:\/\/www.svenskakyrkan.se\/enkoping\/gravskotselbroschyr\">H\u00e4r hittar du hela prislistan<\/a><\/p>\n<h4>H\u00e4lsningar fr\u00e5n<\/h4>\n<div>Elisabeth Nordfors, arbetsledare + alla kyrkog\u00e5rdsmedarbetare<\/div>\n<div><\/div>\n<div><\/div>\n<div><img loading=\"lazy\" decoding=\"async\" width=\"375\" height=\"500\" class=\"alignnone size-medium wp-image-2078\" src=\"http:\/\/blogg.svenskakyrkan.se\/kyrkogardienkoping\/files\/2025\/03\/Bild-Nyhetsbrev-kyrkogard-2-375x500.jpg\" alt=\"\" srcset=\"https:\/\/blogg.svenskakyrkan.se\/kyrkogardienkoping\/files\/2025\/03\/Bild-Nyhetsbrev-kyrkogard-2-375x500.jpg 375w, https:\/\/blogg.svenskakyrkan.se\/kyrkogardienkoping\/files\/2025\/03\/Bild-Nyhetsbrev-kyrkogard-2-1518x2024.jpg 1518w, https:\/\/blogg.svenskakyrkan.se\/kyrkogardienkoping\/files\/2025\/03\/Bild-Nyhetsbrev-kyrkogard-2-768x1024.jpg 768w, https:\/\/blogg.svenskakyrkan.se\/kyrkogardienkoping\/files\/2025\/03\/Bild-Nyhetsbrev-kyrkogard-2-1152x1536.jpg 1152w, https:\/\/blogg.svenskakyrkan.se\/kyrkogardienkoping\/files\/2025\/03\/Bild-Nyhetsbrev-kyrkogard-2-1536x2048.jpg 1536w, https:\/\/blogg.svenskakyrkan.se\/kyrkogardienkoping\/files\/2025\/03\/Bild-Nyhetsbrev-kyrkogard-2-1200x1600.jpg 1200w, https:\/\/blogg.svenskakyrkan.se\/kyrkogardienkoping\/files\/2025\/03\/Bild-Nyhetsbrev-kyrkogard-2-scaled.jpg 1920w\" sizes=\"auto, (max-width: 375px) 100vw, 375px\" \/><\/div>\n","protected":false},"excerpt":{"rendered":"<p>Tidig v\u00e5rst\u00e4dning Nu k\u00e4nner nog fler \u00e4n jag \u201dv\u00e5rvibbar\u201d och det k\u00e4nns s\u00e5 bra att vi i \u00e5r har p\u00e5b\u00f6rjat v\u00e5rf\u00f6rberedelser tidigare \u00e4n ett \u201dnormalt\u201d \u00e5r (kanske \u00e4r detta det nya normala?). Vi har redan p\u00e5b\u00f6rjat v\u00e5rst\u00e4dning av v\u00e5ra kyrkog\u00e5rdar, sandsopat v\u00e5ra asfaltsg\u00e5ngar och trottoarer p\u00e5 v\u00e5ra kyrkog\u00e5rdar inne i Enk\u00f6ping och vi forts\u00e4tter raskt [&hellip;]<\/p>\n","protected":false},"author":570,"featured_media":2076,"comment_status":"open","ping_status":"open","sticky":false,"template":"","format":"standard","meta":{"_acf_changed":false,"footnotes":""},"categories":[9],"tags":[],"class_list":["post-2073","post","type-post","status-publish","format-standard","has-post-thumbnail","hentry","category-okategoriserade"],"acf":[],"yoast_head":"<!-- This site is optimized with the Yoast SEO plugin v27.1.1 - https:\/\/yoast.com\/product\/yoast-seo-wordpress\/ -->\n<title>Nyhetsbrev fr\u00e5n kyrkog\u00e5rd april 2025 - Kyrkog\u00e5rdsbloggen i Enk\u00f6pings pastorat<\/title>\n<meta name=\"robots\" content=\"index, follow, max-snippet:-1, max-image-preview:large, max-video-preview:-1\" \/>\n<link rel=\"canonical\" href=\"https:\/\/blogg.svenskakyrkan.se\/kyrkogardienkoping\/2025\/03\/28\/nyhetsbrev-fran-kyrkogard-april-2025\/\" \/>\n<meta property=\"og:locale\" content=\"sv_SE\" \/>\n<meta property=\"og:type\" content=\"article\" \/>\n<meta property=\"og:title\" content=\"Nyhetsbrev fr\u00e5n kyrkog\u00e5rd april 2025 - Kyrkog\u00e5rdsbloggen i Enk\u00f6pings pastorat\" \/>\n<meta property=\"og:description\" content=\"Tidig v\u00e5rst\u00e4dning Nu k\u00e4nner nog fler \u00e4n jag \u201dv\u00e5rvibbar\u201d och det k\u00e4nns s\u00e5 bra att vi i \u00e5r har p\u00e5b\u00f6rjat v\u00e5rf\u00f6rberedelser tidigare \u00e4n ett \u201dnormalt\u201d \u00e5r (kanske \u00e4r detta det nya normala?). Vi har redan p\u00e5b\u00f6rjat v\u00e5rst\u00e4dning av v\u00e5ra kyrkog\u00e5rdar, sandsopat v\u00e5ra asfaltsg\u00e5ngar och trottoarer p\u00e5 v\u00e5ra kyrkog\u00e5rdar inne i Enk\u00f6ping och vi forts\u00e4tter raskt [&hellip;]\" \/>\n<meta property=\"og:url\" content=\"https:\/\/blogg.svenskakyrkan.se\/kyrkogardienkoping\/2025\/03\/28\/nyhetsbrev-fran-kyrkogard-april-2025\/\" \/>\n<meta property=\"og:site_name\" content=\"Kyrkog\u00e5rdsbloggen i Enk\u00f6pings pastorat\" \/>\n<meta property=\"article:published_time\" content=\"2025-03-28T13:59:13+00:00\" \/>\n<meta property=\"article:modified_time\" content=\"2025-04-01T15:58:51+00:00\" \/>\n<meta property=\"og:image\" content=\"https:\/\/blogg.svenskakyrkan.se\/kyrkogardienkoping\/files\/2025\/03\/Bild-Nyhetsbrev-kyrkogard-4-1519x2024.jpeg\" \/>\n\t<meta property=\"og:image:width\" content=\"1519\" \/>\n\t<meta property=\"og:image:height\" content=\"2024\" \/>\n\t<meta property=\"og:image:type\" content=\"image\/jpeg\" \/>\n<meta name=\"author\" content=\"Enk\u00f6pings pastorat\" \/>\n<meta name=\"twitter:card\" content=\"summary_large_image\" \/>\n<meta name=\"twitter:label1\" content=\"Skriven av\" \/>\n\t<meta name=\"twitter:data1\" content=\"Enk\u00f6pings pastorat\" \/>\n\t<meta name=\"twitter:label2\" content=\"Ber\u00e4knad l\u00e4stid\" \/>\n\t<meta name=\"twitter:data2\" content=\"3 minuter\" \/>\n<script type=\"application\/ld+json\" class=\"yoast-schema-graph\">{\"@context\":\"https:\/\/schema.org\",\"@graph\":[{\"@type\":\"Article\",\"@id\":\"https:\/\/blogg.svenskakyrkan.se\/kyrkogardienkoping\/2025\/03\/28\/nyhetsbrev-fran-kyrkogard-april-2025\/#article\",\"isPartOf\":{\"@id\":\"https:\/\/blogg.svenskakyrkan.se\/kyrkogardienkoping\/2025\/03\/28\/nyhetsbrev-fran-kyrkogard-april-2025\/\"},\"author\":{\"name\":\"Enk\u00f6pings pastorat\",\"@id\":\"https:\/\/blogg.svenskakyrkan.se\/kyrkogardienkoping\/#\/schema\/person\/fdcd112045e5bc20f9d0eb1514813cb7\"},\"headline\":\"Nyhetsbrev fr\u00e5n kyrkog\u00e5rd april 2025\",\"datePublished\":\"2025-03-28T13:59:13+00:00\",\"dateModified\":\"2025-04-01T15:58:51+00:00\",\"mainEntityOfPage\":{\"@id\":\"https:\/\/blogg.svenskakyrkan.se\/kyrkogardienkoping\/2025\/03\/28\/nyhetsbrev-fran-kyrkogard-april-2025\/\"},\"wordCount\":642,\"commentCount\":0,\"image\":{\"@id\":\"https:\/\/blogg.svenskakyrkan.se\/kyrkogardienkoping\/2025\/03\/28\/nyhetsbrev-fran-kyrkogard-april-2025\/#primaryimage\"},\"thumbnailUrl\":\"https:\/\/blogg.svenskakyrkan.se\/kyrkogardienkoping\/files\/2025\/03\/Bild-Nyhetsbrev-kyrkogard-4.jpeg\",\"inLanguage\":\"sv-SE\",\"potentialAction\":[{\"@type\":\"CommentAction\",\"name\":\"Comment\",\"target\":[\"https:\/\/blogg.svenskakyrkan.se\/kyrkogardienkoping\/2025\/03\/28\/nyhetsbrev-fran-kyrkogard-april-2025\/#respond\"]}]},{\"@type\":\"WebPage\",\"@id\":\"https:\/\/blogg.svenskakyrkan.se\/kyrkogardienkoping\/2025\/03\/28\/nyhetsbrev-fran-kyrkogard-april-2025\/\",\"url\":\"https:\/\/blogg.svenskakyrkan.se\/kyrkogardienkoping\/2025\/03\/28\/nyhetsbrev-fran-kyrkogard-april-2025\/\",\"name\":\"Nyhetsbrev fr\u00e5n kyrkog\u00e5rd april 2025 - Kyrkog\u00e5rdsbloggen i Enk\u00f6pings pastorat\",\"isPartOf\":{\"@id\":\"https:\/\/blogg.svenskakyrkan.se\/kyrkogardienkoping\/#website\"},\"primaryImageOfPage\":{\"@id\":\"https:\/\/blogg.svenskakyrkan.se\/kyrkogardienkoping\/2025\/03\/28\/nyhetsbrev-fran-kyrkogard-april-2025\/#primaryimage\"},\"image\":{\"@id\":\"https:\/\/blogg.svenskakyrkan.se\/kyrkogardienkoping\/2025\/03\/28\/nyhetsbrev-fran-kyrkogard-april-2025\/#primaryimage\"},\"thumbnailUrl\":\"https:\/\/blogg.svenskakyrkan.se\/kyrkogardienkoping\/files\/2025\/03\/Bild-Nyhetsbrev-kyrkogard-4.jpeg\",\"datePublished\":\"2025-03-28T13:59:13+00:00\",\"dateModified\":\"2025-04-01T15:58:51+00:00\",\"author\":{\"@id\":\"https:\/\/blogg.svenskakyrkan.se\/kyrkogardienkoping\/#\/schema\/person\/fdcd112045e5bc20f9d0eb1514813cb7\"},\"breadcrumb\":{\"@id\":\"https:\/\/blogg.svenskakyrkan.se\/kyrkogardienkoping\/2025\/03\/28\/nyhetsbrev-fran-kyrkogard-april-2025\/#breadcrumb\"},\"inLanguage\":\"sv-SE\",\"potentialAction\":[{\"@type\":\"ReadAction\",\"target\":[\"https:\/\/blogg.svenskakyrkan.se\/kyrkogardienkoping\/2025\/03\/28\/nyhetsbrev-fran-kyrkogard-april-2025\/\"]}]},{\"@type\":\"ImageObject\",\"inLanguage\":\"sv-SE\",\"@id\":\"https:\/\/blogg.svenskakyrkan.se\/kyrkogardienkoping\/2025\/03\/28\/nyhetsbrev-fran-kyrkogard-april-2025\/#primaryimage\",\"url\":\"https:\/\/blogg.svenskakyrkan.se\/kyrkogardienkoping\/files\/2025\/03\/Bild-Nyhetsbrev-kyrkogard-4.jpeg\",\"contentUrl\":\"https:\/\/blogg.svenskakyrkan.se\/kyrkogardienkoping\/files\/2025\/03\/Bild-Nyhetsbrev-kyrkogard-4.jpeg\",\"width\":1816,\"height\":2420,\"caption\":\"Foto: Sandra Hjalmarsson\"},{\"@type\":\"BreadcrumbList\",\"@id\":\"https:\/\/blogg.svenskakyrkan.se\/kyrkogardienkoping\/2025\/03\/28\/nyhetsbrev-fran-kyrkogard-april-2025\/#breadcrumb\",\"itemListElement\":[{\"@type\":\"ListItem\",\"position\":1,\"name\":\"Hem\",\"item\":\"https:\/\/blogg.svenskakyrkan.se\/kyrkogardienkoping\/\"},{\"@type\":\"ListItem\",\"position\":2,\"name\":\"Nyhetsbrev fr\u00e5n kyrkog\u00e5rd april 2025\"}]},{\"@type\":\"WebSite\",\"@id\":\"https:\/\/blogg.svenskakyrkan.se\/kyrkogardienkoping\/#website\",\"url\":\"https:\/\/blogg.svenskakyrkan.se\/kyrkogardienkoping\/\",\"name\":\"Kyrkog\u00e5rdsbloggen i Enk\u00f6pings pastorat\",\"description\":\"Om arbetet p\u00e5 de 27 kyrkog\u00e5rdarna inom Enk\u00f6pings pastorat. Allt fr\u00e5n synen p\u00e5 en kyrkog\u00e5rd som b\u00e5de park och viloplats till vad det handlar om att arbeta p\u00e5 en kyrkog\u00e5rd s\u00e5som gr\u00e4sklippning, plantering, sn\u00f6skottning, anl\u00e4ggningsarbeten och arbetsvardagen i st\u00f6rsta allm\u00e4nhet.\",\"potentialAction\":[{\"@type\":\"SearchAction\",\"target\":{\"@type\":\"EntryPoint\",\"urlTemplate\":\"https:\/\/blogg.svenskakyrkan.se\/kyrkogardienkoping\/?s={search_term_string}\"},\"query-input\":{\"@type\":\"PropertyValueSpecification\",\"valueRequired\":true,\"valueName\":\"search_term_string\"}}],\"inLanguage\":\"sv-SE\"},{\"@type\":\"Person\",\"@id\":\"https:\/\/blogg.svenskakyrkan.se\/kyrkogardienkoping\/#\/schema\/person\/fdcd112045e5bc20f9d0eb1514813cb7\",\"name\":\"Enk\u00f6pings pastorat\",\"image\":{\"@type\":\"ImageObject\",\"inLanguage\":\"sv-SE\",\"@id\":\"https:\/\/blogg.svenskakyrkan.se\/kyrkogardienkoping\/#\/schema\/person\/image\/\",\"url\":\"https:\/\/secure.gravatar.com\/avatar\/8cd11ef6b0b40e697857ddd81e051d862c31ee1640de70aa81fb10eae52caf84?s=96&d=mm&r=g\",\"contentUrl\":\"https:\/\/secure.gravatar.com\/avatar\/8cd11ef6b0b40e697857ddd81e051d862c31ee1640de70aa81fb10eae52caf84?s=96&d=mm&r=g\",\"caption\":\"Enk\u00f6pings pastorat\"},\"url\":\"https:\/\/blogg.svenskakyrkan.se\/kyrkogardienkoping\/author\/susannegorne\/\"}]}<\/script>\n<!-- \/ Yoast SEO plugin. -->","yoast_head_json":{"title":"Nyhetsbrev fr\u00e5n kyrkog\u00e5rd april 2025 - Kyrkog\u00e5rdsbloggen i Enk\u00f6pings pastorat","robots":{"index":"index","follow":"follow","max-snippet":"max-snippet:-1","max-image-preview":"max-image-preview:large","max-video-preview":"max-video-preview:-1"},"canonical":"https:\/\/blogg.svenskakyrkan.se\/kyrkogardienkoping\/2025\/03\/28\/nyhetsbrev-fran-kyrkogard-april-2025\/","og_locale":"sv_SE","og_type":"article","og_title":"Nyhetsbrev fr\u00e5n kyrkog\u00e5rd april 2025 - Kyrkog\u00e5rdsbloggen i Enk\u00f6pings pastorat","og_description":"Tidig v\u00e5rst\u00e4dning Nu k\u00e4nner nog fler \u00e4n jag \u201dv\u00e5rvibbar\u201d och det k\u00e4nns s\u00e5 bra att vi i \u00e5r har p\u00e5b\u00f6rjat v\u00e5rf\u00f6rberedelser tidigare \u00e4n ett \u201dnormalt\u201d \u00e5r (kanske \u00e4r detta det nya normala?). Vi har redan p\u00e5b\u00f6rjat v\u00e5rst\u00e4dning av v\u00e5ra kyrkog\u00e5rdar, sandsopat v\u00e5ra asfaltsg\u00e5ngar och trottoarer p\u00e5 v\u00e5ra kyrkog\u00e5rdar inne i Enk\u00f6ping och vi forts\u00e4tter raskt [&hellip;]","og_url":"https:\/\/blogg.svenskakyrkan.se\/kyrkogardienkoping\/2025\/03\/28\/nyhetsbrev-fran-kyrkogard-april-2025\/","og_site_name":"Kyrkog\u00e5rdsbloggen i Enk\u00f6pings pastorat","article_published_time":"2025-03-28T13:59:13+00:00","article_modified_time":"2025-04-01T15:58:51+00:00","og_image":[{"width":1519,"height":2024,"url":"https:\/\/blogg.svenskakyrkan.se\/kyrkogardienkoping\/files\/2025\/03\/Bild-Nyhetsbrev-kyrkogard-4-1519x2024.jpeg","type":"image\/jpeg"}],"author":"Enk\u00f6pings pastorat","twitter_card":"summary_large_image","twitter_misc":{"Skriven av":"Enk\u00f6pings pastorat","Ber\u00e4knad l\u00e4stid":"3 minuter"},"schema":{"@context":"https:\/\/schema.org","@graph":[{"@type":"Article","@id":"https:\/\/blogg.svenskakyrkan.se\/kyrkogardienkoping\/2025\/03\/28\/nyhetsbrev-fran-kyrkogard-april-2025\/#article","isPartOf":{"@id":"https:\/\/blogg.svenskakyrkan.se\/kyrkogardienkoping\/2025\/03\/28\/nyhetsbrev-fran-kyrkogard-april-2025\/"},"author":{"name":"Enk\u00f6pings pastorat","@id":"https:\/\/blogg.svenskakyrkan.se\/kyrkogardienkoping\/#\/schema\/person\/fdcd112045e5bc20f9d0eb1514813cb7"},"headline":"Nyhetsbrev fr\u00e5n kyrkog\u00e5rd april 2025","datePublished":"2025-03-28T13:59:13+00:00","dateModified":"2025-04-01T15:58:51+00:00","mainEntityOfPage":{"@id":"https:\/\/blogg.svenskakyrkan.se\/kyrkogardienkoping\/2025\/03\/28\/nyhetsbrev-fran-kyrkogard-april-2025\/"},"wordCount":642,"commentCount":0,"image":{"@id":"https:\/\/blogg.svenskakyrkan.se\/kyrkogardienkoping\/2025\/03\/28\/nyhetsbrev-fran-kyrkogard-april-2025\/#primaryimage"},"thumbnailUrl":"https:\/\/blogg.svenskakyrkan.se\/kyrkogardienkoping\/files\/2025\/03\/Bild-Nyhetsbrev-kyrkogard-4.jpeg","inLanguage":"sv-SE","potentialAction":[{"@type":"CommentAction","name":"Comment","target":["https:\/\/blogg.svenskakyrkan.se\/kyrkogardienkoping\/2025\/03\/28\/nyhetsbrev-fran-kyrkogard-april-2025\/#respond"]}]},{"@type":"WebPage","@id":"https:\/\/blogg.svenskakyrkan.se\/kyrkogardienkoping\/2025\/03\/28\/nyhetsbrev-fran-kyrkogard-april-2025\/","url":"https:\/\/blogg.svenskakyrkan.se\/kyrkogardienkoping\/2025\/03\/28\/nyhetsbrev-fran-kyrkogard-april-2025\/","name":"Nyhetsbrev fr\u00e5n kyrkog\u00e5rd april 2025 - Kyrkog\u00e5rdsbloggen i Enk\u00f6pings pastorat","isPartOf":{"@id":"https:\/\/blogg.svenskakyrkan.se\/kyrkogardienkoping\/#website"},"primaryImageOfPage":{"@id":"https:\/\/blogg.svenskakyrkan.se\/kyrkogardienkoping\/2025\/03\/28\/nyhetsbrev-fran-kyrkogard-april-2025\/#primaryimage"},"image":{"@id":"https:\/\/blogg.svenskakyrkan.se\/kyrkogardienkoping\/2025\/03\/28\/nyhetsbrev-fran-kyrkogard-april-2025\/#primaryimage"},"thumbnailUrl":"https:\/\/blogg.svenskakyrkan.se\/kyrkogardienkoping\/files\/2025\/03\/Bild-Nyhetsbrev-kyrkogard-4.jpeg","datePublished":"2025-03-28T13:59:13+00:00","dateModified":"2025-04-01T15:58:51+00:00","author":{"@id":"https:\/\/blogg.svenskakyrkan.se\/kyrkogardienkoping\/#\/schema\/person\/fdcd112045e5bc20f9d0eb1514813cb7"},"breadcrumb":{"@id":"https:\/\/blogg.svenskakyrkan.se\/kyrkogardienkoping\/2025\/03\/28\/nyhetsbrev-fran-kyrkogard-april-2025\/#breadcrumb"},"inLanguage":"sv-SE","potentialAction":[{"@type":"ReadAction","target":["https:\/\/blogg.svenskakyrkan.se\/kyrkogardienkoping\/2025\/03\/28\/nyhetsbrev-fran-kyrkogard-april-2025\/"]}]},{"@type":"ImageObject","inLanguage":"sv-SE","@id":"https:\/\/blogg.svenskakyrkan.se\/kyrkogardienkoping\/2025\/03\/28\/nyhetsbrev-fran-kyrkogard-april-2025\/#primaryimage","url":"https:\/\/blogg.svenskakyrkan.se\/kyrkogardienkoping\/files\/2025\/03\/Bild-Nyhetsbrev-kyrkogard-4.jpeg","contentUrl":"https:\/\/blogg.svenskakyrkan.se\/kyrkogardienkoping\/files\/2025\/03\/Bild-Nyhetsbrev-kyrkogard-4.jpeg","width":1816,"height":2420,"caption":"Foto: Sandra Hjalmarsson"},{"@type":"BreadcrumbList","@id":"https:\/\/blogg.svenskakyrkan.se\/kyrkogardienkoping\/2025\/03\/28\/nyhetsbrev-fran-kyrkogard-april-2025\/#breadcrumb","itemListElement":[{"@type":"ListItem","position":1,"name":"Hem","item":"https:\/\/blogg.svenskakyrkan.se\/kyrkogardienkoping\/"},{"@type":"ListItem","position":2,"name":"Nyhetsbrev fr\u00e5n kyrkog\u00e5rd april 2025"}]},{"@type":"WebSite","@id":"https:\/\/blogg.svenskakyrkan.se\/kyrkogardienkoping\/#website","url":"https:\/\/blogg.svenskakyrkan.se\/kyrkogardienkoping\/","name":"Kyrkog\u00e5rdsbloggen i Enk\u00f6pings pastorat","description":"Om arbetet p\u00e5 de 27 kyrkog\u00e5rdarna inom Enk\u00f6pings pastorat. Allt fr\u00e5n synen p\u00e5 en kyrkog\u00e5rd som b\u00e5de park och viloplats till vad det handlar om att arbeta p\u00e5 en kyrkog\u00e5rd s\u00e5som gr\u00e4sklippning, plantering, sn\u00f6skottning, anl\u00e4ggningsarbeten och arbetsvardagen i st\u00f6rsta allm\u00e4nhet.","potentialAction":[{"@type":"SearchAction","target":{"@type":"EntryPoint","urlTemplate":"https:\/\/blogg.svenskakyrkan.se\/kyrkogardienkoping\/?s={search_term_string}"},"query-input":{"@type":"PropertyValueSpecification","valueRequired":true,"valueName":"search_term_string"}}],"inLanguage":"sv-SE"},{"@type":"Person","@id":"https:\/\/blogg.svenskakyrkan.se\/kyrkogardienkoping\/#\/schema\/person\/fdcd112045e5bc20f9d0eb1514813cb7","name":"Enk\u00f6pings pastorat","image":{"@type":"ImageObject","inLanguage":"sv-SE","@id":"https:\/\/blogg.svenskakyrkan.se\/kyrkogardienkoping\/#\/schema\/person\/image\/","url":"https:\/\/secure.gravatar.com\/avatar\/8cd11ef6b0b40e697857ddd81e051d862c31ee1640de70aa81fb10eae52caf84?s=96&d=mm&r=g","contentUrl":"https:\/\/secure.gravatar.com\/avatar\/8cd11ef6b0b40e697857ddd81e051d862c31ee1640de70aa81fb10eae52caf84?s=96&d=mm&r=g","caption":"Enk\u00f6pings pastorat"},"url":"https:\/\/blogg.svenskakyrkan.se\/kyrkogardienkoping\/author\/susannegorne\/"}]}},"author_meta":{"ID":"570","user_nicename":"susannegorne","user_registered":"2016-05-24 16:47:19","display_name":"Enk\u00f6pings pastorat","avatar":"https:\/\/secure.gravatar.com\/avatar\/8cd11ef6b0b40e697857ddd81e051d862c31ee1640de70aa81fb10eae52caf84?s=96&d=mm&r=g"},"featured_image":["https:\/\/blogg.svenskakyrkan.se\/kyrkogardienkoping\/files\/2025\/03\/Bild-Nyhetsbrev-kyrkogard-4-1519x2024.jpeg",1519,2024,true],"bloginfo":{"name":"Kyrkog\u00e5rdsbloggen i Enk\u00f6pings pastorat","url":"https:\/\/blogg.svenskakyrkan.se\/kyrkogardienkoping"},"_links":{"self":[{"href":"https:\/\/blogg.svenskakyrkan.se\/kyrkogardienkoping\/wp-json\/wp\/v2\/posts\/2073","targetHints":{"allow":["GET"]}}],"collection":[{"href":"https:\/\/blogg.svenskakyrkan.se\/kyrkogardienkoping\/wp-json\/wp\/v2\/posts"}],"about":[{"href":"https:\/\/blogg.svenskakyrkan.se\/kyrkogardienkoping\/wp-json\/wp\/v2\/types\/post"}],"author":[{"embeddable":true,"href":"https:\/\/blogg.svenskakyrkan.se\/kyrkogardienkoping\/wp-json\/wp\/v2\/users\/570"}],"replies":[{"embeddable":true,"href":"https:\/\/blogg.svenskakyrkan.se\/kyrkogardienkoping\/wp-json\/wp\/v2\/comments?post=2073"}],"version-history":[{"count":6,"href":"https:\/\/blogg.svenskakyrkan.se\/kyrkogardienkoping\/wp-json\/wp\/v2\/posts\/2073\/revisions"}],"predecessor-version":[{"id":2083,"href":"https:\/\/blogg.svenskakyrkan.se\/kyrkogardienkoping\/wp-json\/wp\/v2\/posts\/2073\/revisions\/2083"}],"wp:featuredmedia":[{"embeddable":true,"href":"https:\/\/blogg.svenskakyrkan.se\/kyrkogardienkoping\/wp-json\/wp\/v2\/media\/2076"}],"wp:attachment":[{"href":"https:\/\/blogg.svenskakyrkan.se\/kyrkogardienkoping\/wp-json\/wp\/v2\/media?parent=2073"}],"wp:term":[{"taxonomy":"category","embeddable":true,"href":"https:\/\/blogg.svenskakyrkan.se\/kyrkogardienkoping\/wp-json\/wp\/v2\/categories?post=2073"},{"taxonomy":"post_tag","embeddable":true,"href":"https:\/\/blogg.svenskakyrkan.se\/kyrkogardienkoping\/wp-json\/wp\/v2\/tags?post=2073"}],"curies":[{"name":"wp","href":"https:\/\/api.w.org\/{rel}","templated":true}]}}