{"id":2104,"date":"2025-08-25T16:41:29","date_gmt":"2025-08-25T14:41:29","guid":{"rendered":"https:\/\/blogg.svenskakyrkan.se\/kyrkogardienkoping\/?p=2104"},"modified":"2025-08-26T15:39:30","modified_gmt":"2025-08-26T13:39:30","slug":"nyhetsbrev-fran-kyrkogard-september-2025","status":"publish","type":"post","link":"https:\/\/blogg.svenskakyrkan.se\/kyrkogardienkoping\/2025\/08\/25\/nyhetsbrev-fran-kyrkogard-september-2025\/","title":{"rendered":"Nyhetsbrev fr\u00e5n kyrkog\u00e5rd september 2025"},"content":{"rendered":"<h2>Vi \u00e4r intresserade av v\u00e4der \ud83d\ude42<\/h2>\n<p>Sommaren har pr\u00e4glats av varierande v\u00e4der, hetta, regn och bl\u00e5st. Vi f\u00e5r ibland h\u00f6ra av personal (som kommer nya till oss) att de f\u00f6rv\u00e5nas \u00f6ver hur m\u00e5nga i personalen som f\u00f6ljer v\u00e4der\u00adappar.<\/p>\n<p>Men vi \u00e4r ganska v\u00e4derberoende och f\u00f6rs\u00f6ker l\u00e4gga upp v\u00e5rt arbete s\u00e5 mycket det g\u00e5r, efter prognoserna men det \u00e4r inte s\u00e5 l\u00e4tt att lita p\u00e5 alla g\u00e5nger.<\/p>\n<h2>Sommar = vattna och klippa gr\u00e4s<\/h2>\n<p>Det har som vanligt varit mycket gr\u00e4sklippning och vattning under hela sommarperioden. Under vissa \u00e5r v\u00e4xer det lite mindre under juli. De g\u00e5ngerna \u00e4r efter\u00adl\u00e4ngtade eftersom det blir tillf\u00e4lle att hinna g\u00f6ra andra saker. Men inte i \u00e5r allts\u00e5 &#8230;<\/p>\n<h2>Tack till v\u00e5ra sommarjobbare!<\/h2>\n<p>Vi har haft 12 stycken sommarjobbande ungdomar p\u00e5 kyrkog\u00e5rds\u00adf\u00f6rvaltningen, som har gjort ett mycket bra jobb hos oss. Det \u00e4r inte bara trevligt att de \u00e4r hos oss, utan de \u00e4r ocks\u00e5 till mycket hj\u00e4lp.<\/p>\n<h2>Nya askgravplatser anlagda<\/h2>\n<p>Vi har anlagt nya askgravplatser, tv\u00e5 p\u00e5 V\u00e5rfrukyrkog\u00e5rden och en p\u00e5 Tillinge kyrkog\u00e5rd. Tillinges \u00e4r f\u00e4rdigplanterad med perenner. Fram\u00f6ver kommer \u00e4ven blommor p\u00e5 V\u00e5rfrukyrkans askgrav att planteras. Torstuna och Fr\u00f6sthults askgravplatser \u00e4r nu planterade med perenner.<\/p>\n<h2>Vattenbrist under sommaren<\/h2>\n<p>Vi har under sommaren haft brist p\u00e5 vatten p\u00e5 vissa kyrkog\u00e5rdar. N\u00e4r vi har det s\u00e5 st\u00e4ller vi oftast ut vattentankar som en tillf\u00e4llig l\u00f6sning. Vi jobbar kontinuerligt med att f\u00e5 det att fungera p\u00e5 alla st\u00e4llen men vissa platser har s\u00e4mre m\u00f6jligheter. Vi f\u00f6rst\u00e5r frustrationen att komma ut och det inte finns vatten. Vi f\u00f6rs\u00f6ker \u00e5tg\u00e4rda det s\u00e5 snart som m\u00f6jligt. Ibland g\u00e5r det s\u00e5 fort att vi sj\u00e4lva inte har hunnit uppt\u00e4cka att n\u00e5got \u00e4r fel men det g\u00e5r alltid att kontakta oss om n\u00e5got inte fungerar.<\/p>\n<h2>Gravstenar blir fina efter tv\u00e4tt<\/h2>\n<p>I ett tidigare nyhetsbrev skrev jag om tv\u00e4tt av gravstenar. Det forts\u00e4tter vi med och det kommer hela tiden in nya best\u00e4llningar p\u00e5 det arbetet. Det blir s\u00e5 otroligt fint efter en tv\u00e4tt!<\/p>\n<h2>N\u00e4r det v\u00e4xer m\u00e5ste vi klippa &#8230;<\/h2>\n<p>H\u00e4ckklippning av tuja har p\u00e5b\u00f6rjats och kommer att forts\u00e4tta i september. \u00c4ven v\u00e4xligheten p\u00e5 l\u00f6vh\u00e4ckar har varit enorm och det syns n\u00e4stan inte p\u00e5 vissa st\u00e4llen att vi klippte runt mid\u00adsommar. S\u00e5 vi kommer \u00e4ven att putsa dem, d\u00e4r det beh\u00f6vs. Det g\u00e4ller \u00e4ven sk\u00f6tselh\u00e4ckar (l\u00f6vh\u00e4ckar endast)<\/p>\n<p>JAS-besk\u00e4rningar p\u00e5g\u00e5r f\u00f6r fullt. JAS-besk\u00e4rning refererar till besk\u00e4rning som utf\u00f6rs under juli, augusti och september som \u00e4r den period d\u00e5 det \u00e4r mest gynnsamt att besk\u00e4ra m\u00e5nga tr\u00e4d och buskar.<\/p>\n<h2>Sk\u00f6tsel av blommor<\/h2>\n<p>De flesta sommarblommorna tycker vi har varit v\u00e4ldigt fina i \u00e5r men som alltid i slutet av s\u00e4songen, kan de b\u00f6rja bli d\u00e5liga. Vi brukar byta ut de d\u00e5liga s\u00e5 l\u00e4nge vi har i lager (f\u00f6r de som har best\u00e4llt av oss) De som planterat egna sommarblommor med sk\u00f6tsel fr\u00e5n oss, ers\u00e4tter vi inte n\u00e4r de blir d\u00e5liga.<\/p>\n<p>I slutet av september \/ i b\u00f6rjan av oktober, tar vi bort sommarblommorna och fyller p\u00e5 jord i planteringsl\u00e5dorna. Det g\u00e4ller de som har sk\u00f6tsel och d\u00e4r det finns behov. F\u00f6r de som best\u00e4llt ljung av oss, sker plantering med start i b\u00f6rjan av oktober<\/p>\n<p>Perenner p\u00e5 askgravplatser och p\u00e5 enskilda gravplatser, som har sk\u00f6tsel f\u00f6r perenner, kommer vi att klippa ner, vartefter de blir d\u00e5liga.<\/p>\n<h2>Dags f\u00f6r nya anslagstavlor<\/h2>\n<p>Grindstolpar i Husby-Sjutolft b\u00f6rjar renoveras inom kort och p\u00e5 flera av pastoratets kyrkog\u00e5rdar har vi b\u00f6rjat bytet av redskapsst\u00e4ll och anslagstavlor.<\/p>\n<p>Alla Fj\u00e4rdhundras kyrkog\u00e5rdar kommer att f\u00e5 helt nya anslagstavlor och vissa av \u00f6vriga pastoratets anslagstavlor, som varit trasiga, kommer att bytas.<\/p>\n<h2>Ledig tj\u00e4nst!<\/h2>\n<p>Inom kort kommer en annons ut d\u00e5 vi s\u00f6ker en ny kyrkog\u00e5rdsarbetare med inriktning anl\u00e4ggning. H\u00e5ll utkik p\u00e5 <a href=\"https:\/\/www.svenskakyrkan.se\/enkoping\/ledigajobb\">www.svenskakyrkan.se\/enkoping\/ledigajobb<\/a><\/p>\n<h2>Gravsyn p\u00e5g\u00e5r<\/h2>\n<p>Kyrkog\u00e5rdsf\u00f6rvaltningen har i uppdrag att se till s\u00e5 kyrkog\u00e5rdens gravplatser h\u00e5lls i ett v\u00e5rdat och v\u00e4rdigt skick och varje gravr\u00e4ttsinnehavares \u00e4r skyldig att sk\u00f6ta sin gravplats. Under en gravsyn inspekterar vi gravplatserna f\u00f6r att vara s\u00e4kra p\u00e5 att de h\u00e5lls i bra skick.<\/p>\n<p>\u00c5rets gravsyn p\u00e5g\u00e5r just nu och vi skickar l\u00f6pande ut brev med erbjudande om sk\u00f6tsel i de fall d\u00e4r vi har anledning att tro att ingen l\u00e4ngre bes\u00f6ker grav\u00adplatsen.<\/p>\n<h2>Fortfarande inte till\u00e5tet att elda p\u00e5 kyrkog\u00e5rden<\/h2>\n<p>Vi p\u00e5minner igen om att det sedan 1 maj inte \u00e4r till\u00e5tet att t\u00e4nda levande gravljus p\u00e5 kyrkog\u00e5rden. Vi kommer att bl\u00e5sa ut s\u00e5dana om de uppt\u00e4cks och sedan plocka bort. Den stora anledningen \u00e4r brandfaran. Vid flera tillf\u00e4llen har det b\u00f6rjat brinna p\u00e5 n\u00e5gra v\u00e5ra kyrkog\u00e5rdar. Fr\u00e5n och med 1 oktober \u00e4r det okej att t\u00e4nda ljus igen.<\/p>\n<h2>Gravr\u00e4ttsinnehavare s\u00f6kes!<\/h2>\n<p>Vi forts\u00e4tter att s\u00f6ka efter gravr\u00e4ttsinnehavare till ett antal gravplatser. Finns det en gr\u00f6n kontaktskylt p\u00e5 en gravplats du bes\u00f6ker, h\u00f6r av dig!<\/p>\n<p><a href=\"https:\/\/www.svenskakyrkan.se\/enkoping\/kontakt-kyrkogard\">Kontakt till kyrkog\u00e5rdskontoret hittar du h\u00e4r<\/a><\/p>\n<p>H\u00f6sth\u00e4lsingar fr\u00e5n<br \/>\nElisabeth Nordfors, arbetsledare + alla kyrkog\u00e5rdsmedarbetare<\/p>\n<p><img loading=\"lazy\" decoding=\"async\" width=\"500\" height=\"375\" class=\"alignnone size-medium wp-image-2109\" src=\"http:\/\/blogg.svenskakyrkan.se\/kyrkogardienkoping\/files\/2025\/08\/Rengora-gravsten-Elisabeth-Nordfors-1-500x375.jpg\" alt=\"\" srcset=\"https:\/\/blogg.svenskakyrkan.se\/kyrkogardienkoping\/files\/2025\/08\/Rengora-gravsten-Elisabeth-Nordfors-1-500x375.jpg 500w, https:\/\/blogg.svenskakyrkan.se\/kyrkogardienkoping\/files\/2025\/08\/Rengora-gravsten-Elisabeth-Nordfors-1.jpg 638w\" sizes=\"auto, (max-width: 500px) 100vw, 500px\" \/><\/p>\n<p><img loading=\"lazy\" decoding=\"async\" width=\"500\" height=\"375\" class=\"alignnone size-medium wp-image-2108\" src=\"http:\/\/blogg.svenskakyrkan.se\/kyrkogardienkoping\/files\/2025\/08\/Rengora-gravsten-Elisabeth-Nordfors-2-500x375.jpg\" alt=\"\" srcset=\"https:\/\/blogg.svenskakyrkan.se\/kyrkogardienkoping\/files\/2025\/08\/Rengora-gravsten-Elisabeth-Nordfors-2-500x375.jpg 500w, https:\/\/blogg.svenskakyrkan.se\/kyrkogardienkoping\/files\/2025\/08\/Rengora-gravsten-Elisabeth-Nordfors-2.jpg 640w\" sizes=\"auto, (max-width: 500px) 100vw, 500px\" \/><\/p>\n","protected":false},"excerpt":{"rendered":"<p>Vi \u00e4r intresserade av v\u00e4der \ud83d\ude42 Sommaren har pr\u00e4glats av varierande v\u00e4der, hetta, regn och bl\u00e5st. Vi f\u00e5r ibland h\u00f6ra av personal (som kommer nya till oss) att de f\u00f6rv\u00e5nas \u00f6ver hur m\u00e5nga i personalen som f\u00f6ljer v\u00e4der\u00adappar. Men vi \u00e4r ganska v\u00e4derberoende och f\u00f6rs\u00f6ker l\u00e4gga upp v\u00e5rt arbete s\u00e5 mycket det g\u00e5r, efter prognoserna [&hellip;]<\/p>\n","protected":false},"author":570,"featured_media":2107,"comment_status":"open","ping_status":"open","sticky":false,"template":"","format":"standard","meta":{"_acf_changed":false,"footnotes":""},"categories":[9],"tags":[],"class_list":["post-2104","post","type-post","status-publish","format-standard","has-post-thumbnail","hentry","category-okategoriserade"],"acf":[],"yoast_head":"<!-- This site is optimized with the Yoast SEO plugin v27.1.1 - https:\/\/yoast.com\/product\/yoast-seo-wordpress\/ -->\n<title>Nyhetsbrev fr\u00e5n kyrkog\u00e5rd september 2025 - Kyrkog\u00e5rdsbloggen i Enk\u00f6pings pastorat<\/title>\n<meta name=\"robots\" content=\"index, follow, max-snippet:-1, max-image-preview:large, max-video-preview:-1\" \/>\n<link rel=\"canonical\" href=\"https:\/\/blogg.svenskakyrkan.se\/kyrkogardienkoping\/2025\/08\/25\/nyhetsbrev-fran-kyrkogard-september-2025\/\" \/>\n<meta property=\"og:locale\" content=\"sv_SE\" \/>\n<meta property=\"og:type\" content=\"article\" \/>\n<meta property=\"og:title\" content=\"Nyhetsbrev fr\u00e5n kyrkog\u00e5rd september 2025 - Kyrkog\u00e5rdsbloggen i Enk\u00f6pings pastorat\" \/>\n<meta property=\"og:description\" content=\"Vi \u00e4r intresserade av v\u00e4der \ud83d\ude42 Sommaren har pr\u00e4glats av varierande v\u00e4der, hetta, regn och bl\u00e5st. Vi f\u00e5r ibland h\u00f6ra av personal (som kommer nya till oss) att de f\u00f6rv\u00e5nas \u00f6ver hur m\u00e5nga i personalen som f\u00f6ljer v\u00e4der\u00adappar. Men vi \u00e4r ganska v\u00e4derberoende och f\u00f6rs\u00f6ker l\u00e4gga upp v\u00e5rt arbete s\u00e5 mycket det g\u00e5r, efter prognoserna [&hellip;]\" \/>\n<meta property=\"og:url\" content=\"https:\/\/blogg.svenskakyrkan.se\/kyrkogardienkoping\/2025\/08\/25\/nyhetsbrev-fran-kyrkogard-september-2025\/\" \/>\n<meta property=\"og:site_name\" content=\"Kyrkog\u00e5rdsbloggen i Enk\u00f6pings pastorat\" \/>\n<meta property=\"article:published_time\" content=\"2025-08-25T14:41:29+00:00\" \/>\n<meta property=\"article:modified_time\" content=\"2025-08-26T13:39:30+00:00\" \/>\n<meta property=\"og:image\" content=\"https:\/\/blogg.svenskakyrkan.se\/kyrkogardienkoping\/files\/2025\/08\/kyrkogard-hackklippstolof3host-1519x2024.jpeg\" \/>\n\t<meta property=\"og:image:width\" content=\"1519\" \/>\n\t<meta property=\"og:image:height\" content=\"2024\" \/>\n\t<meta property=\"og:image:type\" content=\"image\/jpeg\" \/>\n<meta name=\"author\" content=\"Enk\u00f6pings pastorat\" \/>\n<meta name=\"twitter:card\" content=\"summary_large_image\" \/>\n<meta name=\"twitter:label1\" content=\"Skriven av\" \/>\n\t<meta name=\"twitter:data1\" content=\"Enk\u00f6pings pastorat\" \/>\n\t<meta name=\"twitter:label2\" content=\"Ber\u00e4knad l\u00e4stid\" \/>\n\t<meta name=\"twitter:data2\" content=\"5 minuter\" \/>\n<script type=\"application\/ld+json\" class=\"yoast-schema-graph\">{\"@context\":\"https:\/\/schema.org\",\"@graph\":[{\"@type\":\"Article\",\"@id\":\"https:\/\/blogg.svenskakyrkan.se\/kyrkogardienkoping\/2025\/08\/25\/nyhetsbrev-fran-kyrkogard-september-2025\/#article\",\"isPartOf\":{\"@id\":\"https:\/\/blogg.svenskakyrkan.se\/kyrkogardienkoping\/2025\/08\/25\/nyhetsbrev-fran-kyrkogard-september-2025\/\"},\"author\":{\"name\":\"Enk\u00f6pings pastorat\",\"@id\":\"https:\/\/blogg.svenskakyrkan.se\/kyrkogardienkoping\/#\/schema\/person\/fdcd112045e5bc20f9d0eb1514813cb7\"},\"headline\":\"Nyhetsbrev fr\u00e5n kyrkog\u00e5rd september 2025\",\"datePublished\":\"2025-08-25T14:41:29+00:00\",\"dateModified\":\"2025-08-26T13:39:30+00:00\",\"mainEntityOfPage\":{\"@id\":\"https:\/\/blogg.svenskakyrkan.se\/kyrkogardienkoping\/2025\/08\/25\/nyhetsbrev-fran-kyrkogard-september-2025\/\"},\"wordCount\":962,\"commentCount\":0,\"image\":{\"@id\":\"https:\/\/blogg.svenskakyrkan.se\/kyrkogardienkoping\/2025\/08\/25\/nyhetsbrev-fran-kyrkogard-september-2025\/#primaryimage\"},\"thumbnailUrl\":\"https:\/\/blogg.svenskakyrkan.se\/kyrkogardienkoping\/files\/2025\/08\/kyrkogard-hackklippstolof3host.jpeg\",\"inLanguage\":\"sv-SE\",\"potentialAction\":[{\"@type\":\"CommentAction\",\"name\":\"Comment\",\"target\":[\"https:\/\/blogg.svenskakyrkan.se\/kyrkogardienkoping\/2025\/08\/25\/nyhetsbrev-fran-kyrkogard-september-2025\/#respond\"]}]},{\"@type\":\"WebPage\",\"@id\":\"https:\/\/blogg.svenskakyrkan.se\/kyrkogardienkoping\/2025\/08\/25\/nyhetsbrev-fran-kyrkogard-september-2025\/\",\"url\":\"https:\/\/blogg.svenskakyrkan.se\/kyrkogardienkoping\/2025\/08\/25\/nyhetsbrev-fran-kyrkogard-september-2025\/\",\"name\":\"Nyhetsbrev fr\u00e5n kyrkog\u00e5rd september 2025 - Kyrkog\u00e5rdsbloggen i Enk\u00f6pings pastorat\",\"isPartOf\":{\"@id\":\"https:\/\/blogg.svenskakyrkan.se\/kyrkogardienkoping\/#website\"},\"primaryImageOfPage\":{\"@id\":\"https:\/\/blogg.svenskakyrkan.se\/kyrkogardienkoping\/2025\/08\/25\/nyhetsbrev-fran-kyrkogard-september-2025\/#primaryimage\"},\"image\":{\"@id\":\"https:\/\/blogg.svenskakyrkan.se\/kyrkogardienkoping\/2025\/08\/25\/nyhetsbrev-fran-kyrkogard-september-2025\/#primaryimage\"},\"thumbnailUrl\":\"https:\/\/blogg.svenskakyrkan.se\/kyrkogardienkoping\/files\/2025\/08\/kyrkogard-hackklippstolof3host.jpeg\",\"datePublished\":\"2025-08-25T14:41:29+00:00\",\"dateModified\":\"2025-08-26T13:39:30+00:00\",\"author\":{\"@id\":\"https:\/\/blogg.svenskakyrkan.se\/kyrkogardienkoping\/#\/schema\/person\/fdcd112045e5bc20f9d0eb1514813cb7\"},\"breadcrumb\":{\"@id\":\"https:\/\/blogg.svenskakyrkan.se\/kyrkogardienkoping\/2025\/08\/25\/nyhetsbrev-fran-kyrkogard-september-2025\/#breadcrumb\"},\"inLanguage\":\"sv-SE\",\"potentialAction\":[{\"@type\":\"ReadAction\",\"target\":[\"https:\/\/blogg.svenskakyrkan.se\/kyrkogardienkoping\/2025\/08\/25\/nyhetsbrev-fran-kyrkogard-september-2025\/\"]}]},{\"@type\":\"ImageObject\",\"inLanguage\":\"sv-SE\",\"@id\":\"https:\/\/blogg.svenskakyrkan.se\/kyrkogardienkoping\/2025\/08\/25\/nyhetsbrev-fran-kyrkogard-september-2025\/#primaryimage\",\"url\":\"https:\/\/blogg.svenskakyrkan.se\/kyrkogardienkoping\/files\/2025\/08\/kyrkogard-hackklippstolof3host.jpeg\",\"contentUrl\":\"https:\/\/blogg.svenskakyrkan.se\/kyrkogardienkoping\/files\/2025\/08\/kyrkogard-hackklippstolof3host.jpeg\",\"width\":1816,\"height\":2420},{\"@type\":\"BreadcrumbList\",\"@id\":\"https:\/\/blogg.svenskakyrkan.se\/kyrkogardienkoping\/2025\/08\/25\/nyhetsbrev-fran-kyrkogard-september-2025\/#breadcrumb\",\"itemListElement\":[{\"@type\":\"ListItem\",\"position\":1,\"name\":\"Hem\",\"item\":\"https:\/\/blogg.svenskakyrkan.se\/kyrkogardienkoping\/\"},{\"@type\":\"ListItem\",\"position\":2,\"name\":\"Nyhetsbrev fr\u00e5n kyrkog\u00e5rd september 2025\"}]},{\"@type\":\"WebSite\",\"@id\":\"https:\/\/blogg.svenskakyrkan.se\/kyrkogardienkoping\/#website\",\"url\":\"https:\/\/blogg.svenskakyrkan.se\/kyrkogardienkoping\/\",\"name\":\"Kyrkog\u00e5rdsbloggen i Enk\u00f6pings pastorat\",\"description\":\"Om arbetet p\u00e5 de 27 kyrkog\u00e5rdarna inom Enk\u00f6pings pastorat. Allt fr\u00e5n synen p\u00e5 en kyrkog\u00e5rd som b\u00e5de park och viloplats till vad det handlar om att arbeta p\u00e5 en kyrkog\u00e5rd s\u00e5som gr\u00e4sklippning, plantering, sn\u00f6skottning, anl\u00e4ggningsarbeten och arbetsvardagen i st\u00f6rsta allm\u00e4nhet.\",\"potentialAction\":[{\"@type\":\"SearchAction\",\"target\":{\"@type\":\"EntryPoint\",\"urlTemplate\":\"https:\/\/blogg.svenskakyrkan.se\/kyrkogardienkoping\/?s={search_term_string}\"},\"query-input\":{\"@type\":\"PropertyValueSpecification\",\"valueRequired\":true,\"valueName\":\"search_term_string\"}}],\"inLanguage\":\"sv-SE\"},{\"@type\":\"Person\",\"@id\":\"https:\/\/blogg.svenskakyrkan.se\/kyrkogardienkoping\/#\/schema\/person\/fdcd112045e5bc20f9d0eb1514813cb7\",\"name\":\"Enk\u00f6pings pastorat\",\"image\":{\"@type\":\"ImageObject\",\"inLanguage\":\"sv-SE\",\"@id\":\"https:\/\/blogg.svenskakyrkan.se\/kyrkogardienkoping\/#\/schema\/person\/image\/\",\"url\":\"https:\/\/secure.gravatar.com\/avatar\/8cd11ef6b0b40e697857ddd81e051d862c31ee1640de70aa81fb10eae52caf84?s=96&d=mm&r=g\",\"contentUrl\":\"https:\/\/secure.gravatar.com\/avatar\/8cd11ef6b0b40e697857ddd81e051d862c31ee1640de70aa81fb10eae52caf84?s=96&d=mm&r=g\",\"caption\":\"Enk\u00f6pings pastorat\"},\"url\":\"https:\/\/blogg.svenskakyrkan.se\/kyrkogardienkoping\/author\/susannegorne\/\"}]}<\/script>\n<!-- \/ Yoast SEO plugin. -->","yoast_head_json":{"title":"Nyhetsbrev fr\u00e5n kyrkog\u00e5rd september 2025 - Kyrkog\u00e5rdsbloggen i Enk\u00f6pings pastorat","robots":{"index":"index","follow":"follow","max-snippet":"max-snippet:-1","max-image-preview":"max-image-preview:large","max-video-preview":"max-video-preview:-1"},"canonical":"https:\/\/blogg.svenskakyrkan.se\/kyrkogardienkoping\/2025\/08\/25\/nyhetsbrev-fran-kyrkogard-september-2025\/","og_locale":"sv_SE","og_type":"article","og_title":"Nyhetsbrev fr\u00e5n kyrkog\u00e5rd september 2025 - Kyrkog\u00e5rdsbloggen i Enk\u00f6pings pastorat","og_description":"Vi \u00e4r intresserade av v\u00e4der \ud83d\ude42 Sommaren har pr\u00e4glats av varierande v\u00e4der, hetta, regn och bl\u00e5st. Vi f\u00e5r ibland h\u00f6ra av personal (som kommer nya till oss) att de f\u00f6rv\u00e5nas \u00f6ver hur m\u00e5nga i personalen som f\u00f6ljer v\u00e4der\u00adappar. Men vi \u00e4r ganska v\u00e4derberoende och f\u00f6rs\u00f6ker l\u00e4gga upp v\u00e5rt arbete s\u00e5 mycket det g\u00e5r, efter prognoserna [&hellip;]","og_url":"https:\/\/blogg.svenskakyrkan.se\/kyrkogardienkoping\/2025\/08\/25\/nyhetsbrev-fran-kyrkogard-september-2025\/","og_site_name":"Kyrkog\u00e5rdsbloggen i Enk\u00f6pings pastorat","article_published_time":"2025-08-25T14:41:29+00:00","article_modified_time":"2025-08-26T13:39:30+00:00","og_image":[{"width":1519,"height":2024,"url":"https:\/\/blogg.svenskakyrkan.se\/kyrkogardienkoping\/files\/2025\/08\/kyrkogard-hackklippstolof3host-1519x2024.jpeg","type":"image\/jpeg"}],"author":"Enk\u00f6pings pastorat","twitter_card":"summary_large_image","twitter_misc":{"Skriven av":"Enk\u00f6pings pastorat","Ber\u00e4knad l\u00e4stid":"5 minuter"},"schema":{"@context":"https:\/\/schema.org","@graph":[{"@type":"Article","@id":"https:\/\/blogg.svenskakyrkan.se\/kyrkogardienkoping\/2025\/08\/25\/nyhetsbrev-fran-kyrkogard-september-2025\/#article","isPartOf":{"@id":"https:\/\/blogg.svenskakyrkan.se\/kyrkogardienkoping\/2025\/08\/25\/nyhetsbrev-fran-kyrkogard-september-2025\/"},"author":{"name":"Enk\u00f6pings pastorat","@id":"https:\/\/blogg.svenskakyrkan.se\/kyrkogardienkoping\/#\/schema\/person\/fdcd112045e5bc20f9d0eb1514813cb7"},"headline":"Nyhetsbrev fr\u00e5n kyrkog\u00e5rd september 2025","datePublished":"2025-08-25T14:41:29+00:00","dateModified":"2025-08-26T13:39:30+00:00","mainEntityOfPage":{"@id":"https:\/\/blogg.svenskakyrkan.se\/kyrkogardienkoping\/2025\/08\/25\/nyhetsbrev-fran-kyrkogard-september-2025\/"},"wordCount":962,"commentCount":0,"image":{"@id":"https:\/\/blogg.svenskakyrkan.se\/kyrkogardienkoping\/2025\/08\/25\/nyhetsbrev-fran-kyrkogard-september-2025\/#primaryimage"},"thumbnailUrl":"https:\/\/blogg.svenskakyrkan.se\/kyrkogardienkoping\/files\/2025\/08\/kyrkogard-hackklippstolof3host.jpeg","inLanguage":"sv-SE","potentialAction":[{"@type":"CommentAction","name":"Comment","target":["https:\/\/blogg.svenskakyrkan.se\/kyrkogardienkoping\/2025\/08\/25\/nyhetsbrev-fran-kyrkogard-september-2025\/#respond"]}]},{"@type":"WebPage","@id":"https:\/\/blogg.svenskakyrkan.se\/kyrkogardienkoping\/2025\/08\/25\/nyhetsbrev-fran-kyrkogard-september-2025\/","url":"https:\/\/blogg.svenskakyrkan.se\/kyrkogardienkoping\/2025\/08\/25\/nyhetsbrev-fran-kyrkogard-september-2025\/","name":"Nyhetsbrev fr\u00e5n kyrkog\u00e5rd september 2025 - Kyrkog\u00e5rdsbloggen i Enk\u00f6pings pastorat","isPartOf":{"@id":"https:\/\/blogg.svenskakyrkan.se\/kyrkogardienkoping\/#website"},"primaryImageOfPage":{"@id":"https:\/\/blogg.svenskakyrkan.se\/kyrkogardienkoping\/2025\/08\/25\/nyhetsbrev-fran-kyrkogard-september-2025\/#primaryimage"},"image":{"@id":"https:\/\/blogg.svenskakyrkan.se\/kyrkogardienkoping\/2025\/08\/25\/nyhetsbrev-fran-kyrkogard-september-2025\/#primaryimage"},"thumbnailUrl":"https:\/\/blogg.svenskakyrkan.se\/kyrkogardienkoping\/files\/2025\/08\/kyrkogard-hackklippstolof3host.jpeg","datePublished":"2025-08-25T14:41:29+00:00","dateModified":"2025-08-26T13:39:30+00:00","author":{"@id":"https:\/\/blogg.svenskakyrkan.se\/kyrkogardienkoping\/#\/schema\/person\/fdcd112045e5bc20f9d0eb1514813cb7"},"breadcrumb":{"@id":"https:\/\/blogg.svenskakyrkan.se\/kyrkogardienkoping\/2025\/08\/25\/nyhetsbrev-fran-kyrkogard-september-2025\/#breadcrumb"},"inLanguage":"sv-SE","potentialAction":[{"@type":"ReadAction","target":["https:\/\/blogg.svenskakyrkan.se\/kyrkogardienkoping\/2025\/08\/25\/nyhetsbrev-fran-kyrkogard-september-2025\/"]}]},{"@type":"ImageObject","inLanguage":"sv-SE","@id":"https:\/\/blogg.svenskakyrkan.se\/kyrkogardienkoping\/2025\/08\/25\/nyhetsbrev-fran-kyrkogard-september-2025\/#primaryimage","url":"https:\/\/blogg.svenskakyrkan.se\/kyrkogardienkoping\/files\/2025\/08\/kyrkogard-hackklippstolof3host.jpeg","contentUrl":"https:\/\/blogg.svenskakyrkan.se\/kyrkogardienkoping\/files\/2025\/08\/kyrkogard-hackklippstolof3host.jpeg","width":1816,"height":2420},{"@type":"BreadcrumbList","@id":"https:\/\/blogg.svenskakyrkan.se\/kyrkogardienkoping\/2025\/08\/25\/nyhetsbrev-fran-kyrkogard-september-2025\/#breadcrumb","itemListElement":[{"@type":"ListItem","position":1,"name":"Hem","item":"https:\/\/blogg.svenskakyrkan.se\/kyrkogardienkoping\/"},{"@type":"ListItem","position":2,"name":"Nyhetsbrev fr\u00e5n kyrkog\u00e5rd september 2025"}]},{"@type":"WebSite","@id":"https:\/\/blogg.svenskakyrkan.se\/kyrkogardienkoping\/#website","url":"https:\/\/blogg.svenskakyrkan.se\/kyrkogardienkoping\/","name":"Kyrkog\u00e5rdsbloggen i Enk\u00f6pings pastorat","description":"Om arbetet p\u00e5 de 27 kyrkog\u00e5rdarna inom Enk\u00f6pings pastorat. Allt fr\u00e5n synen p\u00e5 en kyrkog\u00e5rd som b\u00e5de park och viloplats till vad det handlar om att arbeta p\u00e5 en kyrkog\u00e5rd s\u00e5som gr\u00e4sklippning, plantering, sn\u00f6skottning, anl\u00e4ggningsarbeten och arbetsvardagen i st\u00f6rsta allm\u00e4nhet.","potentialAction":[{"@type":"SearchAction","target":{"@type":"EntryPoint","urlTemplate":"https:\/\/blogg.svenskakyrkan.se\/kyrkogardienkoping\/?s={search_term_string}"},"query-input":{"@type":"PropertyValueSpecification","valueRequired":true,"valueName":"search_term_string"}}],"inLanguage":"sv-SE"},{"@type":"Person","@id":"https:\/\/blogg.svenskakyrkan.se\/kyrkogardienkoping\/#\/schema\/person\/fdcd112045e5bc20f9d0eb1514813cb7","name":"Enk\u00f6pings pastorat","image":{"@type":"ImageObject","inLanguage":"sv-SE","@id":"https:\/\/blogg.svenskakyrkan.se\/kyrkogardienkoping\/#\/schema\/person\/image\/","url":"https:\/\/secure.gravatar.com\/avatar\/8cd11ef6b0b40e697857ddd81e051d862c31ee1640de70aa81fb10eae52caf84?s=96&d=mm&r=g","contentUrl":"https:\/\/secure.gravatar.com\/avatar\/8cd11ef6b0b40e697857ddd81e051d862c31ee1640de70aa81fb10eae52caf84?s=96&d=mm&r=g","caption":"Enk\u00f6pings pastorat"},"url":"https:\/\/blogg.svenskakyrkan.se\/kyrkogardienkoping\/author\/susannegorne\/"}]}},"author_meta":{"ID":"570","user_nicename":"susannegorne","user_registered":"2016-05-24 16:47:19","display_name":"Enk\u00f6pings pastorat","avatar":"https:\/\/secure.gravatar.com\/avatar\/8cd11ef6b0b40e697857ddd81e051d862c31ee1640de70aa81fb10eae52caf84?s=96&d=mm&r=g"},"featured_image":["https:\/\/blogg.svenskakyrkan.se\/kyrkogardienkoping\/files\/2025\/08\/kyrkogard-hackklippstolof3host-1519x2024.jpeg",1519,2024,true],"bloginfo":{"name":"Kyrkog\u00e5rdsbloggen i Enk\u00f6pings pastorat","url":"https:\/\/blogg.svenskakyrkan.se\/kyrkogardienkoping"},"_links":{"self":[{"href":"https:\/\/blogg.svenskakyrkan.se\/kyrkogardienkoping\/wp-json\/wp\/v2\/posts\/2104","targetHints":{"allow":["GET"]}}],"collection":[{"href":"https:\/\/blogg.svenskakyrkan.se\/kyrkogardienkoping\/wp-json\/wp\/v2\/posts"}],"about":[{"href":"https:\/\/blogg.svenskakyrkan.se\/kyrkogardienkoping\/wp-json\/wp\/v2\/types\/post"}],"author":[{"embeddable":true,"href":"https:\/\/blogg.svenskakyrkan.se\/kyrkogardienkoping\/wp-json\/wp\/v2\/users\/570"}],"replies":[{"embeddable":true,"href":"https:\/\/blogg.svenskakyrkan.se\/kyrkogardienkoping\/wp-json\/wp\/v2\/comments?post=2104"}],"version-history":[{"count":6,"href":"https:\/\/blogg.svenskakyrkan.se\/kyrkogardienkoping\/wp-json\/wp\/v2\/posts\/2104\/revisions"}],"predecessor-version":[{"id":2114,"href":"https:\/\/blogg.svenskakyrkan.se\/kyrkogardienkoping\/wp-json\/wp\/v2\/posts\/2104\/revisions\/2114"}],"wp:featuredmedia":[{"embeddable":true,"href":"https:\/\/blogg.svenskakyrkan.se\/kyrkogardienkoping\/wp-json\/wp\/v2\/media\/2107"}],"wp:attachment":[{"href":"https:\/\/blogg.svenskakyrkan.se\/kyrkogardienkoping\/wp-json\/wp\/v2\/media?parent=2104"}],"wp:term":[{"taxonomy":"category","embeddable":true,"href":"https:\/\/blogg.svenskakyrkan.se\/kyrkogardienkoping\/wp-json\/wp\/v2\/categories?post=2104"},{"taxonomy":"post_tag","embeddable":true,"href":"https:\/\/blogg.svenskakyrkan.se\/kyrkogardienkoping\/wp-json\/wp\/v2\/tags?post=2104"}],"curies":[{"name":"wp","href":"https:\/\/api.w.org\/{rel}","templated":true}]}}