{"id":2116,"date":"2025-09-24T13:02:13","date_gmt":"2025-09-24T11:02:13","guid":{"rendered":"https:\/\/blogg.svenskakyrkan.se\/kyrkogardienkoping\/?p=2116"},"modified":"2025-09-25T09:38:58","modified_gmt":"2025-09-25T07:38:58","slug":"nyhetsbrev-fran-kyrkogard-oktober-2025","status":"publish","type":"post","link":"https:\/\/blogg.svenskakyrkan.se\/kyrkogardienkoping\/2025\/09\/24\/nyhetsbrev-fran-kyrkogard-oktober-2025\/","title":{"rendered":"Nyhetsbrev fr\u00e5n kyrkog\u00e5rd oktober 2025"},"content":{"rendered":"<h2>Fortfarande behov av gr\u00e4sklippning<\/h2>\n<p>H\u00f6sten \u00e4r p\u00e5 v\u00e4g och vi m\u00e4rker att l\u00f6ven b\u00f6rjar dala, dock \u00e4nnu l\u00e5ngsamt. Vi forts\u00e4tter klippa gr\u00e4s n\u00e4stan som vanligt, d\u00e5 det p\u00e5 m\u00e5nga st\u00e4llen fortfarande v\u00e4xer mycket. V\u00e4xter och tr\u00e4d p\u00e5b\u00f6rjar snart sin vintervila.<\/p>\n<p>Den 23\/9 var en buss med kyrkog\u00e5rdsarbetare i v\u00e4g till Elmia (park och tr\u00e4dg\u00e5rdsm\u00e4ssa) f\u00f6r att skaffa sig nya kunskaper fr\u00e4mst f\u00f6r maskiner, verktyg och redskap. Resan brukar resultera i flera bra utvecklingar och ideer.<\/p>\n<h2>Bort med sommarblommor, in med ljung!<\/h2>\n<p>Vecka 40 p\u00e5b\u00f6rjar vi borttagning av sommarblommor, f\u00f6r de som har rabattsk\u00f6tsel. Viktigt att veta \u00e4r att \u00e4ven silverek, som r\u00e4knas som sommarblomma, kommer att tas bort. Vill man ha silvereken kvar, rekommenderar vi att den plockas bort innan (f\u00f6r att sedan plantera tillbaka efter att v\u00e5r ljungplantering \u00e4r klar), alternativt planterar den med n\u00e5gon h\u00f6st\/vinterblomma, d\u00e5 den f\u00e5r sitta kvar som h\u00f6stplantering.<\/p>\n<p>Den h\u00e4r informationen skickas vi alltid med till gravr\u00e4tts\u00adinnehavare som best\u00e4ller rabattsk\u00f6tsel. Ljungen planteras med start vecka 40. Innan planteringen av ljung, fyller vi p\u00e5 med mer jord, ifall det f\u00f6rsvunnit med de borttagna blommorna.<\/p>\n<p><img loading=\"lazy\" decoding=\"async\" width=\"500\" height=\"375\" class=\"alignnone size-medium wp-image-2119\" src=\"http:\/\/blogg.svenskakyrkan.se\/kyrkogardienkoping\/files\/2025\/09\/Plantering-ljung-foto-Elisabeth-Nordfors-500x375.jpg\" alt=\"\" srcset=\"https:\/\/blogg.svenskakyrkan.se\/kyrkogardienkoping\/files\/2025\/09\/Plantering-ljung-foto-Elisabeth-Nordfors-500x375.jpg 500w, https:\/\/blogg.svenskakyrkan.se\/kyrkogardienkoping\/files\/2025\/09\/Plantering-ljung-foto-Elisabeth-Nordfors.jpg 640w\" sizes=\"auto, (max-width: 500px) 100vw, 500px\" \/><\/p>\n<h2>Vi klipper perenner<\/h2>\n<p>Vi utf\u00f6r l\u00f6pande nedklippning av perenner p\u00e5 gravar med perennsk\u00f6tsel, d\u00e4r de b\u00f6rjar bli d\u00e5liga.<\/p>\n<h2>Fj\u00e4rdhundra har f\u00e5tt nya anslagstavlor<\/h2>\n<p>Du som bes\u00f6ker v\u00e5ra kyrkog\u00e5rdar har kanske m\u00e4rkt att vi p\u00e5 hela Fj\u00e4rdhundrasidan (p\u00e5 alla st\u00e4llen) monterat upp nya anslagstavlor. Mycket finare nu!<\/p>\n<h2>Kyla = vattnet st\u00e4ngs av<\/h2>\n<p>Om det blir kallt o ih\u00e5llande minusgrader, st\u00e4nger vi av vattnet. Vi f\u00f6rs\u00f6ker dock ha vattnet i g\u00e5ng s\u00e5 l\u00e4nge det g\u00e5r, helst \u00f6ver allhelgonahelgen. Men det \u00e4r kylan som styr. I \u00e5r kommer vi att g\u00f6ra ett grundligt arbete, d\u00e4r vi g\u00e5r igenom v\u00e5ra vattensystem p\u00e5 alla kyrkog\u00e5rdar. P\u00e5 s\u00e5 s\u00e4tt har vi m\u00f6jlighet att f\u00f6rb\u00e4ttra funktioner och kan \u00e4ven uppt\u00e4cka behov av reparation.<\/p>\n<h2>Dags att st\u00e4lla ut gravlyktor<\/h2>\n<p>I tid till allhelgona byter vi ut alla vaser till ljush\u00e5llare i minneslundarna. \u00c4ven vid minnes\u00adlunden p\u00e5 S:t Olof g\u00f6r vi om med pl\u00e5tar f\u00f6r ljus. Redan i b\u00f6rjan p\u00e5 oktober s\u00e4tter vi ut ungef\u00e4r h\u00e4lften vaser, h\u00e4lften ljush\u00e5llare. P\u00e5 askgravplatser st\u00e4ller vi fram gravlyktor i b\u00f6rjan av oktober. Det \u00e4r en lykta per gravplats och det \u00e4r f\u00f6rvaltningens gravlyktor som g\u00e4ller.<\/p>\n<h2>Detta g\u00e4ller f\u00f6r kransar och rosetter<\/h2>\n<p>Fr\u00e5n vecka 43 och senast till allhelgona, l\u00e4gger vi ut kransar och rosetter till de som best\u00e4llt det av oss. F\u00f6r dig som l\u00e4gger ut en egen krans eller arrangemang p\u00e5 askgravplatsen g\u00e4ller att ett gravris\u00adarrangemang ska rymmas inom den enskilda gravplatsens smyckningsyta. Med granrisarrangemang menas granris och i vissa fall andra prydnader eller v\u00e4xter som bundits samman till en dekoration.<\/p>\n<h2>Snart kan man t\u00e4nda ljus igen &#8230;<\/h2>\n<p>Fr\u00e5n 1 oktober \u00e4r det okej att t\u00e4nda ljus igen p\u00e5 kyrkog\u00e5rdarna.<\/p>\n<h2>V\u00e5r nya K-vagn<\/h2>\n<p>I \u00e5r f\u00e5r vi f\u00f6r f\u00f6rsta g\u00e5ngen b\u00f6rja k\u00f6ra v\u00e5r nya K-vagn och suga upp l\u00f6ven, p\u00e5 de platser d\u00e4r det blir mycket och tjocka lager l\u00f6v. Kanske kan ni f\u00e5 se den i arbete, exempelvis p\u00e5 V\u00e5rfru\u00adkyrkans kyrkog\u00e5rd d\u00e4r vi har mycket l\u00f6v n\u00e4r det v\u00e4l blir minusgrader och mycket l\u00f6v faller p\u00e5 en g\u00e5ng.<\/p>\n<h2>Gravr\u00e4ttsinnehavare s\u00f6kes!<\/h2>\n<p>Vi forts\u00e4tter att s\u00f6ka efter gravr\u00e4ttsinnehavare till ett antal gravplatser. Finns det en gr\u00f6n kontaktskylt p\u00e5 en gravplats du bes\u00f6ker, uppskattar vi om du h\u00f6r av dig.<\/p>\n<p>\u00d6ppettider f\u00f6r kyrkog\u00e5rdskontoret hittar du p\u00e5 v\u00e5r webbplats:<\/p>\n<p><a href=\"http:\/\/www.svenskakyrkan.se\/enkoping\/kontakt-kyrkogard\">www.svenskakyrkan.se\/enkoping\/kontakt-kyrkogard<\/a><\/p>\n<p>\u00d6ppettider f\u00f6r kyrkog\u00e5rdskontoret finns p\u00e5:<\/p>\n<p><a href=\"http:\/\/www.svenskakyrkan.se\/enkoping\/kontakt-kyrkogard\">www.svenskakyrkan.se\/enkoping\/kontakt-kyrkogard<\/a><\/p>\n<div><\/div>\n<p>\/H\u00e4lsingar fr\u00e5n Elisabeth Nordfors, arbetsledare + alla kyrkog\u00e5rdsmedarbetare<\/p>\n<div><\/div>\n<div><\/div>\n<div><\/div>\n<div><\/div>\n","protected":false},"excerpt":{"rendered":"<p>Fortfarande behov av gr\u00e4sklippning H\u00f6sten \u00e4r p\u00e5 v\u00e4g och vi m\u00e4rker att l\u00f6ven b\u00f6rjar dala, dock \u00e4nnu l\u00e5ngsamt. Vi forts\u00e4tter klippa gr\u00e4s n\u00e4stan som vanligt, d\u00e5 det p\u00e5 m\u00e5nga st\u00e4llen fortfarande v\u00e4xer mycket. V\u00e4xter och tr\u00e4d p\u00e5b\u00f6rjar snart sin vintervila. Den 23\/9 var en buss med kyrkog\u00e5rdsarbetare i v\u00e4g till Elmia (park och tr\u00e4dg\u00e5rdsm\u00e4ssa) f\u00f6r [&hellip;]<\/p>\n","protected":false},"author":570,"featured_media":2029,"comment_status":"open","ping_status":"open","sticky":false,"template":"","format":"standard","meta":{"_acf_changed":false,"footnotes":""},"categories":[9],"tags":[],"class_list":["post-2116","post","type-post","status-publish","format-standard","has-post-thumbnail","hentry","category-okategoriserade"],"acf":[],"yoast_head":"<!-- This site is optimized with the Yoast SEO plugin v27.1.1 - https:\/\/yoast.com\/product\/yoast-seo-wordpress\/ -->\n<title>Nyhetsbrev fr\u00e5n kyrkog\u00e5rd oktober 2025 - Kyrkog\u00e5rdsbloggen i Enk\u00f6pings pastorat<\/title>\n<meta name=\"robots\" content=\"index, follow, max-snippet:-1, max-image-preview:large, max-video-preview:-1\" \/>\n<link rel=\"canonical\" href=\"https:\/\/blogg.svenskakyrkan.se\/kyrkogardienkoping\/2025\/09\/24\/nyhetsbrev-fran-kyrkogard-oktober-2025\/\" \/>\n<meta property=\"og:locale\" content=\"sv_SE\" \/>\n<meta property=\"og:type\" content=\"article\" \/>\n<meta property=\"og:title\" content=\"Nyhetsbrev fr\u00e5n kyrkog\u00e5rd oktober 2025 - Kyrkog\u00e5rdsbloggen i Enk\u00f6pings pastorat\" \/>\n<meta property=\"og:description\" content=\"Fortfarande behov av gr\u00e4sklippning H\u00f6sten \u00e4r p\u00e5 v\u00e4g och vi m\u00e4rker att l\u00f6ven b\u00f6rjar dala, dock \u00e4nnu l\u00e5ngsamt. Vi forts\u00e4tter klippa gr\u00e4s n\u00e4stan som vanligt, d\u00e5 det p\u00e5 m\u00e5nga st\u00e4llen fortfarande v\u00e4xer mycket. V\u00e4xter och tr\u00e4d p\u00e5b\u00f6rjar snart sin vintervila. Den 23\/9 var en buss med kyrkog\u00e5rdsarbetare i v\u00e4g till Elmia (park och tr\u00e4dg\u00e5rdsm\u00e4ssa) f\u00f6r [&hellip;]\" \/>\n<meta property=\"og:url\" content=\"https:\/\/blogg.svenskakyrkan.se\/kyrkogardienkoping\/2025\/09\/24\/nyhetsbrev-fran-kyrkogard-oktober-2025\/\" \/>\n<meta property=\"og:site_name\" content=\"Kyrkog\u00e5rdsbloggen i Enk\u00f6pings pastorat\" \/>\n<meta property=\"article:published_time\" content=\"2025-09-24T11:02:13+00:00\" \/>\n<meta property=\"article:modified_time\" content=\"2025-09-25T07:38:58+00:00\" \/>\n<meta property=\"og:image\" content=\"https:\/\/blogg.svenskakyrkan.se\/kyrkogardienkoping\/files\/2024\/10\/Nyhetsbrev-Kyrkogard-HostbildVIllberga.jpg\" \/>\n\t<meta property=\"og:image:width\" content=\"2016\" \/>\n\t<meta property=\"og:image:height\" content=\"1512\" \/>\n\t<meta property=\"og:image:type\" content=\"image\/jpeg\" \/>\n<meta name=\"author\" content=\"Enk\u00f6pings pastorat\" \/>\n<meta name=\"twitter:card\" content=\"summary_large_image\" \/>\n<meta name=\"twitter:label1\" content=\"Skriven av\" \/>\n\t<meta name=\"twitter:data1\" content=\"Enk\u00f6pings pastorat\" \/>\n\t<meta name=\"twitter:label2\" content=\"Ber\u00e4knad l\u00e4stid\" \/>\n\t<meta name=\"twitter:data2\" content=\"4 minuter\" \/>\n<script type=\"application\/ld+json\" class=\"yoast-schema-graph\">{\"@context\":\"https:\/\/schema.org\",\"@graph\":[{\"@type\":\"Article\",\"@id\":\"https:\/\/blogg.svenskakyrkan.se\/kyrkogardienkoping\/2025\/09\/24\/nyhetsbrev-fran-kyrkogard-oktober-2025\/#article\",\"isPartOf\":{\"@id\":\"https:\/\/blogg.svenskakyrkan.se\/kyrkogardienkoping\/2025\/09\/24\/nyhetsbrev-fran-kyrkogard-oktober-2025\/\"},\"author\":{\"name\":\"Enk\u00f6pings pastorat\",\"@id\":\"https:\/\/blogg.svenskakyrkan.se\/kyrkogardienkoping\/#\/schema\/person\/fdcd112045e5bc20f9d0eb1514813cb7\"},\"headline\":\"Nyhetsbrev fr\u00e5n kyrkog\u00e5rd oktober 2025\",\"datePublished\":\"2025-09-24T11:02:13+00:00\",\"dateModified\":\"2025-09-25T07:38:58+00:00\",\"mainEntityOfPage\":{\"@id\":\"https:\/\/blogg.svenskakyrkan.se\/kyrkogardienkoping\/2025\/09\/24\/nyhetsbrev-fran-kyrkogard-oktober-2025\/\"},\"wordCount\":707,\"commentCount\":0,\"image\":{\"@id\":\"https:\/\/blogg.svenskakyrkan.se\/kyrkogardienkoping\/2025\/09\/24\/nyhetsbrev-fran-kyrkogard-oktober-2025\/#primaryimage\"},\"thumbnailUrl\":\"https:\/\/blogg.svenskakyrkan.se\/kyrkogardienkoping\/files\/2024\/10\/Nyhetsbrev-Kyrkogard-HostbildVIllberga.jpg\",\"inLanguage\":\"sv-SE\",\"potentialAction\":[{\"@type\":\"CommentAction\",\"name\":\"Comment\",\"target\":[\"https:\/\/blogg.svenskakyrkan.se\/kyrkogardienkoping\/2025\/09\/24\/nyhetsbrev-fran-kyrkogard-oktober-2025\/#respond\"]}]},{\"@type\":\"WebPage\",\"@id\":\"https:\/\/blogg.svenskakyrkan.se\/kyrkogardienkoping\/2025\/09\/24\/nyhetsbrev-fran-kyrkogard-oktober-2025\/\",\"url\":\"https:\/\/blogg.svenskakyrkan.se\/kyrkogardienkoping\/2025\/09\/24\/nyhetsbrev-fran-kyrkogard-oktober-2025\/\",\"name\":\"Nyhetsbrev fr\u00e5n kyrkog\u00e5rd oktober 2025 - Kyrkog\u00e5rdsbloggen i Enk\u00f6pings pastorat\",\"isPartOf\":{\"@id\":\"https:\/\/blogg.svenskakyrkan.se\/kyrkogardienkoping\/#website\"},\"primaryImageOfPage\":{\"@id\":\"https:\/\/blogg.svenskakyrkan.se\/kyrkogardienkoping\/2025\/09\/24\/nyhetsbrev-fran-kyrkogard-oktober-2025\/#primaryimage\"},\"image\":{\"@id\":\"https:\/\/blogg.svenskakyrkan.se\/kyrkogardienkoping\/2025\/09\/24\/nyhetsbrev-fran-kyrkogard-oktober-2025\/#primaryimage\"},\"thumbnailUrl\":\"https:\/\/blogg.svenskakyrkan.se\/kyrkogardienkoping\/files\/2024\/10\/Nyhetsbrev-Kyrkogard-HostbildVIllberga.jpg\",\"datePublished\":\"2025-09-24T11:02:13+00:00\",\"dateModified\":\"2025-09-25T07:38:58+00:00\",\"author\":{\"@id\":\"https:\/\/blogg.svenskakyrkan.se\/kyrkogardienkoping\/#\/schema\/person\/fdcd112045e5bc20f9d0eb1514813cb7\"},\"breadcrumb\":{\"@id\":\"https:\/\/blogg.svenskakyrkan.se\/kyrkogardienkoping\/2025\/09\/24\/nyhetsbrev-fran-kyrkogard-oktober-2025\/#breadcrumb\"},\"inLanguage\":\"sv-SE\",\"potentialAction\":[{\"@type\":\"ReadAction\",\"target\":[\"https:\/\/blogg.svenskakyrkan.se\/kyrkogardienkoping\/2025\/09\/24\/nyhetsbrev-fran-kyrkogard-oktober-2025\/\"]}]},{\"@type\":\"ImageObject\",\"inLanguage\":\"sv-SE\",\"@id\":\"https:\/\/blogg.svenskakyrkan.se\/kyrkogardienkoping\/2025\/09\/24\/nyhetsbrev-fran-kyrkogard-oktober-2025\/#primaryimage\",\"url\":\"https:\/\/blogg.svenskakyrkan.se\/kyrkogardienkoping\/files\/2024\/10\/Nyhetsbrev-Kyrkogard-HostbildVIllberga.jpg\",\"contentUrl\":\"https:\/\/blogg.svenskakyrkan.se\/kyrkogardienkoping\/files\/2024\/10\/Nyhetsbrev-Kyrkogard-HostbildVIllberga.jpg\",\"width\":2016,\"height\":1512,\"caption\":\"Foto: Elisabeth Nordfors\"},{\"@type\":\"BreadcrumbList\",\"@id\":\"https:\/\/blogg.svenskakyrkan.se\/kyrkogardienkoping\/2025\/09\/24\/nyhetsbrev-fran-kyrkogard-oktober-2025\/#breadcrumb\",\"itemListElement\":[{\"@type\":\"ListItem\",\"position\":1,\"name\":\"Hem\",\"item\":\"https:\/\/blogg.svenskakyrkan.se\/kyrkogardienkoping\/\"},{\"@type\":\"ListItem\",\"position\":2,\"name\":\"Nyhetsbrev fr\u00e5n kyrkog\u00e5rd oktober 2025\"}]},{\"@type\":\"WebSite\",\"@id\":\"https:\/\/blogg.svenskakyrkan.se\/kyrkogardienkoping\/#website\",\"url\":\"https:\/\/blogg.svenskakyrkan.se\/kyrkogardienkoping\/\",\"name\":\"Kyrkog\u00e5rdsbloggen i Enk\u00f6pings pastorat\",\"description\":\"Om arbetet p\u00e5 de 27 kyrkog\u00e5rdarna inom Enk\u00f6pings pastorat. Allt fr\u00e5n synen p\u00e5 en kyrkog\u00e5rd som b\u00e5de park och viloplats till vad det handlar om att arbeta p\u00e5 en kyrkog\u00e5rd s\u00e5som gr\u00e4sklippning, plantering, sn\u00f6skottning, anl\u00e4ggningsarbeten och arbetsvardagen i st\u00f6rsta allm\u00e4nhet.\",\"potentialAction\":[{\"@type\":\"SearchAction\",\"target\":{\"@type\":\"EntryPoint\",\"urlTemplate\":\"https:\/\/blogg.svenskakyrkan.se\/kyrkogardienkoping\/?s={search_term_string}\"},\"query-input\":{\"@type\":\"PropertyValueSpecification\",\"valueRequired\":true,\"valueName\":\"search_term_string\"}}],\"inLanguage\":\"sv-SE\"},{\"@type\":\"Person\",\"@id\":\"https:\/\/blogg.svenskakyrkan.se\/kyrkogardienkoping\/#\/schema\/person\/fdcd112045e5bc20f9d0eb1514813cb7\",\"name\":\"Enk\u00f6pings pastorat\",\"image\":{\"@type\":\"ImageObject\",\"inLanguage\":\"sv-SE\",\"@id\":\"https:\/\/blogg.svenskakyrkan.se\/kyrkogardienkoping\/#\/schema\/person\/image\/\",\"url\":\"https:\/\/secure.gravatar.com\/avatar\/8cd11ef6b0b40e697857ddd81e051d862c31ee1640de70aa81fb10eae52caf84?s=96&d=mm&r=g\",\"contentUrl\":\"https:\/\/secure.gravatar.com\/avatar\/8cd11ef6b0b40e697857ddd81e051d862c31ee1640de70aa81fb10eae52caf84?s=96&d=mm&r=g\",\"caption\":\"Enk\u00f6pings pastorat\"},\"url\":\"https:\/\/blogg.svenskakyrkan.se\/kyrkogardienkoping\/author\/susannegorne\/\"}]}<\/script>\n<!-- \/ Yoast SEO plugin. -->","yoast_head_json":{"title":"Nyhetsbrev fr\u00e5n kyrkog\u00e5rd oktober 2025 - Kyrkog\u00e5rdsbloggen i Enk\u00f6pings pastorat","robots":{"index":"index","follow":"follow","max-snippet":"max-snippet:-1","max-image-preview":"max-image-preview:large","max-video-preview":"max-video-preview:-1"},"canonical":"https:\/\/blogg.svenskakyrkan.se\/kyrkogardienkoping\/2025\/09\/24\/nyhetsbrev-fran-kyrkogard-oktober-2025\/","og_locale":"sv_SE","og_type":"article","og_title":"Nyhetsbrev fr\u00e5n kyrkog\u00e5rd oktober 2025 - Kyrkog\u00e5rdsbloggen i Enk\u00f6pings pastorat","og_description":"Fortfarande behov av gr\u00e4sklippning H\u00f6sten \u00e4r p\u00e5 v\u00e4g och vi m\u00e4rker att l\u00f6ven b\u00f6rjar dala, dock \u00e4nnu l\u00e5ngsamt. Vi forts\u00e4tter klippa gr\u00e4s n\u00e4stan som vanligt, d\u00e5 det p\u00e5 m\u00e5nga st\u00e4llen fortfarande v\u00e4xer mycket. V\u00e4xter och tr\u00e4d p\u00e5b\u00f6rjar snart sin vintervila. Den 23\/9 var en buss med kyrkog\u00e5rdsarbetare i v\u00e4g till Elmia (park och tr\u00e4dg\u00e5rdsm\u00e4ssa) f\u00f6r [&hellip;]","og_url":"https:\/\/blogg.svenskakyrkan.se\/kyrkogardienkoping\/2025\/09\/24\/nyhetsbrev-fran-kyrkogard-oktober-2025\/","og_site_name":"Kyrkog\u00e5rdsbloggen i Enk\u00f6pings pastorat","article_published_time":"2025-09-24T11:02:13+00:00","article_modified_time":"2025-09-25T07:38:58+00:00","og_image":[{"width":2016,"height":1512,"url":"https:\/\/blogg.svenskakyrkan.se\/kyrkogardienkoping\/files\/2024\/10\/Nyhetsbrev-Kyrkogard-HostbildVIllberga.jpg","type":"image\/jpeg"}],"author":"Enk\u00f6pings pastorat","twitter_card":"summary_large_image","twitter_misc":{"Skriven av":"Enk\u00f6pings pastorat","Ber\u00e4knad l\u00e4stid":"4 minuter"},"schema":{"@context":"https:\/\/schema.org","@graph":[{"@type":"Article","@id":"https:\/\/blogg.svenskakyrkan.se\/kyrkogardienkoping\/2025\/09\/24\/nyhetsbrev-fran-kyrkogard-oktober-2025\/#article","isPartOf":{"@id":"https:\/\/blogg.svenskakyrkan.se\/kyrkogardienkoping\/2025\/09\/24\/nyhetsbrev-fran-kyrkogard-oktober-2025\/"},"author":{"name":"Enk\u00f6pings pastorat","@id":"https:\/\/blogg.svenskakyrkan.se\/kyrkogardienkoping\/#\/schema\/person\/fdcd112045e5bc20f9d0eb1514813cb7"},"headline":"Nyhetsbrev fr\u00e5n kyrkog\u00e5rd oktober 2025","datePublished":"2025-09-24T11:02:13+00:00","dateModified":"2025-09-25T07:38:58+00:00","mainEntityOfPage":{"@id":"https:\/\/blogg.svenskakyrkan.se\/kyrkogardienkoping\/2025\/09\/24\/nyhetsbrev-fran-kyrkogard-oktober-2025\/"},"wordCount":707,"commentCount":0,"image":{"@id":"https:\/\/blogg.svenskakyrkan.se\/kyrkogardienkoping\/2025\/09\/24\/nyhetsbrev-fran-kyrkogard-oktober-2025\/#primaryimage"},"thumbnailUrl":"https:\/\/blogg.svenskakyrkan.se\/kyrkogardienkoping\/files\/2024\/10\/Nyhetsbrev-Kyrkogard-HostbildVIllberga.jpg","inLanguage":"sv-SE","potentialAction":[{"@type":"CommentAction","name":"Comment","target":["https:\/\/blogg.svenskakyrkan.se\/kyrkogardienkoping\/2025\/09\/24\/nyhetsbrev-fran-kyrkogard-oktober-2025\/#respond"]}]},{"@type":"WebPage","@id":"https:\/\/blogg.svenskakyrkan.se\/kyrkogardienkoping\/2025\/09\/24\/nyhetsbrev-fran-kyrkogard-oktober-2025\/","url":"https:\/\/blogg.svenskakyrkan.se\/kyrkogardienkoping\/2025\/09\/24\/nyhetsbrev-fran-kyrkogard-oktober-2025\/","name":"Nyhetsbrev fr\u00e5n kyrkog\u00e5rd oktober 2025 - Kyrkog\u00e5rdsbloggen i Enk\u00f6pings pastorat","isPartOf":{"@id":"https:\/\/blogg.svenskakyrkan.se\/kyrkogardienkoping\/#website"},"primaryImageOfPage":{"@id":"https:\/\/blogg.svenskakyrkan.se\/kyrkogardienkoping\/2025\/09\/24\/nyhetsbrev-fran-kyrkogard-oktober-2025\/#primaryimage"},"image":{"@id":"https:\/\/blogg.svenskakyrkan.se\/kyrkogardienkoping\/2025\/09\/24\/nyhetsbrev-fran-kyrkogard-oktober-2025\/#primaryimage"},"thumbnailUrl":"https:\/\/blogg.svenskakyrkan.se\/kyrkogardienkoping\/files\/2024\/10\/Nyhetsbrev-Kyrkogard-HostbildVIllberga.jpg","datePublished":"2025-09-24T11:02:13+00:00","dateModified":"2025-09-25T07:38:58+00:00","author":{"@id":"https:\/\/blogg.svenskakyrkan.se\/kyrkogardienkoping\/#\/schema\/person\/fdcd112045e5bc20f9d0eb1514813cb7"},"breadcrumb":{"@id":"https:\/\/blogg.svenskakyrkan.se\/kyrkogardienkoping\/2025\/09\/24\/nyhetsbrev-fran-kyrkogard-oktober-2025\/#breadcrumb"},"inLanguage":"sv-SE","potentialAction":[{"@type":"ReadAction","target":["https:\/\/blogg.svenskakyrkan.se\/kyrkogardienkoping\/2025\/09\/24\/nyhetsbrev-fran-kyrkogard-oktober-2025\/"]}]},{"@type":"ImageObject","inLanguage":"sv-SE","@id":"https:\/\/blogg.svenskakyrkan.se\/kyrkogardienkoping\/2025\/09\/24\/nyhetsbrev-fran-kyrkogard-oktober-2025\/#primaryimage","url":"https:\/\/blogg.svenskakyrkan.se\/kyrkogardienkoping\/files\/2024\/10\/Nyhetsbrev-Kyrkogard-HostbildVIllberga.jpg","contentUrl":"https:\/\/blogg.svenskakyrkan.se\/kyrkogardienkoping\/files\/2024\/10\/Nyhetsbrev-Kyrkogard-HostbildVIllberga.jpg","width":2016,"height":1512,"caption":"Foto: Elisabeth Nordfors"},{"@type":"BreadcrumbList","@id":"https:\/\/blogg.svenskakyrkan.se\/kyrkogardienkoping\/2025\/09\/24\/nyhetsbrev-fran-kyrkogard-oktober-2025\/#breadcrumb","itemListElement":[{"@type":"ListItem","position":1,"name":"Hem","item":"https:\/\/blogg.svenskakyrkan.se\/kyrkogardienkoping\/"},{"@type":"ListItem","position":2,"name":"Nyhetsbrev fr\u00e5n kyrkog\u00e5rd oktober 2025"}]},{"@type":"WebSite","@id":"https:\/\/blogg.svenskakyrkan.se\/kyrkogardienkoping\/#website","url":"https:\/\/blogg.svenskakyrkan.se\/kyrkogardienkoping\/","name":"Kyrkog\u00e5rdsbloggen i Enk\u00f6pings pastorat","description":"Om arbetet p\u00e5 de 27 kyrkog\u00e5rdarna inom Enk\u00f6pings pastorat. Allt fr\u00e5n synen p\u00e5 en kyrkog\u00e5rd som b\u00e5de park och viloplats till vad det handlar om att arbeta p\u00e5 en kyrkog\u00e5rd s\u00e5som gr\u00e4sklippning, plantering, sn\u00f6skottning, anl\u00e4ggningsarbeten och arbetsvardagen i st\u00f6rsta allm\u00e4nhet.","potentialAction":[{"@type":"SearchAction","target":{"@type":"EntryPoint","urlTemplate":"https:\/\/blogg.svenskakyrkan.se\/kyrkogardienkoping\/?s={search_term_string}"},"query-input":{"@type":"PropertyValueSpecification","valueRequired":true,"valueName":"search_term_string"}}],"inLanguage":"sv-SE"},{"@type":"Person","@id":"https:\/\/blogg.svenskakyrkan.se\/kyrkogardienkoping\/#\/schema\/person\/fdcd112045e5bc20f9d0eb1514813cb7","name":"Enk\u00f6pings pastorat","image":{"@type":"ImageObject","inLanguage":"sv-SE","@id":"https:\/\/blogg.svenskakyrkan.se\/kyrkogardienkoping\/#\/schema\/person\/image\/","url":"https:\/\/secure.gravatar.com\/avatar\/8cd11ef6b0b40e697857ddd81e051d862c31ee1640de70aa81fb10eae52caf84?s=96&d=mm&r=g","contentUrl":"https:\/\/secure.gravatar.com\/avatar\/8cd11ef6b0b40e697857ddd81e051d862c31ee1640de70aa81fb10eae52caf84?s=96&d=mm&r=g","caption":"Enk\u00f6pings pastorat"},"url":"https:\/\/blogg.svenskakyrkan.se\/kyrkogardienkoping\/author\/susannegorne\/"}]}},"author_meta":{"ID":"570","user_nicename":"susannegorne","user_registered":"2016-05-24 16:47:19","display_name":"Enk\u00f6pings pastorat","avatar":"https:\/\/secure.gravatar.com\/avatar\/8cd11ef6b0b40e697857ddd81e051d862c31ee1640de70aa81fb10eae52caf84?s=96&d=mm&r=g"},"featured_image":["https:\/\/blogg.svenskakyrkan.se\/kyrkogardienkoping\/files\/2024\/10\/Nyhetsbrev-Kyrkogard-HostbildVIllberga.jpg",2016,1512,false],"bloginfo":{"name":"Kyrkog\u00e5rdsbloggen i Enk\u00f6pings pastorat","url":"https:\/\/blogg.svenskakyrkan.se\/kyrkogardienkoping"},"_links":{"self":[{"href":"https:\/\/blogg.svenskakyrkan.se\/kyrkogardienkoping\/wp-json\/wp\/v2\/posts\/2116","targetHints":{"allow":["GET"]}}],"collection":[{"href":"https:\/\/blogg.svenskakyrkan.se\/kyrkogardienkoping\/wp-json\/wp\/v2\/posts"}],"about":[{"href":"https:\/\/blogg.svenskakyrkan.se\/kyrkogardienkoping\/wp-json\/wp\/v2\/types\/post"}],"author":[{"embeddable":true,"href":"https:\/\/blogg.svenskakyrkan.se\/kyrkogardienkoping\/wp-json\/wp\/v2\/users\/570"}],"replies":[{"embeddable":true,"href":"https:\/\/blogg.svenskakyrkan.se\/kyrkogardienkoping\/wp-json\/wp\/v2\/comments?post=2116"}],"version-history":[{"count":7,"href":"https:\/\/blogg.svenskakyrkan.se\/kyrkogardienkoping\/wp-json\/wp\/v2\/posts\/2116\/revisions"}],"predecessor-version":[{"id":2124,"href":"https:\/\/blogg.svenskakyrkan.se\/kyrkogardienkoping\/wp-json\/wp\/v2\/posts\/2116\/revisions\/2124"}],"wp:featuredmedia":[{"embeddable":true,"href":"https:\/\/blogg.svenskakyrkan.se\/kyrkogardienkoping\/wp-json\/wp\/v2\/media\/2029"}],"wp:attachment":[{"href":"https:\/\/blogg.svenskakyrkan.se\/kyrkogardienkoping\/wp-json\/wp\/v2\/media?parent=2116"}],"wp:term":[{"taxonomy":"category","embeddable":true,"href":"https:\/\/blogg.svenskakyrkan.se\/kyrkogardienkoping\/wp-json\/wp\/v2\/categories?post=2116"},{"taxonomy":"post_tag","embeddable":true,"href":"https:\/\/blogg.svenskakyrkan.se\/kyrkogardienkoping\/wp-json\/wp\/v2\/tags?post=2116"}],"curies":[{"name":"wp","href":"https:\/\/api.w.org\/{rel}","templated":true}]}}