{"id":576,"date":"2013-11-26T09:44:47","date_gmt":"2013-11-26T08:44:47","guid":{"rendered":"http:\/\/blogg.svenskakyrkan.se\/kyrkogardienkoping\/?p=576"},"modified":"2013-11-26T09:45:13","modified_gmt":"2013-11-26T08:45:13","slug":"utbildningsdagar","status":"publish","type":"post","link":"https:\/\/blogg.svenskakyrkan.se\/kyrkogardienkoping\/2013\/11\/26\/utbildningsdagar\/","title":{"rendered":"Utbildningsdagar"},"content":{"rendered":"<p>Torsdag och fredag i f\u00f6rra veckan var Peter Sandberg fr\u00e5n V\u00e4xtteknik PS konsult AB h\u00e4r och utbildade all personal p\u00e5 kyrkog\u00e5rdsf\u00f6rvaltningen i tr\u00e4dv\u00e5rd. Tv\u00e5 mycket givande dagar d\u00e4r alla deltagare visade ett stort engagemang, s\u00e5 v\u00e4l kursledare som elever.<\/p>\n<p>\u00a0<a href=\"http:\/\/blogg.svenskakyrkan.se\/kyrkogardienkoping\/files\/2013\/11\/131126-11.jpg\"><img loading=\"lazy\" decoding=\"async\" class=\"alignnone size-medium wp-image-579\" alt=\"131126 (1)\" src=\"http:\/\/blogg.svenskakyrkan.se\/kyrkogardienkoping\/files\/2013\/11\/131126-11-168x300.jpg\" width=\"168\" height=\"300\" srcset=\"https:\/\/blogg.svenskakyrkan.se\/kyrkogardienkoping\/files\/2013\/11\/131126-11-168x300.jpg 168w, https:\/\/blogg.svenskakyrkan.se\/kyrkogardienkoping\/files\/2013\/11\/131126-11.jpg 432w\" sizes=\"auto, (max-width: 168px) 100vw, 168px\" \/><\/a><\/p>\n<p>&nbsp;<\/p>\n<p><a href=\"http:\/\/blogg.svenskakyrkan.se\/kyrkogardienkoping\/files\/2013\/11\/131126-2-ny.jpg\"><img loading=\"lazy\" decoding=\"async\" class=\"alignnone size-medium wp-image-580\" alt=\"131126 (2) ny\" src=\"http:\/\/blogg.svenskakyrkan.se\/kyrkogardienkoping\/files\/2013\/11\/131126-2-ny-168x300.jpg\" width=\"168\" height=\"300\" srcset=\"https:\/\/blogg.svenskakyrkan.se\/kyrkogardienkoping\/files\/2013\/11\/131126-2-ny-168x300.jpg 168w, https:\/\/blogg.svenskakyrkan.se\/kyrkogardienkoping\/files\/2013\/11\/131126-2-ny.jpg 432w\" sizes=\"auto, (max-width: 168px) 100vw, 168px\" \/><\/a><\/p>\n","protected":false},"excerpt":{"rendered":"<p>Torsdag och fredag i f\u00f6rra veckan var Peter Sandberg fr\u00e5n V\u00e4xtteknik PS konsult AB h\u00e4r och utbildade all personal p\u00e5 kyrkog\u00e5rdsf\u00f6rvaltningen i tr\u00e4dv\u00e5rd. Tv\u00e5 mycket givande dagar d\u00e4r alla deltagare visade ett stort engagemang, s\u00e5 v\u00e4l kursledare som elever. \u00a0 &nbsp;<\/p>\n","protected":false},"author":241,"featured_media":0,"comment_status":"open","ping_status":"open","sticky":false,"template":"","format":"standard","meta":{"_acf_changed":false,"footnotes":""},"categories":[9],"tags":[],"class_list":["post-576","post","type-post","status-publish","format-standard","hentry","category-okategoriserade"],"acf":[],"yoast_head":"<!-- This site is optimized with the Yoast SEO plugin v27.1.1 - https:\/\/yoast.com\/product\/yoast-seo-wordpress\/ -->\n<title>Utbildningsdagar - Kyrkog\u00e5rdsbloggen i Enk\u00f6pings pastorat<\/title>\n<meta name=\"robots\" content=\"index, follow, max-snippet:-1, max-image-preview:large, max-video-preview:-1\" \/>\n<link rel=\"canonical\" href=\"https:\/\/blogg.svenskakyrkan.se\/kyrkogardienkoping\/2013\/11\/26\/utbildningsdagar\/\" \/>\n<meta property=\"og:locale\" content=\"sv_SE\" \/>\n<meta property=\"og:type\" content=\"article\" \/>\n<meta property=\"og:title\" content=\"Utbildningsdagar - Kyrkog\u00e5rdsbloggen i Enk\u00f6pings pastorat\" \/>\n<meta property=\"og:description\" content=\"Torsdag och fredag i f\u00f6rra veckan var Peter Sandberg fr\u00e5n V\u00e4xtteknik PS konsult AB h\u00e4r och utbildade all personal p\u00e5 kyrkog\u00e5rdsf\u00f6rvaltningen i tr\u00e4dv\u00e5rd. Tv\u00e5 mycket givande dagar d\u00e4r alla deltagare visade ett stort engagemang, s\u00e5 v\u00e4l kursledare som elever. \u00a0 &nbsp;\" \/>\n<meta property=\"og:url\" content=\"https:\/\/blogg.svenskakyrkan.se\/kyrkogardienkoping\/2013\/11\/26\/utbildningsdagar\/\" \/>\n<meta property=\"og:site_name\" content=\"Kyrkog\u00e5rdsbloggen i Enk\u00f6pings pastorat\" \/>\n<meta property=\"article:published_time\" content=\"2013-11-26T08:44:47+00:00\" \/>\n<meta property=\"article:modified_time\" content=\"2013-11-26T08:45:13+00:00\" \/>\n<meta property=\"og:image\" content=\"https:\/\/blogg.svenskakyrkan.se\/kyrkogardienkoping\/files\/2013\/11\/131126-11.jpg\" \/>\n\t<meta property=\"og:image:width\" content=\"432\" \/>\n\t<meta property=\"og:image:height\" content=\"768\" \/>\n\t<meta property=\"og:image:type\" content=\"image\/jpeg\" \/>\n<meta name=\"author\" content=\"Ann-Sofie Hansson\" \/>\n<meta name=\"twitter:card\" content=\"summary_large_image\" \/>\n<meta name=\"twitter:label1\" content=\"Skriven av\" \/>\n\t<meta name=\"twitter:data1\" content=\"Ann-Sofie Hansson\" \/>\n<script type=\"application\/ld+json\" class=\"yoast-schema-graph\">{\"@context\":\"https:\/\/schema.org\",\"@graph\":[{\"@type\":\"Article\",\"@id\":\"https:\/\/blogg.svenskakyrkan.se\/kyrkogardienkoping\/2013\/11\/26\/utbildningsdagar\/#article\",\"isPartOf\":{\"@id\":\"https:\/\/blogg.svenskakyrkan.se\/kyrkogardienkoping\/2013\/11\/26\/utbildningsdagar\/\"},\"author\":{\"name\":\"Ann-Sofie Hansson\",\"@id\":\"https:\/\/blogg.svenskakyrkan.se\/kyrkogardienkoping\/#\/schema\/person\/8ec127a2af49a2cade0ec5f1bd7db663\"},\"headline\":\"Utbildningsdagar\",\"datePublished\":\"2013-11-26T08:44:47+00:00\",\"dateModified\":\"2013-11-26T08:45:13+00:00\",\"mainEntityOfPage\":{\"@id\":\"https:\/\/blogg.svenskakyrkan.se\/kyrkogardienkoping\/2013\/11\/26\/utbildningsdagar\/\"},\"wordCount\":51,\"commentCount\":0,\"image\":{\"@id\":\"https:\/\/blogg.svenskakyrkan.se\/kyrkogardienkoping\/2013\/11\/26\/utbildningsdagar\/#primaryimage\"},\"thumbnailUrl\":\"http:\/\/blogg.svenskakyrkan.se\/kyrkogardienkoping\/files\/2013\/11\/131126-11-168x300.jpg\",\"inLanguage\":\"sv-SE\",\"potentialAction\":[{\"@type\":\"CommentAction\",\"name\":\"Comment\",\"target\":[\"https:\/\/blogg.svenskakyrkan.se\/kyrkogardienkoping\/2013\/11\/26\/utbildningsdagar\/#respond\"]}]},{\"@type\":\"WebPage\",\"@id\":\"https:\/\/blogg.svenskakyrkan.se\/kyrkogardienkoping\/2013\/11\/26\/utbildningsdagar\/\",\"url\":\"https:\/\/blogg.svenskakyrkan.se\/kyrkogardienkoping\/2013\/11\/26\/utbildningsdagar\/\",\"name\":\"Utbildningsdagar - Kyrkog\u00e5rdsbloggen i Enk\u00f6pings pastorat\",\"isPartOf\":{\"@id\":\"https:\/\/blogg.svenskakyrkan.se\/kyrkogardienkoping\/#website\"},\"primaryImageOfPage\":{\"@id\":\"https:\/\/blogg.svenskakyrkan.se\/kyrkogardienkoping\/2013\/11\/26\/utbildningsdagar\/#primaryimage\"},\"image\":{\"@id\":\"https:\/\/blogg.svenskakyrkan.se\/kyrkogardienkoping\/2013\/11\/26\/utbildningsdagar\/#primaryimage\"},\"thumbnailUrl\":\"http:\/\/blogg.svenskakyrkan.se\/kyrkogardienkoping\/files\/2013\/11\/131126-11-168x300.jpg\",\"datePublished\":\"2013-11-26T08:44:47+00:00\",\"dateModified\":\"2013-11-26T08:45:13+00:00\",\"author\":{\"@id\":\"https:\/\/blogg.svenskakyrkan.se\/kyrkogardienkoping\/#\/schema\/person\/8ec127a2af49a2cade0ec5f1bd7db663\"},\"breadcrumb\":{\"@id\":\"https:\/\/blogg.svenskakyrkan.se\/kyrkogardienkoping\/2013\/11\/26\/utbildningsdagar\/#breadcrumb\"},\"inLanguage\":\"sv-SE\",\"potentialAction\":[{\"@type\":\"ReadAction\",\"target\":[\"https:\/\/blogg.svenskakyrkan.se\/kyrkogardienkoping\/2013\/11\/26\/utbildningsdagar\/\"]}]},{\"@type\":\"ImageObject\",\"inLanguage\":\"sv-SE\",\"@id\":\"https:\/\/blogg.svenskakyrkan.se\/kyrkogardienkoping\/2013\/11\/26\/utbildningsdagar\/#primaryimage\",\"url\":\"https:\/\/blogg.svenskakyrkan.se\/kyrkogardienkoping\/files\/2013\/11\/131126-11.jpg\",\"contentUrl\":\"https:\/\/blogg.svenskakyrkan.se\/kyrkogardienkoping\/files\/2013\/11\/131126-11.jpg\",\"width\":432,\"height\":768},{\"@type\":\"BreadcrumbList\",\"@id\":\"https:\/\/blogg.svenskakyrkan.se\/kyrkogardienkoping\/2013\/11\/26\/utbildningsdagar\/#breadcrumb\",\"itemListElement\":[{\"@type\":\"ListItem\",\"position\":1,\"name\":\"Hem\",\"item\":\"https:\/\/blogg.svenskakyrkan.se\/kyrkogardienkoping\/\"},{\"@type\":\"ListItem\",\"position\":2,\"name\":\"Utbildningsdagar\"}]},{\"@type\":\"WebSite\",\"@id\":\"https:\/\/blogg.svenskakyrkan.se\/kyrkogardienkoping\/#website\",\"url\":\"https:\/\/blogg.svenskakyrkan.se\/kyrkogardienkoping\/\",\"name\":\"Kyrkog\u00e5rdsbloggen i Enk\u00f6pings pastorat\",\"description\":\"Om arbetet p\u00e5 de 27 kyrkog\u00e5rdarna inom Enk\u00f6pings pastorat. Allt fr\u00e5n synen p\u00e5 en kyrkog\u00e5rd som b\u00e5de park och viloplats till vad det handlar om att arbeta p\u00e5 en kyrkog\u00e5rd s\u00e5som gr\u00e4sklippning, plantering, sn\u00f6skottning, anl\u00e4ggningsarbeten och arbetsvardagen i st\u00f6rsta allm\u00e4nhet.\",\"potentialAction\":[{\"@type\":\"SearchAction\",\"target\":{\"@type\":\"EntryPoint\",\"urlTemplate\":\"https:\/\/blogg.svenskakyrkan.se\/kyrkogardienkoping\/?s={search_term_string}\"},\"query-input\":{\"@type\":\"PropertyValueSpecification\",\"valueRequired\":true,\"valueName\":\"search_term_string\"}}],\"inLanguage\":\"sv-SE\"},{\"@type\":\"Person\",\"@id\":\"https:\/\/blogg.svenskakyrkan.se\/kyrkogardienkoping\/#\/schema\/person\/8ec127a2af49a2cade0ec5f1bd7db663\",\"name\":\"Ann-Sofie Hansson\",\"image\":{\"@type\":\"ImageObject\",\"inLanguage\":\"sv-SE\",\"@id\":\"https:\/\/blogg.svenskakyrkan.se\/kyrkogardienkoping\/#\/schema\/person\/image\/\",\"url\":\"https:\/\/secure.gravatar.com\/avatar\/6accbf7bffafd21ea4d9399d92ae5263a588679076a67f86597ab5db53352082?s=96&d=mm&r=g\",\"contentUrl\":\"https:\/\/secure.gravatar.com\/avatar\/6accbf7bffafd21ea4d9399d92ae5263a588679076a67f86597ab5db53352082?s=96&d=mm&r=g\",\"caption\":\"Ann-Sofie Hansson\"},\"description\":\"Om arbetet p\u00e5 de 21 kyrkog\u00e5rdarna inom Enk\u00f6pings pastorat. Allt fr\u00e5n synen p\u00e5 en kyrkog\u00e5rd som b\u00e5de park och viloplats till vad det handlar om att arbeta p\u00e5 en kyrkog\u00e5rd s\u00e5som gr\u00e4sklippning, plantering, sn\u00f6skottning, anl\u00e4ggningsarbeten och arbetsvardagen i st\u00f6rsta allm\u00e4nhet.\",\"url\":\"https:\/\/blogg.svenskakyrkan.se\/kyrkogardienkoping\/author\/annsofiehansson\/\"}]}<\/script>\n<!-- \/ Yoast SEO plugin. -->","yoast_head_json":{"title":"Utbildningsdagar - Kyrkog\u00e5rdsbloggen i Enk\u00f6pings pastorat","robots":{"index":"index","follow":"follow","max-snippet":"max-snippet:-1","max-image-preview":"max-image-preview:large","max-video-preview":"max-video-preview:-1"},"canonical":"https:\/\/blogg.svenskakyrkan.se\/kyrkogardienkoping\/2013\/11\/26\/utbildningsdagar\/","og_locale":"sv_SE","og_type":"article","og_title":"Utbildningsdagar - Kyrkog\u00e5rdsbloggen i Enk\u00f6pings pastorat","og_description":"Torsdag och fredag i f\u00f6rra veckan var Peter Sandberg fr\u00e5n V\u00e4xtteknik PS konsult AB h\u00e4r och utbildade all personal p\u00e5 kyrkog\u00e5rdsf\u00f6rvaltningen i tr\u00e4dv\u00e5rd. Tv\u00e5 mycket givande dagar d\u00e4r alla deltagare visade ett stort engagemang, s\u00e5 v\u00e4l kursledare som elever. \u00a0 &nbsp;","og_url":"https:\/\/blogg.svenskakyrkan.se\/kyrkogardienkoping\/2013\/11\/26\/utbildningsdagar\/","og_site_name":"Kyrkog\u00e5rdsbloggen i Enk\u00f6pings pastorat","article_published_time":"2013-11-26T08:44:47+00:00","article_modified_time":"2013-11-26T08:45:13+00:00","og_image":[{"width":432,"height":768,"url":"https:\/\/blogg.svenskakyrkan.se\/kyrkogardienkoping\/files\/2013\/11\/131126-11.jpg","type":"image\/jpeg"}],"author":"Ann-Sofie Hansson","twitter_card":"summary_large_image","twitter_misc":{"Skriven av":"Ann-Sofie Hansson"},"schema":{"@context":"https:\/\/schema.org","@graph":[{"@type":"Article","@id":"https:\/\/blogg.svenskakyrkan.se\/kyrkogardienkoping\/2013\/11\/26\/utbildningsdagar\/#article","isPartOf":{"@id":"https:\/\/blogg.svenskakyrkan.se\/kyrkogardienkoping\/2013\/11\/26\/utbildningsdagar\/"},"author":{"name":"Ann-Sofie Hansson","@id":"https:\/\/blogg.svenskakyrkan.se\/kyrkogardienkoping\/#\/schema\/person\/8ec127a2af49a2cade0ec5f1bd7db663"},"headline":"Utbildningsdagar","datePublished":"2013-11-26T08:44:47+00:00","dateModified":"2013-11-26T08:45:13+00:00","mainEntityOfPage":{"@id":"https:\/\/blogg.svenskakyrkan.se\/kyrkogardienkoping\/2013\/11\/26\/utbildningsdagar\/"},"wordCount":51,"commentCount":0,"image":{"@id":"https:\/\/blogg.svenskakyrkan.se\/kyrkogardienkoping\/2013\/11\/26\/utbildningsdagar\/#primaryimage"},"thumbnailUrl":"http:\/\/blogg.svenskakyrkan.se\/kyrkogardienkoping\/files\/2013\/11\/131126-11-168x300.jpg","inLanguage":"sv-SE","potentialAction":[{"@type":"CommentAction","name":"Comment","target":["https:\/\/blogg.svenskakyrkan.se\/kyrkogardienkoping\/2013\/11\/26\/utbildningsdagar\/#respond"]}]},{"@type":"WebPage","@id":"https:\/\/blogg.svenskakyrkan.se\/kyrkogardienkoping\/2013\/11\/26\/utbildningsdagar\/","url":"https:\/\/blogg.svenskakyrkan.se\/kyrkogardienkoping\/2013\/11\/26\/utbildningsdagar\/","name":"Utbildningsdagar - Kyrkog\u00e5rdsbloggen i Enk\u00f6pings pastorat","isPartOf":{"@id":"https:\/\/blogg.svenskakyrkan.se\/kyrkogardienkoping\/#website"},"primaryImageOfPage":{"@id":"https:\/\/blogg.svenskakyrkan.se\/kyrkogardienkoping\/2013\/11\/26\/utbildningsdagar\/#primaryimage"},"image":{"@id":"https:\/\/blogg.svenskakyrkan.se\/kyrkogardienkoping\/2013\/11\/26\/utbildningsdagar\/#primaryimage"},"thumbnailUrl":"http:\/\/blogg.svenskakyrkan.se\/kyrkogardienkoping\/files\/2013\/11\/131126-11-168x300.jpg","datePublished":"2013-11-26T08:44:47+00:00","dateModified":"2013-11-26T08:45:13+00:00","author":{"@id":"https:\/\/blogg.svenskakyrkan.se\/kyrkogardienkoping\/#\/schema\/person\/8ec127a2af49a2cade0ec5f1bd7db663"},"breadcrumb":{"@id":"https:\/\/blogg.svenskakyrkan.se\/kyrkogardienkoping\/2013\/11\/26\/utbildningsdagar\/#breadcrumb"},"inLanguage":"sv-SE","potentialAction":[{"@type":"ReadAction","target":["https:\/\/blogg.svenskakyrkan.se\/kyrkogardienkoping\/2013\/11\/26\/utbildningsdagar\/"]}]},{"@type":"ImageObject","inLanguage":"sv-SE","@id":"https:\/\/blogg.svenskakyrkan.se\/kyrkogardienkoping\/2013\/11\/26\/utbildningsdagar\/#primaryimage","url":"https:\/\/blogg.svenskakyrkan.se\/kyrkogardienkoping\/files\/2013\/11\/131126-11.jpg","contentUrl":"https:\/\/blogg.svenskakyrkan.se\/kyrkogardienkoping\/files\/2013\/11\/131126-11.jpg","width":432,"height":768},{"@type":"BreadcrumbList","@id":"https:\/\/blogg.svenskakyrkan.se\/kyrkogardienkoping\/2013\/11\/26\/utbildningsdagar\/#breadcrumb","itemListElement":[{"@type":"ListItem","position":1,"name":"Hem","item":"https:\/\/blogg.svenskakyrkan.se\/kyrkogardienkoping\/"},{"@type":"ListItem","position":2,"name":"Utbildningsdagar"}]},{"@type":"WebSite","@id":"https:\/\/blogg.svenskakyrkan.se\/kyrkogardienkoping\/#website","url":"https:\/\/blogg.svenskakyrkan.se\/kyrkogardienkoping\/","name":"Kyrkog\u00e5rdsbloggen i Enk\u00f6pings pastorat","description":"Om arbetet p\u00e5 de 27 kyrkog\u00e5rdarna inom Enk\u00f6pings pastorat. Allt fr\u00e5n synen p\u00e5 en kyrkog\u00e5rd som b\u00e5de park och viloplats till vad det handlar om att arbeta p\u00e5 en kyrkog\u00e5rd s\u00e5som gr\u00e4sklippning, plantering, sn\u00f6skottning, anl\u00e4ggningsarbeten och arbetsvardagen i st\u00f6rsta allm\u00e4nhet.","potentialAction":[{"@type":"SearchAction","target":{"@type":"EntryPoint","urlTemplate":"https:\/\/blogg.svenskakyrkan.se\/kyrkogardienkoping\/?s={search_term_string}"},"query-input":{"@type":"PropertyValueSpecification","valueRequired":true,"valueName":"search_term_string"}}],"inLanguage":"sv-SE"},{"@type":"Person","@id":"https:\/\/blogg.svenskakyrkan.se\/kyrkogardienkoping\/#\/schema\/person\/8ec127a2af49a2cade0ec5f1bd7db663","name":"Ann-Sofie Hansson","image":{"@type":"ImageObject","inLanguage":"sv-SE","@id":"https:\/\/blogg.svenskakyrkan.se\/kyrkogardienkoping\/#\/schema\/person\/image\/","url":"https:\/\/secure.gravatar.com\/avatar\/6accbf7bffafd21ea4d9399d92ae5263a588679076a67f86597ab5db53352082?s=96&d=mm&r=g","contentUrl":"https:\/\/secure.gravatar.com\/avatar\/6accbf7bffafd21ea4d9399d92ae5263a588679076a67f86597ab5db53352082?s=96&d=mm&r=g","caption":"Ann-Sofie Hansson"},"description":"Om arbetet p\u00e5 de 21 kyrkog\u00e5rdarna inom Enk\u00f6pings pastorat. Allt fr\u00e5n synen p\u00e5 en kyrkog\u00e5rd som b\u00e5de park och viloplats till vad det handlar om att arbeta p\u00e5 en kyrkog\u00e5rd s\u00e5som gr\u00e4sklippning, plantering, sn\u00f6skottning, anl\u00e4ggningsarbeten och arbetsvardagen i st\u00f6rsta allm\u00e4nhet.","url":"https:\/\/blogg.svenskakyrkan.se\/kyrkogardienkoping\/author\/annsofiehansson\/"}]}},"author_meta":{"ID":"241","user_nicename":"annsofiehansson","user_registered":"2012-11-12 07:48:50","display_name":"Ann-Sofie Hansson","first_name":"Ann-Sofie","last_name":"Hansson","avatar":"https:\/\/secure.gravatar.com\/avatar\/6accbf7bffafd21ea4d9399d92ae5263a588679076a67f86597ab5db53352082?s=96&d=mm&r=g"},"featured_image":false,"bloginfo":{"name":"Kyrkog\u00e5rdsbloggen i Enk\u00f6pings pastorat","url":"https:\/\/blogg.svenskakyrkan.se\/kyrkogardienkoping"},"_links":{"self":[{"href":"https:\/\/blogg.svenskakyrkan.se\/kyrkogardienkoping\/wp-json\/wp\/v2\/posts\/576","targetHints":{"allow":["GET"]}}],"collection":[{"href":"https:\/\/blogg.svenskakyrkan.se\/kyrkogardienkoping\/wp-json\/wp\/v2\/posts"}],"about":[{"href":"https:\/\/blogg.svenskakyrkan.se\/kyrkogardienkoping\/wp-json\/wp\/v2\/types\/post"}],"author":[{"embeddable":true,"href":"https:\/\/blogg.svenskakyrkan.se\/kyrkogardienkoping\/wp-json\/wp\/v2\/users\/241"}],"replies":[{"embeddable":true,"href":"https:\/\/blogg.svenskakyrkan.se\/kyrkogardienkoping\/wp-json\/wp\/v2\/comments?post=576"}],"version-history":[{"count":6,"href":"https:\/\/blogg.svenskakyrkan.se\/kyrkogardienkoping\/wp-json\/wp\/v2\/posts\/576\/revisions"}],"predecessor-version":[{"id":586,"href":"https:\/\/blogg.svenskakyrkan.se\/kyrkogardienkoping\/wp-json\/wp\/v2\/posts\/576\/revisions\/586"}],"wp:attachment":[{"href":"https:\/\/blogg.svenskakyrkan.se\/kyrkogardienkoping\/wp-json\/wp\/v2\/media?parent=576"}],"wp:term":[{"taxonomy":"category","embeddable":true,"href":"https:\/\/blogg.svenskakyrkan.se\/kyrkogardienkoping\/wp-json\/wp\/v2\/categories?post=576"},{"taxonomy":"post_tag","embeddable":true,"href":"https:\/\/blogg.svenskakyrkan.se\/kyrkogardienkoping\/wp-json\/wp\/v2\/tags?post=576"}],"curies":[{"name":"wp","href":"https:\/\/api.w.org\/{rel}","templated":true}]}}