{"id":85,"date":"2012-11-15T14:50:57","date_gmt":"2012-11-15T13:50:57","guid":{"rendered":"http:\/\/blogg.svenskakyrkan.se\/kyrkogardienkoping\/?p=85"},"modified":"2012-11-15T14:50:57","modified_gmt":"2012-11-15T13:50:57","slug":"rabatten-som-flyttade","status":"publish","type":"post","link":"https:\/\/blogg.svenskakyrkan.se\/kyrkogardienkoping\/2012\/11\/15\/rabatten-som-flyttade\/","title":{"rendered":"Rabatten som flyttade"},"content":{"rendered":"<p><a href=\"http:\/\/blogg.svenskakyrkan.se\/kyrkogardienkoping\/files\/2012\/11\/002.jpg\"><img loading=\"lazy\" decoding=\"async\" class=\"alignnone size-medium wp-image-86\" src=\"http:\/\/blogg.svenskakyrkan.se\/kyrkogardienkoping\/files\/2012\/11\/002-300x225.jpg\" alt=\"\" width=\"300\" height=\"225\" srcset=\"https:\/\/blogg.svenskakyrkan.se\/kyrkogardienkoping\/files\/2012\/11\/002-300x225.jpg 300w, https:\/\/blogg.svenskakyrkan.se\/kyrkogardienkoping\/files\/2012\/11\/002-1024x768.jpg 1024w\" sizes=\"auto, (max-width: 300px) 100vw, 300px\" \/><\/a><\/p>\n<p>Efter V\u00e5rfrukyrkans s\u00f6dra l\u00e5ngsida gjorde vi\u00a0\u00a02011 en plantering som\u00a0blev mycket uppskattad av allm\u00e4nheten. Under 2013 skall V\u00e5rfrukyrkan byggas om, och eftersom v\u00e5r rabatt skulle hamna illa till under byggnationerna best\u00e4mde vi oss f\u00f6r att flytta den.<\/p>\n<p>Nu finns rabatten i en n\u00e5got ny tappning att besk\u00e5da lite\u00a0l\u00e4ngre s\u00f6derut p\u00e5 kyrkog\u00e5rden.<\/p>\n<p><a href=\"http:\/\/blogg.svenskakyrkan.se\/kyrkogardienkoping\/files\/2012\/11\/0062.jpg\"><img loading=\"lazy\" decoding=\"async\" class=\"alignnone size-medium wp-image-89\" src=\"http:\/\/blogg.svenskakyrkan.se\/kyrkogardienkoping\/files\/2012\/11\/0062-300x225.jpg\" alt=\"\" width=\"300\" height=\"225\" srcset=\"https:\/\/blogg.svenskakyrkan.se\/kyrkogardienkoping\/files\/2012\/11\/0062-300x225.jpg 300w, https:\/\/blogg.svenskakyrkan.se\/kyrkogardienkoping\/files\/2012\/11\/0062-1024x768.jpg 1024w\" sizes=\"auto, (max-width: 300px) 100vw, 300px\" \/><\/a><\/p>\n<p>&nbsp;<\/p>\n","protected":false},"excerpt":{"rendered":"<p>Efter V\u00e5rfrukyrkans s\u00f6dra l\u00e5ngsida gjorde vi\u00a0\u00a02011 en plantering som\u00a0blev mycket uppskattad av allm\u00e4nheten. Under 2013 skall V\u00e5rfrukyrkan byggas om, och eftersom v\u00e5r rabatt skulle hamna illa till under byggnationerna best\u00e4mde vi oss f\u00f6r att flytta den. Nu finns rabatten i en n\u00e5got ny tappning att besk\u00e5da lite\u00a0l\u00e4ngre s\u00f6derut p\u00e5 kyrkog\u00e5rden. &nbsp;<\/p>\n","protected":false},"author":241,"featured_media":0,"comment_status":"open","ping_status":"open","sticky":false,"template":"","format":"standard","meta":{"_acf_changed":false,"footnotes":""},"categories":[9],"tags":[],"class_list":["post-85","post","type-post","status-publish","format-standard","hentry","category-okategoriserade"],"acf":[],"yoast_head":"<!-- This site is optimized with the Yoast SEO plugin v27.1.1 - https:\/\/yoast.com\/product\/yoast-seo-wordpress\/ -->\n<title>Rabatten som flyttade - Kyrkog\u00e5rdsbloggen i Enk\u00f6pings pastorat<\/title>\n<meta name=\"robots\" content=\"index, follow, max-snippet:-1, max-image-preview:large, max-video-preview:-1\" \/>\n<link rel=\"canonical\" href=\"https:\/\/blogg.svenskakyrkan.se\/kyrkogardienkoping\/2012\/11\/15\/rabatten-som-flyttade\/\" \/>\n<meta property=\"og:locale\" content=\"sv_SE\" \/>\n<meta property=\"og:type\" content=\"article\" \/>\n<meta property=\"og:title\" content=\"Rabatten som flyttade - Kyrkog\u00e5rdsbloggen i Enk\u00f6pings pastorat\" \/>\n<meta property=\"og:description\" content=\"Efter V\u00e5rfrukyrkans s\u00f6dra l\u00e5ngsida gjorde vi\u00a0\u00a02011 en plantering som\u00a0blev mycket uppskattad av allm\u00e4nheten. Under 2013 skall V\u00e5rfrukyrkan byggas om, och eftersom v\u00e5r rabatt skulle hamna illa till under byggnationerna best\u00e4mde vi oss f\u00f6r att flytta den. Nu finns rabatten i en n\u00e5got ny tappning att besk\u00e5da lite\u00a0l\u00e4ngre s\u00f6derut p\u00e5 kyrkog\u00e5rden. &nbsp;\" \/>\n<meta property=\"og:url\" content=\"https:\/\/blogg.svenskakyrkan.se\/kyrkogardienkoping\/2012\/11\/15\/rabatten-som-flyttade\/\" \/>\n<meta property=\"og:site_name\" content=\"Kyrkog\u00e5rdsbloggen i Enk\u00f6pings pastorat\" \/>\n<meta property=\"article:published_time\" content=\"2012-11-15T13:50:57+00:00\" \/>\n<meta property=\"og:image\" content=\"https:\/\/blogg.svenskakyrkan.se\/kyrkogardienkoping\/files\/2012\/11\/002-1024x768.jpg\" \/>\n\t<meta property=\"og:image:width\" content=\"1024\" \/>\n\t<meta property=\"og:image:height\" content=\"768\" \/>\n\t<meta property=\"og:image:type\" content=\"image\/jpeg\" \/>\n<meta name=\"author\" content=\"Ann-Sofie Hansson\" \/>\n<meta name=\"twitter:card\" content=\"summary_large_image\" \/>\n<meta name=\"twitter:label1\" content=\"Skriven av\" \/>\n\t<meta name=\"twitter:data1\" content=\"Ann-Sofie Hansson\" \/>\n<script type=\"application\/ld+json\" class=\"yoast-schema-graph\">{\"@context\":\"https:\/\/schema.org\",\"@graph\":[{\"@type\":\"Article\",\"@id\":\"https:\/\/blogg.svenskakyrkan.se\/kyrkogardienkoping\/2012\/11\/15\/rabatten-som-flyttade\/#article\",\"isPartOf\":{\"@id\":\"https:\/\/blogg.svenskakyrkan.se\/kyrkogardienkoping\/2012\/11\/15\/rabatten-som-flyttade\/\"},\"author\":{\"name\":\"Ann-Sofie Hansson\",\"@id\":\"https:\/\/blogg.svenskakyrkan.se\/kyrkogardienkoping\/#\/schema\/person\/8ec127a2af49a2cade0ec5f1bd7db663\"},\"headline\":\"Rabatten som flyttade\",\"datePublished\":\"2012-11-15T13:50:57+00:00\",\"mainEntityOfPage\":{\"@id\":\"https:\/\/blogg.svenskakyrkan.se\/kyrkogardienkoping\/2012\/11\/15\/rabatten-som-flyttade\/\"},\"wordCount\":68,\"commentCount\":0,\"image\":{\"@id\":\"https:\/\/blogg.svenskakyrkan.se\/kyrkogardienkoping\/2012\/11\/15\/rabatten-som-flyttade\/#primaryimage\"},\"thumbnailUrl\":\"http:\/\/blogg.svenskakyrkan.se\/kyrkogardienkoping\/files\/2012\/11\/002-300x225.jpg\",\"inLanguage\":\"sv-SE\",\"potentialAction\":[{\"@type\":\"CommentAction\",\"name\":\"Comment\",\"target\":[\"https:\/\/blogg.svenskakyrkan.se\/kyrkogardienkoping\/2012\/11\/15\/rabatten-som-flyttade\/#respond\"]}]},{\"@type\":\"WebPage\",\"@id\":\"https:\/\/blogg.svenskakyrkan.se\/kyrkogardienkoping\/2012\/11\/15\/rabatten-som-flyttade\/\",\"url\":\"https:\/\/blogg.svenskakyrkan.se\/kyrkogardienkoping\/2012\/11\/15\/rabatten-som-flyttade\/\",\"name\":\"Rabatten som flyttade - Kyrkog\u00e5rdsbloggen i Enk\u00f6pings pastorat\",\"isPartOf\":{\"@id\":\"https:\/\/blogg.svenskakyrkan.se\/kyrkogardienkoping\/#website\"},\"primaryImageOfPage\":{\"@id\":\"https:\/\/blogg.svenskakyrkan.se\/kyrkogardienkoping\/2012\/11\/15\/rabatten-som-flyttade\/#primaryimage\"},\"image\":{\"@id\":\"https:\/\/blogg.svenskakyrkan.se\/kyrkogardienkoping\/2012\/11\/15\/rabatten-som-flyttade\/#primaryimage\"},\"thumbnailUrl\":\"http:\/\/blogg.svenskakyrkan.se\/kyrkogardienkoping\/files\/2012\/11\/002-300x225.jpg\",\"datePublished\":\"2012-11-15T13:50:57+00:00\",\"author\":{\"@id\":\"https:\/\/blogg.svenskakyrkan.se\/kyrkogardienkoping\/#\/schema\/person\/8ec127a2af49a2cade0ec5f1bd7db663\"},\"breadcrumb\":{\"@id\":\"https:\/\/blogg.svenskakyrkan.se\/kyrkogardienkoping\/2012\/11\/15\/rabatten-som-flyttade\/#breadcrumb\"},\"inLanguage\":\"sv-SE\",\"potentialAction\":[{\"@type\":\"ReadAction\",\"target\":[\"https:\/\/blogg.svenskakyrkan.se\/kyrkogardienkoping\/2012\/11\/15\/rabatten-som-flyttade\/\"]}]},{\"@type\":\"ImageObject\",\"inLanguage\":\"sv-SE\",\"@id\":\"https:\/\/blogg.svenskakyrkan.se\/kyrkogardienkoping\/2012\/11\/15\/rabatten-som-flyttade\/#primaryimage\",\"url\":\"https:\/\/blogg.svenskakyrkan.se\/kyrkogardienkoping\/files\/2012\/11\/002.jpg\",\"contentUrl\":\"https:\/\/blogg.svenskakyrkan.se\/kyrkogardienkoping\/files\/2012\/11\/002.jpg\",\"width\":\"3648\",\"height\":\"2736\"},{\"@type\":\"BreadcrumbList\",\"@id\":\"https:\/\/blogg.svenskakyrkan.se\/kyrkogardienkoping\/2012\/11\/15\/rabatten-som-flyttade\/#breadcrumb\",\"itemListElement\":[{\"@type\":\"ListItem\",\"position\":1,\"name\":\"Hem\",\"item\":\"https:\/\/blogg.svenskakyrkan.se\/kyrkogardienkoping\/\"},{\"@type\":\"ListItem\",\"position\":2,\"name\":\"Rabatten som flyttade\"}]},{\"@type\":\"WebSite\",\"@id\":\"https:\/\/blogg.svenskakyrkan.se\/kyrkogardienkoping\/#website\",\"url\":\"https:\/\/blogg.svenskakyrkan.se\/kyrkogardienkoping\/\",\"name\":\"Kyrkog\u00e5rdsbloggen i Enk\u00f6pings pastorat\",\"description\":\"Om arbetet p\u00e5 de 27 kyrkog\u00e5rdarna inom Enk\u00f6pings pastorat. Allt fr\u00e5n synen p\u00e5 en kyrkog\u00e5rd som b\u00e5de park och viloplats till vad det handlar om att arbeta p\u00e5 en kyrkog\u00e5rd s\u00e5som gr\u00e4sklippning, plantering, sn\u00f6skottning, anl\u00e4ggningsarbeten och arbetsvardagen i st\u00f6rsta allm\u00e4nhet.\",\"potentialAction\":[{\"@type\":\"SearchAction\",\"target\":{\"@type\":\"EntryPoint\",\"urlTemplate\":\"https:\/\/blogg.svenskakyrkan.se\/kyrkogardienkoping\/?s={search_term_string}\"},\"query-input\":{\"@type\":\"PropertyValueSpecification\",\"valueRequired\":true,\"valueName\":\"search_term_string\"}}],\"inLanguage\":\"sv-SE\"},{\"@type\":\"Person\",\"@id\":\"https:\/\/blogg.svenskakyrkan.se\/kyrkogardienkoping\/#\/schema\/person\/8ec127a2af49a2cade0ec5f1bd7db663\",\"name\":\"Ann-Sofie Hansson\",\"image\":{\"@type\":\"ImageObject\",\"inLanguage\":\"sv-SE\",\"@id\":\"https:\/\/blogg.svenskakyrkan.se\/kyrkogardienkoping\/#\/schema\/person\/image\/\",\"url\":\"https:\/\/secure.gravatar.com\/avatar\/6accbf7bffafd21ea4d9399d92ae5263a588679076a67f86597ab5db53352082?s=96&d=mm&r=g\",\"contentUrl\":\"https:\/\/secure.gravatar.com\/avatar\/6accbf7bffafd21ea4d9399d92ae5263a588679076a67f86597ab5db53352082?s=96&d=mm&r=g\",\"caption\":\"Ann-Sofie Hansson\"},\"description\":\"Om arbetet p\u00e5 de 21 kyrkog\u00e5rdarna inom Enk\u00f6pings pastorat. Allt fr\u00e5n synen p\u00e5 en kyrkog\u00e5rd som b\u00e5de park och viloplats till vad det handlar om att arbeta p\u00e5 en kyrkog\u00e5rd s\u00e5som gr\u00e4sklippning, plantering, sn\u00f6skottning, anl\u00e4ggningsarbeten och arbetsvardagen i st\u00f6rsta allm\u00e4nhet.\",\"url\":\"https:\/\/blogg.svenskakyrkan.se\/kyrkogardienkoping\/author\/annsofiehansson\/\"}]}<\/script>\n<!-- \/ Yoast SEO plugin. -->","yoast_head_json":{"title":"Rabatten som flyttade - Kyrkog\u00e5rdsbloggen i Enk\u00f6pings pastorat","robots":{"index":"index","follow":"follow","max-snippet":"max-snippet:-1","max-image-preview":"max-image-preview:large","max-video-preview":"max-video-preview:-1"},"canonical":"https:\/\/blogg.svenskakyrkan.se\/kyrkogardienkoping\/2012\/11\/15\/rabatten-som-flyttade\/","og_locale":"sv_SE","og_type":"article","og_title":"Rabatten som flyttade - Kyrkog\u00e5rdsbloggen i Enk\u00f6pings pastorat","og_description":"Efter V\u00e5rfrukyrkans s\u00f6dra l\u00e5ngsida gjorde vi\u00a0\u00a02011 en plantering som\u00a0blev mycket uppskattad av allm\u00e4nheten. Under 2013 skall V\u00e5rfrukyrkan byggas om, och eftersom v\u00e5r rabatt skulle hamna illa till under byggnationerna best\u00e4mde vi oss f\u00f6r att flytta den. Nu finns rabatten i en n\u00e5got ny tappning att besk\u00e5da lite\u00a0l\u00e4ngre s\u00f6derut p\u00e5 kyrkog\u00e5rden. &nbsp;","og_url":"https:\/\/blogg.svenskakyrkan.se\/kyrkogardienkoping\/2012\/11\/15\/rabatten-som-flyttade\/","og_site_name":"Kyrkog\u00e5rdsbloggen i Enk\u00f6pings pastorat","article_published_time":"2012-11-15T13:50:57+00:00","og_image":[{"width":1024,"height":768,"url":"https:\/\/blogg.svenskakyrkan.se\/kyrkogardienkoping\/files\/2012\/11\/002-1024x768.jpg","type":"image\/jpeg"}],"author":"Ann-Sofie Hansson","twitter_card":"summary_large_image","twitter_misc":{"Skriven av":"Ann-Sofie Hansson"},"schema":{"@context":"https:\/\/schema.org","@graph":[{"@type":"Article","@id":"https:\/\/blogg.svenskakyrkan.se\/kyrkogardienkoping\/2012\/11\/15\/rabatten-som-flyttade\/#article","isPartOf":{"@id":"https:\/\/blogg.svenskakyrkan.se\/kyrkogardienkoping\/2012\/11\/15\/rabatten-som-flyttade\/"},"author":{"name":"Ann-Sofie Hansson","@id":"https:\/\/blogg.svenskakyrkan.se\/kyrkogardienkoping\/#\/schema\/person\/8ec127a2af49a2cade0ec5f1bd7db663"},"headline":"Rabatten som flyttade","datePublished":"2012-11-15T13:50:57+00:00","mainEntityOfPage":{"@id":"https:\/\/blogg.svenskakyrkan.se\/kyrkogardienkoping\/2012\/11\/15\/rabatten-som-flyttade\/"},"wordCount":68,"commentCount":0,"image":{"@id":"https:\/\/blogg.svenskakyrkan.se\/kyrkogardienkoping\/2012\/11\/15\/rabatten-som-flyttade\/#primaryimage"},"thumbnailUrl":"http:\/\/blogg.svenskakyrkan.se\/kyrkogardienkoping\/files\/2012\/11\/002-300x225.jpg","inLanguage":"sv-SE","potentialAction":[{"@type":"CommentAction","name":"Comment","target":["https:\/\/blogg.svenskakyrkan.se\/kyrkogardienkoping\/2012\/11\/15\/rabatten-som-flyttade\/#respond"]}]},{"@type":"WebPage","@id":"https:\/\/blogg.svenskakyrkan.se\/kyrkogardienkoping\/2012\/11\/15\/rabatten-som-flyttade\/","url":"https:\/\/blogg.svenskakyrkan.se\/kyrkogardienkoping\/2012\/11\/15\/rabatten-som-flyttade\/","name":"Rabatten som flyttade - Kyrkog\u00e5rdsbloggen i Enk\u00f6pings pastorat","isPartOf":{"@id":"https:\/\/blogg.svenskakyrkan.se\/kyrkogardienkoping\/#website"},"primaryImageOfPage":{"@id":"https:\/\/blogg.svenskakyrkan.se\/kyrkogardienkoping\/2012\/11\/15\/rabatten-som-flyttade\/#primaryimage"},"image":{"@id":"https:\/\/blogg.svenskakyrkan.se\/kyrkogardienkoping\/2012\/11\/15\/rabatten-som-flyttade\/#primaryimage"},"thumbnailUrl":"http:\/\/blogg.svenskakyrkan.se\/kyrkogardienkoping\/files\/2012\/11\/002-300x225.jpg","datePublished":"2012-11-15T13:50:57+00:00","author":{"@id":"https:\/\/blogg.svenskakyrkan.se\/kyrkogardienkoping\/#\/schema\/person\/8ec127a2af49a2cade0ec5f1bd7db663"},"breadcrumb":{"@id":"https:\/\/blogg.svenskakyrkan.se\/kyrkogardienkoping\/2012\/11\/15\/rabatten-som-flyttade\/#breadcrumb"},"inLanguage":"sv-SE","potentialAction":[{"@type":"ReadAction","target":["https:\/\/blogg.svenskakyrkan.se\/kyrkogardienkoping\/2012\/11\/15\/rabatten-som-flyttade\/"]}]},{"@type":"ImageObject","inLanguage":"sv-SE","@id":"https:\/\/blogg.svenskakyrkan.se\/kyrkogardienkoping\/2012\/11\/15\/rabatten-som-flyttade\/#primaryimage","url":"https:\/\/blogg.svenskakyrkan.se\/kyrkogardienkoping\/files\/2012\/11\/002.jpg","contentUrl":"https:\/\/blogg.svenskakyrkan.se\/kyrkogardienkoping\/files\/2012\/11\/002.jpg","width":"3648","height":"2736"},{"@type":"BreadcrumbList","@id":"https:\/\/blogg.svenskakyrkan.se\/kyrkogardienkoping\/2012\/11\/15\/rabatten-som-flyttade\/#breadcrumb","itemListElement":[{"@type":"ListItem","position":1,"name":"Hem","item":"https:\/\/blogg.svenskakyrkan.se\/kyrkogardienkoping\/"},{"@type":"ListItem","position":2,"name":"Rabatten som flyttade"}]},{"@type":"WebSite","@id":"https:\/\/blogg.svenskakyrkan.se\/kyrkogardienkoping\/#website","url":"https:\/\/blogg.svenskakyrkan.se\/kyrkogardienkoping\/","name":"Kyrkog\u00e5rdsbloggen i Enk\u00f6pings pastorat","description":"Om arbetet p\u00e5 de 27 kyrkog\u00e5rdarna inom Enk\u00f6pings pastorat. Allt fr\u00e5n synen p\u00e5 en kyrkog\u00e5rd som b\u00e5de park och viloplats till vad det handlar om att arbeta p\u00e5 en kyrkog\u00e5rd s\u00e5som gr\u00e4sklippning, plantering, sn\u00f6skottning, anl\u00e4ggningsarbeten och arbetsvardagen i st\u00f6rsta allm\u00e4nhet.","potentialAction":[{"@type":"SearchAction","target":{"@type":"EntryPoint","urlTemplate":"https:\/\/blogg.svenskakyrkan.se\/kyrkogardienkoping\/?s={search_term_string}"},"query-input":{"@type":"PropertyValueSpecification","valueRequired":true,"valueName":"search_term_string"}}],"inLanguage":"sv-SE"},{"@type":"Person","@id":"https:\/\/blogg.svenskakyrkan.se\/kyrkogardienkoping\/#\/schema\/person\/8ec127a2af49a2cade0ec5f1bd7db663","name":"Ann-Sofie Hansson","image":{"@type":"ImageObject","inLanguage":"sv-SE","@id":"https:\/\/blogg.svenskakyrkan.se\/kyrkogardienkoping\/#\/schema\/person\/image\/","url":"https:\/\/secure.gravatar.com\/avatar\/6accbf7bffafd21ea4d9399d92ae5263a588679076a67f86597ab5db53352082?s=96&d=mm&r=g","contentUrl":"https:\/\/secure.gravatar.com\/avatar\/6accbf7bffafd21ea4d9399d92ae5263a588679076a67f86597ab5db53352082?s=96&d=mm&r=g","caption":"Ann-Sofie Hansson"},"description":"Om arbetet p\u00e5 de 21 kyrkog\u00e5rdarna inom Enk\u00f6pings pastorat. Allt fr\u00e5n synen p\u00e5 en kyrkog\u00e5rd som b\u00e5de park och viloplats till vad det handlar om att arbeta p\u00e5 en kyrkog\u00e5rd s\u00e5som gr\u00e4sklippning, plantering, sn\u00f6skottning, anl\u00e4ggningsarbeten och arbetsvardagen i st\u00f6rsta allm\u00e4nhet.","url":"https:\/\/blogg.svenskakyrkan.se\/kyrkogardienkoping\/author\/annsofiehansson\/"}]}},"author_meta":{"ID":"241","user_nicename":"annsofiehansson","user_registered":"2012-11-12 07:48:50","display_name":"Ann-Sofie Hansson","first_name":"Ann-Sofie","last_name":"Hansson","avatar":"https:\/\/secure.gravatar.com\/avatar\/6accbf7bffafd21ea4d9399d92ae5263a588679076a67f86597ab5db53352082?s=96&d=mm&r=g"},"featured_image":false,"bloginfo":{"name":"Kyrkog\u00e5rdsbloggen i Enk\u00f6pings pastorat","url":"https:\/\/blogg.svenskakyrkan.se\/kyrkogardienkoping"},"_links":{"self":[{"href":"https:\/\/blogg.svenskakyrkan.se\/kyrkogardienkoping\/wp-json\/wp\/v2\/posts\/85","targetHints":{"allow":["GET"]}}],"collection":[{"href":"https:\/\/blogg.svenskakyrkan.se\/kyrkogardienkoping\/wp-json\/wp\/v2\/posts"}],"about":[{"href":"https:\/\/blogg.svenskakyrkan.se\/kyrkogardienkoping\/wp-json\/wp\/v2\/types\/post"}],"author":[{"embeddable":true,"href":"https:\/\/blogg.svenskakyrkan.se\/kyrkogardienkoping\/wp-json\/wp\/v2\/users\/241"}],"replies":[{"embeddable":true,"href":"https:\/\/blogg.svenskakyrkan.se\/kyrkogardienkoping\/wp-json\/wp\/v2\/comments?post=85"}],"version-history":[{"count":5,"href":"https:\/\/blogg.svenskakyrkan.se\/kyrkogardienkoping\/wp-json\/wp\/v2\/posts\/85\/revisions"}],"predecessor-version":[{"id":94,"href":"https:\/\/blogg.svenskakyrkan.se\/kyrkogardienkoping\/wp-json\/wp\/v2\/posts\/85\/revisions\/94"}],"wp:attachment":[{"href":"https:\/\/blogg.svenskakyrkan.se\/kyrkogardienkoping\/wp-json\/wp\/v2\/media?parent=85"}],"wp:term":[{"taxonomy":"category","embeddable":true,"href":"https:\/\/blogg.svenskakyrkan.se\/kyrkogardienkoping\/wp-json\/wp\/v2\/categories?post=85"},{"taxonomy":"post_tag","embeddable":true,"href":"https:\/\/blogg.svenskakyrkan.se\/kyrkogardienkoping\/wp-json\/wp\/v2\/tags?post=85"}],"curies":[{"name":"wp","href":"https:\/\/api.w.org\/{rel}","templated":true}]}}