{"id":386,"date":"2018-01-05T15:17:49","date_gmt":"2018-01-05T14:17:49","guid":{"rendered":"http:\/\/blogg.svenskakyrkan.se\/mittlivsomprast\/?p=386"},"modified":"2018-01-05T15:51:48","modified_gmt":"2018-01-05T14:51:48","slug":"alskad-och-utvald","status":"publish","type":"post","link":"https:\/\/blogg.svenskakyrkan.se\/mittlivsomprast\/2018\/01\/05\/alskad-och-utvald\/","title":{"rendered":"\u00c4lskad och utvald"},"content":{"rendered":"<p>Hur g\u00e5r det med ny\u00e5rsl\u00f6ftena s\u00e5h\u00e4r l\u00e5ngt? Alla fl\u00f6den fylls av nya tips! Nu ska allt bli annorlunda! Det k\u00e4nns som att <em>alla andra<\/em> ska \u00e5ka vasaloppet, lyckas leva p\u00e5 bara en halv gr\u00f6n smoothie om dagen och dessutom redan har hela huset ljust, fr\u00e4scht och v\u00e5rstylat.\u00a0En kan bli tr\u00f6tt f\u00f6r mindre. Personligen har jag f\u00f6rs\u00f6kt med <em>b\u00f6rja tr\u00e4na (<\/em>jag b\u00f6rjade ocks\u00e5 mycket riktigt\u2026 men jag gl\u00f6mde lova hur l\u00e4nge jag skulle forts\u00e4tta)<em>, <\/em>samt <em>inte \u00e4ta godis <\/em>(h\u00f6ll fram till 3 januari, d\u00e5 har vi f\u00f6delsedagskalas). Men jag tror att f\u00f6r att \u00f6ka chansen att kunna lyckas ska man v\u00e4lja n\u00e5got som \u00e4r l\u00e4tt!<\/p>\n<p>Jag har ett bra tips!<\/p>\n<p>Den h\u00e4r helgen ber\u00e4ttar vi i kyrkan om hur Jesus d\u00f6ptes. N\u00e4r ett nytt litet barn kommer till v\u00e4rlden k\u00e4nns det naturligt att b\u00e5de fyllas av stor tacksamhet f\u00f6r det mirakel man h\u00e5ller i famnen. Men ocks\u00e5 av stor b\u00e4van\u2026 v\u00e4rlden inneh\u00e5ller mycket som vi inte \u00f6nskar att v\u00e5ra barn ska beh\u00f6va uppleva och som f\u00f6r\u00e4lder kan man drabbas av den maktl\u00f6shet som ligger i vetskapen om att inte kunna skydda sitt barn mot allt. Att komma med sitt barn till kyrkan f\u00f6r att d\u00f6pa rymmer b\u00e5de tacksamhet och en b\u00f6n om beskydd. En \u00f6nskan om Guds n\u00e4rvaro.<\/p>\n<p>N\u00e4r Jesus d\u00f6ps \u00e4r han redan vuxen. Hans kusin Johannes d\u00f6per honom i en flod och n\u00e4r han kliver upp ur vattnet h\u00f6rs en r\u00f6st fr\u00e5n himlen: <em>Du \u00e4r min \u00e4lskade son, du \u00e4r min utvalde. <\/em>Varje g\u00e5ng jag d\u00f6per en liten \u00e4r det som att Gud viskar: <em>du \u00e4r mitt \u00e4lskade barn, du \u00e4r min utvalda. <\/em><\/p>\n<p>Uppdraget handlar om att sprida k\u00e4rleken vidare i v\u00e4rlden. Det \u00e4r n\u00e5got som sm\u00e5 barn kan! Sprida k\u00e4rlek och gl\u00e4dje till alla de m\u00f6ter. Vem blir inte alldeles mjuk i hj\u00e4rtat d\u00e5 man f\u00e5r h\u00e5lla en liten nyf\u00f6dd? Barnet \u00e4r inte f\u00f6r litet f\u00f6r ett s\u00e5 stort uppdrag. Det lyckas genom att bara vara. Det \u00e4r inte heller f\u00f6r litet f\u00f6r att d\u00f6pas. Men beh\u00f6ver inte veta, kunna eller f\u00f6rst\u00e5 mer om Gud \u00e4n vad en trem\u00e5naders baby g\u00f6r, f\u00f6r att vara omsluten av Guds k\u00e4rlek. Det kan vara bra ocks\u00e5 f\u00f6r vuxna att t\u00e4nka p\u00e5.<\/p>\n<p>Jag t\u00e4nker att det h\u00e4r \u00e4r en fantastisk start p\u00e5 det nya \u00e5ret. Sl\u00e4pp \u00e5ngesten f\u00f6r att \u00e4ven andra lagret p\u00e5 chokladkartongen redan \u00e4r slut\u2026<br \/>\nT\u00e4nk om vi ist\u00e4llet kunde ha som ny\u00e5rsl\u00f6fte att sprida lite mer k\u00e4rlek i v\u00e4rlden varje dag? Det \u00e4r mycket l\u00e4ttare! Och v\u00e4ldigt bra om vi lyckas!<br \/>\nF\u00f6r ocks\u00e5 till dig och mig viskar Gud genom himlarymderna<em>: du \u00e4r \u00e4lskad och du \u00e4r utvald!<\/em><\/p>\n","protected":false},"excerpt":{"rendered":"<p>Hur g\u00e5r det med ny\u00e5rsl\u00f6ftena s\u00e5h\u00e4r l\u00e5ngt? Alla fl\u00f6den fylls av nya tips! Nu ska allt bli annorlunda! Det k\u00e4nns som att alla andra ska \u00e5ka vasaloppet, lyckas leva p\u00e5 bara en halv gr\u00f6n smoothie om dagen och dessutom redan har hela huset ljust, fr\u00e4scht och v\u00e5rstylat.\u00a0En kan bli tr\u00f6tt f\u00f6r mindre. Personligen har jag [&hellip;]<\/p>\n","protected":false},"author":596,"featured_media":387,"comment_status":"open","ping_status":"open","sticky":false,"template":"","format":"standard","meta":{"_acf_changed":false,"footnotes":""},"categories":[9],"tags":[],"class_list":["post-386","post","type-post","status-publish","format-standard","has-post-thumbnail","hentry","category-okategoriserade"],"acf":[],"yoast_head":"<!-- This site is optimized with the Yoast SEO plugin v27.1.1 - https:\/\/yoast.com\/product\/yoast-seo-wordpress\/ -->\n<title>\u00c4lskad och utvald - Mitt liv som pr\u00e4st<\/title>\n<meta name=\"robots\" content=\"index, follow, max-snippet:-1, max-image-preview:large, max-video-preview:-1\" \/>\n<link rel=\"canonical\" href=\"https:\/\/blogg.svenskakyrkan.se\/mittlivsomprast\/2018\/01\/05\/alskad-och-utvald\/\" \/>\n<meta property=\"og:locale\" content=\"sv_SE\" \/>\n<meta property=\"og:type\" content=\"article\" \/>\n<meta property=\"og:title\" content=\"\u00c4lskad och utvald - Mitt liv som pr\u00e4st\" \/>\n<meta property=\"og:description\" content=\"Hur g\u00e5r det med ny\u00e5rsl\u00f6ftena s\u00e5h\u00e4r l\u00e5ngt? Alla fl\u00f6den fylls av nya tips! Nu ska allt bli annorlunda! Det k\u00e4nns som att alla andra ska \u00e5ka vasaloppet, lyckas leva p\u00e5 bara en halv gr\u00f6n smoothie om dagen och dessutom redan har hela huset ljust, fr\u00e4scht och v\u00e5rstylat.\u00a0En kan bli tr\u00f6tt f\u00f6r mindre. Personligen har jag [&hellip;]\" \/>\n<meta property=\"og:url\" content=\"https:\/\/blogg.svenskakyrkan.se\/mittlivsomprast\/2018\/01\/05\/alskad-och-utvald\/\" \/>\n<meta property=\"og:site_name\" content=\"Mitt liv som pr\u00e4st\" \/>\n<meta property=\"article:published_time\" content=\"2018-01-05T14:17:49+00:00\" \/>\n<meta property=\"article:modified_time\" content=\"2018-01-05T14:51:48+00:00\" \/>\n<meta name=\"author\" content=\"mittlivsomprast\" \/>\n<meta name=\"twitter:card\" content=\"summary_large_image\" \/>\n<meta name=\"twitter:label1\" content=\"Skriven av\" \/>\n\t<meta name=\"twitter:data1\" content=\"mittlivsomprast\" \/>\n\t<meta name=\"twitter:label2\" content=\"Ber\u00e4knad l\u00e4stid\" \/>\n\t<meta name=\"twitter:data2\" content=\"3 minuter\" \/>\n<script type=\"application\/ld+json\" class=\"yoast-schema-graph\">{\"@context\":\"https:\/\/schema.org\",\"@graph\":[{\"@type\":\"Article\",\"@id\":\"https:\/\/blogg.svenskakyrkan.se\/mittlivsomprast\/2018\/01\/05\/alskad-och-utvald\/#article\",\"isPartOf\":{\"@id\":\"https:\/\/blogg.svenskakyrkan.se\/mittlivsomprast\/2018\/01\/05\/alskad-och-utvald\/\"},\"author\":{\"name\":\"mittlivsomprast\",\"@id\":\"https:\/\/blogg.svenskakyrkan.se\/mittlivsomprast\/#\/schema\/person\/0473aad3790cc4ff9e1649c1c3bf7ecd\"},\"headline\":\"\u00c4lskad och utvald\",\"datePublished\":\"2018-01-05T14:17:49+00:00\",\"dateModified\":\"2018-01-05T14:51:48+00:00\",\"mainEntityOfPage\":{\"@id\":\"https:\/\/blogg.svenskakyrkan.se\/mittlivsomprast\/2018\/01\/05\/alskad-och-utvald\/\"},\"wordCount\":526,\"commentCount\":1,\"image\":{\"@id\":\"https:\/\/blogg.svenskakyrkan.se\/mittlivsomprast\/2018\/01\/05\/alskad-och-utvald\/#primaryimage\"},\"thumbnailUrl\":\"https:\/\/blogg.svenskakyrkan.se\/mittlivsomprast\/files\/2018\/01\/IMG_0720-e1515161822774.jpg\",\"inLanguage\":\"sv-SE\",\"potentialAction\":[{\"@type\":\"CommentAction\",\"name\":\"Comment\",\"target\":[\"https:\/\/blogg.svenskakyrkan.se\/mittlivsomprast\/2018\/01\/05\/alskad-och-utvald\/#respond\"]}]},{\"@type\":\"WebPage\",\"@id\":\"https:\/\/blogg.svenskakyrkan.se\/mittlivsomprast\/2018\/01\/05\/alskad-och-utvald\/\",\"url\":\"https:\/\/blogg.svenskakyrkan.se\/mittlivsomprast\/2018\/01\/05\/alskad-och-utvald\/\",\"name\":\"\u00c4lskad och utvald - Mitt liv som pr\u00e4st\",\"isPartOf\":{\"@id\":\"https:\/\/blogg.svenskakyrkan.se\/mittlivsomprast\/#website\"},\"primaryImageOfPage\":{\"@id\":\"https:\/\/blogg.svenskakyrkan.se\/mittlivsomprast\/2018\/01\/05\/alskad-och-utvald\/#primaryimage\"},\"image\":{\"@id\":\"https:\/\/blogg.svenskakyrkan.se\/mittlivsomprast\/2018\/01\/05\/alskad-och-utvald\/#primaryimage\"},\"thumbnailUrl\":\"https:\/\/blogg.svenskakyrkan.se\/mittlivsomprast\/files\/2018\/01\/IMG_0720-e1515161822774.jpg\",\"datePublished\":\"2018-01-05T14:17:49+00:00\",\"dateModified\":\"2018-01-05T14:51:48+00:00\",\"author\":{\"@id\":\"https:\/\/blogg.svenskakyrkan.se\/mittlivsomprast\/#\/schema\/person\/0473aad3790cc4ff9e1649c1c3bf7ecd\"},\"breadcrumb\":{\"@id\":\"https:\/\/blogg.svenskakyrkan.se\/mittlivsomprast\/2018\/01\/05\/alskad-och-utvald\/#breadcrumb\"},\"inLanguage\":\"sv-SE\",\"potentialAction\":[{\"@type\":\"ReadAction\",\"target\":[\"https:\/\/blogg.svenskakyrkan.se\/mittlivsomprast\/2018\/01\/05\/alskad-och-utvald\/\"]}]},{\"@type\":\"ImageObject\",\"inLanguage\":\"sv-SE\",\"@id\":\"https:\/\/blogg.svenskakyrkan.se\/mittlivsomprast\/2018\/01\/05\/alskad-och-utvald\/#primaryimage\",\"url\":\"https:\/\/blogg.svenskakyrkan.se\/mittlivsomprast\/files\/2018\/01\/IMG_0720-e1515161822774.jpg\",\"contentUrl\":\"https:\/\/blogg.svenskakyrkan.se\/mittlivsomprast\/files\/2018\/01\/IMG_0720-e1515161822774.jpg\",\"width\":240,\"height\":320},{\"@type\":\"BreadcrumbList\",\"@id\":\"https:\/\/blogg.svenskakyrkan.se\/mittlivsomprast\/2018\/01\/05\/alskad-och-utvald\/#breadcrumb\",\"itemListElement\":[{\"@type\":\"ListItem\",\"position\":1,\"name\":\"Hem\",\"item\":\"https:\/\/blogg.svenskakyrkan.se\/mittlivsomprast\/\"},{\"@type\":\"ListItem\",\"position\":2,\"name\":\"\u00c4lskad och utvald\"}]},{\"@type\":\"WebSite\",\"@id\":\"https:\/\/blogg.svenskakyrkan.se\/mittlivsomprast\/#website\",\"url\":\"https:\/\/blogg.svenskakyrkan.se\/mittlivsomprast\/\",\"name\":\"Mitt liv som pr\u00e4st\",\"description\":\"M\u00e4nniska. Morsa. Pr\u00e4st. I den ordningen.\",\"potentialAction\":[{\"@type\":\"SearchAction\",\"target\":{\"@type\":\"EntryPoint\",\"urlTemplate\":\"https:\/\/blogg.svenskakyrkan.se\/mittlivsomprast\/?s={search_term_string}\"},\"query-input\":{\"@type\":\"PropertyValueSpecification\",\"valueRequired\":true,\"valueName\":\"search_term_string\"}}],\"inLanguage\":\"sv-SE\"},{\"@type\":\"Person\",\"@id\":\"https:\/\/blogg.svenskakyrkan.se\/mittlivsomprast\/#\/schema\/person\/0473aad3790cc4ff9e1649c1c3bf7ecd\",\"name\":\"mittlivsomprast\",\"image\":{\"@type\":\"ImageObject\",\"inLanguage\":\"sv-SE\",\"@id\":\"https:\/\/blogg.svenskakyrkan.se\/mittlivsomprast\/#\/schema\/person\/image\/\",\"url\":\"https:\/\/secure.gravatar.com\/avatar\/141dab46d1d92e1e39f0c75a179413f3aea45ce97940378761c3263f4e82b8ac?s=96&d=mm&r=g\",\"contentUrl\":\"https:\/\/secure.gravatar.com\/avatar\/141dab46d1d92e1e39f0c75a179413f3aea45ce97940378761c3263f4e82b8ac?s=96&d=mm&r=g\",\"caption\":\"mittlivsomprast\"},\"description\":\"M\u00e4nniska. Morsa. Pr\u00e4st. I den ordningen.\",\"url\":\"https:\/\/blogg.svenskakyrkan.se\/mittlivsomprast\/author\/mittliivsomprast\/\"}]}<\/script>\n<!-- \/ Yoast SEO plugin. -->","yoast_head_json":{"title":"\u00c4lskad och utvald - Mitt liv som pr\u00e4st","robots":{"index":"index","follow":"follow","max-snippet":"max-snippet:-1","max-image-preview":"max-image-preview:large","max-video-preview":"max-video-preview:-1"},"canonical":"https:\/\/blogg.svenskakyrkan.se\/mittlivsomprast\/2018\/01\/05\/alskad-och-utvald\/","og_locale":"sv_SE","og_type":"article","og_title":"\u00c4lskad och utvald - Mitt liv som pr\u00e4st","og_description":"Hur g\u00e5r det med ny\u00e5rsl\u00f6ftena s\u00e5h\u00e4r l\u00e5ngt? Alla fl\u00f6den fylls av nya tips! Nu ska allt bli annorlunda! Det k\u00e4nns som att alla andra ska \u00e5ka vasaloppet, lyckas leva p\u00e5 bara en halv gr\u00f6n smoothie om dagen och dessutom redan har hela huset ljust, fr\u00e4scht och v\u00e5rstylat.\u00a0En kan bli tr\u00f6tt f\u00f6r mindre. Personligen har jag [&hellip;]","og_url":"https:\/\/blogg.svenskakyrkan.se\/mittlivsomprast\/2018\/01\/05\/alskad-och-utvald\/","og_site_name":"Mitt liv som pr\u00e4st","article_published_time":"2018-01-05T14:17:49+00:00","article_modified_time":"2018-01-05T14:51:48+00:00","author":"mittlivsomprast","twitter_card":"summary_large_image","twitter_misc":{"Skriven av":"mittlivsomprast","Ber\u00e4knad l\u00e4stid":"3 minuter"},"schema":{"@context":"https:\/\/schema.org","@graph":[{"@type":"Article","@id":"https:\/\/blogg.svenskakyrkan.se\/mittlivsomprast\/2018\/01\/05\/alskad-och-utvald\/#article","isPartOf":{"@id":"https:\/\/blogg.svenskakyrkan.se\/mittlivsomprast\/2018\/01\/05\/alskad-och-utvald\/"},"author":{"name":"mittlivsomprast","@id":"https:\/\/blogg.svenskakyrkan.se\/mittlivsomprast\/#\/schema\/person\/0473aad3790cc4ff9e1649c1c3bf7ecd"},"headline":"\u00c4lskad och utvald","datePublished":"2018-01-05T14:17:49+00:00","dateModified":"2018-01-05T14:51:48+00:00","mainEntityOfPage":{"@id":"https:\/\/blogg.svenskakyrkan.se\/mittlivsomprast\/2018\/01\/05\/alskad-och-utvald\/"},"wordCount":526,"commentCount":1,"image":{"@id":"https:\/\/blogg.svenskakyrkan.se\/mittlivsomprast\/2018\/01\/05\/alskad-och-utvald\/#primaryimage"},"thumbnailUrl":"https:\/\/blogg.svenskakyrkan.se\/mittlivsomprast\/files\/2018\/01\/IMG_0720-e1515161822774.jpg","inLanguage":"sv-SE","potentialAction":[{"@type":"CommentAction","name":"Comment","target":["https:\/\/blogg.svenskakyrkan.se\/mittlivsomprast\/2018\/01\/05\/alskad-och-utvald\/#respond"]}]},{"@type":"WebPage","@id":"https:\/\/blogg.svenskakyrkan.se\/mittlivsomprast\/2018\/01\/05\/alskad-och-utvald\/","url":"https:\/\/blogg.svenskakyrkan.se\/mittlivsomprast\/2018\/01\/05\/alskad-och-utvald\/","name":"\u00c4lskad och utvald - Mitt liv som pr\u00e4st","isPartOf":{"@id":"https:\/\/blogg.svenskakyrkan.se\/mittlivsomprast\/#website"},"primaryImageOfPage":{"@id":"https:\/\/blogg.svenskakyrkan.se\/mittlivsomprast\/2018\/01\/05\/alskad-och-utvald\/#primaryimage"},"image":{"@id":"https:\/\/blogg.svenskakyrkan.se\/mittlivsomprast\/2018\/01\/05\/alskad-och-utvald\/#primaryimage"},"thumbnailUrl":"https:\/\/blogg.svenskakyrkan.se\/mittlivsomprast\/files\/2018\/01\/IMG_0720-e1515161822774.jpg","datePublished":"2018-01-05T14:17:49+00:00","dateModified":"2018-01-05T14:51:48+00:00","author":{"@id":"https:\/\/blogg.svenskakyrkan.se\/mittlivsomprast\/#\/schema\/person\/0473aad3790cc4ff9e1649c1c3bf7ecd"},"breadcrumb":{"@id":"https:\/\/blogg.svenskakyrkan.se\/mittlivsomprast\/2018\/01\/05\/alskad-och-utvald\/#breadcrumb"},"inLanguage":"sv-SE","potentialAction":[{"@type":"ReadAction","target":["https:\/\/blogg.svenskakyrkan.se\/mittlivsomprast\/2018\/01\/05\/alskad-och-utvald\/"]}]},{"@type":"ImageObject","inLanguage":"sv-SE","@id":"https:\/\/blogg.svenskakyrkan.se\/mittlivsomprast\/2018\/01\/05\/alskad-och-utvald\/#primaryimage","url":"https:\/\/blogg.svenskakyrkan.se\/mittlivsomprast\/files\/2018\/01\/IMG_0720-e1515161822774.jpg","contentUrl":"https:\/\/blogg.svenskakyrkan.se\/mittlivsomprast\/files\/2018\/01\/IMG_0720-e1515161822774.jpg","width":240,"height":320},{"@type":"BreadcrumbList","@id":"https:\/\/blogg.svenskakyrkan.se\/mittlivsomprast\/2018\/01\/05\/alskad-och-utvald\/#breadcrumb","itemListElement":[{"@type":"ListItem","position":1,"name":"Hem","item":"https:\/\/blogg.svenskakyrkan.se\/mittlivsomprast\/"},{"@type":"ListItem","position":2,"name":"\u00c4lskad och utvald"}]},{"@type":"WebSite","@id":"https:\/\/blogg.svenskakyrkan.se\/mittlivsomprast\/#website","url":"https:\/\/blogg.svenskakyrkan.se\/mittlivsomprast\/","name":"Mitt liv som pr\u00e4st","description":"M\u00e4nniska. Morsa. Pr\u00e4st. I den ordningen.","potentialAction":[{"@type":"SearchAction","target":{"@type":"EntryPoint","urlTemplate":"https:\/\/blogg.svenskakyrkan.se\/mittlivsomprast\/?s={search_term_string}"},"query-input":{"@type":"PropertyValueSpecification","valueRequired":true,"valueName":"search_term_string"}}],"inLanguage":"sv-SE"},{"@type":"Person","@id":"https:\/\/blogg.svenskakyrkan.se\/mittlivsomprast\/#\/schema\/person\/0473aad3790cc4ff9e1649c1c3bf7ecd","name":"mittlivsomprast","image":{"@type":"ImageObject","inLanguage":"sv-SE","@id":"https:\/\/blogg.svenskakyrkan.se\/mittlivsomprast\/#\/schema\/person\/image\/","url":"https:\/\/secure.gravatar.com\/avatar\/141dab46d1d92e1e39f0c75a179413f3aea45ce97940378761c3263f4e82b8ac?s=96&d=mm&r=g","contentUrl":"https:\/\/secure.gravatar.com\/avatar\/141dab46d1d92e1e39f0c75a179413f3aea45ce97940378761c3263f4e82b8ac?s=96&d=mm&r=g","caption":"mittlivsomprast"},"description":"M\u00e4nniska. Morsa. Pr\u00e4st. I den ordningen.","url":"https:\/\/blogg.svenskakyrkan.se\/mittlivsomprast\/author\/mittliivsomprast\/"}]}},"author_meta":{"ID":"596","user_nicename":"mittliivsomprast","user_registered":"2016-10-07 12:48:49","display_name":"mittlivsomprast","first_name":"Katarina","last_name":"Johansson","avatar":"https:\/\/blogg.svenskakyrkan.se\/mittlivsomprast\/files\/2023\/05\/KJ-tatoo-sv-150x150.jpeg"},"featured_image":["https:\/\/blogg.svenskakyrkan.se\/mittlivsomprast\/files\/2018\/01\/IMG_0720-e1515161822774.jpg",240,320,false],"bloginfo":{"name":"Mitt liv som pr\u00e4st","url":"https:\/\/blogg.svenskakyrkan.se\/mittlivsomprast"},"_links":{"self":[{"href":"https:\/\/blogg.svenskakyrkan.se\/mittlivsomprast\/wp-json\/wp\/v2\/posts\/386","targetHints":{"allow":["GET"]}}],"collection":[{"href":"https:\/\/blogg.svenskakyrkan.se\/mittlivsomprast\/wp-json\/wp\/v2\/posts"}],"about":[{"href":"https:\/\/blogg.svenskakyrkan.se\/mittlivsomprast\/wp-json\/wp\/v2\/types\/post"}],"author":[{"embeddable":true,"href":"https:\/\/blogg.svenskakyrkan.se\/mittlivsomprast\/wp-json\/wp\/v2\/users\/596"}],"replies":[{"embeddable":true,"href":"https:\/\/blogg.svenskakyrkan.se\/mittlivsomprast\/wp-json\/wp\/v2\/comments?post=386"}],"version-history":[{"count":3,"href":"https:\/\/blogg.svenskakyrkan.se\/mittlivsomprast\/wp-json\/wp\/v2\/posts\/386\/revisions"}],"predecessor-version":[{"id":390,"href":"https:\/\/blogg.svenskakyrkan.se\/mittlivsomprast\/wp-json\/wp\/v2\/posts\/386\/revisions\/390"}],"wp:featuredmedia":[{"embeddable":true,"href":"https:\/\/blogg.svenskakyrkan.se\/mittlivsomprast\/wp-json\/wp\/v2\/media\/387"}],"wp:attachment":[{"href":"https:\/\/blogg.svenskakyrkan.se\/mittlivsomprast\/wp-json\/wp\/v2\/media?parent=386"}],"wp:term":[{"taxonomy":"category","embeddable":true,"href":"https:\/\/blogg.svenskakyrkan.se\/mittlivsomprast\/wp-json\/wp\/v2\/categories?post=386"},{"taxonomy":"post_tag","embeddable":true,"href":"https:\/\/blogg.svenskakyrkan.se\/mittlivsomprast\/wp-json\/wp\/v2\/tags?post=386"}],"curies":[{"name":"wp","href":"https:\/\/api.w.org\/{rel}","templated":true}]}}