{"id":392,"date":"2018-02-14T14:03:07","date_gmt":"2018-02-14T13:03:07","guid":{"rendered":"http:\/\/blogg.svenskakyrkan.se\/mittlivsomprast\/?p=392"},"modified":"2018-02-14T14:03:07","modified_gmt":"2018-02-14T13:03:07","slug":"karlek-till-alla-oss-som-ingen-alskar","status":"publish","type":"post","link":"https:\/\/blogg.svenskakyrkan.se\/mittlivsomprast\/2018\/02\/14\/karlek-till-alla-oss-som-ingen-alskar\/","title":{"rendered":"K\u00e4rlek till alla oss som ingen \u00e4lskar"},"content":{"rendered":"<p>Idag \u00e4r det alla hj\u00e4rtans dag. D\u00e5ligt namn p\u00e5 den, tycker jag. F\u00f6r n\u00e4, den g\u00e4ller ju inte alla. Vi \u00e4r m\u00e5nga som inte har n\u00e5gon att \u00e4lska. Ingen som vill krama mig och s\u00e4ga de d\u00e4r efterl\u00e4ngtade och livsn\u00f6dv\u00e4ndiga orden. <em>\u201dJag \u00e4lskar dig\u201d.<\/em> Nu skriver jag inte detta f\u00f6r att f\u00e5 massa sympatier eller v\u00e4ltra mig i sj\u00e4lv\u00f6mkan (jo, lite..) utan f\u00f6r att vi \u00e4r m\u00e5nga!<\/p>\n<p>40% av alla hush\u00e5ll i Sverige \u00e4r hush\u00e5ll med en ensam vuxen. 1,5 miljoner. Det \u00e4r h\u00f6gst andel ensamma i v\u00e4rlden. Visst, det finns s\u00e4kert de som valt ensamheten och som \u00e4r n\u00f6jda \u2013 men kanske inte alla? Och visst finns det m\u00e5na som lever i en relation \u2013 och som k\u00e4nner sig ensamma \u00e4nd\u00e5. Som ocks\u00e5 hade velat posta n\u00e5got fint och romantiskt som en blivit \u00f6verraskad med under dagen\u2026 n\u00e4r det i sj\u00e4lva verket kanske det mest varit skrik och h\u00e5rda ord bakom fasaden\u2026 ja, dom finns ocks\u00e5.<\/p>\n<p>Men allt \u00e4r ju inte k\u00e4rleksrelationer? Det finns ju annan k\u00e4rlek ocks\u00e5? Jad\u00e5. Jag \u00e4r lycklig och tacksam \u00f6ver tv\u00e5 fina barn som jag \u00e4lskar och som \u00e4lskar mig tillbaka. Jag vet att det \u00e4r en g\u00e5va. Och att det \u00e4r en g\u00e5va som inte alla f\u00e5r.<\/p>\n<p>Men jag vill \u00e4nd\u00e5 s\u00e4ga n\u00e5got om den vuxna k\u00e4rleken. Den har jag f\u00e5tt k\u00e4nna. Jag har gett mycket mer \u00e4n jag f\u00e5tt ta emot. Men \u00e4nd\u00e5 f\u00e5tt mycket. Men k\u00e4rleken till mig har inte varit s\u00e5 stor att man inte samtidigt kunde h\u00e5na mig och trycka ner mig\u2026 eller k\u00e4rleken var inte s\u00e5 stor att jag inte med l\u00e4tthet kunde bytas ut.<\/p>\n<p>Hur \u00e4r det f\u00f6r dig? Hur ser k\u00e4rleken ut som du k\u00e4nt och gett? Till vem? Hur ser k\u00e4rleken ut om du f\u00e5tt ta emot under livet? Vilka villkor har den haft?<\/p>\n<p>\u00c4r du ensam just nu kanske du funderat? P\u00e5 varf\u00f6r? Och vad du skulle \u00f6nska? Det har jag gjort. Och jag vet ocks\u00e5 precis vad som \u00e4r mitt \u201dproblem\u201d. Eller ja, det \u00e4r ju s\u00e5klart inget problem f\u00f6r mig. Men tydligen f\u00f6r andra. Hade jag varit smalare och mindre smart hade jag haft b\u00e4ttre f\u00f6ruts\u00e4ttningar. Lika s\u00e5 om jag lagt mindre tid p\u00e5 mina barn. Dina anledningar ser kanske helt annorlunda ut. Men inget av det h\u00e4r varken kan eller vill ja \u00e4ndra p\u00e5. Men \u00e4nd\u00e5\u2026\u00e4nd\u00e5\u2026 b\u00e4r jag en stor skam \u00f6ver att vara ensam. \u00d6ver att ingen annan m\u00e4nniska tycker att jag \u00e4r v\u00e4rd att \u00e4lska.<\/p>\n<p>\u201dGud \u00e4lskar dig\u201d \u2013 s\u00e4ger varje kl\u00e4mk\u00e4ck pr\u00e4st. Jag ocks\u00e5. Och jag menar det. Men kanske tycker du ibland som jag att det \u00e4nd\u00e5 k\u00e4nns lite avl\u00e4gset? Dessutom lite <em>sad<\/em> att ingen mer \u00e4n Gud \u00e4lskar? En till? Lite mer levande? Hade det varit f\u00f6r mycket beg\u00e4rt? \u00c4nd\u00e5 \u00e4r det b\u00e5de sant och viktigt. F\u00f6r vet du? Det betyder faktiskt att b\u00e5de du och jag \u00e4r \u00e4lskade. Att vi \u00e4r \u00e4lskade som vi \u00e4r. Kanske \u00e4r det just nu inte n\u00e5gon levande person i lagom \u00e5lder och av l\u00e4mpligt k\u00f6n som ser att uppskatta det. <em>Men<\/em> det betyder inte att du inte \u00e4r v\u00e4rd att \u00e4lska. Och att du \u00e4r v\u00e4rd att \u00e4lskas just som du \u00e4r utan att du \u00e4ndrar dig\u00a0eller anpassar dig.<\/p>\n<p>Om du likasom jag k\u00e4nner skam \u2013 l\u00e5t oss sluta med det.<br \/>\nOm du liksom jag f\u00f6rs\u00f6kt att anpassa sig f\u00f6r att duga och f\u00f6r att vara v\u00e4rd att \u00e4lska \u2013 l\u00e5t os sluta med det.<\/p>\n<p>Det \u00e4r det Guds k\u00e4rlek till oss vill peppa oss till \u2013 vi \u00e4r redan \u00e4lskade.<br \/>\nVi \u00e4r redan v\u00e4rda att \u00e4lska \u2013 i befintligt skick!<\/p>\n<p>Gud vet det, vi kan ta till oss det\u2026 och kanske kommer ocks\u00e5 n\u00e5gon annan att uppt\u00e4cka det.<\/p>\n<p>Vi slutar sk\u00e4mmas. Och forts\u00e4tter hoppas.<br \/>\nOch under tiden \u2013 sprid s\u00e5 mycket k\u00e4rlek till s\u00e5 m\u00e5nga du kan idag och alla andra dagar.<\/p>\n<p>Det \u00e4r b\u00e5de du och jag och alla andra v\u00e4rda!<\/p>\n<p>K\u00e4rlek till er, kompisar!<\/p>\n","protected":false},"excerpt":{"rendered":"<p>Idag \u00e4r det alla hj\u00e4rtans dag. D\u00e5ligt namn p\u00e5 den, tycker jag. F\u00f6r n\u00e4, den g\u00e4ller ju inte alla. Vi \u00e4r m\u00e5nga som inte har n\u00e5gon att \u00e4lska. Ingen som vill krama mig och s\u00e4ga de d\u00e4r efterl\u00e4ngtade och livsn\u00f6dv\u00e4ndiga orden. \u201dJag \u00e4lskar dig\u201d. Nu skriver jag inte detta f\u00f6r att f\u00e5 massa sympatier eller [&hellip;]<\/p>\n","protected":false},"author":596,"featured_media":393,"comment_status":"open","ping_status":"open","sticky":false,"template":"","format":"standard","meta":{"_acf_changed":false,"footnotes":""},"categories":[9],"tags":[],"class_list":["post-392","post","type-post","status-publish","format-standard","has-post-thumbnail","hentry","category-okategoriserade"],"acf":[],"yoast_head":"<!-- This site is optimized with the Yoast SEO plugin v27.1.1 - https:\/\/yoast.com\/product\/yoast-seo-wordpress\/ -->\n<title>K\u00e4rlek till alla oss som ingen \u00e4lskar - Mitt liv som pr\u00e4st<\/title>\n<meta name=\"robots\" content=\"index, follow, max-snippet:-1, max-image-preview:large, max-video-preview:-1\" \/>\n<link rel=\"canonical\" href=\"https:\/\/blogg.svenskakyrkan.se\/mittlivsomprast\/2018\/02\/14\/karlek-till-alla-oss-som-ingen-alskar\/\" \/>\n<meta property=\"og:locale\" content=\"sv_SE\" \/>\n<meta property=\"og:type\" content=\"article\" \/>\n<meta property=\"og:title\" content=\"K\u00e4rlek till alla oss som ingen \u00e4lskar - Mitt liv som pr\u00e4st\" \/>\n<meta property=\"og:description\" content=\"Idag \u00e4r det alla hj\u00e4rtans dag. D\u00e5ligt namn p\u00e5 den, tycker jag. F\u00f6r n\u00e4, den g\u00e4ller ju inte alla. Vi \u00e4r m\u00e5nga som inte har n\u00e5gon att \u00e4lska. Ingen som vill krama mig och s\u00e4ga de d\u00e4r efterl\u00e4ngtade och livsn\u00f6dv\u00e4ndiga orden. \u201dJag \u00e4lskar dig\u201d. Nu skriver jag inte detta f\u00f6r att f\u00e5 massa sympatier eller [&hellip;]\" \/>\n<meta property=\"og:url\" content=\"https:\/\/blogg.svenskakyrkan.se\/mittlivsomprast\/2018\/02\/14\/karlek-till-alla-oss-som-ingen-alskar\/\" \/>\n<meta property=\"og:site_name\" content=\"Mitt liv som pr\u00e4st\" \/>\n<meta property=\"article:published_time\" content=\"2018-02-14T13:03:07+00:00\" \/>\n<meta name=\"author\" content=\"mittlivsomprast\" \/>\n<meta name=\"twitter:card\" content=\"summary_large_image\" \/>\n<meta name=\"twitter:label1\" content=\"Skriven av\" \/>\n\t<meta name=\"twitter:data1\" content=\"mittlivsomprast\" \/>\n\t<meta name=\"twitter:label2\" content=\"Ber\u00e4knad l\u00e4stid\" \/>\n\t<meta name=\"twitter:data2\" content=\"4 minuter\" \/>\n<script type=\"application\/ld+json\" class=\"yoast-schema-graph\">{\"@context\":\"https:\/\/schema.org\",\"@graph\":[{\"@type\":\"Article\",\"@id\":\"https:\/\/blogg.svenskakyrkan.se\/mittlivsomprast\/2018\/02\/14\/karlek-till-alla-oss-som-ingen-alskar\/#article\",\"isPartOf\":{\"@id\":\"https:\/\/blogg.svenskakyrkan.se\/mittlivsomprast\/2018\/02\/14\/karlek-till-alla-oss-som-ingen-alskar\/\"},\"author\":{\"name\":\"mittlivsomprast\",\"@id\":\"https:\/\/blogg.svenskakyrkan.se\/mittlivsomprast\/#\/schema\/person\/0473aad3790cc4ff9e1649c1c3bf7ecd\"},\"headline\":\"K\u00e4rlek till alla oss som ingen \u00e4lskar\",\"datePublished\":\"2018-02-14T13:03:07+00:00\",\"mainEntityOfPage\":{\"@id\":\"https:\/\/blogg.svenskakyrkan.se\/mittlivsomprast\/2018\/02\/14\/karlek-till-alla-oss-som-ingen-alskar\/\"},\"wordCount\":744,\"commentCount\":2,\"image\":{\"@id\":\"https:\/\/blogg.svenskakyrkan.se\/mittlivsomprast\/2018\/02\/14\/karlek-till-alla-oss-som-ingen-alskar\/#primaryimage\"},\"thumbnailUrl\":\"https:\/\/blogg.svenskakyrkan.se\/mittlivsomprast\/files\/2018\/02\/IMG_0846.jpg\",\"inLanguage\":\"sv-SE\",\"potentialAction\":[{\"@type\":\"CommentAction\",\"name\":\"Comment\",\"target\":[\"https:\/\/blogg.svenskakyrkan.se\/mittlivsomprast\/2018\/02\/14\/karlek-till-alla-oss-som-ingen-alskar\/#respond\"]}]},{\"@type\":\"WebPage\",\"@id\":\"https:\/\/blogg.svenskakyrkan.se\/mittlivsomprast\/2018\/02\/14\/karlek-till-alla-oss-som-ingen-alskar\/\",\"url\":\"https:\/\/blogg.svenskakyrkan.se\/mittlivsomprast\/2018\/02\/14\/karlek-till-alla-oss-som-ingen-alskar\/\",\"name\":\"K\u00e4rlek till alla oss som ingen \u00e4lskar - Mitt liv som pr\u00e4st\",\"isPartOf\":{\"@id\":\"https:\/\/blogg.svenskakyrkan.se\/mittlivsomprast\/#website\"},\"primaryImageOfPage\":{\"@id\":\"https:\/\/blogg.svenskakyrkan.se\/mittlivsomprast\/2018\/02\/14\/karlek-till-alla-oss-som-ingen-alskar\/#primaryimage\"},\"image\":{\"@id\":\"https:\/\/blogg.svenskakyrkan.se\/mittlivsomprast\/2018\/02\/14\/karlek-till-alla-oss-som-ingen-alskar\/#primaryimage\"},\"thumbnailUrl\":\"https:\/\/blogg.svenskakyrkan.se\/mittlivsomprast\/files\/2018\/02\/IMG_0846.jpg\",\"datePublished\":\"2018-02-14T13:03:07+00:00\",\"author\":{\"@id\":\"https:\/\/blogg.svenskakyrkan.se\/mittlivsomprast\/#\/schema\/person\/0473aad3790cc4ff9e1649c1c3bf7ecd\"},\"breadcrumb\":{\"@id\":\"https:\/\/blogg.svenskakyrkan.se\/mittlivsomprast\/2018\/02\/14\/karlek-till-alla-oss-som-ingen-alskar\/#breadcrumb\"},\"inLanguage\":\"sv-SE\",\"potentialAction\":[{\"@type\":\"ReadAction\",\"target\":[\"https:\/\/blogg.svenskakyrkan.se\/mittlivsomprast\/2018\/02\/14\/karlek-till-alla-oss-som-ingen-alskar\/\"]}]},{\"@type\":\"ImageObject\",\"inLanguage\":\"sv-SE\",\"@id\":\"https:\/\/blogg.svenskakyrkan.se\/mittlivsomprast\/2018\/02\/14\/karlek-till-alla-oss-som-ingen-alskar\/#primaryimage\",\"url\":\"https:\/\/blogg.svenskakyrkan.se\/mittlivsomprast\/files\/2018\/02\/IMG_0846.jpg\",\"contentUrl\":\"https:\/\/blogg.svenskakyrkan.se\/mittlivsomprast\/files\/2018\/02\/IMG_0846.jpg\",\"width\":480,\"height\":640},{\"@type\":\"BreadcrumbList\",\"@id\":\"https:\/\/blogg.svenskakyrkan.se\/mittlivsomprast\/2018\/02\/14\/karlek-till-alla-oss-som-ingen-alskar\/#breadcrumb\",\"itemListElement\":[{\"@type\":\"ListItem\",\"position\":1,\"name\":\"Hem\",\"item\":\"https:\/\/blogg.svenskakyrkan.se\/mittlivsomprast\/\"},{\"@type\":\"ListItem\",\"position\":2,\"name\":\"K\u00e4rlek till alla oss som ingen \u00e4lskar\"}]},{\"@type\":\"WebSite\",\"@id\":\"https:\/\/blogg.svenskakyrkan.se\/mittlivsomprast\/#website\",\"url\":\"https:\/\/blogg.svenskakyrkan.se\/mittlivsomprast\/\",\"name\":\"Mitt liv som pr\u00e4st\",\"description\":\"M\u00e4nniska. Morsa. Pr\u00e4st. I den ordningen.\",\"potentialAction\":[{\"@type\":\"SearchAction\",\"target\":{\"@type\":\"EntryPoint\",\"urlTemplate\":\"https:\/\/blogg.svenskakyrkan.se\/mittlivsomprast\/?s={search_term_string}\"},\"query-input\":{\"@type\":\"PropertyValueSpecification\",\"valueRequired\":true,\"valueName\":\"search_term_string\"}}],\"inLanguage\":\"sv-SE\"},{\"@type\":\"Person\",\"@id\":\"https:\/\/blogg.svenskakyrkan.se\/mittlivsomprast\/#\/schema\/person\/0473aad3790cc4ff9e1649c1c3bf7ecd\",\"name\":\"mittlivsomprast\",\"image\":{\"@type\":\"ImageObject\",\"inLanguage\":\"sv-SE\",\"@id\":\"https:\/\/blogg.svenskakyrkan.se\/mittlivsomprast\/#\/schema\/person\/image\/\",\"url\":\"https:\/\/secure.gravatar.com\/avatar\/141dab46d1d92e1e39f0c75a179413f3aea45ce97940378761c3263f4e82b8ac?s=96&d=mm&r=g\",\"contentUrl\":\"https:\/\/secure.gravatar.com\/avatar\/141dab46d1d92e1e39f0c75a179413f3aea45ce97940378761c3263f4e82b8ac?s=96&d=mm&r=g\",\"caption\":\"mittlivsomprast\"},\"description\":\"M\u00e4nniska. Morsa. Pr\u00e4st. I den ordningen.\",\"url\":\"https:\/\/blogg.svenskakyrkan.se\/mittlivsomprast\/author\/mittliivsomprast\/\"}]}<\/script>\n<!-- \/ Yoast SEO plugin. -->","yoast_head_json":{"title":"K\u00e4rlek till alla oss som ingen \u00e4lskar - Mitt liv som pr\u00e4st","robots":{"index":"index","follow":"follow","max-snippet":"max-snippet:-1","max-image-preview":"max-image-preview:large","max-video-preview":"max-video-preview:-1"},"canonical":"https:\/\/blogg.svenskakyrkan.se\/mittlivsomprast\/2018\/02\/14\/karlek-till-alla-oss-som-ingen-alskar\/","og_locale":"sv_SE","og_type":"article","og_title":"K\u00e4rlek till alla oss som ingen \u00e4lskar - Mitt liv som pr\u00e4st","og_description":"Idag \u00e4r det alla hj\u00e4rtans dag. D\u00e5ligt namn p\u00e5 den, tycker jag. F\u00f6r n\u00e4, den g\u00e4ller ju inte alla. Vi \u00e4r m\u00e5nga som inte har n\u00e5gon att \u00e4lska. Ingen som vill krama mig och s\u00e4ga de d\u00e4r efterl\u00e4ngtade och livsn\u00f6dv\u00e4ndiga orden. \u201dJag \u00e4lskar dig\u201d. Nu skriver jag inte detta f\u00f6r att f\u00e5 massa sympatier eller [&hellip;]","og_url":"https:\/\/blogg.svenskakyrkan.se\/mittlivsomprast\/2018\/02\/14\/karlek-till-alla-oss-som-ingen-alskar\/","og_site_name":"Mitt liv som pr\u00e4st","article_published_time":"2018-02-14T13:03:07+00:00","author":"mittlivsomprast","twitter_card":"summary_large_image","twitter_misc":{"Skriven av":"mittlivsomprast","Ber\u00e4knad l\u00e4stid":"4 minuter"},"schema":{"@context":"https:\/\/schema.org","@graph":[{"@type":"Article","@id":"https:\/\/blogg.svenskakyrkan.se\/mittlivsomprast\/2018\/02\/14\/karlek-till-alla-oss-som-ingen-alskar\/#article","isPartOf":{"@id":"https:\/\/blogg.svenskakyrkan.se\/mittlivsomprast\/2018\/02\/14\/karlek-till-alla-oss-som-ingen-alskar\/"},"author":{"name":"mittlivsomprast","@id":"https:\/\/blogg.svenskakyrkan.se\/mittlivsomprast\/#\/schema\/person\/0473aad3790cc4ff9e1649c1c3bf7ecd"},"headline":"K\u00e4rlek till alla oss som ingen \u00e4lskar","datePublished":"2018-02-14T13:03:07+00:00","mainEntityOfPage":{"@id":"https:\/\/blogg.svenskakyrkan.se\/mittlivsomprast\/2018\/02\/14\/karlek-till-alla-oss-som-ingen-alskar\/"},"wordCount":744,"commentCount":2,"image":{"@id":"https:\/\/blogg.svenskakyrkan.se\/mittlivsomprast\/2018\/02\/14\/karlek-till-alla-oss-som-ingen-alskar\/#primaryimage"},"thumbnailUrl":"https:\/\/blogg.svenskakyrkan.se\/mittlivsomprast\/files\/2018\/02\/IMG_0846.jpg","inLanguage":"sv-SE","potentialAction":[{"@type":"CommentAction","name":"Comment","target":["https:\/\/blogg.svenskakyrkan.se\/mittlivsomprast\/2018\/02\/14\/karlek-till-alla-oss-som-ingen-alskar\/#respond"]}]},{"@type":"WebPage","@id":"https:\/\/blogg.svenskakyrkan.se\/mittlivsomprast\/2018\/02\/14\/karlek-till-alla-oss-som-ingen-alskar\/","url":"https:\/\/blogg.svenskakyrkan.se\/mittlivsomprast\/2018\/02\/14\/karlek-till-alla-oss-som-ingen-alskar\/","name":"K\u00e4rlek till alla oss som ingen \u00e4lskar - Mitt liv som pr\u00e4st","isPartOf":{"@id":"https:\/\/blogg.svenskakyrkan.se\/mittlivsomprast\/#website"},"primaryImageOfPage":{"@id":"https:\/\/blogg.svenskakyrkan.se\/mittlivsomprast\/2018\/02\/14\/karlek-till-alla-oss-som-ingen-alskar\/#primaryimage"},"image":{"@id":"https:\/\/blogg.svenskakyrkan.se\/mittlivsomprast\/2018\/02\/14\/karlek-till-alla-oss-som-ingen-alskar\/#primaryimage"},"thumbnailUrl":"https:\/\/blogg.svenskakyrkan.se\/mittlivsomprast\/files\/2018\/02\/IMG_0846.jpg","datePublished":"2018-02-14T13:03:07+00:00","author":{"@id":"https:\/\/blogg.svenskakyrkan.se\/mittlivsomprast\/#\/schema\/person\/0473aad3790cc4ff9e1649c1c3bf7ecd"},"breadcrumb":{"@id":"https:\/\/blogg.svenskakyrkan.se\/mittlivsomprast\/2018\/02\/14\/karlek-till-alla-oss-som-ingen-alskar\/#breadcrumb"},"inLanguage":"sv-SE","potentialAction":[{"@type":"ReadAction","target":["https:\/\/blogg.svenskakyrkan.se\/mittlivsomprast\/2018\/02\/14\/karlek-till-alla-oss-som-ingen-alskar\/"]}]},{"@type":"ImageObject","inLanguage":"sv-SE","@id":"https:\/\/blogg.svenskakyrkan.se\/mittlivsomprast\/2018\/02\/14\/karlek-till-alla-oss-som-ingen-alskar\/#primaryimage","url":"https:\/\/blogg.svenskakyrkan.se\/mittlivsomprast\/files\/2018\/02\/IMG_0846.jpg","contentUrl":"https:\/\/blogg.svenskakyrkan.se\/mittlivsomprast\/files\/2018\/02\/IMG_0846.jpg","width":480,"height":640},{"@type":"BreadcrumbList","@id":"https:\/\/blogg.svenskakyrkan.se\/mittlivsomprast\/2018\/02\/14\/karlek-till-alla-oss-som-ingen-alskar\/#breadcrumb","itemListElement":[{"@type":"ListItem","position":1,"name":"Hem","item":"https:\/\/blogg.svenskakyrkan.se\/mittlivsomprast\/"},{"@type":"ListItem","position":2,"name":"K\u00e4rlek till alla oss som ingen \u00e4lskar"}]},{"@type":"WebSite","@id":"https:\/\/blogg.svenskakyrkan.se\/mittlivsomprast\/#website","url":"https:\/\/blogg.svenskakyrkan.se\/mittlivsomprast\/","name":"Mitt liv som pr\u00e4st","description":"M\u00e4nniska. Morsa. Pr\u00e4st. I den ordningen.","potentialAction":[{"@type":"SearchAction","target":{"@type":"EntryPoint","urlTemplate":"https:\/\/blogg.svenskakyrkan.se\/mittlivsomprast\/?s={search_term_string}"},"query-input":{"@type":"PropertyValueSpecification","valueRequired":true,"valueName":"search_term_string"}}],"inLanguage":"sv-SE"},{"@type":"Person","@id":"https:\/\/blogg.svenskakyrkan.se\/mittlivsomprast\/#\/schema\/person\/0473aad3790cc4ff9e1649c1c3bf7ecd","name":"mittlivsomprast","image":{"@type":"ImageObject","inLanguage":"sv-SE","@id":"https:\/\/blogg.svenskakyrkan.se\/mittlivsomprast\/#\/schema\/person\/image\/","url":"https:\/\/secure.gravatar.com\/avatar\/141dab46d1d92e1e39f0c75a179413f3aea45ce97940378761c3263f4e82b8ac?s=96&d=mm&r=g","contentUrl":"https:\/\/secure.gravatar.com\/avatar\/141dab46d1d92e1e39f0c75a179413f3aea45ce97940378761c3263f4e82b8ac?s=96&d=mm&r=g","caption":"mittlivsomprast"},"description":"M\u00e4nniska. Morsa. Pr\u00e4st. I den ordningen.","url":"https:\/\/blogg.svenskakyrkan.se\/mittlivsomprast\/author\/mittliivsomprast\/"}]}},"author_meta":{"ID":"596","user_nicename":"mittliivsomprast","user_registered":"2016-10-07 12:48:49","display_name":"mittlivsomprast","first_name":"Katarina","last_name":"Johansson","avatar":"https:\/\/blogg.svenskakyrkan.se\/mittlivsomprast\/files\/2023\/05\/KJ-tatoo-sv-150x150.jpeg"},"featured_image":["https:\/\/blogg.svenskakyrkan.se\/mittlivsomprast\/files\/2018\/02\/IMG_0846.jpg",480,640,false],"bloginfo":{"name":"Mitt liv som pr\u00e4st","url":"https:\/\/blogg.svenskakyrkan.se\/mittlivsomprast"},"_links":{"self":[{"href":"https:\/\/blogg.svenskakyrkan.se\/mittlivsomprast\/wp-json\/wp\/v2\/posts\/392","targetHints":{"allow":["GET"]}}],"collection":[{"href":"https:\/\/blogg.svenskakyrkan.se\/mittlivsomprast\/wp-json\/wp\/v2\/posts"}],"about":[{"href":"https:\/\/blogg.svenskakyrkan.se\/mittlivsomprast\/wp-json\/wp\/v2\/types\/post"}],"author":[{"embeddable":true,"href":"https:\/\/blogg.svenskakyrkan.se\/mittlivsomprast\/wp-json\/wp\/v2\/users\/596"}],"replies":[{"embeddable":true,"href":"https:\/\/blogg.svenskakyrkan.se\/mittlivsomprast\/wp-json\/wp\/v2\/comments?post=392"}],"version-history":[{"count":1,"href":"https:\/\/blogg.svenskakyrkan.se\/mittlivsomprast\/wp-json\/wp\/v2\/posts\/392\/revisions"}],"predecessor-version":[{"id":394,"href":"https:\/\/blogg.svenskakyrkan.se\/mittlivsomprast\/wp-json\/wp\/v2\/posts\/392\/revisions\/394"}],"wp:featuredmedia":[{"embeddable":true,"href":"https:\/\/blogg.svenskakyrkan.se\/mittlivsomprast\/wp-json\/wp\/v2\/media\/393"}],"wp:attachment":[{"href":"https:\/\/blogg.svenskakyrkan.se\/mittlivsomprast\/wp-json\/wp\/v2\/media?parent=392"}],"wp:term":[{"taxonomy":"category","embeddable":true,"href":"https:\/\/blogg.svenskakyrkan.se\/mittlivsomprast\/wp-json\/wp\/v2\/categories?post=392"},{"taxonomy":"post_tag","embeddable":true,"href":"https:\/\/blogg.svenskakyrkan.se\/mittlivsomprast\/wp-json\/wp\/v2\/tags?post=392"}],"curies":[{"name":"wp","href":"https:\/\/api.w.org\/{rel}","templated":true}]}}