{"id":396,"date":"2018-04-17T21:07:48","date_gmt":"2018-04-17T19:07:48","guid":{"rendered":"http:\/\/blogg.svenskakyrkan.se\/mittlivsomprast\/?p=396"},"modified":"2018-04-17T21:07:48","modified_gmt":"2018-04-17T19:07:48","slug":"en-berattelse-om-en-tupp","status":"publish","type":"post","link":"https:\/\/blogg.svenskakyrkan.se\/mittlivsomprast\/2018\/04\/17\/en-berattelse-om-en-tupp\/","title":{"rendered":"En ber\u00e4ttelse om en tupp"},"content":{"rendered":"<p>I kyrkans ber\u00e4ttelse om varf\u00f6r vi firar p\u00e5sk lyser b\u00e5de p\u00e5sk\u00e4ggen och kycklingarna med sin fr\u00e5nvaro. D\u00e4remot finns det en tupp!<\/p>\n<p>En av Jesus b\u00e4sta v\u00e4nner hette Petrus. Han har varit med fr\u00e5n b\u00f6rjan. En dag n\u00e4r han fiskade med sina br\u00f6der kom Jesus f\u00f6rbi och Petrus har f\u00f6ljt honom sedan dess. N\u00e4r p\u00e5sken n\u00e4rmar sig ber\u00e4ttar Jesus att de g\u00e5 till Jerusalem, att han kommer att f\u00e5 lida mycket f\u00f6r att till slut d\u00f6das. Men han ber\u00e4ttar ocks\u00e5 att han ska uppst\u00e5 till livet efter tre dagar. B\u00e4sta v\u00e4nnen Petrus blir f\u00f6rtvivlad. Han h\u00f6r inte gl\u00e4djen p\u00e5 slutet \u2013 han fokuserar p\u00e5 krisen och d\u00f6den. Det kan man l\u00e4tt f\u00f6rst\u00e5. Han lovar att aldrig svika sin b\u00e4ste v\u00e4n. \u201d<em>Med dig \u00e4r jag beredd att g\u00e5 b\u00e5de i f\u00e4ngelse och i d\u00f6den.\u201d<\/em> s\u00e4ger Petrus.<\/p>\n<p>Vi m\u00e4nniskor kan ha de b\u00e4sta avsikter \u2013 men ibland lyckas vi inte \u00e4nd\u00e5. Ibland har vi inte ens de b\u00e4sta avsikter\u2026<\/p>\n<p>Hur det nu kommer sig s\u00e5 misslyckas Petrus. Kapitalt. N\u00e4r Jesus blivit tillf\u00e5ngatagen och h\u00e5ller p\u00e5 att f\u00f6rh\u00f6ras f\u00e5r Petrus fr\u00e5gan: \u201d<em>H\u00f6rde inte du till hans v\u00e4nner<\/em>?\u201d D\u00e5 svarar Petrus vid tre olika tillf\u00e4llen att han aldrig ens har pratat med Jesus. N\u00e4r det v\u00e4l g\u00e4ller sviker han sin b\u00e4ste v\u00e4n. Strax efter\u00e5t gal en tupp \u2013 precis som Jesus har sagt till Petrus. D\u00e5 g\u00e5r Petrus iv\u00e4g och gr\u00e5ter och Jesus blir korsf\u00e4st och d\u00f6r.<\/p>\n<p>S\u00e5 kunde ber\u00e4ttelsen slutat. Men det g\u00f6r den inte! Jesus uppst\u00e5r p\u00e5 tredje dagen som han lovat. Och han och Petrus tr\u00e4ffas igen. Man kunde t\u00e4nkt att Jesus var arg eller sur? Men inte! Jesus fr\u00e5gar om Petrus \u00e4lskar honom. Och Petrus f\u00e5r uppdraget att ta \u00f6ver efter Jesus. Petrus blir ledare f\u00f6r de f\u00f6rsta kristna, den f\u00f6rsta kyrkoledaren. Den st\u00f6rsta svikaren f\u00e5r det st\u00f6rsta uppdraget!<\/p>\n<p>I varje kyrka finns ett kors. Ett tomt kors. F\u00f6r att p\u00e5minna om att Jesus lever. Att d\u00f6den inte f\u00e5r sista ordet. Att det alltid finns hopp \u2013 hur m\u00f6rkt det \u00e4n ser ut!<\/p>\n<p>P\u00e5 n\u00e4stan varje kyrka finns en tupp. Den p\u00e5minner mig alltid om Petrus. Att vi \u00e4r en kyrka d\u00e4r varje m\u00e4nniska f\u00e5r en ny chans. En kyrka startad av en svikare. F\u00f6r oss som misslyckas och beh\u00f6ver nya chanser. Precis som Petrus.<\/p>\n<p><em>Tidigare publicerad i Norra Halland, Sk\u00e4rtorsdag 2018.<\/em><\/p>\n","protected":false},"excerpt":{"rendered":"<p>I kyrkans ber\u00e4ttelse om varf\u00f6r vi firar p\u00e5sk lyser b\u00e5de p\u00e5sk\u00e4ggen och kycklingarna med sin fr\u00e5nvaro. D\u00e4remot finns det en tupp! En av Jesus b\u00e4sta v\u00e4nner hette Petrus. Han har varit med fr\u00e5n b\u00f6rjan. En dag n\u00e4r han fiskade med sina br\u00f6der kom Jesus f\u00f6rbi och Petrus har f\u00f6ljt honom sedan dess. N\u00e4r p\u00e5sken n\u00e4rmar [&hellip;]<\/p>\n","protected":false},"author":596,"featured_media":397,"comment_status":"open","ping_status":"open","sticky":false,"template":"","format":"standard","meta":{"_acf_changed":false,"footnotes":""},"categories":[9],"tags":[],"class_list":["post-396","post","type-post","status-publish","format-standard","has-post-thumbnail","hentry","category-okategoriserade"],"acf":[],"yoast_head":"<!-- This site is optimized with the Yoast SEO plugin v27.1.1 - https:\/\/yoast.com\/product\/yoast-seo-wordpress\/ -->\n<title>En ber\u00e4ttelse om en tupp - Mitt liv som pr\u00e4st<\/title>\n<meta name=\"robots\" content=\"index, follow, max-snippet:-1, max-image-preview:large, max-video-preview:-1\" \/>\n<link rel=\"canonical\" href=\"https:\/\/blogg.svenskakyrkan.se\/mittlivsomprast\/2018\/04\/17\/en-berattelse-om-en-tupp\/\" \/>\n<meta property=\"og:locale\" content=\"sv_SE\" \/>\n<meta property=\"og:type\" content=\"article\" \/>\n<meta property=\"og:title\" content=\"En ber\u00e4ttelse om en tupp - Mitt liv som pr\u00e4st\" \/>\n<meta property=\"og:description\" content=\"I kyrkans ber\u00e4ttelse om varf\u00f6r vi firar p\u00e5sk lyser b\u00e5de p\u00e5sk\u00e4ggen och kycklingarna med sin fr\u00e5nvaro. D\u00e4remot finns det en tupp! En av Jesus b\u00e4sta v\u00e4nner hette Petrus. Han har varit med fr\u00e5n b\u00f6rjan. En dag n\u00e4r han fiskade med sina br\u00f6der kom Jesus f\u00f6rbi och Petrus har f\u00f6ljt honom sedan dess. N\u00e4r p\u00e5sken n\u00e4rmar [&hellip;]\" \/>\n<meta property=\"og:url\" content=\"https:\/\/blogg.svenskakyrkan.se\/mittlivsomprast\/2018\/04\/17\/en-berattelse-om-en-tupp\/\" \/>\n<meta property=\"og:site_name\" content=\"Mitt liv som pr\u00e4st\" \/>\n<meta property=\"article:published_time\" content=\"2018-04-17T19:07:48+00:00\" \/>\n<meta name=\"author\" content=\"mittlivsomprast\" \/>\n<meta name=\"twitter:card\" content=\"summary_large_image\" \/>\n<meta name=\"twitter:label1\" content=\"Skriven av\" \/>\n\t<meta name=\"twitter:data1\" content=\"mittlivsomprast\" \/>\n\t<meta name=\"twitter:label2\" content=\"Ber\u00e4knad l\u00e4stid\" \/>\n\t<meta name=\"twitter:data2\" content=\"2 minuter\" \/>\n<script type=\"application\/ld+json\" class=\"yoast-schema-graph\">{\"@context\":\"https:\/\/schema.org\",\"@graph\":[{\"@type\":\"Article\",\"@id\":\"https:\/\/blogg.svenskakyrkan.se\/mittlivsomprast\/2018\/04\/17\/en-berattelse-om-en-tupp\/#article\",\"isPartOf\":{\"@id\":\"https:\/\/blogg.svenskakyrkan.se\/mittlivsomprast\/2018\/04\/17\/en-berattelse-om-en-tupp\/\"},\"author\":{\"name\":\"mittlivsomprast\",\"@id\":\"https:\/\/blogg.svenskakyrkan.se\/mittlivsomprast\/#\/schema\/person\/0473aad3790cc4ff9e1649c1c3bf7ecd\"},\"headline\":\"En ber\u00e4ttelse om en tupp\",\"datePublished\":\"2018-04-17T19:07:48+00:00\",\"mainEntityOfPage\":{\"@id\":\"https:\/\/blogg.svenskakyrkan.se\/mittlivsomprast\/2018\/04\/17\/en-berattelse-om-en-tupp\/\"},\"wordCount\":469,\"commentCount\":0,\"image\":{\"@id\":\"https:\/\/blogg.svenskakyrkan.se\/mittlivsomprast\/2018\/04\/17\/en-berattelse-om-en-tupp\/#primaryimage\"},\"thumbnailUrl\":\"https:\/\/blogg.svenskakyrkan.se\/mittlivsomprast\/files\/2018\/04\/kyrktupp.jpg\",\"inLanguage\":\"sv-SE\",\"potentialAction\":[{\"@type\":\"CommentAction\",\"name\":\"Comment\",\"target\":[\"https:\/\/blogg.svenskakyrkan.se\/mittlivsomprast\/2018\/04\/17\/en-berattelse-om-en-tupp\/#respond\"]}]},{\"@type\":\"WebPage\",\"@id\":\"https:\/\/blogg.svenskakyrkan.se\/mittlivsomprast\/2018\/04\/17\/en-berattelse-om-en-tupp\/\",\"url\":\"https:\/\/blogg.svenskakyrkan.se\/mittlivsomprast\/2018\/04\/17\/en-berattelse-om-en-tupp\/\",\"name\":\"En ber\u00e4ttelse om en tupp - Mitt liv som pr\u00e4st\",\"isPartOf\":{\"@id\":\"https:\/\/blogg.svenskakyrkan.se\/mittlivsomprast\/#website\"},\"primaryImageOfPage\":{\"@id\":\"https:\/\/blogg.svenskakyrkan.se\/mittlivsomprast\/2018\/04\/17\/en-berattelse-om-en-tupp\/#primaryimage\"},\"image\":{\"@id\":\"https:\/\/blogg.svenskakyrkan.se\/mittlivsomprast\/2018\/04\/17\/en-berattelse-om-en-tupp\/#primaryimage\"},\"thumbnailUrl\":\"https:\/\/blogg.svenskakyrkan.se\/mittlivsomprast\/files\/2018\/04\/kyrktupp.jpg\",\"datePublished\":\"2018-04-17T19:07:48+00:00\",\"author\":{\"@id\":\"https:\/\/blogg.svenskakyrkan.se\/mittlivsomprast\/#\/schema\/person\/0473aad3790cc4ff9e1649c1c3bf7ecd\"},\"breadcrumb\":{\"@id\":\"https:\/\/blogg.svenskakyrkan.se\/mittlivsomprast\/2018\/04\/17\/en-berattelse-om-en-tupp\/#breadcrumb\"},\"inLanguage\":\"sv-SE\",\"potentialAction\":[{\"@type\":\"ReadAction\",\"target\":[\"https:\/\/blogg.svenskakyrkan.se\/mittlivsomprast\/2018\/04\/17\/en-berattelse-om-en-tupp\/\"]}]},{\"@type\":\"ImageObject\",\"inLanguage\":\"sv-SE\",\"@id\":\"https:\/\/blogg.svenskakyrkan.se\/mittlivsomprast\/2018\/04\/17\/en-berattelse-om-en-tupp\/#primaryimage\",\"url\":\"https:\/\/blogg.svenskakyrkan.se\/mittlivsomprast\/files\/2018\/04\/kyrktupp.jpg\",\"contentUrl\":\"https:\/\/blogg.svenskakyrkan.se\/mittlivsomprast\/files\/2018\/04\/kyrktupp.jpg\",\"width\":1000,\"height\":843},{\"@type\":\"BreadcrumbList\",\"@id\":\"https:\/\/blogg.svenskakyrkan.se\/mittlivsomprast\/2018\/04\/17\/en-berattelse-om-en-tupp\/#breadcrumb\",\"itemListElement\":[{\"@type\":\"ListItem\",\"position\":1,\"name\":\"Hem\",\"item\":\"https:\/\/blogg.svenskakyrkan.se\/mittlivsomprast\/\"},{\"@type\":\"ListItem\",\"position\":2,\"name\":\"En ber\u00e4ttelse om en tupp\"}]},{\"@type\":\"WebSite\",\"@id\":\"https:\/\/blogg.svenskakyrkan.se\/mittlivsomprast\/#website\",\"url\":\"https:\/\/blogg.svenskakyrkan.se\/mittlivsomprast\/\",\"name\":\"Mitt liv som pr\u00e4st\",\"description\":\"M\u00e4nniska. Morsa. Pr\u00e4st. I den ordningen.\",\"potentialAction\":[{\"@type\":\"SearchAction\",\"target\":{\"@type\":\"EntryPoint\",\"urlTemplate\":\"https:\/\/blogg.svenskakyrkan.se\/mittlivsomprast\/?s={search_term_string}\"},\"query-input\":{\"@type\":\"PropertyValueSpecification\",\"valueRequired\":true,\"valueName\":\"search_term_string\"}}],\"inLanguage\":\"sv-SE\"},{\"@type\":\"Person\",\"@id\":\"https:\/\/blogg.svenskakyrkan.se\/mittlivsomprast\/#\/schema\/person\/0473aad3790cc4ff9e1649c1c3bf7ecd\",\"name\":\"mittlivsomprast\",\"image\":{\"@type\":\"ImageObject\",\"inLanguage\":\"sv-SE\",\"@id\":\"https:\/\/blogg.svenskakyrkan.se\/mittlivsomprast\/#\/schema\/person\/image\/\",\"url\":\"https:\/\/secure.gravatar.com\/avatar\/141dab46d1d92e1e39f0c75a179413f3aea45ce97940378761c3263f4e82b8ac?s=96&d=mm&r=g\",\"contentUrl\":\"https:\/\/secure.gravatar.com\/avatar\/141dab46d1d92e1e39f0c75a179413f3aea45ce97940378761c3263f4e82b8ac?s=96&d=mm&r=g\",\"caption\":\"mittlivsomprast\"},\"description\":\"M\u00e4nniska. Morsa. Pr\u00e4st. I den ordningen.\",\"url\":\"https:\/\/blogg.svenskakyrkan.se\/mittlivsomprast\/author\/mittliivsomprast\/\"}]}<\/script>\n<!-- \/ Yoast SEO plugin. -->","yoast_head_json":{"title":"En ber\u00e4ttelse om en tupp - Mitt liv som pr\u00e4st","robots":{"index":"index","follow":"follow","max-snippet":"max-snippet:-1","max-image-preview":"max-image-preview:large","max-video-preview":"max-video-preview:-1"},"canonical":"https:\/\/blogg.svenskakyrkan.se\/mittlivsomprast\/2018\/04\/17\/en-berattelse-om-en-tupp\/","og_locale":"sv_SE","og_type":"article","og_title":"En ber\u00e4ttelse om en tupp - Mitt liv som pr\u00e4st","og_description":"I kyrkans ber\u00e4ttelse om varf\u00f6r vi firar p\u00e5sk lyser b\u00e5de p\u00e5sk\u00e4ggen och kycklingarna med sin fr\u00e5nvaro. D\u00e4remot finns det en tupp! En av Jesus b\u00e4sta v\u00e4nner hette Petrus. Han har varit med fr\u00e5n b\u00f6rjan. En dag n\u00e4r han fiskade med sina br\u00f6der kom Jesus f\u00f6rbi och Petrus har f\u00f6ljt honom sedan dess. N\u00e4r p\u00e5sken n\u00e4rmar [&hellip;]","og_url":"https:\/\/blogg.svenskakyrkan.se\/mittlivsomprast\/2018\/04\/17\/en-berattelse-om-en-tupp\/","og_site_name":"Mitt liv som pr\u00e4st","article_published_time":"2018-04-17T19:07:48+00:00","author":"mittlivsomprast","twitter_card":"summary_large_image","twitter_misc":{"Skriven av":"mittlivsomprast","Ber\u00e4knad l\u00e4stid":"2 minuter"},"schema":{"@context":"https:\/\/schema.org","@graph":[{"@type":"Article","@id":"https:\/\/blogg.svenskakyrkan.se\/mittlivsomprast\/2018\/04\/17\/en-berattelse-om-en-tupp\/#article","isPartOf":{"@id":"https:\/\/blogg.svenskakyrkan.se\/mittlivsomprast\/2018\/04\/17\/en-berattelse-om-en-tupp\/"},"author":{"name":"mittlivsomprast","@id":"https:\/\/blogg.svenskakyrkan.se\/mittlivsomprast\/#\/schema\/person\/0473aad3790cc4ff9e1649c1c3bf7ecd"},"headline":"En ber\u00e4ttelse om en tupp","datePublished":"2018-04-17T19:07:48+00:00","mainEntityOfPage":{"@id":"https:\/\/blogg.svenskakyrkan.se\/mittlivsomprast\/2018\/04\/17\/en-berattelse-om-en-tupp\/"},"wordCount":469,"commentCount":0,"image":{"@id":"https:\/\/blogg.svenskakyrkan.se\/mittlivsomprast\/2018\/04\/17\/en-berattelse-om-en-tupp\/#primaryimage"},"thumbnailUrl":"https:\/\/blogg.svenskakyrkan.se\/mittlivsomprast\/files\/2018\/04\/kyrktupp.jpg","inLanguage":"sv-SE","potentialAction":[{"@type":"CommentAction","name":"Comment","target":["https:\/\/blogg.svenskakyrkan.se\/mittlivsomprast\/2018\/04\/17\/en-berattelse-om-en-tupp\/#respond"]}]},{"@type":"WebPage","@id":"https:\/\/blogg.svenskakyrkan.se\/mittlivsomprast\/2018\/04\/17\/en-berattelse-om-en-tupp\/","url":"https:\/\/blogg.svenskakyrkan.se\/mittlivsomprast\/2018\/04\/17\/en-berattelse-om-en-tupp\/","name":"En ber\u00e4ttelse om en tupp - Mitt liv som pr\u00e4st","isPartOf":{"@id":"https:\/\/blogg.svenskakyrkan.se\/mittlivsomprast\/#website"},"primaryImageOfPage":{"@id":"https:\/\/blogg.svenskakyrkan.se\/mittlivsomprast\/2018\/04\/17\/en-berattelse-om-en-tupp\/#primaryimage"},"image":{"@id":"https:\/\/blogg.svenskakyrkan.se\/mittlivsomprast\/2018\/04\/17\/en-berattelse-om-en-tupp\/#primaryimage"},"thumbnailUrl":"https:\/\/blogg.svenskakyrkan.se\/mittlivsomprast\/files\/2018\/04\/kyrktupp.jpg","datePublished":"2018-04-17T19:07:48+00:00","author":{"@id":"https:\/\/blogg.svenskakyrkan.se\/mittlivsomprast\/#\/schema\/person\/0473aad3790cc4ff9e1649c1c3bf7ecd"},"breadcrumb":{"@id":"https:\/\/blogg.svenskakyrkan.se\/mittlivsomprast\/2018\/04\/17\/en-berattelse-om-en-tupp\/#breadcrumb"},"inLanguage":"sv-SE","potentialAction":[{"@type":"ReadAction","target":["https:\/\/blogg.svenskakyrkan.se\/mittlivsomprast\/2018\/04\/17\/en-berattelse-om-en-tupp\/"]}]},{"@type":"ImageObject","inLanguage":"sv-SE","@id":"https:\/\/blogg.svenskakyrkan.se\/mittlivsomprast\/2018\/04\/17\/en-berattelse-om-en-tupp\/#primaryimage","url":"https:\/\/blogg.svenskakyrkan.se\/mittlivsomprast\/files\/2018\/04\/kyrktupp.jpg","contentUrl":"https:\/\/blogg.svenskakyrkan.se\/mittlivsomprast\/files\/2018\/04\/kyrktupp.jpg","width":1000,"height":843},{"@type":"BreadcrumbList","@id":"https:\/\/blogg.svenskakyrkan.se\/mittlivsomprast\/2018\/04\/17\/en-berattelse-om-en-tupp\/#breadcrumb","itemListElement":[{"@type":"ListItem","position":1,"name":"Hem","item":"https:\/\/blogg.svenskakyrkan.se\/mittlivsomprast\/"},{"@type":"ListItem","position":2,"name":"En ber\u00e4ttelse om en tupp"}]},{"@type":"WebSite","@id":"https:\/\/blogg.svenskakyrkan.se\/mittlivsomprast\/#website","url":"https:\/\/blogg.svenskakyrkan.se\/mittlivsomprast\/","name":"Mitt liv som pr\u00e4st","description":"M\u00e4nniska. Morsa. Pr\u00e4st. I den ordningen.","potentialAction":[{"@type":"SearchAction","target":{"@type":"EntryPoint","urlTemplate":"https:\/\/blogg.svenskakyrkan.se\/mittlivsomprast\/?s={search_term_string}"},"query-input":{"@type":"PropertyValueSpecification","valueRequired":true,"valueName":"search_term_string"}}],"inLanguage":"sv-SE"},{"@type":"Person","@id":"https:\/\/blogg.svenskakyrkan.se\/mittlivsomprast\/#\/schema\/person\/0473aad3790cc4ff9e1649c1c3bf7ecd","name":"mittlivsomprast","image":{"@type":"ImageObject","inLanguage":"sv-SE","@id":"https:\/\/blogg.svenskakyrkan.se\/mittlivsomprast\/#\/schema\/person\/image\/","url":"https:\/\/secure.gravatar.com\/avatar\/141dab46d1d92e1e39f0c75a179413f3aea45ce97940378761c3263f4e82b8ac?s=96&d=mm&r=g","contentUrl":"https:\/\/secure.gravatar.com\/avatar\/141dab46d1d92e1e39f0c75a179413f3aea45ce97940378761c3263f4e82b8ac?s=96&d=mm&r=g","caption":"mittlivsomprast"},"description":"M\u00e4nniska. Morsa. Pr\u00e4st. I den ordningen.","url":"https:\/\/blogg.svenskakyrkan.se\/mittlivsomprast\/author\/mittliivsomprast\/"}]}},"author_meta":{"ID":"596","user_nicename":"mittliivsomprast","user_registered":"2016-10-07 12:48:49","display_name":"mittlivsomprast","first_name":"Katarina","last_name":"Johansson","avatar":"https:\/\/blogg.svenskakyrkan.se\/mittlivsomprast\/files\/2023\/05\/KJ-tatoo-sv-150x150.jpeg"},"featured_image":["https:\/\/blogg.svenskakyrkan.se\/mittlivsomprast\/files\/2018\/04\/kyrktupp.jpg",1000,843,false],"bloginfo":{"name":"Mitt liv som pr\u00e4st","url":"https:\/\/blogg.svenskakyrkan.se\/mittlivsomprast"},"_links":{"self":[{"href":"https:\/\/blogg.svenskakyrkan.se\/mittlivsomprast\/wp-json\/wp\/v2\/posts\/396","targetHints":{"allow":["GET"]}}],"collection":[{"href":"https:\/\/blogg.svenskakyrkan.se\/mittlivsomprast\/wp-json\/wp\/v2\/posts"}],"about":[{"href":"https:\/\/blogg.svenskakyrkan.se\/mittlivsomprast\/wp-json\/wp\/v2\/types\/post"}],"author":[{"embeddable":true,"href":"https:\/\/blogg.svenskakyrkan.se\/mittlivsomprast\/wp-json\/wp\/v2\/users\/596"}],"replies":[{"embeddable":true,"href":"https:\/\/blogg.svenskakyrkan.se\/mittlivsomprast\/wp-json\/wp\/v2\/comments?post=396"}],"version-history":[{"count":1,"href":"https:\/\/blogg.svenskakyrkan.se\/mittlivsomprast\/wp-json\/wp\/v2\/posts\/396\/revisions"}],"predecessor-version":[{"id":398,"href":"https:\/\/blogg.svenskakyrkan.se\/mittlivsomprast\/wp-json\/wp\/v2\/posts\/396\/revisions\/398"}],"wp:featuredmedia":[{"embeddable":true,"href":"https:\/\/blogg.svenskakyrkan.se\/mittlivsomprast\/wp-json\/wp\/v2\/media\/397"}],"wp:attachment":[{"href":"https:\/\/blogg.svenskakyrkan.se\/mittlivsomprast\/wp-json\/wp\/v2\/media?parent=396"}],"wp:term":[{"taxonomy":"category","embeddable":true,"href":"https:\/\/blogg.svenskakyrkan.se\/mittlivsomprast\/wp-json\/wp\/v2\/categories?post=396"},{"taxonomy":"post_tag","embeddable":true,"href":"https:\/\/blogg.svenskakyrkan.se\/mittlivsomprast\/wp-json\/wp\/v2\/tags?post=396"}],"curies":[{"name":"wp","href":"https:\/\/api.w.org\/{rel}","templated":true}]}}