{"id":399,"date":"2018-04-17T21:37:21","date_gmt":"2018-04-17T19:37:21","guid":{"rendered":"http:\/\/blogg.svenskakyrkan.se\/mittlivsomprast\/?p=399"},"modified":"2018-04-17T21:37:21","modified_gmt":"2018-04-17T19:37:21","slug":"solen-och-tillbaka","status":"publish","type":"post","link":"https:\/\/blogg.svenskakyrkan.se\/mittlivsomprast\/2018\/04\/17\/solen-och-tillbaka\/","title":{"rendered":"Solen och tillbaka"},"content":{"rendered":"<p>&#8221;Solen och tillbaka!&#8221;, ropar dottern d\u00e5 hon rusar ut genom d\u00f6rren. Sen till bussen. Som vanligt.<br \/>\nDet betyder <em>Jag \u00e4lskar dig till solen och tillbaka. <\/em><\/p>\n<p>N\u00e4r barnen var sm\u00e5 brukade vi l\u00e4sa en bok om en liten kanin som undrade hur mycket hans pappa tyckte om honom?<br \/>\n&#8221;S\u00e5 h\u00e4r mycket&#8221;, undrade han och slog ut med armarna? &#8221;Mycket mer&#8221;, svarade hans pappa.<br \/>\n&#8221;\u00c4nda till tr\u00e4det d\u00e4r borta?&#8221; &#8221;Mycket mer&#8221;, svarade hans pappa.<br \/>\n&#8221;\u00c4nda till m\u00e5nen och tillbaka&#8221;, visade det sig. Det \u00e4r en j\u00e4ttefin bok.<\/p>\n<p><a href=\"http:\/\/blogg.svenskakyrkan.se\/mittlivsomprast\/files\/2018\/04\/kanin.jpg\"><img loading=\"lazy\" decoding=\"async\" width=\"177\" height=\"161\" class=\"alignleft size-full wp-image-400\" src=\"http:\/\/blogg.svenskakyrkan.se\/mittlivsomprast\/files\/2018\/04\/kanin.jpg\" alt=\"\" \/><br \/>\n<\/a><\/p>\n<p>&nbsp;<\/p>\n<p>&nbsp;<\/p>\n<p>&nbsp;<\/p>\n<p>&nbsp;<\/p>\n<p>Fast vi var ju ocks\u00e5 r\u00f6rande \u00f6verens att vi \u00e4lskade varandra mer \u00e4n tv\u00e5 p\u00e5hittade kaniner. S\u00e5 solen och tillbaka fick det bli. Ofta &#8221;solen och tillbaka, tusenmiljarder varv&#8221;. Kontrat med &#8221;solen och tillbaka, tusenmiljarder mer \u00e4n du kan s\u00e4ga&#8230;&#8221; ja, f\u00f6r dom var ju inte s\u00e4mre syskon \u00e4n att de kunde starta ett br\u00e5k och f\u00f6rs\u00f6ka br\u00e4cka varandra med vem som \u00e4lskade vem mest&#8230; \ud83d\ude42<\/p>\n<p>Nu har det blivit f\u00f6rkortat. Ofta till *hj\u00e4rta* *sol* *tillbakapil* &#8211; med emojis.<\/p>\n<p>Vi har just firat p\u00e5sk. En h\u00f6gtid som handlar om k\u00e4rlek. Om st\u00f6rre k\u00e4rlek \u00e4n n\u00e5gon m\u00e4nniska kan f\u00f6rst\u00e5.<\/p>\n<p>Om k\u00e4rlek gick att m\u00e4ta skulle Jesus br\u00e4cka oss allihop.<\/p>\n<p>Just till dig, till var och en av oss s\u00e4ger han:<\/p>\n<p>&#8221;Jag \u00e4lskar dig till korset och tillbaka!&#8221;<br \/>\n&#8221;Jag \u00e4lskar dig till d\u00f6den &#8211; och tillbaka&#8230;&#8221;<br \/>\n&#8221;Ja, jag \u00e4lskar dig till himlen och tillbaka!&#8221;<\/p>\n<p>&#8230; och DET \u00e4r stor k\u00e4rlek det&#8230;<\/p>\n<p>&nbsp;<\/p>\n<p><a href=\"http:\/\/blogg.svenskakyrkan.se\/mittlivsomprast\/files\/2018\/04\/kors3.jpg\"><img loading=\"lazy\" decoding=\"async\" width=\"300\" height=\"200\" class=\"alignleft size-medium wp-image-401\" src=\"http:\/\/blogg.svenskakyrkan.se\/mittlivsomprast\/files\/2018\/04\/kors3-300x200.jpg\" alt=\"\" srcset=\"https:\/\/blogg.svenskakyrkan.se\/mittlivsomprast\/files\/2018\/04\/kors3-300x200.jpg 300w, https:\/\/blogg.svenskakyrkan.se\/mittlivsomprast\/files\/2018\/04\/kors3.jpg 400w\" sizes=\"auto, (max-width: 300px) 100vw, 300px\" \/><br \/>\n<\/a><\/p>\n","protected":false},"excerpt":{"rendered":"<p>&#8221;Solen och tillbaka!&#8221;, ropar dottern d\u00e5 hon rusar ut genom d\u00f6rren. Sen till bussen. Som vanligt. Det betyder Jag \u00e4lskar dig till solen och tillbaka. N\u00e4r barnen var sm\u00e5 brukade vi l\u00e4sa en bok om en liten kanin som undrade hur mycket hans pappa tyckte om honom? &#8221;S\u00e5 h\u00e4r mycket&#8221;, undrade han och slog ut [&hellip;]<\/p>\n","protected":false},"author":596,"featured_media":401,"comment_status":"open","ping_status":"open","sticky":false,"template":"","format":"standard","meta":{"_acf_changed":false,"footnotes":""},"categories":[9],"tags":[],"class_list":["post-399","post","type-post","status-publish","format-standard","has-post-thumbnail","hentry","category-okategoriserade"],"acf":[],"yoast_head":"<!-- This site is optimized with the Yoast SEO plugin v27.1.1 - https:\/\/yoast.com\/product\/yoast-seo-wordpress\/ -->\n<title>Solen och tillbaka - Mitt liv som pr\u00e4st<\/title>\n<meta name=\"robots\" content=\"index, follow, max-snippet:-1, max-image-preview:large, max-video-preview:-1\" \/>\n<link rel=\"canonical\" href=\"https:\/\/blogg.svenskakyrkan.se\/mittlivsomprast\/2018\/04\/17\/solen-och-tillbaka\/\" \/>\n<meta property=\"og:locale\" content=\"sv_SE\" \/>\n<meta property=\"og:type\" content=\"article\" \/>\n<meta property=\"og:title\" content=\"Solen och tillbaka - Mitt liv som pr\u00e4st\" \/>\n<meta property=\"og:description\" content=\"&#8221;Solen och tillbaka!&#8221;, ropar dottern d\u00e5 hon rusar ut genom d\u00f6rren. Sen till bussen. Som vanligt. Det betyder Jag \u00e4lskar dig till solen och tillbaka. N\u00e4r barnen var sm\u00e5 brukade vi l\u00e4sa en bok om en liten kanin som undrade hur mycket hans pappa tyckte om honom? &#8221;S\u00e5 h\u00e4r mycket&#8221;, undrade han och slog ut [&hellip;]\" \/>\n<meta property=\"og:url\" content=\"https:\/\/blogg.svenskakyrkan.se\/mittlivsomprast\/2018\/04\/17\/solen-och-tillbaka\/\" \/>\n<meta property=\"og:site_name\" content=\"Mitt liv som pr\u00e4st\" \/>\n<meta property=\"article:published_time\" content=\"2018-04-17T19:37:21+00:00\" \/>\n<meta property=\"og:image\" content=\"http:\/\/blogg.svenskakyrkan.se\/mittlivsomprast\/files\/2018\/04\/kanin.jpg\" \/>\n<meta name=\"author\" content=\"mittlivsomprast\" \/>\n<meta name=\"twitter:card\" content=\"summary_large_image\" \/>\n<meta name=\"twitter:label1\" content=\"Skriven av\" \/>\n\t<meta name=\"twitter:data1\" content=\"mittlivsomprast\" \/>\n\t<meta name=\"twitter:label2\" content=\"Ber\u00e4knad l\u00e4stid\" \/>\n\t<meta name=\"twitter:data2\" content=\"1 minut\" \/>\n<script type=\"application\/ld+json\" class=\"yoast-schema-graph\">{\"@context\":\"https:\/\/schema.org\",\"@graph\":[{\"@type\":\"Article\",\"@id\":\"https:\/\/blogg.svenskakyrkan.se\/mittlivsomprast\/2018\/04\/17\/solen-och-tillbaka\/#article\",\"isPartOf\":{\"@id\":\"https:\/\/blogg.svenskakyrkan.se\/mittlivsomprast\/2018\/04\/17\/solen-och-tillbaka\/\"},\"author\":{\"name\":\"mittlivsomprast\",\"@id\":\"https:\/\/blogg.svenskakyrkan.se\/mittlivsomprast\/#\/schema\/person\/0473aad3790cc4ff9e1649c1c3bf7ecd\"},\"headline\":\"Solen och tillbaka\",\"datePublished\":\"2018-04-17T19:37:21+00:00\",\"mainEntityOfPage\":{\"@id\":\"https:\/\/blogg.svenskakyrkan.se\/mittlivsomprast\/2018\/04\/17\/solen-och-tillbaka\/\"},\"wordCount\":273,\"commentCount\":4,\"image\":{\"@id\":\"https:\/\/blogg.svenskakyrkan.se\/mittlivsomprast\/2018\/04\/17\/solen-och-tillbaka\/#primaryimage\"},\"thumbnailUrl\":\"https:\/\/blogg.svenskakyrkan.se\/mittlivsomprast\/files\/2018\/04\/kors3.jpg\",\"inLanguage\":\"sv-SE\",\"potentialAction\":[{\"@type\":\"CommentAction\",\"name\":\"Comment\",\"target\":[\"https:\/\/blogg.svenskakyrkan.se\/mittlivsomprast\/2018\/04\/17\/solen-och-tillbaka\/#respond\"]}]},{\"@type\":\"WebPage\",\"@id\":\"https:\/\/blogg.svenskakyrkan.se\/mittlivsomprast\/2018\/04\/17\/solen-och-tillbaka\/\",\"url\":\"https:\/\/blogg.svenskakyrkan.se\/mittlivsomprast\/2018\/04\/17\/solen-och-tillbaka\/\",\"name\":\"Solen och tillbaka - Mitt liv som pr\u00e4st\",\"isPartOf\":{\"@id\":\"https:\/\/blogg.svenskakyrkan.se\/mittlivsomprast\/#website\"},\"primaryImageOfPage\":{\"@id\":\"https:\/\/blogg.svenskakyrkan.se\/mittlivsomprast\/2018\/04\/17\/solen-och-tillbaka\/#primaryimage\"},\"image\":{\"@id\":\"https:\/\/blogg.svenskakyrkan.se\/mittlivsomprast\/2018\/04\/17\/solen-och-tillbaka\/#primaryimage\"},\"thumbnailUrl\":\"https:\/\/blogg.svenskakyrkan.se\/mittlivsomprast\/files\/2018\/04\/kors3.jpg\",\"datePublished\":\"2018-04-17T19:37:21+00:00\",\"author\":{\"@id\":\"https:\/\/blogg.svenskakyrkan.se\/mittlivsomprast\/#\/schema\/person\/0473aad3790cc4ff9e1649c1c3bf7ecd\"},\"breadcrumb\":{\"@id\":\"https:\/\/blogg.svenskakyrkan.se\/mittlivsomprast\/2018\/04\/17\/solen-och-tillbaka\/#breadcrumb\"},\"inLanguage\":\"sv-SE\",\"potentialAction\":[{\"@type\":\"ReadAction\",\"target\":[\"https:\/\/blogg.svenskakyrkan.se\/mittlivsomprast\/2018\/04\/17\/solen-och-tillbaka\/\"]}]},{\"@type\":\"ImageObject\",\"inLanguage\":\"sv-SE\",\"@id\":\"https:\/\/blogg.svenskakyrkan.se\/mittlivsomprast\/2018\/04\/17\/solen-och-tillbaka\/#primaryimage\",\"url\":\"https:\/\/blogg.svenskakyrkan.se\/mittlivsomprast\/files\/2018\/04\/kors3.jpg\",\"contentUrl\":\"https:\/\/blogg.svenskakyrkan.se\/mittlivsomprast\/files\/2018\/04\/kors3.jpg\",\"width\":400,\"height\":267},{\"@type\":\"BreadcrumbList\",\"@id\":\"https:\/\/blogg.svenskakyrkan.se\/mittlivsomprast\/2018\/04\/17\/solen-och-tillbaka\/#breadcrumb\",\"itemListElement\":[{\"@type\":\"ListItem\",\"position\":1,\"name\":\"Hem\",\"item\":\"https:\/\/blogg.svenskakyrkan.se\/mittlivsomprast\/\"},{\"@type\":\"ListItem\",\"position\":2,\"name\":\"Solen och tillbaka\"}]},{\"@type\":\"WebSite\",\"@id\":\"https:\/\/blogg.svenskakyrkan.se\/mittlivsomprast\/#website\",\"url\":\"https:\/\/blogg.svenskakyrkan.se\/mittlivsomprast\/\",\"name\":\"Mitt liv som pr\u00e4st\",\"description\":\"M\u00e4nniska. Morsa. Pr\u00e4st. I den ordningen.\",\"potentialAction\":[{\"@type\":\"SearchAction\",\"target\":{\"@type\":\"EntryPoint\",\"urlTemplate\":\"https:\/\/blogg.svenskakyrkan.se\/mittlivsomprast\/?s={search_term_string}\"},\"query-input\":{\"@type\":\"PropertyValueSpecification\",\"valueRequired\":true,\"valueName\":\"search_term_string\"}}],\"inLanguage\":\"sv-SE\"},{\"@type\":\"Person\",\"@id\":\"https:\/\/blogg.svenskakyrkan.se\/mittlivsomprast\/#\/schema\/person\/0473aad3790cc4ff9e1649c1c3bf7ecd\",\"name\":\"mittlivsomprast\",\"image\":{\"@type\":\"ImageObject\",\"inLanguage\":\"sv-SE\",\"@id\":\"https:\/\/blogg.svenskakyrkan.se\/mittlivsomprast\/#\/schema\/person\/image\/\",\"url\":\"https:\/\/secure.gravatar.com\/avatar\/141dab46d1d92e1e39f0c75a179413f3aea45ce97940378761c3263f4e82b8ac?s=96&d=mm&r=g\",\"contentUrl\":\"https:\/\/secure.gravatar.com\/avatar\/141dab46d1d92e1e39f0c75a179413f3aea45ce97940378761c3263f4e82b8ac?s=96&d=mm&r=g\",\"caption\":\"mittlivsomprast\"},\"description\":\"M\u00e4nniska. Morsa. Pr\u00e4st. I den ordningen.\",\"url\":\"https:\/\/blogg.svenskakyrkan.se\/mittlivsomprast\/author\/mittliivsomprast\/\"}]}<\/script>\n<!-- \/ Yoast SEO plugin. -->","yoast_head_json":{"title":"Solen och tillbaka - Mitt liv som pr\u00e4st","robots":{"index":"index","follow":"follow","max-snippet":"max-snippet:-1","max-image-preview":"max-image-preview:large","max-video-preview":"max-video-preview:-1"},"canonical":"https:\/\/blogg.svenskakyrkan.se\/mittlivsomprast\/2018\/04\/17\/solen-och-tillbaka\/","og_locale":"sv_SE","og_type":"article","og_title":"Solen och tillbaka - Mitt liv som pr\u00e4st","og_description":"&#8221;Solen och tillbaka!&#8221;, ropar dottern d\u00e5 hon rusar ut genom d\u00f6rren. Sen till bussen. Som vanligt. Det betyder Jag \u00e4lskar dig till solen och tillbaka. N\u00e4r barnen var sm\u00e5 brukade vi l\u00e4sa en bok om en liten kanin som undrade hur mycket hans pappa tyckte om honom? &#8221;S\u00e5 h\u00e4r mycket&#8221;, undrade han och slog ut [&hellip;]","og_url":"https:\/\/blogg.svenskakyrkan.se\/mittlivsomprast\/2018\/04\/17\/solen-och-tillbaka\/","og_site_name":"Mitt liv som pr\u00e4st","article_published_time":"2018-04-17T19:37:21+00:00","og_image":[{"url":"http:\/\/blogg.svenskakyrkan.se\/mittlivsomprast\/files\/2018\/04\/kanin.jpg","type":"","width":"","height":""}],"author":"mittlivsomprast","twitter_card":"summary_large_image","twitter_misc":{"Skriven av":"mittlivsomprast","Ber\u00e4knad l\u00e4stid":"1 minut"},"schema":{"@context":"https:\/\/schema.org","@graph":[{"@type":"Article","@id":"https:\/\/blogg.svenskakyrkan.se\/mittlivsomprast\/2018\/04\/17\/solen-och-tillbaka\/#article","isPartOf":{"@id":"https:\/\/blogg.svenskakyrkan.se\/mittlivsomprast\/2018\/04\/17\/solen-och-tillbaka\/"},"author":{"name":"mittlivsomprast","@id":"https:\/\/blogg.svenskakyrkan.se\/mittlivsomprast\/#\/schema\/person\/0473aad3790cc4ff9e1649c1c3bf7ecd"},"headline":"Solen och tillbaka","datePublished":"2018-04-17T19:37:21+00:00","mainEntityOfPage":{"@id":"https:\/\/blogg.svenskakyrkan.se\/mittlivsomprast\/2018\/04\/17\/solen-och-tillbaka\/"},"wordCount":273,"commentCount":4,"image":{"@id":"https:\/\/blogg.svenskakyrkan.se\/mittlivsomprast\/2018\/04\/17\/solen-och-tillbaka\/#primaryimage"},"thumbnailUrl":"https:\/\/blogg.svenskakyrkan.se\/mittlivsomprast\/files\/2018\/04\/kors3.jpg","inLanguage":"sv-SE","potentialAction":[{"@type":"CommentAction","name":"Comment","target":["https:\/\/blogg.svenskakyrkan.se\/mittlivsomprast\/2018\/04\/17\/solen-och-tillbaka\/#respond"]}]},{"@type":"WebPage","@id":"https:\/\/blogg.svenskakyrkan.se\/mittlivsomprast\/2018\/04\/17\/solen-och-tillbaka\/","url":"https:\/\/blogg.svenskakyrkan.se\/mittlivsomprast\/2018\/04\/17\/solen-och-tillbaka\/","name":"Solen och tillbaka - Mitt liv som pr\u00e4st","isPartOf":{"@id":"https:\/\/blogg.svenskakyrkan.se\/mittlivsomprast\/#website"},"primaryImageOfPage":{"@id":"https:\/\/blogg.svenskakyrkan.se\/mittlivsomprast\/2018\/04\/17\/solen-och-tillbaka\/#primaryimage"},"image":{"@id":"https:\/\/blogg.svenskakyrkan.se\/mittlivsomprast\/2018\/04\/17\/solen-och-tillbaka\/#primaryimage"},"thumbnailUrl":"https:\/\/blogg.svenskakyrkan.se\/mittlivsomprast\/files\/2018\/04\/kors3.jpg","datePublished":"2018-04-17T19:37:21+00:00","author":{"@id":"https:\/\/blogg.svenskakyrkan.se\/mittlivsomprast\/#\/schema\/person\/0473aad3790cc4ff9e1649c1c3bf7ecd"},"breadcrumb":{"@id":"https:\/\/blogg.svenskakyrkan.se\/mittlivsomprast\/2018\/04\/17\/solen-och-tillbaka\/#breadcrumb"},"inLanguage":"sv-SE","potentialAction":[{"@type":"ReadAction","target":["https:\/\/blogg.svenskakyrkan.se\/mittlivsomprast\/2018\/04\/17\/solen-och-tillbaka\/"]}]},{"@type":"ImageObject","inLanguage":"sv-SE","@id":"https:\/\/blogg.svenskakyrkan.se\/mittlivsomprast\/2018\/04\/17\/solen-och-tillbaka\/#primaryimage","url":"https:\/\/blogg.svenskakyrkan.se\/mittlivsomprast\/files\/2018\/04\/kors3.jpg","contentUrl":"https:\/\/blogg.svenskakyrkan.se\/mittlivsomprast\/files\/2018\/04\/kors3.jpg","width":400,"height":267},{"@type":"BreadcrumbList","@id":"https:\/\/blogg.svenskakyrkan.se\/mittlivsomprast\/2018\/04\/17\/solen-och-tillbaka\/#breadcrumb","itemListElement":[{"@type":"ListItem","position":1,"name":"Hem","item":"https:\/\/blogg.svenskakyrkan.se\/mittlivsomprast\/"},{"@type":"ListItem","position":2,"name":"Solen och tillbaka"}]},{"@type":"WebSite","@id":"https:\/\/blogg.svenskakyrkan.se\/mittlivsomprast\/#website","url":"https:\/\/blogg.svenskakyrkan.se\/mittlivsomprast\/","name":"Mitt liv som pr\u00e4st","description":"M\u00e4nniska. Morsa. Pr\u00e4st. I den ordningen.","potentialAction":[{"@type":"SearchAction","target":{"@type":"EntryPoint","urlTemplate":"https:\/\/blogg.svenskakyrkan.se\/mittlivsomprast\/?s={search_term_string}"},"query-input":{"@type":"PropertyValueSpecification","valueRequired":true,"valueName":"search_term_string"}}],"inLanguage":"sv-SE"},{"@type":"Person","@id":"https:\/\/blogg.svenskakyrkan.se\/mittlivsomprast\/#\/schema\/person\/0473aad3790cc4ff9e1649c1c3bf7ecd","name":"mittlivsomprast","image":{"@type":"ImageObject","inLanguage":"sv-SE","@id":"https:\/\/blogg.svenskakyrkan.se\/mittlivsomprast\/#\/schema\/person\/image\/","url":"https:\/\/secure.gravatar.com\/avatar\/141dab46d1d92e1e39f0c75a179413f3aea45ce97940378761c3263f4e82b8ac?s=96&d=mm&r=g","contentUrl":"https:\/\/secure.gravatar.com\/avatar\/141dab46d1d92e1e39f0c75a179413f3aea45ce97940378761c3263f4e82b8ac?s=96&d=mm&r=g","caption":"mittlivsomprast"},"description":"M\u00e4nniska. Morsa. Pr\u00e4st. I den ordningen.","url":"https:\/\/blogg.svenskakyrkan.se\/mittlivsomprast\/author\/mittliivsomprast\/"}]}},"author_meta":{"ID":"596","user_nicename":"mittliivsomprast","user_registered":"2016-10-07 12:48:49","display_name":"mittlivsomprast","first_name":"Katarina","last_name":"Johansson","avatar":"https:\/\/blogg.svenskakyrkan.se\/mittlivsomprast\/files\/2023\/05\/KJ-tatoo-sv-150x150.jpeg"},"featured_image":["https:\/\/blogg.svenskakyrkan.se\/mittlivsomprast\/files\/2018\/04\/kors3.jpg",400,267,false],"bloginfo":{"name":"Mitt liv som pr\u00e4st","url":"https:\/\/blogg.svenskakyrkan.se\/mittlivsomprast"},"_links":{"self":[{"href":"https:\/\/blogg.svenskakyrkan.se\/mittlivsomprast\/wp-json\/wp\/v2\/posts\/399","targetHints":{"allow":["GET"]}}],"collection":[{"href":"https:\/\/blogg.svenskakyrkan.se\/mittlivsomprast\/wp-json\/wp\/v2\/posts"}],"about":[{"href":"https:\/\/blogg.svenskakyrkan.se\/mittlivsomprast\/wp-json\/wp\/v2\/types\/post"}],"author":[{"embeddable":true,"href":"https:\/\/blogg.svenskakyrkan.se\/mittlivsomprast\/wp-json\/wp\/v2\/users\/596"}],"replies":[{"embeddable":true,"href":"https:\/\/blogg.svenskakyrkan.se\/mittlivsomprast\/wp-json\/wp\/v2\/comments?post=399"}],"version-history":[{"count":1,"href":"https:\/\/blogg.svenskakyrkan.se\/mittlivsomprast\/wp-json\/wp\/v2\/posts\/399\/revisions"}],"predecessor-version":[{"id":402,"href":"https:\/\/blogg.svenskakyrkan.se\/mittlivsomprast\/wp-json\/wp\/v2\/posts\/399\/revisions\/402"}],"wp:featuredmedia":[{"embeddable":true,"href":"https:\/\/blogg.svenskakyrkan.se\/mittlivsomprast\/wp-json\/wp\/v2\/media\/401"}],"wp:attachment":[{"href":"https:\/\/blogg.svenskakyrkan.se\/mittlivsomprast\/wp-json\/wp\/v2\/media?parent=399"}],"wp:term":[{"taxonomy":"category","embeddable":true,"href":"https:\/\/blogg.svenskakyrkan.se\/mittlivsomprast\/wp-json\/wp\/v2\/categories?post=399"},{"taxonomy":"post_tag","embeddable":true,"href":"https:\/\/blogg.svenskakyrkan.se\/mittlivsomprast\/wp-json\/wp\/v2\/tags?post=399"}],"curies":[{"name":"wp","href":"https:\/\/api.w.org\/{rel}","templated":true}]}}