{"id":518,"date":"2020-03-16T14:08:25","date_gmt":"2020-03-16T13:08:25","guid":{"rendered":"http:\/\/blogg.svenskakyrkan.se\/mittlivsomprast\/?p=518"},"modified":"2020-03-16T14:08:26","modified_gmt":"2020-03-16T13:08:26","slug":"den-livsviktiga-oron","status":"publish","type":"post","link":"https:\/\/blogg.svenskakyrkan.se\/mittlivsomprast\/2020\/03\/16\/den-livsviktiga-oron\/","title":{"rendered":"Den livsviktiga oron"},"content":{"rendered":"\n\n\n<p>Det \u00e4r oroliga tider nu. Som mamma \u00e4r jag van. Jag har varit orolig sen den dagen jag fick mina barn. Ja, \u00e4ven f\u00f6re dom kom. F\u00f6r sm\u00e5tt och stort. F\u00f6r s\u00e5nt som \u00e4r farligt, livsfarligt eller bara obehagligt.&nbsp;<\/p>\n\n\n\n<p>Jag har varit orolig f\u00f6r att dom ska frysa om h\u00e4nderna. Om \u00f6ronen. Om f\u00f6tterna.&nbsp;<\/p>\n\n\n\n<p>Och laddat med vantar och varma st\u00f6vlar.&nbsp;<\/p>\n\n\n\n<p>Orolig att dom ska va hungriga. Inte \u00e4ta tillr\u00e4ckligt mycket gr\u00f6nsaker. \u00c4ta f\u00f6r mycket godis, eller n\u00e5got dom inte t\u00e5l.&nbsp;<\/p>\n\n\n\n<p>Orolig f\u00f6r trafikerade gator, l\u00e4tt\u00e5tkomliga t\u00e4ndstickor, vattendjup \u00f6ver 15 cm. Orolig f\u00f6r sjukdomar, feber, studsmattor utan n\u00e4t och gl\u00f6mda cykelhj\u00e4lmar. Orolig f\u00f6r elaka kamrater i klassen, att inte bli bjuden p\u00e5 kalas, att bli bjuden p\u00e5 n\u00e5got av n\u00e5gon obekant, f\u00f6r sv\u00e5righeter eller bristande sj\u00e4lvk\u00e4nsla. F\u00f6r or\u00e4ttvisor, l\u00f6ss, mask och magsjuka. Orolig f\u00f6r fel s\u00e4llskap, f\u00f6r droger, f\u00f6r alkohol. Orolig f\u00f6r h\u00f6jder och djup. F\u00f6r vassa knivar, varma plattor, hett vatten och pedofiler.&nbsp;<\/p>\n\n\n\n<p>Dessutom orolig f\u00f6r direkt livsfarliga men s\u00e4llan f\u00f6rekommande h\u00e4ndelser som vulkanutbrott, krig, v\u00e4rldsbrand, kidnappning, r\u00e5n, mord, v\u00e5ld, sp\u00e5rvagnsolyckor, b\u00e5tolyckor, mopedolyckor, skidolyckor, bussolyckor och alla andra slags olyckor.&nbsp;<\/p>\n\n\n\n<p>Mina barn och en del andra har i vissa fall funnit min oro en smula obefogad. Men jag har k\u00e4nt mig n\u00f6jd med att ha den. Den har guidat mig till en l\u00e5ng rad motmedel som AD-droppar, pl\u00e5ster, hj\u00e4lmar, s\u00e4kerhetsb\u00e4lten, varma m\u00f6ssor, goda r\u00e5d och en aldrig sinande omsorg. Men inga f\u00f6rbud. Bara n\u00e5gra mot det mest livsfarliga som inte ens en \u00f6msint mot r\u00e5r p\u00e5.&nbsp;<\/p>\n\n\n\n<p>Jag \u00e4r van vid att vara s\u00e5 orolig men det sl\u00e5r mig nu att alla kanske inte \u00e4r det? F\u00f6r m\u00e5nga verkar ocks\u00e5 bli mycket oroliga av att vi \u00e4r oroliga? D\u00e5 vill jag i all blygsamhet och v\u00e4lmening komma med ett r\u00e5d. Det \u00e4r ju f\u00f6r \u00f6vrigt n\u00e5got jag \u00e4gnat hela mitt oroliga liv \u00e5t!&nbsp;<\/p>\n\n\n\n<p>Det \u00e4r inte farligt att vara lite orolig. Det \u00e4r bra. D\u00e5 har man uppt\u00e4ckt en fara! Och jag kan d\u00e4rmed g\u00f6ra sitt b\u00e4sta f\u00f6r att den ska kunna undvikas eller mildras! Min oro \u00f6kar inte p\u00e5 minsta vis risken av att mina barn ska drabbas f\u00f6r n\u00e5got. Tv\u00e4rtom minskar risken efter som jag i m\u00e5nga fall kan se till att det blir s\u00e5.&nbsp;<\/p>\n\n\n\n<p>Jag tror att vi beh\u00f6ver hj\u00e4lpa varandra i den h\u00e4r oroliga tiden, s\u00e4rskilt vi oroliga typer som \u00e4r vana!&nbsp;<\/p>\n\n\n\n<p>Ta p\u00e5 hj\u00e4lm &#8211; men cykla! S\u00e4kerhetssp\u00e4rr &#8211; men \u00f6ppna f\u00f6nstret mot v\u00e5ren! Anv\u00e4nd flytv\u00e4st- men \u00e5k ut p\u00e5 havet!&nbsp;<\/p>\n\n\n\n<p>Och ett nytt bud s\u00e5h\u00e4r i Corona tid- tv\u00e4tta h\u00e4nderna (och f\u00f6lj alla andra rekommendationer) &#8211; men forts\u00e4tt leva, gl\u00e4ds \u00e5t v\u00e5ren, bry dig om dina medm\u00e4nniskor och hoppas p\u00e5 framtiden!&nbsp;<\/p>\n\n\n\n<p>Varma h\u00e4lsningar fr\u00e5n en orosvan mamma!&nbsp;<br><\/p>\n\n\n\n<p><\/p>\n","protected":false},"excerpt":{"rendered":"<p>Det \u00e4r oroliga tider nu. Som mamma \u00e4r jag van. Jag har varit orolig sen den dagen jag fick mina barn. Ja, \u00e4ven f\u00f6re dom kom. F\u00f6r sm\u00e5tt och stort. F\u00f6r s\u00e5nt som \u00e4r farligt, livsfarligt eller bara obehagligt.&nbsp; Jag har varit orolig f\u00f6r att dom ska frysa om h\u00e4nderna. Om \u00f6ronen. Om f\u00f6tterna.&nbsp; Och [&hellip;]<\/p>\n","protected":false},"author":596,"featured_media":0,"comment_status":"open","ping_status":"open","sticky":false,"template":"","format":"standard","meta":{"_acf_changed":false,"footnotes":""},"categories":[9],"tags":[],"class_list":["post-518","post","type-post","status-publish","format-standard","hentry","category-okategoriserade"],"acf":[],"yoast_head":"<!-- This site is optimized with the Yoast SEO plugin v27.1.1 - https:\/\/yoast.com\/product\/yoast-seo-wordpress\/ -->\n<title>Den livsviktiga oron - Mitt liv som pr\u00e4st<\/title>\n<meta name=\"robots\" content=\"index, follow, max-snippet:-1, max-image-preview:large, max-video-preview:-1\" \/>\n<link rel=\"canonical\" href=\"https:\/\/blogg.svenskakyrkan.se\/mittlivsomprast\/2020\/03\/16\/den-livsviktiga-oron\/\" \/>\n<meta property=\"og:locale\" content=\"sv_SE\" \/>\n<meta property=\"og:type\" content=\"article\" \/>\n<meta property=\"og:title\" content=\"Den livsviktiga oron - Mitt liv som pr\u00e4st\" \/>\n<meta property=\"og:description\" content=\"Det \u00e4r oroliga tider nu. Som mamma \u00e4r jag van. Jag har varit orolig sen den dagen jag fick mina barn. Ja, \u00e4ven f\u00f6re dom kom. F\u00f6r sm\u00e5tt och stort. F\u00f6r s\u00e5nt som \u00e4r farligt, livsfarligt eller bara obehagligt.&nbsp; Jag har varit orolig f\u00f6r att dom ska frysa om h\u00e4nderna. Om \u00f6ronen. Om f\u00f6tterna.&nbsp; Och [&hellip;]\" \/>\n<meta property=\"og:url\" content=\"https:\/\/blogg.svenskakyrkan.se\/mittlivsomprast\/2020\/03\/16\/den-livsviktiga-oron\/\" \/>\n<meta property=\"og:site_name\" content=\"Mitt liv som pr\u00e4st\" \/>\n<meta property=\"article:published_time\" content=\"2020-03-16T13:08:25+00:00\" \/>\n<meta property=\"article:modified_time\" content=\"2020-03-16T13:08:26+00:00\" \/>\n<meta name=\"author\" content=\"mittlivsomprast\" \/>\n<meta name=\"twitter:card\" content=\"summary_large_image\" \/>\n<meta name=\"twitter:label1\" content=\"Skriven av\" \/>\n\t<meta name=\"twitter:data1\" content=\"mittlivsomprast\" \/>\n\t<meta name=\"twitter:label2\" content=\"Ber\u00e4knad l\u00e4stid\" \/>\n\t<meta name=\"twitter:data2\" content=\"3 minuter\" \/>\n<script type=\"application\/ld+json\" class=\"yoast-schema-graph\">{\"@context\":\"https:\/\/schema.org\",\"@graph\":[{\"@type\":\"Article\",\"@id\":\"https:\/\/blogg.svenskakyrkan.se\/mittlivsomprast\/2020\/03\/16\/den-livsviktiga-oron\/#article\",\"isPartOf\":{\"@id\":\"https:\/\/blogg.svenskakyrkan.se\/mittlivsomprast\/2020\/03\/16\/den-livsviktiga-oron\/\"},\"author\":{\"name\":\"mittlivsomprast\",\"@id\":\"https:\/\/blogg.svenskakyrkan.se\/mittlivsomprast\/#\/schema\/person\/0473aad3790cc4ff9e1649c1c3bf7ecd\"},\"headline\":\"Den livsviktiga oron\",\"datePublished\":\"2020-03-16T13:08:25+00:00\",\"dateModified\":\"2020-03-16T13:08:26+00:00\",\"mainEntityOfPage\":{\"@id\":\"https:\/\/blogg.svenskakyrkan.se\/mittlivsomprast\/2020\/03\/16\/den-livsviktiga-oron\/\"},\"wordCount\":556,\"commentCount\":0,\"inLanguage\":\"sv-SE\",\"potentialAction\":[{\"@type\":\"CommentAction\",\"name\":\"Comment\",\"target\":[\"https:\/\/blogg.svenskakyrkan.se\/mittlivsomprast\/2020\/03\/16\/den-livsviktiga-oron\/#respond\"]}]},{\"@type\":\"WebPage\",\"@id\":\"https:\/\/blogg.svenskakyrkan.se\/mittlivsomprast\/2020\/03\/16\/den-livsviktiga-oron\/\",\"url\":\"https:\/\/blogg.svenskakyrkan.se\/mittlivsomprast\/2020\/03\/16\/den-livsviktiga-oron\/\",\"name\":\"Den livsviktiga oron - Mitt liv som pr\u00e4st\",\"isPartOf\":{\"@id\":\"https:\/\/blogg.svenskakyrkan.se\/mittlivsomprast\/#website\"},\"datePublished\":\"2020-03-16T13:08:25+00:00\",\"dateModified\":\"2020-03-16T13:08:26+00:00\",\"author\":{\"@id\":\"https:\/\/blogg.svenskakyrkan.se\/mittlivsomprast\/#\/schema\/person\/0473aad3790cc4ff9e1649c1c3bf7ecd\"},\"breadcrumb\":{\"@id\":\"https:\/\/blogg.svenskakyrkan.se\/mittlivsomprast\/2020\/03\/16\/den-livsviktiga-oron\/#breadcrumb\"},\"inLanguage\":\"sv-SE\",\"potentialAction\":[{\"@type\":\"ReadAction\",\"target\":[\"https:\/\/blogg.svenskakyrkan.se\/mittlivsomprast\/2020\/03\/16\/den-livsviktiga-oron\/\"]}]},{\"@type\":\"BreadcrumbList\",\"@id\":\"https:\/\/blogg.svenskakyrkan.se\/mittlivsomprast\/2020\/03\/16\/den-livsviktiga-oron\/#breadcrumb\",\"itemListElement\":[{\"@type\":\"ListItem\",\"position\":1,\"name\":\"Hem\",\"item\":\"https:\/\/blogg.svenskakyrkan.se\/mittlivsomprast\/\"},{\"@type\":\"ListItem\",\"position\":2,\"name\":\"Den livsviktiga oron\"}]},{\"@type\":\"WebSite\",\"@id\":\"https:\/\/blogg.svenskakyrkan.se\/mittlivsomprast\/#website\",\"url\":\"https:\/\/blogg.svenskakyrkan.se\/mittlivsomprast\/\",\"name\":\"Mitt liv som pr\u00e4st\",\"description\":\"M\u00e4nniska. Morsa. Pr\u00e4st. I den ordningen.\",\"potentialAction\":[{\"@type\":\"SearchAction\",\"target\":{\"@type\":\"EntryPoint\",\"urlTemplate\":\"https:\/\/blogg.svenskakyrkan.se\/mittlivsomprast\/?s={search_term_string}\"},\"query-input\":{\"@type\":\"PropertyValueSpecification\",\"valueRequired\":true,\"valueName\":\"search_term_string\"}}],\"inLanguage\":\"sv-SE\"},{\"@type\":\"Person\",\"@id\":\"https:\/\/blogg.svenskakyrkan.se\/mittlivsomprast\/#\/schema\/person\/0473aad3790cc4ff9e1649c1c3bf7ecd\",\"name\":\"mittlivsomprast\",\"image\":{\"@type\":\"ImageObject\",\"inLanguage\":\"sv-SE\",\"@id\":\"https:\/\/blogg.svenskakyrkan.se\/mittlivsomprast\/#\/schema\/person\/image\/\",\"url\":\"https:\/\/secure.gravatar.com\/avatar\/141dab46d1d92e1e39f0c75a179413f3aea45ce97940378761c3263f4e82b8ac?s=96&d=mm&r=g\",\"contentUrl\":\"https:\/\/secure.gravatar.com\/avatar\/141dab46d1d92e1e39f0c75a179413f3aea45ce97940378761c3263f4e82b8ac?s=96&d=mm&r=g\",\"caption\":\"mittlivsomprast\"},\"description\":\"M\u00e4nniska. Morsa. Pr\u00e4st. I den ordningen.\",\"url\":\"https:\/\/blogg.svenskakyrkan.se\/mittlivsomprast\/author\/mittliivsomprast\/\"}]}<\/script>\n<!-- \/ Yoast SEO plugin. -->","yoast_head_json":{"title":"Den livsviktiga oron - Mitt liv som pr\u00e4st","robots":{"index":"index","follow":"follow","max-snippet":"max-snippet:-1","max-image-preview":"max-image-preview:large","max-video-preview":"max-video-preview:-1"},"canonical":"https:\/\/blogg.svenskakyrkan.se\/mittlivsomprast\/2020\/03\/16\/den-livsviktiga-oron\/","og_locale":"sv_SE","og_type":"article","og_title":"Den livsviktiga oron - Mitt liv som pr\u00e4st","og_description":"Det \u00e4r oroliga tider nu. Som mamma \u00e4r jag van. Jag har varit orolig sen den dagen jag fick mina barn. Ja, \u00e4ven f\u00f6re dom kom. F\u00f6r sm\u00e5tt och stort. F\u00f6r s\u00e5nt som \u00e4r farligt, livsfarligt eller bara obehagligt.&nbsp; Jag har varit orolig f\u00f6r att dom ska frysa om h\u00e4nderna. Om \u00f6ronen. Om f\u00f6tterna.&nbsp; Och [&hellip;]","og_url":"https:\/\/blogg.svenskakyrkan.se\/mittlivsomprast\/2020\/03\/16\/den-livsviktiga-oron\/","og_site_name":"Mitt liv som pr\u00e4st","article_published_time":"2020-03-16T13:08:25+00:00","article_modified_time":"2020-03-16T13:08:26+00:00","author":"mittlivsomprast","twitter_card":"summary_large_image","twitter_misc":{"Skriven av":"mittlivsomprast","Ber\u00e4knad l\u00e4stid":"3 minuter"},"schema":{"@context":"https:\/\/schema.org","@graph":[{"@type":"Article","@id":"https:\/\/blogg.svenskakyrkan.se\/mittlivsomprast\/2020\/03\/16\/den-livsviktiga-oron\/#article","isPartOf":{"@id":"https:\/\/blogg.svenskakyrkan.se\/mittlivsomprast\/2020\/03\/16\/den-livsviktiga-oron\/"},"author":{"name":"mittlivsomprast","@id":"https:\/\/blogg.svenskakyrkan.se\/mittlivsomprast\/#\/schema\/person\/0473aad3790cc4ff9e1649c1c3bf7ecd"},"headline":"Den livsviktiga oron","datePublished":"2020-03-16T13:08:25+00:00","dateModified":"2020-03-16T13:08:26+00:00","mainEntityOfPage":{"@id":"https:\/\/blogg.svenskakyrkan.se\/mittlivsomprast\/2020\/03\/16\/den-livsviktiga-oron\/"},"wordCount":556,"commentCount":0,"inLanguage":"sv-SE","potentialAction":[{"@type":"CommentAction","name":"Comment","target":["https:\/\/blogg.svenskakyrkan.se\/mittlivsomprast\/2020\/03\/16\/den-livsviktiga-oron\/#respond"]}]},{"@type":"WebPage","@id":"https:\/\/blogg.svenskakyrkan.se\/mittlivsomprast\/2020\/03\/16\/den-livsviktiga-oron\/","url":"https:\/\/blogg.svenskakyrkan.se\/mittlivsomprast\/2020\/03\/16\/den-livsviktiga-oron\/","name":"Den livsviktiga oron - Mitt liv som pr\u00e4st","isPartOf":{"@id":"https:\/\/blogg.svenskakyrkan.se\/mittlivsomprast\/#website"},"datePublished":"2020-03-16T13:08:25+00:00","dateModified":"2020-03-16T13:08:26+00:00","author":{"@id":"https:\/\/blogg.svenskakyrkan.se\/mittlivsomprast\/#\/schema\/person\/0473aad3790cc4ff9e1649c1c3bf7ecd"},"breadcrumb":{"@id":"https:\/\/blogg.svenskakyrkan.se\/mittlivsomprast\/2020\/03\/16\/den-livsviktiga-oron\/#breadcrumb"},"inLanguage":"sv-SE","potentialAction":[{"@type":"ReadAction","target":["https:\/\/blogg.svenskakyrkan.se\/mittlivsomprast\/2020\/03\/16\/den-livsviktiga-oron\/"]}]},{"@type":"BreadcrumbList","@id":"https:\/\/blogg.svenskakyrkan.se\/mittlivsomprast\/2020\/03\/16\/den-livsviktiga-oron\/#breadcrumb","itemListElement":[{"@type":"ListItem","position":1,"name":"Hem","item":"https:\/\/blogg.svenskakyrkan.se\/mittlivsomprast\/"},{"@type":"ListItem","position":2,"name":"Den livsviktiga oron"}]},{"@type":"WebSite","@id":"https:\/\/blogg.svenskakyrkan.se\/mittlivsomprast\/#website","url":"https:\/\/blogg.svenskakyrkan.se\/mittlivsomprast\/","name":"Mitt liv som pr\u00e4st","description":"M\u00e4nniska. Morsa. Pr\u00e4st. I den ordningen.","potentialAction":[{"@type":"SearchAction","target":{"@type":"EntryPoint","urlTemplate":"https:\/\/blogg.svenskakyrkan.se\/mittlivsomprast\/?s={search_term_string}"},"query-input":{"@type":"PropertyValueSpecification","valueRequired":true,"valueName":"search_term_string"}}],"inLanguage":"sv-SE"},{"@type":"Person","@id":"https:\/\/blogg.svenskakyrkan.se\/mittlivsomprast\/#\/schema\/person\/0473aad3790cc4ff9e1649c1c3bf7ecd","name":"mittlivsomprast","image":{"@type":"ImageObject","inLanguage":"sv-SE","@id":"https:\/\/blogg.svenskakyrkan.se\/mittlivsomprast\/#\/schema\/person\/image\/","url":"https:\/\/secure.gravatar.com\/avatar\/141dab46d1d92e1e39f0c75a179413f3aea45ce97940378761c3263f4e82b8ac?s=96&d=mm&r=g","contentUrl":"https:\/\/secure.gravatar.com\/avatar\/141dab46d1d92e1e39f0c75a179413f3aea45ce97940378761c3263f4e82b8ac?s=96&d=mm&r=g","caption":"mittlivsomprast"},"description":"M\u00e4nniska. Morsa. Pr\u00e4st. I den ordningen.","url":"https:\/\/blogg.svenskakyrkan.se\/mittlivsomprast\/author\/mittliivsomprast\/"}]}},"author_meta":{"ID":"596","user_nicename":"mittliivsomprast","user_registered":"2016-10-07 12:48:49","display_name":"mittlivsomprast","first_name":"Katarina","last_name":"Johansson","avatar":"https:\/\/blogg.svenskakyrkan.se\/mittlivsomprast\/files\/2023\/05\/KJ-tatoo-sv-150x150.jpeg"},"featured_image":false,"bloginfo":{"name":"Mitt liv som pr\u00e4st","url":"https:\/\/blogg.svenskakyrkan.se\/mittlivsomprast"},"_links":{"self":[{"href":"https:\/\/blogg.svenskakyrkan.se\/mittlivsomprast\/wp-json\/wp\/v2\/posts\/518","targetHints":{"allow":["GET"]}}],"collection":[{"href":"https:\/\/blogg.svenskakyrkan.se\/mittlivsomprast\/wp-json\/wp\/v2\/posts"}],"about":[{"href":"https:\/\/blogg.svenskakyrkan.se\/mittlivsomprast\/wp-json\/wp\/v2\/types\/post"}],"author":[{"embeddable":true,"href":"https:\/\/blogg.svenskakyrkan.se\/mittlivsomprast\/wp-json\/wp\/v2\/users\/596"}],"replies":[{"embeddable":true,"href":"https:\/\/blogg.svenskakyrkan.se\/mittlivsomprast\/wp-json\/wp\/v2\/comments?post=518"}],"version-history":[{"count":1,"href":"https:\/\/blogg.svenskakyrkan.se\/mittlivsomprast\/wp-json\/wp\/v2\/posts\/518\/revisions"}],"predecessor-version":[{"id":519,"href":"https:\/\/blogg.svenskakyrkan.se\/mittlivsomprast\/wp-json\/wp\/v2\/posts\/518\/revisions\/519"}],"wp:attachment":[{"href":"https:\/\/blogg.svenskakyrkan.se\/mittlivsomprast\/wp-json\/wp\/v2\/media?parent=518"}],"wp:term":[{"taxonomy":"category","embeddable":true,"href":"https:\/\/blogg.svenskakyrkan.se\/mittlivsomprast\/wp-json\/wp\/v2\/categories?post=518"},{"taxonomy":"post_tag","embeddable":true,"href":"https:\/\/blogg.svenskakyrkan.se\/mittlivsomprast\/wp-json\/wp\/v2\/tags?post=518"}],"curies":[{"name":"wp","href":"https:\/\/api.w.org\/{rel}","templated":true}]}}