{"id":521,"date":"2020-06-05T22:12:39","date_gmt":"2020-06-05T20:12:39","guid":{"rendered":"http:\/\/blogg.svenskakyrkan.se\/mittlivsomprast\/?p=521"},"modified":"2020-06-05T22:12:40","modified_gmt":"2020-06-05T20:12:40","slug":"att-se-pa-varandra-med-guds-blick","status":"publish","type":"post","link":"https:\/\/blogg.svenskakyrkan.se\/mittlivsomprast\/2020\/06\/05\/att-se-pa-varandra-med-guds-blick\/","title":{"rendered":"Att se p\u00e5 varandra med Guds blick"},"content":{"rendered":"\n\n\n<p>Jag sitter i soffan med datorn i kn\u00e4t. Arbetsdagen har g\u00e5tt \u00f6ver i sen kv\u00e4ll men jag har kvar att formulera mig till en predikan. Den ska handla om Heliga trefaldighets dag. Ni vet det d\u00e4r som pr\u00e4sten brukar s\u00e4ga: \u201dI Fadrens och Sonens och den helige Andes namn.\u201d&nbsp;En treenig Gud som visat sina olika personligheter f\u00f6r oss.&nbsp;Det ska vi fira p\u00e5 s\u00f6ndag. I bakgrunden st\u00e5r&nbsp;tv:n&nbsp;p\u00e5. Nyhetss\u00e4ndningen visar bilder p\u00e5 protester. I stad efter stad samlas m\u00e4nniskor. Fredligt i samf\u00f6rst\u00e5nd. Med t\u00e5rarna rinnande. Eller i v\u00e5ldsamma sammandrabbningar. D\u00e4r vreden och f\u00f6rtvivlan tar plats. Protester mot hur svarta fortfarande behandlas i USA. M\u00e5nga \u00e5r efter medborgarr\u00e4ttsr\u00f6relse och Martin Luther Kings \u201d<em>I have a dream<\/em>\u201d, \u00e4r segregation och r\u00e4dsla f\u00f6r polisens godtyckliga ingripande&nbsp;p\u00e5taglig. B\u00e5de kampen f\u00f6r allas r\u00e4ttigheter och r\u00e4dslan \u00e4r p\u00e5 allvar. George Floyd \u00e4r ett f\u00f6rtvivlans exempel p\u00e5 det. Hans sista ord, \u201d<em>I can\u2019t breathe!<\/em>\u201d skanderas av massorna.&nbsp;<em>Black Lives Matter.&nbsp;<\/em><\/p>\n\n\n\n<p>Hur ska man kunna skriva n\u00e5got om Gud en s\u00e5dan dag?&nbsp;Ocks\u00e5 mina \u00f6gon fylls av f\u00f6rtvivlans t\u00e5rar. Hur l\u00e5gt kan vi m\u00e4nniskor sjunka? Hur sv\u00e5rt ska det vara att f\u00f6rst\u00e5 n\u00e5got s\u00e5 enkelt som varje m\u00e4nniskas lika v\u00e4rde? Hur sv\u00e5rt ska det vara att f\u00e5 samma fri-&nbsp;och r\u00e4ttigheter f\u00f6r alla?&nbsp;F\u00f6r det h\u00e4r g\u00e4ller oss alla. Ingen \u00e4r fri &#8211; f\u00f6rr\u00e4n alla \u00e4r fria. <\/p>\n\n\n\n<p>T\u00e4nk om vi kunde se varandra med Guds blick? Gud som skapare, som skapat varje m\u00e4nniska till sin avbild. D\u00e5 blir varje m\u00e4nniska ocks\u00e5 helig och hennes v\u00e4rde okr\u00e4nkbart. T\u00e4nk om vi kunde se varandra med Jesu blick? Jesus som m\u00f6tte varje m\u00e4nniska p\u00e5 samma s\u00e4tt och som hade en s\u00e4rskild f\u00f6rm\u00e5ga att se utanf\u00f6rskap och bjuda in i gemenskapen. Han som talade om uppr\u00e4ttelse f\u00f6r den f\u00f6rtryckte och syn f\u00f6r de blinda. Blinda f\u00f6r v\u00e4rldens or\u00e4ttvisor t\u00e4nker jag. F\u00f6r det \u00e4r l\u00e4tt att bli. Att t\u00e4nka att om det inte ang\u00e5r mig s\u00e5 \u00e4r det kanske inte s\u00e5 farligt.&nbsp;Men om vi ser p\u00e5 v\u00e4rlden och m\u00e4nniskorna s\u00e5 som Jesus gjorde blir det om\u00f6jligt. Och s\u00e5 kommer Anden som fyller m\u00e4nniskan med mod och sanning.&nbsp;<\/p>\n\n\n\n<p>T\u00e4nk om vi kunde se varandra med Guds blick. D\u00e5 r\u00e4knas varje liv. Det \u00e4r n\u00e5got att dr\u00f6mma om. Att skapa tillsammans. NU.<\/p>\n\n\n\n<p class=\"has-text-align-left\">&nbsp;<\/p>\n","protected":false},"excerpt":{"rendered":"<p>Jag sitter i soffan med datorn i kn\u00e4t. Arbetsdagen har g\u00e5tt \u00f6ver i sen kv\u00e4ll men jag har kvar att formulera mig till en predikan. Den ska handla om Heliga trefaldighets dag. Ni vet det d\u00e4r som pr\u00e4sten brukar s\u00e4ga: \u201dI Fadrens och Sonens och den helige Andes namn.\u201d&nbsp;En treenig Gud som visat sina olika [&hellip;]<\/p>\n","protected":false},"author":596,"featured_media":0,"comment_status":"open","ping_status":"open","sticky":false,"template":"","format":"standard","meta":{"_acf_changed":false,"footnotes":""},"categories":[9],"tags":[],"class_list":["post-521","post","type-post","status-publish","format-standard","hentry","category-okategoriserade"],"acf":[],"yoast_head":"<!-- This site is optimized with the Yoast SEO plugin v27.1.1 - https:\/\/yoast.com\/product\/yoast-seo-wordpress\/ -->\n<title>Att se p\u00e5 varandra med Guds blick - Mitt liv som pr\u00e4st<\/title>\n<meta name=\"robots\" content=\"index, follow, max-snippet:-1, max-image-preview:large, max-video-preview:-1\" \/>\n<link rel=\"canonical\" href=\"https:\/\/blogg.svenskakyrkan.se\/mittlivsomprast\/2020\/06\/05\/att-se-pa-varandra-med-guds-blick\/\" \/>\n<meta property=\"og:locale\" content=\"sv_SE\" \/>\n<meta property=\"og:type\" content=\"article\" \/>\n<meta property=\"og:title\" content=\"Att se p\u00e5 varandra med Guds blick - Mitt liv som pr\u00e4st\" \/>\n<meta property=\"og:description\" content=\"Jag sitter i soffan med datorn i kn\u00e4t. Arbetsdagen har g\u00e5tt \u00f6ver i sen kv\u00e4ll men jag har kvar att formulera mig till en predikan. Den ska handla om Heliga trefaldighets dag. Ni vet det d\u00e4r som pr\u00e4sten brukar s\u00e4ga: \u201dI Fadrens och Sonens och den helige Andes namn.\u201d&nbsp;En treenig Gud som visat sina olika [&hellip;]\" \/>\n<meta property=\"og:url\" content=\"https:\/\/blogg.svenskakyrkan.se\/mittlivsomprast\/2020\/06\/05\/att-se-pa-varandra-med-guds-blick\/\" \/>\n<meta property=\"og:site_name\" content=\"Mitt liv som pr\u00e4st\" \/>\n<meta property=\"article:published_time\" content=\"2020-06-05T20:12:39+00:00\" \/>\n<meta property=\"article:modified_time\" content=\"2020-06-05T20:12:40+00:00\" \/>\n<meta name=\"author\" content=\"mittlivsomprast\" \/>\n<meta name=\"twitter:card\" content=\"summary_large_image\" \/>\n<meta name=\"twitter:label1\" content=\"Skriven av\" \/>\n\t<meta name=\"twitter:data1\" content=\"mittlivsomprast\" \/>\n\t<meta name=\"twitter:label2\" content=\"Ber\u00e4knad l\u00e4stid\" \/>\n\t<meta name=\"twitter:data2\" content=\"2 minuter\" \/>\n<script type=\"application\/ld+json\" class=\"yoast-schema-graph\">{\"@context\":\"https:\/\/schema.org\",\"@graph\":[{\"@type\":\"Article\",\"@id\":\"https:\/\/blogg.svenskakyrkan.se\/mittlivsomprast\/2020\/06\/05\/att-se-pa-varandra-med-guds-blick\/#article\",\"isPartOf\":{\"@id\":\"https:\/\/blogg.svenskakyrkan.se\/mittlivsomprast\/2020\/06\/05\/att-se-pa-varandra-med-guds-blick\/\"},\"author\":{\"name\":\"mittlivsomprast\",\"@id\":\"https:\/\/blogg.svenskakyrkan.se\/mittlivsomprast\/#\/schema\/person\/0473aad3790cc4ff9e1649c1c3bf7ecd\"},\"headline\":\"Att se p\u00e5 varandra med Guds blick\",\"datePublished\":\"2020-06-05T20:12:39+00:00\",\"dateModified\":\"2020-06-05T20:12:40+00:00\",\"mainEntityOfPage\":{\"@id\":\"https:\/\/blogg.svenskakyrkan.se\/mittlivsomprast\/2020\/06\/05\/att-se-pa-varandra-med-guds-blick\/\"},\"wordCount\":473,\"commentCount\":0,\"inLanguage\":\"sv-SE\",\"potentialAction\":[{\"@type\":\"CommentAction\",\"name\":\"Comment\",\"target\":[\"https:\/\/blogg.svenskakyrkan.se\/mittlivsomprast\/2020\/06\/05\/att-se-pa-varandra-med-guds-blick\/#respond\"]}]},{\"@type\":\"WebPage\",\"@id\":\"https:\/\/blogg.svenskakyrkan.se\/mittlivsomprast\/2020\/06\/05\/att-se-pa-varandra-med-guds-blick\/\",\"url\":\"https:\/\/blogg.svenskakyrkan.se\/mittlivsomprast\/2020\/06\/05\/att-se-pa-varandra-med-guds-blick\/\",\"name\":\"Att se p\u00e5 varandra med Guds blick - Mitt liv som pr\u00e4st\",\"isPartOf\":{\"@id\":\"https:\/\/blogg.svenskakyrkan.se\/mittlivsomprast\/#website\"},\"datePublished\":\"2020-06-05T20:12:39+00:00\",\"dateModified\":\"2020-06-05T20:12:40+00:00\",\"author\":{\"@id\":\"https:\/\/blogg.svenskakyrkan.se\/mittlivsomprast\/#\/schema\/person\/0473aad3790cc4ff9e1649c1c3bf7ecd\"},\"breadcrumb\":{\"@id\":\"https:\/\/blogg.svenskakyrkan.se\/mittlivsomprast\/2020\/06\/05\/att-se-pa-varandra-med-guds-blick\/#breadcrumb\"},\"inLanguage\":\"sv-SE\",\"potentialAction\":[{\"@type\":\"ReadAction\",\"target\":[\"https:\/\/blogg.svenskakyrkan.se\/mittlivsomprast\/2020\/06\/05\/att-se-pa-varandra-med-guds-blick\/\"]}]},{\"@type\":\"BreadcrumbList\",\"@id\":\"https:\/\/blogg.svenskakyrkan.se\/mittlivsomprast\/2020\/06\/05\/att-se-pa-varandra-med-guds-blick\/#breadcrumb\",\"itemListElement\":[{\"@type\":\"ListItem\",\"position\":1,\"name\":\"Hem\",\"item\":\"https:\/\/blogg.svenskakyrkan.se\/mittlivsomprast\/\"},{\"@type\":\"ListItem\",\"position\":2,\"name\":\"Att se p\u00e5 varandra med Guds blick\"}]},{\"@type\":\"WebSite\",\"@id\":\"https:\/\/blogg.svenskakyrkan.se\/mittlivsomprast\/#website\",\"url\":\"https:\/\/blogg.svenskakyrkan.se\/mittlivsomprast\/\",\"name\":\"Mitt liv som pr\u00e4st\",\"description\":\"M\u00e4nniska. Morsa. Pr\u00e4st. I den ordningen.\",\"potentialAction\":[{\"@type\":\"SearchAction\",\"target\":{\"@type\":\"EntryPoint\",\"urlTemplate\":\"https:\/\/blogg.svenskakyrkan.se\/mittlivsomprast\/?s={search_term_string}\"},\"query-input\":{\"@type\":\"PropertyValueSpecification\",\"valueRequired\":true,\"valueName\":\"search_term_string\"}}],\"inLanguage\":\"sv-SE\"},{\"@type\":\"Person\",\"@id\":\"https:\/\/blogg.svenskakyrkan.se\/mittlivsomprast\/#\/schema\/person\/0473aad3790cc4ff9e1649c1c3bf7ecd\",\"name\":\"mittlivsomprast\",\"image\":{\"@type\":\"ImageObject\",\"inLanguage\":\"sv-SE\",\"@id\":\"https:\/\/blogg.svenskakyrkan.se\/mittlivsomprast\/#\/schema\/person\/image\/\",\"url\":\"https:\/\/secure.gravatar.com\/avatar\/141dab46d1d92e1e39f0c75a179413f3aea45ce97940378761c3263f4e82b8ac?s=96&d=mm&r=g\",\"contentUrl\":\"https:\/\/secure.gravatar.com\/avatar\/141dab46d1d92e1e39f0c75a179413f3aea45ce97940378761c3263f4e82b8ac?s=96&d=mm&r=g\",\"caption\":\"mittlivsomprast\"},\"description\":\"M\u00e4nniska. Morsa. Pr\u00e4st. I den ordningen.\",\"url\":\"https:\/\/blogg.svenskakyrkan.se\/mittlivsomprast\/author\/mittliivsomprast\/\"}]}<\/script>\n<!-- \/ Yoast SEO plugin. -->","yoast_head_json":{"title":"Att se p\u00e5 varandra med Guds blick - Mitt liv som pr\u00e4st","robots":{"index":"index","follow":"follow","max-snippet":"max-snippet:-1","max-image-preview":"max-image-preview:large","max-video-preview":"max-video-preview:-1"},"canonical":"https:\/\/blogg.svenskakyrkan.se\/mittlivsomprast\/2020\/06\/05\/att-se-pa-varandra-med-guds-blick\/","og_locale":"sv_SE","og_type":"article","og_title":"Att se p\u00e5 varandra med Guds blick - Mitt liv som pr\u00e4st","og_description":"Jag sitter i soffan med datorn i kn\u00e4t. Arbetsdagen har g\u00e5tt \u00f6ver i sen kv\u00e4ll men jag har kvar att formulera mig till en predikan. Den ska handla om Heliga trefaldighets dag. Ni vet det d\u00e4r som pr\u00e4sten brukar s\u00e4ga: \u201dI Fadrens och Sonens och den helige Andes namn.\u201d&nbsp;En treenig Gud som visat sina olika [&hellip;]","og_url":"https:\/\/blogg.svenskakyrkan.se\/mittlivsomprast\/2020\/06\/05\/att-se-pa-varandra-med-guds-blick\/","og_site_name":"Mitt liv som pr\u00e4st","article_published_time":"2020-06-05T20:12:39+00:00","article_modified_time":"2020-06-05T20:12:40+00:00","author":"mittlivsomprast","twitter_card":"summary_large_image","twitter_misc":{"Skriven av":"mittlivsomprast","Ber\u00e4knad l\u00e4stid":"2 minuter"},"schema":{"@context":"https:\/\/schema.org","@graph":[{"@type":"Article","@id":"https:\/\/blogg.svenskakyrkan.se\/mittlivsomprast\/2020\/06\/05\/att-se-pa-varandra-med-guds-blick\/#article","isPartOf":{"@id":"https:\/\/blogg.svenskakyrkan.se\/mittlivsomprast\/2020\/06\/05\/att-se-pa-varandra-med-guds-blick\/"},"author":{"name":"mittlivsomprast","@id":"https:\/\/blogg.svenskakyrkan.se\/mittlivsomprast\/#\/schema\/person\/0473aad3790cc4ff9e1649c1c3bf7ecd"},"headline":"Att se p\u00e5 varandra med Guds blick","datePublished":"2020-06-05T20:12:39+00:00","dateModified":"2020-06-05T20:12:40+00:00","mainEntityOfPage":{"@id":"https:\/\/blogg.svenskakyrkan.se\/mittlivsomprast\/2020\/06\/05\/att-se-pa-varandra-med-guds-blick\/"},"wordCount":473,"commentCount":0,"inLanguage":"sv-SE","potentialAction":[{"@type":"CommentAction","name":"Comment","target":["https:\/\/blogg.svenskakyrkan.se\/mittlivsomprast\/2020\/06\/05\/att-se-pa-varandra-med-guds-blick\/#respond"]}]},{"@type":"WebPage","@id":"https:\/\/blogg.svenskakyrkan.se\/mittlivsomprast\/2020\/06\/05\/att-se-pa-varandra-med-guds-blick\/","url":"https:\/\/blogg.svenskakyrkan.se\/mittlivsomprast\/2020\/06\/05\/att-se-pa-varandra-med-guds-blick\/","name":"Att se p\u00e5 varandra med Guds blick - Mitt liv som pr\u00e4st","isPartOf":{"@id":"https:\/\/blogg.svenskakyrkan.se\/mittlivsomprast\/#website"},"datePublished":"2020-06-05T20:12:39+00:00","dateModified":"2020-06-05T20:12:40+00:00","author":{"@id":"https:\/\/blogg.svenskakyrkan.se\/mittlivsomprast\/#\/schema\/person\/0473aad3790cc4ff9e1649c1c3bf7ecd"},"breadcrumb":{"@id":"https:\/\/blogg.svenskakyrkan.se\/mittlivsomprast\/2020\/06\/05\/att-se-pa-varandra-med-guds-blick\/#breadcrumb"},"inLanguage":"sv-SE","potentialAction":[{"@type":"ReadAction","target":["https:\/\/blogg.svenskakyrkan.se\/mittlivsomprast\/2020\/06\/05\/att-se-pa-varandra-med-guds-blick\/"]}]},{"@type":"BreadcrumbList","@id":"https:\/\/blogg.svenskakyrkan.se\/mittlivsomprast\/2020\/06\/05\/att-se-pa-varandra-med-guds-blick\/#breadcrumb","itemListElement":[{"@type":"ListItem","position":1,"name":"Hem","item":"https:\/\/blogg.svenskakyrkan.se\/mittlivsomprast\/"},{"@type":"ListItem","position":2,"name":"Att se p\u00e5 varandra med Guds blick"}]},{"@type":"WebSite","@id":"https:\/\/blogg.svenskakyrkan.se\/mittlivsomprast\/#website","url":"https:\/\/blogg.svenskakyrkan.se\/mittlivsomprast\/","name":"Mitt liv som pr\u00e4st","description":"M\u00e4nniska. Morsa. Pr\u00e4st. I den ordningen.","potentialAction":[{"@type":"SearchAction","target":{"@type":"EntryPoint","urlTemplate":"https:\/\/blogg.svenskakyrkan.se\/mittlivsomprast\/?s={search_term_string}"},"query-input":{"@type":"PropertyValueSpecification","valueRequired":true,"valueName":"search_term_string"}}],"inLanguage":"sv-SE"},{"@type":"Person","@id":"https:\/\/blogg.svenskakyrkan.se\/mittlivsomprast\/#\/schema\/person\/0473aad3790cc4ff9e1649c1c3bf7ecd","name":"mittlivsomprast","image":{"@type":"ImageObject","inLanguage":"sv-SE","@id":"https:\/\/blogg.svenskakyrkan.se\/mittlivsomprast\/#\/schema\/person\/image\/","url":"https:\/\/secure.gravatar.com\/avatar\/141dab46d1d92e1e39f0c75a179413f3aea45ce97940378761c3263f4e82b8ac?s=96&d=mm&r=g","contentUrl":"https:\/\/secure.gravatar.com\/avatar\/141dab46d1d92e1e39f0c75a179413f3aea45ce97940378761c3263f4e82b8ac?s=96&d=mm&r=g","caption":"mittlivsomprast"},"description":"M\u00e4nniska. Morsa. Pr\u00e4st. I den ordningen.","url":"https:\/\/blogg.svenskakyrkan.se\/mittlivsomprast\/author\/mittliivsomprast\/"}]}},"author_meta":{"ID":"596","user_nicename":"mittliivsomprast","user_registered":"2016-10-07 12:48:49","display_name":"mittlivsomprast","first_name":"Katarina","last_name":"Johansson","avatar":"https:\/\/blogg.svenskakyrkan.se\/mittlivsomprast\/files\/2023\/05\/KJ-tatoo-sv-150x150.jpeg"},"featured_image":false,"bloginfo":{"name":"Mitt liv som pr\u00e4st","url":"https:\/\/blogg.svenskakyrkan.se\/mittlivsomprast"},"_links":{"self":[{"href":"https:\/\/blogg.svenskakyrkan.se\/mittlivsomprast\/wp-json\/wp\/v2\/posts\/521","targetHints":{"allow":["GET"]}}],"collection":[{"href":"https:\/\/blogg.svenskakyrkan.se\/mittlivsomprast\/wp-json\/wp\/v2\/posts"}],"about":[{"href":"https:\/\/blogg.svenskakyrkan.se\/mittlivsomprast\/wp-json\/wp\/v2\/types\/post"}],"author":[{"embeddable":true,"href":"https:\/\/blogg.svenskakyrkan.se\/mittlivsomprast\/wp-json\/wp\/v2\/users\/596"}],"replies":[{"embeddable":true,"href":"https:\/\/blogg.svenskakyrkan.se\/mittlivsomprast\/wp-json\/wp\/v2\/comments?post=521"}],"version-history":[{"count":4,"href":"https:\/\/blogg.svenskakyrkan.se\/mittlivsomprast\/wp-json\/wp\/v2\/posts\/521\/revisions"}],"predecessor-version":[{"id":526,"href":"https:\/\/blogg.svenskakyrkan.se\/mittlivsomprast\/wp-json\/wp\/v2\/posts\/521\/revisions\/526"}],"wp:attachment":[{"href":"https:\/\/blogg.svenskakyrkan.se\/mittlivsomprast\/wp-json\/wp\/v2\/media?parent=521"}],"wp:term":[{"taxonomy":"category","embeddable":true,"href":"https:\/\/blogg.svenskakyrkan.se\/mittlivsomprast\/wp-json\/wp\/v2\/categories?post=521"},{"taxonomy":"post_tag","embeddable":true,"href":"https:\/\/blogg.svenskakyrkan.se\/mittlivsomprast\/wp-json\/wp\/v2\/tags?post=521"}],"curies":[{"name":"wp","href":"https:\/\/api.w.org\/{rel}","templated":true}]}}