{"id":538,"date":"2023-05-17T16:28:15","date_gmt":"2023-05-17T14:28:15","guid":{"rendered":"https:\/\/blogg.svenskakyrkan.se\/mittlivsomprast\/?p=538"},"modified":"2023-05-26T17:44:21","modified_gmt":"2023-05-26T15:44:21","slug":"tro-och-hoppas-och-spara-en-kottbulle","status":"publish","type":"post","link":"https:\/\/blogg.svenskakyrkan.se\/mittlivsomprast\/2023\/05\/17\/tro-och-hoppas-och-spara-en-kottbulle\/","title":{"rendered":"Tro och hoppas och spara en k\u00f6ttbulle"},"content":{"rendered":"\n<p>F\u00f6rsta g\u00e5ngen Lillebror tr\u00e4ffar Karlsson p\u00e5 taket, i Astrid Lindgrens ber\u00e4ttelse,  blir han s\u00e5klart hemskt f\u00f6rv\u00e5nad. Vem kunde tro att Karlsson fanns? Kunna flyga och allting? Och dom har v\u00e4ldigt roligt tillsammans! Men s\u00e5 ska lillebror \u00e4ta middag. K\u00f6ttbullar blir det, ropar mamma. Karlsson vill ocks\u00e5 ha och Lillebror sitter i k\u00f6ket med familjen ber\u00e4ttar glatt om sin nya v\u00e4n som han \u00e4r s\u00e5 glad f\u00f6r. De andra tror inte p\u00e5 honom det l\u00e5ter lite f\u00f6r bra f\u00f6r att vara sant. Stora syster Bettan s\u00e4ger att den d\u00e4r Karlsson han \u00e4r bara ett p\u00e5hitt. D\u00e5 gr\u00e5ter lillebror argt. <br>-&#8221;Han \u00e4r visst inget p\u00e5hitt!&#8221; S\u00e5 f\u00e5r han ett par k\u00f6ttbullar p\u00e5 ett tefat av mamma att ta med till Karlsson. Men n\u00e4r han kommer tillbaka till sitt rum s\u00e5 \u00e4r rummet tomt. Karlsson \u00e4r borta. Men han har lovat att komma tillbaka. <\/p>\n\n\n\n<figure class=\"wp-block-image size-large\"><a href=\"https:\/\/blogg.svenskakyrkan.se\/mittlivsomprast\/files\/2023\/05\/kottbulle-1.jpeg\"><img loading=\"lazy\" decoding=\"async\" width=\"768\" height=\"1024\" src=\"https:\/\/blogg.svenskakyrkan.se\/mittlivsomprast\/files\/2023\/05\/kottbulle-1-768x1024.jpeg\" alt=\"\" class=\"wp-image-541\" srcset=\"https:\/\/blogg.svenskakyrkan.se\/mittlivsomprast\/files\/2023\/05\/kottbulle-1-768x1023.jpeg 768w, https:\/\/blogg.svenskakyrkan.se\/mittlivsomprast\/files\/2023\/05\/kottbulle-1-225x300.jpeg 225w, https:\/\/blogg.svenskakyrkan.se\/mittlivsomprast\/files\/2023\/05\/kottbulle-1-1153x1536.jpeg 1153w, https:\/\/blogg.svenskakyrkan.se\/mittlivsomprast\/files\/2023\/05\/kottbulle-1-1537x2048.jpeg 1537w, https:\/\/blogg.svenskakyrkan.se\/mittlivsomprast\/files\/2023\/05\/kottbulle-1-1200x1599.jpeg 1200w, https:\/\/blogg.svenskakyrkan.se\/mittlivsomprast\/files\/2023\/05\/kottbulle-1.jpeg 1816w\" sizes=\"auto, (max-width: 768px) 100vw, 768px\" \/><\/a><\/figure>\n\n\n\n<p>L\u00e4nge sitter Lillebror i f\u00f6nstret och tittar mot himlen. L\u00e4ngtar och v\u00e4ntar p\u00e5 att Karlsson ska komma tillbaka. Men tiden g\u00e5r och han kommer inte. Till slut \u00e4ter lillebror sj\u00e4lv upp k\u00f6ttbullarna som blivit kalla p\u00e5 tallriken. Han slutar titta ut. Och sen slutar han v\u00e4nta.<\/p>\n\n\n\n<p>Flera dagar senare h\u00f6rs ett surr! <br>-&#8221;Hejsan hoppsan lillebror&#8221;, ropar Karlsson var \u00e4r mina k\u00f6ttbullar?! Lillebror blir glad! Men s\u00e5 f\u00e5r han ocks\u00e5 ber\u00e4tta att n\u00e5gra k\u00f6ttbullar&#8230; ja, dom finns ju inte kvar. <br>-&#8221;Jag trodde inte du skulle komma tillbaka&#8221;, s\u00e4ger Lillebror.<\/p>\n\n\n\n<p>D\u00e5 l\u00e4gger Karlsson huvudet p\u00e5 sned och s\u00e4ger med gr\u00e5ten i halsen:<br>-&#8221;\u00c5h, Lillebror. Du kunde v\u00e4l hoppats? Du kunde v\u00e4l hoppats att jag skulle komma tillbaka?!&#8221;<\/p>\n\n\n\n<p>Idag p\u00e5 Kristi himmelsf\u00e4rd s\u00e5 t\u00e4nker jag att den h\u00e4r ber\u00e4ttelsen s\u00e4ger oss en del om hur kanske b\u00e5de l\u00e4rjungarna och vi k\u00e4nner det. Dom var glada \u00f6ver sitt m\u00f6te och sin tid med Jesus. Dom ville g\u00e4rna ber\u00e4tta f\u00f6r andra. Men alla blev inte \u00f6vertygade. En del trodde att han var ett p\u00e5hitt och f\u00f6r bra f\u00f6r att vara sann. Kanske k\u00e4nner vi igen oss i det ocks\u00e5? Vi som tror och som upplever att vi har m\u00f6tt och f\u00e5tt erfara Guds n\u00e4rvaro p\u00e5 n\u00e5got s\u00e4tt \u2013 hur kan vi ber\u00e4tta om det f\u00f6r andra s\u00e5 att det \u00f6vertygar? Att dom inte bara skrattar \u00e5t oss och s\u00e4ger att den d\u00e4r Jesus, han \u00e4r lika p\u00e5hittad som Karlsson p\u00e5 taket. Som faktiskt <em>\u00e4r<\/em> ett p\u00e5hitt!<\/p>\n\n\n\n<p>Det finns en po\u00e4ng att ha utomhus gudstj\u00e4nst idag, inte alls bara f\u00f6r att v\u00e5ren b\u00f6rjar och det \u00e4r h\u00e4rligt \u2013 eller risk f\u00f6r sn\u00f6blandat regn eftersom vi \u00e4nd\u00e5 bor p\u00e5 v\u00e4stkusten. Vi st\u00e5r under \u00f6ppen himmel och kan n\u00e4stan k\u00e4nna om vi b\u00f6jer bak nacken att s\u00e5 h\u00e4r stod l\u00e4rjungarna och tittade. Efter Jesus. Hur l\u00e4nge dr\u00f6jde det innan de b\u00f6rjade pratat med varandra. Innan de packade ihop och gick hem. Innan de gjorde som han sa och b\u00f6rjade g\u00e5 ut\u2026 d\u00f6pa, undervisa och leva i l\u00f6ftet om att han \u00e4r med alla dagar.<\/p>\n\n\n\n<figure class=\"wp-block-image size-large\"><a href=\"https:\/\/blogg.svenskakyrkan.se\/mittlivsomprast\/files\/2023\/05\/himmel-1.jpeg\"><img loading=\"lazy\" decoding=\"async\" width=\"768\" height=\"1024\" src=\"https:\/\/blogg.svenskakyrkan.se\/mittlivsomprast\/files\/2023\/05\/himmel-1-768x1024.jpeg\" alt=\"\" class=\"wp-image-542\" srcset=\"https:\/\/blogg.svenskakyrkan.se\/mittlivsomprast\/files\/2023\/05\/himmel-1-768x1023.jpeg 768w, https:\/\/blogg.svenskakyrkan.se\/mittlivsomprast\/files\/2023\/05\/himmel-1-225x300.jpeg 225w, https:\/\/blogg.svenskakyrkan.se\/mittlivsomprast\/files\/2023\/05\/himmel-1-1153x1536.jpeg 1153w, https:\/\/blogg.svenskakyrkan.se\/mittlivsomprast\/files\/2023\/05\/himmel-1-1537x2048.jpeg 1537w, https:\/\/blogg.svenskakyrkan.se\/mittlivsomprast\/files\/2023\/05\/himmel-1-1200x1599.jpeg 1200w, https:\/\/blogg.svenskakyrkan.se\/mittlivsomprast\/files\/2023\/05\/himmel-1.jpeg 1816w\" sizes=\"auto, (max-width: 768px) 100vw, 768px\" \/><\/a><\/figure>\n\n\n\n<p>Ganska snart tror jag. F\u00f6r dom trodde ocks\u00e5 att dom hade ganska br\u00e5ttom. Det f\u00f6rsta kristna &#8211; f\u00f6rst\u00e5r vi av flera texter \u2013 trodde att Jesus skulle komma tillbaka snart. Kanske om n\u00e5gra veckor. Ett par \u00e5r. eller n\u00e5gra. Men s\u00e5 gick tiden. Och ingen Jesus kom. Man b\u00f6rjade permanenta undervisningen, tr\u00e4ffarna och dopen. Byggde kyrkor och den kristna tron gick fr\u00e5n att vara en missionsr\u00f6relse i samh\u00e4llets utkant till att bli etablerad, i samarbete med kungar och makt. Och tv\u00e5 tusen \u00e5r senare st\u00e5r vi h\u00e4r. Med blicken v\u00e4nd mot skyn, nacken stel och v\u00e4ntar fortfarande. Eller g\u00f6r vi det? Vi d\u00f6per och vi undervisar. Vi firar gudstj\u00e4nst och vi talar med varandra om Jesus. P\u00e5minner oss om att leva i l\u00f6ftet \u2013 jag \u00e4r med er alla dagar till tidens slut. Men v\u00e4ntar vi verkligen? R\u00e4knar du, med att Jesus kommer tillbaka? Vilken dag som helst? Eller t\u00e4nker vi att eftersom det g\u00e5tt s\u00e5 l\u00e5ng tid nu, kanske det \u00e4r dags att sluta v\u00e4nta.<\/p>\n\n\n\n<p>-&#8221;Nej, tv\u00e4rtom!&#8221;, s\u00e4ger jag. &#8221;Nu \u00e4r det ju n\u00e4rmare \u00e4n n\u00e5nsin vad det har varit. Och nu \u00e4nnu n\u00e4rmare!&#8221;<\/p>\n\n\n\n<p>Att vi tror p\u00e5 en Jesus som \u00e4r levande och som har vandrat omkring h\u00e4r p\u00e5 jorden, som har d\u00f6tt och uppst\u00e5tt! Som har farit upp till himlen -men som har lovat att komma tillbaka och som, har lovat att vara med oss alla dagar under tiden genom, sin helige ande&#8230; jamen h\u00e4r \u00e4r ju inget att tveka p\u00e5! Det \u00e4r ju bara att s\u00e4tta ig\u00e5ng. V\u00e4nta o l\u00e4ngta o HOPPAS! Hoppas att Jesus kommer snart och t\u00e4nka att det \u00e4r en gl\u00e4dje i det! Att vi har mycket att g\u00f6ra under tiden, att ber\u00e4tta och undervisa och vara Jesu h\u00e4nder och f\u00f6tter h\u00e4r p\u00e5 jorden under tiden! Och v\u00e4nta med hopp och stor f\u00f6rv\u00e4ntan!<\/p>\n\n\n\n<p><em>S\u00e5 att vi inte<\/em> st\u00e5r d\u00e4r en dag n\u00e4r Jesus kommer. Med sk\u00e4gget i brevl\u00e5dan, mitt i k\u00f6ksrenoveringen eller golfrundan eller vad vi nu t\u00e4nker \u00e4r viktigt\u2026som om vi planerade f\u00f6r en evighet h\u00e4r p\u00e5 jorden.<\/p>\n\n\n\n<p>Och yrvaket s\u00e4ger\u2026 Jesus?! Kommer du nu?! Vi hade v\u00e4ntat s\u00e5 l\u00e4nge. S\u00e5 vi inte trodde du skulle komma.<\/p>\n\n\n\n<p>Och Jesus l\u00e4gger huvudet p\u00e5 sned.. och s\u00e4ger lite sorgset, men med stor k\u00e4rlek:<br>-&#8221;Ni kunde v\u00e4l hoppats? Ni kunde v\u00e4l hoppats att jag skulle komma tillbaka?!&#8221;<\/p>\n\n\n\n<p><em>Katarina <\/em><\/p>\n","protected":false},"excerpt":{"rendered":"<p>F\u00f6rsta g\u00e5ngen Lillebror tr\u00e4ffar Karlsson p\u00e5 taket, i Astrid Lindgrens ber\u00e4ttelse, blir han s\u00e5klart hemskt f\u00f6rv\u00e5nad. Vem kunde tro att Karlsson fanns? Kunna flyga och allting? Och dom har v\u00e4ldigt roligt tillsammans! Men s\u00e5 ska lillebror \u00e4ta middag. K\u00f6ttbullar blir det, ropar mamma. Karlsson vill ocks\u00e5 ha och Lillebror sitter i k\u00f6ket med familjen ber\u00e4ttar [&hellip;]<\/p>\n","protected":false},"author":596,"featured_media":540,"comment_status":"open","ping_status":"open","sticky":true,"template":"","format":"standard","meta":{"_acf_changed":false,"footnotes":""},"categories":[9],"tags":[],"class_list":["post-538","post","type-post","status-publish","format-standard","has-post-thumbnail","hentry","category-okategoriserade"],"acf":[],"yoast_head":"<!-- This site is optimized with the Yoast SEO plugin v27.1.1 - https:\/\/yoast.com\/product\/yoast-seo-wordpress\/ -->\n<title>Tro och hoppas och spara en k\u00f6ttbulle - Mitt liv som pr\u00e4st<\/title>\n<meta name=\"robots\" content=\"index, follow, max-snippet:-1, max-image-preview:large, max-video-preview:-1\" \/>\n<link rel=\"canonical\" href=\"https:\/\/blogg.svenskakyrkan.se\/mittlivsomprast\/2023\/05\/17\/tro-och-hoppas-och-spara-en-kottbulle\/\" \/>\n<meta property=\"og:locale\" content=\"sv_SE\" \/>\n<meta property=\"og:type\" content=\"article\" \/>\n<meta property=\"og:title\" content=\"Tro och hoppas och spara en k\u00f6ttbulle - Mitt liv som pr\u00e4st\" \/>\n<meta property=\"og:description\" content=\"F\u00f6rsta g\u00e5ngen Lillebror tr\u00e4ffar Karlsson p\u00e5 taket, i Astrid Lindgrens ber\u00e4ttelse, blir han s\u00e5klart hemskt f\u00f6rv\u00e5nad. Vem kunde tro att Karlsson fanns? Kunna flyga och allting? Och dom har v\u00e4ldigt roligt tillsammans! Men s\u00e5 ska lillebror \u00e4ta middag. K\u00f6ttbullar blir det, ropar mamma. Karlsson vill ocks\u00e5 ha och Lillebror sitter i k\u00f6ket med familjen ber\u00e4ttar [&hellip;]\" \/>\n<meta property=\"og:url\" content=\"https:\/\/blogg.svenskakyrkan.se\/mittlivsomprast\/2023\/05\/17\/tro-och-hoppas-och-spara-en-kottbulle\/\" \/>\n<meta property=\"og:site_name\" content=\"Mitt liv som pr\u00e4st\" \/>\n<meta property=\"article:published_time\" content=\"2023-05-17T14:28:15+00:00\" \/>\n<meta property=\"article:modified_time\" content=\"2023-05-26T15:44:21+00:00\" \/>\n<meta property=\"og:image\" content=\"http:\/\/blogg.svenskakyrkan.se\/mittlivsomprast\/files\/2023\/05\/himmel-768x1024.jpeg\" \/>\n\t<meta property=\"og:image:width\" content=\"768\" \/>\n\t<meta property=\"og:image:height\" content=\"1024\" \/>\n\t<meta property=\"og:image:type\" content=\"image\/jpeg\" \/>\n<meta name=\"author\" content=\"mittlivsomprast\" \/>\n<meta name=\"twitter:card\" content=\"summary_large_image\" \/>\n<meta name=\"twitter:label1\" content=\"Skriven av\" \/>\n\t<meta name=\"twitter:data1\" content=\"mittlivsomprast\" \/>\n\t<meta name=\"twitter:label2\" content=\"Ber\u00e4knad l\u00e4stid\" \/>\n\t<meta name=\"twitter:data2\" content=\"5 minuter\" \/>\n<script type=\"application\/ld+json\" class=\"yoast-schema-graph\">{\"@context\":\"https:\/\/schema.org\",\"@graph\":[{\"@type\":\"Article\",\"@id\":\"https:\/\/blogg.svenskakyrkan.se\/mittlivsomprast\/2023\/05\/17\/tro-och-hoppas-och-spara-en-kottbulle\/#article\",\"isPartOf\":{\"@id\":\"https:\/\/blogg.svenskakyrkan.se\/mittlivsomprast\/2023\/05\/17\/tro-och-hoppas-och-spara-en-kottbulle\/\"},\"author\":{\"name\":\"mittlivsomprast\",\"@id\":\"https:\/\/blogg.svenskakyrkan.se\/mittlivsomprast\/#\/schema\/person\/0473aad3790cc4ff9e1649c1c3bf7ecd\"},\"headline\":\"Tro och hoppas och spara en k\u00f6ttbulle\",\"datePublished\":\"2023-05-17T14:28:15+00:00\",\"dateModified\":\"2023-05-26T15:44:21+00:00\",\"mainEntityOfPage\":{\"@id\":\"https:\/\/blogg.svenskakyrkan.se\/mittlivsomprast\/2023\/05\/17\/tro-och-hoppas-och-spara-en-kottbulle\/\"},\"wordCount\":1030,\"commentCount\":1,\"image\":{\"@id\":\"https:\/\/blogg.svenskakyrkan.se\/mittlivsomprast\/2023\/05\/17\/tro-och-hoppas-och-spara-en-kottbulle\/#primaryimage\"},\"thumbnailUrl\":\"https:\/\/blogg.svenskakyrkan.se\/mittlivsomprast\/files\/2023\/05\/himmel.jpeg\",\"inLanguage\":\"sv-SE\",\"potentialAction\":[{\"@type\":\"CommentAction\",\"name\":\"Comment\",\"target\":[\"https:\/\/blogg.svenskakyrkan.se\/mittlivsomprast\/2023\/05\/17\/tro-och-hoppas-och-spara-en-kottbulle\/#respond\"]}]},{\"@type\":\"WebPage\",\"@id\":\"https:\/\/blogg.svenskakyrkan.se\/mittlivsomprast\/2023\/05\/17\/tro-och-hoppas-och-spara-en-kottbulle\/\",\"url\":\"https:\/\/blogg.svenskakyrkan.se\/mittlivsomprast\/2023\/05\/17\/tro-och-hoppas-och-spara-en-kottbulle\/\",\"name\":\"Tro och hoppas och spara en k\u00f6ttbulle - Mitt liv som pr\u00e4st\",\"isPartOf\":{\"@id\":\"https:\/\/blogg.svenskakyrkan.se\/mittlivsomprast\/#website\"},\"primaryImageOfPage\":{\"@id\":\"https:\/\/blogg.svenskakyrkan.se\/mittlivsomprast\/2023\/05\/17\/tro-och-hoppas-och-spara-en-kottbulle\/#primaryimage\"},\"image\":{\"@id\":\"https:\/\/blogg.svenskakyrkan.se\/mittlivsomprast\/2023\/05\/17\/tro-och-hoppas-och-spara-en-kottbulle\/#primaryimage\"},\"thumbnailUrl\":\"https:\/\/blogg.svenskakyrkan.se\/mittlivsomprast\/files\/2023\/05\/himmel.jpeg\",\"datePublished\":\"2023-05-17T14:28:15+00:00\",\"dateModified\":\"2023-05-26T15:44:21+00:00\",\"author\":{\"@id\":\"https:\/\/blogg.svenskakyrkan.se\/mittlivsomprast\/#\/schema\/person\/0473aad3790cc4ff9e1649c1c3bf7ecd\"},\"breadcrumb\":{\"@id\":\"https:\/\/blogg.svenskakyrkan.se\/mittlivsomprast\/2023\/05\/17\/tro-och-hoppas-och-spara-en-kottbulle\/#breadcrumb\"},\"inLanguage\":\"sv-SE\",\"potentialAction\":[{\"@type\":\"ReadAction\",\"target\":[\"https:\/\/blogg.svenskakyrkan.se\/mittlivsomprast\/2023\/05\/17\/tro-och-hoppas-och-spara-en-kottbulle\/\"]}]},{\"@type\":\"ImageObject\",\"inLanguage\":\"sv-SE\",\"@id\":\"https:\/\/blogg.svenskakyrkan.se\/mittlivsomprast\/2023\/05\/17\/tro-och-hoppas-och-spara-en-kottbulle\/#primaryimage\",\"url\":\"https:\/\/blogg.svenskakyrkan.se\/mittlivsomprast\/files\/2023\/05\/himmel.jpeg\",\"contentUrl\":\"https:\/\/blogg.svenskakyrkan.se\/mittlivsomprast\/files\/2023\/05\/himmel.jpeg\",\"width\":1816,\"height\":2420},{\"@type\":\"BreadcrumbList\",\"@id\":\"https:\/\/blogg.svenskakyrkan.se\/mittlivsomprast\/2023\/05\/17\/tro-och-hoppas-och-spara-en-kottbulle\/#breadcrumb\",\"itemListElement\":[{\"@type\":\"ListItem\",\"position\":1,\"name\":\"Hem\",\"item\":\"https:\/\/blogg.svenskakyrkan.se\/mittlivsomprast\/\"},{\"@type\":\"ListItem\",\"position\":2,\"name\":\"Tro och hoppas och spara en k\u00f6ttbulle\"}]},{\"@type\":\"WebSite\",\"@id\":\"https:\/\/blogg.svenskakyrkan.se\/mittlivsomprast\/#website\",\"url\":\"https:\/\/blogg.svenskakyrkan.se\/mittlivsomprast\/\",\"name\":\"Mitt liv som pr\u00e4st\",\"description\":\"M\u00e4nniska. Morsa. Pr\u00e4st. I den ordningen.\",\"potentialAction\":[{\"@type\":\"SearchAction\",\"target\":{\"@type\":\"EntryPoint\",\"urlTemplate\":\"https:\/\/blogg.svenskakyrkan.se\/mittlivsomprast\/?s={search_term_string}\"},\"query-input\":{\"@type\":\"PropertyValueSpecification\",\"valueRequired\":true,\"valueName\":\"search_term_string\"}}],\"inLanguage\":\"sv-SE\"},{\"@type\":\"Person\",\"@id\":\"https:\/\/blogg.svenskakyrkan.se\/mittlivsomprast\/#\/schema\/person\/0473aad3790cc4ff9e1649c1c3bf7ecd\",\"name\":\"mittlivsomprast\",\"image\":{\"@type\":\"ImageObject\",\"inLanguage\":\"sv-SE\",\"@id\":\"https:\/\/blogg.svenskakyrkan.se\/mittlivsomprast\/#\/schema\/person\/image\/\",\"url\":\"https:\/\/secure.gravatar.com\/avatar\/141dab46d1d92e1e39f0c75a179413f3aea45ce97940378761c3263f4e82b8ac?s=96&d=mm&r=g\",\"contentUrl\":\"https:\/\/secure.gravatar.com\/avatar\/141dab46d1d92e1e39f0c75a179413f3aea45ce97940378761c3263f4e82b8ac?s=96&d=mm&r=g\",\"caption\":\"mittlivsomprast\"},\"description\":\"M\u00e4nniska. Morsa. Pr\u00e4st. I den ordningen.\",\"url\":\"https:\/\/blogg.svenskakyrkan.se\/mittlivsomprast\/author\/mittliivsomprast\/\"}]}<\/script>\n<!-- \/ Yoast SEO plugin. -->","yoast_head_json":{"title":"Tro och hoppas och spara en k\u00f6ttbulle - Mitt liv som pr\u00e4st","robots":{"index":"index","follow":"follow","max-snippet":"max-snippet:-1","max-image-preview":"max-image-preview:large","max-video-preview":"max-video-preview:-1"},"canonical":"https:\/\/blogg.svenskakyrkan.se\/mittlivsomprast\/2023\/05\/17\/tro-och-hoppas-och-spara-en-kottbulle\/","og_locale":"sv_SE","og_type":"article","og_title":"Tro och hoppas och spara en k\u00f6ttbulle - Mitt liv som pr\u00e4st","og_description":"F\u00f6rsta g\u00e5ngen Lillebror tr\u00e4ffar Karlsson p\u00e5 taket, i Astrid Lindgrens ber\u00e4ttelse, blir han s\u00e5klart hemskt f\u00f6rv\u00e5nad. Vem kunde tro att Karlsson fanns? Kunna flyga och allting? Och dom har v\u00e4ldigt roligt tillsammans! Men s\u00e5 ska lillebror \u00e4ta middag. K\u00f6ttbullar blir det, ropar mamma. Karlsson vill ocks\u00e5 ha och Lillebror sitter i k\u00f6ket med familjen ber\u00e4ttar [&hellip;]","og_url":"https:\/\/blogg.svenskakyrkan.se\/mittlivsomprast\/2023\/05\/17\/tro-och-hoppas-och-spara-en-kottbulle\/","og_site_name":"Mitt liv som pr\u00e4st","article_published_time":"2023-05-17T14:28:15+00:00","article_modified_time":"2023-05-26T15:44:21+00:00","og_image":[{"width":768,"height":1024,"url":"http:\/\/blogg.svenskakyrkan.se\/mittlivsomprast\/files\/2023\/05\/himmel-768x1024.jpeg","type":"image\/jpeg"}],"author":"mittlivsomprast","twitter_card":"summary_large_image","twitter_misc":{"Skriven av":"mittlivsomprast","Ber\u00e4knad l\u00e4stid":"5 minuter"},"schema":{"@context":"https:\/\/schema.org","@graph":[{"@type":"Article","@id":"https:\/\/blogg.svenskakyrkan.se\/mittlivsomprast\/2023\/05\/17\/tro-och-hoppas-och-spara-en-kottbulle\/#article","isPartOf":{"@id":"https:\/\/blogg.svenskakyrkan.se\/mittlivsomprast\/2023\/05\/17\/tro-och-hoppas-och-spara-en-kottbulle\/"},"author":{"name":"mittlivsomprast","@id":"https:\/\/blogg.svenskakyrkan.se\/mittlivsomprast\/#\/schema\/person\/0473aad3790cc4ff9e1649c1c3bf7ecd"},"headline":"Tro och hoppas och spara en k\u00f6ttbulle","datePublished":"2023-05-17T14:28:15+00:00","dateModified":"2023-05-26T15:44:21+00:00","mainEntityOfPage":{"@id":"https:\/\/blogg.svenskakyrkan.se\/mittlivsomprast\/2023\/05\/17\/tro-och-hoppas-och-spara-en-kottbulle\/"},"wordCount":1030,"commentCount":1,"image":{"@id":"https:\/\/blogg.svenskakyrkan.se\/mittlivsomprast\/2023\/05\/17\/tro-och-hoppas-och-spara-en-kottbulle\/#primaryimage"},"thumbnailUrl":"https:\/\/blogg.svenskakyrkan.se\/mittlivsomprast\/files\/2023\/05\/himmel.jpeg","inLanguage":"sv-SE","potentialAction":[{"@type":"CommentAction","name":"Comment","target":["https:\/\/blogg.svenskakyrkan.se\/mittlivsomprast\/2023\/05\/17\/tro-och-hoppas-och-spara-en-kottbulle\/#respond"]}]},{"@type":"WebPage","@id":"https:\/\/blogg.svenskakyrkan.se\/mittlivsomprast\/2023\/05\/17\/tro-och-hoppas-och-spara-en-kottbulle\/","url":"https:\/\/blogg.svenskakyrkan.se\/mittlivsomprast\/2023\/05\/17\/tro-och-hoppas-och-spara-en-kottbulle\/","name":"Tro och hoppas och spara en k\u00f6ttbulle - Mitt liv som pr\u00e4st","isPartOf":{"@id":"https:\/\/blogg.svenskakyrkan.se\/mittlivsomprast\/#website"},"primaryImageOfPage":{"@id":"https:\/\/blogg.svenskakyrkan.se\/mittlivsomprast\/2023\/05\/17\/tro-och-hoppas-och-spara-en-kottbulle\/#primaryimage"},"image":{"@id":"https:\/\/blogg.svenskakyrkan.se\/mittlivsomprast\/2023\/05\/17\/tro-och-hoppas-och-spara-en-kottbulle\/#primaryimage"},"thumbnailUrl":"https:\/\/blogg.svenskakyrkan.se\/mittlivsomprast\/files\/2023\/05\/himmel.jpeg","datePublished":"2023-05-17T14:28:15+00:00","dateModified":"2023-05-26T15:44:21+00:00","author":{"@id":"https:\/\/blogg.svenskakyrkan.se\/mittlivsomprast\/#\/schema\/person\/0473aad3790cc4ff9e1649c1c3bf7ecd"},"breadcrumb":{"@id":"https:\/\/blogg.svenskakyrkan.se\/mittlivsomprast\/2023\/05\/17\/tro-och-hoppas-och-spara-en-kottbulle\/#breadcrumb"},"inLanguage":"sv-SE","potentialAction":[{"@type":"ReadAction","target":["https:\/\/blogg.svenskakyrkan.se\/mittlivsomprast\/2023\/05\/17\/tro-och-hoppas-och-spara-en-kottbulle\/"]}]},{"@type":"ImageObject","inLanguage":"sv-SE","@id":"https:\/\/blogg.svenskakyrkan.se\/mittlivsomprast\/2023\/05\/17\/tro-och-hoppas-och-spara-en-kottbulle\/#primaryimage","url":"https:\/\/blogg.svenskakyrkan.se\/mittlivsomprast\/files\/2023\/05\/himmel.jpeg","contentUrl":"https:\/\/blogg.svenskakyrkan.se\/mittlivsomprast\/files\/2023\/05\/himmel.jpeg","width":1816,"height":2420},{"@type":"BreadcrumbList","@id":"https:\/\/blogg.svenskakyrkan.se\/mittlivsomprast\/2023\/05\/17\/tro-och-hoppas-och-spara-en-kottbulle\/#breadcrumb","itemListElement":[{"@type":"ListItem","position":1,"name":"Hem","item":"https:\/\/blogg.svenskakyrkan.se\/mittlivsomprast\/"},{"@type":"ListItem","position":2,"name":"Tro och hoppas och spara en k\u00f6ttbulle"}]},{"@type":"WebSite","@id":"https:\/\/blogg.svenskakyrkan.se\/mittlivsomprast\/#website","url":"https:\/\/blogg.svenskakyrkan.se\/mittlivsomprast\/","name":"Mitt liv som pr\u00e4st","description":"M\u00e4nniska. Morsa. Pr\u00e4st. I den ordningen.","potentialAction":[{"@type":"SearchAction","target":{"@type":"EntryPoint","urlTemplate":"https:\/\/blogg.svenskakyrkan.se\/mittlivsomprast\/?s={search_term_string}"},"query-input":{"@type":"PropertyValueSpecification","valueRequired":true,"valueName":"search_term_string"}}],"inLanguage":"sv-SE"},{"@type":"Person","@id":"https:\/\/blogg.svenskakyrkan.se\/mittlivsomprast\/#\/schema\/person\/0473aad3790cc4ff9e1649c1c3bf7ecd","name":"mittlivsomprast","image":{"@type":"ImageObject","inLanguage":"sv-SE","@id":"https:\/\/blogg.svenskakyrkan.se\/mittlivsomprast\/#\/schema\/person\/image\/","url":"https:\/\/secure.gravatar.com\/avatar\/141dab46d1d92e1e39f0c75a179413f3aea45ce97940378761c3263f4e82b8ac?s=96&d=mm&r=g","contentUrl":"https:\/\/secure.gravatar.com\/avatar\/141dab46d1d92e1e39f0c75a179413f3aea45ce97940378761c3263f4e82b8ac?s=96&d=mm&r=g","caption":"mittlivsomprast"},"description":"M\u00e4nniska. Morsa. Pr\u00e4st. I den ordningen.","url":"https:\/\/blogg.svenskakyrkan.se\/mittlivsomprast\/author\/mittliivsomprast\/"}]}},"author_meta":{"ID":"596","user_nicename":"mittliivsomprast","user_registered":"2016-10-07 12:48:49","display_name":"mittlivsomprast","first_name":"Katarina","last_name":"Johansson","avatar":"https:\/\/blogg.svenskakyrkan.se\/mittlivsomprast\/files\/2023\/05\/KJ-tatoo-sv-150x150.jpeg"},"featured_image":["https:\/\/blogg.svenskakyrkan.se\/mittlivsomprast\/files\/2023\/05\/himmel-768x1024.jpeg",768,1024,true],"bloginfo":{"name":"Mitt liv som pr\u00e4st","url":"https:\/\/blogg.svenskakyrkan.se\/mittlivsomprast"},"_links":{"self":[{"href":"https:\/\/blogg.svenskakyrkan.se\/mittlivsomprast\/wp-json\/wp\/v2\/posts\/538","targetHints":{"allow":["GET"]}}],"collection":[{"href":"https:\/\/blogg.svenskakyrkan.se\/mittlivsomprast\/wp-json\/wp\/v2\/posts"}],"about":[{"href":"https:\/\/blogg.svenskakyrkan.se\/mittlivsomprast\/wp-json\/wp\/v2\/types\/post"}],"author":[{"embeddable":true,"href":"https:\/\/blogg.svenskakyrkan.se\/mittlivsomprast\/wp-json\/wp\/v2\/users\/596"}],"replies":[{"embeddable":true,"href":"https:\/\/blogg.svenskakyrkan.se\/mittlivsomprast\/wp-json\/wp\/v2\/comments?post=538"}],"version-history":[{"count":1,"href":"https:\/\/blogg.svenskakyrkan.se\/mittlivsomprast\/wp-json\/wp\/v2\/posts\/538\/revisions"}],"predecessor-version":[{"id":543,"href":"https:\/\/blogg.svenskakyrkan.se\/mittlivsomprast\/wp-json\/wp\/v2\/posts\/538\/revisions\/543"}],"wp:featuredmedia":[{"embeddable":true,"href":"https:\/\/blogg.svenskakyrkan.se\/mittlivsomprast\/wp-json\/wp\/v2\/media\/540"}],"wp:attachment":[{"href":"https:\/\/blogg.svenskakyrkan.se\/mittlivsomprast\/wp-json\/wp\/v2\/media?parent=538"}],"wp:term":[{"taxonomy":"category","embeddable":true,"href":"https:\/\/blogg.svenskakyrkan.se\/mittlivsomprast\/wp-json\/wp\/v2\/categories?post=538"},{"taxonomy":"post_tag","embeddable":true,"href":"https:\/\/blogg.svenskakyrkan.se\/mittlivsomprast\/wp-json\/wp\/v2\/tags?post=538"}],"curies":[{"name":"wp","href":"https:\/\/api.w.org\/{rel}","templated":true}]}}