{"id":544,"date":"2023-05-26T17:39:35","date_gmt":"2023-05-26T15:39:35","guid":{"rendered":"https:\/\/blogg.svenskakyrkan.se\/mittlivsomprast\/?p=544"},"modified":"2023-05-26T18:02:37","modified_gmt":"2023-05-26T16:02:37","slug":"vem-ska-hjalpa-vem","status":"publish","type":"post","link":"https:\/\/blogg.svenskakyrkan.se\/mittlivsomprast\/2023\/05\/26\/vem-ska-hjalpa-vem\/","title":{"rendered":"Vem ska hj\u00e4lpa vem?"},"content":{"rendered":"\n<figure class=\"wp-block-image size-large\"><a href=\"http:\/\/blogg.svenskakyrkan.se\/mittlivsomprast\/files\/2023\/05\/IMG_0444-scaled.jpeg\"><img loading=\"lazy\" decoding=\"async\" width=\"768\" height=\"1024\" src=\"http:\/\/blogg.svenskakyrkan.se\/mittlivsomprast\/files\/2023\/05\/IMG_0444-768x1024.jpeg\" alt=\"\" class=\"wp-image-548\" srcset=\"https:\/\/blogg.svenskakyrkan.se\/mittlivsomprast\/files\/2023\/05\/IMG_0444-768x1024.jpeg 768w, https:\/\/blogg.svenskakyrkan.se\/mittlivsomprast\/files\/2023\/05\/IMG_0444-225x300.jpeg 225w, https:\/\/blogg.svenskakyrkan.se\/mittlivsomprast\/files\/2023\/05\/IMG_0444-1152x1536.jpeg 1152w, https:\/\/blogg.svenskakyrkan.se\/mittlivsomprast\/files\/2023\/05\/IMG_0444-1536x2048.jpeg 1536w, https:\/\/blogg.svenskakyrkan.se\/mittlivsomprast\/files\/2023\/05\/IMG_0444-1200x1600.jpeg 1200w, https:\/\/blogg.svenskakyrkan.se\/mittlivsomprast\/files\/2023\/05\/IMG_0444-scaled.jpeg 1920w\" sizes=\"auto, (max-width: 768px) 100vw, 768px\" \/><\/a><\/figure>\n\n\n\n<p><br><em>Vem ska hj\u00e4lpa?&nbsp; Vem ska hj\u00e4lpa vem? Vem ska hj\u00e4lpa mig? Och vem ska jag hj\u00e4lpa?&nbsp;<\/em><\/p>\n\n\n\n<p>Fr\u00e5gan har varit p\u00e5 tapeten p\u00e5 m\u00e5nga s\u00e4tt i veckan!&nbsp;<br><\/p>\n\n\n\n<p>P\u00e5 ett l\u00e4ttsamt vis hade jag kunnat skriva det roliga blogginl\u00e4gget om vem som hj\u00e4lper mamman att st\u00e4da inf\u00f6r studentkalaset? Och varf\u00f6r ingen kan hj\u00e4lpa mig med m\u00f6ket i golvbrunnen?&nbsp;<\/p>\n\n\n\n<p>Men p\u00e5 ett helt annat allvar blir det n\u00e4r man t\u00e4nker p\u00e5 fr\u00e5gan om hungriga barn. Ska skolan hj\u00e4lpa barn med mat d\u00e4rf\u00f6r att vi har en matfattigdom i Sverige? Nej, det tyckte inte Lena Andersson. Det borde f\u00f6r\u00e4ldrarna hj\u00e4lpa. Och \u00e4ven dom fattigaste f\u00f6r\u00e4ldrarna skulle planera smartare, menade hon. Jag tycker det \u00e4r en f\u00f6rf\u00e4rlig inst\u00e4llning. Dels b\u00f6r skolan visst hj\u00e4lpa. Dels borde vi inte beh\u00f6va ha n\u00e5gon matfattigdom alls- vi kunde dela med oss b\u00e4ttre. Dels vill jag g\u00e4rna dela med mig av ett inifr\u00e5nperspektiv.&nbsp;<\/p>\n\n\n\n<p>Jag har levt sj\u00e4lv med tv\u00e5 barn hela deras uppv\u00e4xt. Vi har klarat oss p\u00e5 en f\u00f6rsamlingsassistentsl\u00f6n och inget mer. Lyckligtvis har mina barn nog inte en enda g\u00e5ng beh\u00f6vt g\u00e5 hungriga. Men det har varit p\u00e5 h\u00e5ret. Hela livet har byggt p\u00e5 fr\u00e5gan om hur en summa p\u00e5 100 kr ska kunna bli middagar till en hel vecka, varifr\u00e5n pengar till bensin s\u00e5 man kan \u00e5ka till jobbet ska tas och om man k\u00e4nner n\u00e5n som kan l\u00e5ta barnet \u00e4rva en vinterjacka.&nbsp;<\/p>\n\n\n\n<p>Vi har varit lyckligt lottade. Vi har f\u00e5tt ihop till mat. Vi har kunnat s\u00e4tta lite guldkant p\u00e5 livet. Vi kunde tex ordna det livsviktiga fredagsmyset. Vi fick v\u00e4lja EN p\u00e5se micropopcorn att dela p\u00e5 tre och inte dyra chips, men popcorn \u00e4r gott tyckte vi!&nbsp;<\/p>\n\n\n\n<p>Men det har varit mycket oro bakom den st\u00e4ngda d\u00f6rren f\u00f6r att det skulle g\u00e5 ihop. Och m\u00e5nga knep. Jag har tv\u00e4ttat h\u00e5ret med tv\u00e5l. (Om man har en slarvig tofs sen m\u00e4rker n\u00e4stan inga kollegor). Borstat t\u00e4nderna utan tandkr\u00e4m (det finns n\u00e4stan alltid lite rester kvar i tandborste). \u00c4tit br\u00f6d utan n\u00e5got p\u00e5 (br\u00f6d e gott) och sagt att jag var m\u00e4tt s\u00e5 barnen kunde ta lite till av middagen (man blir l\u00e4ttad n\u00e4r dom har det bra, det hj\u00e4lper \u00e4ven om man \u00e4r lite hungrig fortfarande).&nbsp;<\/p>\n\n\n\n<p>Det har ocks\u00e5 funnits en stor tacksamhet. Jag har alltid haft jobb. Varit frisk och orkat jobba. Och haft l\u00e4tt f\u00f6r studier och kunnat ta examen och f\u00e5 ett b\u00e4ttre jobb. Men tacksamheten har alltid funnits d\u00e4r f\u00f6r jag vet hur sm\u00e5 marginalerna har varit. F\u00f6r att jag alltid vetat hur bara n\u00e5gon enda parameter kunde \u00e4ndrats &#8211; och d\u00e5 hade det inte g\u00e5tt. Och att det \u00e4r verkligheten f\u00f6r s\u00e5 m\u00e5nga andra. Som inte kan g\u00f6ra s\u00e5 mycket \u00e5t hur man har det. F\u00f6r redan v\u00e5rt liv byggde p\u00e5 gr\u00f6t och det billigaste i butiken, det kan jag f\u00f6rs\u00e4kra.&nbsp;<\/p>\n\n\n\n<p>Jag undrar om alla verkligen f\u00f6rst\u00e5r hur knapert det kan vara \u00e4ven f\u00f6r en ensamst\u00e5ende mamma med l\u00e5ng utbildning och fast heltidsjobb? N\u00e4r man inte har n\u00e5got skyddsn\u00e4t runtomkring? Och om ni f\u00f6rst\u00e5r hur m\u00e5nga som inte ens har det?&nbsp;<\/p>\n\n\n\n<p>Vem ska hj\u00e4lpa d\u00e5? N\u00e4r man inte kan hj\u00e4lpa hur man har det?&nbsp;<\/p>\n\n\n\n<p>Nu \u00e4r det pingst och rubriken \u00e4r \u201dhj\u00e4lparen kommer\u201d. F\u00f6r att Gud nu efter att ha presenterat sig i f\u00f6rsta person presens, synlig och tydlig i Jesus, ist\u00e4llet v\u00e4ljer att komma som den heliga anden. Lika verklig men osynlig. St\u00e4ndigt n\u00e4rvarande hos alla. Tr\u00f6staren och hj\u00e4lparen!&nbsp;<\/p>\n\n\n\n<p>Fint f\u00e5r man ju s\u00e4ga! Och sannerligen inte sn\u00e5lt! Det \u00e4r v\u00e4l b\u00e4sta sortens hj\u00e4lparen? En som hj\u00e4lper alla? Alla som vill? Alla som beh\u00f6ver! Inte s\u00e4ger Gud att \u201dja\u2026 n\u00e5gra f\u00e5r ju faktiskt hj\u00e4lpa sig sj\u00e4lva lite b\u00e4ttre. Planera mer och ta st\u00f6rre ansvar f\u00f6rst! Och jag t\u00e4nker inte hj\u00e4lpa n\u00e5gra barn om inte deras f\u00f6r\u00e4ldrar heller hj\u00e4lper dom f\u00f6rst och kokar gr\u00f6t och s\u00e5!\u201d&nbsp;<\/p>\n\n\n\n<p>N\u00e4, hur skulle det se ut? Med en s\u00e5n Gud? Med en s\u00e5n hj\u00e4lpare?&nbsp;<\/p>\n\n\n\n<p>Men s\u00e5 fort man har r\u00e4knat ut hur Gud skulle gjort, ja d\u00e5 blir det ocks\u00e5 en allvarlig uppmaning till oss m\u00e4nniskor. Att se varandra. Att erk\u00e4nna att vi beh\u00f6ver hj\u00e4lp. Att se att vi kan hj\u00e4lpa varandra. Jo, f\u00f6r det kan vi ocks\u00e5!&nbsp;<\/p>\n\n\n\n<p>I Sverige sl\u00e4nger vi \u00f6ver EN MILJON TON mat om \u00e5ret. Det s\u00e4ger sig sj\u00e4lvt att ingen egentligen skulle beh\u00f6va g\u00e5 hungrig. Att vi kunde dela med oss b\u00e4ttre. Det hade till och med r\u00e4ckt till fredagsmys.&nbsp;<\/p>\n\n\n\n<p>Vi hade kunnat hj\u00e4lpa varenda unge. Varenda ensam morsa som k\u00e4mpar. B\u00e5de med mat i skolan och med b\u00e4ttre villkor s\u00e5 orken, maten och pengarna r\u00e4ckte till.&nbsp;<\/p>\n\n\n\n<p>Visst kan vi be Gud om hj\u00e4lp. Med allt i livet. Men n\u00e5n slags stolthet f\u00e5r vi v\u00e4l ha och g\u00f6ra gemensam sak med Gud genom att hj\u00e4lpa varandra?! Barnen och dom ensamma morsorna f\u00f6rst. <\/p>\n\n\n\n<p>Katarina <\/p>\n\n\n\n<p><\/p>\n","protected":false},"excerpt":{"rendered":"<p>Vem ska hj\u00e4lpa?&nbsp; Vem ska hj\u00e4lpa vem? Vem ska hj\u00e4lpa mig? Och vem ska jag hj\u00e4lpa?&nbsp; Fr\u00e5gan har varit p\u00e5 tapeten p\u00e5 m\u00e5nga s\u00e4tt i veckan!&nbsp; P\u00e5 ett l\u00e4ttsamt vis hade jag kunnat skriva det roliga blogginl\u00e4gget om vem som hj\u00e4lper mamman att st\u00e4da inf\u00f6r studentkalaset? Och varf\u00f6r ingen kan hj\u00e4lpa mig med m\u00f6ket i [&hellip;]<\/p>\n","protected":false},"author":596,"featured_media":0,"comment_status":"open","ping_status":"open","sticky":false,"template":"","format":"standard","meta":{"_acf_changed":false,"footnotes":""},"categories":[9],"tags":[],"class_list":["post-544","post","type-post","status-publish","format-standard","hentry","category-okategoriserade"],"acf":[],"yoast_head":"<!-- This site is optimized with the Yoast SEO plugin v27.1.1 - https:\/\/yoast.com\/product\/yoast-seo-wordpress\/ -->\n<title>Vem ska hj\u00e4lpa vem? - Mitt liv som pr\u00e4st<\/title>\n<meta name=\"robots\" content=\"index, follow, max-snippet:-1, max-image-preview:large, max-video-preview:-1\" \/>\n<link rel=\"canonical\" href=\"https:\/\/blogg.svenskakyrkan.se\/mittlivsomprast\/2023\/05\/26\/vem-ska-hjalpa-vem\/\" \/>\n<meta property=\"og:locale\" content=\"sv_SE\" \/>\n<meta property=\"og:type\" content=\"article\" \/>\n<meta property=\"og:title\" content=\"Vem ska hj\u00e4lpa vem? - Mitt liv som pr\u00e4st\" \/>\n<meta property=\"og:description\" content=\"Vem ska hj\u00e4lpa?&nbsp; Vem ska hj\u00e4lpa vem? Vem ska hj\u00e4lpa mig? Och vem ska jag hj\u00e4lpa?&nbsp; Fr\u00e5gan har varit p\u00e5 tapeten p\u00e5 m\u00e5nga s\u00e4tt i veckan!&nbsp; P\u00e5 ett l\u00e4ttsamt vis hade jag kunnat skriva det roliga blogginl\u00e4gget om vem som hj\u00e4lper mamman att st\u00e4da inf\u00f6r studentkalaset? Och varf\u00f6r ingen kan hj\u00e4lpa mig med m\u00f6ket i [&hellip;]\" \/>\n<meta property=\"og:url\" content=\"https:\/\/blogg.svenskakyrkan.se\/mittlivsomprast\/2023\/05\/26\/vem-ska-hjalpa-vem\/\" \/>\n<meta property=\"og:site_name\" content=\"Mitt liv som pr\u00e4st\" \/>\n<meta property=\"article:published_time\" content=\"2023-05-26T15:39:35+00:00\" \/>\n<meta property=\"article:modified_time\" content=\"2023-05-26T16:02:37+00:00\" \/>\n<meta property=\"og:image\" content=\"http:\/\/blogg.svenskakyrkan.se\/mittlivsomprast\/files\/2023\/05\/IMG_0444-768x1024.jpeg\" \/>\n<meta name=\"author\" content=\"mittlivsomprast\" \/>\n<meta name=\"twitter:card\" content=\"summary_large_image\" \/>\n<meta name=\"twitter:label1\" content=\"Skriven av\" \/>\n\t<meta name=\"twitter:data1\" content=\"mittlivsomprast\" \/>\n\t<meta name=\"twitter:label2\" content=\"Ber\u00e4knad l\u00e4stid\" \/>\n\t<meta name=\"twitter:data2\" content=\"5 minuter\" \/>\n<script type=\"application\/ld+json\" class=\"yoast-schema-graph\">{\"@context\":\"https:\/\/schema.org\",\"@graph\":[{\"@type\":\"Article\",\"@id\":\"https:\/\/blogg.svenskakyrkan.se\/mittlivsomprast\/2023\/05\/26\/vem-ska-hjalpa-vem\/#article\",\"isPartOf\":{\"@id\":\"https:\/\/blogg.svenskakyrkan.se\/mittlivsomprast\/2023\/05\/26\/vem-ska-hjalpa-vem\/\"},\"author\":{\"name\":\"mittlivsomprast\",\"@id\":\"https:\/\/blogg.svenskakyrkan.se\/mittlivsomprast\/#\/schema\/person\/0473aad3790cc4ff9e1649c1c3bf7ecd\"},\"headline\":\"Vem ska hj\u00e4lpa vem?\",\"datePublished\":\"2023-05-26T15:39:35+00:00\",\"dateModified\":\"2023-05-26T16:02:37+00:00\",\"mainEntityOfPage\":{\"@id\":\"https:\/\/blogg.svenskakyrkan.se\/mittlivsomprast\/2023\/05\/26\/vem-ska-hjalpa-vem\/\"},\"wordCount\":966,\"commentCount\":0,\"image\":{\"@id\":\"https:\/\/blogg.svenskakyrkan.se\/mittlivsomprast\/2023\/05\/26\/vem-ska-hjalpa-vem\/#primaryimage\"},\"thumbnailUrl\":\"http:\/\/blogg.svenskakyrkan.se\/mittlivsomprast\/files\/2023\/05\/IMG_0444-768x1024.jpeg\",\"inLanguage\":\"sv-SE\",\"potentialAction\":[{\"@type\":\"CommentAction\",\"name\":\"Comment\",\"target\":[\"https:\/\/blogg.svenskakyrkan.se\/mittlivsomprast\/2023\/05\/26\/vem-ska-hjalpa-vem\/#respond\"]}]},{\"@type\":\"WebPage\",\"@id\":\"https:\/\/blogg.svenskakyrkan.se\/mittlivsomprast\/2023\/05\/26\/vem-ska-hjalpa-vem\/\",\"url\":\"https:\/\/blogg.svenskakyrkan.se\/mittlivsomprast\/2023\/05\/26\/vem-ska-hjalpa-vem\/\",\"name\":\"Vem ska hj\u00e4lpa vem? - Mitt liv som pr\u00e4st\",\"isPartOf\":{\"@id\":\"https:\/\/blogg.svenskakyrkan.se\/mittlivsomprast\/#website\"},\"primaryImageOfPage\":{\"@id\":\"https:\/\/blogg.svenskakyrkan.se\/mittlivsomprast\/2023\/05\/26\/vem-ska-hjalpa-vem\/#primaryimage\"},\"image\":{\"@id\":\"https:\/\/blogg.svenskakyrkan.se\/mittlivsomprast\/2023\/05\/26\/vem-ska-hjalpa-vem\/#primaryimage\"},\"thumbnailUrl\":\"http:\/\/blogg.svenskakyrkan.se\/mittlivsomprast\/files\/2023\/05\/IMG_0444-768x1024.jpeg\",\"datePublished\":\"2023-05-26T15:39:35+00:00\",\"dateModified\":\"2023-05-26T16:02:37+00:00\",\"author\":{\"@id\":\"https:\/\/blogg.svenskakyrkan.se\/mittlivsomprast\/#\/schema\/person\/0473aad3790cc4ff9e1649c1c3bf7ecd\"},\"breadcrumb\":{\"@id\":\"https:\/\/blogg.svenskakyrkan.se\/mittlivsomprast\/2023\/05\/26\/vem-ska-hjalpa-vem\/#breadcrumb\"},\"inLanguage\":\"sv-SE\",\"potentialAction\":[{\"@type\":\"ReadAction\",\"target\":[\"https:\/\/blogg.svenskakyrkan.se\/mittlivsomprast\/2023\/05\/26\/vem-ska-hjalpa-vem\/\"]}]},{\"@type\":\"ImageObject\",\"inLanguage\":\"sv-SE\",\"@id\":\"https:\/\/blogg.svenskakyrkan.se\/mittlivsomprast\/2023\/05\/26\/vem-ska-hjalpa-vem\/#primaryimage\",\"url\":\"http:\/\/blogg.svenskakyrkan.se\/mittlivsomprast\/files\/2023\/05\/IMG_0444-768x1024.jpeg\",\"contentUrl\":\"http:\/\/blogg.svenskakyrkan.se\/mittlivsomprast\/files\/2023\/05\/IMG_0444-768x1024.jpeg\"},{\"@type\":\"BreadcrumbList\",\"@id\":\"https:\/\/blogg.svenskakyrkan.se\/mittlivsomprast\/2023\/05\/26\/vem-ska-hjalpa-vem\/#breadcrumb\",\"itemListElement\":[{\"@type\":\"ListItem\",\"position\":1,\"name\":\"Hem\",\"item\":\"https:\/\/blogg.svenskakyrkan.se\/mittlivsomprast\/\"},{\"@type\":\"ListItem\",\"position\":2,\"name\":\"Vem ska hj\u00e4lpa vem?\"}]},{\"@type\":\"WebSite\",\"@id\":\"https:\/\/blogg.svenskakyrkan.se\/mittlivsomprast\/#website\",\"url\":\"https:\/\/blogg.svenskakyrkan.se\/mittlivsomprast\/\",\"name\":\"Mitt liv som pr\u00e4st\",\"description\":\"M\u00e4nniska. Morsa. Pr\u00e4st. I den ordningen.\",\"potentialAction\":[{\"@type\":\"SearchAction\",\"target\":{\"@type\":\"EntryPoint\",\"urlTemplate\":\"https:\/\/blogg.svenskakyrkan.se\/mittlivsomprast\/?s={search_term_string}\"},\"query-input\":{\"@type\":\"PropertyValueSpecification\",\"valueRequired\":true,\"valueName\":\"search_term_string\"}}],\"inLanguage\":\"sv-SE\"},{\"@type\":\"Person\",\"@id\":\"https:\/\/blogg.svenskakyrkan.se\/mittlivsomprast\/#\/schema\/person\/0473aad3790cc4ff9e1649c1c3bf7ecd\",\"name\":\"mittlivsomprast\",\"image\":{\"@type\":\"ImageObject\",\"inLanguage\":\"sv-SE\",\"@id\":\"https:\/\/blogg.svenskakyrkan.se\/mittlivsomprast\/#\/schema\/person\/image\/\",\"url\":\"https:\/\/secure.gravatar.com\/avatar\/141dab46d1d92e1e39f0c75a179413f3aea45ce97940378761c3263f4e82b8ac?s=96&d=mm&r=g\",\"contentUrl\":\"https:\/\/secure.gravatar.com\/avatar\/141dab46d1d92e1e39f0c75a179413f3aea45ce97940378761c3263f4e82b8ac?s=96&d=mm&r=g\",\"caption\":\"mittlivsomprast\"},\"description\":\"M\u00e4nniska. Morsa. Pr\u00e4st. I den ordningen.\",\"url\":\"https:\/\/blogg.svenskakyrkan.se\/mittlivsomprast\/author\/mittliivsomprast\/\"}]}<\/script>\n<!-- \/ Yoast SEO plugin. -->","yoast_head_json":{"title":"Vem ska hj\u00e4lpa vem? - Mitt liv som pr\u00e4st","robots":{"index":"index","follow":"follow","max-snippet":"max-snippet:-1","max-image-preview":"max-image-preview:large","max-video-preview":"max-video-preview:-1"},"canonical":"https:\/\/blogg.svenskakyrkan.se\/mittlivsomprast\/2023\/05\/26\/vem-ska-hjalpa-vem\/","og_locale":"sv_SE","og_type":"article","og_title":"Vem ska hj\u00e4lpa vem? - Mitt liv som pr\u00e4st","og_description":"Vem ska hj\u00e4lpa?&nbsp; Vem ska hj\u00e4lpa vem? Vem ska hj\u00e4lpa mig? Och vem ska jag hj\u00e4lpa?&nbsp; Fr\u00e5gan har varit p\u00e5 tapeten p\u00e5 m\u00e5nga s\u00e4tt i veckan!&nbsp; P\u00e5 ett l\u00e4ttsamt vis hade jag kunnat skriva det roliga blogginl\u00e4gget om vem som hj\u00e4lper mamman att st\u00e4da inf\u00f6r studentkalaset? Och varf\u00f6r ingen kan hj\u00e4lpa mig med m\u00f6ket i [&hellip;]","og_url":"https:\/\/blogg.svenskakyrkan.se\/mittlivsomprast\/2023\/05\/26\/vem-ska-hjalpa-vem\/","og_site_name":"Mitt liv som pr\u00e4st","article_published_time":"2023-05-26T15:39:35+00:00","article_modified_time":"2023-05-26T16:02:37+00:00","og_image":[{"url":"http:\/\/blogg.svenskakyrkan.se\/mittlivsomprast\/files\/2023\/05\/IMG_0444-768x1024.jpeg","type":"","width":"","height":""}],"author":"mittlivsomprast","twitter_card":"summary_large_image","twitter_misc":{"Skriven av":"mittlivsomprast","Ber\u00e4knad l\u00e4stid":"5 minuter"},"schema":{"@context":"https:\/\/schema.org","@graph":[{"@type":"Article","@id":"https:\/\/blogg.svenskakyrkan.se\/mittlivsomprast\/2023\/05\/26\/vem-ska-hjalpa-vem\/#article","isPartOf":{"@id":"https:\/\/blogg.svenskakyrkan.se\/mittlivsomprast\/2023\/05\/26\/vem-ska-hjalpa-vem\/"},"author":{"name":"mittlivsomprast","@id":"https:\/\/blogg.svenskakyrkan.se\/mittlivsomprast\/#\/schema\/person\/0473aad3790cc4ff9e1649c1c3bf7ecd"},"headline":"Vem ska hj\u00e4lpa vem?","datePublished":"2023-05-26T15:39:35+00:00","dateModified":"2023-05-26T16:02:37+00:00","mainEntityOfPage":{"@id":"https:\/\/blogg.svenskakyrkan.se\/mittlivsomprast\/2023\/05\/26\/vem-ska-hjalpa-vem\/"},"wordCount":966,"commentCount":0,"image":{"@id":"https:\/\/blogg.svenskakyrkan.se\/mittlivsomprast\/2023\/05\/26\/vem-ska-hjalpa-vem\/#primaryimage"},"thumbnailUrl":"http:\/\/blogg.svenskakyrkan.se\/mittlivsomprast\/files\/2023\/05\/IMG_0444-768x1024.jpeg","inLanguage":"sv-SE","potentialAction":[{"@type":"CommentAction","name":"Comment","target":["https:\/\/blogg.svenskakyrkan.se\/mittlivsomprast\/2023\/05\/26\/vem-ska-hjalpa-vem\/#respond"]}]},{"@type":"WebPage","@id":"https:\/\/blogg.svenskakyrkan.se\/mittlivsomprast\/2023\/05\/26\/vem-ska-hjalpa-vem\/","url":"https:\/\/blogg.svenskakyrkan.se\/mittlivsomprast\/2023\/05\/26\/vem-ska-hjalpa-vem\/","name":"Vem ska hj\u00e4lpa vem? - Mitt liv som pr\u00e4st","isPartOf":{"@id":"https:\/\/blogg.svenskakyrkan.se\/mittlivsomprast\/#website"},"primaryImageOfPage":{"@id":"https:\/\/blogg.svenskakyrkan.se\/mittlivsomprast\/2023\/05\/26\/vem-ska-hjalpa-vem\/#primaryimage"},"image":{"@id":"https:\/\/blogg.svenskakyrkan.se\/mittlivsomprast\/2023\/05\/26\/vem-ska-hjalpa-vem\/#primaryimage"},"thumbnailUrl":"http:\/\/blogg.svenskakyrkan.se\/mittlivsomprast\/files\/2023\/05\/IMG_0444-768x1024.jpeg","datePublished":"2023-05-26T15:39:35+00:00","dateModified":"2023-05-26T16:02:37+00:00","author":{"@id":"https:\/\/blogg.svenskakyrkan.se\/mittlivsomprast\/#\/schema\/person\/0473aad3790cc4ff9e1649c1c3bf7ecd"},"breadcrumb":{"@id":"https:\/\/blogg.svenskakyrkan.se\/mittlivsomprast\/2023\/05\/26\/vem-ska-hjalpa-vem\/#breadcrumb"},"inLanguage":"sv-SE","potentialAction":[{"@type":"ReadAction","target":["https:\/\/blogg.svenskakyrkan.se\/mittlivsomprast\/2023\/05\/26\/vem-ska-hjalpa-vem\/"]}]},{"@type":"ImageObject","inLanguage":"sv-SE","@id":"https:\/\/blogg.svenskakyrkan.se\/mittlivsomprast\/2023\/05\/26\/vem-ska-hjalpa-vem\/#primaryimage","url":"http:\/\/blogg.svenskakyrkan.se\/mittlivsomprast\/files\/2023\/05\/IMG_0444-768x1024.jpeg","contentUrl":"http:\/\/blogg.svenskakyrkan.se\/mittlivsomprast\/files\/2023\/05\/IMG_0444-768x1024.jpeg"},{"@type":"BreadcrumbList","@id":"https:\/\/blogg.svenskakyrkan.se\/mittlivsomprast\/2023\/05\/26\/vem-ska-hjalpa-vem\/#breadcrumb","itemListElement":[{"@type":"ListItem","position":1,"name":"Hem","item":"https:\/\/blogg.svenskakyrkan.se\/mittlivsomprast\/"},{"@type":"ListItem","position":2,"name":"Vem ska hj\u00e4lpa vem?"}]},{"@type":"WebSite","@id":"https:\/\/blogg.svenskakyrkan.se\/mittlivsomprast\/#website","url":"https:\/\/blogg.svenskakyrkan.se\/mittlivsomprast\/","name":"Mitt liv som pr\u00e4st","description":"M\u00e4nniska. Morsa. Pr\u00e4st. I den ordningen.","potentialAction":[{"@type":"SearchAction","target":{"@type":"EntryPoint","urlTemplate":"https:\/\/blogg.svenskakyrkan.se\/mittlivsomprast\/?s={search_term_string}"},"query-input":{"@type":"PropertyValueSpecification","valueRequired":true,"valueName":"search_term_string"}}],"inLanguage":"sv-SE"},{"@type":"Person","@id":"https:\/\/blogg.svenskakyrkan.se\/mittlivsomprast\/#\/schema\/person\/0473aad3790cc4ff9e1649c1c3bf7ecd","name":"mittlivsomprast","image":{"@type":"ImageObject","inLanguage":"sv-SE","@id":"https:\/\/blogg.svenskakyrkan.se\/mittlivsomprast\/#\/schema\/person\/image\/","url":"https:\/\/secure.gravatar.com\/avatar\/141dab46d1d92e1e39f0c75a179413f3aea45ce97940378761c3263f4e82b8ac?s=96&d=mm&r=g","contentUrl":"https:\/\/secure.gravatar.com\/avatar\/141dab46d1d92e1e39f0c75a179413f3aea45ce97940378761c3263f4e82b8ac?s=96&d=mm&r=g","caption":"mittlivsomprast"},"description":"M\u00e4nniska. Morsa. Pr\u00e4st. I den ordningen.","url":"https:\/\/blogg.svenskakyrkan.se\/mittlivsomprast\/author\/mittliivsomprast\/"}]}},"author_meta":{"ID":"596","user_nicename":"mittliivsomprast","user_registered":"2016-10-07 12:48:49","display_name":"mittlivsomprast","first_name":"Katarina","last_name":"Johansson","avatar":"https:\/\/blogg.svenskakyrkan.se\/mittlivsomprast\/files\/2023\/05\/KJ-tatoo-sv-150x150.jpeg"},"featured_image":false,"bloginfo":{"name":"Mitt liv som pr\u00e4st","url":"https:\/\/blogg.svenskakyrkan.se\/mittlivsomprast"},"_links":{"self":[{"href":"https:\/\/blogg.svenskakyrkan.se\/mittlivsomprast\/wp-json\/wp\/v2\/posts\/544","targetHints":{"allow":["GET"]}}],"collection":[{"href":"https:\/\/blogg.svenskakyrkan.se\/mittlivsomprast\/wp-json\/wp\/v2\/posts"}],"about":[{"href":"https:\/\/blogg.svenskakyrkan.se\/mittlivsomprast\/wp-json\/wp\/v2\/types\/post"}],"author":[{"embeddable":true,"href":"https:\/\/blogg.svenskakyrkan.se\/mittlivsomprast\/wp-json\/wp\/v2\/users\/596"}],"replies":[{"embeddable":true,"href":"https:\/\/blogg.svenskakyrkan.se\/mittlivsomprast\/wp-json\/wp\/v2\/comments?post=544"}],"version-history":[{"count":4,"href":"https:\/\/blogg.svenskakyrkan.se\/mittlivsomprast\/wp-json\/wp\/v2\/posts\/544\/revisions"}],"predecessor-version":[{"id":553,"href":"https:\/\/blogg.svenskakyrkan.se\/mittlivsomprast\/wp-json\/wp\/v2\/posts\/544\/revisions\/553"}],"wp:attachment":[{"href":"https:\/\/blogg.svenskakyrkan.se\/mittlivsomprast\/wp-json\/wp\/v2\/media?parent=544"}],"wp:term":[{"taxonomy":"category","embeddable":true,"href":"https:\/\/blogg.svenskakyrkan.se\/mittlivsomprast\/wp-json\/wp\/v2\/categories?post=544"},{"taxonomy":"post_tag","embeddable":true,"href":"https:\/\/blogg.svenskakyrkan.se\/mittlivsomprast\/wp-json\/wp\/v2\/tags?post=544"}],"curies":[{"name":"wp","href":"https:\/\/api.w.org\/{rel}","templated":true}]}}