{"id":554,"date":"2023-06-06T21:40:12","date_gmt":"2023-06-06T19:40:12","guid":{"rendered":"https:\/\/blogg.svenskakyrkan.se\/mittlivsomprast\/?p=554"},"modified":"2023-06-06T22:07:50","modified_gmt":"2023-06-06T20:07:50","slug":"hemma","status":"publish","type":"post","link":"https:\/\/blogg.svenskakyrkan.se\/mittlivsomprast\/2023\/06\/06\/hemma\/","title":{"rendered":"Hemma"},"content":{"rendered":"\n<figure class=\"wp-block-image size-large\"><a href=\"http:\/\/blogg.svenskakyrkan.se\/mittlivsomprast\/files\/2023\/06\/IMG_0738-scaled.jpeg\"><img loading=\"lazy\" decoding=\"async\" width=\"768\" height=\"1024\" src=\"http:\/\/blogg.svenskakyrkan.se\/mittlivsomprast\/files\/2023\/06\/IMG_0738-768x1024.jpeg\" alt=\"\" class=\"wp-image-555\" srcset=\"https:\/\/blogg.svenskakyrkan.se\/mittlivsomprast\/files\/2023\/06\/IMG_0738-768x1024.jpeg 768w, https:\/\/blogg.svenskakyrkan.se\/mittlivsomprast\/files\/2023\/06\/IMG_0738-225x300.jpeg 225w, https:\/\/blogg.svenskakyrkan.se\/mittlivsomprast\/files\/2023\/06\/IMG_0738-1152x1536.jpeg 1152w, https:\/\/blogg.svenskakyrkan.se\/mittlivsomprast\/files\/2023\/06\/IMG_0738-1536x2048.jpeg 1536w, https:\/\/blogg.svenskakyrkan.se\/mittlivsomprast\/files\/2023\/06\/IMG_0738-1200x1600.jpeg 1200w, https:\/\/blogg.svenskakyrkan.se\/mittlivsomprast\/files\/2023\/06\/IMG_0738-scaled.jpeg 1920w\" sizes=\"auto, (max-width: 768px) 100vw, 768px\" \/><\/a><\/figure>\n\n\n\n<p><strong>Hemma!&nbsp;<\/strong><\/p>\n\n\n\n<p>Kanske \u00e4r hemma ett av de vackraste orden. T\u00e4nk s\u00e5 m\u00e5nga vackra meningar men kan s\u00e4ga\u2026. <br>V\u00e4lkommen hem!&nbsp;<br>Kom hem till mig!&nbsp;<br>Jag \u00e4r hemma!&nbsp;<br>Eller \u00e4nnu b\u00e4ttre: jag \u00e4r hemma,\u00e4lskling! <br>K\u00e4nn dig som hemma!&nbsp;<\/p>\n\n\n\n<p>Hemma &#8211; det \u00e4r min plats p\u00e5 jorden.  D\u00e4r jag kan skapa en trygg plats. En plats att vila p\u00e5, en plats att vara p\u00e5, en plats att vara som man \u00c4R p\u00e5! D\u00e4r man kan sparka av sig skorna, sl\u00e4ppa  ut magen&nbsp;och dra ner med mungiporna. Om du sett lite gladare ut \u00e4n du egentligen orkar med d\u00e4rute i livet. <\/p>\n\n\n\n<p>T\u00e4nk att ha ett hem att komma till! <br>Det har inte alla! <br>Och t\u00e4nk gl\u00e4djen i att f\u00e5 \u00f6ppna det f\u00f6r andra?!&nbsp;<br>Det g\u00f6r inte alla! <\/p>\n\n\n\n<p>I veckan som gick hade vi en student i huset. Det var mycket att fixa och t\u00e4nka p\u00e5 innan f\u00f6r morsan dvs jag. Det skulle va t\u00e5rtor och st\u00e4dning och bestick och stolar som r\u00e4ckte till alla. Nystruket vit kl\u00e4nning och glada plakat! <br>Ett par dagar innan det stora kalaset kommer min dotter hem- sj\u00e4lva studenten allts\u00e5- och ber\u00e4ttar att det sk avlopp ett kalas till p\u00e5 dagen! <em>F\u00f6re<\/em> det stora kalaset d\u00e5 fastrar och mostrar och hela konkarongen ska komma. Hon har bjudit hem hela klassen p\u00e5 en s\u00e5n d\u00e4r trevlig studentfrukost. Utan att fr\u00e5ga. Ja f\u00f6rresten r\u00e4tt m\u00e5nga fr\u00e5n parallellklassen ocks\u00e5! <\/p>\n\n\n\n<p>\u00c4ven om jag t\u00e4nker p\u00e5 mig sj\u00e4lv som en g\u00e4stfri m\u00e4nniska m\u00e5ste jag nu \u00e4nd\u00e5 fr\u00e5ga om det inte hade varit en god id\u00e9 att kolla med den \u00f6mma modern f\u00f6rst? Men d\u00e5 f\u00f6rklarar dottern att det funnits en Anna frukost. Dit inte alla var bjudna. Motiveringen var att \u201ddet \u00e4r b\u00e4ttre om alla firar med sina egna v\u00e4nner\u201d. Men d\u00e5 sa dottern: alla har inte s\u00e5 m\u00e5nga v\u00e4nner. Och n\u00e5gra hade kanske inte haft n\u00e5gonstans att vara. Jag vill bjuda d\u00e4r alla f\u00f6r vara med! Och sj\u00e4lvklart var dom v\u00e4lkomna till oss. Alla. <br>Alla kom ocks\u00e5 mycket riktigt! Hela tr\u00e4dg\u00e5rden var full redan kl 0630 p\u00e5 studentdagen! Det var vita m\u00f6ssor och svenska flaggan! Det var baguetter och bubblor i glasen! Det var flaggor fr\u00e5n Serbien och Kurdistan. Fr\u00e5n Irak och Danmark. Sl\u00f6jor under m\u00f6ssan och h\u00e5rd hiphop i h\u00f6gtalarna- men p\u00e5 l\u00e5g volym f\u00f6r att inte st\u00f6ra grannarna. Jag stod bakom gardinen i k\u00f6ket och s\u00e5g dem. K\u00e4nde hur jag blev alldeles t\u00e5r\u00f6gd av gl\u00e4dje. \u00d6ver att ha ett hem att bjuda in till. \u00d6ver en klok dotter som vet mycket och generositet och gemenskap. Det kan ha varit historiens mest st\u00e4dade champagnefrukost. Alla tackade artigt \u201df\u00f6r vi fick komma&nbsp;till er\u201d. <\/p>\n\n\n\n<p>Det ligger en stor gl\u00e4dje i att f\u00e5 bjuda hem. Men och i att f\u00e5 bli hembjuden. Kanske har du ett hem du l\u00e4ngtar till? Det kan vara ett hem som inte l\u00e4ngre g\u00e5r att \u00e5ka till. f\u00f6r mig \u00e4r det minfartygs bl\u00e5 k\u00f6k. D\u00e4r det alltid luktade stekt fisk. Och kaffe. Och d\u00e4r det fanns en stol st\u00e5ende vid d\u00f6rren. Att sitta p\u00e5 f\u00f6r den som kommit objuden men som \u00e4nd\u00e5 var mycket v\u00e4lkommen! <\/p>\n\n\n\n<p>Idag p\u00e5 nationaldagen firar vi ocks\u00e5 v\u00e5rt gemensamma hem. V\u00e5rt land. Det handlar ocks\u00e5 om en trygg plats att leva p\u00e5. Att k\u00e4nna igen sig. Att trivas. Att skapa en framtid tillsammans. Tidigare idag satt jag vid havet. D\u00e5 k\u00f6rde tv\u00e5 stora stridflyg n\u00e4ra \u00f6ver oss! N\u00e5gon t\u00e4nkte nog \u201djaha, en grej f\u00f6r nationaldagen \u201d. N\u00e5gon annan t\u00e4nkte nog \u201doj, vad dom br\u00f6tar!\u201d . Men ingen d\u00e4r p\u00e5 stranden kastade sig ner i en bergsskreva i d\u00f6dsskr\u00e4ck och i r\u00e4dsla f\u00f6r liv och h\u00e4lsa. N\u00e4r ljudet dig bort l\u00e4grade sig \u00e5ter tystnaden. Och den o\u00e4ndliga tacksamheten \u00f6ver att leva i ett land i fred. Ocks\u00e5 till detta v\u00e5rt hem- v\u00e5rt land- f\u00e5r vi \u00f6ppna d\u00f6rrarna och bjuda in fler. Den som ocks\u00e5 beh\u00f6ver f\u00e5 leva o frihet och fred.  <\/p>\n\n\n\n<p>Men jag vill ocks\u00e5 p\u00e5minna om att vi har ett hem till. Vi \u00e4r alla hemma och v\u00e4lkomna hos Gud. <\/p>\n\n\n\n<p>En g\u00e5ng i evigheten. Men ocks\u00e5 hemma i gudsriket,  hemlandet som finns h\u00e4r och nu. <\/p>\n\n\n\n<p>D\u00e4r k\u00e4rlek och fred och medm\u00e4nsklighet r\u00e5der! D\u00e4r m\u00e4nniskor f\u00f6r vara som dom \u00e4r! D\u00e4r du f\u00e5r sl\u00e4ppa ner axlarna och sl\u00e4ppa ut h\u00e5ret! D\u00e4r man vet att man \u00e4r \u00e4lskad som man \u00e4r. F\u00f6r ATT man \u00e4r. Landet d\u00e4r frid, f\u00f6rl\u00e5telse,  tro hopp o k\u00e4rlek r\u00e5der. D\u00e4r \u00e4r guds rike. Och d\u00e4r \u00e4r vi hemma. <br><\/p>\n\n\n\n<p>Jag har funderat p\u00e5 vad man ska s\u00e4ga till varandra p\u00e5 nationaldagen? Facebook visar upp en viss spretighet! \u00c4r det \u201dGrattis Sverige \u201d eller \u00e4r det \u201dGlad Nationaldag \u201d? <br><\/p>\n\n\n\n<p>jag skulle vilja s\u00e4ga grattis till oss. <\/p>\n\n\n\n<p>Grattis till dig som har s\u00e5 m\u00e5nga hem att komma till! <\/p>\n\n\n\n<p>Ditt eget! Andras! V\u00e5rt hemland Sverige! V\u00e5rt gemensamma hem i guds rike! <\/p>\n\n\n\n<p>V\u00e4lkommen s\u00e4ger jag ocks\u00e5 att kliva \u00f6ver tr\u00f6skeln. <\/p>\n\n\n\n<p>Att komma hem. Att dela gemenskapen tryggheten och v\u00e4rmen. V\u00e4lkommen hem till  mig f\u00f6r den som beh\u00f6ver en extra v\u00e4n! <\/p>\n\n\n\n<p>V\u00e4lkommen till Sverige! Hem till mitt land o min stad f\u00f6r den som beh\u00f6ver ett tryggt land,  ett nytt land! <\/p>\n\n\n\n<p>V\u00e4lkommen till gudsriket h\u00e4r p\u00e5 jorden! Det fantastiska landet d\u00e4r alla \u00e4r v\u00e4lkomna. Det fantastiska landet som blir st\u00f6rre mer inkluderande och mer fyllt av k\u00e4rlek ju fler som g\u00e5r med &#8211; och som tillsammans forts\u00e4tter breda ut k\u00e4rlekens och fredens rike h\u00e4r p\u00e5 jorden! <br>V\u00e4lkommen hit! <br>V\u00e4lkommen hem! <br><\/p>\n\n\n\n<p>Katarina <\/p>\n","protected":false},"excerpt":{"rendered":"<p>Hemma!&nbsp; Kanske \u00e4r hemma ett av de vackraste orden. T\u00e4nk s\u00e5 m\u00e5nga vackra meningar men kan s\u00e4ga\u2026. V\u00e4lkommen hem!&nbsp;Kom hem till mig!&nbsp;Jag \u00e4r hemma!&nbsp;Eller \u00e4nnu b\u00e4ttre: jag \u00e4r hemma,\u00e4lskling! K\u00e4nn dig som hemma!&nbsp; Hemma &#8211; det \u00e4r min plats p\u00e5 jorden. D\u00e4r jag kan skapa en trygg plats. En plats att vila p\u00e5, en plats [&hellip;]<\/p>\n","protected":false},"author":596,"featured_media":0,"comment_status":"open","ping_status":"open","sticky":false,"template":"","format":"standard","meta":{"_acf_changed":false,"footnotes":""},"categories":[9],"tags":[],"class_list":["post-554","post","type-post","status-publish","format-standard","hentry","category-okategoriserade"],"acf":[],"yoast_head":"<!-- This site is optimized with the Yoast SEO plugin v27.1.1 - https:\/\/yoast.com\/product\/yoast-seo-wordpress\/ -->\n<title>Hemma - Mitt liv som pr\u00e4st<\/title>\n<meta name=\"robots\" content=\"index, follow, max-snippet:-1, max-image-preview:large, max-video-preview:-1\" \/>\n<link rel=\"canonical\" href=\"https:\/\/blogg.svenskakyrkan.se\/mittlivsomprast\/2023\/06\/06\/hemma\/\" \/>\n<meta property=\"og:locale\" content=\"sv_SE\" \/>\n<meta property=\"og:type\" content=\"article\" \/>\n<meta property=\"og:title\" content=\"Hemma - Mitt liv som pr\u00e4st\" \/>\n<meta property=\"og:description\" content=\"Hemma!&nbsp; Kanske \u00e4r hemma ett av de vackraste orden. T\u00e4nk s\u00e5 m\u00e5nga vackra meningar men kan s\u00e4ga\u2026. V\u00e4lkommen hem!&nbsp;Kom hem till mig!&nbsp;Jag \u00e4r hemma!&nbsp;Eller \u00e4nnu b\u00e4ttre: jag \u00e4r hemma,\u00e4lskling! K\u00e4nn dig som hemma!&nbsp; Hemma &#8211; det \u00e4r min plats p\u00e5 jorden. D\u00e4r jag kan skapa en trygg plats. En plats att vila p\u00e5, en plats [&hellip;]\" \/>\n<meta property=\"og:url\" content=\"https:\/\/blogg.svenskakyrkan.se\/mittlivsomprast\/2023\/06\/06\/hemma\/\" \/>\n<meta property=\"og:site_name\" content=\"Mitt liv som pr\u00e4st\" \/>\n<meta property=\"article:published_time\" content=\"2023-06-06T19:40:12+00:00\" \/>\n<meta property=\"article:modified_time\" content=\"2023-06-06T20:07:50+00:00\" \/>\n<meta property=\"og:image\" content=\"http:\/\/blogg.svenskakyrkan.se\/mittlivsomprast\/files\/2023\/06\/IMG_0738-768x1024.jpeg\" \/>\n<meta name=\"author\" content=\"mittlivsomprast\" \/>\n<meta name=\"twitter:card\" content=\"summary_large_image\" \/>\n<meta name=\"twitter:label1\" content=\"Skriven av\" \/>\n\t<meta name=\"twitter:data1\" content=\"mittlivsomprast\" \/>\n\t<meta name=\"twitter:label2\" content=\"Ber\u00e4knad l\u00e4stid\" \/>\n\t<meta name=\"twitter:data2\" content=\"5 minuter\" \/>\n<script type=\"application\/ld+json\" class=\"yoast-schema-graph\">{\"@context\":\"https:\/\/schema.org\",\"@graph\":[{\"@type\":\"Article\",\"@id\":\"https:\/\/blogg.svenskakyrkan.se\/mittlivsomprast\/2023\/06\/06\/hemma\/#article\",\"isPartOf\":{\"@id\":\"https:\/\/blogg.svenskakyrkan.se\/mittlivsomprast\/2023\/06\/06\/hemma\/\"},\"author\":{\"name\":\"mittlivsomprast\",\"@id\":\"https:\/\/blogg.svenskakyrkan.se\/mittlivsomprast\/#\/schema\/person\/0473aad3790cc4ff9e1649c1c3bf7ecd\"},\"headline\":\"Hemma\",\"datePublished\":\"2023-06-06T19:40:12+00:00\",\"dateModified\":\"2023-06-06T20:07:50+00:00\",\"mainEntityOfPage\":{\"@id\":\"https:\/\/blogg.svenskakyrkan.se\/mittlivsomprast\/2023\/06\/06\/hemma\/\"},\"wordCount\":1048,\"commentCount\":0,\"image\":{\"@id\":\"https:\/\/blogg.svenskakyrkan.se\/mittlivsomprast\/2023\/06\/06\/hemma\/#primaryimage\"},\"thumbnailUrl\":\"http:\/\/blogg.svenskakyrkan.se\/mittlivsomprast\/files\/2023\/06\/IMG_0738-768x1024.jpeg\",\"inLanguage\":\"sv-SE\",\"potentialAction\":[{\"@type\":\"CommentAction\",\"name\":\"Comment\",\"target\":[\"https:\/\/blogg.svenskakyrkan.se\/mittlivsomprast\/2023\/06\/06\/hemma\/#respond\"]}]},{\"@type\":\"WebPage\",\"@id\":\"https:\/\/blogg.svenskakyrkan.se\/mittlivsomprast\/2023\/06\/06\/hemma\/\",\"url\":\"https:\/\/blogg.svenskakyrkan.se\/mittlivsomprast\/2023\/06\/06\/hemma\/\",\"name\":\"Hemma - Mitt liv som pr\u00e4st\",\"isPartOf\":{\"@id\":\"https:\/\/blogg.svenskakyrkan.se\/mittlivsomprast\/#website\"},\"primaryImageOfPage\":{\"@id\":\"https:\/\/blogg.svenskakyrkan.se\/mittlivsomprast\/2023\/06\/06\/hemma\/#primaryimage\"},\"image\":{\"@id\":\"https:\/\/blogg.svenskakyrkan.se\/mittlivsomprast\/2023\/06\/06\/hemma\/#primaryimage\"},\"thumbnailUrl\":\"http:\/\/blogg.svenskakyrkan.se\/mittlivsomprast\/files\/2023\/06\/IMG_0738-768x1024.jpeg\",\"datePublished\":\"2023-06-06T19:40:12+00:00\",\"dateModified\":\"2023-06-06T20:07:50+00:00\",\"author\":{\"@id\":\"https:\/\/blogg.svenskakyrkan.se\/mittlivsomprast\/#\/schema\/person\/0473aad3790cc4ff9e1649c1c3bf7ecd\"},\"breadcrumb\":{\"@id\":\"https:\/\/blogg.svenskakyrkan.se\/mittlivsomprast\/2023\/06\/06\/hemma\/#breadcrumb\"},\"inLanguage\":\"sv-SE\",\"potentialAction\":[{\"@type\":\"ReadAction\",\"target\":[\"https:\/\/blogg.svenskakyrkan.se\/mittlivsomprast\/2023\/06\/06\/hemma\/\"]}]},{\"@type\":\"ImageObject\",\"inLanguage\":\"sv-SE\",\"@id\":\"https:\/\/blogg.svenskakyrkan.se\/mittlivsomprast\/2023\/06\/06\/hemma\/#primaryimage\",\"url\":\"http:\/\/blogg.svenskakyrkan.se\/mittlivsomprast\/files\/2023\/06\/IMG_0738-768x1024.jpeg\",\"contentUrl\":\"http:\/\/blogg.svenskakyrkan.se\/mittlivsomprast\/files\/2023\/06\/IMG_0738-768x1024.jpeg\"},{\"@type\":\"BreadcrumbList\",\"@id\":\"https:\/\/blogg.svenskakyrkan.se\/mittlivsomprast\/2023\/06\/06\/hemma\/#breadcrumb\",\"itemListElement\":[{\"@type\":\"ListItem\",\"position\":1,\"name\":\"Hem\",\"item\":\"https:\/\/blogg.svenskakyrkan.se\/mittlivsomprast\/\"},{\"@type\":\"ListItem\",\"position\":2,\"name\":\"Hemma\"}]},{\"@type\":\"WebSite\",\"@id\":\"https:\/\/blogg.svenskakyrkan.se\/mittlivsomprast\/#website\",\"url\":\"https:\/\/blogg.svenskakyrkan.se\/mittlivsomprast\/\",\"name\":\"Mitt liv som pr\u00e4st\",\"description\":\"M\u00e4nniska. Morsa. Pr\u00e4st. I den ordningen.\",\"potentialAction\":[{\"@type\":\"SearchAction\",\"target\":{\"@type\":\"EntryPoint\",\"urlTemplate\":\"https:\/\/blogg.svenskakyrkan.se\/mittlivsomprast\/?s={search_term_string}\"},\"query-input\":{\"@type\":\"PropertyValueSpecification\",\"valueRequired\":true,\"valueName\":\"search_term_string\"}}],\"inLanguage\":\"sv-SE\"},{\"@type\":\"Person\",\"@id\":\"https:\/\/blogg.svenskakyrkan.se\/mittlivsomprast\/#\/schema\/person\/0473aad3790cc4ff9e1649c1c3bf7ecd\",\"name\":\"mittlivsomprast\",\"image\":{\"@type\":\"ImageObject\",\"inLanguage\":\"sv-SE\",\"@id\":\"https:\/\/blogg.svenskakyrkan.se\/mittlivsomprast\/#\/schema\/person\/image\/\",\"url\":\"https:\/\/secure.gravatar.com\/avatar\/141dab46d1d92e1e39f0c75a179413f3aea45ce97940378761c3263f4e82b8ac?s=96&d=mm&r=g\",\"contentUrl\":\"https:\/\/secure.gravatar.com\/avatar\/141dab46d1d92e1e39f0c75a179413f3aea45ce97940378761c3263f4e82b8ac?s=96&d=mm&r=g\",\"caption\":\"mittlivsomprast\"},\"description\":\"M\u00e4nniska. Morsa. Pr\u00e4st. I den ordningen.\",\"url\":\"https:\/\/blogg.svenskakyrkan.se\/mittlivsomprast\/author\/mittliivsomprast\/\"}]}<\/script>\n<!-- \/ Yoast SEO plugin. -->","yoast_head_json":{"title":"Hemma - Mitt liv som pr\u00e4st","robots":{"index":"index","follow":"follow","max-snippet":"max-snippet:-1","max-image-preview":"max-image-preview:large","max-video-preview":"max-video-preview:-1"},"canonical":"https:\/\/blogg.svenskakyrkan.se\/mittlivsomprast\/2023\/06\/06\/hemma\/","og_locale":"sv_SE","og_type":"article","og_title":"Hemma - Mitt liv som pr\u00e4st","og_description":"Hemma!&nbsp; Kanske \u00e4r hemma ett av de vackraste orden. T\u00e4nk s\u00e5 m\u00e5nga vackra meningar men kan s\u00e4ga\u2026. V\u00e4lkommen hem!&nbsp;Kom hem till mig!&nbsp;Jag \u00e4r hemma!&nbsp;Eller \u00e4nnu b\u00e4ttre: jag \u00e4r hemma,\u00e4lskling! K\u00e4nn dig som hemma!&nbsp; Hemma &#8211; det \u00e4r min plats p\u00e5 jorden. D\u00e4r jag kan skapa en trygg plats. En plats att vila p\u00e5, en plats [&hellip;]","og_url":"https:\/\/blogg.svenskakyrkan.se\/mittlivsomprast\/2023\/06\/06\/hemma\/","og_site_name":"Mitt liv som pr\u00e4st","article_published_time":"2023-06-06T19:40:12+00:00","article_modified_time":"2023-06-06T20:07:50+00:00","og_image":[{"url":"http:\/\/blogg.svenskakyrkan.se\/mittlivsomprast\/files\/2023\/06\/IMG_0738-768x1024.jpeg","type":"","width":"","height":""}],"author":"mittlivsomprast","twitter_card":"summary_large_image","twitter_misc":{"Skriven av":"mittlivsomprast","Ber\u00e4knad l\u00e4stid":"5 minuter"},"schema":{"@context":"https:\/\/schema.org","@graph":[{"@type":"Article","@id":"https:\/\/blogg.svenskakyrkan.se\/mittlivsomprast\/2023\/06\/06\/hemma\/#article","isPartOf":{"@id":"https:\/\/blogg.svenskakyrkan.se\/mittlivsomprast\/2023\/06\/06\/hemma\/"},"author":{"name":"mittlivsomprast","@id":"https:\/\/blogg.svenskakyrkan.se\/mittlivsomprast\/#\/schema\/person\/0473aad3790cc4ff9e1649c1c3bf7ecd"},"headline":"Hemma","datePublished":"2023-06-06T19:40:12+00:00","dateModified":"2023-06-06T20:07:50+00:00","mainEntityOfPage":{"@id":"https:\/\/blogg.svenskakyrkan.se\/mittlivsomprast\/2023\/06\/06\/hemma\/"},"wordCount":1048,"commentCount":0,"image":{"@id":"https:\/\/blogg.svenskakyrkan.se\/mittlivsomprast\/2023\/06\/06\/hemma\/#primaryimage"},"thumbnailUrl":"http:\/\/blogg.svenskakyrkan.se\/mittlivsomprast\/files\/2023\/06\/IMG_0738-768x1024.jpeg","inLanguage":"sv-SE","potentialAction":[{"@type":"CommentAction","name":"Comment","target":["https:\/\/blogg.svenskakyrkan.se\/mittlivsomprast\/2023\/06\/06\/hemma\/#respond"]}]},{"@type":"WebPage","@id":"https:\/\/blogg.svenskakyrkan.se\/mittlivsomprast\/2023\/06\/06\/hemma\/","url":"https:\/\/blogg.svenskakyrkan.se\/mittlivsomprast\/2023\/06\/06\/hemma\/","name":"Hemma - Mitt liv som pr\u00e4st","isPartOf":{"@id":"https:\/\/blogg.svenskakyrkan.se\/mittlivsomprast\/#website"},"primaryImageOfPage":{"@id":"https:\/\/blogg.svenskakyrkan.se\/mittlivsomprast\/2023\/06\/06\/hemma\/#primaryimage"},"image":{"@id":"https:\/\/blogg.svenskakyrkan.se\/mittlivsomprast\/2023\/06\/06\/hemma\/#primaryimage"},"thumbnailUrl":"http:\/\/blogg.svenskakyrkan.se\/mittlivsomprast\/files\/2023\/06\/IMG_0738-768x1024.jpeg","datePublished":"2023-06-06T19:40:12+00:00","dateModified":"2023-06-06T20:07:50+00:00","author":{"@id":"https:\/\/blogg.svenskakyrkan.se\/mittlivsomprast\/#\/schema\/person\/0473aad3790cc4ff9e1649c1c3bf7ecd"},"breadcrumb":{"@id":"https:\/\/blogg.svenskakyrkan.se\/mittlivsomprast\/2023\/06\/06\/hemma\/#breadcrumb"},"inLanguage":"sv-SE","potentialAction":[{"@type":"ReadAction","target":["https:\/\/blogg.svenskakyrkan.se\/mittlivsomprast\/2023\/06\/06\/hemma\/"]}]},{"@type":"ImageObject","inLanguage":"sv-SE","@id":"https:\/\/blogg.svenskakyrkan.se\/mittlivsomprast\/2023\/06\/06\/hemma\/#primaryimage","url":"http:\/\/blogg.svenskakyrkan.se\/mittlivsomprast\/files\/2023\/06\/IMG_0738-768x1024.jpeg","contentUrl":"http:\/\/blogg.svenskakyrkan.se\/mittlivsomprast\/files\/2023\/06\/IMG_0738-768x1024.jpeg"},{"@type":"BreadcrumbList","@id":"https:\/\/blogg.svenskakyrkan.se\/mittlivsomprast\/2023\/06\/06\/hemma\/#breadcrumb","itemListElement":[{"@type":"ListItem","position":1,"name":"Hem","item":"https:\/\/blogg.svenskakyrkan.se\/mittlivsomprast\/"},{"@type":"ListItem","position":2,"name":"Hemma"}]},{"@type":"WebSite","@id":"https:\/\/blogg.svenskakyrkan.se\/mittlivsomprast\/#website","url":"https:\/\/blogg.svenskakyrkan.se\/mittlivsomprast\/","name":"Mitt liv som pr\u00e4st","description":"M\u00e4nniska. Morsa. Pr\u00e4st. I den ordningen.","potentialAction":[{"@type":"SearchAction","target":{"@type":"EntryPoint","urlTemplate":"https:\/\/blogg.svenskakyrkan.se\/mittlivsomprast\/?s={search_term_string}"},"query-input":{"@type":"PropertyValueSpecification","valueRequired":true,"valueName":"search_term_string"}}],"inLanguage":"sv-SE"},{"@type":"Person","@id":"https:\/\/blogg.svenskakyrkan.se\/mittlivsomprast\/#\/schema\/person\/0473aad3790cc4ff9e1649c1c3bf7ecd","name":"mittlivsomprast","image":{"@type":"ImageObject","inLanguage":"sv-SE","@id":"https:\/\/blogg.svenskakyrkan.se\/mittlivsomprast\/#\/schema\/person\/image\/","url":"https:\/\/secure.gravatar.com\/avatar\/141dab46d1d92e1e39f0c75a179413f3aea45ce97940378761c3263f4e82b8ac?s=96&d=mm&r=g","contentUrl":"https:\/\/secure.gravatar.com\/avatar\/141dab46d1d92e1e39f0c75a179413f3aea45ce97940378761c3263f4e82b8ac?s=96&d=mm&r=g","caption":"mittlivsomprast"},"description":"M\u00e4nniska. Morsa. Pr\u00e4st. I den ordningen.","url":"https:\/\/blogg.svenskakyrkan.se\/mittlivsomprast\/author\/mittliivsomprast\/"}]}},"author_meta":{"ID":"596","user_nicename":"mittliivsomprast","user_registered":"2016-10-07 12:48:49","display_name":"mittlivsomprast","first_name":"Katarina","last_name":"Johansson","avatar":"https:\/\/blogg.svenskakyrkan.se\/mittlivsomprast\/files\/2023\/05\/KJ-tatoo-sv-150x150.jpeg"},"featured_image":false,"bloginfo":{"name":"Mitt liv som pr\u00e4st","url":"https:\/\/blogg.svenskakyrkan.se\/mittlivsomprast"},"_links":{"self":[{"href":"https:\/\/blogg.svenskakyrkan.se\/mittlivsomprast\/wp-json\/wp\/v2\/posts\/554","targetHints":{"allow":["GET"]}}],"collection":[{"href":"https:\/\/blogg.svenskakyrkan.se\/mittlivsomprast\/wp-json\/wp\/v2\/posts"}],"about":[{"href":"https:\/\/blogg.svenskakyrkan.se\/mittlivsomprast\/wp-json\/wp\/v2\/types\/post"}],"author":[{"embeddable":true,"href":"https:\/\/blogg.svenskakyrkan.se\/mittlivsomprast\/wp-json\/wp\/v2\/users\/596"}],"replies":[{"embeddable":true,"href":"https:\/\/blogg.svenskakyrkan.se\/mittlivsomprast\/wp-json\/wp\/v2\/comments?post=554"}],"version-history":[{"count":2,"href":"https:\/\/blogg.svenskakyrkan.se\/mittlivsomprast\/wp-json\/wp\/v2\/posts\/554\/revisions"}],"predecessor-version":[{"id":559,"href":"https:\/\/blogg.svenskakyrkan.se\/mittlivsomprast\/wp-json\/wp\/v2\/posts\/554\/revisions\/559"}],"wp:attachment":[{"href":"https:\/\/blogg.svenskakyrkan.se\/mittlivsomprast\/wp-json\/wp\/v2\/media?parent=554"}],"wp:term":[{"taxonomy":"category","embeddable":true,"href":"https:\/\/blogg.svenskakyrkan.se\/mittlivsomprast\/wp-json\/wp\/v2\/categories?post=554"},{"taxonomy":"post_tag","embeddable":true,"href":"https:\/\/blogg.svenskakyrkan.se\/mittlivsomprast\/wp-json\/wp\/v2\/tags?post=554"}],"curies":[{"name":"wp","href":"https:\/\/api.w.org\/{rel}","templated":true}]}}