{"id":560,"date":"2023-06-24T19:48:03","date_gmt":"2023-06-24T17:48:03","guid":{"rendered":"https:\/\/blogg.svenskakyrkan.se\/mittlivsomprast\/?p=560"},"modified":"2023-06-24T19:50:16","modified_gmt":"2023-06-24T17:50:16","slug":"om-vi-delar-racker-det-at-alla","status":"publish","type":"post","link":"https:\/\/blogg.svenskakyrkan.se\/mittlivsomprast\/2023\/06\/24\/om-vi-delar-racker-det-at-alla\/","title":{"rendered":"Om vi delar r\u00e4cker det \u00e5t alla!"},"content":{"rendered":"\n<p><em>Predikan midsommardagen&nbsp;Skapelsen &#8211; br\u00f6dundret&nbsp;<\/em><\/p>\n\n\n\n<figure class=\"wp-block-image size-large\"><a href=\"https:\/\/blogg.svenskakyrkan.se\/mittlivsomprast\/files\/2023\/06\/IMG_0846-scaled.jpeg\"><img loading=\"lazy\" decoding=\"async\" width=\"768\" height=\"1024\" src=\"https:\/\/blogg.svenskakyrkan.se\/mittlivsomprast\/files\/2023\/06\/IMG_0846-768x1024.jpeg\" alt=\"\" class=\"wp-image-563\" srcset=\"https:\/\/blogg.svenskakyrkan.se\/mittlivsomprast\/files\/2023\/06\/IMG_0846-768x1024.jpeg 768w, https:\/\/blogg.svenskakyrkan.se\/mittlivsomprast\/files\/2023\/06\/IMG_0846-225x300.jpeg 225w, https:\/\/blogg.svenskakyrkan.se\/mittlivsomprast\/files\/2023\/06\/IMG_0846-1152x1536.jpeg 1152w, https:\/\/blogg.svenskakyrkan.se\/mittlivsomprast\/files\/2023\/06\/IMG_0846-1536x2048.jpeg 1536w, https:\/\/blogg.svenskakyrkan.se\/mittlivsomprast\/files\/2023\/06\/IMG_0846-1200x1600.jpeg 1200w, https:\/\/blogg.svenskakyrkan.se\/mittlivsomprast\/files\/2023\/06\/IMG_0846-scaled.jpeg 1920w\" sizes=\"auto, (max-width: 768px) 100vw, 768px\" \/><\/a><\/figure>\n\n\n\n<p>Har ni varit med om ett br\u00f6dunder?&nbsp;Det har jag varit. M\u00e5nga g\u00e5nger. senast ig\u00e5r faktiskt, d\u00e5 vi firade midsommar. Vi skulle fira n\u00e5gonstans mellan 3 och 6 personer, det varierade lite under veckan. Men jag t\u00e4nkte att vi klarar oss med lagom mycket med mat! Men s\u00e5 kom g\u00e4sten med tre l\u00e5dor fina jordgubbar och s\u00e5 blev det som vanligt alldeles f\u00f6r mycket mat &#8211; och hade r\u00e4ckt till fem personer till. s\u00e5 brukar det vara p\u00e5 h\u00f6gtider och och kalas hos oss. Min morfar sa alltid: &#8221;kom fattigdom och tr\u00e4ng dig in!&#8221; n\u00e4r han s\u00e5g matbordet. Han v\u00e4xte upp mycket fattig, s\u00e5 att han gick hungrig ofta. det pr\u00e4glade honom hela livet. med det uttrycket tror jag han menade b\u00e5de att <em>Fattigdomen<\/em>, som livs omst\u00e4ndighet n\u00e4stan lika mytisk som <em>D\u00f6den<\/em> eller <em>Liemannen<\/em>, kunde f\u00f6rs\u00f6ka tr\u00e4nga sig in och f\u00f6rs\u00f6ka f\u00f6rst\u00f6ra livet f\u00f6r v\u00e5r familj &#8211; d\u00e5 skulle vi bjuda h\u00e5rt motst\u00e5nd vid julbordet och den skulle aldrig mer f\u00e5 s\u00e4tta klorna i hans familj. Men ocks\u00e5 &#8211; att den som levde i fattigdom, kunde f\u00e5 komma in, tr\u00e4ngas med oss andra vid bordet. Och bli m\u00e4tt. Lite som jultraditionen om att st\u00e4lla en extra stol vid bordet, om ni h\u00f6rt om den. Att st\u00e4lla fram en extra stol f\u00f6r fr\u00e4mlingen som kommer f\u00f6rbi, f\u00f6r den hungrige, f\u00f6r den objudne g\u00e4sten, f\u00f6r den ensamma. S\u00e5 att den som kommer, k\u00e4nner sig v\u00e4lkommen och \u00f6nskad. <\/p>\n\n\n\n<p>N\u00e4r Jesus m\u00e4ttar m\u00e5nga m\u00e4nniskor med br\u00f6d och fisk, skapas en ber\u00e4ttelse med flera plan av budskap och uppmaning. <\/p>\n\n\n\n<p>Att Jesus g\u00f6r under och d\u00e4rmed visar att han verkligen \u00e4r Gud sj\u00e4lv nedstigning till jorden i m\u00e4nniskogestalt &#8211; f\u00e5r man s\u00e4ga \u00e4r tyngsta m\u00f6jliga teologiska vinkel! Undret visar att han \u00e4r Jesus Kristus. Halleluja f\u00f6r det. <\/p>\n\n\n\n<p>men det \u00e4r ocks\u00e5 ber\u00e4ttelsen om hur Jesus tar det lilla vi kan komma med och v\u00e4lsignar s\u00e5 att det r\u00e4cker till och blir storslaget. Det handlar om kallelse och delande, om att inte vara blyg och t\u00e4nka &#8221;inte har v\u00e4l jag s\u00e5 mycket att bidra med?&#8221; N\u00e4, po\u00e4ngen \u00e4r att det \u00e4r bra att det \u00e4r s\u00e5 och att vi vet om det! F\u00f6r d\u00e5 blir det tydligt hur mycket Guds v\u00e4lsignelse betyder! Den motsvarar den ibland v\u00e4ldigt l\u00e5nga  str\u00e4ckan mellan det lilla jag tror att jag bidrar med och den stora effekten d\u00e5 jag st\u00e4ller mig till f\u00f6rfogande f\u00f6r gudsrikets utbredande. <\/p>\n\n\n\n<p>Men ber\u00e4ttelsen om br\u00f6dundret s\u00e4ger oss ocks\u00e5 att det spelar roll att vi m\u00e4nniskor delar med oss och hj\u00e4lper till! Det hade ju varit coolt om Jesus pekade med handen och ner fr\u00e5n himlen s\u00e4nkte sig bord, dukade ungef\u00e4r som till nobelfesten?! Som dignande av f\u00e4rsk frukt, nystekt kyckling och gr\u00e4ddbakelser! S\u00e5nt kan man ju om man \u00e4r Gud menar jag? Men n\u00e4stan inga av undren i bibeln \u00e4r s\u00e5na d\u00e4r hockus pockus grejer. Det \u00e4r alltid mer n\u00e4ra och vardagligt, mer m\u00e4nskligt och samtidigt gudomligt. Och d\u00e5 blir det tydligt att vi m\u00e4nniskor h\u00e4nger ihop och att det spelar roll och g\u00f6r skillnad n\u00e4r vi hj\u00e4lper varandra.&nbsp;<\/p>\n\n\n\n<p>S\u00e5 ska det ocks\u00e5 handla om skapelsen och om v\u00e5rt skapelseansvar idag. Vi har f\u00e5tt en jord att dela p\u00e5. Det inneb\u00e4r s\u00e5 h\u00e4r mycket mat och vatten. S\u00e5 h\u00e4r m\u00e5nga platser att bo p\u00e5. VI har f\u00e5tt ansvar att f\u00f6rvalta detta &#8211; och vi m\u00e5ste fr\u00e5ga oss &#8211;<em>Har vi gjort allt vi kan?&nbsp;<\/em>Det \u00e4r \u00e4rliga svaret m\u00e5ste ju bli nej. Ser vi m\u00e4nniskor omkring oss? V\u00e4rderar vi deras behov som v\u00e5ra egna ?&nbsp;Ser vi v\u00e5rt ansvar att f\u00f6rvalta jorden s\u00e5 att den r\u00e4cker till v\u00e5ra barnbarn och till deras barnbarn? <\/p>\n\n\n\n<p>I tider av klimatkris, sv\u00e4ltkatastrofer och krig &#8211; nej, vi har inte gjort tillr\u00e4ckligt. Mitt eget bidrag kanske bara \u00e4r litet, men ocks\u00e5 h\u00e4r kan vi r\u00e4kna med att det blir storslaget n\u00e4r Gud v\u00e4lsignar.<\/p>\n\n\n\n<p>Att samma princip &#8211; br\u00f6dundrets princip eller julbordets- eller midsommarbuff\u00e9ns  princip g\u00e4ller ocks\u00e5 skapelsen?!&nbsp;Att n\u00e4r vi delar &#8211; r\u00e4cker det \u00e5t alla! <\/p>\n\n\n\n<p>Det \u00e4r bara ett par dagar sedan en fiskeb\u00e5t med \u00f6ver 500 m\u00e4nniskor ombord kantrade och \u00f6ver 350 dog i medelhavet. P\u00e5 v\u00e4g fr\u00e5n krig, f\u00f6rtryck eller fattigdom, mot frihet och fred. Jag tycker det \u00e4r s\u00e5 fruktansv\u00e4rt f\u00f6rf\u00e4rligt. Det \u00e4r s\u00e5 helt ov\u00e4rdigt en t\u00e4nkande m\u00e4nsklighet. \u00c5k o h\u00e4mta! Vill jag s\u00e4ga. L\u00e5t oss ta en bra b\u00e5t och hj\u00e4lpa till! R\u00e4dda s\u00e5 m\u00e5nga vi kan, s\u00e4ga v\u00e4lkommen hit! H\u00e4r har vi fortfarande mat \u00f6ver och det st\u00e5r fortfarande en tom stol vid bordet. Och om vi delar r\u00e4cker det \u00e5t alla! &nbsp;<\/p>\n\n\n\n<p>Vi har en jord att ta hand om. H\u00e4r finns mat och vatten plats att bo p\u00e5. H\u00e4r finns fred och frihet.<\/p>\n\n\n\n<p>Men h\u00e4r finns ocks\u00e5 motsatsen. H\u00e4r finns n\u00f6d och hunger. H\u00e4r finns krig och f\u00f6rtryck. <\/p>\n\n\n\n<p>V\u00e5rt ansvar f\u00f6r Guds skapelse handlar om att vi&nbsp;&nbsp;delar med oss. Att vi delar av det vi f\u00f6rfogar \u00f6ver till andra m\u00e4nniskor och d\u00e5 v\u00e4lsignar Gud s\u00e5 att det r\u00e4cker \u00e5t alla. <\/p>\n\n\n\n<p>Vi har ett liv h\u00e4r p\u00e5 jorden. Det kan vi anv\u00e4nda f\u00f6r att se om v\u00e5rt eget. Sk\u00f6ta oss sj\u00e4lva, se till v\u00e5rt eget v\u00e4lbefinnande v\u00e5r egen lycka och v\u00e5r egen framtid. det kan vi lyckas med, men det blir heller aldrig st\u00f6rre \u00e4n s\u00e5. om vi ist\u00e4llet ger av det liv vi har och ger av den omsorgen till andra&nbsp;och f\u00f6rs\u00f6ker sprida k\u00e4rlek och medm\u00e4nsklighet i v\u00e4rlden. D\u00e5 blir ditt liv till ett br\u00f6dunder d\u00e4r Gud v\u00e4lsignar det du bidrar med, \u00e4ven om det verkar lite. S\u00e5 att du blir till v\u00e4lsignelse d\u00e4r du g\u00e5r!<\/p>\n\n\n\n<p>Om vi delar med oss: S\u00e5 r\u00e4cker mat o vatten, freden, friheten och k\u00e4rleken till alla. Det kommer fortfarande bli tolv korgar \u00f6ver. Finnas \u00e4nnu en stol ledig vid bordet. F\u00f6r n\u00e4r vi delar med oss, d\u00e5 v\u00e4lsignar Gud!<\/p>\n\n\n\n<p><\/p>\n\n\n\n<p>\/Katarina<\/p>\n\n\n","protected":false},"excerpt":{"rendered":"<p>Predikan midsommardagen&nbsp;Skapelsen &#8211; br\u00f6dundret&nbsp; Har ni varit med om ett br\u00f6dunder?&nbsp;Det har jag varit. M\u00e5nga g\u00e5nger. senast ig\u00e5r faktiskt, d\u00e5 vi firade midsommar. Vi skulle fira n\u00e5gonstans mellan 3 och 6 personer, det varierade lite under veckan. Men jag t\u00e4nkte att vi klarar oss med lagom mycket med mat! Men s\u00e5 kom g\u00e4sten med tre [&hellip;]<\/p>\n","protected":false},"author":596,"featured_media":0,"comment_status":"open","ping_status":"open","sticky":false,"template":"","format":"standard","meta":{"_acf_changed":false,"footnotes":""},"categories":[9],"tags":[],"class_list":["post-560","post","type-post","status-publish","format-standard","hentry","category-okategoriserade"],"acf":[],"yoast_head":"<!-- This site is optimized with the Yoast SEO plugin v27.1.1 - https:\/\/yoast.com\/product\/yoast-seo-wordpress\/ -->\n<title>Om vi delar r\u00e4cker det \u00e5t alla! - Mitt liv som pr\u00e4st<\/title>\n<meta name=\"robots\" content=\"index, follow, max-snippet:-1, max-image-preview:large, max-video-preview:-1\" \/>\n<link rel=\"canonical\" href=\"https:\/\/blogg.svenskakyrkan.se\/mittlivsomprast\/2023\/06\/24\/om-vi-delar-racker-det-at-alla\/\" \/>\n<meta property=\"og:locale\" content=\"sv_SE\" \/>\n<meta property=\"og:type\" content=\"article\" \/>\n<meta property=\"og:title\" content=\"Om vi delar r\u00e4cker det \u00e5t alla! - Mitt liv som pr\u00e4st\" \/>\n<meta property=\"og:description\" content=\"Predikan midsommardagen&nbsp;Skapelsen &#8211; br\u00f6dundret&nbsp; Har ni varit med om ett br\u00f6dunder?&nbsp;Det har jag varit. M\u00e5nga g\u00e5nger. senast ig\u00e5r faktiskt, d\u00e5 vi firade midsommar. Vi skulle fira n\u00e5gonstans mellan 3 och 6 personer, det varierade lite under veckan. Men jag t\u00e4nkte att vi klarar oss med lagom mycket med mat! Men s\u00e5 kom g\u00e4sten med tre [&hellip;]\" \/>\n<meta property=\"og:url\" content=\"https:\/\/blogg.svenskakyrkan.se\/mittlivsomprast\/2023\/06\/24\/om-vi-delar-racker-det-at-alla\/\" \/>\n<meta property=\"og:site_name\" content=\"Mitt liv som pr\u00e4st\" \/>\n<meta property=\"article:published_time\" content=\"2023-06-24T17:48:03+00:00\" \/>\n<meta property=\"article:modified_time\" content=\"2023-06-24T17:50:16+00:00\" \/>\n<meta property=\"og:image\" content=\"https:\/\/blogg.svenskakyrkan.se\/mittlivsomprast\/files\/2023\/06\/IMG_0846-768x1024.jpeg\" \/>\n<meta name=\"author\" content=\"mittlivsomprast\" \/>\n<meta name=\"twitter:card\" content=\"summary_large_image\" \/>\n<meta name=\"twitter:label1\" content=\"Skriven av\" \/>\n\t<meta name=\"twitter:data1\" content=\"mittlivsomprast\" \/>\n\t<meta name=\"twitter:label2\" content=\"Ber\u00e4knad l\u00e4stid\" \/>\n\t<meta name=\"twitter:data2\" content=\"6 minuter\" \/>\n<script type=\"application\/ld+json\" class=\"yoast-schema-graph\">{\"@context\":\"https:\/\/schema.org\",\"@graph\":[{\"@type\":\"Article\",\"@id\":\"https:\/\/blogg.svenskakyrkan.se\/mittlivsomprast\/2023\/06\/24\/om-vi-delar-racker-det-at-alla\/#article\",\"isPartOf\":{\"@id\":\"https:\/\/blogg.svenskakyrkan.se\/mittlivsomprast\/2023\/06\/24\/om-vi-delar-racker-det-at-alla\/\"},\"author\":{\"name\":\"mittlivsomprast\",\"@id\":\"https:\/\/blogg.svenskakyrkan.se\/mittlivsomprast\/#\/schema\/person\/0473aad3790cc4ff9e1649c1c3bf7ecd\"},\"headline\":\"Om vi delar r\u00e4cker det \u00e5t alla!\",\"datePublished\":\"2023-06-24T17:48:03+00:00\",\"dateModified\":\"2023-06-24T17:50:16+00:00\",\"mainEntityOfPage\":{\"@id\":\"https:\/\/blogg.svenskakyrkan.se\/mittlivsomprast\/2023\/06\/24\/om-vi-delar-racker-det-at-alla\/\"},\"wordCount\":1161,\"commentCount\":0,\"image\":{\"@id\":\"https:\/\/blogg.svenskakyrkan.se\/mittlivsomprast\/2023\/06\/24\/om-vi-delar-racker-det-at-alla\/#primaryimage\"},\"thumbnailUrl\":\"https:\/\/blogg.svenskakyrkan.se\/mittlivsomprast\/files\/2023\/06\/IMG_0846-768x1024.jpeg\",\"inLanguage\":\"sv-SE\",\"potentialAction\":[{\"@type\":\"CommentAction\",\"name\":\"Comment\",\"target\":[\"https:\/\/blogg.svenskakyrkan.se\/mittlivsomprast\/2023\/06\/24\/om-vi-delar-racker-det-at-alla\/#respond\"]}]},{\"@type\":\"WebPage\",\"@id\":\"https:\/\/blogg.svenskakyrkan.se\/mittlivsomprast\/2023\/06\/24\/om-vi-delar-racker-det-at-alla\/\",\"url\":\"https:\/\/blogg.svenskakyrkan.se\/mittlivsomprast\/2023\/06\/24\/om-vi-delar-racker-det-at-alla\/\",\"name\":\"Om vi delar r\u00e4cker det \u00e5t alla! - Mitt liv som pr\u00e4st\",\"isPartOf\":{\"@id\":\"https:\/\/blogg.svenskakyrkan.se\/mittlivsomprast\/#website\"},\"primaryImageOfPage\":{\"@id\":\"https:\/\/blogg.svenskakyrkan.se\/mittlivsomprast\/2023\/06\/24\/om-vi-delar-racker-det-at-alla\/#primaryimage\"},\"image\":{\"@id\":\"https:\/\/blogg.svenskakyrkan.se\/mittlivsomprast\/2023\/06\/24\/om-vi-delar-racker-det-at-alla\/#primaryimage\"},\"thumbnailUrl\":\"https:\/\/blogg.svenskakyrkan.se\/mittlivsomprast\/files\/2023\/06\/IMG_0846-768x1024.jpeg\",\"datePublished\":\"2023-06-24T17:48:03+00:00\",\"dateModified\":\"2023-06-24T17:50:16+00:00\",\"author\":{\"@id\":\"https:\/\/blogg.svenskakyrkan.se\/mittlivsomprast\/#\/schema\/person\/0473aad3790cc4ff9e1649c1c3bf7ecd\"},\"breadcrumb\":{\"@id\":\"https:\/\/blogg.svenskakyrkan.se\/mittlivsomprast\/2023\/06\/24\/om-vi-delar-racker-det-at-alla\/#breadcrumb\"},\"inLanguage\":\"sv-SE\",\"potentialAction\":[{\"@type\":\"ReadAction\",\"target\":[\"https:\/\/blogg.svenskakyrkan.se\/mittlivsomprast\/2023\/06\/24\/om-vi-delar-racker-det-at-alla\/\"]}]},{\"@type\":\"ImageObject\",\"inLanguage\":\"sv-SE\",\"@id\":\"https:\/\/blogg.svenskakyrkan.se\/mittlivsomprast\/2023\/06\/24\/om-vi-delar-racker-det-at-alla\/#primaryimage\",\"url\":\"https:\/\/blogg.svenskakyrkan.se\/mittlivsomprast\/files\/2023\/06\/IMG_0846-768x1024.jpeg\",\"contentUrl\":\"https:\/\/blogg.svenskakyrkan.se\/mittlivsomprast\/files\/2023\/06\/IMG_0846-768x1024.jpeg\"},{\"@type\":\"BreadcrumbList\",\"@id\":\"https:\/\/blogg.svenskakyrkan.se\/mittlivsomprast\/2023\/06\/24\/om-vi-delar-racker-det-at-alla\/#breadcrumb\",\"itemListElement\":[{\"@type\":\"ListItem\",\"position\":1,\"name\":\"Hem\",\"item\":\"https:\/\/blogg.svenskakyrkan.se\/mittlivsomprast\/\"},{\"@type\":\"ListItem\",\"position\":2,\"name\":\"Om vi delar r\u00e4cker det \u00e5t alla!\"}]},{\"@type\":\"WebSite\",\"@id\":\"https:\/\/blogg.svenskakyrkan.se\/mittlivsomprast\/#website\",\"url\":\"https:\/\/blogg.svenskakyrkan.se\/mittlivsomprast\/\",\"name\":\"Mitt liv som pr\u00e4st\",\"description\":\"M\u00e4nniska. Morsa. Pr\u00e4st. I den ordningen.\",\"potentialAction\":[{\"@type\":\"SearchAction\",\"target\":{\"@type\":\"EntryPoint\",\"urlTemplate\":\"https:\/\/blogg.svenskakyrkan.se\/mittlivsomprast\/?s={search_term_string}\"},\"query-input\":{\"@type\":\"PropertyValueSpecification\",\"valueRequired\":true,\"valueName\":\"search_term_string\"}}],\"inLanguage\":\"sv-SE\"},{\"@type\":\"Person\",\"@id\":\"https:\/\/blogg.svenskakyrkan.se\/mittlivsomprast\/#\/schema\/person\/0473aad3790cc4ff9e1649c1c3bf7ecd\",\"name\":\"mittlivsomprast\",\"image\":{\"@type\":\"ImageObject\",\"inLanguage\":\"sv-SE\",\"@id\":\"https:\/\/blogg.svenskakyrkan.se\/mittlivsomprast\/#\/schema\/person\/image\/\",\"url\":\"https:\/\/secure.gravatar.com\/avatar\/141dab46d1d92e1e39f0c75a179413f3aea45ce97940378761c3263f4e82b8ac?s=96&d=mm&r=g\",\"contentUrl\":\"https:\/\/secure.gravatar.com\/avatar\/141dab46d1d92e1e39f0c75a179413f3aea45ce97940378761c3263f4e82b8ac?s=96&d=mm&r=g\",\"caption\":\"mittlivsomprast\"},\"description\":\"M\u00e4nniska. Morsa. Pr\u00e4st. I den ordningen.\",\"url\":\"https:\/\/blogg.svenskakyrkan.se\/mittlivsomprast\/author\/mittliivsomprast\/\"}]}<\/script>\n<!-- \/ Yoast SEO plugin. -->","yoast_head_json":{"title":"Om vi delar r\u00e4cker det \u00e5t alla! - Mitt liv som pr\u00e4st","robots":{"index":"index","follow":"follow","max-snippet":"max-snippet:-1","max-image-preview":"max-image-preview:large","max-video-preview":"max-video-preview:-1"},"canonical":"https:\/\/blogg.svenskakyrkan.se\/mittlivsomprast\/2023\/06\/24\/om-vi-delar-racker-det-at-alla\/","og_locale":"sv_SE","og_type":"article","og_title":"Om vi delar r\u00e4cker det \u00e5t alla! - Mitt liv som pr\u00e4st","og_description":"Predikan midsommardagen&nbsp;Skapelsen &#8211; br\u00f6dundret&nbsp; Har ni varit med om ett br\u00f6dunder?&nbsp;Det har jag varit. M\u00e5nga g\u00e5nger. senast ig\u00e5r faktiskt, d\u00e5 vi firade midsommar. Vi skulle fira n\u00e5gonstans mellan 3 och 6 personer, det varierade lite under veckan. Men jag t\u00e4nkte att vi klarar oss med lagom mycket med mat! Men s\u00e5 kom g\u00e4sten med tre [&hellip;]","og_url":"https:\/\/blogg.svenskakyrkan.se\/mittlivsomprast\/2023\/06\/24\/om-vi-delar-racker-det-at-alla\/","og_site_name":"Mitt liv som pr\u00e4st","article_published_time":"2023-06-24T17:48:03+00:00","article_modified_time":"2023-06-24T17:50:16+00:00","og_image":[{"url":"https:\/\/blogg.svenskakyrkan.se\/mittlivsomprast\/files\/2023\/06\/IMG_0846-768x1024.jpeg","type":"","width":"","height":""}],"author":"mittlivsomprast","twitter_card":"summary_large_image","twitter_misc":{"Skriven av":"mittlivsomprast","Ber\u00e4knad l\u00e4stid":"6 minuter"},"schema":{"@context":"https:\/\/schema.org","@graph":[{"@type":"Article","@id":"https:\/\/blogg.svenskakyrkan.se\/mittlivsomprast\/2023\/06\/24\/om-vi-delar-racker-det-at-alla\/#article","isPartOf":{"@id":"https:\/\/blogg.svenskakyrkan.se\/mittlivsomprast\/2023\/06\/24\/om-vi-delar-racker-det-at-alla\/"},"author":{"name":"mittlivsomprast","@id":"https:\/\/blogg.svenskakyrkan.se\/mittlivsomprast\/#\/schema\/person\/0473aad3790cc4ff9e1649c1c3bf7ecd"},"headline":"Om vi delar r\u00e4cker det \u00e5t alla!","datePublished":"2023-06-24T17:48:03+00:00","dateModified":"2023-06-24T17:50:16+00:00","mainEntityOfPage":{"@id":"https:\/\/blogg.svenskakyrkan.se\/mittlivsomprast\/2023\/06\/24\/om-vi-delar-racker-det-at-alla\/"},"wordCount":1161,"commentCount":0,"image":{"@id":"https:\/\/blogg.svenskakyrkan.se\/mittlivsomprast\/2023\/06\/24\/om-vi-delar-racker-det-at-alla\/#primaryimage"},"thumbnailUrl":"https:\/\/blogg.svenskakyrkan.se\/mittlivsomprast\/files\/2023\/06\/IMG_0846-768x1024.jpeg","inLanguage":"sv-SE","potentialAction":[{"@type":"CommentAction","name":"Comment","target":["https:\/\/blogg.svenskakyrkan.se\/mittlivsomprast\/2023\/06\/24\/om-vi-delar-racker-det-at-alla\/#respond"]}]},{"@type":"WebPage","@id":"https:\/\/blogg.svenskakyrkan.se\/mittlivsomprast\/2023\/06\/24\/om-vi-delar-racker-det-at-alla\/","url":"https:\/\/blogg.svenskakyrkan.se\/mittlivsomprast\/2023\/06\/24\/om-vi-delar-racker-det-at-alla\/","name":"Om vi delar r\u00e4cker det \u00e5t alla! - Mitt liv som pr\u00e4st","isPartOf":{"@id":"https:\/\/blogg.svenskakyrkan.se\/mittlivsomprast\/#website"},"primaryImageOfPage":{"@id":"https:\/\/blogg.svenskakyrkan.se\/mittlivsomprast\/2023\/06\/24\/om-vi-delar-racker-det-at-alla\/#primaryimage"},"image":{"@id":"https:\/\/blogg.svenskakyrkan.se\/mittlivsomprast\/2023\/06\/24\/om-vi-delar-racker-det-at-alla\/#primaryimage"},"thumbnailUrl":"https:\/\/blogg.svenskakyrkan.se\/mittlivsomprast\/files\/2023\/06\/IMG_0846-768x1024.jpeg","datePublished":"2023-06-24T17:48:03+00:00","dateModified":"2023-06-24T17:50:16+00:00","author":{"@id":"https:\/\/blogg.svenskakyrkan.se\/mittlivsomprast\/#\/schema\/person\/0473aad3790cc4ff9e1649c1c3bf7ecd"},"breadcrumb":{"@id":"https:\/\/blogg.svenskakyrkan.se\/mittlivsomprast\/2023\/06\/24\/om-vi-delar-racker-det-at-alla\/#breadcrumb"},"inLanguage":"sv-SE","potentialAction":[{"@type":"ReadAction","target":["https:\/\/blogg.svenskakyrkan.se\/mittlivsomprast\/2023\/06\/24\/om-vi-delar-racker-det-at-alla\/"]}]},{"@type":"ImageObject","inLanguage":"sv-SE","@id":"https:\/\/blogg.svenskakyrkan.se\/mittlivsomprast\/2023\/06\/24\/om-vi-delar-racker-det-at-alla\/#primaryimage","url":"https:\/\/blogg.svenskakyrkan.se\/mittlivsomprast\/files\/2023\/06\/IMG_0846-768x1024.jpeg","contentUrl":"https:\/\/blogg.svenskakyrkan.se\/mittlivsomprast\/files\/2023\/06\/IMG_0846-768x1024.jpeg"},{"@type":"BreadcrumbList","@id":"https:\/\/blogg.svenskakyrkan.se\/mittlivsomprast\/2023\/06\/24\/om-vi-delar-racker-det-at-alla\/#breadcrumb","itemListElement":[{"@type":"ListItem","position":1,"name":"Hem","item":"https:\/\/blogg.svenskakyrkan.se\/mittlivsomprast\/"},{"@type":"ListItem","position":2,"name":"Om vi delar r\u00e4cker det \u00e5t alla!"}]},{"@type":"WebSite","@id":"https:\/\/blogg.svenskakyrkan.se\/mittlivsomprast\/#website","url":"https:\/\/blogg.svenskakyrkan.se\/mittlivsomprast\/","name":"Mitt liv som pr\u00e4st","description":"M\u00e4nniska. Morsa. Pr\u00e4st. I den ordningen.","potentialAction":[{"@type":"SearchAction","target":{"@type":"EntryPoint","urlTemplate":"https:\/\/blogg.svenskakyrkan.se\/mittlivsomprast\/?s={search_term_string}"},"query-input":{"@type":"PropertyValueSpecification","valueRequired":true,"valueName":"search_term_string"}}],"inLanguage":"sv-SE"},{"@type":"Person","@id":"https:\/\/blogg.svenskakyrkan.se\/mittlivsomprast\/#\/schema\/person\/0473aad3790cc4ff9e1649c1c3bf7ecd","name":"mittlivsomprast","image":{"@type":"ImageObject","inLanguage":"sv-SE","@id":"https:\/\/blogg.svenskakyrkan.se\/mittlivsomprast\/#\/schema\/person\/image\/","url":"https:\/\/secure.gravatar.com\/avatar\/141dab46d1d92e1e39f0c75a179413f3aea45ce97940378761c3263f4e82b8ac?s=96&d=mm&r=g","contentUrl":"https:\/\/secure.gravatar.com\/avatar\/141dab46d1d92e1e39f0c75a179413f3aea45ce97940378761c3263f4e82b8ac?s=96&d=mm&r=g","caption":"mittlivsomprast"},"description":"M\u00e4nniska. Morsa. Pr\u00e4st. I den ordningen.","url":"https:\/\/blogg.svenskakyrkan.se\/mittlivsomprast\/author\/mittliivsomprast\/"}]}},"author_meta":{"ID":"596","user_nicename":"mittliivsomprast","user_registered":"2016-10-07 12:48:49","display_name":"mittlivsomprast","first_name":"Katarina","last_name":"Johansson","avatar":"https:\/\/blogg.svenskakyrkan.se\/mittlivsomprast\/files\/2023\/05\/KJ-tatoo-sv-150x150.jpeg"},"featured_image":false,"bloginfo":{"name":"Mitt liv som pr\u00e4st","url":"https:\/\/blogg.svenskakyrkan.se\/mittlivsomprast"},"_links":{"self":[{"href":"https:\/\/blogg.svenskakyrkan.se\/mittlivsomprast\/wp-json\/wp\/v2\/posts\/560","targetHints":{"allow":["GET"]}}],"collection":[{"href":"https:\/\/blogg.svenskakyrkan.se\/mittlivsomprast\/wp-json\/wp\/v2\/posts"}],"about":[{"href":"https:\/\/blogg.svenskakyrkan.se\/mittlivsomprast\/wp-json\/wp\/v2\/types\/post"}],"author":[{"embeddable":true,"href":"https:\/\/blogg.svenskakyrkan.se\/mittlivsomprast\/wp-json\/wp\/v2\/users\/596"}],"replies":[{"embeddable":true,"href":"https:\/\/blogg.svenskakyrkan.se\/mittlivsomprast\/wp-json\/wp\/v2\/comments?post=560"}],"version-history":[{"count":2,"href":"https:\/\/blogg.svenskakyrkan.se\/mittlivsomprast\/wp-json\/wp\/v2\/posts\/560\/revisions"}],"predecessor-version":[{"id":565,"href":"https:\/\/blogg.svenskakyrkan.se\/mittlivsomprast\/wp-json\/wp\/v2\/posts\/560\/revisions\/565"}],"wp:attachment":[{"href":"https:\/\/blogg.svenskakyrkan.se\/mittlivsomprast\/wp-json\/wp\/v2\/media?parent=560"}],"wp:term":[{"taxonomy":"category","embeddable":true,"href":"https:\/\/blogg.svenskakyrkan.se\/mittlivsomprast\/wp-json\/wp\/v2\/categories?post=560"},{"taxonomy":"post_tag","embeddable":true,"href":"https:\/\/blogg.svenskakyrkan.se\/mittlivsomprast\/wp-json\/wp\/v2\/tags?post=560"}],"curies":[{"name":"wp","href":"https:\/\/api.w.org\/{rel}","templated":true}]}}