{"id":566,"date":"2024-03-22T11:51:37","date_gmt":"2024-03-22T10:51:37","guid":{"rendered":"https:\/\/blogg.svenskakyrkan.se\/mittlivsomprast\/?p=566"},"modified":"2024-08-15T17:36:11","modified_gmt":"2024-08-15T15:36:11","slug":"standigt-denna-asna","status":"publish","type":"post","link":"https:\/\/blogg.svenskakyrkan.se\/mittlivsomprast\/2024\/03\/22\/standigt-denna-asna\/","title":{"rendered":"St\u00e4ndigt denna \u00e5sna!"},"content":{"rendered":"\n<figure class=\"wp-block-gallery has-nested-images columns-default is-cropped wp-block-gallery-1 is-layout-flex wp-block-gallery-is-layout-flex\"><\/figure>\n\n\n\n<p>Det finns s\u00e5 m\u00e5nga fina, uppmuntrande, sv\u00e5ra, utmanande och kluriga texter i bibeln. F\u00f6r att f\u00e5 en stor bredd av texter och teman har varje s\u00f6ndag i kyrkan ett tema. Det kan vara \u201dSamh\u00e4llsansvar\u201d, \u201dGuds barn\u201d, \u201dAtt inte d\u00f6ma\u201d eller \u201dKampen mot det onda\u201d. Dessutom l\u00e4ser vi tre olika texter och de finns tre olika \u00e5rg\u00e5ngar f\u00f6r att vi ska f\u00e5 med m\u00e5nga olika texter att f\u00f6rdjupa oss i. Just nu l\u00e4ser vi \u00e5rg\u00e5ng 1. P\u00e5sktexterna i \u00e5r kommer alla att h\u00e4mtas fr\u00e5n Matteusevangeliet och nu p\u00e5 s\u00f6ndag \u00e4r det Palms\u00f6ndagen. D\u00e5 \u00e4r temat \u201dV\u00e4gen till korset\u201d. Det kluriga med detta kommer nu\u2026<\/p>\n\n\n\n<p>Av alla texter vi l\u00e4ser och v\u00e4ljer mellan finns det en som \u00e5terkommer <em>varje <\/em>\u00e5r! Och dessutom p\u00e5 <em>tv\u00e5 olika <\/em>s\u00f6ndagar! B\u00e5de p\u00e5 Palms\u00f6ndagen och p\u00e5 F\u00f6rsta advent, n\u00e4mligen texten om hur Jesus rider in i Jerusalem p\u00e5 en \u00e5sna. Av alla texter och teman att v\u00e4lja p\u00e5 verkar allts\u00e5 den h\u00e4r \u00e5snan ha en alldeles s\u00e4rskilt viktig st\u00e4llning! Det \u00e4r v\u00e4l otippat \u00e4nd\u00e5? Efter ett antal \u00e5r som pr\u00e4st blir det ocks\u00e5 en utmaning. Nu \u00e4r det dags f\u00f6r \u00e5snan igen! Vad ska jag s\u00e4ga om \u00e5snan den h\u00e4r g\u00e5ngen? St\u00e4ndigt denna \u00c5SNA?! *Phu!*<\/p>\n\n\n\n<p><em>Knappast visste hon n\u00e5got om Gud och om alltings mening d\u00e4r hon stod vid husv\u00e4ggen, bunden med sitt f\u00f6l bredvid sig. Hon f\u00f6rs\u00f6kte st\u00e5 i skuggan och f\u00e5 f\u00f6let att h\u00e5lla sig d\u00e4r ocks\u00e5. Solen var stark. \u201dDrick lite vatten, \u00e4lskling\u201d, t\u00e4nkte hon n\u00e4r hon buffade med mulen p\u00e5 sin f\u00f6rstf\u00f6dda. En man som inte var hennes husbonde, l\u00f6ste repet och hon hade bara att f\u00f6lja med. Oroligt tittade hon bak\u00e5t. Jod\u00e5, lillan f\u00f6ljde efter. S\u00e5 stannade de till. En man med milda \u00f6gon kliade henne i pannan. Han str\u00e4ckte fram handen mot lillan ocks\u00e5. Hon nosade p\u00e5 honom, k\u00e4nde hans v\u00e4rme, hans v\u00e4nlighet, och b\u00f6jde huvudet och l\u00e4t honom klia henne bakom \u00f6rat. \u00c5snan s\u00e5g det. Hon k\u00e4nde sig med ens trygg. \u201dDen som bryr sig om ens barn och som ens f\u00f6l tycker om, dom \u00e4r bra!\u201d, t\u00e4nkte hon. N\u00e5gon lade en vacker mantel med tofsar p\u00e5 hennes rygg. S\u00e5 tjusig hade hon aldrig tidigare varit! Hon h\u00f6jde lite p\u00e5 huvudet.<\/em><\/p>\n\n\n\n<p><em>Mannen med de milda \u00f6gonen satt upp p\u00e5 hennes rygg och hon bar honom med stolthet tillbaka till staden. Lillan h\u00f6ll sig mycket n\u00e4ra. Det var bra. F\u00f6r h\u00e4r var <\/em>s\u00e5<em> mycket folk! En del viftade i gl\u00e4dje med palmblad. En del s\u00e5g arga ut. M\u00e5nga oroliga och dom ropade h\u00f6gt, <\/em>\u201dHosianna! Herre, skynda till v\u00e5r hj\u00e4lp!\u201d.<em> Det var mannen med de milda \u00f6gonen de menade. Hon var bra p\u00e5 att k\u00e4nna m\u00e4nniskors hum\u00f6r. Hon k\u00e4nde gl\u00e4djen, f\u00f6rv\u00e4ntningarna men ocks\u00e5 kraven och hoten i luften av alla omkring. Hon k\u00e4nde tr\u00f6ttheten och sorgen hos mannen med de milda \u00f6gonen. Hon var s\u00e5 stolt \u00f6ver att f\u00e5 hj\u00e4lpa honom och b\u00e4ra honom en bit. B\u00e5de hon och hennes f\u00f6l mindes mannen med de milda \u00f6gonen, och hur de en solig dag f\u00e5tt b\u00e4ra in honom i staden, resten av sina liv.<\/em><\/p>\n\n\n\n<p>Vi kanske inte alltid k\u00e4nner igen Guds ingripande i v\u00e5ra liv. Men nog k\u00e4nner vi igen v\u00e4nliga \u00f6gon n\u00e4r vi ser dem? Nog k\u00e4nner vi igen v\u00e4nlighet mot v\u00e5ra barn n\u00e4r den visar sig?<\/p>\n\n\n\n<p>Inte alltid f\u00f6rst\u00e5r vi meningen med allt, med hela livet. Men ibland f\u00e5r vi precis som \u00e5snan g\u00f6ra n\u00e5got som f\u00e5r stor betydelse f\u00f6r andra. Det kanske vi b\u00e4r med oss som ett minne hela livet.<\/p>\n\n\n\n<p>Vem \u00e4r du i ber\u00e4ttelsen? Kanske vill du som m\u00e4nniskorna v\u00e4lkomna Jesus med gl\u00e4dje? Eller h\u00f6r vi till dem som ropar p\u00e5 honom med oro, som b\u00f6nar och ber f\u00f6r oss sj\u00e4lva och v\u00e4rden: \u201dHosianna, Gud \u2013 skynda dig och hj\u00e4lp oss!\u201d Eller \u00e4r du s\u00e5 arg p\u00e5 Gud f\u00f6r att Gud inte verkar leverera fred och v\u00e4lg\u00e5ng som Gud lovat att du t\u00e4nker att Gud lika g\u00e4rna kan vara d\u00f6d\u2026?<\/p>\n\n\n\n<p>Jag vill vara \u00e5snan. Som utan att g\u00f6ra anspr\u00e5k p\u00e5 att f\u00f6rst\u00e5 hela sammanhangen g\u00e5r med Jesus. K\u00e4nner v\u00e4rmen fr\u00e5n hans milda blick, han som sett p\u00e5 b\u00e5de mig och mina barn, med v\u00e4rme och tr\u00f6st. T\u00e4nk om jag precis som \u00e5snan fick b\u00e4ra Jesus till m\u00e4nniskorna? Det skulle jag minnas resten av mitt liv.<\/p>\n\n\n\n<p>D\u00e4rf\u00f6r vill jag alltid ha med henne som ett exempel, som en f\u00f6rebild:<br>St\u00e4ndigt denna \u00e5sna!<\/p>\n\n\n\n<p>Katarina Johansson, Kyrkoherde Starrk\u00e4rr-Kilanda f\u00f6rsamling Svenska kyrkan.<\/p>\n","protected":false},"excerpt":{"rendered":"<p>Det finns s\u00e5 m\u00e5nga fina, uppmuntrande, sv\u00e5ra, utmanande och kluriga texter i bibeln. F\u00f6r att f\u00e5 en stor bredd av texter och teman har varje s\u00f6ndag i kyrkan ett tema. Det kan vara \u201dSamh\u00e4llsansvar\u201d, \u201dGuds barn\u201d, \u201dAtt inte d\u00f6ma\u201d eller \u201dKampen mot det onda\u201d. Dessutom l\u00e4ser vi tre olika texter och de finns tre olika [&hellip;]<\/p>\n","protected":false},"author":596,"featured_media":0,"comment_status":"open","ping_status":"open","sticky":false,"template":"","format":"standard","meta":{"_acf_changed":false,"footnotes":""},"categories":[9],"tags":[],"class_list":["post-566","post","type-post","status-publish","format-standard","hentry","category-okategoriserade"],"acf":[],"yoast_head":"<!-- This site is optimized with the Yoast SEO plugin v27.1.1 - https:\/\/yoast.com\/product\/yoast-seo-wordpress\/ -->\n<title>St\u00e4ndigt denna \u00e5sna! - Mitt liv som pr\u00e4st<\/title>\n<meta name=\"robots\" content=\"index, follow, max-snippet:-1, max-image-preview:large, max-video-preview:-1\" \/>\n<link rel=\"canonical\" href=\"https:\/\/blogg.svenskakyrkan.se\/mittlivsomprast\/2024\/03\/22\/standigt-denna-asna\/\" \/>\n<meta property=\"og:locale\" content=\"sv_SE\" \/>\n<meta property=\"og:type\" content=\"article\" \/>\n<meta property=\"og:title\" content=\"St\u00e4ndigt denna \u00e5sna! - Mitt liv som pr\u00e4st\" \/>\n<meta property=\"og:description\" content=\"Det finns s\u00e5 m\u00e5nga fina, uppmuntrande, sv\u00e5ra, utmanande och kluriga texter i bibeln. F\u00f6r att f\u00e5 en stor bredd av texter och teman har varje s\u00f6ndag i kyrkan ett tema. Det kan vara \u201dSamh\u00e4llsansvar\u201d, \u201dGuds barn\u201d, \u201dAtt inte d\u00f6ma\u201d eller \u201dKampen mot det onda\u201d. Dessutom l\u00e4ser vi tre olika texter och de finns tre olika [&hellip;]\" \/>\n<meta property=\"og:url\" content=\"https:\/\/blogg.svenskakyrkan.se\/mittlivsomprast\/2024\/03\/22\/standigt-denna-asna\/\" \/>\n<meta property=\"og:site_name\" content=\"Mitt liv som pr\u00e4st\" \/>\n<meta property=\"article:published_time\" content=\"2024-03-22T10:51:37+00:00\" \/>\n<meta property=\"article:modified_time\" content=\"2024-08-15T15:36:11+00:00\" \/>\n<meta name=\"author\" content=\"mittlivsomprast\" \/>\n<meta name=\"twitter:card\" content=\"summary_large_image\" \/>\n<meta name=\"twitter:label1\" content=\"Skriven av\" \/>\n\t<meta name=\"twitter:data1\" content=\"mittlivsomprast\" \/>\n\t<meta name=\"twitter:label2\" content=\"Ber\u00e4knad l\u00e4stid\" \/>\n\t<meta name=\"twitter:data2\" content=\"4 minuter\" \/>\n<script type=\"application\/ld+json\" class=\"yoast-schema-graph\">{\"@context\":\"https:\/\/schema.org\",\"@graph\":[{\"@type\":\"Article\",\"@id\":\"https:\/\/blogg.svenskakyrkan.se\/mittlivsomprast\/2024\/03\/22\/standigt-denna-asna\/#article\",\"isPartOf\":{\"@id\":\"https:\/\/blogg.svenskakyrkan.se\/mittlivsomprast\/2024\/03\/22\/standigt-denna-asna\/\"},\"author\":{\"name\":\"mittlivsomprast\",\"@id\":\"https:\/\/blogg.svenskakyrkan.se\/mittlivsomprast\/#\/schema\/person\/0473aad3790cc4ff9e1649c1c3bf7ecd\"},\"headline\":\"St\u00e4ndigt denna \u00e5sna!\",\"datePublished\":\"2024-03-22T10:51:37+00:00\",\"dateModified\":\"2024-08-15T15:36:11+00:00\",\"mainEntityOfPage\":{\"@id\":\"https:\/\/blogg.svenskakyrkan.se\/mittlivsomprast\/2024\/03\/22\/standigt-denna-asna\/\"},\"wordCount\":865,\"commentCount\":0,\"inLanguage\":\"sv-SE\",\"potentialAction\":[{\"@type\":\"CommentAction\",\"name\":\"Comment\",\"target\":[\"https:\/\/blogg.svenskakyrkan.se\/mittlivsomprast\/2024\/03\/22\/standigt-denna-asna\/#respond\"]}]},{\"@type\":\"WebPage\",\"@id\":\"https:\/\/blogg.svenskakyrkan.se\/mittlivsomprast\/2024\/03\/22\/standigt-denna-asna\/\",\"url\":\"https:\/\/blogg.svenskakyrkan.se\/mittlivsomprast\/2024\/03\/22\/standigt-denna-asna\/\",\"name\":\"St\u00e4ndigt denna \u00e5sna! - Mitt liv som pr\u00e4st\",\"isPartOf\":{\"@id\":\"https:\/\/blogg.svenskakyrkan.se\/mittlivsomprast\/#website\"},\"datePublished\":\"2024-03-22T10:51:37+00:00\",\"dateModified\":\"2024-08-15T15:36:11+00:00\",\"author\":{\"@id\":\"https:\/\/blogg.svenskakyrkan.se\/mittlivsomprast\/#\/schema\/person\/0473aad3790cc4ff9e1649c1c3bf7ecd\"},\"breadcrumb\":{\"@id\":\"https:\/\/blogg.svenskakyrkan.se\/mittlivsomprast\/2024\/03\/22\/standigt-denna-asna\/#breadcrumb\"},\"inLanguage\":\"sv-SE\",\"potentialAction\":[{\"@type\":\"ReadAction\",\"target\":[\"https:\/\/blogg.svenskakyrkan.se\/mittlivsomprast\/2024\/03\/22\/standigt-denna-asna\/\"]}]},{\"@type\":\"BreadcrumbList\",\"@id\":\"https:\/\/blogg.svenskakyrkan.se\/mittlivsomprast\/2024\/03\/22\/standigt-denna-asna\/#breadcrumb\",\"itemListElement\":[{\"@type\":\"ListItem\",\"position\":1,\"name\":\"Hem\",\"item\":\"https:\/\/blogg.svenskakyrkan.se\/mittlivsomprast\/\"},{\"@type\":\"ListItem\",\"position\":2,\"name\":\"St\u00e4ndigt denna \u00e5sna!\"}]},{\"@type\":\"WebSite\",\"@id\":\"https:\/\/blogg.svenskakyrkan.se\/mittlivsomprast\/#website\",\"url\":\"https:\/\/blogg.svenskakyrkan.se\/mittlivsomprast\/\",\"name\":\"Mitt liv som pr\u00e4st\",\"description\":\"M\u00e4nniska. Morsa. Pr\u00e4st. I den ordningen.\",\"potentialAction\":[{\"@type\":\"SearchAction\",\"target\":{\"@type\":\"EntryPoint\",\"urlTemplate\":\"https:\/\/blogg.svenskakyrkan.se\/mittlivsomprast\/?s={search_term_string}\"},\"query-input\":{\"@type\":\"PropertyValueSpecification\",\"valueRequired\":true,\"valueName\":\"search_term_string\"}}],\"inLanguage\":\"sv-SE\"},{\"@type\":\"Person\",\"@id\":\"https:\/\/blogg.svenskakyrkan.se\/mittlivsomprast\/#\/schema\/person\/0473aad3790cc4ff9e1649c1c3bf7ecd\",\"name\":\"mittlivsomprast\",\"image\":{\"@type\":\"ImageObject\",\"inLanguage\":\"sv-SE\",\"@id\":\"https:\/\/blogg.svenskakyrkan.se\/mittlivsomprast\/#\/schema\/person\/image\/\",\"url\":\"https:\/\/secure.gravatar.com\/avatar\/141dab46d1d92e1e39f0c75a179413f3aea45ce97940378761c3263f4e82b8ac?s=96&d=mm&r=g\",\"contentUrl\":\"https:\/\/secure.gravatar.com\/avatar\/141dab46d1d92e1e39f0c75a179413f3aea45ce97940378761c3263f4e82b8ac?s=96&d=mm&r=g\",\"caption\":\"mittlivsomprast\"},\"description\":\"M\u00e4nniska. Morsa. Pr\u00e4st. I den ordningen.\",\"url\":\"https:\/\/blogg.svenskakyrkan.se\/mittlivsomprast\/author\/mittliivsomprast\/\"}]}<\/script>\n<!-- \/ Yoast SEO plugin. -->","yoast_head_json":{"title":"St\u00e4ndigt denna \u00e5sna! - Mitt liv som pr\u00e4st","robots":{"index":"index","follow":"follow","max-snippet":"max-snippet:-1","max-image-preview":"max-image-preview:large","max-video-preview":"max-video-preview:-1"},"canonical":"https:\/\/blogg.svenskakyrkan.se\/mittlivsomprast\/2024\/03\/22\/standigt-denna-asna\/","og_locale":"sv_SE","og_type":"article","og_title":"St\u00e4ndigt denna \u00e5sna! - Mitt liv som pr\u00e4st","og_description":"Det finns s\u00e5 m\u00e5nga fina, uppmuntrande, sv\u00e5ra, utmanande och kluriga texter i bibeln. F\u00f6r att f\u00e5 en stor bredd av texter och teman har varje s\u00f6ndag i kyrkan ett tema. Det kan vara \u201dSamh\u00e4llsansvar\u201d, \u201dGuds barn\u201d, \u201dAtt inte d\u00f6ma\u201d eller \u201dKampen mot det onda\u201d. Dessutom l\u00e4ser vi tre olika texter och de finns tre olika [&hellip;]","og_url":"https:\/\/blogg.svenskakyrkan.se\/mittlivsomprast\/2024\/03\/22\/standigt-denna-asna\/","og_site_name":"Mitt liv som pr\u00e4st","article_published_time":"2024-03-22T10:51:37+00:00","article_modified_time":"2024-08-15T15:36:11+00:00","author":"mittlivsomprast","twitter_card":"summary_large_image","twitter_misc":{"Skriven av":"mittlivsomprast","Ber\u00e4knad l\u00e4stid":"4 minuter"},"schema":{"@context":"https:\/\/schema.org","@graph":[{"@type":"Article","@id":"https:\/\/blogg.svenskakyrkan.se\/mittlivsomprast\/2024\/03\/22\/standigt-denna-asna\/#article","isPartOf":{"@id":"https:\/\/blogg.svenskakyrkan.se\/mittlivsomprast\/2024\/03\/22\/standigt-denna-asna\/"},"author":{"name":"mittlivsomprast","@id":"https:\/\/blogg.svenskakyrkan.se\/mittlivsomprast\/#\/schema\/person\/0473aad3790cc4ff9e1649c1c3bf7ecd"},"headline":"St\u00e4ndigt denna \u00e5sna!","datePublished":"2024-03-22T10:51:37+00:00","dateModified":"2024-08-15T15:36:11+00:00","mainEntityOfPage":{"@id":"https:\/\/blogg.svenskakyrkan.se\/mittlivsomprast\/2024\/03\/22\/standigt-denna-asna\/"},"wordCount":865,"commentCount":0,"inLanguage":"sv-SE","potentialAction":[{"@type":"CommentAction","name":"Comment","target":["https:\/\/blogg.svenskakyrkan.se\/mittlivsomprast\/2024\/03\/22\/standigt-denna-asna\/#respond"]}]},{"@type":"WebPage","@id":"https:\/\/blogg.svenskakyrkan.se\/mittlivsomprast\/2024\/03\/22\/standigt-denna-asna\/","url":"https:\/\/blogg.svenskakyrkan.se\/mittlivsomprast\/2024\/03\/22\/standigt-denna-asna\/","name":"St\u00e4ndigt denna \u00e5sna! - Mitt liv som pr\u00e4st","isPartOf":{"@id":"https:\/\/blogg.svenskakyrkan.se\/mittlivsomprast\/#website"},"datePublished":"2024-03-22T10:51:37+00:00","dateModified":"2024-08-15T15:36:11+00:00","author":{"@id":"https:\/\/blogg.svenskakyrkan.se\/mittlivsomprast\/#\/schema\/person\/0473aad3790cc4ff9e1649c1c3bf7ecd"},"breadcrumb":{"@id":"https:\/\/blogg.svenskakyrkan.se\/mittlivsomprast\/2024\/03\/22\/standigt-denna-asna\/#breadcrumb"},"inLanguage":"sv-SE","potentialAction":[{"@type":"ReadAction","target":["https:\/\/blogg.svenskakyrkan.se\/mittlivsomprast\/2024\/03\/22\/standigt-denna-asna\/"]}]},{"@type":"BreadcrumbList","@id":"https:\/\/blogg.svenskakyrkan.se\/mittlivsomprast\/2024\/03\/22\/standigt-denna-asna\/#breadcrumb","itemListElement":[{"@type":"ListItem","position":1,"name":"Hem","item":"https:\/\/blogg.svenskakyrkan.se\/mittlivsomprast\/"},{"@type":"ListItem","position":2,"name":"St\u00e4ndigt denna \u00e5sna!"}]},{"@type":"WebSite","@id":"https:\/\/blogg.svenskakyrkan.se\/mittlivsomprast\/#website","url":"https:\/\/blogg.svenskakyrkan.se\/mittlivsomprast\/","name":"Mitt liv som pr\u00e4st","description":"M\u00e4nniska. Morsa. Pr\u00e4st. I den ordningen.","potentialAction":[{"@type":"SearchAction","target":{"@type":"EntryPoint","urlTemplate":"https:\/\/blogg.svenskakyrkan.se\/mittlivsomprast\/?s={search_term_string}"},"query-input":{"@type":"PropertyValueSpecification","valueRequired":true,"valueName":"search_term_string"}}],"inLanguage":"sv-SE"},{"@type":"Person","@id":"https:\/\/blogg.svenskakyrkan.se\/mittlivsomprast\/#\/schema\/person\/0473aad3790cc4ff9e1649c1c3bf7ecd","name":"mittlivsomprast","image":{"@type":"ImageObject","inLanguage":"sv-SE","@id":"https:\/\/blogg.svenskakyrkan.se\/mittlivsomprast\/#\/schema\/person\/image\/","url":"https:\/\/secure.gravatar.com\/avatar\/141dab46d1d92e1e39f0c75a179413f3aea45ce97940378761c3263f4e82b8ac?s=96&d=mm&r=g","contentUrl":"https:\/\/secure.gravatar.com\/avatar\/141dab46d1d92e1e39f0c75a179413f3aea45ce97940378761c3263f4e82b8ac?s=96&d=mm&r=g","caption":"mittlivsomprast"},"description":"M\u00e4nniska. Morsa. Pr\u00e4st. I den ordningen.","url":"https:\/\/blogg.svenskakyrkan.se\/mittlivsomprast\/author\/mittliivsomprast\/"}]}},"author_meta":{"ID":"596","user_nicename":"mittliivsomprast","user_registered":"2016-10-07 12:48:49","display_name":"mittlivsomprast","first_name":"Katarina","last_name":"Johansson","avatar":"https:\/\/blogg.svenskakyrkan.se\/mittlivsomprast\/files\/2023\/05\/KJ-tatoo-sv-150x150.jpeg"},"featured_image":false,"bloginfo":{"name":"Mitt liv som pr\u00e4st","url":"https:\/\/blogg.svenskakyrkan.se\/mittlivsomprast"},"_links":{"self":[{"href":"https:\/\/blogg.svenskakyrkan.se\/mittlivsomprast\/wp-json\/wp\/v2\/posts\/566","targetHints":{"allow":["GET"]}}],"collection":[{"href":"https:\/\/blogg.svenskakyrkan.se\/mittlivsomprast\/wp-json\/wp\/v2\/posts"}],"about":[{"href":"https:\/\/blogg.svenskakyrkan.se\/mittlivsomprast\/wp-json\/wp\/v2\/types\/post"}],"author":[{"embeddable":true,"href":"https:\/\/blogg.svenskakyrkan.se\/mittlivsomprast\/wp-json\/wp\/v2\/users\/596"}],"replies":[{"embeddable":true,"href":"https:\/\/blogg.svenskakyrkan.se\/mittlivsomprast\/wp-json\/wp\/v2\/comments?post=566"}],"version-history":[{"count":2,"href":"https:\/\/blogg.svenskakyrkan.se\/mittlivsomprast\/wp-json\/wp\/v2\/posts\/566\/revisions"}],"predecessor-version":[{"id":585,"href":"https:\/\/blogg.svenskakyrkan.se\/mittlivsomprast\/wp-json\/wp\/v2\/posts\/566\/revisions\/585"}],"wp:attachment":[{"href":"https:\/\/blogg.svenskakyrkan.se\/mittlivsomprast\/wp-json\/wp\/v2\/media?parent=566"}],"wp:term":[{"taxonomy":"category","embeddable":true,"href":"https:\/\/blogg.svenskakyrkan.se\/mittlivsomprast\/wp-json\/wp\/v2\/categories?post=566"},{"taxonomy":"post_tag","embeddable":true,"href":"https:\/\/blogg.svenskakyrkan.se\/mittlivsomprast\/wp-json\/wp\/v2\/tags?post=566"}],"curies":[{"name":"wp","href":"https:\/\/api.w.org\/{rel}","templated":true}]}}