{"id":3812,"date":"2022-11-03T11:28:24","date_gmt":"2022-11-03T09:28:24","guid":{"rendered":"https:\/\/blogg.svenskakyrkan.se\/opinion\/?p=3812"},"modified":"2026-04-22T17:44:36","modified_gmt":"2026-04-22T15:44:36","slug":"nya-fredsforhandlingar-med-eln-sverige-behover-ge-stod","status":"publish","type":"post","link":"https:\/\/blogg.svenskakyrkan.se\/opinion\/2022\/11\/03\/nya-fredsforhandlingar-med-eln-sverige-behover-ge-stod\/","title":{"rendered":"Nya fredsf\u00f6rhandlingar med ELN \u2013 Sverige beh\u00f6ver ge st\u00f6d"},"content":{"rendered":"<figure class=\"wp-block-post-featured-image\"><img loading=\"lazy\" decoding=\"async\" width=\"1310\" height=\"1099\" src=\"https:\/\/blogg.svenskakyrkan.se\/opinion\/files\/2022\/11\/Atahualpa-POF-Henao.jpeg\" class=\"attachment-post-thumbnail size-post-thumbnail wp-post-image\" alt=\"\" style=\"object-fit:cover;\" srcset=\"https:\/\/blogg.svenskakyrkan.se\/opinion\/files\/2022\/11\/Atahualpa-POF-Henao.jpeg 1310w, https:\/\/blogg.svenskakyrkan.se\/opinion\/files\/2022\/11\/Atahualpa-POF-Henao-300x252.jpeg 300w, https:\/\/blogg.svenskakyrkan.se\/opinion\/files\/2022\/11\/Atahualpa-POF-Henao-1024x859.jpeg 1024w, https:\/\/blogg.svenskakyrkan.se\/opinion\/files\/2022\/11\/Atahualpa-POF-Henao-768x644.jpeg 768w, https:\/\/blogg.svenskakyrkan.se\/opinion\/files\/2022\/11\/Atahualpa-POF-Henao-1200x1007.jpeg 1200w\" sizes=\"auto, (max-width: 1310px) 100vw, 1310px\" \/><\/figure>\n\n\n<p>31 oktober tr\u00e4ffade tv\u00e5 kyrkliga f\u00f6retr\u00e4dare fr\u00e5n Colombia utrikesdepartementet, vice-ordf\u00f6rande i riksdagens utrikesutskott, generaldirekt\u00f6r f\u00f6r Folke Bernadotteakademin och Sida f\u00f6r att samtala om de nya fredsf\u00f6rhandlingarna med ELN och vad som kr\u00e4vs f\u00f6r att f\u00f6rhandlingarna ska lyckas.<\/p>\n\n\n\n<figure class=\"wp-block-image size-large\"><a href=\"https:\/\/blogg.svenskakyrkan.se\/opinion\/files\/2022\/11\/Atahualpa-POF-Henao.jpeg\"><img loading=\"lazy\" decoding=\"async\" width=\"1024\" height=\"859\" src=\"https:\/\/blogg.svenskakyrkan.se\/opinion\/files\/2022\/11\/Atahualpa-POF-Henao-1024x859.jpeg\" alt=\"\" class=\"wp-image-3815\" srcset=\"https:\/\/blogg.svenskakyrkan.se\/opinion\/files\/2022\/11\/Atahualpa-POF-Henao-1024x859.jpeg 1024w, https:\/\/blogg.svenskakyrkan.se\/opinion\/files\/2022\/11\/Atahualpa-POF-Henao-300x252.jpeg 300w, https:\/\/blogg.svenskakyrkan.se\/opinion\/files\/2022\/11\/Atahualpa-POF-Henao-768x644.jpeg 768w, https:\/\/blogg.svenskakyrkan.se\/opinion\/files\/2022\/11\/Atahualpa-POF-Henao-1200x1007.jpeg 1200w, https:\/\/blogg.svenskakyrkan.se\/opinion\/files\/2022\/11\/Atahualpa-POF-Henao.jpeg 1310w\" sizes=\"auto, (max-width: 1024px) 100vw, 1024px\" \/><\/a><figcaption class=\"wp-element-caption\">Biskop Atahualpa Hern\u00e1ndez Miranda, Folke Bernadotteakademins generaldirekt\u00f6r Per Olsson Fridh och monsignor H\u00e9ctor Fabio Henao Gaviria.<\/figcaption><\/figure>\n\n\n\n<p>De religi\u00f6sa ledarna \u2013 monsignor Henao fr\u00e5n katolska kyrkan och biskop Atahualpa fr\u00e5n lutherska kyrkan i Colombia &#8211; bj\u00f6ds in till Sverige av Svenska kyrkan f\u00f6r att delta i den h\u00f6gtidliga avslutningsceremonin f\u00f6r \u00e4rkebiskop Antje Jackel\u00e9n. \u00c4rkebiskopen gjorde ett stort intryck n\u00e4r hon bes\u00f6kte Colombia 2019 och Act Svenska kyrkan har under m\u00e5nga \u00e5r gett st\u00f6d till civilsamh\u00e4llets bidrag till fredsprocessen i landet.<\/p>\n\n\n\n<figure class=\"wp-block-image size-large\"><a href=\"https:\/\/blogg.svenskakyrkan.se\/opinion\/files\/2022\/11\/Antje-Henao-Atahualpa-1.jpeg\"><img loading=\"lazy\" decoding=\"async\" width=\"1024\" height=\"544\" src=\"https:\/\/blogg.svenskakyrkan.se\/opinion\/files\/2022\/11\/Antje-Henao-Atahualpa-1-1024x544.jpeg\" alt=\"\" class=\"wp-image-3816\" srcset=\"https:\/\/blogg.svenskakyrkan.se\/opinion\/files\/2022\/11\/Antje-Henao-Atahualpa-1-1024x544.jpeg 1024w, https:\/\/blogg.svenskakyrkan.se\/opinion\/files\/2022\/11\/Antje-Henao-Atahualpa-1-300x159.jpeg 300w, https:\/\/blogg.svenskakyrkan.se\/opinion\/files\/2022\/11\/Antje-Henao-Atahualpa-1-768x408.jpeg 768w, https:\/\/blogg.svenskakyrkan.se\/opinion\/files\/2022\/11\/Antje-Henao-Atahualpa-1-1200x638.jpeg 1200w, https:\/\/blogg.svenskakyrkan.se\/opinion\/files\/2022\/11\/Antje-Henao-Atahualpa-1.jpeg 1353w\" sizes=\"auto, (max-width: 1024px) 100vw, 1024px\" \/><\/a><figcaption class=\"wp-element-caption\">Monsignor Henao, \u00e4rkebiskop Antje Jacke\u00e9n och biskop Ataualpa.<\/figcaption><\/figure>\n\n\n\n<p>I det djupt religi\u00f6sa Colombia v\u00e4ger de religi\u00f6sa ledarnas ord tungt och kyrkorna kan p\u00e5verka opinionen. Inf\u00f6r folkomr\u00f6stningen om fredsavtalet med FARC 2016 var kyrkorna splittrade och flera religi\u00f6sa f\u00f6retr\u00e4dare drev opinion mot fredsavtalet med framg\u00e5ng. Men r\u00f6sterna f\u00f6r fred och f\u00f6rsoning har vuxit sig starkare i kyrkorna i Colombia och samarbetet f\u00f6r fred mellan katolska kyrkan och andra kyrkor har \u00f6kat.<\/p>\n\n\n\n<h2 class=\"wp-block-heading\"><strong>F\u00f6rhandlingar med ELN \u2013 del av st\u00f6rre fredsagenda<\/strong><\/h2>\n\n\n\n<p>President Gustavo Petros nya regering har en mycket ambiti\u00f6s fredsagenda. Redan innan regeringen tilltr\u00e4tt deklarerade b\u00e5de Petro och gerillagruppen ELN att de ville b\u00f6rja nya fredsf\u00f6rhandlingar. F\u00f6rhandlingar som tidigare havererat.<\/p>\n\n\n\n<p>Den katolska ledaren monsignor H\u00e9ctor&nbsp;Fabio&nbsp;Henao&nbsp;Gaviria, \u00e4r katolska kyrkans f\u00f6retr\u00e4dare i f\u00f6rberedelserna f\u00f6r fredsf\u00f6rhandlingarna. Monsignor Henao gjorde svenska beslutsfattare uppm\u00e4rksamma p\u00e5 att:<\/p>\n\n\n\n<ul class=\"wp-block-list\">\n<li>Fredsf\u00f6rhandlingarna beh\u00f6ver ta sin utg\u00e5ngspunkt i att ELN har en helt annan logik \u00e4n FARC \u2013 de har inte en lika tydlig milit\u00e4r struktur utan \u00e4r mer politisk med mer n\u00e4rhet till organisationer i de delar av landet d\u00e4r gerillagruppen historiskt varit stark.<\/li>\n\n\n\n<li>Det \u00e4r mycket som ska f\u00f6rhandlas innan f\u00f6rhandlingarna inleds \u2013 f\u00f6rhandlingsdelegationerna, vilka l\u00e4nder som ska vara garanter i processen, i vilka l\u00e4nder f\u00f6rhandlingarna ska \u00e4ga rum, vilka delar som ska avtalas f\u00f6rst.<\/li>\n\n\n\n<li>Civilsamh\u00e4llet p\u00e5 lokal niv\u00e5 kommer vara viktiga i fredsf\u00f6rhandlingarna och religi\u00f6sa akt\u00f6rer kan spela en viktig roll i att st\u00f6dja dessa dialoger p\u00e5 lokal niv\u00e5. Skydd av gr\u00e4srotsorganisationer beh\u00f6ver tillgodoses.<\/li>\n\n\n\n<li>Delegationerna kommer beh\u00f6va omfattande tekniskt st\u00f6d.<\/li>\n\n\n\n<li>Systemet med \u00f6verg\u00e5ngsr\u00e4ttvisa med den s\u00e4rskilda fredstribunalen, Jurisdicci\u00f3n Especial para la Paz (JEP), \u00e4r redan \u00f6verbelastat och beh\u00f6ver tillf\u00f6ras resurser i relation till de nya fredsf\u00f6rhandlingarna.<\/li>\n\n\n\n<li>En \u00f6kad implementering av fredsavtalet med FARC \u00e4r avg\u00f6rande f\u00f6r trov\u00e4rdighet inf\u00f6r de nya fredsf\u00f6rhandlingarna med ELN.<\/li>\n\n\n\n<li>Den v\u00e4pnade konflikten och v\u00e5ldet i Colombia \u00e4r n\u00e4ra kopplat till narkotikahandeln. Denna handel \u00e4r inte ett renodlat colombianskt problem, utan beh\u00f6ver hanteras regionalt och internationellt.<\/li>\n<\/ul>\n\n\n\n<figure class=\"wp-block-image size-large\"><a href=\"https:\/\/blogg.svenskakyrkan.se\/opinion\/files\/2022\/11\/Henao-Pontus-Atahualpa.jpeg\"><img loading=\"lazy\" decoding=\"async\" width=\"1024\" height=\"857\" src=\"https:\/\/blogg.svenskakyrkan.se\/opinion\/files\/2022\/11\/Henao-Pontus-Atahualpa-1024x857.jpeg\" alt=\"\" class=\"wp-image-3817\" srcset=\"https:\/\/blogg.svenskakyrkan.se\/opinion\/files\/2022\/11\/Henao-Pontus-Atahualpa-1024x857.jpeg 1024w, https:\/\/blogg.svenskakyrkan.se\/opinion\/files\/2022\/11\/Henao-Pontus-Atahualpa-300x251.jpeg 300w, https:\/\/blogg.svenskakyrkan.se\/opinion\/files\/2022\/11\/Henao-Pontus-Atahualpa-768x643.jpeg 768w, https:\/\/blogg.svenskakyrkan.se\/opinion\/files\/2022\/11\/Henao-Pontus-Atahualpa-1200x1004.jpeg 1200w, https:\/\/blogg.svenskakyrkan.se\/opinion\/files\/2022\/11\/Henao-Pontus-Atahualpa.jpeg 1426w\" sizes=\"auto, (max-width: 1024px) 100vw, 1024px\" \/><\/a><figcaption class=\"wp-element-caption\">Monsignor Henao, bitr\u00e4dande chef UD:s Amerikaenhet Pontus Rosenberg, biskop Atahualpa.<\/figcaption><\/figure>\n\n\n\n<figure class=\"wp-block-image size-large\"><a href=\"https:\/\/blogg.svenskakyrkan.se\/opinion\/files\/2022\/11\/Atahualpa-Morgan-Henao.jpeg\"><img loading=\"lazy\" decoding=\"async\" width=\"790\" height=\"1024\" src=\"https:\/\/blogg.svenskakyrkan.se\/opinion\/files\/2022\/11\/Atahualpa-Morgan-Henao-790x1024.jpeg\" alt=\"\" class=\"wp-image-3821\" srcset=\"https:\/\/blogg.svenskakyrkan.se\/opinion\/files\/2022\/11\/Atahualpa-Morgan-Henao-790x1024.jpeg 790w, https:\/\/blogg.svenskakyrkan.se\/opinion\/files\/2022\/11\/Atahualpa-Morgan-Henao-231x300.jpeg 231w, https:\/\/blogg.svenskakyrkan.se\/opinion\/files\/2022\/11\/Atahualpa-Morgan-Henao-768x995.jpeg 768w, https:\/\/blogg.svenskakyrkan.se\/opinion\/files\/2022\/11\/Atahualpa-Morgan-Henao.jpeg 1165w\" sizes=\"auto, (max-width: 790px) 100vw, 790px\" \/><\/a><figcaption class=\"wp-element-caption\">Biskop Atahualpa, vice-ordf\u00f6rande i utrikesutskottet Morgan Johansson (S) och monsignor Henao.<\/figcaption><\/figure>\n\n\n\n<p>V\u00e5r slutsats \u00e4r att Sveriges strategi f\u00f6r utvecklingssamarbete med Colombia \u00e4r helt i linje med vilka behov som f\u00f6religger och att b\u00e5de Folke Bernadotteakademin, Sida och ambassaden och UD p\u00e5 politisk niv\u00e5 kan spela en st\u00f6rre roll i att st\u00f6dja fredsprocessen i Colombia. Vi hoppas att detta \u00e5terspeglas i bist\u00e5ndsbudgeten, i regleringsbrev och i bes\u00f6k fr\u00e5n regeringen och utrikesutskottet. Sverige har varit och \u00e4r en samarbetspartner f\u00f6r fred. Nu \u00e4r det dags att v\u00e4xla upp ambitionerna.<\/p>\n\n\n\n<p>Sanna Svensson, regional policyr\u00e5dgivare Latinamerika och Asien<br>Eva Ekelund, policychef Act Svenska kyrkan<br><br><\/p>\n","protected":false},"excerpt":{"rendered":"<p>31 oktober tr\u00e4ffade tv\u00e5 kyrkliga f\u00f6retr\u00e4dare fr\u00e5n Colombia utrikesdepartementet, vice-ordf\u00f6rande i riksdagens utrikesutskott, generaldirekt\u00f6r f\u00f6r Folke Bernadotteakademin och Sida f\u00f6r att samtala om de nya fredsf\u00f6rhandlingarna med ELN och vad som kr\u00e4vs f\u00f6r att f\u00f6rhandlingarna ska lyckas. De religi\u00f6sa ledarna \u2013 monsignor Henao fr\u00e5n katolska kyrkan och biskop Atahualpa fr\u00e5n lutherska kyrkan i Colombia &#8211; [&hellip;]<\/p>\n","protected":false},"author":696,"featured_media":3815,"comment_status":"closed","ping_status":"open","sticky":false,"template":"","format":"standard","meta":{"_acf_changed":false,"footnotes":""},"categories":[196476,196451],"tags":[],"class_list":["post-3812","post","type-post","status-publish","format-standard","has-post-thumbnail","hentry","category-colombia-latinamerika","category-fred-och-demokrati-fokusomraden"],"acf":[],"yoast_head":"<!-- This site is optimized with the Yoast SEO plugin v27.1.1 - https:\/\/yoast.com\/product\/yoast-seo-wordpress\/ -->\n<title>Nya fredsf\u00f6rhandlingar med ELN \u2013 Sverige beh\u00f6ver ge st\u00f6d - Opinion<\/title>\n<meta name=\"robots\" content=\"index, follow, max-snippet:-1, max-image-preview:large, max-video-preview:-1\" \/>\n<link rel=\"canonical\" href=\"https:\/\/blogg.svenskakyrkan.se\/opinion\/2022\/11\/03\/nya-fredsforhandlingar-med-eln-sverige-behover-ge-stod\/\" \/>\n<meta property=\"og:locale\" content=\"sv_SE\" \/>\n<meta property=\"og:type\" content=\"article\" \/>\n<meta property=\"og:title\" content=\"Nya fredsf\u00f6rhandlingar med ELN \u2013 Sverige beh\u00f6ver ge st\u00f6d - Opinion\" \/>\n<meta property=\"og:description\" content=\"31 oktober tr\u00e4ffade tv\u00e5 kyrkliga f\u00f6retr\u00e4dare fr\u00e5n Colombia utrikesdepartementet, vice-ordf\u00f6rande i riksdagens utrikesutskott, generaldirekt\u00f6r f\u00f6r Folke Bernadotteakademin och Sida f\u00f6r att samtala om de nya fredsf\u00f6rhandlingarna med ELN och vad som kr\u00e4vs f\u00f6r att f\u00f6rhandlingarna ska lyckas. De religi\u00f6sa ledarna \u2013 monsignor Henao fr\u00e5n katolska kyrkan och biskop Atahualpa fr\u00e5n lutherska kyrkan i Colombia &#8211; [&hellip;]\" \/>\n<meta property=\"og:url\" content=\"https:\/\/blogg.svenskakyrkan.se\/opinion\/2022\/11\/03\/nya-fredsforhandlingar-med-eln-sverige-behover-ge-stod\/\" \/>\n<meta property=\"og:site_name\" content=\"Opinion\" \/>\n<meta property=\"article:published_time\" content=\"2022-11-03T09:28:24+00:00\" \/>\n<meta property=\"article:modified_time\" content=\"2026-04-22T15:44:36+00:00\" \/>\n<meta property=\"og:image\" content=\"http:\/\/blogg.svenskakyrkan.se\/opinion\/files\/2022\/11\/Atahualpa-POF-Henao.jpeg\" \/>\n\t<meta property=\"og:image:width\" content=\"1310\" \/>\n\t<meta property=\"og:image:height\" content=\"1099\" \/>\n\t<meta property=\"og:image:type\" content=\"image\/jpeg\" \/>\n<meta name=\"author\" content=\"Act Svenska kyrkan\" \/>\n<meta name=\"twitter:card\" content=\"summary_large_image\" \/>\n<meta name=\"twitter:label1\" content=\"Skriven av\" \/>\n\t<meta name=\"twitter:data1\" content=\"Act Svenska kyrkan\" \/>\n\t<meta name=\"twitter:label2\" content=\"Ber\u00e4knad l\u00e4stid\" \/>\n\t<meta name=\"twitter:data2\" content=\"3 minuter\" \/>\n<script type=\"application\/ld+json\" class=\"yoast-schema-graph\">{\"@context\":\"https:\/\/schema.org\",\"@graph\":[{\"@type\":\"Article\",\"@id\":\"https:\/\/blogg.svenskakyrkan.se\/opinion\/2022\/11\/03\/nya-fredsforhandlingar-med-eln-sverige-behover-ge-stod\/#article\",\"isPartOf\":{\"@id\":\"https:\/\/blogg.svenskakyrkan.se\/opinion\/2022\/11\/03\/nya-fredsforhandlingar-med-eln-sverige-behover-ge-stod\/\"},\"author\":{\"name\":\"Act Svenska kyrkan\",\"@id\":\"https:\/\/blogg.svenskakyrkan.se\/opinion\/#\/schema\/person\/9bf731c3d4419e86b92c0b4d9f9424fe\"},\"headline\":\"Nya fredsf\u00f6rhandlingar med ELN \u2013 Sverige beh\u00f6ver ge st\u00f6d\",\"datePublished\":\"2022-11-03T09:28:24+00:00\",\"dateModified\":\"2026-04-22T15:44:36+00:00\",\"mainEntityOfPage\":{\"@id\":\"https:\/\/blogg.svenskakyrkan.se\/opinion\/2022\/11\/03\/nya-fredsforhandlingar-med-eln-sverige-behover-ge-stod\/\"},\"wordCount\":655,\"image\":{\"@id\":\"https:\/\/blogg.svenskakyrkan.se\/opinion\/2022\/11\/03\/nya-fredsforhandlingar-med-eln-sverige-behover-ge-stod\/#primaryimage\"},\"thumbnailUrl\":\"https:\/\/blogg.svenskakyrkan.se\/opinion\/files\/2022\/11\/Atahualpa-POF-Henao.jpeg\",\"articleSection\":[\"Colombia\",\"Fred och demokrati\"],\"inLanguage\":\"sv-SE\"},{\"@type\":\"WebPage\",\"@id\":\"https:\/\/blogg.svenskakyrkan.se\/opinion\/2022\/11\/03\/nya-fredsforhandlingar-med-eln-sverige-behover-ge-stod\/\",\"url\":\"https:\/\/blogg.svenskakyrkan.se\/opinion\/2022\/11\/03\/nya-fredsforhandlingar-med-eln-sverige-behover-ge-stod\/\",\"name\":\"Nya fredsf\u00f6rhandlingar med ELN \u2013 Sverige beh\u00f6ver ge st\u00f6d - Opinion\",\"isPartOf\":{\"@id\":\"https:\/\/blogg.svenskakyrkan.se\/opinion\/#website\"},\"primaryImageOfPage\":{\"@id\":\"https:\/\/blogg.svenskakyrkan.se\/opinion\/2022\/11\/03\/nya-fredsforhandlingar-med-eln-sverige-behover-ge-stod\/#primaryimage\"},\"image\":{\"@id\":\"https:\/\/blogg.svenskakyrkan.se\/opinion\/2022\/11\/03\/nya-fredsforhandlingar-med-eln-sverige-behover-ge-stod\/#primaryimage\"},\"thumbnailUrl\":\"https:\/\/blogg.svenskakyrkan.se\/opinion\/files\/2022\/11\/Atahualpa-POF-Henao.jpeg\",\"datePublished\":\"2022-11-03T09:28:24+00:00\",\"dateModified\":\"2026-04-22T15:44:36+00:00\",\"author\":{\"@id\":\"https:\/\/blogg.svenskakyrkan.se\/opinion\/#\/schema\/person\/9bf731c3d4419e86b92c0b4d9f9424fe\"},\"breadcrumb\":{\"@id\":\"https:\/\/blogg.svenskakyrkan.se\/opinion\/2022\/11\/03\/nya-fredsforhandlingar-med-eln-sverige-behover-ge-stod\/#breadcrumb\"},\"inLanguage\":\"sv-SE\",\"potentialAction\":[{\"@type\":\"ReadAction\",\"target\":[\"https:\/\/blogg.svenskakyrkan.se\/opinion\/2022\/11\/03\/nya-fredsforhandlingar-med-eln-sverige-behover-ge-stod\/\"]}]},{\"@type\":\"ImageObject\",\"inLanguage\":\"sv-SE\",\"@id\":\"https:\/\/blogg.svenskakyrkan.se\/opinion\/2022\/11\/03\/nya-fredsforhandlingar-med-eln-sverige-behover-ge-stod\/#primaryimage\",\"url\":\"https:\/\/blogg.svenskakyrkan.se\/opinion\/files\/2022\/11\/Atahualpa-POF-Henao.jpeg\",\"contentUrl\":\"https:\/\/blogg.svenskakyrkan.se\/opinion\/files\/2022\/11\/Atahualpa-POF-Henao.jpeg\",\"width\":1310,\"height\":1099},{\"@type\":\"BreadcrumbList\",\"@id\":\"https:\/\/blogg.svenskakyrkan.se\/opinion\/2022\/11\/03\/nya-fredsforhandlingar-med-eln-sverige-behover-ge-stod\/#breadcrumb\",\"itemListElement\":[{\"@type\":\"ListItem\",\"position\":1,\"name\":\"Hem\",\"item\":\"https:\/\/blogg.svenskakyrkan.se\/opinion\/\"},{\"@type\":\"ListItem\",\"position\":2,\"name\":\"Nya fredsf\u00f6rhandlingar med ELN \u2013 Sverige beh\u00f6ver ge st\u00f6d\"}]},{\"@type\":\"WebSite\",\"@id\":\"https:\/\/blogg.svenskakyrkan.se\/opinion\/#website\",\"url\":\"https:\/\/blogg.svenskakyrkan.se\/opinion\/\",\"name\":\"Opinion\",\"description\":\"Act Svenska kyrkans p\u00e5verkansarbete\",\"potentialAction\":[{\"@type\":\"SearchAction\",\"target\":{\"@type\":\"EntryPoint\",\"urlTemplate\":\"https:\/\/blogg.svenskakyrkan.se\/opinion\/?s={search_term_string}\"},\"query-input\":{\"@type\":\"PropertyValueSpecification\",\"valueRequired\":true,\"valueName\":\"search_term_string\"}}],\"inLanguage\":\"sv-SE\"},{\"@type\":\"Person\",\"@id\":\"https:\/\/blogg.svenskakyrkan.se\/opinion\/#\/schema\/person\/9bf731c3d4419e86b92c0b4d9f9424fe\",\"name\":\"Act Svenska kyrkan\",\"image\":{\"@type\":\"ImageObject\",\"inLanguage\":\"sv-SE\",\"@id\":\"https:\/\/blogg.svenskakyrkan.se\/opinion\/#\/schema\/person\/image\/\",\"url\":\"https:\/\/secure.gravatar.com\/avatar\/dad841196686727e2ffedb0188c265e5bdf1c43732884cfd19099c46d7f62f68?s=96&d=mm&r=g\",\"contentUrl\":\"https:\/\/secure.gravatar.com\/avatar\/dad841196686727e2ffedb0188c265e5bdf1c43732884cfd19099c46d7f62f68?s=96&d=mm&r=g\",\"caption\":\"Act Svenska kyrkan\"},\"url\":\"https:\/\/blogg.svenskakyrkan.se\/opinion\/author\/intkom\/\"}]}<\/script>\n<!-- \/ Yoast SEO plugin. -->","yoast_head_json":{"title":"Nya fredsf\u00f6rhandlingar med ELN \u2013 Sverige beh\u00f6ver ge st\u00f6d - Opinion","robots":{"index":"index","follow":"follow","max-snippet":"max-snippet:-1","max-image-preview":"max-image-preview:large","max-video-preview":"max-video-preview:-1"},"canonical":"https:\/\/blogg.svenskakyrkan.se\/opinion\/2022\/11\/03\/nya-fredsforhandlingar-med-eln-sverige-behover-ge-stod\/","og_locale":"sv_SE","og_type":"article","og_title":"Nya fredsf\u00f6rhandlingar med ELN \u2013 Sverige beh\u00f6ver ge st\u00f6d - Opinion","og_description":"31 oktober tr\u00e4ffade tv\u00e5 kyrkliga f\u00f6retr\u00e4dare fr\u00e5n Colombia utrikesdepartementet, vice-ordf\u00f6rande i riksdagens utrikesutskott, generaldirekt\u00f6r f\u00f6r Folke Bernadotteakademin och Sida f\u00f6r att samtala om de nya fredsf\u00f6rhandlingarna med ELN och vad som kr\u00e4vs f\u00f6r att f\u00f6rhandlingarna ska lyckas. De religi\u00f6sa ledarna \u2013 monsignor Henao fr\u00e5n katolska kyrkan och biskop Atahualpa fr\u00e5n lutherska kyrkan i Colombia &#8211; [&hellip;]","og_url":"https:\/\/blogg.svenskakyrkan.se\/opinion\/2022\/11\/03\/nya-fredsforhandlingar-med-eln-sverige-behover-ge-stod\/","og_site_name":"Opinion","article_published_time":"2022-11-03T09:28:24+00:00","article_modified_time":"2026-04-22T15:44:36+00:00","og_image":[{"width":1310,"height":1099,"url":"http:\/\/blogg.svenskakyrkan.se\/opinion\/files\/2022\/11\/Atahualpa-POF-Henao.jpeg","type":"image\/jpeg"}],"author":"Act Svenska kyrkan","twitter_card":"summary_large_image","twitter_misc":{"Skriven av":"Act Svenska kyrkan","Ber\u00e4knad l\u00e4stid":"3 minuter"},"schema":{"@context":"https:\/\/schema.org","@graph":[{"@type":"Article","@id":"https:\/\/blogg.svenskakyrkan.se\/opinion\/2022\/11\/03\/nya-fredsforhandlingar-med-eln-sverige-behover-ge-stod\/#article","isPartOf":{"@id":"https:\/\/blogg.svenskakyrkan.se\/opinion\/2022\/11\/03\/nya-fredsforhandlingar-med-eln-sverige-behover-ge-stod\/"},"author":{"name":"Act Svenska kyrkan","@id":"https:\/\/blogg.svenskakyrkan.se\/opinion\/#\/schema\/person\/9bf731c3d4419e86b92c0b4d9f9424fe"},"headline":"Nya fredsf\u00f6rhandlingar med ELN \u2013 Sverige beh\u00f6ver ge st\u00f6d","datePublished":"2022-11-03T09:28:24+00:00","dateModified":"2026-04-22T15:44:36+00:00","mainEntityOfPage":{"@id":"https:\/\/blogg.svenskakyrkan.se\/opinion\/2022\/11\/03\/nya-fredsforhandlingar-med-eln-sverige-behover-ge-stod\/"},"wordCount":655,"image":{"@id":"https:\/\/blogg.svenskakyrkan.se\/opinion\/2022\/11\/03\/nya-fredsforhandlingar-med-eln-sverige-behover-ge-stod\/#primaryimage"},"thumbnailUrl":"https:\/\/blogg.svenskakyrkan.se\/opinion\/files\/2022\/11\/Atahualpa-POF-Henao.jpeg","articleSection":["Colombia","Fred och demokrati"],"inLanguage":"sv-SE"},{"@type":"WebPage","@id":"https:\/\/blogg.svenskakyrkan.se\/opinion\/2022\/11\/03\/nya-fredsforhandlingar-med-eln-sverige-behover-ge-stod\/","url":"https:\/\/blogg.svenskakyrkan.se\/opinion\/2022\/11\/03\/nya-fredsforhandlingar-med-eln-sverige-behover-ge-stod\/","name":"Nya fredsf\u00f6rhandlingar med ELN \u2013 Sverige beh\u00f6ver ge st\u00f6d - Opinion","isPartOf":{"@id":"https:\/\/blogg.svenskakyrkan.se\/opinion\/#website"},"primaryImageOfPage":{"@id":"https:\/\/blogg.svenskakyrkan.se\/opinion\/2022\/11\/03\/nya-fredsforhandlingar-med-eln-sverige-behover-ge-stod\/#primaryimage"},"image":{"@id":"https:\/\/blogg.svenskakyrkan.se\/opinion\/2022\/11\/03\/nya-fredsforhandlingar-med-eln-sverige-behover-ge-stod\/#primaryimage"},"thumbnailUrl":"https:\/\/blogg.svenskakyrkan.se\/opinion\/files\/2022\/11\/Atahualpa-POF-Henao.jpeg","datePublished":"2022-11-03T09:28:24+00:00","dateModified":"2026-04-22T15:44:36+00:00","author":{"@id":"https:\/\/blogg.svenskakyrkan.se\/opinion\/#\/schema\/person\/9bf731c3d4419e86b92c0b4d9f9424fe"},"breadcrumb":{"@id":"https:\/\/blogg.svenskakyrkan.se\/opinion\/2022\/11\/03\/nya-fredsforhandlingar-med-eln-sverige-behover-ge-stod\/#breadcrumb"},"inLanguage":"sv-SE","potentialAction":[{"@type":"ReadAction","target":["https:\/\/blogg.svenskakyrkan.se\/opinion\/2022\/11\/03\/nya-fredsforhandlingar-med-eln-sverige-behover-ge-stod\/"]}]},{"@type":"ImageObject","inLanguage":"sv-SE","@id":"https:\/\/blogg.svenskakyrkan.se\/opinion\/2022\/11\/03\/nya-fredsforhandlingar-med-eln-sverige-behover-ge-stod\/#primaryimage","url":"https:\/\/blogg.svenskakyrkan.se\/opinion\/files\/2022\/11\/Atahualpa-POF-Henao.jpeg","contentUrl":"https:\/\/blogg.svenskakyrkan.se\/opinion\/files\/2022\/11\/Atahualpa-POF-Henao.jpeg","width":1310,"height":1099},{"@type":"BreadcrumbList","@id":"https:\/\/blogg.svenskakyrkan.se\/opinion\/2022\/11\/03\/nya-fredsforhandlingar-med-eln-sverige-behover-ge-stod\/#breadcrumb","itemListElement":[{"@type":"ListItem","position":1,"name":"Hem","item":"https:\/\/blogg.svenskakyrkan.se\/opinion\/"},{"@type":"ListItem","position":2,"name":"Nya fredsf\u00f6rhandlingar med ELN \u2013 Sverige beh\u00f6ver ge st\u00f6d"}]},{"@type":"WebSite","@id":"https:\/\/blogg.svenskakyrkan.se\/opinion\/#website","url":"https:\/\/blogg.svenskakyrkan.se\/opinion\/","name":"Opinion","description":"Act Svenska kyrkans p\u00e5verkansarbete","potentialAction":[{"@type":"SearchAction","target":{"@type":"EntryPoint","urlTemplate":"https:\/\/blogg.svenskakyrkan.se\/opinion\/?s={search_term_string}"},"query-input":{"@type":"PropertyValueSpecification","valueRequired":true,"valueName":"search_term_string"}}],"inLanguage":"sv-SE"},{"@type":"Person","@id":"https:\/\/blogg.svenskakyrkan.se\/opinion\/#\/schema\/person\/9bf731c3d4419e86b92c0b4d9f9424fe","name":"Act Svenska kyrkan","image":{"@type":"ImageObject","inLanguage":"sv-SE","@id":"https:\/\/blogg.svenskakyrkan.se\/opinion\/#\/schema\/person\/image\/","url":"https:\/\/secure.gravatar.com\/avatar\/dad841196686727e2ffedb0188c265e5bdf1c43732884cfd19099c46d7f62f68?s=96&d=mm&r=g","contentUrl":"https:\/\/secure.gravatar.com\/avatar\/dad841196686727e2ffedb0188c265e5bdf1c43732884cfd19099c46d7f62f68?s=96&d=mm&r=g","caption":"Act Svenska kyrkan"},"url":"https:\/\/blogg.svenskakyrkan.se\/opinion\/author\/intkom\/"}]}},"author_meta":{"ID":"696","user_nicename":"intkom","user_registered":"2019-02-06 08:14:30","display_name":"Act Svenska kyrkan","first_name":"Act Svenska kyrkan","last_name":"Redakt\u00f6r","avatar":"https:\/\/secure.gravatar.com\/avatar\/dad841196686727e2ffedb0188c265e5bdf1c43732884cfd19099c46d7f62f68?s=96&d=mm&r=g"},"featured_image":["https:\/\/blogg.svenskakyrkan.se\/opinion\/files\/2022\/11\/Atahualpa-POF-Henao-1024x859.jpeg",1024,859,true],"bloginfo":{"name":"Opinion","url":"https:\/\/blogg.svenskakyrkan.se\/opinion"},"_links":{"self":[{"href":"https:\/\/blogg.svenskakyrkan.se\/opinion\/wp-json\/wp\/v2\/posts\/3812","targetHints":{"allow":["GET"]}}],"collection":[{"href":"https:\/\/blogg.svenskakyrkan.se\/opinion\/wp-json\/wp\/v2\/posts"}],"about":[{"href":"https:\/\/blogg.svenskakyrkan.se\/opinion\/wp-json\/wp\/v2\/types\/post"}],"author":[{"embeddable":true,"href":"https:\/\/blogg.svenskakyrkan.se\/opinion\/wp-json\/wp\/v2\/users\/696"}],"replies":[{"embeddable":true,"href":"https:\/\/blogg.svenskakyrkan.se\/opinion\/wp-json\/wp\/v2\/comments?post=3812"}],"version-history":[{"count":15,"href":"https:\/\/blogg.svenskakyrkan.se\/opinion\/wp-json\/wp\/v2\/posts\/3812\/revisions"}],"predecessor-version":[{"id":4544,"href":"https:\/\/blogg.svenskakyrkan.se\/opinion\/wp-json\/wp\/v2\/posts\/3812\/revisions\/4544"}],"wp:featuredmedia":[{"embeddable":true,"href":"https:\/\/blogg.svenskakyrkan.se\/opinion\/wp-json\/wp\/v2\/media\/3815"}],"wp:attachment":[{"href":"https:\/\/blogg.svenskakyrkan.se\/opinion\/wp-json\/wp\/v2\/media?parent=3812"}],"wp:term":[{"taxonomy":"category","embeddable":true,"href":"https:\/\/blogg.svenskakyrkan.se\/opinion\/wp-json\/wp\/v2\/categories?post=3812"},{"taxonomy":"post_tag","embeddable":true,"href":"https:\/\/blogg.svenskakyrkan.se\/opinion\/wp-json\/wp\/v2\/tags?post=3812"}],"curies":[{"name":"wp","href":"https:\/\/api.w.org\/{rel}","templated":true}]}}